{"id":6188,"date":"2026-01-16T18:00:09","date_gmt":"2026-01-16T21:00:09","guid":{"rendered":"https:\/\/www.encontrapiracicaba.com.br\/guia\/carlos-botelho-avenida-nasceu-ha-120-anos-para-levar-piracicaba-a-esalq\/"},"modified":"2026-01-16T18:00:09","modified_gmt":"2026-01-16T21:00:09","slug":"carlos-botelho-avenida-nasceu-ha-120-anos-para-levar-piracicaba-a-esalq","status":"publish","type":"post","link":"https:\/\/www.encontrapiracicaba.com.br\/guia\/carlos-botelho-avenida-nasceu-ha-120-anos-para-levar-piracicaba-a-esalq\/","title":{"rendered":"Carlos Botelho: avenida nasceu h\u00e1 120 anos para levar Piracicaba \u00e0 Esalq"},"content":{"rendered":"<h2>Hist\u00f3ria da Avenida Carlos Botelho<\/h2>\n<p>A Avenida Carlos Botelho, localizada em Piracicaba, \u00e9 um importante marco hist\u00f3rico e cultural da cidade. Sua origem remonta ao in\u00edcio do s\u00e9culo XX, especificamente em 1905, quando foi oficialmente aberta para facilitar o acesso \u00e0 Escola Agr\u00edcola Luiz de Queiroz (Esalq). A necessidade de uma via que conectasse a cidade \u00e0 escola surgiu com a crescente demanda por educa\u00e7\u00e3o agr\u00edcola, refletindo o movimento de valoriza\u00e7\u00e3o da agricultura na \u00e9poca. Os registros oficiais mostram que a C\u00e2mara Municipal de Piracicaba aprovou a constru\u00e7\u00e3o da avenida em uma sess\u00e3o que evidenciou o envolvimento do ent\u00e3o secret\u00e1rio de Agricultura, Carlos Botelho. Este link entre a avenida e a figura de Carlos Botelho \u00e9 fundamental, pois ele foi um dos principais respons\u00e1veis pela expans\u00e3o e aprimoramento das instala\u00e7\u00f5es da Esalq.<\/p>\n<p>A escola, inicialmente concebida como uma faculdade t\u00e9cnica agr\u00edcola, precisava de uma estrutura vi\u00e1ria que atendesse ao aumento de estudantes e professores, que se deslocavam para as aulas. A abertura da avenida n\u00e3o apenas facilitou o acesso, mas tamb\u00e9m simbolizou o crescimento e a moderniza\u00e7\u00e3o da cidade. Desde sua inaugura\u00e7\u00e3o, a Avenida Carlos Botelho passou a ser um importante eixo de liga\u00e7\u00e3o entre o centro urbano e a universidade, al\u00e9m de ser um ponto vital para a expans\u00e3o do com\u00e9rcio local.<\/p>\n<p>Com o passar dos anos, a avenida passou por diversas transforma\u00e7\u00f5es que refletem as mudan\u00e7as sociais e econ\u00f4micas de Piracicaba. Nos primeiros anos, seu entorno era quase rural, com uma infraestrutura b\u00e1sica e limitada. Contudo, \u00e0 medida que a Esalq se consolidava como uma refer\u00eancia educacional no Brasil, a avenida come\u00e7ou a ser urbanizada, com a instala\u00e7\u00e3o de bares, restaurantes e estabelecimentos comerciais, at\u00e9 se tornar o centro comercial pulsante que conhecemos hoje.<\/p>\n<p><img decoding=\"async\" src=\"https:\/\/www.encontrapiracicaba.com.br\/guia\/wp-content\/uploads\/2026\/01\/carlos-botelho-avenida-nasceu-ha-120-anos-para-levar-piracicaba-a-esalq.webp\" alt=\"Avenida Carlos Botelho\" loading=\"lazy\" \/><\/p>\n<h2>Documentos Hist\u00f3ricos e Legisla\u00e7\u00f5es<\/h2>\n<p>Os documentos hist\u00f3ricos que registram a constru\u00e7\u00e3o da Avenida Carlos Botelho s\u00e3o fundamentais para entender a evolu\u00e7\u00e3o da legisla\u00e7\u00e3o em Piracicaba. As atas da C\u00e2mara Municipal, por exemplo, revelam v\u00e1rios momentos importantes da hist\u00f3ria legislativa da cidade, mostrando como as decis\u00f5es haviam um impacto direto na vida dos cidad\u00e3os. Um dos documentos mais significativos \u00e9 a ata da sess\u00e3o de 6 de fevereiro de 1905, que tratou da abertura da nova via. Este registro revela a determina\u00e7\u00e3o da C\u00e2mara em atender \u00e0 demanda de crescimento da popula\u00e7\u00e3o e a liga\u00e7\u00e3o com a educa\u00e7\u00e3o, simbolizada pela abertura da avenida.<\/p>\n<p>Al\u00e9m disso, a proposta da constru\u00e7\u00e3o de uma linha de bonde que passaria pela nova via \u00e9 um reflexo do desejo de moderniza\u00e7\u00e3o da cidade. O registro documental, que foi apresentado pelo vereador da \u00e9poca, Fernando Febeliano da Costa, enfatiza o apoio governamental e a parceria entre a C\u00e2mara e o Estado. Esse tipo de colabora\u00e7\u00e3o \u00e9 exemplificado em v\u00e1rias cl\u00e1usulas da legisla\u00e7\u00e3o municipal, que destaca a import\u00e2ncia do di\u00e1logo entre as entidades governamentais para a realiza\u00e7\u00e3o de obras que beneficiassem a comunidade.<\/p>\n<p>A concess\u00e3o do nome de Carlos Botelho \u00e0 avenida foi uma homenagem ao papel fundamental que o secret\u00e1rio de Agricultura desempenhou na educa\u00e7\u00e3o agr\u00edcola da regi\u00e3o. As resolu\u00e7\u00f5es e leis que cercaram esta decis\u00e3o demonstram o apre\u00e7o da popula\u00e7\u00e3o e dos legisladores pela sua contribui\u00e7\u00e3o efetiva ao munic\u00edpio, traduzindo-se n\u00e3o somente em reconhecimento, mas tamb\u00e9m em um legado educacional que perdura at\u00e9 hoje.<\/p>\n<h2>O Papel de Carlos Botelho na Educa\u00e7\u00e3o<\/h2>\n<p>Carlos Botelho foi uma personalidade de destaque na hist\u00f3ria de Piracicaba e sua atua\u00e7\u00e3o na educa\u00e7\u00e3o agr\u00edcola foi crucial para o desenvolvimento do setor agr\u00edcola no Brasil. Como secret\u00e1rio de Agricultura, ele vislumbrava a import\u00e2ncia de oferecer uma educa\u00e7\u00e3o qualificada para os agricultores e interessados na \u00e1rea. Foi respons\u00e1vel por diversas iniciativas que alavancaram a estrutura da Escola Agr\u00edcola Luiz de Queiroz, que mais tarde se tornaria a renomada Esalq.<\/p>\n<p>Al\u00e9m de contribuir para a constru\u00e7\u00e3o da infraestrutura da escola, Carlos Botelho implantou programas que inclu\u00edam desde a cria\u00e7\u00e3o de postos zoot\u00e9cnicos at\u00e9 a instala\u00e7\u00e3o de oficinas que ofereciam forma\u00e7\u00e3o pr\u00e1tica aos alunos. Esses esfor\u00e7os refletiam seu compromisso em transformar a educa\u00e7\u00e3o agr\u00edcola em um instrumento de desenvolvimento para a regi\u00e3o. Ele n\u00e3o apenas acreditava na educa\u00e7\u00e3o como um meio de melhorar a produtividade agr\u00edcola, mas tamb\u00e9m na capacita\u00e7\u00e3o da m\u00e3o de obra rural e no fortalecimento da identidade cultural do campo.<\/p>\n<p>O legado de Carlos Botelho na educa\u00e7\u00e3o pode ser observado at\u00e9 os dias de hoje. A Esalq, que hoje \u00e9 uma das institui\u00e7\u00f5es mais respeitadas no Brasil e no mundo na \u00e1rea de ci\u00eancias agr\u00e1rias, continua a formar profissionais que desempenham pap\u00e9is significativos no desenvolvimento agr\u00edcola nacional e internacional. Assim, a Avenida Carlos Botelho n\u00e3o \u00e9 apenas uma via de acesso, mas um s\u00edmbolo da vis\u00e3o de um homem que acreditou que a educa\u00e7\u00e3o poderia transformar a sociedade.<\/p>\n<h2>Transforma\u00e7\u00f5es Urbanas ao Longo das D\u00e9cadas<\/h2>\n<p>A Avenida Carlos Botelho n\u00e3o \u00e9 apenas uma via de tr\u00e1fego; ela \u00e9 um reflexo das transforma\u00e7\u00f5es urbanas que a cidade de Piracicaba vivenciou ao longo das d\u00e9cadas. No in\u00edcio do s\u00e9culo XX, a avenida servia como uma conex\u00e3o simples entre a cidade e a Esalq, com poucos estabelecimentos ao longo de seu percurso. Contudo, a combina\u00e7\u00e3o do desenvolvimento da escola com o crescimento urbano da regi\u00e3o resultou em significativas mudan\u00e7as na estrutura e no entorno da avenida.<\/p>\n<p>Nos anos 1920 e 1930, a avenida come\u00e7ou a se tornar um mini centro comercial com a instala\u00e7\u00e3o de caf\u00e9s, armaz\u00e9ns e outras pequenas lojas. Este desenvolvimento n\u00e3o s\u00f3 atendeu a demanda dos novos moradores, que se estabeleciam nas proximidades da Esalq, mas tamb\u00e9m come\u00e7ou a atrair visitantes que buscavam as variedades oferecidas no com\u00e9rcio. Com o passar dos anos, a din\u00e2mica da regi\u00e3o foi se intensificando, trazendo novos tipos de com\u00e9rcio e servi\u00e7os.<\/p>\n<p>Na d\u00e9cada de 1960, a Avenida Carlos Botelho passou por uma urbaniza\u00e7\u00e3o mais intensa, com a implanta\u00e7\u00e3o de cal\u00e7adas, postes de ilumina\u00e7\u00e3o e sinaliza\u00e7\u00e3o. Essas melhorias proporcionaram uma nova abordagem para o tr\u00e1fego e para a est\u00e9tica da avenida. A via tornou-se mais acess\u00edvel, tanto para pedestres quanto para motoristas, ao mesmo tempo em que abrigava um com\u00e9rcio cada vez mais diversificado, refletindo a prosperidade da cidade e a mudan\u00e7a no perfil de seus habitantes.<\/p>\n<p>Nos \u00faltimos anos, a Avenida Carlos Botelho passou a receber investimentos em revitaliza\u00e7\u00e3o e melhorias de infraestrutura, com foco em sustentabilidade e acessibilidade. Essas transforma\u00e7\u00f5es t\u00eam como objetivo n\u00e3o apenas preservar a hist\u00f3ria da avenida, mas tamb\u00e9m garantir que ela continue a servir como uma importante art\u00e9ria do com\u00e9rcio e do transporte, adaptando-se \u00e0s necessidades de uma popula\u00e7\u00e3o crescente e diversificada.<\/p>\n<h2>A Import\u00e2ncia da Esalq para a Regi\u00e3o<\/h2>\n<p>A Esalq (Escola Superior de Agricultura Luiz de Queiroz) \u00e9 uma das principais institui\u00e7\u00f5es de ensino e pesquisa no Brasil, especialmente nas \u00e1reas de ci\u00eancias agr\u00e1rias. Desde a sua funda\u00e7\u00e3o, a escola teve um impacto significativo n\u00e3o apenas na forma\u00e7\u00e3o de profissionais qualificados, mas tamb\u00e9m no desenvolvimento tecnol\u00f3gico e cient\u00edfico do setor agr\u00edcola do pa\u00eds. A proximidade da Esalq com a Avenida Carlos Botelho refor\u00e7a a import\u00e2ncia desta via na integra\u00e7\u00e3o da cidade com a educa\u00e7\u00e3o e pesquisa agr\u00edcola.<\/p>\n<p>O papel da Esalq vai al\u00e9m da forma\u00e7\u00e3o acad\u00eamica, pois ela se tornou um centro de inova\u00e7\u00e3o e pr\u00e1tica agr\u00edcola, desenvolvendo projetos e pesquisas que s\u00e3o refer\u00eancia nacional e internacional. Os estudantes e professores da escola participam de v\u00e1rias iniciativas que beneficiam diretamente a comunidade local e regional, promovendo pr\u00e1ticas sustent\u00e1veis e de preserva\u00e7\u00e3o do meio ambiente.<\/p>\n<p>A presen\u00e7a da Esalq na Avenida Carlos Botelho tamb\u00e9m estimula o com\u00e9rcio local e o desenvolvimento econ\u00f4mico da regi\u00e3o. Com a movimenta\u00e7\u00e3o constante de alunos, professores e visitantes, uma gama de servi\u00e7os e com\u00e9rcios se instalaram ao longo da avenida, enriquecendo a oferta e a experi\u00eancia de quem frequenta a \u00e1rea. A rela\u00e7\u00e3o simbi\u00f3tica entre a Esalq e a Avenida Carlos Botelho exemplifica como a educa\u00e7\u00e3o e o com\u00e9rcio podem coexistir e se fortalecer mutuamente, contribuindo para um desenvolvimento sustent\u00e1vel e integrado.<\/p>\n<h2>Eventos e Homenagens ao Longo dos Anos<\/h2>\n<p>A Avenida Carlos Botelho \u00e9 palco de v\u00e1rias atividades e eventos que t\u00eam como objetivo celebrar a hist\u00f3ria e a cultura de Piracicaba. Desde sua inaugura\u00e7\u00e3o, a avenida tem sido o cen\u00e1rio de homenagens n\u00e3o apenas a Carlos Botelho, mas tamb\u00e9m a diversas personalidades que ajudaram a moldar a cidade e a regi\u00e3o. Anualmente, a Avenida Carlos Botelho recebe eventos, feiras e atividades culturais que atraem a comunidade e celebram a diversidade da cidade.<\/p>\n<p>O anivers\u00e1rio da Esalq, por exemplo, \u00e9 frequentemente comemorado com eventos que se estendem pela avenida, envolvendo a participa\u00e7\u00e3o de alunos, ex-alunos e a comunidade, ressaltando a import\u00e2ncia da educa\u00e7\u00e3o agr\u00edcola. Essas festividades n\u00e3o apenas homenageiam a hist\u00f3ria da escola, mas tamb\u00e9m promovem o interc\u00e2mbio de conhecimento e aprofundamento da cultura agr\u00edcola entre os participantes.<\/p>\n<p>Homenagens a Carlos Botelho ocorrem em eventos que ressaltam o legado do educador e pol\u00edtico, destacando suas contribui\u00e7\u00f5es \u00e0 educa\u00e7\u00e3o e ao desenvolvimento agr\u00edcola. Iniciativas de resgate hist\u00f3rico e cultural, al\u00e9m de discuss\u00f5es sobre o futuro da agricultura, fazem parte dessas celebra\u00e7\u00f5es. A avenida, portanto, se torna um espa\u00e7o de intera\u00e7\u00e3o, aprendizado e mem\u00f3ria, sublinhando seu papel central na vida da cidade.<\/p>\n<h2>Rela\u00e7\u00e3o da Avenida com o Com\u00e9rcio Local<\/h2>\n<p>A Avenida Carlos Botelho desempenha uma fun\u00e7\u00e3o vital na atividade comercial de Piracicaba. Sua localiza\u00e7\u00e3o estrat\u00e9gica a torna um ponto de passagem e um centro de encontros tanto para moradores quanto para visitantes. Ao longo da avenida, pode-se encontrar uma diversidade de estabelecimentos, desde restaurantes e cafeterias at\u00e9 lojas de roupas e servi\u00e7os diversos, tornando-a uma via vibrante e movimentada.<\/p>\n<p>A presen\u00e7a da Esalq, com seu grande fluxo de estudantes e professores, proporciona um impacto econ\u00f4mico significativo, sustentando a variedade de neg\u00f3cios que se estabeleceram ao longo da avenida. Os comerciantes muitas vezes se adaptaram \u00e0s necessidades dos frequentadores, criando um ambiente comercial din\u00e2mico que favorece a intera\u00e7\u00e3o e a troca cultural. <\/p>\n<p>Al\u00e9m disso, a Avenida Carlos Botelho \u00e9 frequentemente o local de eventos de promo\u00e7\u00e3o ao com\u00e9rcio, como feiras e festivais que celebram a cultura local, atraindo um p\u00fablico ainda maior. Essas iniciativas n\u00e3o apenas beneficiam os neg\u00f3cios, mas tamb\u00e9m fortalecem a identidade comunit\u00e1ria e promovem a valoriza\u00e7\u00e3o do espa\u00e7o p\u00fablico, transformando a avenida em um ponto de encontro e sociabilidade.<\/p>\n<h2>Mem\u00f3rias e Cultura na Avenida Carlos Botelho<\/h2>\n<p>As mem\u00f3rias associadas \u00e0 Avenida Carlos Botelho s\u00e3o parte integrante da identidade de Piracicaba. A cada esquina da avenida h\u00e1 hist\u00f3rias que refletem a trajet\u00f3ria da cidade e os la\u00e7os que unem seus habitantes. Constru\u00edda em um per\u00edodo de grande transforma\u00e7\u00e3o, a avenida guarda reminisc\u00eancias dos avan\u00e7os e desafios enfrentados pela comunidade, \u00e9 uma verdadeira vitrine da evolu\u00e7\u00e3o social e cultural da cidade.<\/p>\n<p>A cultura popular tamb\u00e9m se manifesta na avenida atrav\u00e9s de diversas express\u00f5es art\u00edsticas, como murais, apresenta\u00e7\u00f5es musicais e eventos culturais que envolvem a participa\u00e7\u00e3o de artistas locais. Estas manifesta\u00e7\u00f5es enriquecem n\u00e3o apenas a est\u00e9tica da via, mas tamb\u00e9m contribuem para um sentimento de pertencimento e identidade.  \u00c0 medida que novos eventos s\u00e3o organizados, as mem\u00f3rias coletivas da Avenida Carlos Botelho continuam a ser multiplicadas, solidificando sua import\u00e2ncia cultural e social na regi\u00e3o.<\/p>\n<p>O registro de eventos hist\u00f3ricos, como a realiza\u00e7\u00e3o de festividades da agricultura ou as feiras de ado\u00e7\u00e3o de animais, refletem o compromisso da comunidade em celebrar sua hist\u00f3ria. Publique-se, portanto, uma narrativa que n\u00e3o s\u00f3 respeita o passado, mas tamb\u00e9m se projeta para o futuro, criando espa\u00e7o para novas mem\u00f3rias que perpassam pelas gera\u00e7\u00f5es.<\/p>\n<h2>Desafios e Melhorias na Estrutura Vi\u00e1ria<\/h2>\n<p>Como uma das principais vias de Piracicaba, a Avenida Carlos Botelho enfrenta desafios comuns a \u00e1reas urbanas densamente ocupadas. O aumento do tr\u00e1fego, a necessidade de melhorias na infraestrutura e a demanda por seguran\u00e7a no tr\u00e2nsito exigem aten\u00e7\u00e3o cont\u00ednua das autoridades municipais. Ao longo dos anos, iniciativas para a revitaliza\u00e7\u00e3o e moderniza\u00e7\u00e3o da avenida t\u00eam sido implementadas, buscando oferecer um ambiente mais seguro e acess\u00edvel a todos os usu\u00e1rios.<\/p>\n<p>A adequa\u00e7\u00e3o de cal\u00e7adas, a amplia\u00e7\u00e3o de ciclovias e a implementa\u00e7\u00e3o de sinaliza\u00e7\u00e3o adequada s\u00e3o apenas algumas das melhorias que t\u00eam sido discutidas e, em muitas situa\u00e7\u00f5es, j\u00e1 realizadas. Essas altera\u00e7\u00f5es visam promover um tr\u00e2nsito mais fluido e seguro para pedestres e motoristas, al\u00e9m de incentivar o uso de transportes alternativos, como bicicletas.<\/p>\n<p>A escuta da comunidade \u00e9 essencial para o planejamento de melhorias na avenida. A participa\u00e7\u00e3o cidad\u00e3 em audi\u00eancias p\u00fablicas e debates contribui para que as propostas atendam \u00e0s necessidades reais de quem transita pela via diariamente. A Avenida Carlos Botelho, portanto, \u00e9 um espa\u00e7o em constante evolu\u00e7\u00e3o, que deve se adaptar \u00e0s novas realidades urbanas e se manter como um componente fundamental no cotidiano da popula\u00e7\u00e3o piracicabana.<\/p>\n<h2>Perspectivas Futuras para a Avenida Carlos Botelho<\/h2>\n<p>O futuro da Avenida Carlos Botelho est\u00e1 intrinsecamente ligado \u00e0s transforma\u00e7\u00f5es sociais, econ\u00f4micas e ambientais da cidade de Piracicaba. O desafio das administra\u00e7\u00f5es municipais \u00e9, portanto, promover uma urbaniza\u00e7\u00e3o sustent\u00e1vel que respeite a hist\u00f3ria e as necessidades da comunidade. As perspectivas incluem um cont\u00ednuo investimento na infraestrutura da avenida, assim como a implementa\u00e7\u00e3o de projetos que visem \u00e0 preserva\u00e7\u00e3o do patrim\u00f4nio hist\u00f3rico e cultural, garantindo que a identidade da via seja mantida.<\/p>\n<p>A Avenida Carlos Botelho tem o potencial de se tornar um espa\u00e7o de m\u00faltiplas intera\u00e7\u00f5es, onde a educa\u00e7\u00e3o, o com\u00e9rcio, a cultura e o lazer se encontram. Iniciativas que promovam a sustentabilidade e a transforma\u00e7\u00e3o social, como projetos de jardins urbanos e espa\u00e7os de conviv\u00eancia, poder\u00e3o ser cada vez mais implementadas, visando a qualidade de vida dos cidad\u00e3os e a prote\u00e7\u00e3o do meio ambiente.<\/p>\n<p>Por fim, a Avenida Carlos Botelho, mais do que uma simples via de acesso, pode se consolidar como um verdadeiro s\u00edmbolo da uni\u00e3o entre tradi\u00e7\u00e3o e modernidade, entre a educacionalidade e o com\u00e9rcio. As a\u00e7\u00f5es para o futuro devem ser embasadas em propostas que garantam o desenvolvimento permanente e sustent\u00e1vel da comunidade piracicabana, preservando tamb\u00e9m as mem\u00f3rias e identidades que fazem parte de sua hist\u00f3ria.<\/p>\n","protected":false},"excerpt":{"rendered":"<p>Avenida Carlos Botelho: conhe\u00e7a sua import\u00e2ncia e trajet\u00f3ria em Piracicaba em 120 anos.<\/p>\n","protected":false},"author":1,"featured_media":6187,"comment_status":"open","ping_status":"open","sticky":false,"template":"","format":"standard","meta":{"footnotes":""},"categories":[5],"tags":[],"class_list":["post-6188","post","type-post","status-publish","format-standard","has-post-thumbnail","hentry","category-noticias","has_thumb"],"yoast_head":"<!-- This site is optimized with the Yoast SEO plugin v26.5 - https:\/\/yoast.com\/wordpress\/plugins\/seo\/ -->\n<title>Carlos Botelho: avenida nasceu h\u00e1 120 anos para levar Piracicaba \u00e0 Esalq | Guia Comercial de Piracicaba SP<\/title>\n<meta name=\"robots\" content=\"index, follow, max-snippet:-1, max-image-preview:large, max-video-preview:-1\" \/>\n<link rel=\"canonical\" href=\"https:\/\/www.encontrapiracicaba.com.br\/guia\/carlos-botelho-avenida-nasceu-ha-120-anos-para-levar-piracicaba-a-esalq\/\" \/>\n<meta property=\"og:locale\" content=\"pt_BR\" \/>\n<meta property=\"og:type\" content=\"article\" \/>\n<meta property=\"og:title\" content=\"Carlos Botelho: avenida nasceu h\u00e1 120 anos para levar Piracicaba \u00e0 Esalq | Guia Comercial de Piracicaba SP\" \/>\n<meta property=\"og:description\" content=\"Avenida Carlos Botelho: conhe\u00e7a sua import\u00e2ncia e trajet\u00f3ria em Piracicaba em 120 anos.\" \/>\n<meta property=\"og:url\" content=\"https:\/\/www.encontrapiracicaba.com.br\/guia\/carlos-botelho-avenida-nasceu-ha-120-anos-para-levar-piracicaba-a-esalq\/\" \/>\n<meta property=\"og:site_name\" content=\"Guia Comercial de Piracicaba SP\" \/>\n<meta property=\"article:published_time\" content=\"2026-01-16T21:00:09+00:00\" \/>\n<meta property=\"og:image\" content=\"https:\/\/www.encontrapiracicaba.com.br\/guia\/wp-content\/uploads\/2026\/01\/carlos-botelho-avenida-nasceu-ha-120-anos-para-levar-piracicaba-a-esalq.webp\" \/>\n<meta name=\"author\" content=\"Encontra Piracicaba\" \/>\n<meta name=\"twitter:card\" content=\"summary_large_image\" \/>\n<meta name=\"twitter:label1\" content=\"Escrito por\" \/>\n\t<meta name=\"twitter:data1\" content=\"Encontra Piracicaba\" \/>\n\t<meta name=\"twitter:label2\" content=\"Est. tempo de leitura\" \/>\n\t<meta name=\"twitter:data2\" content=\"13 minutos\" \/>\n<script type=\"application\/ld+json\" class=\"yoast-schema-graph\">{\"@context\":\"https:\/\/schema.org\",\"@graph\":[{\"@type\":\"WebPage\",\"@id\":\"https:\/\/www.encontrapiracicaba.com.br\/guia\/carlos-botelho-avenida-nasceu-ha-120-anos-para-levar-piracicaba-a-esalq\/\",\"url\":\"https:\/\/www.encontrapiracicaba.com.br\/guia\/carlos-botelho-avenida-nasceu-ha-120-anos-para-levar-piracicaba-a-esalq\/\",\"name\":\"Carlos Botelho: avenida nasceu h\u00e1 120 anos para levar Piracicaba \u00e0 Esalq | Guia Comercial de Piracicaba SP\",\"isPartOf\":{\"@id\":\"https:\/\/www.encontrapiracicaba.com.br\/guia\/#website\"},\"primaryImageOfPage\":{\"@id\":\"https:\/\/www.encontrapiracicaba.com.br\/guia\/carlos-botelho-avenida-nasceu-ha-120-anos-para-levar-piracicaba-a-esalq\/#primaryimage\"},\"image\":{\"@id\":\"https:\/\/www.encontrapiracicaba.com.br\/guia\/carlos-botelho-avenida-nasceu-ha-120-anos-para-levar-piracicaba-a-esalq\/#primaryimage\"},\"thumbnailUrl\":\"https:\/\/www.encontrapiracicaba.com.br\/guia\/wp-content\/uploads\/2026\/01\/carlos-botelho-avenida-nasceu-ha-120-anos-para-levar-piracicaba-a-esalq.webp\",\"datePublished\":\"2026-01-16T21:00:09+00:00\",\"author\":{\"@id\":\"https:\/\/www.encontrapiracicaba.com.br\/guia\/#\/schema\/person\/cc069b52e99b6a38a49642db7f9836d1\"},\"inLanguage\":\"pt-BR\",\"potentialAction\":[{\"@type\":\"ReadAction\",\"target\":[\"https:\/\/www.encontrapiracicaba.com.br\/guia\/carlos-botelho-avenida-nasceu-ha-120-anos-para-levar-piracicaba-a-esalq\/\"]}]},{\"@type\":\"ImageObject\",\"inLanguage\":\"pt-BR\",\"@id\":\"https:\/\/www.encontrapiracicaba.com.br\/guia\/carlos-botelho-avenida-nasceu-ha-120-anos-para-levar-piracicaba-a-esalq\/#primaryimage\",\"url\":\"https:\/\/www.encontrapiracicaba.com.br\/guia\/wp-content\/uploads\/2026\/01\/carlos-botelho-avenida-nasceu-ha-120-anos-para-levar-piracicaba-a-esalq.webp\",\"contentUrl\":\"https:\/\/www.encontrapiracicaba.com.br\/guia\/wp-content\/uploads\/2026\/01\/carlos-botelho-avenida-nasceu-ha-120-anos-para-levar-piracicaba-a-esalq.webp\",\"width\":280,\"height\":280,\"caption\":\"Avenida Carlos Botelho\"},{\"@type\":\"WebSite\",\"@id\":\"https:\/\/www.encontrapiracicaba.com.br\/guia\/#website\",\"url\":\"https:\/\/www.encontrapiracicaba.com.br\/guia\/\",\"name\":\"Guia Comercial de Piracicaba SP\",\"description\":\"ENCONTRA PIRACICABA - O guia comercial de neg\u00f3cios e empresas, cultura e divers\u00e3o na cidade de Piracicaba. Feito 100% para voc\u00ea morador!\",\"potentialAction\":[{\"@type\":\"SearchAction\",\"target\":{\"@type\":\"EntryPoint\",\"urlTemplate\":\"https:\/\/www.encontrapiracicaba.com.br\/guia\/?s={search_term_string}\"},\"query-input\":{\"@type\":\"PropertyValueSpecification\",\"valueRequired\":true,\"valueName\":\"search_term_string\"}}],\"inLanguage\":\"pt-BR\"},{\"@type\":\"Person\",\"@id\":\"https:\/\/www.encontrapiracicaba.com.br\/guia\/#\/schema\/person\/cc069b52e99b6a38a49642db7f9836d1\",\"name\":\"Encontra Piracicaba\",\"image\":{\"@type\":\"ImageObject\",\"inLanguage\":\"pt-BR\",\"@id\":\"https:\/\/www.encontrapiracicaba.com.br\/guia\/#\/schema\/person\/image\/\",\"url\":\"https:\/\/secure.gravatar.com\/avatar\/c50c17820bcf322f0a8fd6b110b8c0918141409dc69076470f6fca5fee70a5d4?s=96&d=mm&r=g\",\"contentUrl\":\"https:\/\/secure.gravatar.com\/avatar\/c50c17820bcf322f0a8fd6b110b8c0918141409dc69076470f6fca5fee70a5d4?s=96&d=mm&r=g\",\"caption\":\"Encontra Piracicaba\"},\"url\":\"https:\/\/www.encontrapiracicaba.com.br\/guia\/author\/encontrapiracicaba\/\"}]}<\/script>\n<!-- \/ Yoast SEO plugin. -->","yoast_head_json":{"title":"Carlos Botelho: avenida nasceu h\u00e1 120 anos para levar Piracicaba \u00e0 Esalq | Guia Comercial de Piracicaba SP","robots":{"index":"index","follow":"follow","max-snippet":"max-snippet:-1","max-image-preview":"max-image-preview:large","max-video-preview":"max-video-preview:-1"},"canonical":"https:\/\/www.encontrapiracicaba.com.br\/guia\/carlos-botelho-avenida-nasceu-ha-120-anos-para-levar-piracicaba-a-esalq\/","og_locale":"pt_BR","og_type":"article","og_title":"Carlos Botelho: avenida nasceu h\u00e1 120 anos para levar Piracicaba \u00e0 Esalq | Guia Comercial de Piracicaba SP","og_description":"Avenida Carlos Botelho: conhe\u00e7a sua import\u00e2ncia e trajet\u00f3ria em Piracicaba em 120 anos.","og_url":"https:\/\/www.encontrapiracicaba.com.br\/guia\/carlos-botelho-avenida-nasceu-ha-120-anos-para-levar-piracicaba-a-esalq\/","og_site_name":"Guia Comercial de Piracicaba SP","article_published_time":"2026-01-16T21:00:09+00:00","og_image":[{"url":"https:\/\/www.encontrapiracicaba.com.br\/guia\/wp-content\/uploads\/2026\/01\/carlos-botelho-avenida-nasceu-ha-120-anos-para-levar-piracicaba-a-esalq.webp","type":"","width":"","height":""}],"author":"Encontra Piracicaba","twitter_card":"summary_large_image","twitter_misc":{"Escrito por":"Encontra Piracicaba","Est. tempo de leitura":"13 minutos"},"schema":{"@context":"https:\/\/schema.org","@graph":[{"@type":"WebPage","@id":"https:\/\/www.encontrapiracicaba.com.br\/guia\/carlos-botelho-avenida-nasceu-ha-120-anos-para-levar-piracicaba-a-esalq\/","url":"https:\/\/www.encontrapiracicaba.com.br\/guia\/carlos-botelho-avenida-nasceu-ha-120-anos-para-levar-piracicaba-a-esalq\/","name":"Carlos Botelho: avenida nasceu h\u00e1 120 anos para levar Piracicaba \u00e0 Esalq | Guia Comercial de Piracicaba SP","isPartOf":{"@id":"https:\/\/www.encontrapiracicaba.com.br\/guia\/#website"},"primaryImageOfPage":{"@id":"https:\/\/www.encontrapiracicaba.com.br\/guia\/carlos-botelho-avenida-nasceu-ha-120-anos-para-levar-piracicaba-a-esalq\/#primaryimage"},"image":{"@id":"https:\/\/www.encontrapiracicaba.com.br\/guia\/carlos-botelho-avenida-nasceu-ha-120-anos-para-levar-piracicaba-a-esalq\/#primaryimage"},"thumbnailUrl":"https:\/\/www.encontrapiracicaba.com.br\/guia\/wp-content\/uploads\/2026\/01\/carlos-botelho-avenida-nasceu-ha-120-anos-para-levar-piracicaba-a-esalq.webp","datePublished":"2026-01-16T21:00:09+00:00","author":{"@id":"https:\/\/www.encontrapiracicaba.com.br\/guia\/#\/schema\/person\/cc069b52e99b6a38a49642db7f9836d1"},"inLanguage":"pt-BR","potentialAction":[{"@type":"ReadAction","target":["https:\/\/www.encontrapiracicaba.com.br\/guia\/carlos-botelho-avenida-nasceu-ha-120-anos-para-levar-piracicaba-a-esalq\/"]}]},{"@type":"ImageObject","inLanguage":"pt-BR","@id":"https:\/\/www.encontrapiracicaba.com.br\/guia\/carlos-botelho-avenida-nasceu-ha-120-anos-para-levar-piracicaba-a-esalq\/#primaryimage","url":"https:\/\/www.encontrapiracicaba.com.br\/guia\/wp-content\/uploads\/2026\/01\/carlos-botelho-avenida-nasceu-ha-120-anos-para-levar-piracicaba-a-esalq.webp","contentUrl":"https:\/\/www.encontrapiracicaba.com.br\/guia\/wp-content\/uploads\/2026\/01\/carlos-botelho-avenida-nasceu-ha-120-anos-para-levar-piracicaba-a-esalq.webp","width":280,"height":280,"caption":"Avenida Carlos Botelho"},{"@type":"WebSite","@id":"https:\/\/www.encontrapiracicaba.com.br\/guia\/#website","url":"https:\/\/www.encontrapiracicaba.com.br\/guia\/","name":"Guia Comercial de Piracicaba SP","description":"ENCONTRA PIRACICABA - O guia comercial de neg\u00f3cios e empresas, cultura e divers\u00e3o na cidade de Piracicaba. Feito 100% para voc\u00ea morador!","potentialAction":[{"@type":"SearchAction","target":{"@type":"EntryPoint","urlTemplate":"https:\/\/www.encontrapiracicaba.com.br\/guia\/?s={search_term_string}"},"query-input":{"@type":"PropertyValueSpecification","valueRequired":true,"valueName":"search_term_string"}}],"inLanguage":"pt-BR"},{"@type":"Person","@id":"https:\/\/www.encontrapiracicaba.com.br\/guia\/#\/schema\/person\/cc069b52e99b6a38a49642db7f9836d1","name":"Encontra Piracicaba","image":{"@type":"ImageObject","inLanguage":"pt-BR","@id":"https:\/\/www.encontrapiracicaba.com.br\/guia\/#\/schema\/person\/image\/","url":"https:\/\/secure.gravatar.com\/avatar\/c50c17820bcf322f0a8fd6b110b8c0918141409dc69076470f6fca5fee70a5d4?s=96&d=mm&r=g","contentUrl":"https:\/\/secure.gravatar.com\/avatar\/c50c17820bcf322f0a8fd6b110b8c0918141409dc69076470f6fca5fee70a5d4?s=96&d=mm&r=g","caption":"Encontra Piracicaba"},"url":"https:\/\/www.encontrapiracicaba.com.br\/guia\/author\/encontrapiracicaba\/"}]}},"_links":{"self":[{"href":"https:\/\/www.encontrapiracicaba.com.br\/guia\/wp-json\/wp\/v2\/posts\/6188","targetHints":{"allow":["GET"]}}],"collection":[{"href":"https:\/\/www.encontrapiracicaba.com.br\/guia\/wp-json\/wp\/v2\/posts"}],"about":[{"href":"https:\/\/www.encontrapiracicaba.com.br\/guia\/wp-json\/wp\/v2\/types\/post"}],"author":[{"embeddable":true,"href":"https:\/\/www.encontrapiracicaba.com.br\/guia\/wp-json\/wp\/v2\/users\/1"}],"replies":[{"embeddable":true,"href":"https:\/\/www.encontrapiracicaba.com.br\/guia\/wp-json\/wp\/v2\/comments?post=6188"}],"version-history":[{"count":0,"href":"https:\/\/www.encontrapiracicaba.com.br\/guia\/wp-json\/wp\/v2\/posts\/6188\/revisions"}],"wp:featuredmedia":[{"embeddable":true,"href":"https:\/\/www.encontrapiracicaba.com.br\/guia\/wp-json\/wp\/v2\/media\/6187"}],"wp:attachment":[{"href":"https:\/\/www.encontrapiracicaba.com.br\/guia\/wp-json\/wp\/v2\/media?parent=6188"}],"wp:term":[{"taxonomy":"category","embeddable":true,"href":"https:\/\/www.encontrapiracicaba.com.br\/guia\/wp-json\/wp\/v2\/categories?post=6188"},{"taxonomy":"post_tag","embeddable":true,"href":"https:\/\/www.encontrapiracicaba.com.br\/guia\/wp-json\/wp\/v2\/tags?post=6188"}],"curies":[{"name":"wp","href":"https:\/\/api.w.org\/{rel}","templated":true}]}}