{"id":6215,"date":"2026-01-22T18:00:23","date_gmt":"2026-01-22T21:00:23","guid":{"rendered":"https:\/\/www.encontrapiracicaba.com.br\/guia\/alameda-melvin-jones-passa-a-ter-sentido-unico-para-reforcar-seguranca\/"},"modified":"2026-01-22T18:00:23","modified_gmt":"2026-01-22T21:00:23","slug":"alameda-melvin-jones-passa-a-ter-sentido-unico-para-reforcar-seguranca","status":"publish","type":"post","link":"https:\/\/www.encontrapiracicaba.com.br\/guia\/alameda-melvin-jones-passa-a-ter-sentido-unico-para-reforcar-seguranca\/","title":{"rendered":"Alameda Melvin Jones passa a ter sentido \u00fanico para refor\u00e7ar seguran\u00e7a"},"content":{"rendered":"<h2>O que Motivou a Mudan\u00e7a<\/h2>\n<p>A altera\u00e7\u00e3o na Alameda Melvin Jones, localizada no bairro Cecap, para um tr\u00e1fego em sentido \u00fanico foi proposta inicialmente pelo vereador Thiago Ribeiro em novembro de 2025. A decis\u00e3o surgiu a partir das preocupa\u00e7\u00f5es manifestadas por pais de alunos e moradores sobre a intensa circula\u00e7\u00e3o de ve\u00edculos na \u00e1rea, especialmente nas proximidades da Escola Estadual Professor Adolpho Carvalho. Com isso, os representantes da comunidade expressaram a necessidade de medidas que pudessem melhorar a seguran\u00e7a vi\u00e1ria na regi\u00e3o.<\/p>\n<h2>Rea\u00e7\u00e3o da Comunidade<\/h2>\n<p>A resposta da comunidade em rela\u00e7\u00e3o \u00e0 proposta foi amplamente positiva. Os residentes e pais de alunos consideraram a mudan\u00e7a como uma solu\u00e7\u00e3o necess\u00e1ria para mitigar os riscos associados ao tr\u00e1fego escolar. Eles testemunharam um grande movimento de carros e pedestres na regi\u00e3o durante hor\u00e1rios de pico, o que gerava preocupa\u00e7\u00f5es quanto \u00e0 seguran\u00e7a das crian\u00e7as que transitam pela \u00e1rea. O apoio a essa iniciativa foi un\u00e2nime, evidenciando a necessidade de aten\u00e7\u00e3o para o aumento da seguran\u00e7a no tr\u00e2nsito.<\/p>\n<h2>Import\u00e2ncia da Seguran\u00e7a Vi\u00e1ria<\/h2>\n<p>A seguran\u00e7a vi\u00e1ria \u00e9 um aspecto fundamental que se reflete diretamente na qualidade de vida das comunidades. Ao implementar um tr\u00e2nsito em sentido \u00fanico, medidas como essa buscam reduzir o n\u00famero de acidentes e conflitos entre ve\u00edculos e pedestres. Al\u00e9m disso, a mudan\u00e7a promove um ambiente mais seguro para as crian\u00e7as e adolescentes que frequentam a escola, permitindo que eles se desloquem com mais tranquilidade, sem o receio de poss\u00edveis acidentes. Essa a\u00e7\u00e3o representa um passo em dire\u00e7\u00e3o \u00e0 constru\u00e7\u00e3o de um espa\u00e7o urbano mais seguro e acolhedor.<\/p>\n<p><img decoding=\"async\" src=\"https:\/\/www.encontrapiracicaba.com.br\/guia\/wp-content\/uploads\/2026\/01\/alameda-melvin-jones-passa-a-ter-sentido-unico-para-reforcar-seguranca.webp\" alt=\"Alameda Melvin Jones\" loading=\"lazy\" \/><\/p>\n<h2>Impacto no Tr\u00e2nsito Local<\/h2>\n<p>A transi\u00e7\u00e3o para um sentido \u00fanico na Alameda Melvin Jones promete impactar positivamente a fluidez do tr\u00e2nsito na regi\u00e3o. Com a nova configura\u00e7\u00e3o, a expectativa \u00e9 que haja uma redu\u00e7\u00e3o consider\u00e1vel na congest\u00e3o de ve\u00edculos, facilitando a movimenta\u00e7\u00e3o tanto de motoristas quanto de pedestres. Essa mudan\u00e7a dever\u00e1 contribuir para uma melhoria na circula\u00e7\u00e3o vi\u00e1ria, resultando em tempos de deslocamento mais curtos e numa experi\u00eancia geral de tr\u00e2nsito mais organizada. O estudo das din\u00e2micas de tr\u00e1fego local ser\u00e1 fundamental para avaliar os efeitos dessa implementa\u00e7\u00e3o ao longo do tempo.<\/p>\n<h2>Compromisso dos Vereadores<\/h2>\n<p>O vereador Thiago Ribeiro expressou seu compromisso em melhorar a seguran\u00e7a e a qualidade de vida dos cidad\u00e3os, evidenciando que a implementa\u00e7\u00e3o do sentido \u00fanico na Alameda Melvin Jones \u00e9 uma resposta direta \u00e0s demandas da comunidade. Ele refor\u00e7ou que o objetivo central do seu trabalho legislativo \u00e9 promover a\u00e7\u00f5es que priorizem o bem-estar da popula\u00e7\u00e3o, especialmente de grupos mais vulner\u00e1veis, como crian\u00e7as e jovens. A mudan\u00e7a \u00e9 vista como uma demonstra\u00e7\u00e3o do engajamento ativo dos vereadores em atender \u00e0s reivindica\u00e7\u00f5es dos cidad\u00e3os.<\/p>\n<h2>A\u00e7\u00f5es da C\u00e2mara Municipal<\/h2>\n<p>Ap\u00f3s a formaliza\u00e7\u00e3o da solicita\u00e7\u00e3o por meio da Indica\u00e7\u00e3o n\u00ba [5719\/2025](https:\/\/siave.camarapiracicaba.sp.gov.br\/Documentos\/Documento\/459792), a C\u00e2mara Municipal de Piracicaba atuou rapidamente em conjunto com a Secretaria Municipal de Tr\u00e2nsito e Transporte (Semuttran). Essa colabora\u00e7\u00e3o foi crucial para que a proposta pudesse ser implementada sem delongas, refletindo a agilidade necess\u00e1rias em demandas que destacam a seguran\u00e7a p\u00fablica e o bem-estar dos moradores. A C\u00e2mara Municipal se mostrou pronta para atender as necessidades expressas pela popula\u00e7\u00e3o, demonstrando dedica\u00e7\u00e3o e responsabilidade em suas a\u00e7\u00f5es.<\/p>\n<h2>Agradecimento ao Poder P\u00fablico<\/h2>\n<p>O vereador tamb\u00e9m fez quest\u00e3o de agradecer a efici\u00eancia e o empenho da equipe t\u00e9cnica da gest\u00e3o municipal. O superintendente Eliezer de Castro e o secret\u00e1rio de Seguran\u00e7a P\u00fablica, Tr\u00e2nsito e Transportes, Odair Mello, receberam reconhecimento especial pela rapidez no atendimento \u00e0 demanda. Essa colabora\u00e7\u00e3o entre o poder legislativo e o executivo \u00e9 fundamental para a execu\u00e7\u00e3o de pol\u00edticas p\u00fablicas que realmente atendam \u00e0s necessidades da popula\u00e7\u00e3o. O envolvimento conjunto \u00e9 exemplar para outras iniciativas que visem aprimorar a seguran\u00e7a e o conv\u00edvio urbano.<\/p>\n<h2>Hist\u00f3ria da Alameda Melvin Jones<\/h2>\n<p>A Alameda Melvin Jones possui uma relev\u00e2ncia hist\u00f3rica e cultural no bairro Cecap. Historicamente, a via tem sido um ponto central para a intera\u00e7\u00e3o da comunidade, sendo um local onde crian\u00e7as e adultos se re\u00fanem para v\u00e1rias atividades. A mudan\u00e7a no tr\u00e1fego n\u00e3o apenas atende a uma necessidade atual, mas tamb\u00e9m refor\u00e7a o compromisso da cidade em preservar a seguran\u00e7a e bem-estar dos cidad\u00e3os que utilizam essa via. A preserva\u00e7\u00e3o da hist\u00f3ria local \u00e9 vital para o fortalecimento de la\u00e7os comunit\u00e1rios.<\/p>\n<h2>Pr\u00f3ximas A\u00e7\u00f5es e Melhorias<\/h2>\n<p>Com a implementa\u00e7\u00e3o do sentido \u00fanico, as autoridades planejam monitorar a efetividade dessa mudan\u00e7a, buscando melhorias cont\u00ednuas no que diz respeito \u00e0 seguran\u00e7a vi\u00e1ria. A an\u00e1lise do fluxo de tr\u00e2nsito ao longo das pr\u00f3ximas semanas ser\u00e1 fundamental para identificar outras medidas que possam ser necess\u00e1rias. Al\u00e9m disso, futuras campanhas de conscientiza\u00e7\u00e3o sobre seguran\u00e7a no tr\u00e2nsito ser\u00e3o promovidas, visando educar motoristas e pedestres sobre a import\u00e2ncia de respeitar as normas de tr\u00e2nsito e adotar comportamentos mais seguros.<\/p>\n<h2>Perspectivas Futuras para a Seguran\u00e7a<\/h2>\n<p>As expectativas em rela\u00e7\u00e3o ao futuro da seguran\u00e7a vi\u00e1ria na Alameda Melvin Jones s\u00e3o otimistas. Com a coopera\u00e7\u00e3o entre os gestores, vereadores e a comunidade, a busca por um ambiente urbano mais seguro est\u00e1 cada vez mais pr\u00f3xima de se concretizar. Espera-se que a mudan\u00e7a para um sentido \u00fanico inspire outras a\u00e7\u00f5es em diferentes \u00e1reas da cidade que seguem na mesma dire\u00e7\u00e3o. Com isso, a comunidade poder\u00e1 trabalhar unida para um futuro onde a seguran\u00e7a e a qualidade de vida sejam prioridade.<\/p>\n","protected":false},"excerpt":{"rendered":"<p>Alameda Melvin Jones agora \u00e9 sentido \u00fanico, uma medida para seguran\u00e7a.<\/p>\n","protected":false},"author":1,"featured_media":6214,"comment_status":"open","ping_status":"open","sticky":false,"template":"","format":"standard","meta":{"footnotes":""},"categories":[5],"tags":[],"class_list":["post-6215","post","type-post","status-publish","format-standard","has-post-thumbnail","hentry","category-noticias","has_thumb"],"yoast_head":"<!-- This site is optimized with the Yoast SEO plugin v26.5 - https:\/\/yoast.com\/wordpress\/plugins\/seo\/ -->\n<title>Alameda Melvin Jones passa a ter sentido \u00fanico para refor\u00e7ar seguran\u00e7a | Guia Comercial de Piracicaba SP<\/title>\n<meta name=\"robots\" content=\"index, follow, max-snippet:-1, max-image-preview:large, max-video-preview:-1\" \/>\n<link rel=\"canonical\" href=\"https:\/\/www.encontrapiracicaba.com.br\/guia\/alameda-melvin-jones-passa-a-ter-sentido-unico-para-reforcar-seguranca\/\" \/>\n<meta property=\"og:locale\" content=\"pt_BR\" \/>\n<meta property=\"og:type\" content=\"article\" \/>\n<meta property=\"og:title\" content=\"Alameda Melvin Jones passa a ter sentido \u00fanico para refor\u00e7ar seguran\u00e7a | Guia Comercial de Piracicaba SP\" \/>\n<meta property=\"og:description\" content=\"Alameda Melvin Jones agora \u00e9 sentido \u00fanico, uma medida para seguran\u00e7a.\" \/>\n<meta property=\"og:url\" content=\"https:\/\/www.encontrapiracicaba.com.br\/guia\/alameda-melvin-jones-passa-a-ter-sentido-unico-para-reforcar-seguranca\/\" \/>\n<meta property=\"og:site_name\" content=\"Guia Comercial de Piracicaba SP\" \/>\n<meta property=\"article:published_time\" content=\"2026-01-22T21:00:23+00:00\" \/>\n<meta property=\"og:image\" content=\"https:\/\/www.encontrapiracicaba.com.br\/guia\/wp-content\/uploads\/2026\/01\/alameda-melvin-jones-passa-a-ter-sentido-unico-para-reforcar-seguranca.webp\" \/>\n<meta name=\"author\" content=\"Encontra Piracicaba\" \/>\n<meta name=\"twitter:card\" content=\"summary_large_image\" \/>\n<meta name=\"twitter:label1\" content=\"Escrito por\" \/>\n\t<meta name=\"twitter:data1\" content=\"Encontra Piracicaba\" \/>\n\t<meta name=\"twitter:label2\" content=\"Est. tempo de leitura\" \/>\n\t<meta name=\"twitter:data2\" content=\"5 minutos\" \/>\n<script type=\"application\/ld+json\" class=\"yoast-schema-graph\">{\"@context\":\"https:\/\/schema.org\",\"@graph\":[{\"@type\":\"WebPage\",\"@id\":\"https:\/\/www.encontrapiracicaba.com.br\/guia\/alameda-melvin-jones-passa-a-ter-sentido-unico-para-reforcar-seguranca\/\",\"url\":\"https:\/\/www.encontrapiracicaba.com.br\/guia\/alameda-melvin-jones-passa-a-ter-sentido-unico-para-reforcar-seguranca\/\",\"name\":\"Alameda Melvin Jones passa a ter sentido \u00fanico para refor\u00e7ar seguran\u00e7a | Guia Comercial de Piracicaba SP\",\"isPartOf\":{\"@id\":\"https:\/\/www.encontrapiracicaba.com.br\/guia\/#website\"},\"primaryImageOfPage\":{\"@id\":\"https:\/\/www.encontrapiracicaba.com.br\/guia\/alameda-melvin-jones-passa-a-ter-sentido-unico-para-reforcar-seguranca\/#primaryimage\"},\"image\":{\"@id\":\"https:\/\/www.encontrapiracicaba.com.br\/guia\/alameda-melvin-jones-passa-a-ter-sentido-unico-para-reforcar-seguranca\/#primaryimage\"},\"thumbnailUrl\":\"https:\/\/www.encontrapiracicaba.com.br\/guia\/wp-content\/uploads\/2026\/01\/alameda-melvin-jones-passa-a-ter-sentido-unico-para-reforcar-seguranca.webp\",\"datePublished\":\"2026-01-22T21:00:23+00:00\",\"author\":{\"@id\":\"https:\/\/www.encontrapiracicaba.com.br\/guia\/#\/schema\/person\/cc069b52e99b6a38a49642db7f9836d1\"},\"inLanguage\":\"pt-BR\",\"potentialAction\":[{\"@type\":\"ReadAction\",\"target\":[\"https:\/\/www.encontrapiracicaba.com.br\/guia\/alameda-melvin-jones-passa-a-ter-sentido-unico-para-reforcar-seguranca\/\"]}]},{\"@type\":\"ImageObject\",\"inLanguage\":\"pt-BR\",\"@id\":\"https:\/\/www.encontrapiracicaba.com.br\/guia\/alameda-melvin-jones-passa-a-ter-sentido-unico-para-reforcar-seguranca\/#primaryimage\",\"url\":\"https:\/\/www.encontrapiracicaba.com.br\/guia\/wp-content\/uploads\/2026\/01\/alameda-melvin-jones-passa-a-ter-sentido-unico-para-reforcar-seguranca.webp\",\"contentUrl\":\"https:\/\/www.encontrapiracicaba.com.br\/guia\/wp-content\/uploads\/2026\/01\/alameda-melvin-jones-passa-a-ter-sentido-unico-para-reforcar-seguranca.webp\",\"width\":280,\"height\":280,\"caption\":\"Alameda Melvin Jones\"},{\"@type\":\"WebSite\",\"@id\":\"https:\/\/www.encontrapiracicaba.com.br\/guia\/#website\",\"url\":\"https:\/\/www.encontrapiracicaba.com.br\/guia\/\",\"name\":\"Guia Comercial de Piracicaba SP\",\"description\":\"ENCONTRA PIRACICABA - O guia comercial de neg\u00f3cios e empresas, cultura e divers\u00e3o na cidade de Piracicaba. Feito 100% para voc\u00ea morador!\",\"potentialAction\":[{\"@type\":\"SearchAction\",\"target\":{\"@type\":\"EntryPoint\",\"urlTemplate\":\"https:\/\/www.encontrapiracicaba.com.br\/guia\/?s={search_term_string}\"},\"query-input\":{\"@type\":\"PropertyValueSpecification\",\"valueRequired\":true,\"valueName\":\"search_term_string\"}}],\"inLanguage\":\"pt-BR\"},{\"@type\":\"Person\",\"@id\":\"https:\/\/www.encontrapiracicaba.com.br\/guia\/#\/schema\/person\/cc069b52e99b6a38a49642db7f9836d1\",\"name\":\"Encontra Piracicaba\",\"image\":{\"@type\":\"ImageObject\",\"inLanguage\":\"pt-BR\",\"@id\":\"https:\/\/www.encontrapiracicaba.com.br\/guia\/#\/schema\/person\/image\/\",\"url\":\"https:\/\/secure.gravatar.com\/avatar\/c50c17820bcf322f0a8fd6b110b8c0918141409dc69076470f6fca5fee70a5d4?s=96&d=mm&r=g\",\"contentUrl\":\"https:\/\/secure.gravatar.com\/avatar\/c50c17820bcf322f0a8fd6b110b8c0918141409dc69076470f6fca5fee70a5d4?s=96&d=mm&r=g\",\"caption\":\"Encontra Piracicaba\"},\"url\":\"https:\/\/www.encontrapiracicaba.com.br\/guia\/author\/encontrapiracicaba\/\"}]}<\/script>\n<!-- \/ Yoast SEO plugin. -->","yoast_head_json":{"title":"Alameda Melvin Jones passa a ter sentido \u00fanico para refor\u00e7ar seguran\u00e7a | Guia Comercial de Piracicaba SP","robots":{"index":"index","follow":"follow","max-snippet":"max-snippet:-1","max-image-preview":"max-image-preview:large","max-video-preview":"max-video-preview:-1"},"canonical":"https:\/\/www.encontrapiracicaba.com.br\/guia\/alameda-melvin-jones-passa-a-ter-sentido-unico-para-reforcar-seguranca\/","og_locale":"pt_BR","og_type":"article","og_title":"Alameda Melvin Jones passa a ter sentido \u00fanico para refor\u00e7ar seguran\u00e7a | Guia Comercial de Piracicaba SP","og_description":"Alameda Melvin Jones agora \u00e9 sentido \u00fanico, uma medida para seguran\u00e7a.","og_url":"https:\/\/www.encontrapiracicaba.com.br\/guia\/alameda-melvin-jones-passa-a-ter-sentido-unico-para-reforcar-seguranca\/","og_site_name":"Guia Comercial de Piracicaba SP","article_published_time":"2026-01-22T21:00:23+00:00","og_image":[{"url":"https:\/\/www.encontrapiracicaba.com.br\/guia\/wp-content\/uploads\/2026\/01\/alameda-melvin-jones-passa-a-ter-sentido-unico-para-reforcar-seguranca.webp","type":"","width":"","height":""}],"author":"Encontra Piracicaba","twitter_card":"summary_large_image","twitter_misc":{"Escrito por":"Encontra Piracicaba","Est. tempo de leitura":"5 minutos"},"schema":{"@context":"https:\/\/schema.org","@graph":[{"@type":"WebPage","@id":"https:\/\/www.encontrapiracicaba.com.br\/guia\/alameda-melvin-jones-passa-a-ter-sentido-unico-para-reforcar-seguranca\/","url":"https:\/\/www.encontrapiracicaba.com.br\/guia\/alameda-melvin-jones-passa-a-ter-sentido-unico-para-reforcar-seguranca\/","name":"Alameda Melvin Jones passa a ter sentido \u00fanico para refor\u00e7ar seguran\u00e7a | Guia Comercial de Piracicaba SP","isPartOf":{"@id":"https:\/\/www.encontrapiracicaba.com.br\/guia\/#website"},"primaryImageOfPage":{"@id":"https:\/\/www.encontrapiracicaba.com.br\/guia\/alameda-melvin-jones-passa-a-ter-sentido-unico-para-reforcar-seguranca\/#primaryimage"},"image":{"@id":"https:\/\/www.encontrapiracicaba.com.br\/guia\/alameda-melvin-jones-passa-a-ter-sentido-unico-para-reforcar-seguranca\/#primaryimage"},"thumbnailUrl":"https:\/\/www.encontrapiracicaba.com.br\/guia\/wp-content\/uploads\/2026\/01\/alameda-melvin-jones-passa-a-ter-sentido-unico-para-reforcar-seguranca.webp","datePublished":"2026-01-22T21:00:23+00:00","author":{"@id":"https:\/\/www.encontrapiracicaba.com.br\/guia\/#\/schema\/person\/cc069b52e99b6a38a49642db7f9836d1"},"inLanguage":"pt-BR","potentialAction":[{"@type":"ReadAction","target":["https:\/\/www.encontrapiracicaba.com.br\/guia\/alameda-melvin-jones-passa-a-ter-sentido-unico-para-reforcar-seguranca\/"]}]},{"@type":"ImageObject","inLanguage":"pt-BR","@id":"https:\/\/www.encontrapiracicaba.com.br\/guia\/alameda-melvin-jones-passa-a-ter-sentido-unico-para-reforcar-seguranca\/#primaryimage","url":"https:\/\/www.encontrapiracicaba.com.br\/guia\/wp-content\/uploads\/2026\/01\/alameda-melvin-jones-passa-a-ter-sentido-unico-para-reforcar-seguranca.webp","contentUrl":"https:\/\/www.encontrapiracicaba.com.br\/guia\/wp-content\/uploads\/2026\/01\/alameda-melvin-jones-passa-a-ter-sentido-unico-para-reforcar-seguranca.webp","width":280,"height":280,"caption":"Alameda Melvin Jones"},{"@type":"WebSite","@id":"https:\/\/www.encontrapiracicaba.com.br\/guia\/#website","url":"https:\/\/www.encontrapiracicaba.com.br\/guia\/","name":"Guia Comercial de Piracicaba SP","description":"ENCONTRA PIRACICABA - O guia comercial de neg\u00f3cios e empresas, cultura e divers\u00e3o na cidade de Piracicaba. Feito 100% para voc\u00ea morador!","potentialAction":[{"@type":"SearchAction","target":{"@type":"EntryPoint","urlTemplate":"https:\/\/www.encontrapiracicaba.com.br\/guia\/?s={search_term_string}"},"query-input":{"@type":"PropertyValueSpecification","valueRequired":true,"valueName":"search_term_string"}}],"inLanguage":"pt-BR"},{"@type":"Person","@id":"https:\/\/www.encontrapiracicaba.com.br\/guia\/#\/schema\/person\/cc069b52e99b6a38a49642db7f9836d1","name":"Encontra Piracicaba","image":{"@type":"ImageObject","inLanguage":"pt-BR","@id":"https:\/\/www.encontrapiracicaba.com.br\/guia\/#\/schema\/person\/image\/","url":"https:\/\/secure.gravatar.com\/avatar\/c50c17820bcf322f0a8fd6b110b8c0918141409dc69076470f6fca5fee70a5d4?s=96&d=mm&r=g","contentUrl":"https:\/\/secure.gravatar.com\/avatar\/c50c17820bcf322f0a8fd6b110b8c0918141409dc69076470f6fca5fee70a5d4?s=96&d=mm&r=g","caption":"Encontra Piracicaba"},"url":"https:\/\/www.encontrapiracicaba.com.br\/guia\/author\/encontrapiracicaba\/"}]}},"_links":{"self":[{"href":"https:\/\/www.encontrapiracicaba.com.br\/guia\/wp-json\/wp\/v2\/posts\/6215","targetHints":{"allow":["GET"]}}],"collection":[{"href":"https:\/\/www.encontrapiracicaba.com.br\/guia\/wp-json\/wp\/v2\/posts"}],"about":[{"href":"https:\/\/www.encontrapiracicaba.com.br\/guia\/wp-json\/wp\/v2\/types\/post"}],"author":[{"embeddable":true,"href":"https:\/\/www.encontrapiracicaba.com.br\/guia\/wp-json\/wp\/v2\/users\/1"}],"replies":[{"embeddable":true,"href":"https:\/\/www.encontrapiracicaba.com.br\/guia\/wp-json\/wp\/v2\/comments?post=6215"}],"version-history":[{"count":0,"href":"https:\/\/www.encontrapiracicaba.com.br\/guia\/wp-json\/wp\/v2\/posts\/6215\/revisions"}],"wp:featuredmedia":[{"embeddable":true,"href":"https:\/\/www.encontrapiracicaba.com.br\/guia\/wp-json\/wp\/v2\/media\/6214"}],"wp:attachment":[{"href":"https:\/\/www.encontrapiracicaba.com.br\/guia\/wp-json\/wp\/v2\/media?parent=6215"}],"wp:term":[{"taxonomy":"category","embeddable":true,"href":"https:\/\/www.encontrapiracicaba.com.br\/guia\/wp-json\/wp\/v2\/categories?post=6215"},{"taxonomy":"post_tag","embeddable":true,"href":"https:\/\/www.encontrapiracicaba.com.br\/guia\/wp-json\/wp\/v2\/tags?post=6215"}],"curies":[{"name":"wp","href":"https:\/\/api.w.org\/{rel}","templated":true}]}}