{"id":6469,"date":"2026-03-10T17:29:43","date_gmt":"2026-03-10T20:29:43","guid":{"rendered":"https:\/\/www.encontrapiracicaba.com.br\/guia\/dia-das-contadoras-e-dos-contadores-de-historias-sera-celebrado-em-20-de-marco\/"},"modified":"2026-03-10T17:29:43","modified_gmt":"2026-03-10T20:29:43","slug":"dia-das-contadoras-e-dos-contadores-de-historias-sera-celebrado-em-20-de-marco","status":"publish","type":"post","link":"https:\/\/www.encontrapiracicaba.com.br\/guia\/dia-das-contadoras-e-dos-contadores-de-historias-sera-celebrado-em-20-de-marco\/","title":{"rendered":"Dia das Contadoras e dos Contadores de Hist\u00f3rias ser\u00e1 celebrado em 20 de mar\u00e7o"},"content":{"rendered":"<h2>A Import\u00e2ncia da Conta\u00e7\u00e3o de Hist\u00f3rias<\/h2>\n<p>Contar hist\u00f3rias \u00e9 uma pr\u00e1tica antiga que desempenha um papel vital em diversas culturas ao redor do mundo. Essa atividade, que vai muito al\u00e9m do simples entretenimento, serve como uma ponte entre gera\u00e7\u00f5es. O poder das hist\u00f3rias reside na sua capacidade de transmitir tradi\u00e7\u00f5es, valores e ensinamentos. Em Piracicaba, essa pr\u00e1tica \u00e9 especialmente valorizada, sendo uma maneira de conectar a comunidade com sua heran\u00e7a cultural e identidade.<\/p>\n<p>As narrativas s\u00e3o instrumentos poderosos, capazes de emocionarem, ensinarem e formarem comunidades mais coesas. Elas carregam consigo a mem\u00f3ria coletiva, perpetuando lendas locais e hist\u00f3rias de vida que refletem a diversidade cultural da regi\u00e3o. Assim, a conta\u00e7\u00e3o de hist\u00f3rias se transforma em uma ferramenta pedag\u00f3gica significativa e significativa para a forma\u00e7\u00e3o da identidade social.<\/p>\n<h2>O Projeto de Lei que Institui o Dia<\/h2>\n<p>Com a aprova\u00e7\u00e3o do projeto de lei de n\u00famero 2\/2026 na C\u00e2mara Municipal de Piracicaba, o Dia Municipal das Contadoras e dos Contadores de Hist\u00f3ria foi oficialmente inserido no calend\u00e1rio de eventos da cidade. Essa iniciativa da vereadora S\u00edlvia Morales, do Partido Verde, destaca a import\u00e2ncia da conta\u00e7\u00e3o de hist\u00f3rias como um elemento fundamental da cultura piracicabana.<\/p>\n<p><img decoding=\"async\" src=\"https:\/\/www.encontrapiracicaba.com.br\/guia\/wp-content\/uploads\/2026\/03\/dia-das-contadoras-e-dos-contadores-de-historias-sera-celebrado-em-20-de-marco.webp\" alt=\"Dia das Contadoras e dos Contadores de Hist\u00f3rias\" loading=\"lazy\" \/><\/p>\n<p>A data escolhida para a celebra\u00e7\u00e3o, 20 de mar\u00e7o, coincide com o Dia Internacional do Contador de Hist\u00f3rias. Isso enfatiza a relev\u00e2ncia da conta\u00e7\u00e3o de hist\u00f3rias que vai al\u00e9m da comunidade local, reconhecendo a pr\u00e1tica em um contexto global.<\/p>\n<h2>Vereadora S\u00edlvia Morales: Pioneira da Iniciativa<\/h2>\n<p>A vereadora S\u00edlvia Morales \u00e9 uma defensora entusiasta da cultura e da arte em Piracicaba. Sua iniciativa de criar um dia dedicado \u00e0s contadoras e contadores de hist\u00f3rias demonstra seu comprometimento com a valoriza\u00e7\u00e3o da oralidade e da tradi\u00e7\u00e3o local. Em suas declara\u00e7\u00f5es, S\u00edlvia ressalta que a conta\u00e7\u00e3o de hist\u00f3rias n\u00e3o apenas preserva a mem\u00f3ria cultural, mas tamb\u00e9m forma identidades e traz \u00e0 tona a riqueza da viv\u00eancia local.<\/p>\n<p>Ela argumenta que as hist\u00f3rias contadas em Piracicaba abrangem n\u00e3o apenas lendas do interior paulista, mas tamb\u00e9m hist\u00f3rias da popula\u00e7\u00e3o ribeirinha e de tradi\u00e7\u00f5es que envolvem di\u00e1logos intergeracionais. Essa abordagem \u00e9 essencial para fortalecer os la\u00e7os dentro da comunidade.<\/p>\n<h2>Contadores de Hist\u00f3ria: Guardi\u00f5es da Tradi\u00e7\u00e3o<\/h2>\n<p>Os contadores de hist\u00f3rias desempenham um papel vital na preserva\u00e7\u00e3o do patrim\u00f4nio cultural de uma comunidade. Eles s\u00e3o os guardi\u00f5es de narrativas passadas, mantendo vivos os costumes e as tradi\u00e7\u00f5es atrav\u00e9s das gera\u00e7\u00f5es. Em Piracicaba, a figura dos contadores de hist\u00f3rias \u00e9 vista como uma conex\u00e3o direta com o passado e um agente de mudan\u00e7a para o futuro.<\/p>\n<p>Esses profissionais n\u00e3o apenas narram hist\u00f3rias, mas tamb\u00e9m criam conex\u00f5es emocionais com o p\u00fablico, estimulando a empatia e a reflex\u00e3o. O trabalho deles contribui para um legado cultural que perdura no tempo, formando a base de novas narrativas que ainda est\u00e3o por vir.<\/p>\n<h2>Mem\u00f3rias da Cidade: Hist\u00f3rias que Encantam<\/h2>\n<p>A mem\u00f3ria coletiva de Piracicaba est\u00e1 repleta de hist\u00f3rias encantadoras que revelam a identidade da cidade. Estas narrativas falam sobre o cotidiano, lendas urbanas, momentos hist\u00f3ricos e experi\u00eancias vividas por seus habitantes. A conta\u00e7\u00e3o de hist\u00f3rias, portanto, \u00e9 um reconhecimento dessas mem\u00f3rias, um ato de honrar o passado ao mesmo tempo em que se olha para o futuro.<\/p>\n<p>As hist\u00f3rias que circulam em Piracicaba s\u00e3o como fontes de inspira\u00e7\u00e3o e aprendizado, levando a cidade a refletir sobre suas ra\u00edzes e sua evolu\u00e7\u00e3o. Cada relato carrega consigo a ess\u00eancia da cultura piracicabana, mostrando a riqueza da diversidade e a for\u00e7a da comunidade.<\/p>\n<h2>O Papel da Oralidade na Educa\u00e7\u00e3o<\/h2>\n<p>A oralidade \u00e9 um aspecto crucial da educa\u00e7\u00e3o, especialmente nas etapas iniciais de aprendizado. A conta\u00e7\u00e3o de hist\u00f3rias oferece uma forma l\u00fadica e envolvente de ensinar conceitos e valores aos mais jovens. Em Piracicaba, a pr\u00e1tica \u00e9 utilizada como uma metodologia educativa que incentiva a criatividade e o pensamento cr\u00edtico nas crian\u00e7as.<\/p>\n<p>Al\u00e9m disso, essa abordagem ajuda as crian\u00e7as a desenvolverem habilidades lingu\u00edsticas, sociais e cognitivas por meio da escuta ativa e da intera\u00e7\u00e3o. Ao ouvir e contar hist\u00f3rias, os alunos aprendem a expressar suas pr\u00f3prias viv\u00eancias e a valorizar as experi\u00eancias compartilhadas.<\/p>\n<h2>Cultura Viva: Como Piracicaba Valoriza as Narrativas<\/h2>\n<p>A cidade de Piracicaba se destaca por sua valoriza\u00e7\u00e3o da oralidade como uma forma de express\u00e3o art\u00edstica e pedag\u00f3gica. Programas culturais, projetos educacionais e iniciativas comunit\u00e1rias t\u00eam estimulado o fortalecimento da conta\u00e7\u00e3o de hist\u00f3rias em diversos contextos, como escolas, festivais e eventos culturais.<\/p>\n<p>Essas a\u00e7\u00f5es n\u00e3o apenas promovem a cultura local, mas tamb\u00e9m fomentam uma maior troca de experi\u00eancias entre os contadores de hist\u00f3rias e o p\u00fablico. A valoriza\u00e7\u00e3o das narrativas contribui para o renascimento de tradi\u00e7\u00f5es esquecidas e para a reinterpreta\u00e7\u00e3o de relatos que s\u00e3o fundamentais para a identidade da comunidade.<\/p>\n<h2>Desenvolvendo Projetos Culturais e Coletivos<\/h2>\n<p>Em Piracicaba, diversos projetos culturais t\u00eam sido desenvolvidos para promover a conta\u00e7\u00e3o de hist\u00f3rias. Tais iniciativas envolvem a participa\u00e7\u00e3o ativa da comunidade, resultando em um ambiente colaborativo e enriquecedor. Esses projetos visam n\u00e3o apenas a valoriza\u00e7\u00e3o da pr\u00e1tica da conta\u00e7\u00e3o de hist\u00f3rias, mas tamb\u00e9m a forma\u00e7\u00e3o de novos contadores que possam perpetuar essa arte.<\/p>\n<p>As a\u00e7\u00f5es coletivas s\u00e3o fundamentais para a troca de saberes e experi\u00eancias entre os participantes, criando uma rede de apoio e incentivo que fortalece a cultura local. Atrav\u00e9s desse interc\u00e2mbio, novas hist\u00f3rias emergem, e a tradi\u00e7\u00e3o \u00e9 constantemente revigorada.<\/p>\n<h2>Contar Hist\u00f3rias: Um Ato de Pertencimento<\/h2>\n<p>A pr\u00e1tica de contar hist\u00f3rias em Piracicaba \u00e9 mais do que uma forma de entretenimento; \u00e9 um ato de pertencimento que afirma a identidade coletiva da cidade. Contadores e ouvintes compartilham momentos de emo\u00e7\u00e3o, reflex\u00e3o e divers\u00e3o, criando la\u00e7os que v\u00e3o al\u00e9m das palavras. Essa troca de experi\u00eancias fortalece a sensa\u00e7\u00e3o de comunidade e pertencimento dos indiv\u00edduos.<\/p>\n<p>Ao compartilhar hist\u00f3rias, as pessoas se conectam com suas ra\u00edzes e se reconhecem em relatos que ecoam suas pr\u00f3prias experi\u00eancias. Dessa forma, a conta\u00e7\u00e3o de hist\u00f3rias se torna uma forma de celebrar a cultura local e a diversidade de viv\u00eancias que comp\u00f5em o tecido social de Piracicaba.<\/p>\n<h2>Deixando um Legado: O Futuro da Conta\u00e7\u00e3o de Hist\u00f3rias<\/h2>\n<p>\u00c0 medida que avan\u00e7a o s\u00e9culo XXI, a conta\u00e7\u00e3o de hist\u00f3rias enfrenta novos desafios e oportunidades. A inser\u00e7\u00e3o de tecnologias digitais e novas m\u00eddias traz \u00e0 tona a necessidade de adapta\u00e7\u00e3o da pr\u00e1tica e de manuten\u00e7\u00e3o da relev\u00e2ncia cultural. A tradi\u00e7\u00e3o oral n\u00e3o precisa ser deixada de lado, mas pode ser revitalizada por meio dessas novas formas de express\u00e3o.<\/p>\n<p>O futuro da conta\u00e7\u00e3o de hist\u00f3rias em Piracicaba depender\u00e1 da capacidade da comunidade de se unir em torno dessa pr\u00e1tica, inovando e preservando ao mesmo tempo. Com a institui\u00e7\u00e3o do Dia Municipal das Contadoras e dos Contadores de Hist\u00f3ria, a cidade reafirma seu compromisso em valorizar essa pr\u00e1tica, garantindo que novas gera\u00e7\u00f5es se tornem os narradores do amanh\u00e3.<\/p>\n","protected":false},"excerpt":{"rendered":"<p>Dia das Contadoras e Contadores de Hist\u00f3rias ser\u00e1 celebrado oficialmente em 20 de mar\u00e7o.<\/p>\n","protected":false},"author":1,"featured_media":6468,"comment_status":"open","ping_status":"open","sticky":false,"template":"","format":"standard","meta":{"footnotes":""},"categories":[5],"tags":[],"class_list":["post-6469","post","type-post","status-publish","format-standard","has-post-thumbnail","hentry","category-noticias","has_thumb"],"yoast_head":"<!-- This site is optimized with the Yoast SEO plugin v26.5 - https:\/\/yoast.com\/wordpress\/plugins\/seo\/ -->\n<title>Dia das Contadoras e dos Contadores de Hist\u00f3rias ser\u00e1 celebrado em 20 de mar\u00e7o | Guia Comercial de Piracicaba SP<\/title>\n<meta name=\"robots\" content=\"index, follow, max-snippet:-1, max-image-preview:large, max-video-preview:-1\" \/>\n<link rel=\"canonical\" href=\"https:\/\/www.encontrapiracicaba.com.br\/guia\/dia-das-contadoras-e-dos-contadores-de-historias-sera-celebrado-em-20-de-marco\/\" \/>\n<meta property=\"og:locale\" content=\"pt_BR\" \/>\n<meta property=\"og:type\" content=\"article\" \/>\n<meta property=\"og:title\" content=\"Dia das Contadoras e dos Contadores de Hist\u00f3rias ser\u00e1 celebrado em 20 de mar\u00e7o | Guia Comercial de Piracicaba SP\" \/>\n<meta property=\"og:description\" content=\"Dia das Contadoras e Contadores de Hist\u00f3rias ser\u00e1 celebrado oficialmente em 20 de mar\u00e7o.\" \/>\n<meta property=\"og:url\" content=\"https:\/\/www.encontrapiracicaba.com.br\/guia\/dia-das-contadoras-e-dos-contadores-de-historias-sera-celebrado-em-20-de-marco\/\" \/>\n<meta property=\"og:site_name\" content=\"Guia Comercial de Piracicaba SP\" \/>\n<meta property=\"article:published_time\" content=\"2026-03-10T20:29:43+00:00\" \/>\n<meta property=\"og:image\" content=\"https:\/\/www.encontrapiracicaba.com.br\/guia\/wp-content\/uploads\/2026\/03\/dia-das-contadoras-e-dos-contadores-de-historias-sera-celebrado-em-20-de-marco.webp\" \/>\n<meta name=\"author\" content=\"Encontra Piracicaba\" \/>\n<meta name=\"twitter:card\" content=\"summary_large_image\" \/>\n<meta name=\"twitter:label1\" content=\"Escrito por\" \/>\n\t<meta name=\"twitter:data1\" content=\"Encontra Piracicaba\" \/>\n\t<meta name=\"twitter:label2\" content=\"Est. tempo de leitura\" \/>\n\t<meta name=\"twitter:data2\" content=\"6 minutos\" \/>\n<script type=\"application\/ld+json\" class=\"yoast-schema-graph\">{\"@context\":\"https:\/\/schema.org\",\"@graph\":[{\"@type\":\"WebPage\",\"@id\":\"https:\/\/www.encontrapiracicaba.com.br\/guia\/dia-das-contadoras-e-dos-contadores-de-historias-sera-celebrado-em-20-de-marco\/\",\"url\":\"https:\/\/www.encontrapiracicaba.com.br\/guia\/dia-das-contadoras-e-dos-contadores-de-historias-sera-celebrado-em-20-de-marco\/\",\"name\":\"Dia das Contadoras e dos Contadores de Hist\u00f3rias ser\u00e1 celebrado em 20 de mar\u00e7o | Guia Comercial de Piracicaba SP\",\"isPartOf\":{\"@id\":\"https:\/\/www.encontrapiracicaba.com.br\/guia\/#website\"},\"primaryImageOfPage\":{\"@id\":\"https:\/\/www.encontrapiracicaba.com.br\/guia\/dia-das-contadoras-e-dos-contadores-de-historias-sera-celebrado-em-20-de-marco\/#primaryimage\"},\"image\":{\"@id\":\"https:\/\/www.encontrapiracicaba.com.br\/guia\/dia-das-contadoras-e-dos-contadores-de-historias-sera-celebrado-em-20-de-marco\/#primaryimage\"},\"thumbnailUrl\":\"https:\/\/www.encontrapiracicaba.com.br\/guia\/wp-content\/uploads\/2026\/03\/dia-das-contadoras-e-dos-contadores-de-historias-sera-celebrado-em-20-de-marco.webp\",\"datePublished\":\"2026-03-10T20:29:43+00:00\",\"author\":{\"@id\":\"https:\/\/www.encontrapiracicaba.com.br\/guia\/#\/schema\/person\/cc069b52e99b6a38a49642db7f9836d1\"},\"inLanguage\":\"pt-BR\",\"potentialAction\":[{\"@type\":\"ReadAction\",\"target\":[\"https:\/\/www.encontrapiracicaba.com.br\/guia\/dia-das-contadoras-e-dos-contadores-de-historias-sera-celebrado-em-20-de-marco\/\"]}]},{\"@type\":\"ImageObject\",\"inLanguage\":\"pt-BR\",\"@id\":\"https:\/\/www.encontrapiracicaba.com.br\/guia\/dia-das-contadoras-e-dos-contadores-de-historias-sera-celebrado-em-20-de-marco\/#primaryimage\",\"url\":\"https:\/\/www.encontrapiracicaba.com.br\/guia\/wp-content\/uploads\/2026\/03\/dia-das-contadoras-e-dos-contadores-de-historias-sera-celebrado-em-20-de-marco.webp\",\"contentUrl\":\"https:\/\/www.encontrapiracicaba.com.br\/guia\/wp-content\/uploads\/2026\/03\/dia-das-contadoras-e-dos-contadores-de-historias-sera-celebrado-em-20-de-marco.webp\",\"width\":280,\"height\":280,\"caption\":\"Dia das Contadoras e dos Contadores de Hist\u00f3rias\"},{\"@type\":\"WebSite\",\"@id\":\"https:\/\/www.encontrapiracicaba.com.br\/guia\/#website\",\"url\":\"https:\/\/www.encontrapiracicaba.com.br\/guia\/\",\"name\":\"Guia Comercial de Piracicaba SP\",\"description\":\"ENCONTRA PIRACICABA - O guia comercial de neg\u00f3cios e empresas, cultura e divers\u00e3o na cidade de Piracicaba. Feito 100% para voc\u00ea morador!\",\"potentialAction\":[{\"@type\":\"SearchAction\",\"target\":{\"@type\":\"EntryPoint\",\"urlTemplate\":\"https:\/\/www.encontrapiracicaba.com.br\/guia\/?s={search_term_string}\"},\"query-input\":{\"@type\":\"PropertyValueSpecification\",\"valueRequired\":true,\"valueName\":\"search_term_string\"}}],\"inLanguage\":\"pt-BR\"},{\"@type\":\"Person\",\"@id\":\"https:\/\/www.encontrapiracicaba.com.br\/guia\/#\/schema\/person\/cc069b52e99b6a38a49642db7f9836d1\",\"name\":\"Encontra Piracicaba\",\"image\":{\"@type\":\"ImageObject\",\"inLanguage\":\"pt-BR\",\"@id\":\"https:\/\/www.encontrapiracicaba.com.br\/guia\/#\/schema\/person\/image\/\",\"url\":\"https:\/\/secure.gravatar.com\/avatar\/c50c17820bcf322f0a8fd6b110b8c0918141409dc69076470f6fca5fee70a5d4?s=96&d=mm&r=g\",\"contentUrl\":\"https:\/\/secure.gravatar.com\/avatar\/c50c17820bcf322f0a8fd6b110b8c0918141409dc69076470f6fca5fee70a5d4?s=96&d=mm&r=g\",\"caption\":\"Encontra Piracicaba\"},\"url\":\"https:\/\/www.encontrapiracicaba.com.br\/guia\/author\/encontrapiracicaba\/\"}]}<\/script>\n<!-- \/ Yoast SEO plugin. -->","yoast_head_json":{"title":"Dia das Contadoras e dos Contadores de Hist\u00f3rias ser\u00e1 celebrado em 20 de mar\u00e7o | Guia Comercial de Piracicaba SP","robots":{"index":"index","follow":"follow","max-snippet":"max-snippet:-1","max-image-preview":"max-image-preview:large","max-video-preview":"max-video-preview:-1"},"canonical":"https:\/\/www.encontrapiracicaba.com.br\/guia\/dia-das-contadoras-e-dos-contadores-de-historias-sera-celebrado-em-20-de-marco\/","og_locale":"pt_BR","og_type":"article","og_title":"Dia das Contadoras e dos Contadores de Hist\u00f3rias ser\u00e1 celebrado em 20 de mar\u00e7o | Guia Comercial de Piracicaba SP","og_description":"Dia das Contadoras e Contadores de Hist\u00f3rias ser\u00e1 celebrado oficialmente em 20 de mar\u00e7o.","og_url":"https:\/\/www.encontrapiracicaba.com.br\/guia\/dia-das-contadoras-e-dos-contadores-de-historias-sera-celebrado-em-20-de-marco\/","og_site_name":"Guia Comercial de Piracicaba SP","article_published_time":"2026-03-10T20:29:43+00:00","og_image":[{"url":"https:\/\/www.encontrapiracicaba.com.br\/guia\/wp-content\/uploads\/2026\/03\/dia-das-contadoras-e-dos-contadores-de-historias-sera-celebrado-em-20-de-marco.webp","type":"","width":"","height":""}],"author":"Encontra Piracicaba","twitter_card":"summary_large_image","twitter_misc":{"Escrito por":"Encontra Piracicaba","Est. tempo de leitura":"6 minutos"},"schema":{"@context":"https:\/\/schema.org","@graph":[{"@type":"WebPage","@id":"https:\/\/www.encontrapiracicaba.com.br\/guia\/dia-das-contadoras-e-dos-contadores-de-historias-sera-celebrado-em-20-de-marco\/","url":"https:\/\/www.encontrapiracicaba.com.br\/guia\/dia-das-contadoras-e-dos-contadores-de-historias-sera-celebrado-em-20-de-marco\/","name":"Dia das Contadoras e dos Contadores de Hist\u00f3rias ser\u00e1 celebrado em 20 de mar\u00e7o | Guia Comercial de Piracicaba SP","isPartOf":{"@id":"https:\/\/www.encontrapiracicaba.com.br\/guia\/#website"},"primaryImageOfPage":{"@id":"https:\/\/www.encontrapiracicaba.com.br\/guia\/dia-das-contadoras-e-dos-contadores-de-historias-sera-celebrado-em-20-de-marco\/#primaryimage"},"image":{"@id":"https:\/\/www.encontrapiracicaba.com.br\/guia\/dia-das-contadoras-e-dos-contadores-de-historias-sera-celebrado-em-20-de-marco\/#primaryimage"},"thumbnailUrl":"https:\/\/www.encontrapiracicaba.com.br\/guia\/wp-content\/uploads\/2026\/03\/dia-das-contadoras-e-dos-contadores-de-historias-sera-celebrado-em-20-de-marco.webp","datePublished":"2026-03-10T20:29:43+00:00","author":{"@id":"https:\/\/www.encontrapiracicaba.com.br\/guia\/#\/schema\/person\/cc069b52e99b6a38a49642db7f9836d1"},"inLanguage":"pt-BR","potentialAction":[{"@type":"ReadAction","target":["https:\/\/www.encontrapiracicaba.com.br\/guia\/dia-das-contadoras-e-dos-contadores-de-historias-sera-celebrado-em-20-de-marco\/"]}]},{"@type":"ImageObject","inLanguage":"pt-BR","@id":"https:\/\/www.encontrapiracicaba.com.br\/guia\/dia-das-contadoras-e-dos-contadores-de-historias-sera-celebrado-em-20-de-marco\/#primaryimage","url":"https:\/\/www.encontrapiracicaba.com.br\/guia\/wp-content\/uploads\/2026\/03\/dia-das-contadoras-e-dos-contadores-de-historias-sera-celebrado-em-20-de-marco.webp","contentUrl":"https:\/\/www.encontrapiracicaba.com.br\/guia\/wp-content\/uploads\/2026\/03\/dia-das-contadoras-e-dos-contadores-de-historias-sera-celebrado-em-20-de-marco.webp","width":280,"height":280,"caption":"Dia das Contadoras e dos Contadores de Hist\u00f3rias"},{"@type":"WebSite","@id":"https:\/\/www.encontrapiracicaba.com.br\/guia\/#website","url":"https:\/\/www.encontrapiracicaba.com.br\/guia\/","name":"Guia Comercial de Piracicaba SP","description":"ENCONTRA PIRACICABA - O guia comercial de neg\u00f3cios e empresas, cultura e divers\u00e3o na cidade de Piracicaba. Feito 100% para voc\u00ea morador!","potentialAction":[{"@type":"SearchAction","target":{"@type":"EntryPoint","urlTemplate":"https:\/\/www.encontrapiracicaba.com.br\/guia\/?s={search_term_string}"},"query-input":{"@type":"PropertyValueSpecification","valueRequired":true,"valueName":"search_term_string"}}],"inLanguage":"pt-BR"},{"@type":"Person","@id":"https:\/\/www.encontrapiracicaba.com.br\/guia\/#\/schema\/person\/cc069b52e99b6a38a49642db7f9836d1","name":"Encontra Piracicaba","image":{"@type":"ImageObject","inLanguage":"pt-BR","@id":"https:\/\/www.encontrapiracicaba.com.br\/guia\/#\/schema\/person\/image\/","url":"https:\/\/secure.gravatar.com\/avatar\/c50c17820bcf322f0a8fd6b110b8c0918141409dc69076470f6fca5fee70a5d4?s=96&d=mm&r=g","contentUrl":"https:\/\/secure.gravatar.com\/avatar\/c50c17820bcf322f0a8fd6b110b8c0918141409dc69076470f6fca5fee70a5d4?s=96&d=mm&r=g","caption":"Encontra Piracicaba"},"url":"https:\/\/www.encontrapiracicaba.com.br\/guia\/author\/encontrapiracicaba\/"}]}},"_links":{"self":[{"href":"https:\/\/www.encontrapiracicaba.com.br\/guia\/wp-json\/wp\/v2\/posts\/6469","targetHints":{"allow":["GET"]}}],"collection":[{"href":"https:\/\/www.encontrapiracicaba.com.br\/guia\/wp-json\/wp\/v2\/posts"}],"about":[{"href":"https:\/\/www.encontrapiracicaba.com.br\/guia\/wp-json\/wp\/v2\/types\/post"}],"author":[{"embeddable":true,"href":"https:\/\/www.encontrapiracicaba.com.br\/guia\/wp-json\/wp\/v2\/users\/1"}],"replies":[{"embeddable":true,"href":"https:\/\/www.encontrapiracicaba.com.br\/guia\/wp-json\/wp\/v2\/comments?post=6469"}],"version-history":[{"count":0,"href":"https:\/\/www.encontrapiracicaba.com.br\/guia\/wp-json\/wp\/v2\/posts\/6469\/revisions"}],"wp:featuredmedia":[{"embeddable":true,"href":"https:\/\/www.encontrapiracicaba.com.br\/guia\/wp-json\/wp\/v2\/media\/6468"}],"wp:attachment":[{"href":"https:\/\/www.encontrapiracicaba.com.br\/guia\/wp-json\/wp\/v2\/media?parent=6469"}],"wp:term":[{"taxonomy":"category","embeddable":true,"href":"https:\/\/www.encontrapiracicaba.com.br\/guia\/wp-json\/wp\/v2\/categories?post=6469"},{"taxonomy":"post_tag","embeddable":true,"href":"https:\/\/www.encontrapiracicaba.com.br\/guia\/wp-json\/wp\/v2\/tags?post=6469"}],"curies":[{"name":"wp","href":"https:\/\/api.w.org\/{rel}","templated":true}]}}