{"id":6499,"date":"2026-03-21T17:35:25","date_gmt":"2026-03-21T20:35:25","guid":{"rendered":"https:\/\/www.encontrapiracicaba.com.br\/guia\/camara-aprova-projeto-de-lei-para-implementacao-de-politicas-publicas-do-cuidado\/"},"modified":"2026-03-21T17:35:25","modified_gmt":"2026-03-21T20:35:25","slug":"camara-aprova-projeto-de-lei-para-implementacao-de-politicas-publicas-do-cuidado","status":"publish","type":"post","link":"https:\/\/www.encontrapiracicaba.com.br\/guia\/camara-aprova-projeto-de-lei-para-implementacao-de-politicas-publicas-do-cuidado\/","title":{"rendered":"C\u00e2mara aprova projeto de lei para implementa\u00e7\u00e3o de Pol\u00edticas P\u00fablicas do Cuidado"},"content":{"rendered":"<h2>Objetivos do Projeto de Lei 17\/2026<\/h2>\n<p>O projeto de lei 17\/2026 visa estabelecer um quadro normativo que institui a Pol\u00edtica Municipal de Cuidados em Piracicaba. O foco principal \u00e9 assegurar que todos os cidad\u00e3os tenham o direito ao cuidado, promovendo uma corresponsabilidade social entre homens e mulheres, especialmente em um contexto de desigualdades sociais significativas. O plano pretende adotar uma abordagem intersetorial e transversal, incorporando a Pol\u00edtica de Cuidados no planejamento municipal. Os objetivos incluem garantir o acesso a cuidados de qualidade, incentivar a participa\u00e7\u00e3o de diferentes setores da sociedade e promover um impacto significativo no modo como o cuidado \u00e9 gerido no ambiente dom\u00e9stico e comunit\u00e1rio.<\/p>\n<h2>Import\u00e2ncia do Cuidado na Sociedade<\/h2>\n<p>O cuidado possui um papel essencial nas sociedades, sendo fundamental para a manuten\u00e7\u00e3o da vida e do bem-estar. Este aspecto vai al\u00e9m do \u00e2mbito dom\u00e9stico, afetando diretamente o funcionamento de fam\u00edlias, comunidades e at\u00e9 mesmo a economia. No Brasil, as mulheres s\u00e3o as principais respons\u00e1veis por cuidar dos outros, o que muitas vezes resulta em um ac\u00famulo de trabalho n\u00e3o remunerado. A implementa\u00e7\u00e3o das Pol\u00edticas P\u00fablicas do Cuidado busca reconhecer e redistribuir essas responsabilidades, promovendo um modelo mais equilibrado e sustent\u00e1vel que abra caminho para o desenvolvimento social e econ\u00f4mico inclusivo.<\/p>\n<h2>A Responsabilidade Social nas Pol\u00edticas de Cuidado<\/h2>\n<p>As Pol\u00edticas P\u00fablicas do Cuidado requerem uma abordagem que reconhe\u00e7a a responsabilidade compartilhada entre o Estado, a sociedade civil e o setor privado. O objetivo \u00e9 que todos os setores se unam para garantir que o cuidado seja devidamente valorizado e que as tarefas relacionadas a ele sejam normatizadas dentro de um contexto de dignidade e respeito. Essa corresponsabilidade \u00e9 vital para construir uma rede de apoio efetiva que n\u00e3o apenas beneficie as cuidadores, mas tamb\u00e9m aqueles que precisam de cuidados adequados e atenciosos.<\/p>\n<h2>Como o Projeto Afeta a Comunidade<\/h2>\n<p>Com a aprova\u00e7\u00e3o do PL 17\/2026, a comunidade de Piracicaba poder\u00e1 vivenciar uma transforma\u00e7\u00e3o significativa nas din\u00e2micas sociais. O projeto promover\u00e1 um enfoque maior no cuidado em diversas esferas, desde a inf\u00e2ncia at\u00e9 a velhice, beneficiando diretamente grupos vulner\u00e1veis. Esta mudan\u00e7a dever\u00e1 gerar uma conscientiza\u00e7\u00e3o acerca da import\u00e2ncia do trabalho de cuidado, incentivando tamb\u00e9m a participa\u00e7\u00e3o ativa da sociedade em iniciativas que promovam a solidariedade e o apoio m\u00fatuo.<\/p>\n<h2>Desafios na Implementa\u00e7\u00e3o das Pol\u00edticas<\/h2>\n<p>Apesar das promissoras diretrizes apresentadas no projeto de lei, a implementa\u00e7\u00e3o eficaz das Pol\u00edticas P\u00fablicas do Cuidado enfrenta diversos desafios. Um dos principais obst\u00e1culos \u00e9 a resist\u00eancia cultural em reconhecer o cuidado como um trabalho que merece ser valorizado e recompensado. Al\u00e9m disso, a falta de recursos e a fragmenta\u00e7\u00e3o das iniciativas existentes podem dificultar a execu\u00e7\u00e3o do plano. Portanto, \u00e9 fundamental elaborar estrat\u00e9gias que promovam a integra\u00e7\u00e3o dos esfor\u00e7os e garantam que todos os envolvidos estejam devidamente capacitados.<\/p>\n<h2>Impacto nas Mulheres e Cuidadoras<\/h2>\n<p>A proposta tamb\u00e9m visa um impacto positivo nas vidas das mulheres, que, em grande parte, s\u00e3o as principais cuidadoras n\u00e3o remuneradas. Ao proporcionar um suporte mais adequado e criar um sistema que redistribua o trabalho de cuidado, o projeto busca aliviar a carga sobre essas mulheres, permitindo-lhes dedicarem mais tempo \u00e0s suas carreiras e vidas pessoais. A valoriza\u00e7\u00e3o do trabalho de cuidado pode contribuir para um ciclo de empoderamento e autonomia para as mulheres.<\/p>\n<h2>Estrat\u00e9gias para o Sucesso da Pol\u00edtica Municipal<\/h2>\n<p>Para que as Pol\u00edticas P\u00fablicas do Cuidado sejam bem-sucedidas, \u00e9 crucial implementar pr\u00e1ticas que integrem diferentes partes interessadas. Isso envolve:<\/p>\n<ul>\n<li><strong>Capacita\u00e7\u00e3o:<\/strong> Oferecer treinamentos e recursos para cuidadores remunerados e n\u00e3o remunerados.<\/li>\n<li><strong>Acompanhamento:<\/strong> Estabelecer um sistema de avalia\u00e7\u00e3o e monitoramento das pol\u00edticas em execu\u00e7\u00e3o.<\/li>\n<li><strong>Engajamento da Comunidade:<\/strong> Criar f\u00f3runs de discuss\u00e3o e espa\u00e7os para que a comunidade participe ativamente no processo de formula\u00e7\u00e3o e implementa\u00e7\u00e3o das pol\u00edticas.<\/li>\n<li><strong>Parcerias:<\/strong> Fomentar colabora\u00e7\u00f5es entre governo, ONGs e empresas para potencializar recursos e experi\u00eancia.<\/li>\n<\/ul>\n<h2>Rea\u00e7\u00f5es da C\u00e2mara e da Comunidade<\/h2>\n<p>A discuss\u00e3o em plen\u00e1rio do projeto de lei trouxe \u00e0 tona a relev\u00e2ncia da quest\u00e3o do cuidado nas esferas pol\u00edtica e comunit\u00e1ria. A vereadora Rai de Almeida, autora da proposta, enfatizou a necessidade de desmistificar o papel do cuidado na sociedade e destacou o impacto que a falta de reconhecimento deste trabalho traz para as mulheres e para a din\u00e2mica familiar. Os membros da c\u00e2mara mostraram suporte, mas tamb\u00e9m manifestaram preocupa\u00e7\u00e3o com a execu\u00e7\u00e3o pr\u00e1tica das a\u00e7\u00f5es planejadas.<\/p>\n<h2>Estudos e Dados que Apoiam a Iniciativa<\/h2>\n<p>A justificativa do projeto de lei \u00e9 baseada em um denso conjunto de dados de pesquisas, incluindo informa\u00e7\u00f5es do IBGE e do IPEA que evidenciam a desigualdade de g\u00eanero no mercado de trabalho. Estudos indicam que a pandemia de COVID-19 exacerbou essa realidade, aumentando ainda mais a carga de trabalho n\u00e3o remunerado nas casas. Esses dados s\u00e3o essenciais para demonstrar a urg\u00eancia da implementa\u00e7\u00e3o das Pol\u00edticas P\u00fablicas do Cuidado, uma vez que revelam a correla\u00e7\u00e3o entre a desigualdade econ\u00f4mica e o acesso a cuidados adequados.<\/p>\n<h2>Pr\u00f3ximos Passos para a Implementa\u00e7\u00e3o<\/h2>\n<p>Com a aprova\u00e7\u00e3o inicial do PL 17\/2026, os pr\u00f3ximos passos incluem a elabora\u00e7\u00e3o de um plano de a\u00e7\u00e3o detalhado que defina claramente as etapas de implementa\u00e7\u00e3o. \u00c9 fundamental garantir a participa\u00e7\u00e3o da comunidade no desenvolvimento desse plano, bem como a aloca\u00e7\u00e3o adequada de recursos financeiros. O apoio do governo estadual e federal, al\u00e9m de uma ampla comunica\u00e7\u00e3o social sobre as pol\u00edticas implementadas, ser\u00e1 crucial para o sucesso da iniciativa.<\/p>\n","protected":false},"excerpt":{"rendered":"<p>Pol\u00edticas P\u00fablicas do Cuidado s\u00e3o agora uma realidade em Piracicaba.<\/p>\n","protected":false},"author":1,"featured_media":0,"comment_status":"open","ping_status":"open","sticky":false,"template":"","format":"standard","meta":{"footnotes":""},"categories":[5],"tags":[],"class_list":["post-6499","post","type-post","status-publish","format-standard","hentry","category-noticias"],"yoast_head":"<!-- This site is optimized with the Yoast SEO plugin v26.5 - https:\/\/yoast.com\/wordpress\/plugins\/seo\/ -->\n<title>C\u00e2mara aprova projeto de lei para implementa\u00e7\u00e3o de Pol\u00edticas P\u00fablicas do Cuidado | Guia Comercial de Piracicaba SP<\/title>\n<meta name=\"robots\" content=\"index, follow, max-snippet:-1, max-image-preview:large, max-video-preview:-1\" \/>\n<link rel=\"canonical\" href=\"https:\/\/www.encontrapiracicaba.com.br\/guia\/camara-aprova-projeto-de-lei-para-implementacao-de-politicas-publicas-do-cuidado\/\" \/>\n<meta property=\"og:locale\" content=\"pt_BR\" \/>\n<meta property=\"og:type\" content=\"article\" \/>\n<meta property=\"og:title\" content=\"C\u00e2mara aprova projeto de lei para implementa\u00e7\u00e3o de Pol\u00edticas P\u00fablicas do Cuidado | Guia Comercial de Piracicaba SP\" \/>\n<meta property=\"og:description\" content=\"Pol\u00edticas P\u00fablicas do Cuidado s\u00e3o agora uma realidade em Piracicaba.\" \/>\n<meta property=\"og:url\" content=\"https:\/\/www.encontrapiracicaba.com.br\/guia\/camara-aprova-projeto-de-lei-para-implementacao-de-politicas-publicas-do-cuidado\/\" \/>\n<meta property=\"og:site_name\" content=\"Guia Comercial de Piracicaba SP\" \/>\n<meta property=\"article:published_time\" content=\"2026-03-21T20:35:25+00:00\" \/>\n<meta name=\"author\" content=\"Encontra Piracicaba\" \/>\n<meta name=\"twitter:card\" content=\"summary_large_image\" \/>\n<meta name=\"twitter:label1\" content=\"Escrito por\" \/>\n\t<meta name=\"twitter:data1\" content=\"Encontra Piracicaba\" \/>\n\t<meta name=\"twitter:label2\" content=\"Est. tempo de leitura\" \/>\n\t<meta name=\"twitter:data2\" content=\"5 minutos\" \/>\n<script type=\"application\/ld+json\" class=\"yoast-schema-graph\">{\"@context\":\"https:\/\/schema.org\",\"@graph\":[{\"@type\":\"WebPage\",\"@id\":\"https:\/\/www.encontrapiracicaba.com.br\/guia\/camara-aprova-projeto-de-lei-para-implementacao-de-politicas-publicas-do-cuidado\/\",\"url\":\"https:\/\/www.encontrapiracicaba.com.br\/guia\/camara-aprova-projeto-de-lei-para-implementacao-de-politicas-publicas-do-cuidado\/\",\"name\":\"C\u00e2mara aprova projeto de lei para implementa\u00e7\u00e3o de Pol\u00edticas P\u00fablicas do Cuidado | Guia Comercial de Piracicaba SP\",\"isPartOf\":{\"@id\":\"https:\/\/www.encontrapiracicaba.com.br\/guia\/#website\"},\"datePublished\":\"2026-03-21T20:35:25+00:00\",\"author\":{\"@id\":\"https:\/\/www.encontrapiracicaba.com.br\/guia\/#\/schema\/person\/cc069b52e99b6a38a49642db7f9836d1\"},\"inLanguage\":\"pt-BR\",\"potentialAction\":[{\"@type\":\"ReadAction\",\"target\":[\"https:\/\/www.encontrapiracicaba.com.br\/guia\/camara-aprova-projeto-de-lei-para-implementacao-de-politicas-publicas-do-cuidado\/\"]}]},{\"@type\":\"WebSite\",\"@id\":\"https:\/\/www.encontrapiracicaba.com.br\/guia\/#website\",\"url\":\"https:\/\/www.encontrapiracicaba.com.br\/guia\/\",\"name\":\"Guia Comercial de Piracicaba SP\",\"description\":\"ENCONTRA PIRACICABA - O guia comercial de neg\u00f3cios e empresas, cultura e divers\u00e3o na cidade de Piracicaba. Feito 100% para voc\u00ea morador!\",\"potentialAction\":[{\"@type\":\"SearchAction\",\"target\":{\"@type\":\"EntryPoint\",\"urlTemplate\":\"https:\/\/www.encontrapiracicaba.com.br\/guia\/?s={search_term_string}\"},\"query-input\":{\"@type\":\"PropertyValueSpecification\",\"valueRequired\":true,\"valueName\":\"search_term_string\"}}],\"inLanguage\":\"pt-BR\"},{\"@type\":\"Person\",\"@id\":\"https:\/\/www.encontrapiracicaba.com.br\/guia\/#\/schema\/person\/cc069b52e99b6a38a49642db7f9836d1\",\"name\":\"Encontra Piracicaba\",\"image\":{\"@type\":\"ImageObject\",\"inLanguage\":\"pt-BR\",\"@id\":\"https:\/\/www.encontrapiracicaba.com.br\/guia\/#\/schema\/person\/image\/\",\"url\":\"https:\/\/secure.gravatar.com\/avatar\/c50c17820bcf322f0a8fd6b110b8c0918141409dc69076470f6fca5fee70a5d4?s=96&d=mm&r=g\",\"contentUrl\":\"https:\/\/secure.gravatar.com\/avatar\/c50c17820bcf322f0a8fd6b110b8c0918141409dc69076470f6fca5fee70a5d4?s=96&d=mm&r=g\",\"caption\":\"Encontra Piracicaba\"},\"url\":\"https:\/\/www.encontrapiracicaba.com.br\/guia\/author\/encontrapiracicaba\/\"}]}<\/script>\n<!-- \/ Yoast SEO plugin. -->","yoast_head_json":{"title":"C\u00e2mara aprova projeto de lei para implementa\u00e7\u00e3o de Pol\u00edticas P\u00fablicas do Cuidado | Guia Comercial de Piracicaba SP","robots":{"index":"index","follow":"follow","max-snippet":"max-snippet:-1","max-image-preview":"max-image-preview:large","max-video-preview":"max-video-preview:-1"},"canonical":"https:\/\/www.encontrapiracicaba.com.br\/guia\/camara-aprova-projeto-de-lei-para-implementacao-de-politicas-publicas-do-cuidado\/","og_locale":"pt_BR","og_type":"article","og_title":"C\u00e2mara aprova projeto de lei para implementa\u00e7\u00e3o de Pol\u00edticas P\u00fablicas do Cuidado | Guia Comercial de Piracicaba SP","og_description":"Pol\u00edticas P\u00fablicas do Cuidado s\u00e3o agora uma realidade em Piracicaba.","og_url":"https:\/\/www.encontrapiracicaba.com.br\/guia\/camara-aprova-projeto-de-lei-para-implementacao-de-politicas-publicas-do-cuidado\/","og_site_name":"Guia Comercial de Piracicaba SP","article_published_time":"2026-03-21T20:35:25+00:00","author":"Encontra Piracicaba","twitter_card":"summary_large_image","twitter_misc":{"Escrito por":"Encontra Piracicaba","Est. tempo de leitura":"5 minutos"},"schema":{"@context":"https:\/\/schema.org","@graph":[{"@type":"WebPage","@id":"https:\/\/www.encontrapiracicaba.com.br\/guia\/camara-aprova-projeto-de-lei-para-implementacao-de-politicas-publicas-do-cuidado\/","url":"https:\/\/www.encontrapiracicaba.com.br\/guia\/camara-aprova-projeto-de-lei-para-implementacao-de-politicas-publicas-do-cuidado\/","name":"C\u00e2mara aprova projeto de lei para implementa\u00e7\u00e3o de Pol\u00edticas P\u00fablicas do Cuidado | Guia Comercial de Piracicaba SP","isPartOf":{"@id":"https:\/\/www.encontrapiracicaba.com.br\/guia\/#website"},"datePublished":"2026-03-21T20:35:25+00:00","author":{"@id":"https:\/\/www.encontrapiracicaba.com.br\/guia\/#\/schema\/person\/cc069b52e99b6a38a49642db7f9836d1"},"inLanguage":"pt-BR","potentialAction":[{"@type":"ReadAction","target":["https:\/\/www.encontrapiracicaba.com.br\/guia\/camara-aprova-projeto-de-lei-para-implementacao-de-politicas-publicas-do-cuidado\/"]}]},{"@type":"WebSite","@id":"https:\/\/www.encontrapiracicaba.com.br\/guia\/#website","url":"https:\/\/www.encontrapiracicaba.com.br\/guia\/","name":"Guia Comercial de Piracicaba SP","description":"ENCONTRA PIRACICABA - O guia comercial de neg\u00f3cios e empresas, cultura e divers\u00e3o na cidade de Piracicaba. Feito 100% para voc\u00ea morador!","potentialAction":[{"@type":"SearchAction","target":{"@type":"EntryPoint","urlTemplate":"https:\/\/www.encontrapiracicaba.com.br\/guia\/?s={search_term_string}"},"query-input":{"@type":"PropertyValueSpecification","valueRequired":true,"valueName":"search_term_string"}}],"inLanguage":"pt-BR"},{"@type":"Person","@id":"https:\/\/www.encontrapiracicaba.com.br\/guia\/#\/schema\/person\/cc069b52e99b6a38a49642db7f9836d1","name":"Encontra Piracicaba","image":{"@type":"ImageObject","inLanguage":"pt-BR","@id":"https:\/\/www.encontrapiracicaba.com.br\/guia\/#\/schema\/person\/image\/","url":"https:\/\/secure.gravatar.com\/avatar\/c50c17820bcf322f0a8fd6b110b8c0918141409dc69076470f6fca5fee70a5d4?s=96&d=mm&r=g","contentUrl":"https:\/\/secure.gravatar.com\/avatar\/c50c17820bcf322f0a8fd6b110b8c0918141409dc69076470f6fca5fee70a5d4?s=96&d=mm&r=g","caption":"Encontra Piracicaba"},"url":"https:\/\/www.encontrapiracicaba.com.br\/guia\/author\/encontrapiracicaba\/"}]}},"_links":{"self":[{"href":"https:\/\/www.encontrapiracicaba.com.br\/guia\/wp-json\/wp\/v2\/posts\/6499","targetHints":{"allow":["GET"]}}],"collection":[{"href":"https:\/\/www.encontrapiracicaba.com.br\/guia\/wp-json\/wp\/v2\/posts"}],"about":[{"href":"https:\/\/www.encontrapiracicaba.com.br\/guia\/wp-json\/wp\/v2\/types\/post"}],"author":[{"embeddable":true,"href":"https:\/\/www.encontrapiracicaba.com.br\/guia\/wp-json\/wp\/v2\/users\/1"}],"replies":[{"embeddable":true,"href":"https:\/\/www.encontrapiracicaba.com.br\/guia\/wp-json\/wp\/v2\/comments?post=6499"}],"version-history":[{"count":0,"href":"https:\/\/www.encontrapiracicaba.com.br\/guia\/wp-json\/wp\/v2\/posts\/6499\/revisions"}],"wp:attachment":[{"href":"https:\/\/www.encontrapiracicaba.com.br\/guia\/wp-json\/wp\/v2\/media?parent=6499"}],"wp:term":[{"taxonomy":"category","embeddable":true,"href":"https:\/\/www.encontrapiracicaba.com.br\/guia\/wp-json\/wp\/v2\/categories?post=6499"},{"taxonomy":"post_tag","embeddable":true,"href":"https:\/\/www.encontrapiracicaba.com.br\/guia\/wp-json\/wp\/v2\/tags?post=6499"}],"curies":[{"name":"wp","href":"https:\/\/api.w.org\/{rel}","templated":true}]}}