{"id":1025,"date":"2012-08-07T09:50:51","date_gmt":"2012-08-07T12:50:51","guid":{"rendered":"http:\/\/www.encontrapiracicaba.com.br\/noticias\/?p=1025"},"modified":"2019-04-12T16:05:24","modified_gmt":"2019-04-12T19:05:24","slug":"doentes-cronicos-de-piracicaba-estao-convocados-a-tomar-vacina-contra-a-gripe","status":"publish","type":"post","link":"https:\/\/www.encontrapiracicaba.com.br\/sobre\/doentes-cronicos-de-piracicaba-estao-convocados-a-tomar-vacina-contra-a-gripe\/","title":{"rendered":"Doentes cr\u00f4nicos de Piracicaba est\u00e3o convocados a tomar vacina contra a gripe"},"content":{"rendered":"<div class=\"85df007ed5c0c4d4b453fd13a37855e8\" data-index=\"1\" style=\"float: none; margin:0px;\">\n<!-- Anuncio display - global -->\r\n<ins class=\"adsbygoogle\"\r\n     style=\"display:block\"\r\n     data-ad-client=\"ca-pub-8585364105181520\"\r\n     data-ad-slot=\"8789329856\"\r\n     data-ad-format=\"auto\"\r\n     data-full-width-responsive=\"true\"><\/ins>\r\n<script>\r\n     (adsbygoogle = window.adsbygoogle || []).push({});\r\n<\/script>\n<\/div>\n<p>Pacientes com doen\u00e7as cr\u00f4nicas est\u00e3o convocados a tomar a vacina contra a gripe. O alerta \u00e9 da Secretaria Estadual da Sa\u00fade e tem como objetivo ampliar a cobertura de imuniza\u00e7\u00e3o contra o v\u00edrus da influenza em todo o Estado de S\u00e3o Paulo. A popula\u00e7\u00e3o que possui algum tipo de doen\u00e7a cr\u00f4nica est\u00e1 mais suscet\u00edvel a desenvolver complica\u00e7\u00f5es da gripe, como a S\u00edndrome Respirat\u00f3ria Aguda Grave (SRAG). A vacina \u00e9 disponibilizada gratuitamente nos postos de sa\u00fade.<\/p>\n<p>Entre as doen\u00e7as consideradas cr\u00f4nicas est\u00e3o cardiopatias, pneumopatias, hepatopatias, nefropatias e diabetes, al\u00e9m de pacientes classificados como imunodeprimidos, aqueles que possuem o sistema imunol\u00f3gico debilitado devido \u00e0 doen\u00e7as como c\u00e2ncer, HIV\/Aids, imunodefici\u00eancias cong\u00eanitas ou pelo fato de terem se submetido a algum tipo de transplante. A imuniza\u00e7\u00e3o tamb\u00e9m \u00e9 recomendada para pacientes com doen\u00e7as neurol\u00f3gicas incapacitantes e obesos.<\/p>\n<p>Para receber a dose, o portador de doen\u00e7a cr\u00f4nica deve comparecer a um dos postos de vacina\u00e7\u00e3o e apresentar um documento que comprove o diagn\u00f3stico da doen\u00e7a, como uma receita ou laudo m\u00e9dico. At\u00e9 o momento foram aplicadas no Estado 632 mil doses em pessoas com doen\u00e7as cr\u00f4nicas.<\/p>\n<p>Visite o posto de sa\u00fade mais pr\u00f3ximo e informe-se sobre como se imunizar.<\/p>\n<p><em>Fonte: Portal do Governo do Estado<\/em><\/p>\n\n<div style=\"font-size: 0px; height: 0px; line-height: 0px; margin: 0; padding: 0; clear: both;\"><\/div>","protected":false},"excerpt":{"rendered":"<p>Pacientes com doen\u00e7as cr\u00f4nicas est\u00e3o convocados a tomar a vacina contra a gripe. O alerta \u00e9 da Secretaria Estadual da Sa\u00fade e tem como objetivo ampliar a cobertura de imuniza\u00e7\u00e3o contra o v\u00edrus da influenza em todo o Estado de S\u00e3o Paulo. A popula\u00e7\u00e3o que possui algum tipo de doen\u00e7a cr\u00f4nica est\u00e1 mais suscet\u00edvel a desenvolver complica\u00e7\u00f5es da gripe, como a S\u00edndrome Respirat\u00f3ria Aguda Grave (SRAG). A vacina \u00e9 disponibilizada gratuitamente nos postos de sa\u00fade. Entre as doen\u00e7as consideradas cr\u00f4nicas est\u00e3o cardiopatias, pneumopatias, hepatopatias, nefropatias e diabetes, al\u00e9m de pacientes classificados como imunodeprimidos, aqueles que possuem o sistema imunol\u00f3gico debilitado <\/p>\n","protected":false},"author":1,"featured_media":0,"comment_status":"open","ping_status":"closed","sticky":false,"template":"","format":"standard","meta":{"footnotes":""},"categories":[6],"tags":[],"class_list":["post-1025","post","type-post","status-publish","format-standard","hentry","category-noticias-em-piracicaba"],"aioseo_notices":[],"aioseo_head":"\n\t\t<!-- All in One SEO 5.0.0.1 - aioseo.com -->\n\t<meta name=\"robots\" content=\"max-image-preview:large\" \/>\n\t<meta name=\"author\" content=\"Encontra Piracicaba\"\/>\n\t<link rel=\"canonical\" href=\"https:\/\/www.encontrapiracicaba.com.br\/sobre\/doentes-cronicos-de-piracicaba-estao-convocados-a-tomar-vacina-contra-a-gripe\/\" \/>\n\t<meta name=\"generator\" content=\"All in One SEO (AIOSEO) 5.0.0.1\" \/>\n\t\t<meta property=\"og:locale\" content=\"pt_BR\" \/>\n\t\t<meta property=\"og:site_name\" content=\"Encontra Piracicaba | Not\u00edcias, eventos, informa\u00e7\u00f5es e dicas na cidade de Piracicaba e regi\u00e3o\" \/>\n\t\t<meta property=\"og:type\" content=\"article\" \/>\n\t\t<meta property=\"og:title\" content=\"Doentes cr\u00f4nicos de Piracicaba est\u00e3o convocados a tomar vacina contra a gripe | Encontra Piracicaba\" \/>\n\t\t<meta property=\"og:url\" content=\"https:\/\/www.encontrapiracicaba.com.br\/sobre\/doentes-cronicos-de-piracicaba-estao-convocados-a-tomar-vacina-contra-a-gripe\/\" \/>\n\t\t<meta property=\"article:published_time\" content=\"2012-08-07T12:50:51+00:00\" \/>\n\t\t<meta property=\"article:modified_time\" content=\"2019-04-12T19:05:24+00:00\" \/>\n\t\t<meta name=\"twitter:card\" content=\"summary\" \/>\n\t\t<meta name=\"twitter:title\" content=\"Doentes cr\u00f4nicos de Piracicaba est\u00e3o convocados a tomar vacina contra a gripe | Encontra Piracicaba\" \/>\n\t\t<script type=\"application\/ld+json\" class=\"aioseo-schema\">\n\t\t\t{\"@context\":\"https:\\\/\\\/schema.org\",\"@graph\":[{\"@type\":\"Article\",\"@id\":\"https:\\\/\\\/www.encontrapiracicaba.com.br\\\/sobre\\\/doentes-cronicos-de-piracicaba-estao-convocados-a-tomar-vacina-contra-a-gripe\\\/#article\",\"name\":\"Doentes cr\\u00f4nicos de Piracicaba est\\u00e3o convocados a tomar vacina contra a gripe | Encontra Piracicaba\",\"headline\":\"Doentes cr\\u00f4nicos de Piracicaba est\\u00e3o convocados a tomar vacina contra a gripe\",\"author\":{\"@id\":\"https:\\\/\\\/www.encontrapiracicaba.com.br\\\/sobre\\\/author\\\/epiracicaba\\\/#author\"},\"publisher\":{\"@id\":\"https:\\\/\\\/www.encontrapiracicaba.com.br\\\/sobre\\\/#organization\"},\"datePublished\":\"2012-08-07T09:50:51-03:00\",\"dateModified\":\"2019-04-12T16:05:24-03:00\",\"inLanguage\":\"pt-BR\",\"mainEntityOfPage\":{\"@id\":\"https:\\\/\\\/www.encontrapiracicaba.com.br\\\/sobre\\\/doentes-cronicos-de-piracicaba-estao-convocados-a-tomar-vacina-contra-a-gripe\\\/#webpage\"},\"isPartOf\":{\"@id\":\"https:\\\/\\\/www.encontrapiracicaba.com.br\\\/sobre\\\/doentes-cronicos-de-piracicaba-estao-convocados-a-tomar-vacina-contra-a-gripe\\\/#webpage\"},\"articleSection\":\"Not\\u00edcias Piracicaba\"},{\"@type\":\"BreadcrumbList\",\"@id\":\"https:\\\/\\\/www.encontrapiracicaba.com.br\\\/sobre\\\/doentes-cronicos-de-piracicaba-estao-convocados-a-tomar-vacina-contra-a-gripe\\\/#breadcrumblist\",\"itemListElement\":[{\"@type\":\"ListItem\",\"@id\":\"https:\\\/\\\/www.encontrapiracicaba.com.br\\\/sobre#listItem\",\"position\":1,\"name\":\"In\\u00edcio\",\"item\":\"https:\\\/\\\/www.encontrapiracicaba.com.br\\\/sobre\",\"nextItem\":{\"@type\":\"ListItem\",\"@id\":\"https:\\\/\\\/www.encontrapiracicaba.com.br\\\/sobre\\\/noticias-em-piracicaba\\\/#listItem\",\"name\":\"Not\\u00edcias Piracicaba\"}},{\"@type\":\"ListItem\",\"@id\":\"https:\\\/\\\/www.encontrapiracicaba.com.br\\\/sobre\\\/noticias-em-piracicaba\\\/#listItem\",\"position\":2,\"name\":\"Not\\u00edcias Piracicaba\",\"item\":\"https:\\\/\\\/www.encontrapiracicaba.com.br\\\/sobre\\\/noticias-em-piracicaba\\\/\",\"nextItem\":{\"@type\":\"ListItem\",\"@id\":\"https:\\\/\\\/www.encontrapiracicaba.com.br\\\/sobre\\\/doentes-cronicos-de-piracicaba-estao-convocados-a-tomar-vacina-contra-a-gripe\\\/#listItem\",\"name\":\"Doentes cr\\u00f4nicos de Piracicaba est\\u00e3o convocados a tomar vacina contra a gripe\"},\"previousItem\":{\"@type\":\"ListItem\",\"@id\":\"https:\\\/\\\/www.encontrapiracicaba.com.br\\\/sobre#listItem\",\"name\":\"In\\u00edcio\"}},{\"@type\":\"ListItem\",\"@id\":\"https:\\\/\\\/www.encontrapiracicaba.com.br\\\/sobre\\\/doentes-cronicos-de-piracicaba-estao-convocados-a-tomar-vacina-contra-a-gripe\\\/#listItem\",\"position\":3,\"name\":\"Doentes cr\\u00f4nicos de Piracicaba est\\u00e3o convocados a tomar vacina contra a gripe\",\"previousItem\":{\"@type\":\"ListItem\",\"@id\":\"https:\\\/\\\/www.encontrapiracicaba.com.br\\\/sobre\\\/noticias-em-piracicaba\\\/#listItem\",\"name\":\"Not\\u00edcias Piracicaba\"}}]},{\"@type\":\"Organization\",\"@id\":\"https:\\\/\\\/www.encontrapiracicaba.com.br\\\/sobre\\\/#organization\",\"name\":\"Encontra Piracicaba\",\"description\":\"Not\\u00edcias, eventos, informa\\u00e7\\u00f5es e dicas na cidade de Piracicaba e regi\\u00e3o\",\"url\":\"https:\\\/\\\/www.encontrapiracicaba.com.br\\\/sobre\\\/\"},{\"@type\":\"Person\",\"@id\":\"https:\\\/\\\/www.encontrapiracicaba.com.br\\\/sobre\\\/author\\\/epiracicaba\\\/#author\",\"url\":\"https:\\\/\\\/www.encontrapiracicaba.com.br\\\/sobre\\\/author\\\/epiracicaba\\\/\",\"name\":\"Encontra Piracicaba\",\"image\":{\"@type\":\"ImageObject\",\"@id\":\"https:\\\/\\\/www.encontrapiracicaba.com.br\\\/sobre\\\/doentes-cronicos-de-piracicaba-estao-convocados-a-tomar-vacina-contra-a-gripe\\\/#authorImage\",\"url\":\"https:\\\/\\\/secure.gravatar.com\\\/avatar\\\/507340682b8270222e1f208e23198b6ae7e2c6a1033ae84e99bc6bce4f82a387?s=96&d=mm&r=g\",\"width\":96,\"height\":96,\"caption\":\"Encontra Piracicaba\"}},{\"@type\":\"WebPage\",\"@id\":\"https:\\\/\\\/www.encontrapiracicaba.com.br\\\/sobre\\\/doentes-cronicos-de-piracicaba-estao-convocados-a-tomar-vacina-contra-a-gripe\\\/#webpage\",\"url\":\"https:\\\/\\\/www.encontrapiracicaba.com.br\\\/sobre\\\/doentes-cronicos-de-piracicaba-estao-convocados-a-tomar-vacina-contra-a-gripe\\\/\",\"name\":\"Doentes cr\\u00f4nicos de Piracicaba est\\u00e3o convocados a tomar vacina contra a gripe | Encontra Piracicaba\",\"inLanguage\":\"pt-BR\",\"isPartOf\":{\"@id\":\"https:\\\/\\\/www.encontrapiracicaba.com.br\\\/sobre\\\/#website\"},\"breadcrumb\":{\"@id\":\"https:\\\/\\\/www.encontrapiracicaba.com.br\\\/sobre\\\/doentes-cronicos-de-piracicaba-estao-convocados-a-tomar-vacina-contra-a-gripe\\\/#breadcrumblist\"},\"author\":{\"@id\":\"https:\\\/\\\/www.encontrapiracicaba.com.br\\\/sobre\\\/author\\\/epiracicaba\\\/#author\"},\"creator\":{\"@id\":\"https:\\\/\\\/www.encontrapiracicaba.com.br\\\/sobre\\\/author\\\/epiracicaba\\\/#author\"},\"datePublished\":\"2012-08-07T09:50:51-03:00\",\"dateModified\":\"2019-04-12T16:05:24-03:00\"},{\"@type\":\"WebSite\",\"@id\":\"https:\\\/\\\/www.encontrapiracicaba.com.br\\\/sobre\\\/#website\",\"url\":\"https:\\\/\\\/www.encontrapiracicaba.com.br\\\/sobre\\\/\",\"name\":\"Encontra Piracicaba\",\"description\":\"Not\\u00edcias, eventos, informa\\u00e7\\u00f5es e dicas na cidade de Piracicaba e regi\\u00e3o\",\"inLanguage\":\"pt-BR\",\"publisher\":{\"@id\":\"https:\\\/\\\/www.encontrapiracicaba.com.br\\\/sobre\\\/#organization\"}}]}\n\t\t<\/script>\n\t\t<!-- All in One SEO -->\n\n","aioseo_head_json":{"title":"Doentes cr\u00f4nicos de Piracicaba est\u00e3o convocados a tomar vacina contra a gripe | Encontra Piracicaba","description":"","canonical_url":"https:\/\/www.encontrapiracicaba.com.br\/sobre\/doentes-cronicos-de-piracicaba-estao-convocados-a-tomar-vacina-contra-a-gripe\/","robots":"max-image-preview:large","keywords":"","webmasterTools":{"miscellaneous":""},"schema":{"@context":"https:\/\/schema.org","@graph":[{"@type":"Article","@id":"https:\/\/www.encontrapiracicaba.com.br\/sobre\/doentes-cronicos-de-piracicaba-estao-convocados-a-tomar-vacina-contra-a-gripe\/#article","name":"Doentes cr\u00f4nicos de Piracicaba est\u00e3o convocados a tomar vacina contra a gripe | Encontra Piracicaba","headline":"Doentes cr\u00f4nicos de Piracicaba est\u00e3o convocados a tomar vacina contra a gripe","author":{"@id":"https:\/\/www.encontrapiracicaba.com.br\/sobre\/author\/epiracicaba\/#author"},"publisher":{"@id":"https:\/\/www.encontrapiracicaba.com.br\/sobre\/#organization"},"datePublished":"2012-08-07T09:50:51-03:00","dateModified":"2019-04-12T16:05:24-03:00","inLanguage":"pt-BR","mainEntityOfPage":{"@id":"https:\/\/www.encontrapiracicaba.com.br\/sobre\/doentes-cronicos-de-piracicaba-estao-convocados-a-tomar-vacina-contra-a-gripe\/#webpage"},"isPartOf":{"@id":"https:\/\/www.encontrapiracicaba.com.br\/sobre\/doentes-cronicos-de-piracicaba-estao-convocados-a-tomar-vacina-contra-a-gripe\/#webpage"},"articleSection":"Not\u00edcias Piracicaba"},{"@type":"BreadcrumbList","@id":"https:\/\/www.encontrapiracicaba.com.br\/sobre\/doentes-cronicos-de-piracicaba-estao-convocados-a-tomar-vacina-contra-a-gripe\/#breadcrumblist","itemListElement":[{"@type":"ListItem","@id":"https:\/\/www.encontrapiracicaba.com.br\/sobre#listItem","position":1,"name":"In\u00edcio","item":"https:\/\/www.encontrapiracicaba.com.br\/sobre","nextItem":{"@type":"ListItem","@id":"https:\/\/www.encontrapiracicaba.com.br\/sobre\/noticias-em-piracicaba\/#listItem","name":"Not\u00edcias Piracicaba"}},{"@type":"ListItem","@id":"https:\/\/www.encontrapiracicaba.com.br\/sobre\/noticias-em-piracicaba\/#listItem","position":2,"name":"Not\u00edcias Piracicaba","item":"https:\/\/www.encontrapiracicaba.com.br\/sobre\/noticias-em-piracicaba\/","nextItem":{"@type":"ListItem","@id":"https:\/\/www.encontrapiracicaba.com.br\/sobre\/doentes-cronicos-de-piracicaba-estao-convocados-a-tomar-vacina-contra-a-gripe\/#listItem","name":"Doentes cr\u00f4nicos de Piracicaba est\u00e3o convocados a tomar vacina contra a gripe"},"previousItem":{"@type":"ListItem","@id":"https:\/\/www.encontrapiracicaba.com.br\/sobre#listItem","name":"In\u00edcio"}},{"@type":"ListItem","@id":"https:\/\/www.encontrapiracicaba.com.br\/sobre\/doentes-cronicos-de-piracicaba-estao-convocados-a-tomar-vacina-contra-a-gripe\/#listItem","position":3,"name":"Doentes cr\u00f4nicos de Piracicaba est\u00e3o convocados a tomar vacina contra a gripe","previousItem":{"@type":"ListItem","@id":"https:\/\/www.encontrapiracicaba.com.br\/sobre\/noticias-em-piracicaba\/#listItem","name":"Not\u00edcias Piracicaba"}}]},{"@type":"Organization","@id":"https:\/\/www.encontrapiracicaba.com.br\/sobre\/#organization","name":"Encontra Piracicaba","description":"Not\u00edcias, eventos, informa\u00e7\u00f5es e dicas na cidade de Piracicaba e regi\u00e3o","url":"https:\/\/www.encontrapiracicaba.com.br\/sobre\/"},{"@type":"Person","@id":"https:\/\/www.encontrapiracicaba.com.br\/sobre\/author\/epiracicaba\/#author","url":"https:\/\/www.encontrapiracicaba.com.br\/sobre\/author\/epiracicaba\/","name":"Encontra Piracicaba","image":{"@type":"ImageObject","@id":"https:\/\/www.encontrapiracicaba.com.br\/sobre\/doentes-cronicos-de-piracicaba-estao-convocados-a-tomar-vacina-contra-a-gripe\/#authorImage","url":"https:\/\/secure.gravatar.com\/avatar\/507340682b8270222e1f208e23198b6ae7e2c6a1033ae84e99bc6bce4f82a387?s=96&d=mm&r=g","width":96,"height":96,"caption":"Encontra Piracicaba"}},{"@type":"WebPage","@id":"https:\/\/www.encontrapiracicaba.com.br\/sobre\/doentes-cronicos-de-piracicaba-estao-convocados-a-tomar-vacina-contra-a-gripe\/#webpage","url":"https:\/\/www.encontrapiracicaba.com.br\/sobre\/doentes-cronicos-de-piracicaba-estao-convocados-a-tomar-vacina-contra-a-gripe\/","name":"Doentes cr\u00f4nicos de Piracicaba est\u00e3o convocados a tomar vacina contra a gripe | Encontra Piracicaba","inLanguage":"pt-BR","isPartOf":{"@id":"https:\/\/www.encontrapiracicaba.com.br\/sobre\/#website"},"breadcrumb":{"@id":"https:\/\/www.encontrapiracicaba.com.br\/sobre\/doentes-cronicos-de-piracicaba-estao-convocados-a-tomar-vacina-contra-a-gripe\/#breadcrumblist"},"author":{"@id":"https:\/\/www.encontrapiracicaba.com.br\/sobre\/author\/epiracicaba\/#author"},"creator":{"@id":"https:\/\/www.encontrapiracicaba.com.br\/sobre\/author\/epiracicaba\/#author"},"datePublished":"2012-08-07T09:50:51-03:00","dateModified":"2019-04-12T16:05:24-03:00"},{"@type":"WebSite","@id":"https:\/\/www.encontrapiracicaba.com.br\/sobre\/#website","url":"https:\/\/www.encontrapiracicaba.com.br\/sobre\/","name":"Encontra Piracicaba","description":"Not\u00edcias, eventos, informa\u00e7\u00f5es e dicas na cidade de Piracicaba e regi\u00e3o","inLanguage":"pt-BR","publisher":{"@id":"https:\/\/www.encontrapiracicaba.com.br\/sobre\/#organization"}}]},"og:locale":"pt_BR","og:site_name":"Encontra Piracicaba | Not\u00edcias, eventos, informa\u00e7\u00f5es e dicas na cidade de Piracicaba e regi\u00e3o","og:type":"article","og:title":"Doentes cr\u00f4nicos de Piracicaba est\u00e3o convocados a tomar vacina contra a gripe | Encontra Piracicaba","og:url":"https:\/\/www.encontrapiracicaba.com.br\/sobre\/doentes-cronicos-de-piracicaba-estao-convocados-a-tomar-vacina-contra-a-gripe\/","article:published_time":"2012-08-07T12:50:51+00:00","article:modified_time":"2019-04-12T19:05:24+00:00","twitter:card":"summary","twitter:title":"Doentes cr\u00f4nicos de Piracicaba est\u00e3o convocados a tomar vacina contra a gripe | Encontra Piracicaba"},"aioseo_meta_data":{"post_id":"1025","title":null,"description":null,"keywords":null,"keyphrases":null,"primary_term":null,"canonical_url":null,"og_title":null,"og_description":null,"og_object_type":"default","og_image_type":"default","og_image_url":null,"og_image_width":null,"og_image_height":null,"og_image_custom_url":null,"og_image_custom_fields":null,"og_video":null,"og_custom_url":null,"og_article_section":null,"og_article_tags":null,"twitter_use_og":false,"twitter_card":"default","twitter_image_type":"default","twitter_image_url":null,"twitter_image_custom_url":null,"twitter_image_custom_fields":null,"twitter_title":null,"twitter_description":null,"schema":{"blockGraphs":[],"customGraphs":[],"default":{"data":{"Article":[],"Course":[],"Dataset":[],"FAQPage":[],"Movie":[],"Person":[],"Product":[],"ProductReview":[],"Car":[],"Recipe":[],"Service":[],"SoftwareApplication":[],"WebPage":[]},"graphName":"Article","isEnabled":true},"graphs":[]},"schema_type":null,"schema_type_options":null,"pillar_content":false,"robots_default":true,"robots_noindex":false,"robots_noarchive":false,"robots_nosnippet":false,"robots_nofollow":false,"robots_noimageindex":false,"robots_noodp":false,"robots_notranslate":false,"robots_max_snippet":null,"robots_max_videopreview":null,"robots_max_imagepreview":"large","priority":null,"frequency":null,"local_seo":null,"breadcrumb_settings":null,"limit_modified_date":false,"ai":null,"created":"2021-08-13 20:57:43","updated":"2025-10-04 00:28:43","focus_keyword":null,"additional_keywords":null,"truseo_locale":null,"seo_analyzer_scan_date":null},"aioseo_breadcrumb":"<div class=\"aioseo-breadcrumbs\"><span class=\"aioseo-breadcrumb\">\n\t\t\t<a href=\"https:\/\/www.encontrapiracicaba.com.br\/sobre\" title=\"In\u00edcio\">In\u00edcio<\/a>\n\t\t<\/span><span class=\"aioseo-breadcrumb-separator\">&raquo;<\/span><span class=\"aioseo-breadcrumb\">\n\t\t\t<a href=\"https:\/\/www.encontrapiracicaba.com.br\/sobre\/noticias-em-piracicaba\/\" title=\"Not\u00edcias Piracicaba\">Not\u00edcias Piracicaba<\/a>\n\t\t<\/span><span class=\"aioseo-breadcrumb-separator\">&raquo;<\/span><span class=\"aioseo-breadcrumb\">\n\t\t\tDoentes cr\u00f4nicos de Piracicaba est\u00e3o convocados a tomar vacina contra a gripe\n\t\t<\/span><\/div>","aioseo_breadcrumb_json":[{"label":"In\u00edcio","link":"https:\/\/www.encontrapiracicaba.com.br\/sobre"},{"label":"Not\u00edcias Piracicaba","link":"https:\/\/www.encontrapiracicaba.com.br\/sobre\/noticias-em-piracicaba\/"},{"label":"Doentes cr\u00f4nicos de Piracicaba est\u00e3o convocados a tomar vacina contra a gripe","link":"https:\/\/www.encontrapiracicaba.com.br\/sobre\/doentes-cronicos-de-piracicaba-estao-convocados-a-tomar-vacina-contra-a-gripe\/"}],"_links":{"self":[{"href":"https:\/\/www.encontrapiracicaba.com.br\/sobre\/wp-json\/wp\/v2\/posts\/1025","targetHints":{"allow":["GET"]}}],"collection":[{"href":"https:\/\/www.encontrapiracicaba.com.br\/sobre\/wp-json\/wp\/v2\/posts"}],"about":[{"href":"https:\/\/www.encontrapiracicaba.com.br\/sobre\/wp-json\/wp\/v2\/types\/post"}],"author":[{"embeddable":true,"href":"https:\/\/www.encontrapiracicaba.com.br\/sobre\/wp-json\/wp\/v2\/users\/1"}],"replies":[{"embeddable":true,"href":"https:\/\/www.encontrapiracicaba.com.br\/sobre\/wp-json\/wp\/v2\/comments?post=1025"}],"version-history":[{"count":3,"href":"https:\/\/www.encontrapiracicaba.com.br\/sobre\/wp-json\/wp\/v2\/posts\/1025\/revisions"}],"predecessor-version":[{"id":2375,"href":"https:\/\/www.encontrapiracicaba.com.br\/sobre\/wp-json\/wp\/v2\/posts\/1025\/revisions\/2375"}],"wp:attachment":[{"href":"https:\/\/www.encontrapiracicaba.com.br\/sobre\/wp-json\/wp\/v2\/media?parent=1025"}],"wp:term":[{"taxonomy":"category","embeddable":true,"href":"https:\/\/www.encontrapiracicaba.com.br\/sobre\/wp-json\/wp\/v2\/categories?post=1025"},{"taxonomy":"post_tag","embeddable":true,"href":"https:\/\/www.encontrapiracicaba.com.br\/sobre\/wp-json\/wp\/v2\/tags?post=1025"}],"curies":[{"name":"wp","href":"https:\/\/api.w.org\/{rel}","templated":true}]}}