{"id":1062,"date":"2012-08-23T10:47:46","date_gmt":"2012-08-23T13:47:46","guid":{"rendered":"http:\/\/www.encontrapiracicaba.com.br\/noticias\/?p=1062"},"modified":"2019-04-12T16:05:23","modified_gmt":"2019-04-12T19:05:23","slug":"parque-tecnologico-e-inaugurado-em-piracicaba-seis-anos-apos-concepcao","status":"publish","type":"post","link":"https:\/\/www.encontrapiracicaba.com.br\/sobre\/parque-tecnologico-e-inaugurado-em-piracicaba-seis-anos-apos-concepcao\/","title":{"rendered":"Parque Tecnol\u00f3gico \u00e9 inaugurado em Piracicaba seis anos ap\u00f3s concep\u00e7\u00e3o"},"content":{"rendered":"<div class=\"85df007ed5c0c4d4b453fd13a37855e8\" data-index=\"1\" style=\"float: none; margin:0px;\">\n<!-- Anuncio display - global -->\r\n<ins class=\"adsbygoogle\"\r\n     style=\"display:block\"\r\n     data-ad-client=\"ca-pub-8585364105181520\"\r\n     data-ad-slot=\"8789329856\"\r\n     data-ad-format=\"auto\"\r\n     data-full-width-responsive=\"true\"><\/ins>\r\n<script>\r\n     (adsbygoogle = window.adsbygoogle || []).push({});\r\n<\/script>\n<\/div>\n<p>Com v\u00e1rios setores j\u00e1 em atividade, o Governo do Estado de S\u00e3o Paulo inaugurou nesta ter\u00e7a-feira (21) o Parque Tecnol\u00f3gico Engenheiro Agr\u00f4nomo Em\u00edlio Bruno Germek, em Piracicaba (SP). O governador Geraldo Alckmin (PSDB) participou da cerim\u00f4nia, seis anos depois da idealiza\u00e7\u00e3o do projeto pelo Estado e a 47 dias do primeiro turno das elei\u00e7\u00f5es municipais.<\/p>\n<p>&#8220;A inaugura\u00e7\u00e3o \u00e9 apenas uma formalidade. As empresas j\u00e1 est\u00e3o funcionando. \u00c9 a mistura da pr\u00e1tica com a teoria no setor tecnol\u00f3gico&#8221;, justificou o governador. Em discurso, o prefeito de Piracicaba, Barjas Negri (PSDB), exaltou a obra. &#8220;A gente n\u00e3o fica enrolando. As ideias saem do papel&#8221;, afirmou. Sobre a inaugura\u00e7\u00e3o com as atividades em andamento, o chefe do Executivo deu explica\u00e7\u00f5es. &#8220;A inaugura\u00e7\u00e3o \u00e9 s\u00f3 do pr\u00e9dio. J\u00e1 tem at\u00e9 turma formada na Fatec (Faculdade Estadual de Tecnologia)&#8221;.<\/p>\n<p>Localizado em \u00e1rea de 680 mil metros quadrados no bairro Santa Rosa, \u00e0s margens da Rodovia Deputado La\u00e9rcio Corte (SP-147), que liga Piracicaba a Limeira, o Parque Tecnol\u00f3gico re\u00fane institui\u00e7\u00f5es com pesquisas na \u00e1rea de biocombust\u00edveis. Al\u00e9m da Fatec, o parque abriga unidade do Instituto Federal de Educa\u00e7\u00e3o, Ci\u00eancia e Tecnologia (IFSP) e a Ra\u00edzen.<\/p>\n<p>O presidente da Associa\u00e7\u00e3o Comercial e Industrial de Piracicaba (Acipi), \u00c2ngelo Frias Neto, disse entender porque o Parque Tecnol\u00f3gico foi inaugurado anos depois de entrar em funcionamento. &#8220;N\u00e3o foi na velocidade que n\u00f3s quer\u00edamos para as ind\u00fastrias da cidade. Entendemos que o andamento foi prejudicado, mas cada parte precisa passar por burocracia. Mas \u00e9 uma conquista importante&#8221;, opinou.<\/p>\n<p>O pr\u00e9dio rec\u00e9m-inaugurado vai reunir setor administrativo, incubadora de empresas de tecnologia, laborat\u00f3rio e centro de eventos. O local, de 6 mil metros de \u00e1rea constru\u00edda, tem espa\u00e7o para 27 laborat\u00f3rios. Segundo a Prefeitura de Piracicaba, de 12 empresas interessadas em se instalar no local, 8 j\u00e1 passaram por an\u00e1lise do Apla (Arranjo Produtivo Local do \u00c1lcool).<\/p>\n<p><strong>Pesquisa com biomassa<\/strong><br \/>\nO governo estadual informou que j\u00e1 investiu R$ 12 milh\u00f5es no parque. Durante a inaugura\u00e7\u00e3o, Alckmin assinou autoriza\u00e7\u00e3o de repasse de R$ 5 milh\u00f5es para um projeto do Instituto de Pesquisas Tecnol\u00f3gicas (IPT) sobre gaseifica\u00e7\u00e3o, que ser\u00e1 realizado em Piracicaba. A pesquisa consiste em transformar a biomassa da cana em g\u00e1s. E a partir desse g\u00e1s remontar as mol\u00e9culas e transformar em produto, como por exemplo o biocombust\u00edvel.<\/p>\n<p><em>Fonte: G1<\/em><\/p>\n\n<div style=\"font-size: 0px; height: 0px; line-height: 0px; margin: 0; padding: 0; clear: both;\"><\/div>","protected":false},"excerpt":{"rendered":"<p>Com v\u00e1rios setores j\u00e1 em atividade, o Governo do Estado de S\u00e3o Paulo inaugurou nesta ter\u00e7a-feira (21) o Parque Tecnol\u00f3gico Engenheiro Agr\u00f4nomo Em\u00edlio Bruno Germek, em Piracicaba (SP). O governador Geraldo Alckmin (PSDB) participou da cerim\u00f4nia, seis anos depois da idealiza\u00e7\u00e3o do projeto pelo Estado e a 47 dias do primeiro turno das elei\u00e7\u00f5es municipais. &#8220;A inaugura\u00e7\u00e3o \u00e9 apenas uma formalidade. As empresas j\u00e1 est\u00e3o funcionando. \u00c9 a mistura da pr\u00e1tica com a teoria no setor tecnol\u00f3gico&#8221;, justificou o governador. Em discurso, o prefeito de Piracicaba, Barjas Negri (PSDB), exaltou a obra. &#8220;A gente n\u00e3o fica enrolando. As ideias saem <\/p>\n","protected":false},"author":1,"featured_media":0,"comment_status":"open","ping_status":"closed","sticky":false,"template":"","format":"standard","meta":{"footnotes":""},"categories":[6],"tags":[],"class_list":["post-1062","post","type-post","status-publish","format-standard","hentry","category-noticias-em-piracicaba"],"aioseo_notices":[],"aioseo_head":"\n\t\t<!-- All in One SEO 5.0.0.1 - aioseo.com -->\n\t<meta name=\"robots\" content=\"max-image-preview:large\" \/>\n\t<meta name=\"author\" content=\"Encontra Piracicaba\"\/>\n\t<link rel=\"canonical\" href=\"https:\/\/www.encontrapiracicaba.com.br\/sobre\/parque-tecnologico-e-inaugurado-em-piracicaba-seis-anos-apos-concepcao\/\" \/>\n\t<meta name=\"generator\" content=\"All in One SEO (AIOSEO) 5.0.0.1\" \/>\n\t\t<meta property=\"og:locale\" content=\"pt_BR\" \/>\n\t\t<meta property=\"og:site_name\" content=\"Encontra Piracicaba | Not\u00edcias, eventos, informa\u00e7\u00f5es e dicas na cidade de Piracicaba e regi\u00e3o\" \/>\n\t\t<meta property=\"og:type\" content=\"article\" \/>\n\t\t<meta property=\"og:title\" content=\"Parque Tecnol\u00f3gico \u00e9 inaugurado em Piracicaba seis anos ap\u00f3s concep\u00e7\u00e3o | Encontra Piracicaba\" \/>\n\t\t<meta property=\"og:url\" content=\"https:\/\/www.encontrapiracicaba.com.br\/sobre\/parque-tecnologico-e-inaugurado-em-piracicaba-seis-anos-apos-concepcao\/\" \/>\n\t\t<meta property=\"article:published_time\" content=\"2012-08-23T13:47:46+00:00\" \/>\n\t\t<meta property=\"article:modified_time\" content=\"2019-04-12T19:05:23+00:00\" \/>\n\t\t<meta name=\"twitter:card\" content=\"summary\" \/>\n\t\t<meta name=\"twitter:title\" content=\"Parque Tecnol\u00f3gico \u00e9 inaugurado em Piracicaba seis anos ap\u00f3s concep\u00e7\u00e3o | Encontra Piracicaba\" \/>\n\t\t<script type=\"application\/ld+json\" class=\"aioseo-schema\">\n\t\t\t{\"@context\":\"https:\\\/\\\/schema.org\",\"@graph\":[{\"@type\":\"Article\",\"@id\":\"https:\\\/\\\/www.encontrapiracicaba.com.br\\\/sobre\\\/parque-tecnologico-e-inaugurado-em-piracicaba-seis-anos-apos-concepcao\\\/#article\",\"name\":\"Parque Tecnol\\u00f3gico \\u00e9 inaugurado em Piracicaba seis anos ap\\u00f3s concep\\u00e7\\u00e3o | Encontra Piracicaba\",\"headline\":\"Parque Tecnol\\u00f3gico \\u00e9 inaugurado em Piracicaba seis anos ap\\u00f3s concep\\u00e7\\u00e3o\",\"author\":{\"@id\":\"https:\\\/\\\/www.encontrapiracicaba.com.br\\\/sobre\\\/author\\\/epiracicaba\\\/#author\"},\"publisher\":{\"@id\":\"https:\\\/\\\/www.encontrapiracicaba.com.br\\\/sobre\\\/#organization\"},\"datePublished\":\"2012-08-23T10:47:46-03:00\",\"dateModified\":\"2019-04-12T16:05:23-03:00\",\"inLanguage\":\"pt-BR\",\"mainEntityOfPage\":{\"@id\":\"https:\\\/\\\/www.encontrapiracicaba.com.br\\\/sobre\\\/parque-tecnologico-e-inaugurado-em-piracicaba-seis-anos-apos-concepcao\\\/#webpage\"},\"isPartOf\":{\"@id\":\"https:\\\/\\\/www.encontrapiracicaba.com.br\\\/sobre\\\/parque-tecnologico-e-inaugurado-em-piracicaba-seis-anos-apos-concepcao\\\/#webpage\"},\"articleSection\":\"Not\\u00edcias Piracicaba\"},{\"@type\":\"BreadcrumbList\",\"@id\":\"https:\\\/\\\/www.encontrapiracicaba.com.br\\\/sobre\\\/parque-tecnologico-e-inaugurado-em-piracicaba-seis-anos-apos-concepcao\\\/#breadcrumblist\",\"itemListElement\":[{\"@type\":\"ListItem\",\"@id\":\"https:\\\/\\\/www.encontrapiracicaba.com.br\\\/sobre#listItem\",\"position\":1,\"name\":\"In\\u00edcio\",\"item\":\"https:\\\/\\\/www.encontrapiracicaba.com.br\\\/sobre\",\"nextItem\":{\"@type\":\"ListItem\",\"@id\":\"https:\\\/\\\/www.encontrapiracicaba.com.br\\\/sobre\\\/noticias-em-piracicaba\\\/#listItem\",\"name\":\"Not\\u00edcias Piracicaba\"}},{\"@type\":\"ListItem\",\"@id\":\"https:\\\/\\\/www.encontrapiracicaba.com.br\\\/sobre\\\/noticias-em-piracicaba\\\/#listItem\",\"position\":2,\"name\":\"Not\\u00edcias Piracicaba\",\"item\":\"https:\\\/\\\/www.encontrapiracicaba.com.br\\\/sobre\\\/noticias-em-piracicaba\\\/\",\"nextItem\":{\"@type\":\"ListItem\",\"@id\":\"https:\\\/\\\/www.encontrapiracicaba.com.br\\\/sobre\\\/parque-tecnologico-e-inaugurado-em-piracicaba-seis-anos-apos-concepcao\\\/#listItem\",\"name\":\"Parque Tecnol\\u00f3gico \\u00e9 inaugurado em Piracicaba seis anos ap\\u00f3s concep\\u00e7\\u00e3o\"},\"previousItem\":{\"@type\":\"ListItem\",\"@id\":\"https:\\\/\\\/www.encontrapiracicaba.com.br\\\/sobre#listItem\",\"name\":\"In\\u00edcio\"}},{\"@type\":\"ListItem\",\"@id\":\"https:\\\/\\\/www.encontrapiracicaba.com.br\\\/sobre\\\/parque-tecnologico-e-inaugurado-em-piracicaba-seis-anos-apos-concepcao\\\/#listItem\",\"position\":3,\"name\":\"Parque Tecnol\\u00f3gico \\u00e9 inaugurado em Piracicaba seis anos ap\\u00f3s concep\\u00e7\\u00e3o\",\"previousItem\":{\"@type\":\"ListItem\",\"@id\":\"https:\\\/\\\/www.encontrapiracicaba.com.br\\\/sobre\\\/noticias-em-piracicaba\\\/#listItem\",\"name\":\"Not\\u00edcias Piracicaba\"}}]},{\"@type\":\"Organization\",\"@id\":\"https:\\\/\\\/www.encontrapiracicaba.com.br\\\/sobre\\\/#organization\",\"name\":\"Encontra Piracicaba\",\"description\":\"Not\\u00edcias, eventos, informa\\u00e7\\u00f5es e dicas na cidade de Piracicaba e regi\\u00e3o\",\"url\":\"https:\\\/\\\/www.encontrapiracicaba.com.br\\\/sobre\\\/\"},{\"@type\":\"Person\",\"@id\":\"https:\\\/\\\/www.encontrapiracicaba.com.br\\\/sobre\\\/author\\\/epiracicaba\\\/#author\",\"url\":\"https:\\\/\\\/www.encontrapiracicaba.com.br\\\/sobre\\\/author\\\/epiracicaba\\\/\",\"name\":\"Encontra Piracicaba\",\"image\":{\"@type\":\"ImageObject\",\"@id\":\"https:\\\/\\\/www.encontrapiracicaba.com.br\\\/sobre\\\/parque-tecnologico-e-inaugurado-em-piracicaba-seis-anos-apos-concepcao\\\/#authorImage\",\"url\":\"https:\\\/\\\/secure.gravatar.com\\\/avatar\\\/507340682b8270222e1f208e23198b6ae7e2c6a1033ae84e99bc6bce4f82a387?s=96&d=mm&r=g\",\"width\":96,\"height\":96,\"caption\":\"Encontra Piracicaba\"}},{\"@type\":\"WebPage\",\"@id\":\"https:\\\/\\\/www.encontrapiracicaba.com.br\\\/sobre\\\/parque-tecnologico-e-inaugurado-em-piracicaba-seis-anos-apos-concepcao\\\/#webpage\",\"url\":\"https:\\\/\\\/www.encontrapiracicaba.com.br\\\/sobre\\\/parque-tecnologico-e-inaugurado-em-piracicaba-seis-anos-apos-concepcao\\\/\",\"name\":\"Parque Tecnol\\u00f3gico \\u00e9 inaugurado em Piracicaba seis anos ap\\u00f3s concep\\u00e7\\u00e3o | Encontra Piracicaba\",\"inLanguage\":\"pt-BR\",\"isPartOf\":{\"@id\":\"https:\\\/\\\/www.encontrapiracicaba.com.br\\\/sobre\\\/#website\"},\"breadcrumb\":{\"@id\":\"https:\\\/\\\/www.encontrapiracicaba.com.br\\\/sobre\\\/parque-tecnologico-e-inaugurado-em-piracicaba-seis-anos-apos-concepcao\\\/#breadcrumblist\"},\"author\":{\"@id\":\"https:\\\/\\\/www.encontrapiracicaba.com.br\\\/sobre\\\/author\\\/epiracicaba\\\/#author\"},\"creator\":{\"@id\":\"https:\\\/\\\/www.encontrapiracicaba.com.br\\\/sobre\\\/author\\\/epiracicaba\\\/#author\"},\"datePublished\":\"2012-08-23T10:47:46-03:00\",\"dateModified\":\"2019-04-12T16:05:23-03:00\"},{\"@type\":\"WebSite\",\"@id\":\"https:\\\/\\\/www.encontrapiracicaba.com.br\\\/sobre\\\/#website\",\"url\":\"https:\\\/\\\/www.encontrapiracicaba.com.br\\\/sobre\\\/\",\"name\":\"Encontra Piracicaba\",\"description\":\"Not\\u00edcias, eventos, informa\\u00e7\\u00f5es e dicas na cidade de Piracicaba e regi\\u00e3o\",\"inLanguage\":\"pt-BR\",\"publisher\":{\"@id\":\"https:\\\/\\\/www.encontrapiracicaba.com.br\\\/sobre\\\/#organization\"}}]}\n\t\t<\/script>\n\t\t<!-- All in One SEO -->\n\n","aioseo_head_json":{"title":"Parque Tecnol\u00f3gico \u00e9 inaugurado em Piracicaba seis anos ap\u00f3s concep\u00e7\u00e3o | Encontra Piracicaba","description":"","canonical_url":"https:\/\/www.encontrapiracicaba.com.br\/sobre\/parque-tecnologico-e-inaugurado-em-piracicaba-seis-anos-apos-concepcao\/","robots":"max-image-preview:large","keywords":"","webmasterTools":{"miscellaneous":""},"schema":{"@context":"https:\/\/schema.org","@graph":[{"@type":"Article","@id":"https:\/\/www.encontrapiracicaba.com.br\/sobre\/parque-tecnologico-e-inaugurado-em-piracicaba-seis-anos-apos-concepcao\/#article","name":"Parque Tecnol\u00f3gico \u00e9 inaugurado em Piracicaba seis anos ap\u00f3s concep\u00e7\u00e3o | Encontra Piracicaba","headline":"Parque Tecnol\u00f3gico \u00e9 inaugurado em Piracicaba seis anos ap\u00f3s concep\u00e7\u00e3o","author":{"@id":"https:\/\/www.encontrapiracicaba.com.br\/sobre\/author\/epiracicaba\/#author"},"publisher":{"@id":"https:\/\/www.encontrapiracicaba.com.br\/sobre\/#organization"},"datePublished":"2012-08-23T10:47:46-03:00","dateModified":"2019-04-12T16:05:23-03:00","inLanguage":"pt-BR","mainEntityOfPage":{"@id":"https:\/\/www.encontrapiracicaba.com.br\/sobre\/parque-tecnologico-e-inaugurado-em-piracicaba-seis-anos-apos-concepcao\/#webpage"},"isPartOf":{"@id":"https:\/\/www.encontrapiracicaba.com.br\/sobre\/parque-tecnologico-e-inaugurado-em-piracicaba-seis-anos-apos-concepcao\/#webpage"},"articleSection":"Not\u00edcias Piracicaba"},{"@type":"BreadcrumbList","@id":"https:\/\/www.encontrapiracicaba.com.br\/sobre\/parque-tecnologico-e-inaugurado-em-piracicaba-seis-anos-apos-concepcao\/#breadcrumblist","itemListElement":[{"@type":"ListItem","@id":"https:\/\/www.encontrapiracicaba.com.br\/sobre#listItem","position":1,"name":"In\u00edcio","item":"https:\/\/www.encontrapiracicaba.com.br\/sobre","nextItem":{"@type":"ListItem","@id":"https:\/\/www.encontrapiracicaba.com.br\/sobre\/noticias-em-piracicaba\/#listItem","name":"Not\u00edcias Piracicaba"}},{"@type":"ListItem","@id":"https:\/\/www.encontrapiracicaba.com.br\/sobre\/noticias-em-piracicaba\/#listItem","position":2,"name":"Not\u00edcias Piracicaba","item":"https:\/\/www.encontrapiracicaba.com.br\/sobre\/noticias-em-piracicaba\/","nextItem":{"@type":"ListItem","@id":"https:\/\/www.encontrapiracicaba.com.br\/sobre\/parque-tecnologico-e-inaugurado-em-piracicaba-seis-anos-apos-concepcao\/#listItem","name":"Parque Tecnol\u00f3gico \u00e9 inaugurado em Piracicaba seis anos ap\u00f3s concep\u00e7\u00e3o"},"previousItem":{"@type":"ListItem","@id":"https:\/\/www.encontrapiracicaba.com.br\/sobre#listItem","name":"In\u00edcio"}},{"@type":"ListItem","@id":"https:\/\/www.encontrapiracicaba.com.br\/sobre\/parque-tecnologico-e-inaugurado-em-piracicaba-seis-anos-apos-concepcao\/#listItem","position":3,"name":"Parque Tecnol\u00f3gico \u00e9 inaugurado em Piracicaba seis anos ap\u00f3s concep\u00e7\u00e3o","previousItem":{"@type":"ListItem","@id":"https:\/\/www.encontrapiracicaba.com.br\/sobre\/noticias-em-piracicaba\/#listItem","name":"Not\u00edcias Piracicaba"}}]},{"@type":"Organization","@id":"https:\/\/www.encontrapiracicaba.com.br\/sobre\/#organization","name":"Encontra Piracicaba","description":"Not\u00edcias, eventos, informa\u00e7\u00f5es e dicas na cidade de Piracicaba e regi\u00e3o","url":"https:\/\/www.encontrapiracicaba.com.br\/sobre\/"},{"@type":"Person","@id":"https:\/\/www.encontrapiracicaba.com.br\/sobre\/author\/epiracicaba\/#author","url":"https:\/\/www.encontrapiracicaba.com.br\/sobre\/author\/epiracicaba\/","name":"Encontra Piracicaba","image":{"@type":"ImageObject","@id":"https:\/\/www.encontrapiracicaba.com.br\/sobre\/parque-tecnologico-e-inaugurado-em-piracicaba-seis-anos-apos-concepcao\/#authorImage","url":"https:\/\/secure.gravatar.com\/avatar\/507340682b8270222e1f208e23198b6ae7e2c6a1033ae84e99bc6bce4f82a387?s=96&d=mm&r=g","width":96,"height":96,"caption":"Encontra Piracicaba"}},{"@type":"WebPage","@id":"https:\/\/www.encontrapiracicaba.com.br\/sobre\/parque-tecnologico-e-inaugurado-em-piracicaba-seis-anos-apos-concepcao\/#webpage","url":"https:\/\/www.encontrapiracicaba.com.br\/sobre\/parque-tecnologico-e-inaugurado-em-piracicaba-seis-anos-apos-concepcao\/","name":"Parque Tecnol\u00f3gico \u00e9 inaugurado em Piracicaba seis anos ap\u00f3s concep\u00e7\u00e3o | Encontra Piracicaba","inLanguage":"pt-BR","isPartOf":{"@id":"https:\/\/www.encontrapiracicaba.com.br\/sobre\/#website"},"breadcrumb":{"@id":"https:\/\/www.encontrapiracicaba.com.br\/sobre\/parque-tecnologico-e-inaugurado-em-piracicaba-seis-anos-apos-concepcao\/#breadcrumblist"},"author":{"@id":"https:\/\/www.encontrapiracicaba.com.br\/sobre\/author\/epiracicaba\/#author"},"creator":{"@id":"https:\/\/www.encontrapiracicaba.com.br\/sobre\/author\/epiracicaba\/#author"},"datePublished":"2012-08-23T10:47:46-03:00","dateModified":"2019-04-12T16:05:23-03:00"},{"@type":"WebSite","@id":"https:\/\/www.encontrapiracicaba.com.br\/sobre\/#website","url":"https:\/\/www.encontrapiracicaba.com.br\/sobre\/","name":"Encontra Piracicaba","description":"Not\u00edcias, eventos, informa\u00e7\u00f5es e dicas na cidade de Piracicaba e regi\u00e3o","inLanguage":"pt-BR","publisher":{"@id":"https:\/\/www.encontrapiracicaba.com.br\/sobre\/#organization"}}]},"og:locale":"pt_BR","og:site_name":"Encontra Piracicaba | Not\u00edcias, eventos, informa\u00e7\u00f5es e dicas na cidade de Piracicaba e regi\u00e3o","og:type":"article","og:title":"Parque Tecnol\u00f3gico \u00e9 inaugurado em Piracicaba seis anos ap\u00f3s concep\u00e7\u00e3o | Encontra Piracicaba","og:url":"https:\/\/www.encontrapiracicaba.com.br\/sobre\/parque-tecnologico-e-inaugurado-em-piracicaba-seis-anos-apos-concepcao\/","article:published_time":"2012-08-23T13:47:46+00:00","article:modified_time":"2019-04-12T19:05:23+00:00","twitter:card":"summary","twitter:title":"Parque Tecnol\u00f3gico \u00e9 inaugurado em Piracicaba seis anos ap\u00f3s concep\u00e7\u00e3o | Encontra Piracicaba"},"aioseo_meta_data":{"post_id":"1062","title":null,"description":null,"keywords":null,"keyphrases":null,"primary_term":null,"canonical_url":null,"og_title":null,"og_description":null,"og_object_type":"default","og_image_type":"default","og_image_url":null,"og_image_width":null,"og_image_height":null,"og_image_custom_url":null,"og_image_custom_fields":null,"og_video":null,"og_custom_url":null,"og_article_section":null,"og_article_tags":null,"twitter_use_og":false,"twitter_card":"default","twitter_image_type":"default","twitter_image_url":null,"twitter_image_custom_url":null,"twitter_image_custom_fields":null,"twitter_title":null,"twitter_description":null,"schema":{"blockGraphs":[],"customGraphs":[],"default":{"data":{"Article":[],"Course":[],"Dataset":[],"FAQPage":[],"Movie":[],"Person":[],"Product":[],"ProductReview":[],"Car":[],"Recipe":[],"Service":[],"SoftwareApplication":[],"WebPage":[]},"graphName":"Article","isEnabled":true},"graphs":[]},"schema_type":null,"schema_type_options":null,"pillar_content":false,"robots_default":true,"robots_noindex":false,"robots_noarchive":false,"robots_nosnippet":false,"robots_nofollow":false,"robots_noimageindex":false,"robots_noodp":false,"robots_notranslate":false,"robots_max_snippet":null,"robots_max_videopreview":null,"robots_max_imagepreview":"large","priority":null,"frequency":null,"local_seo":null,"breadcrumb_settings":null,"limit_modified_date":false,"ai":null,"created":"2021-08-13 20:47:50","updated":"2025-10-04 00:35:46","focus_keyword":null,"additional_keywords":null,"truseo_locale":null,"seo_analyzer_scan_date":null},"aioseo_breadcrumb":"<div class=\"aioseo-breadcrumbs\"><span class=\"aioseo-breadcrumb\">\n\t\t\t<a href=\"https:\/\/www.encontrapiracicaba.com.br\/sobre\" title=\"In\u00edcio\">In\u00edcio<\/a>\n\t\t<\/span><span class=\"aioseo-breadcrumb-separator\">&raquo;<\/span><span class=\"aioseo-breadcrumb\">\n\t\t\t<a href=\"https:\/\/www.encontrapiracicaba.com.br\/sobre\/noticias-em-piracicaba\/\" title=\"Not\u00edcias Piracicaba\">Not\u00edcias Piracicaba<\/a>\n\t\t<\/span><span class=\"aioseo-breadcrumb-separator\">&raquo;<\/span><span class=\"aioseo-breadcrumb\">\n\t\t\tParque Tecnol\u00f3gico \u00e9 inaugurado em Piracicaba seis anos ap\u00f3s concep\u00e7\u00e3o\n\t\t<\/span><\/div>","aioseo_breadcrumb_json":[{"label":"In\u00edcio","link":"https:\/\/www.encontrapiracicaba.com.br\/sobre"},{"label":"Not\u00edcias Piracicaba","link":"https:\/\/www.encontrapiracicaba.com.br\/sobre\/noticias-em-piracicaba\/"},{"label":"Parque Tecnol\u00f3gico \u00e9 inaugurado em Piracicaba seis anos ap\u00f3s concep\u00e7\u00e3o","link":"https:\/\/www.encontrapiracicaba.com.br\/sobre\/parque-tecnologico-e-inaugurado-em-piracicaba-seis-anos-apos-concepcao\/"}],"_links":{"self":[{"href":"https:\/\/www.encontrapiracicaba.com.br\/sobre\/wp-json\/wp\/v2\/posts\/1062","targetHints":{"allow":["GET"]}}],"collection":[{"href":"https:\/\/www.encontrapiracicaba.com.br\/sobre\/wp-json\/wp\/v2\/posts"}],"about":[{"href":"https:\/\/www.encontrapiracicaba.com.br\/sobre\/wp-json\/wp\/v2\/types\/post"}],"author":[{"embeddable":true,"href":"https:\/\/www.encontrapiracicaba.com.br\/sobre\/wp-json\/wp\/v2\/users\/1"}],"replies":[{"embeddable":true,"href":"https:\/\/www.encontrapiracicaba.com.br\/sobre\/wp-json\/wp\/v2\/comments?post=1062"}],"version-history":[{"count":3,"href":"https:\/\/www.encontrapiracicaba.com.br\/sobre\/wp-json\/wp\/v2\/posts\/1062\/revisions"}],"predecessor-version":[{"id":2421,"href":"https:\/\/www.encontrapiracicaba.com.br\/sobre\/wp-json\/wp\/v2\/posts\/1062\/revisions\/2421"}],"wp:attachment":[{"href":"https:\/\/www.encontrapiracicaba.com.br\/sobre\/wp-json\/wp\/v2\/media?parent=1062"}],"wp:term":[{"taxonomy":"category","embeddable":true,"href":"https:\/\/www.encontrapiracicaba.com.br\/sobre\/wp-json\/wp\/v2\/categories?post=1062"},{"taxonomy":"post_tag","embeddable":true,"href":"https:\/\/www.encontrapiracicaba.com.br\/sobre\/wp-json\/wp\/v2\/tags?post=1062"}],"curies":[{"name":"wp","href":"https:\/\/api.w.org\/{rel}","templated":true}]}}