{"id":1068,"date":"2012-08-27T11:46:54","date_gmt":"2012-08-27T14:46:54","guid":{"rendered":"http:\/\/www.encontrapiracicaba.com.br\/noticias\/?p=1068"},"modified":"2019-04-12T16:05:23","modified_gmt":"2019-04-12T19:05:23","slug":"regioes-de-piracicaba-e-campinas-tem-mais-ataques-de-abelhas","status":"publish","type":"post","link":"https:\/\/www.encontrapiracicaba.com.br\/sobre\/regioes-de-piracicaba-e-campinas-tem-mais-ataques-de-abelhas\/","title":{"rendered":"Regi\u00f5es de Piracicaba e Campinas t\u00eam mais ataques de abelhas"},"content":{"rendered":"<div class=\"85df007ed5c0c4d4b453fd13a37855e8\" data-index=\"1\" style=\"float: none; margin:0px;\">\n<!-- Anuncio display - global -->\r\n<ins class=\"adsbygoogle\"\r\n     style=\"display:block\"\r\n     data-ad-client=\"ca-pub-8585364105181520\"\r\n     data-ad-slot=\"8789329856\"\r\n     data-ad-format=\"auto\"\r\n     data-full-width-responsive=\"true\"><\/ins>\r\n<script>\r\n     (adsbygoogle = window.adsbygoogle || []).push({});\r\n<\/script>\n<\/div>\n<p>Levantamento da Secretaria de Estado da Sa\u00fade de S\u00e3o Paulo aponta que a cada dia, em m\u00e9dia, seis paulistas s\u00e3o atendidos em hospitais v\u00edtimas de ataques de enxames de abelhas.<\/p>\n<p>De janeiro a julho deste ano foram 1.291 registros em todo o Estado de S\u00e3o Paulo, segundo dados informados pelos munic\u00edpios ao Centro de Vigil\u00e2ncia Epidemiol\u00f3gica (CVE) da pasta. Houve quatro mortes.<\/p>\n<p>Entre as regi\u00f5es com o maior n\u00famero de pessoas acidentadas est\u00e3o Campinas e Piracicaba, ambas com 218 notifica\u00e7\u00f5es, seguidas de Botucatu, com 118 casos e Araraquara, com 114 notifica\u00e7\u00f5es. Em 2011, o n\u00famero de notifica\u00e7\u00f5es no Estado chegou a 2.080 de janeiro a dezembro, com tr\u00eas mortes.<\/p>\n<p>Assim como escorpi\u00f5es, aranhas e serpentes, as abelhas tamb\u00e9m s\u00e3o consideradas animais pe\u00e7onhentos, em raz\u00e3o do veneno contido nos ferr\u00f5es. Mas no caso das abelhas a notifica\u00e7\u00e3o s\u00f3 \u00e9 compuls\u00f3ria em caso de v\u00edtimas de enxames.<\/p>\n<p>Os acidentes normalmente est\u00e3o relacionados ao ambiente de trabalho, como lavouras. Por isso, algumas medidas de preven\u00e7\u00e3o s\u00e3o fundamentais para evitar os ataques. Entre elas, recomenda-se o uso de roupas adequadas e claras, preferencialmente brancas, em caso de manipula\u00e7\u00e3o das colmeias, j\u00e1 que o uso de cores fortes pode desencadear um comportamento agressivo das abelhas.<\/p>\n<p>Al\u00e9m disso, \u00e9 recomend\u00e1vel o uso de chap\u00e9us e roupas de manga em locais prop\u00edcios ao aparecimento de enxames. Em caso de acidente, a dica \u00e9 retirar os ferr\u00f5es com pin\u00e7as e procurar o servi\u00e7o de sa\u00fade mais pr\u00f3ximo.<\/p>\n<p>\u201cN\u00e3o se deve, de forma alguma, espremer o ferr\u00e3o para que ele saia, porque isso pode fazer com que ele libere mais veneno\u201d, explica Joseley.<\/p>\n<p><em>Fonte: JC Rio Claro<\/em><\/p>\n\n<div style=\"font-size: 0px; height: 0px; line-height: 0px; margin: 0; padding: 0; clear: both;\"><\/div>","protected":false},"excerpt":{"rendered":"<p>Levantamento da Secretaria de Estado da Sa\u00fade de S\u00e3o Paulo aponta que a cada dia, em m\u00e9dia, seis paulistas s\u00e3o atendidos em hospitais v\u00edtimas de ataques de enxames de abelhas. De janeiro a julho deste ano foram 1.291 registros em todo o Estado de S\u00e3o Paulo, segundo dados informados pelos munic\u00edpios ao Centro de Vigil\u00e2ncia Epidemiol\u00f3gica (CVE) da pasta. Houve quatro mortes. Entre as regi\u00f5es com o maior n\u00famero de pessoas acidentadas est\u00e3o Campinas e Piracicaba, ambas com 218 notifica\u00e7\u00f5es, seguidas de Botucatu, com 118 casos e Araraquara, com 114 notifica\u00e7\u00f5es. Em 2011, o n\u00famero de notifica\u00e7\u00f5es no Estado chegou <\/p>\n","protected":false},"author":1,"featured_media":0,"comment_status":"open","ping_status":"closed","sticky":false,"template":"","format":"standard","meta":{"footnotes":""},"categories":[6],"tags":[],"class_list":["post-1068","post","type-post","status-publish","format-standard","hentry","category-noticias-em-piracicaba"],"aioseo_notices":[],"aioseo_head":"\n\t\t<!-- All in One SEO 5.0.0.1 - aioseo.com -->\n\t<meta name=\"robots\" content=\"max-image-preview:large\" \/>\n\t<meta name=\"author\" content=\"Encontra Piracicaba\"\/>\n\t<link rel=\"canonical\" href=\"https:\/\/www.encontrapiracicaba.com.br\/sobre\/regioes-de-piracicaba-e-campinas-tem-mais-ataques-de-abelhas\/\" \/>\n\t<meta name=\"generator\" content=\"All in One SEO (AIOSEO) 5.0.0.1\" \/>\n\t\t<meta property=\"og:locale\" content=\"pt_BR\" \/>\n\t\t<meta property=\"og:site_name\" content=\"Encontra Piracicaba | Not\u00edcias, eventos, informa\u00e7\u00f5es e dicas na cidade de Piracicaba e regi\u00e3o\" \/>\n\t\t<meta property=\"og:type\" content=\"article\" \/>\n\t\t<meta property=\"og:title\" content=\"Regi\u00f5es de Piracicaba e Campinas t\u00eam mais ataques de abelhas | Encontra Piracicaba\" \/>\n\t\t<meta property=\"og:url\" content=\"https:\/\/www.encontrapiracicaba.com.br\/sobre\/regioes-de-piracicaba-e-campinas-tem-mais-ataques-de-abelhas\/\" \/>\n\t\t<meta property=\"article:published_time\" content=\"2012-08-27T14:46:54+00:00\" \/>\n\t\t<meta property=\"article:modified_time\" content=\"2019-04-12T19:05:23+00:00\" \/>\n\t\t<meta name=\"twitter:card\" content=\"summary\" \/>\n\t\t<meta name=\"twitter:title\" content=\"Regi\u00f5es de Piracicaba e Campinas t\u00eam mais ataques de abelhas | Encontra Piracicaba\" \/>\n\t\t<script type=\"application\/ld+json\" class=\"aioseo-schema\">\n\t\t\t{\"@context\":\"https:\\\/\\\/schema.org\",\"@graph\":[{\"@type\":\"Article\",\"@id\":\"https:\\\/\\\/www.encontrapiracicaba.com.br\\\/sobre\\\/regioes-de-piracicaba-e-campinas-tem-mais-ataques-de-abelhas\\\/#article\",\"name\":\"Regi\\u00f5es de Piracicaba e Campinas t\\u00eam mais ataques de abelhas | Encontra Piracicaba\",\"headline\":\"Regi\\u00f5es de Piracicaba e Campinas t\\u00eam mais ataques de abelhas\",\"author\":{\"@id\":\"https:\\\/\\\/www.encontrapiracicaba.com.br\\\/sobre\\\/author\\\/epiracicaba\\\/#author\"},\"publisher\":{\"@id\":\"https:\\\/\\\/www.encontrapiracicaba.com.br\\\/sobre\\\/#organization\"},\"datePublished\":\"2012-08-27T11:46:54-03:00\",\"dateModified\":\"2019-04-12T16:05:23-03:00\",\"inLanguage\":\"pt-BR\",\"mainEntityOfPage\":{\"@id\":\"https:\\\/\\\/www.encontrapiracicaba.com.br\\\/sobre\\\/regioes-de-piracicaba-e-campinas-tem-mais-ataques-de-abelhas\\\/#webpage\"},\"isPartOf\":{\"@id\":\"https:\\\/\\\/www.encontrapiracicaba.com.br\\\/sobre\\\/regioes-de-piracicaba-e-campinas-tem-mais-ataques-de-abelhas\\\/#webpage\"},\"articleSection\":\"Not\\u00edcias Piracicaba\"},{\"@type\":\"BreadcrumbList\",\"@id\":\"https:\\\/\\\/www.encontrapiracicaba.com.br\\\/sobre\\\/regioes-de-piracicaba-e-campinas-tem-mais-ataques-de-abelhas\\\/#breadcrumblist\",\"itemListElement\":[{\"@type\":\"ListItem\",\"@id\":\"https:\\\/\\\/www.encontrapiracicaba.com.br\\\/sobre#listItem\",\"position\":1,\"name\":\"In\\u00edcio\",\"item\":\"https:\\\/\\\/www.encontrapiracicaba.com.br\\\/sobre\",\"nextItem\":{\"@type\":\"ListItem\",\"@id\":\"https:\\\/\\\/www.encontrapiracicaba.com.br\\\/sobre\\\/noticias-em-piracicaba\\\/#listItem\",\"name\":\"Not\\u00edcias Piracicaba\"}},{\"@type\":\"ListItem\",\"@id\":\"https:\\\/\\\/www.encontrapiracicaba.com.br\\\/sobre\\\/noticias-em-piracicaba\\\/#listItem\",\"position\":2,\"name\":\"Not\\u00edcias Piracicaba\",\"item\":\"https:\\\/\\\/www.encontrapiracicaba.com.br\\\/sobre\\\/noticias-em-piracicaba\\\/\",\"nextItem\":{\"@type\":\"ListItem\",\"@id\":\"https:\\\/\\\/www.encontrapiracicaba.com.br\\\/sobre\\\/regioes-de-piracicaba-e-campinas-tem-mais-ataques-de-abelhas\\\/#listItem\",\"name\":\"Regi\\u00f5es de Piracicaba e Campinas t\\u00eam mais ataques de abelhas\"},\"previousItem\":{\"@type\":\"ListItem\",\"@id\":\"https:\\\/\\\/www.encontrapiracicaba.com.br\\\/sobre#listItem\",\"name\":\"In\\u00edcio\"}},{\"@type\":\"ListItem\",\"@id\":\"https:\\\/\\\/www.encontrapiracicaba.com.br\\\/sobre\\\/regioes-de-piracicaba-e-campinas-tem-mais-ataques-de-abelhas\\\/#listItem\",\"position\":3,\"name\":\"Regi\\u00f5es de Piracicaba e Campinas t\\u00eam mais ataques de abelhas\",\"previousItem\":{\"@type\":\"ListItem\",\"@id\":\"https:\\\/\\\/www.encontrapiracicaba.com.br\\\/sobre\\\/noticias-em-piracicaba\\\/#listItem\",\"name\":\"Not\\u00edcias Piracicaba\"}}]},{\"@type\":\"Organization\",\"@id\":\"https:\\\/\\\/www.encontrapiracicaba.com.br\\\/sobre\\\/#organization\",\"name\":\"Encontra Piracicaba\",\"description\":\"Not\\u00edcias, eventos, informa\\u00e7\\u00f5es e dicas na cidade de Piracicaba e regi\\u00e3o\",\"url\":\"https:\\\/\\\/www.encontrapiracicaba.com.br\\\/sobre\\\/\"},{\"@type\":\"Person\",\"@id\":\"https:\\\/\\\/www.encontrapiracicaba.com.br\\\/sobre\\\/author\\\/epiracicaba\\\/#author\",\"url\":\"https:\\\/\\\/www.encontrapiracicaba.com.br\\\/sobre\\\/author\\\/epiracicaba\\\/\",\"name\":\"Encontra Piracicaba\",\"image\":{\"@type\":\"ImageObject\",\"@id\":\"https:\\\/\\\/www.encontrapiracicaba.com.br\\\/sobre\\\/regioes-de-piracicaba-e-campinas-tem-mais-ataques-de-abelhas\\\/#authorImage\",\"url\":\"https:\\\/\\\/secure.gravatar.com\\\/avatar\\\/507340682b8270222e1f208e23198b6ae7e2c6a1033ae84e99bc6bce4f82a387?s=96&d=mm&r=g\",\"width\":96,\"height\":96,\"caption\":\"Encontra Piracicaba\"}},{\"@type\":\"WebPage\",\"@id\":\"https:\\\/\\\/www.encontrapiracicaba.com.br\\\/sobre\\\/regioes-de-piracicaba-e-campinas-tem-mais-ataques-de-abelhas\\\/#webpage\",\"url\":\"https:\\\/\\\/www.encontrapiracicaba.com.br\\\/sobre\\\/regioes-de-piracicaba-e-campinas-tem-mais-ataques-de-abelhas\\\/\",\"name\":\"Regi\\u00f5es de Piracicaba e Campinas t\\u00eam mais ataques de abelhas | Encontra Piracicaba\",\"inLanguage\":\"pt-BR\",\"isPartOf\":{\"@id\":\"https:\\\/\\\/www.encontrapiracicaba.com.br\\\/sobre\\\/#website\"},\"breadcrumb\":{\"@id\":\"https:\\\/\\\/www.encontrapiracicaba.com.br\\\/sobre\\\/regioes-de-piracicaba-e-campinas-tem-mais-ataques-de-abelhas\\\/#breadcrumblist\"},\"author\":{\"@id\":\"https:\\\/\\\/www.encontrapiracicaba.com.br\\\/sobre\\\/author\\\/epiracicaba\\\/#author\"},\"creator\":{\"@id\":\"https:\\\/\\\/www.encontrapiracicaba.com.br\\\/sobre\\\/author\\\/epiracicaba\\\/#author\"},\"datePublished\":\"2012-08-27T11:46:54-03:00\",\"dateModified\":\"2019-04-12T16:05:23-03:00\"},{\"@type\":\"WebSite\",\"@id\":\"https:\\\/\\\/www.encontrapiracicaba.com.br\\\/sobre\\\/#website\",\"url\":\"https:\\\/\\\/www.encontrapiracicaba.com.br\\\/sobre\\\/\",\"name\":\"Encontra Piracicaba\",\"description\":\"Not\\u00edcias, eventos, informa\\u00e7\\u00f5es e dicas na cidade de Piracicaba e regi\\u00e3o\",\"inLanguage\":\"pt-BR\",\"publisher\":{\"@id\":\"https:\\\/\\\/www.encontrapiracicaba.com.br\\\/sobre\\\/#organization\"}}]}\n\t\t<\/script>\n\t\t<!-- All in One SEO -->\n\n","aioseo_head_json":{"title":"Regi\u00f5es de Piracicaba e Campinas t\u00eam mais ataques de abelhas | Encontra Piracicaba","description":"","canonical_url":"https:\/\/www.encontrapiracicaba.com.br\/sobre\/regioes-de-piracicaba-e-campinas-tem-mais-ataques-de-abelhas\/","robots":"max-image-preview:large","keywords":"","webmasterTools":{"miscellaneous":""},"schema":{"@context":"https:\/\/schema.org","@graph":[{"@type":"Article","@id":"https:\/\/www.encontrapiracicaba.com.br\/sobre\/regioes-de-piracicaba-e-campinas-tem-mais-ataques-de-abelhas\/#article","name":"Regi\u00f5es de Piracicaba e Campinas t\u00eam mais ataques de abelhas | Encontra Piracicaba","headline":"Regi\u00f5es de Piracicaba e Campinas t\u00eam mais ataques de abelhas","author":{"@id":"https:\/\/www.encontrapiracicaba.com.br\/sobre\/author\/epiracicaba\/#author"},"publisher":{"@id":"https:\/\/www.encontrapiracicaba.com.br\/sobre\/#organization"},"datePublished":"2012-08-27T11:46:54-03:00","dateModified":"2019-04-12T16:05:23-03:00","inLanguage":"pt-BR","mainEntityOfPage":{"@id":"https:\/\/www.encontrapiracicaba.com.br\/sobre\/regioes-de-piracicaba-e-campinas-tem-mais-ataques-de-abelhas\/#webpage"},"isPartOf":{"@id":"https:\/\/www.encontrapiracicaba.com.br\/sobre\/regioes-de-piracicaba-e-campinas-tem-mais-ataques-de-abelhas\/#webpage"},"articleSection":"Not\u00edcias Piracicaba"},{"@type":"BreadcrumbList","@id":"https:\/\/www.encontrapiracicaba.com.br\/sobre\/regioes-de-piracicaba-e-campinas-tem-mais-ataques-de-abelhas\/#breadcrumblist","itemListElement":[{"@type":"ListItem","@id":"https:\/\/www.encontrapiracicaba.com.br\/sobre#listItem","position":1,"name":"In\u00edcio","item":"https:\/\/www.encontrapiracicaba.com.br\/sobre","nextItem":{"@type":"ListItem","@id":"https:\/\/www.encontrapiracicaba.com.br\/sobre\/noticias-em-piracicaba\/#listItem","name":"Not\u00edcias Piracicaba"}},{"@type":"ListItem","@id":"https:\/\/www.encontrapiracicaba.com.br\/sobre\/noticias-em-piracicaba\/#listItem","position":2,"name":"Not\u00edcias Piracicaba","item":"https:\/\/www.encontrapiracicaba.com.br\/sobre\/noticias-em-piracicaba\/","nextItem":{"@type":"ListItem","@id":"https:\/\/www.encontrapiracicaba.com.br\/sobre\/regioes-de-piracicaba-e-campinas-tem-mais-ataques-de-abelhas\/#listItem","name":"Regi\u00f5es de Piracicaba e Campinas t\u00eam mais ataques de abelhas"},"previousItem":{"@type":"ListItem","@id":"https:\/\/www.encontrapiracicaba.com.br\/sobre#listItem","name":"In\u00edcio"}},{"@type":"ListItem","@id":"https:\/\/www.encontrapiracicaba.com.br\/sobre\/regioes-de-piracicaba-e-campinas-tem-mais-ataques-de-abelhas\/#listItem","position":3,"name":"Regi\u00f5es de Piracicaba e Campinas t\u00eam mais ataques de abelhas","previousItem":{"@type":"ListItem","@id":"https:\/\/www.encontrapiracicaba.com.br\/sobre\/noticias-em-piracicaba\/#listItem","name":"Not\u00edcias Piracicaba"}}]},{"@type":"Organization","@id":"https:\/\/www.encontrapiracicaba.com.br\/sobre\/#organization","name":"Encontra Piracicaba","description":"Not\u00edcias, eventos, informa\u00e7\u00f5es e dicas na cidade de Piracicaba e regi\u00e3o","url":"https:\/\/www.encontrapiracicaba.com.br\/sobre\/"},{"@type":"Person","@id":"https:\/\/www.encontrapiracicaba.com.br\/sobre\/author\/epiracicaba\/#author","url":"https:\/\/www.encontrapiracicaba.com.br\/sobre\/author\/epiracicaba\/","name":"Encontra Piracicaba","image":{"@type":"ImageObject","@id":"https:\/\/www.encontrapiracicaba.com.br\/sobre\/regioes-de-piracicaba-e-campinas-tem-mais-ataques-de-abelhas\/#authorImage","url":"https:\/\/secure.gravatar.com\/avatar\/507340682b8270222e1f208e23198b6ae7e2c6a1033ae84e99bc6bce4f82a387?s=96&d=mm&r=g","width":96,"height":96,"caption":"Encontra Piracicaba"}},{"@type":"WebPage","@id":"https:\/\/www.encontrapiracicaba.com.br\/sobre\/regioes-de-piracicaba-e-campinas-tem-mais-ataques-de-abelhas\/#webpage","url":"https:\/\/www.encontrapiracicaba.com.br\/sobre\/regioes-de-piracicaba-e-campinas-tem-mais-ataques-de-abelhas\/","name":"Regi\u00f5es de Piracicaba e Campinas t\u00eam mais ataques de abelhas | Encontra Piracicaba","inLanguage":"pt-BR","isPartOf":{"@id":"https:\/\/www.encontrapiracicaba.com.br\/sobre\/#website"},"breadcrumb":{"@id":"https:\/\/www.encontrapiracicaba.com.br\/sobre\/regioes-de-piracicaba-e-campinas-tem-mais-ataques-de-abelhas\/#breadcrumblist"},"author":{"@id":"https:\/\/www.encontrapiracicaba.com.br\/sobre\/author\/epiracicaba\/#author"},"creator":{"@id":"https:\/\/www.encontrapiracicaba.com.br\/sobre\/author\/epiracicaba\/#author"},"datePublished":"2012-08-27T11:46:54-03:00","dateModified":"2019-04-12T16:05:23-03:00"},{"@type":"WebSite","@id":"https:\/\/www.encontrapiracicaba.com.br\/sobre\/#website","url":"https:\/\/www.encontrapiracicaba.com.br\/sobre\/","name":"Encontra Piracicaba","description":"Not\u00edcias, eventos, informa\u00e7\u00f5es e dicas na cidade de Piracicaba e regi\u00e3o","inLanguage":"pt-BR","publisher":{"@id":"https:\/\/www.encontrapiracicaba.com.br\/sobre\/#organization"}}]},"og:locale":"pt_BR","og:site_name":"Encontra Piracicaba | Not\u00edcias, eventos, informa\u00e7\u00f5es e dicas na cidade de Piracicaba e regi\u00e3o","og:type":"article","og:title":"Regi\u00f5es de Piracicaba e Campinas t\u00eam mais ataques de abelhas | Encontra Piracicaba","og:url":"https:\/\/www.encontrapiracicaba.com.br\/sobre\/regioes-de-piracicaba-e-campinas-tem-mais-ataques-de-abelhas\/","article:published_time":"2012-08-27T14:46:54+00:00","article:modified_time":"2019-04-12T19:05:23+00:00","twitter:card":"summary","twitter:title":"Regi\u00f5es de Piracicaba e Campinas t\u00eam mais ataques de abelhas | Encontra Piracicaba"},"aioseo_meta_data":{"post_id":"1068","title":null,"description":null,"keywords":null,"keyphrases":null,"primary_term":null,"canonical_url":null,"og_title":null,"og_description":null,"og_object_type":"default","og_image_type":"default","og_image_url":null,"og_image_width":null,"og_image_height":null,"og_image_custom_url":null,"og_image_custom_fields":null,"og_video":null,"og_custom_url":null,"og_article_section":null,"og_article_tags":null,"twitter_use_og":false,"twitter_card":"default","twitter_image_type":"default","twitter_image_url":null,"twitter_image_custom_url":null,"twitter_image_custom_fields":null,"twitter_title":null,"twitter_description":null,"schema":{"blockGraphs":[],"customGraphs":[],"default":{"data":{"Article":[],"Course":[],"Dataset":[],"FAQPage":[],"Movie":[],"Person":[],"Product":[],"ProductReview":[],"Car":[],"Recipe":[],"Service":[],"SoftwareApplication":[],"WebPage":[]},"graphName":"Article","isEnabled":true},"graphs":[]},"schema_type":null,"schema_type_options":null,"pillar_content":false,"robots_default":true,"robots_noindex":false,"robots_noarchive":false,"robots_nosnippet":false,"robots_nofollow":false,"robots_noimageindex":false,"robots_noodp":false,"robots_notranslate":false,"robots_max_snippet":null,"robots_max_videopreview":null,"robots_max_imagepreview":"large","priority":null,"frequency":null,"local_seo":null,"breadcrumb_settings":null,"limit_modified_date":false,"ai":null,"created":"2021-08-13 20:47:50","updated":"2025-10-04 00:39:03","focus_keyword":null,"additional_keywords":null,"truseo_locale":null,"seo_analyzer_scan_date":null},"aioseo_breadcrumb":"<div class=\"aioseo-breadcrumbs\"><span class=\"aioseo-breadcrumb\">\n\t\t\t<a href=\"https:\/\/www.encontrapiracicaba.com.br\/sobre\" title=\"In\u00edcio\">In\u00edcio<\/a>\n\t\t<\/span><span class=\"aioseo-breadcrumb-separator\">&raquo;<\/span><span class=\"aioseo-breadcrumb\">\n\t\t\t<a href=\"https:\/\/www.encontrapiracicaba.com.br\/sobre\/noticias-em-piracicaba\/\" title=\"Not\u00edcias Piracicaba\">Not\u00edcias Piracicaba<\/a>\n\t\t<\/span><span class=\"aioseo-breadcrumb-separator\">&raquo;<\/span><span class=\"aioseo-breadcrumb\">\n\t\t\tRegi\u00f5es de Piracicaba e Campinas t\u00eam mais ataques de abelhas\n\t\t<\/span><\/div>","aioseo_breadcrumb_json":[{"label":"In\u00edcio","link":"https:\/\/www.encontrapiracicaba.com.br\/sobre"},{"label":"Not\u00edcias Piracicaba","link":"https:\/\/www.encontrapiracicaba.com.br\/sobre\/noticias-em-piracicaba\/"},{"label":"Regi\u00f5es de Piracicaba e Campinas t\u00eam mais ataques de abelhas","link":"https:\/\/www.encontrapiracicaba.com.br\/sobre\/regioes-de-piracicaba-e-campinas-tem-mais-ataques-de-abelhas\/"}],"_links":{"self":[{"href":"https:\/\/www.encontrapiracicaba.com.br\/sobre\/wp-json\/wp\/v2\/posts\/1068","targetHints":{"allow":["GET"]}}],"collection":[{"href":"https:\/\/www.encontrapiracicaba.com.br\/sobre\/wp-json\/wp\/v2\/posts"}],"about":[{"href":"https:\/\/www.encontrapiracicaba.com.br\/sobre\/wp-json\/wp\/v2\/types\/post"}],"author":[{"embeddable":true,"href":"https:\/\/www.encontrapiracicaba.com.br\/sobre\/wp-json\/wp\/v2\/users\/1"}],"replies":[{"embeddable":true,"href":"https:\/\/www.encontrapiracicaba.com.br\/sobre\/wp-json\/wp\/v2\/comments?post=1068"}],"version-history":[{"count":3,"href":"https:\/\/www.encontrapiracicaba.com.br\/sobre\/wp-json\/wp\/v2\/posts\/1068\/revisions"}],"predecessor-version":[{"id":2422,"href":"https:\/\/www.encontrapiracicaba.com.br\/sobre\/wp-json\/wp\/v2\/posts\/1068\/revisions\/2422"}],"wp:attachment":[{"href":"https:\/\/www.encontrapiracicaba.com.br\/sobre\/wp-json\/wp\/v2\/media?parent=1068"}],"wp:term":[{"taxonomy":"category","embeddable":true,"href":"https:\/\/www.encontrapiracicaba.com.br\/sobre\/wp-json\/wp\/v2\/categories?post=1068"},{"taxonomy":"post_tag","embeddable":true,"href":"https:\/\/www.encontrapiracicaba.com.br\/sobre\/wp-json\/wp\/v2\/tags?post=1068"}],"curies":[{"name":"wp","href":"https:\/\/api.w.org\/{rel}","templated":true}]}}