{"id":1085,"date":"2012-09-04T15:06:10","date_gmt":"2012-09-04T18:06:10","guid":{"rendered":"http:\/\/www.encontrapiracicaba.com.br\/noticias\/?p=1085"},"modified":"2019-04-12T16:05:23","modified_gmt":"2019-04-12T19:05:23","slug":"regiao-de-piracicaba-registra-apenas-sete-reclamacoes-contra-queimadas","status":"publish","type":"post","link":"https:\/\/www.encontrapiracicaba.com.br\/sobre\/regiao-de-piracicaba-registra-apenas-sete-reclamacoes-contra-queimadas\/","title":{"rendered":"Regi\u00e3o de Piracicaba registra apenas sete reclama\u00e7\u00f5es contra queimadas"},"content":{"rendered":"<div class=\"85df007ed5c0c4d4b453fd13a37855e8\" data-index=\"1\" style=\"float: none; margin:0px;\">\n<!-- Anuncio display - global -->\r\n<ins class=\"adsbygoogle\"\r\n     style=\"display:block\"\r\n     data-ad-client=\"ca-pub-8585364105181520\"\r\n     data-ad-slot=\"8789329856\"\r\n     data-ad-format=\"auto\"\r\n     data-full-width-responsive=\"true\"><\/ins>\r\n<script>\r\n     (adsbygoogle = window.adsbygoogle || []).push({});\r\n<\/script>\n<\/div>\n<p>Desde a proibi\u00e7\u00e3o da queima de cana-de-a\u00e7\u00facar na regi\u00e3o de Piracicaba, no dia 16 de julho, a Companhia de Tecnologia de Saneamento Ambiental do Estado de S\u00e3o Paulo (Cetesb) registrou apenas tr\u00eas reclama\u00e7\u00f5es da popula\u00e7\u00e3o contra a pr\u00e1tica. Os dados desde o in\u00edcio da safra, em maio, registram que o \u00f3rg\u00e3o, vinculado \u00e0 Secretaria Estadual de Meio Ambiente, recebeu outras quatro den\u00fancias, sendo que apenas uma foi penalizada com multa.<\/p>\n<p>As queimadas podem prejudicar a <a title=\"Planos de Sa\u00fade em Piracicaba\" href=\"http:\/\/www.encontrapiracicaba.com.br\/p\/planos-de-saude-em-piracicaba.shtml\" target=\"_blank\">sa\u00fade<\/a>. Com mais de 40 dias sem chuva na regi\u00e3o, o ar seco causa inc\u00f4modo para as pessoas. A umidade do ar em agosto chegou a 24%, considerado estado de aten\u00e7\u00e3o pela Organiza\u00e7\u00e3o Mundial da Sa\u00fade. A situa\u00e7\u00e3o pode aumentar os casos de problemas respirat\u00f3rios. Al\u00e9m da palha de cana-de-a\u00e7\u00facar, os inc\u00eandios provocados em matagais tamb\u00e9m s\u00e3o comuns.<\/p>\n<p>Mas o baixo n\u00famero de reclama\u00e7\u00f5es n\u00e3o significa que os produtores de cana estejam respeitando a proibi\u00e7\u00e3o. Em Piracicaba, por exemplo, \u00e9 comum ver focos nas \u00e1reas urbana e rural. Morador do bairro Santa Teresinha, Fl\u00e1vio Lima entrou em contato com o<em> G1<\/em> informando que as queimadas s\u00e3o frequentes na regi\u00e3o. &#8220;\u00c0s vezes \u00e9 mais moderada, mas tem quase todo dia&#8221;, afirmou.<\/p>\n<p>Apesar do problema, as pessoas que se sentem prejudicadas n\u00e3o costumam reclamar. &#8220;Falta informa\u00e7\u00e3o. Tem muita gente que nem sabe qual \u00e9 o \u00f3rg\u00e3o&#8221;, disse o morador. Segundo a Cetesb, o morador que se sentir prejudicado pelas queimadas deve telefonar para o Disk Meio Ambiente. O n\u00famero \u00e9 o 0800-11-3560. A liga\u00e7\u00e3o \u00e9 gratuita.<\/p>\n<p><em>Fonte: G1<\/em><\/p>\n\n<div style=\"font-size: 0px; height: 0px; line-height: 0px; margin: 0; padding: 0; clear: both;\"><\/div>","protected":false},"excerpt":{"rendered":"<p>Desde a proibi\u00e7\u00e3o da queima de cana-de-a\u00e7\u00facar na regi\u00e3o de Piracicaba, no dia 16 de julho, a Companhia de Tecnologia de Saneamento Ambiental do Estado de S\u00e3o Paulo (Cetesb) registrou apenas tr\u00eas reclama\u00e7\u00f5es da popula\u00e7\u00e3o contra a pr\u00e1tica. Os dados desde o in\u00edcio da safra, em maio, registram que o \u00f3rg\u00e3o, vinculado \u00e0 Secretaria Estadual de Meio Ambiente, recebeu outras quatro den\u00fancias, sendo que apenas uma foi penalizada com multa. As queimadas podem prejudicar a sa\u00fade. Com mais de 40 dias sem chuva na regi\u00e3o, o ar seco causa inc\u00f4modo para as pessoas. A umidade do ar em agosto chegou <\/p>\n","protected":false},"author":1,"featured_media":0,"comment_status":"open","ping_status":"closed","sticky":false,"template":"","format":"standard","meta":{"footnotes":""},"categories":[6],"tags":[],"class_list":["post-1085","post","type-post","status-publish","format-standard","hentry","category-noticias-em-piracicaba"],"aioseo_notices":[],"aioseo_head":"\n\t\t<!-- All in One SEO 5.0.0.1 - aioseo.com -->\n\t<meta name=\"robots\" content=\"max-image-preview:large\" \/>\n\t<meta name=\"author\" content=\"Encontra Piracicaba\"\/>\n\t<link rel=\"canonical\" href=\"https:\/\/www.encontrapiracicaba.com.br\/sobre\/regiao-de-piracicaba-registra-apenas-sete-reclamacoes-contra-queimadas\/\" \/>\n\t<meta name=\"generator\" content=\"All in One SEO (AIOSEO) 5.0.0.1\" \/>\n\t\t<meta property=\"og:locale\" content=\"pt_BR\" \/>\n\t\t<meta property=\"og:site_name\" content=\"Encontra Piracicaba | Not\u00edcias, eventos, informa\u00e7\u00f5es e dicas na cidade de Piracicaba e regi\u00e3o\" \/>\n\t\t<meta property=\"og:type\" content=\"article\" \/>\n\t\t<meta property=\"og:title\" content=\"Regi\u00e3o de Piracicaba registra apenas sete reclama\u00e7\u00f5es contra queimadas | Encontra Piracicaba\" \/>\n\t\t<meta property=\"og:url\" content=\"https:\/\/www.encontrapiracicaba.com.br\/sobre\/regiao-de-piracicaba-registra-apenas-sete-reclamacoes-contra-queimadas\/\" \/>\n\t\t<meta property=\"article:published_time\" content=\"2012-09-04T18:06:10+00:00\" \/>\n\t\t<meta property=\"article:modified_time\" content=\"2019-04-12T19:05:23+00:00\" \/>\n\t\t<meta name=\"twitter:card\" content=\"summary\" \/>\n\t\t<meta name=\"twitter:title\" content=\"Regi\u00e3o de Piracicaba registra apenas sete reclama\u00e7\u00f5es contra queimadas | Encontra Piracicaba\" \/>\n\t\t<script type=\"application\/ld+json\" class=\"aioseo-schema\">\n\t\t\t{\"@context\":\"https:\\\/\\\/schema.org\",\"@graph\":[{\"@type\":\"Article\",\"@id\":\"https:\\\/\\\/www.encontrapiracicaba.com.br\\\/sobre\\\/regiao-de-piracicaba-registra-apenas-sete-reclamacoes-contra-queimadas\\\/#article\",\"name\":\"Regi\\u00e3o de Piracicaba registra apenas sete reclama\\u00e7\\u00f5es contra queimadas | Encontra Piracicaba\",\"headline\":\"Regi\\u00e3o de Piracicaba registra apenas sete reclama\\u00e7\\u00f5es contra queimadas\",\"author\":{\"@id\":\"https:\\\/\\\/www.encontrapiracicaba.com.br\\\/sobre\\\/author\\\/epiracicaba\\\/#author\"},\"publisher\":{\"@id\":\"https:\\\/\\\/www.encontrapiracicaba.com.br\\\/sobre\\\/#organization\"},\"datePublished\":\"2012-09-04T15:06:10-03:00\",\"dateModified\":\"2019-04-12T16:05:23-03:00\",\"inLanguage\":\"pt-BR\",\"mainEntityOfPage\":{\"@id\":\"https:\\\/\\\/www.encontrapiracicaba.com.br\\\/sobre\\\/regiao-de-piracicaba-registra-apenas-sete-reclamacoes-contra-queimadas\\\/#webpage\"},\"isPartOf\":{\"@id\":\"https:\\\/\\\/www.encontrapiracicaba.com.br\\\/sobre\\\/regiao-de-piracicaba-registra-apenas-sete-reclamacoes-contra-queimadas\\\/#webpage\"},\"articleSection\":\"Not\\u00edcias Piracicaba\"},{\"@type\":\"BreadcrumbList\",\"@id\":\"https:\\\/\\\/www.encontrapiracicaba.com.br\\\/sobre\\\/regiao-de-piracicaba-registra-apenas-sete-reclamacoes-contra-queimadas\\\/#breadcrumblist\",\"itemListElement\":[{\"@type\":\"ListItem\",\"@id\":\"https:\\\/\\\/www.encontrapiracicaba.com.br\\\/sobre#listItem\",\"position\":1,\"name\":\"In\\u00edcio\",\"item\":\"https:\\\/\\\/www.encontrapiracicaba.com.br\\\/sobre\",\"nextItem\":{\"@type\":\"ListItem\",\"@id\":\"https:\\\/\\\/www.encontrapiracicaba.com.br\\\/sobre\\\/noticias-em-piracicaba\\\/#listItem\",\"name\":\"Not\\u00edcias Piracicaba\"}},{\"@type\":\"ListItem\",\"@id\":\"https:\\\/\\\/www.encontrapiracicaba.com.br\\\/sobre\\\/noticias-em-piracicaba\\\/#listItem\",\"position\":2,\"name\":\"Not\\u00edcias Piracicaba\",\"item\":\"https:\\\/\\\/www.encontrapiracicaba.com.br\\\/sobre\\\/noticias-em-piracicaba\\\/\",\"nextItem\":{\"@type\":\"ListItem\",\"@id\":\"https:\\\/\\\/www.encontrapiracicaba.com.br\\\/sobre\\\/regiao-de-piracicaba-registra-apenas-sete-reclamacoes-contra-queimadas\\\/#listItem\",\"name\":\"Regi\\u00e3o de Piracicaba registra apenas sete reclama\\u00e7\\u00f5es contra queimadas\"},\"previousItem\":{\"@type\":\"ListItem\",\"@id\":\"https:\\\/\\\/www.encontrapiracicaba.com.br\\\/sobre#listItem\",\"name\":\"In\\u00edcio\"}},{\"@type\":\"ListItem\",\"@id\":\"https:\\\/\\\/www.encontrapiracicaba.com.br\\\/sobre\\\/regiao-de-piracicaba-registra-apenas-sete-reclamacoes-contra-queimadas\\\/#listItem\",\"position\":3,\"name\":\"Regi\\u00e3o de Piracicaba registra apenas sete reclama\\u00e7\\u00f5es contra queimadas\",\"previousItem\":{\"@type\":\"ListItem\",\"@id\":\"https:\\\/\\\/www.encontrapiracicaba.com.br\\\/sobre\\\/noticias-em-piracicaba\\\/#listItem\",\"name\":\"Not\\u00edcias Piracicaba\"}}]},{\"@type\":\"Organization\",\"@id\":\"https:\\\/\\\/www.encontrapiracicaba.com.br\\\/sobre\\\/#organization\",\"name\":\"Encontra Piracicaba\",\"description\":\"Not\\u00edcias, eventos, informa\\u00e7\\u00f5es e dicas na cidade de Piracicaba e regi\\u00e3o\",\"url\":\"https:\\\/\\\/www.encontrapiracicaba.com.br\\\/sobre\\\/\"},{\"@type\":\"Person\",\"@id\":\"https:\\\/\\\/www.encontrapiracicaba.com.br\\\/sobre\\\/author\\\/epiracicaba\\\/#author\",\"url\":\"https:\\\/\\\/www.encontrapiracicaba.com.br\\\/sobre\\\/author\\\/epiracicaba\\\/\",\"name\":\"Encontra Piracicaba\",\"image\":{\"@type\":\"ImageObject\",\"@id\":\"https:\\\/\\\/www.encontrapiracicaba.com.br\\\/sobre\\\/regiao-de-piracicaba-registra-apenas-sete-reclamacoes-contra-queimadas\\\/#authorImage\",\"url\":\"https:\\\/\\\/secure.gravatar.com\\\/avatar\\\/507340682b8270222e1f208e23198b6ae7e2c6a1033ae84e99bc6bce4f82a387?s=96&d=mm&r=g\",\"width\":96,\"height\":96,\"caption\":\"Encontra Piracicaba\"}},{\"@type\":\"WebPage\",\"@id\":\"https:\\\/\\\/www.encontrapiracicaba.com.br\\\/sobre\\\/regiao-de-piracicaba-registra-apenas-sete-reclamacoes-contra-queimadas\\\/#webpage\",\"url\":\"https:\\\/\\\/www.encontrapiracicaba.com.br\\\/sobre\\\/regiao-de-piracicaba-registra-apenas-sete-reclamacoes-contra-queimadas\\\/\",\"name\":\"Regi\\u00e3o de Piracicaba registra apenas sete reclama\\u00e7\\u00f5es contra queimadas | Encontra Piracicaba\",\"inLanguage\":\"pt-BR\",\"isPartOf\":{\"@id\":\"https:\\\/\\\/www.encontrapiracicaba.com.br\\\/sobre\\\/#website\"},\"breadcrumb\":{\"@id\":\"https:\\\/\\\/www.encontrapiracicaba.com.br\\\/sobre\\\/regiao-de-piracicaba-registra-apenas-sete-reclamacoes-contra-queimadas\\\/#breadcrumblist\"},\"author\":{\"@id\":\"https:\\\/\\\/www.encontrapiracicaba.com.br\\\/sobre\\\/author\\\/epiracicaba\\\/#author\"},\"creator\":{\"@id\":\"https:\\\/\\\/www.encontrapiracicaba.com.br\\\/sobre\\\/author\\\/epiracicaba\\\/#author\"},\"datePublished\":\"2012-09-04T15:06:10-03:00\",\"dateModified\":\"2019-04-12T16:05:23-03:00\"},{\"@type\":\"WebSite\",\"@id\":\"https:\\\/\\\/www.encontrapiracicaba.com.br\\\/sobre\\\/#website\",\"url\":\"https:\\\/\\\/www.encontrapiracicaba.com.br\\\/sobre\\\/\",\"name\":\"Encontra Piracicaba\",\"description\":\"Not\\u00edcias, eventos, informa\\u00e7\\u00f5es e dicas na cidade de Piracicaba e regi\\u00e3o\",\"inLanguage\":\"pt-BR\",\"publisher\":{\"@id\":\"https:\\\/\\\/www.encontrapiracicaba.com.br\\\/sobre\\\/#organization\"}}]}\n\t\t<\/script>\n\t\t<!-- All in One SEO -->\n\n","aioseo_head_json":{"title":"Regi\u00e3o de Piracicaba registra apenas sete reclama\u00e7\u00f5es contra queimadas | Encontra Piracicaba","description":"","canonical_url":"https:\/\/www.encontrapiracicaba.com.br\/sobre\/regiao-de-piracicaba-registra-apenas-sete-reclamacoes-contra-queimadas\/","robots":"max-image-preview:large","keywords":"","webmasterTools":{"miscellaneous":""},"schema":{"@context":"https:\/\/schema.org","@graph":[{"@type":"Article","@id":"https:\/\/www.encontrapiracicaba.com.br\/sobre\/regiao-de-piracicaba-registra-apenas-sete-reclamacoes-contra-queimadas\/#article","name":"Regi\u00e3o de Piracicaba registra apenas sete reclama\u00e7\u00f5es contra queimadas | Encontra Piracicaba","headline":"Regi\u00e3o de Piracicaba registra apenas sete reclama\u00e7\u00f5es contra queimadas","author":{"@id":"https:\/\/www.encontrapiracicaba.com.br\/sobre\/author\/epiracicaba\/#author"},"publisher":{"@id":"https:\/\/www.encontrapiracicaba.com.br\/sobre\/#organization"},"datePublished":"2012-09-04T15:06:10-03:00","dateModified":"2019-04-12T16:05:23-03:00","inLanguage":"pt-BR","mainEntityOfPage":{"@id":"https:\/\/www.encontrapiracicaba.com.br\/sobre\/regiao-de-piracicaba-registra-apenas-sete-reclamacoes-contra-queimadas\/#webpage"},"isPartOf":{"@id":"https:\/\/www.encontrapiracicaba.com.br\/sobre\/regiao-de-piracicaba-registra-apenas-sete-reclamacoes-contra-queimadas\/#webpage"},"articleSection":"Not\u00edcias Piracicaba"},{"@type":"BreadcrumbList","@id":"https:\/\/www.encontrapiracicaba.com.br\/sobre\/regiao-de-piracicaba-registra-apenas-sete-reclamacoes-contra-queimadas\/#breadcrumblist","itemListElement":[{"@type":"ListItem","@id":"https:\/\/www.encontrapiracicaba.com.br\/sobre#listItem","position":1,"name":"In\u00edcio","item":"https:\/\/www.encontrapiracicaba.com.br\/sobre","nextItem":{"@type":"ListItem","@id":"https:\/\/www.encontrapiracicaba.com.br\/sobre\/noticias-em-piracicaba\/#listItem","name":"Not\u00edcias Piracicaba"}},{"@type":"ListItem","@id":"https:\/\/www.encontrapiracicaba.com.br\/sobre\/noticias-em-piracicaba\/#listItem","position":2,"name":"Not\u00edcias Piracicaba","item":"https:\/\/www.encontrapiracicaba.com.br\/sobre\/noticias-em-piracicaba\/","nextItem":{"@type":"ListItem","@id":"https:\/\/www.encontrapiracicaba.com.br\/sobre\/regiao-de-piracicaba-registra-apenas-sete-reclamacoes-contra-queimadas\/#listItem","name":"Regi\u00e3o de Piracicaba registra apenas sete reclama\u00e7\u00f5es contra queimadas"},"previousItem":{"@type":"ListItem","@id":"https:\/\/www.encontrapiracicaba.com.br\/sobre#listItem","name":"In\u00edcio"}},{"@type":"ListItem","@id":"https:\/\/www.encontrapiracicaba.com.br\/sobre\/regiao-de-piracicaba-registra-apenas-sete-reclamacoes-contra-queimadas\/#listItem","position":3,"name":"Regi\u00e3o de Piracicaba registra apenas sete reclama\u00e7\u00f5es contra queimadas","previousItem":{"@type":"ListItem","@id":"https:\/\/www.encontrapiracicaba.com.br\/sobre\/noticias-em-piracicaba\/#listItem","name":"Not\u00edcias Piracicaba"}}]},{"@type":"Organization","@id":"https:\/\/www.encontrapiracicaba.com.br\/sobre\/#organization","name":"Encontra Piracicaba","description":"Not\u00edcias, eventos, informa\u00e7\u00f5es e dicas na cidade de Piracicaba e regi\u00e3o","url":"https:\/\/www.encontrapiracicaba.com.br\/sobre\/"},{"@type":"Person","@id":"https:\/\/www.encontrapiracicaba.com.br\/sobre\/author\/epiracicaba\/#author","url":"https:\/\/www.encontrapiracicaba.com.br\/sobre\/author\/epiracicaba\/","name":"Encontra Piracicaba","image":{"@type":"ImageObject","@id":"https:\/\/www.encontrapiracicaba.com.br\/sobre\/regiao-de-piracicaba-registra-apenas-sete-reclamacoes-contra-queimadas\/#authorImage","url":"https:\/\/secure.gravatar.com\/avatar\/507340682b8270222e1f208e23198b6ae7e2c6a1033ae84e99bc6bce4f82a387?s=96&d=mm&r=g","width":96,"height":96,"caption":"Encontra Piracicaba"}},{"@type":"WebPage","@id":"https:\/\/www.encontrapiracicaba.com.br\/sobre\/regiao-de-piracicaba-registra-apenas-sete-reclamacoes-contra-queimadas\/#webpage","url":"https:\/\/www.encontrapiracicaba.com.br\/sobre\/regiao-de-piracicaba-registra-apenas-sete-reclamacoes-contra-queimadas\/","name":"Regi\u00e3o de Piracicaba registra apenas sete reclama\u00e7\u00f5es contra queimadas | Encontra Piracicaba","inLanguage":"pt-BR","isPartOf":{"@id":"https:\/\/www.encontrapiracicaba.com.br\/sobre\/#website"},"breadcrumb":{"@id":"https:\/\/www.encontrapiracicaba.com.br\/sobre\/regiao-de-piracicaba-registra-apenas-sete-reclamacoes-contra-queimadas\/#breadcrumblist"},"author":{"@id":"https:\/\/www.encontrapiracicaba.com.br\/sobre\/author\/epiracicaba\/#author"},"creator":{"@id":"https:\/\/www.encontrapiracicaba.com.br\/sobre\/author\/epiracicaba\/#author"},"datePublished":"2012-09-04T15:06:10-03:00","dateModified":"2019-04-12T16:05:23-03:00"},{"@type":"WebSite","@id":"https:\/\/www.encontrapiracicaba.com.br\/sobre\/#website","url":"https:\/\/www.encontrapiracicaba.com.br\/sobre\/","name":"Encontra Piracicaba","description":"Not\u00edcias, eventos, informa\u00e7\u00f5es e dicas na cidade de Piracicaba e regi\u00e3o","inLanguage":"pt-BR","publisher":{"@id":"https:\/\/www.encontrapiracicaba.com.br\/sobre\/#organization"}}]},"og:locale":"pt_BR","og:site_name":"Encontra Piracicaba | Not\u00edcias, eventos, informa\u00e7\u00f5es e dicas na cidade de Piracicaba e regi\u00e3o","og:type":"article","og:title":"Regi\u00e3o de Piracicaba registra apenas sete reclama\u00e7\u00f5es contra queimadas | Encontra Piracicaba","og:url":"https:\/\/www.encontrapiracicaba.com.br\/sobre\/regiao-de-piracicaba-registra-apenas-sete-reclamacoes-contra-queimadas\/","article:published_time":"2012-09-04T18:06:10+00:00","article:modified_time":"2019-04-12T19:05:23+00:00","twitter:card":"summary","twitter:title":"Regi\u00e3o de Piracicaba registra apenas sete reclama\u00e7\u00f5es contra queimadas | Encontra Piracicaba"},"aioseo_meta_data":{"post_id":"1085","title":null,"description":null,"keywords":null,"keyphrases":null,"primary_term":null,"canonical_url":null,"og_title":null,"og_description":null,"og_object_type":"default","og_image_type":"default","og_image_url":null,"og_image_width":null,"og_image_height":null,"og_image_custom_url":null,"og_image_custom_fields":null,"og_video":null,"og_custom_url":null,"og_article_section":null,"og_article_tags":null,"twitter_use_og":false,"twitter_card":"default","twitter_image_type":"default","twitter_image_url":null,"twitter_image_custom_url":null,"twitter_image_custom_fields":null,"twitter_title":null,"twitter_description":null,"schema":{"blockGraphs":[],"customGraphs":[],"default":{"data":{"Article":[],"Course":[],"Dataset":[],"FAQPage":[],"Movie":[],"Person":[],"Product":[],"ProductReview":[],"Car":[],"Recipe":[],"Service":[],"SoftwareApplication":[],"WebPage":[]},"graphName":"Article","isEnabled":true},"graphs":[]},"schema_type":null,"schema_type_options":null,"pillar_content":false,"robots_default":true,"robots_noindex":false,"robots_noarchive":false,"robots_nosnippet":false,"robots_nofollow":false,"robots_noimageindex":false,"robots_noodp":false,"robots_notranslate":false,"robots_max_snippet":null,"robots_max_videopreview":null,"robots_max_imagepreview":"large","priority":null,"frequency":null,"local_seo":null,"breadcrumb_settings":null,"limit_modified_date":false,"ai":null,"created":"2021-08-13 20:47:50","updated":"2025-10-04 00:39:03","focus_keyword":null,"additional_keywords":null,"truseo_locale":null,"seo_analyzer_scan_date":null},"aioseo_breadcrumb":"<div class=\"aioseo-breadcrumbs\"><span class=\"aioseo-breadcrumb\">\n\t\t\t<a href=\"https:\/\/www.encontrapiracicaba.com.br\/sobre\" title=\"In\u00edcio\">In\u00edcio<\/a>\n\t\t<\/span><span class=\"aioseo-breadcrumb-separator\">&raquo;<\/span><span class=\"aioseo-breadcrumb\">\n\t\t\t<a href=\"https:\/\/www.encontrapiracicaba.com.br\/sobre\/noticias-em-piracicaba\/\" title=\"Not\u00edcias Piracicaba\">Not\u00edcias Piracicaba<\/a>\n\t\t<\/span><span class=\"aioseo-breadcrumb-separator\">&raquo;<\/span><span class=\"aioseo-breadcrumb\">\n\t\t\tRegi\u00e3o de Piracicaba registra apenas sete reclama\u00e7\u00f5es contra queimadas\n\t\t<\/span><\/div>","aioseo_breadcrumb_json":[{"label":"In\u00edcio","link":"https:\/\/www.encontrapiracicaba.com.br\/sobre"},{"label":"Not\u00edcias Piracicaba","link":"https:\/\/www.encontrapiracicaba.com.br\/sobre\/noticias-em-piracicaba\/"},{"label":"Regi\u00e3o de Piracicaba registra apenas sete reclama\u00e7\u00f5es contra queimadas","link":"https:\/\/www.encontrapiracicaba.com.br\/sobre\/regiao-de-piracicaba-registra-apenas-sete-reclamacoes-contra-queimadas\/"}],"_links":{"self":[{"href":"https:\/\/www.encontrapiracicaba.com.br\/sobre\/wp-json\/wp\/v2\/posts\/1085","targetHints":{"allow":["GET"]}}],"collection":[{"href":"https:\/\/www.encontrapiracicaba.com.br\/sobre\/wp-json\/wp\/v2\/posts"}],"about":[{"href":"https:\/\/www.encontrapiracicaba.com.br\/sobre\/wp-json\/wp\/v2\/types\/post"}],"author":[{"embeddable":true,"href":"https:\/\/www.encontrapiracicaba.com.br\/sobre\/wp-json\/wp\/v2\/users\/1"}],"replies":[{"embeddable":true,"href":"https:\/\/www.encontrapiracicaba.com.br\/sobre\/wp-json\/wp\/v2\/comments?post=1085"}],"version-history":[{"count":2,"href":"https:\/\/www.encontrapiracicaba.com.br\/sobre\/wp-json\/wp\/v2\/posts\/1085\/revisions"}],"predecessor-version":[{"id":2379,"href":"https:\/\/www.encontrapiracicaba.com.br\/sobre\/wp-json\/wp\/v2\/posts\/1085\/revisions\/2379"}],"wp:attachment":[{"href":"https:\/\/www.encontrapiracicaba.com.br\/sobre\/wp-json\/wp\/v2\/media?parent=1085"}],"wp:term":[{"taxonomy":"category","embeddable":true,"href":"https:\/\/www.encontrapiracicaba.com.br\/sobre\/wp-json\/wp\/v2\/categories?post=1085"},{"taxonomy":"post_tag","embeddable":true,"href":"https:\/\/www.encontrapiracicaba.com.br\/sobre\/wp-json\/wp\/v2\/tags?post=1085"}],"curies":[{"name":"wp","href":"https:\/\/api.w.org\/{rel}","templated":true}]}}