{"id":1102,"date":"2012-09-17T05:55:59","date_gmt":"2012-09-17T08:55:59","guid":{"rendered":"http:\/\/www.encontrapiracicaba.com.br\/noticias\/?p=1102"},"modified":"2019-04-12T16:05:22","modified_gmt":"2019-04-12T19:05:22","slug":"moradores-de-bairro-de-piracicaba-ficam-sem-agua-no-fim-de-semana","status":"publish","type":"post","link":"https:\/\/www.encontrapiracicaba.com.br\/sobre\/moradores-de-bairro-de-piracicaba-ficam-sem-agua-no-fim-de-semana\/","title":{"rendered":"Moradores de bairro de Piracicaba ficam sem \u00e1gua no fim de semana"},"content":{"rendered":"<div class=\"85df007ed5c0c4d4b453fd13a37855e8\" data-index=\"1\" style=\"float: none; margin:0px;\">\n<!-- Anuncio display - global -->\r\n<ins class=\"adsbygoogle\"\r\n     style=\"display:block\"\r\n     data-ad-client=\"ca-pub-8585364105181520\"\r\n     data-ad-slot=\"8789329856\"\r\n     data-ad-format=\"auto\"\r\n     data-full-width-responsive=\"true\"><\/ins>\r\n<script>\r\n     (adsbygoogle = window.adsbygoogle || []).push({});\r\n<\/script>\n<\/div>\n<p>Os moradores do Parque Orlanda, em\u00a0Piracicaba, est\u00e3o desde sexta-feira (14) sem \u00e1gua. A falta de abastecimento na regi\u00e3o n\u00e3o \u00e9 novidade, pois segundo os moradores o problema acontece h\u00e1 anos. Atendentes do Servi\u00e7o Municipal de \u00c1gua e Esgoto (Semae) informaram que o excesso de consumo na sexta-feira esvaziou o reservat\u00f3rio que abastece a regi\u00e3o e o servi\u00e7o s\u00f3 foi restabelecido na parte baixa do bairro.<\/p>\n<p>Somente na manh\u00e3 deste domingo (16) nove pessoas relataram o problema ao <em>G1<\/em> no bairro. Segundo os reclamantes, as atendentes do pr\u00f3prio Semae sugeriam que a den\u00fancia fosse feita ao portal como forma de pressionar por uma solu\u00e7\u00e3o. &#8220;A mo\u00e7a me disse que denunciasse para a TV, sen\u00e3o a gente ficaria sem \u00e1gua&#8221;, disse Karina Martins, 24, esteticista que mora no bairro.<\/p>\n<p>Karina contou que o reservat\u00f3rio da casa tamb\u00e9m secou e a fam\u00edlia dela comprou gal\u00f5es de \u00e1gua mineral para tomar banho, cozinhar e lavar os pratos. &#8220;Estamos tomando banho de canequinha com a \u00e1gua que compramos. A gente esquenta no fog\u00e3o, p\u00f5e no balde e vai para o banho&#8221;, disse.<\/p>\n<p>No Semae, uma atendente informou que, depois do pico de consumo, o reservat\u00f3rio da regi\u00e3o voltou a se encher. Ainda n\u00e3o h\u00e1 press\u00e3o suficiente para o abastecimento das partes altas do bairro. A tend\u00eancia \u00e9 que o servi\u00e7o seja regularizado at\u00e9 hoje (17).<\/p>\n<p><em>Fonte: G1\u00a0<\/em><\/p>\n\n<div style=\"font-size: 0px; height: 0px; line-height: 0px; margin: 0; padding: 0; clear: both;\"><\/div>","protected":false},"excerpt":{"rendered":"<p>Os moradores do Parque Orlanda, em\u00a0Piracicaba, est\u00e3o desde sexta-feira (14) sem \u00e1gua. A falta de abastecimento na regi\u00e3o n\u00e3o \u00e9 novidade, pois segundo os moradores o problema acontece h\u00e1 anos. Atendentes do Servi\u00e7o Municipal de \u00c1gua e Esgoto (Semae) informaram que o excesso de consumo na sexta-feira esvaziou o reservat\u00f3rio que abastece a regi\u00e3o e o servi\u00e7o s\u00f3 foi restabelecido na parte baixa do bairro. Somente na manh\u00e3 deste domingo (16) nove pessoas relataram o problema ao G1 no bairro. Segundo os reclamantes, as atendentes do pr\u00f3prio Semae sugeriam que a den\u00fancia fosse feita ao portal como forma de pressionar <\/p>\n","protected":false},"author":1,"featured_media":0,"comment_status":"open","ping_status":"closed","sticky":false,"template":"","format":"standard","meta":{"footnotes":""},"categories":[6],"tags":[],"class_list":["post-1102","post","type-post","status-publish","format-standard","hentry","category-noticias-em-piracicaba"],"aioseo_notices":[],"aioseo_head":"\n\t\t<!-- All in One SEO 5.0.0.1 - aioseo.com -->\n\t<meta name=\"robots\" content=\"max-image-preview:large\" \/>\n\t<meta name=\"author\" content=\"Encontra Piracicaba\"\/>\n\t<link rel=\"canonical\" href=\"https:\/\/www.encontrapiracicaba.com.br\/sobre\/moradores-de-bairro-de-piracicaba-ficam-sem-agua-no-fim-de-semana\/\" \/>\n\t<meta name=\"generator\" content=\"All in One SEO (AIOSEO) 5.0.0.1\" \/>\n\t\t<meta property=\"og:locale\" content=\"pt_BR\" \/>\n\t\t<meta property=\"og:site_name\" content=\"Encontra Piracicaba | Not\u00edcias, eventos, informa\u00e7\u00f5es e dicas na cidade de Piracicaba e regi\u00e3o\" \/>\n\t\t<meta property=\"og:type\" content=\"article\" \/>\n\t\t<meta property=\"og:title\" content=\"Moradores de bairro de Piracicaba ficam sem \u00e1gua no fim de semana | Encontra Piracicaba\" \/>\n\t\t<meta property=\"og:url\" content=\"https:\/\/www.encontrapiracicaba.com.br\/sobre\/moradores-de-bairro-de-piracicaba-ficam-sem-agua-no-fim-de-semana\/\" \/>\n\t\t<meta property=\"article:published_time\" content=\"2012-09-17T08:55:59+00:00\" \/>\n\t\t<meta property=\"article:modified_time\" content=\"2019-04-12T19:05:22+00:00\" \/>\n\t\t<meta name=\"twitter:card\" content=\"summary\" \/>\n\t\t<meta name=\"twitter:title\" content=\"Moradores de bairro de Piracicaba ficam sem \u00e1gua no fim de semana | Encontra Piracicaba\" \/>\n\t\t<script type=\"application\/ld+json\" class=\"aioseo-schema\">\n\t\t\t{\"@context\":\"https:\\\/\\\/schema.org\",\"@graph\":[{\"@type\":\"Article\",\"@id\":\"https:\\\/\\\/www.encontrapiracicaba.com.br\\\/sobre\\\/moradores-de-bairro-de-piracicaba-ficam-sem-agua-no-fim-de-semana\\\/#article\",\"name\":\"Moradores de bairro de Piracicaba ficam sem \\u00e1gua no fim de semana | Encontra Piracicaba\",\"headline\":\"Moradores de bairro de Piracicaba ficam sem \\u00e1gua no fim de semana\",\"author\":{\"@id\":\"https:\\\/\\\/www.encontrapiracicaba.com.br\\\/sobre\\\/author\\\/epiracicaba\\\/#author\"},\"publisher\":{\"@id\":\"https:\\\/\\\/www.encontrapiracicaba.com.br\\\/sobre\\\/#organization\"},\"datePublished\":\"2012-09-17T05:55:59-03:00\",\"dateModified\":\"2019-04-12T16:05:22-03:00\",\"inLanguage\":\"pt-BR\",\"mainEntityOfPage\":{\"@id\":\"https:\\\/\\\/www.encontrapiracicaba.com.br\\\/sobre\\\/moradores-de-bairro-de-piracicaba-ficam-sem-agua-no-fim-de-semana\\\/#webpage\"},\"isPartOf\":{\"@id\":\"https:\\\/\\\/www.encontrapiracicaba.com.br\\\/sobre\\\/moradores-de-bairro-de-piracicaba-ficam-sem-agua-no-fim-de-semana\\\/#webpage\"},\"articleSection\":\"Not\\u00edcias Piracicaba\"},{\"@type\":\"BreadcrumbList\",\"@id\":\"https:\\\/\\\/www.encontrapiracicaba.com.br\\\/sobre\\\/moradores-de-bairro-de-piracicaba-ficam-sem-agua-no-fim-de-semana\\\/#breadcrumblist\",\"itemListElement\":[{\"@type\":\"ListItem\",\"@id\":\"https:\\\/\\\/www.encontrapiracicaba.com.br\\\/sobre#listItem\",\"position\":1,\"name\":\"In\\u00edcio\",\"item\":\"https:\\\/\\\/www.encontrapiracicaba.com.br\\\/sobre\",\"nextItem\":{\"@type\":\"ListItem\",\"@id\":\"https:\\\/\\\/www.encontrapiracicaba.com.br\\\/sobre\\\/noticias-em-piracicaba\\\/#listItem\",\"name\":\"Not\\u00edcias Piracicaba\"}},{\"@type\":\"ListItem\",\"@id\":\"https:\\\/\\\/www.encontrapiracicaba.com.br\\\/sobre\\\/noticias-em-piracicaba\\\/#listItem\",\"position\":2,\"name\":\"Not\\u00edcias Piracicaba\",\"item\":\"https:\\\/\\\/www.encontrapiracicaba.com.br\\\/sobre\\\/noticias-em-piracicaba\\\/\",\"nextItem\":{\"@type\":\"ListItem\",\"@id\":\"https:\\\/\\\/www.encontrapiracicaba.com.br\\\/sobre\\\/moradores-de-bairro-de-piracicaba-ficam-sem-agua-no-fim-de-semana\\\/#listItem\",\"name\":\"Moradores de bairro de Piracicaba ficam sem \\u00e1gua no fim de semana\"},\"previousItem\":{\"@type\":\"ListItem\",\"@id\":\"https:\\\/\\\/www.encontrapiracicaba.com.br\\\/sobre#listItem\",\"name\":\"In\\u00edcio\"}},{\"@type\":\"ListItem\",\"@id\":\"https:\\\/\\\/www.encontrapiracicaba.com.br\\\/sobre\\\/moradores-de-bairro-de-piracicaba-ficam-sem-agua-no-fim-de-semana\\\/#listItem\",\"position\":3,\"name\":\"Moradores de bairro de Piracicaba ficam sem \\u00e1gua no fim de semana\",\"previousItem\":{\"@type\":\"ListItem\",\"@id\":\"https:\\\/\\\/www.encontrapiracicaba.com.br\\\/sobre\\\/noticias-em-piracicaba\\\/#listItem\",\"name\":\"Not\\u00edcias Piracicaba\"}}]},{\"@type\":\"Organization\",\"@id\":\"https:\\\/\\\/www.encontrapiracicaba.com.br\\\/sobre\\\/#organization\",\"name\":\"Encontra Piracicaba\",\"description\":\"Not\\u00edcias, eventos, informa\\u00e7\\u00f5es e dicas na cidade de Piracicaba e regi\\u00e3o\",\"url\":\"https:\\\/\\\/www.encontrapiracicaba.com.br\\\/sobre\\\/\"},{\"@type\":\"Person\",\"@id\":\"https:\\\/\\\/www.encontrapiracicaba.com.br\\\/sobre\\\/author\\\/epiracicaba\\\/#author\",\"url\":\"https:\\\/\\\/www.encontrapiracicaba.com.br\\\/sobre\\\/author\\\/epiracicaba\\\/\",\"name\":\"Encontra Piracicaba\",\"image\":{\"@type\":\"ImageObject\",\"@id\":\"https:\\\/\\\/www.encontrapiracicaba.com.br\\\/sobre\\\/moradores-de-bairro-de-piracicaba-ficam-sem-agua-no-fim-de-semana\\\/#authorImage\",\"url\":\"https:\\\/\\\/secure.gravatar.com\\\/avatar\\\/507340682b8270222e1f208e23198b6ae7e2c6a1033ae84e99bc6bce4f82a387?s=96&d=mm&r=g\",\"width\":96,\"height\":96,\"caption\":\"Encontra Piracicaba\"}},{\"@type\":\"WebPage\",\"@id\":\"https:\\\/\\\/www.encontrapiracicaba.com.br\\\/sobre\\\/moradores-de-bairro-de-piracicaba-ficam-sem-agua-no-fim-de-semana\\\/#webpage\",\"url\":\"https:\\\/\\\/www.encontrapiracicaba.com.br\\\/sobre\\\/moradores-de-bairro-de-piracicaba-ficam-sem-agua-no-fim-de-semana\\\/\",\"name\":\"Moradores de bairro de Piracicaba ficam sem \\u00e1gua no fim de semana | Encontra Piracicaba\",\"inLanguage\":\"pt-BR\",\"isPartOf\":{\"@id\":\"https:\\\/\\\/www.encontrapiracicaba.com.br\\\/sobre\\\/#website\"},\"breadcrumb\":{\"@id\":\"https:\\\/\\\/www.encontrapiracicaba.com.br\\\/sobre\\\/moradores-de-bairro-de-piracicaba-ficam-sem-agua-no-fim-de-semana\\\/#breadcrumblist\"},\"author\":{\"@id\":\"https:\\\/\\\/www.encontrapiracicaba.com.br\\\/sobre\\\/author\\\/epiracicaba\\\/#author\"},\"creator\":{\"@id\":\"https:\\\/\\\/www.encontrapiracicaba.com.br\\\/sobre\\\/author\\\/epiracicaba\\\/#author\"},\"datePublished\":\"2012-09-17T05:55:59-03:00\",\"dateModified\":\"2019-04-12T16:05:22-03:00\"},{\"@type\":\"WebSite\",\"@id\":\"https:\\\/\\\/www.encontrapiracicaba.com.br\\\/sobre\\\/#website\",\"url\":\"https:\\\/\\\/www.encontrapiracicaba.com.br\\\/sobre\\\/\",\"name\":\"Encontra Piracicaba\",\"description\":\"Not\\u00edcias, eventos, informa\\u00e7\\u00f5es e dicas na cidade de Piracicaba e regi\\u00e3o\",\"inLanguage\":\"pt-BR\",\"publisher\":{\"@id\":\"https:\\\/\\\/www.encontrapiracicaba.com.br\\\/sobre\\\/#organization\"}}]}\n\t\t<\/script>\n\t\t<!-- All in One SEO -->\n\n","aioseo_head_json":{"title":"Moradores de bairro de Piracicaba ficam sem \u00e1gua no fim de semana | Encontra Piracicaba","description":"","canonical_url":"https:\/\/www.encontrapiracicaba.com.br\/sobre\/moradores-de-bairro-de-piracicaba-ficam-sem-agua-no-fim-de-semana\/","robots":"max-image-preview:large","keywords":"","webmasterTools":{"miscellaneous":""},"schema":{"@context":"https:\/\/schema.org","@graph":[{"@type":"Article","@id":"https:\/\/www.encontrapiracicaba.com.br\/sobre\/moradores-de-bairro-de-piracicaba-ficam-sem-agua-no-fim-de-semana\/#article","name":"Moradores de bairro de Piracicaba ficam sem \u00e1gua no fim de semana | Encontra Piracicaba","headline":"Moradores de bairro de Piracicaba ficam sem \u00e1gua no fim de semana","author":{"@id":"https:\/\/www.encontrapiracicaba.com.br\/sobre\/author\/epiracicaba\/#author"},"publisher":{"@id":"https:\/\/www.encontrapiracicaba.com.br\/sobre\/#organization"},"datePublished":"2012-09-17T05:55:59-03:00","dateModified":"2019-04-12T16:05:22-03:00","inLanguage":"pt-BR","mainEntityOfPage":{"@id":"https:\/\/www.encontrapiracicaba.com.br\/sobre\/moradores-de-bairro-de-piracicaba-ficam-sem-agua-no-fim-de-semana\/#webpage"},"isPartOf":{"@id":"https:\/\/www.encontrapiracicaba.com.br\/sobre\/moradores-de-bairro-de-piracicaba-ficam-sem-agua-no-fim-de-semana\/#webpage"},"articleSection":"Not\u00edcias Piracicaba"},{"@type":"BreadcrumbList","@id":"https:\/\/www.encontrapiracicaba.com.br\/sobre\/moradores-de-bairro-de-piracicaba-ficam-sem-agua-no-fim-de-semana\/#breadcrumblist","itemListElement":[{"@type":"ListItem","@id":"https:\/\/www.encontrapiracicaba.com.br\/sobre#listItem","position":1,"name":"In\u00edcio","item":"https:\/\/www.encontrapiracicaba.com.br\/sobre","nextItem":{"@type":"ListItem","@id":"https:\/\/www.encontrapiracicaba.com.br\/sobre\/noticias-em-piracicaba\/#listItem","name":"Not\u00edcias Piracicaba"}},{"@type":"ListItem","@id":"https:\/\/www.encontrapiracicaba.com.br\/sobre\/noticias-em-piracicaba\/#listItem","position":2,"name":"Not\u00edcias Piracicaba","item":"https:\/\/www.encontrapiracicaba.com.br\/sobre\/noticias-em-piracicaba\/","nextItem":{"@type":"ListItem","@id":"https:\/\/www.encontrapiracicaba.com.br\/sobre\/moradores-de-bairro-de-piracicaba-ficam-sem-agua-no-fim-de-semana\/#listItem","name":"Moradores de bairro de Piracicaba ficam sem \u00e1gua no fim de semana"},"previousItem":{"@type":"ListItem","@id":"https:\/\/www.encontrapiracicaba.com.br\/sobre#listItem","name":"In\u00edcio"}},{"@type":"ListItem","@id":"https:\/\/www.encontrapiracicaba.com.br\/sobre\/moradores-de-bairro-de-piracicaba-ficam-sem-agua-no-fim-de-semana\/#listItem","position":3,"name":"Moradores de bairro de Piracicaba ficam sem \u00e1gua no fim de semana","previousItem":{"@type":"ListItem","@id":"https:\/\/www.encontrapiracicaba.com.br\/sobre\/noticias-em-piracicaba\/#listItem","name":"Not\u00edcias Piracicaba"}}]},{"@type":"Organization","@id":"https:\/\/www.encontrapiracicaba.com.br\/sobre\/#organization","name":"Encontra Piracicaba","description":"Not\u00edcias, eventos, informa\u00e7\u00f5es e dicas na cidade de Piracicaba e regi\u00e3o","url":"https:\/\/www.encontrapiracicaba.com.br\/sobre\/"},{"@type":"Person","@id":"https:\/\/www.encontrapiracicaba.com.br\/sobre\/author\/epiracicaba\/#author","url":"https:\/\/www.encontrapiracicaba.com.br\/sobre\/author\/epiracicaba\/","name":"Encontra Piracicaba","image":{"@type":"ImageObject","@id":"https:\/\/www.encontrapiracicaba.com.br\/sobre\/moradores-de-bairro-de-piracicaba-ficam-sem-agua-no-fim-de-semana\/#authorImage","url":"https:\/\/secure.gravatar.com\/avatar\/507340682b8270222e1f208e23198b6ae7e2c6a1033ae84e99bc6bce4f82a387?s=96&d=mm&r=g","width":96,"height":96,"caption":"Encontra Piracicaba"}},{"@type":"WebPage","@id":"https:\/\/www.encontrapiracicaba.com.br\/sobre\/moradores-de-bairro-de-piracicaba-ficam-sem-agua-no-fim-de-semana\/#webpage","url":"https:\/\/www.encontrapiracicaba.com.br\/sobre\/moradores-de-bairro-de-piracicaba-ficam-sem-agua-no-fim-de-semana\/","name":"Moradores de bairro de Piracicaba ficam sem \u00e1gua no fim de semana | Encontra Piracicaba","inLanguage":"pt-BR","isPartOf":{"@id":"https:\/\/www.encontrapiracicaba.com.br\/sobre\/#website"},"breadcrumb":{"@id":"https:\/\/www.encontrapiracicaba.com.br\/sobre\/moradores-de-bairro-de-piracicaba-ficam-sem-agua-no-fim-de-semana\/#breadcrumblist"},"author":{"@id":"https:\/\/www.encontrapiracicaba.com.br\/sobre\/author\/epiracicaba\/#author"},"creator":{"@id":"https:\/\/www.encontrapiracicaba.com.br\/sobre\/author\/epiracicaba\/#author"},"datePublished":"2012-09-17T05:55:59-03:00","dateModified":"2019-04-12T16:05:22-03:00"},{"@type":"WebSite","@id":"https:\/\/www.encontrapiracicaba.com.br\/sobre\/#website","url":"https:\/\/www.encontrapiracicaba.com.br\/sobre\/","name":"Encontra Piracicaba","description":"Not\u00edcias, eventos, informa\u00e7\u00f5es e dicas na cidade de Piracicaba e regi\u00e3o","inLanguage":"pt-BR","publisher":{"@id":"https:\/\/www.encontrapiracicaba.com.br\/sobre\/#organization"}}]},"og:locale":"pt_BR","og:site_name":"Encontra Piracicaba | Not\u00edcias, eventos, informa\u00e7\u00f5es e dicas na cidade de Piracicaba e regi\u00e3o","og:type":"article","og:title":"Moradores de bairro de Piracicaba ficam sem \u00e1gua no fim de semana | Encontra Piracicaba","og:url":"https:\/\/www.encontrapiracicaba.com.br\/sobre\/moradores-de-bairro-de-piracicaba-ficam-sem-agua-no-fim-de-semana\/","article:published_time":"2012-09-17T08:55:59+00:00","article:modified_time":"2019-04-12T19:05:22+00:00","twitter:card":"summary","twitter:title":"Moradores de bairro de Piracicaba ficam sem \u00e1gua no fim de semana | Encontra Piracicaba"},"aioseo_meta_data":{"post_id":"1102","title":null,"description":null,"keywords":null,"keyphrases":null,"primary_term":null,"canonical_url":null,"og_title":null,"og_description":null,"og_object_type":"default","og_image_type":"default","og_image_url":null,"og_image_width":null,"og_image_height":null,"og_image_custom_url":null,"og_image_custom_fields":null,"og_video":null,"og_custom_url":null,"og_article_section":null,"og_article_tags":null,"twitter_use_og":false,"twitter_card":"default","twitter_image_type":"default","twitter_image_url":null,"twitter_image_custom_url":null,"twitter_image_custom_fields":null,"twitter_title":null,"twitter_description":null,"schema":{"blockGraphs":[],"customGraphs":[],"default":{"data":{"Article":[],"Course":[],"Dataset":[],"FAQPage":[],"Movie":[],"Person":[],"Product":[],"ProductReview":[],"Car":[],"Recipe":[],"Service":[],"SoftwareApplication":[],"WebPage":[]},"graphName":"Article","isEnabled":true},"graphs":[]},"schema_type":null,"schema_type_options":null,"pillar_content":false,"robots_default":true,"robots_noindex":false,"robots_noarchive":false,"robots_nosnippet":false,"robots_nofollow":false,"robots_noimageindex":false,"robots_noodp":false,"robots_notranslate":false,"robots_max_snippet":null,"robots_max_videopreview":null,"robots_max_imagepreview":"large","priority":null,"frequency":null,"local_seo":null,"breadcrumb_settings":null,"limit_modified_date":false,"ai":null,"created":"2021-08-13 20:47:50","updated":"2025-10-04 00:47:01","focus_keyword":null,"additional_keywords":null,"truseo_locale":null,"seo_analyzer_scan_date":null},"aioseo_breadcrumb":"<div class=\"aioseo-breadcrumbs\"><span class=\"aioseo-breadcrumb\">\n\t\t\t<a href=\"https:\/\/www.encontrapiracicaba.com.br\/sobre\" title=\"In\u00edcio\">In\u00edcio<\/a>\n\t\t<\/span><span class=\"aioseo-breadcrumb-separator\">&raquo;<\/span><span class=\"aioseo-breadcrumb\">\n\t\t\t<a href=\"https:\/\/www.encontrapiracicaba.com.br\/sobre\/noticias-em-piracicaba\/\" title=\"Not\u00edcias Piracicaba\">Not\u00edcias Piracicaba<\/a>\n\t\t<\/span><span class=\"aioseo-breadcrumb-separator\">&raquo;<\/span><span class=\"aioseo-breadcrumb\">\n\t\t\tMoradores de bairro de Piracicaba ficam sem \u00e1gua no fim de semana\n\t\t<\/span><\/div>","aioseo_breadcrumb_json":[{"label":"In\u00edcio","link":"https:\/\/www.encontrapiracicaba.com.br\/sobre"},{"label":"Not\u00edcias Piracicaba","link":"https:\/\/www.encontrapiracicaba.com.br\/sobre\/noticias-em-piracicaba\/"},{"label":"Moradores de bairro de Piracicaba ficam sem \u00e1gua no fim de semana","link":"https:\/\/www.encontrapiracicaba.com.br\/sobre\/moradores-de-bairro-de-piracicaba-ficam-sem-agua-no-fim-de-semana\/"}],"_links":{"self":[{"href":"https:\/\/www.encontrapiracicaba.com.br\/sobre\/wp-json\/wp\/v2\/posts\/1102","targetHints":{"allow":["GET"]}}],"collection":[{"href":"https:\/\/www.encontrapiracicaba.com.br\/sobre\/wp-json\/wp\/v2\/posts"}],"about":[{"href":"https:\/\/www.encontrapiracicaba.com.br\/sobre\/wp-json\/wp\/v2\/types\/post"}],"author":[{"embeddable":true,"href":"https:\/\/www.encontrapiracicaba.com.br\/sobre\/wp-json\/wp\/v2\/users\/1"}],"replies":[{"embeddable":true,"href":"https:\/\/www.encontrapiracicaba.com.br\/sobre\/wp-json\/wp\/v2\/comments?post=1102"}],"version-history":[{"count":2,"href":"https:\/\/www.encontrapiracicaba.com.br\/sobre\/wp-json\/wp\/v2\/posts\/1102\/revisions"}],"predecessor-version":[{"id":2167,"href":"https:\/\/www.encontrapiracicaba.com.br\/sobre\/wp-json\/wp\/v2\/posts\/1102\/revisions\/2167"}],"wp:attachment":[{"href":"https:\/\/www.encontrapiracicaba.com.br\/sobre\/wp-json\/wp\/v2\/media?parent=1102"}],"wp:term":[{"taxonomy":"category","embeddable":true,"href":"https:\/\/www.encontrapiracicaba.com.br\/sobre\/wp-json\/wp\/v2\/categories?post=1102"},{"taxonomy":"post_tag","embeddable":true,"href":"https:\/\/www.encontrapiracicaba.com.br\/sobre\/wp-json\/wp\/v2\/tags?post=1102"}],"curies":[{"name":"wp","href":"https:\/\/api.w.org\/{rel}","templated":true}]}}