{"id":1126,"date":"2012-09-26T12:20:30","date_gmt":"2012-09-26T15:20:30","guid":{"rendered":"http:\/\/www.encontrapiracicaba.com.br\/noticias\/?p=1126"},"modified":"2019-04-12T16:05:22","modified_gmt":"2019-04-12T19:05:22","slug":"vii-festival-de-teatro-de-piracicaba-anuncia-selecionados-para-mostra","status":"publish","type":"post","link":"https:\/\/www.encontrapiracicaba.com.br\/sobre\/vii-festival-de-teatro-de-piracicaba-anuncia-selecionados-para-mostra\/","title":{"rendered":"VII Festival de Teatro de Piracicaba anuncia selecionados para mostra"},"content":{"rendered":"<div class=\"85df007ed5c0c4d4b453fd13a37855e8\" data-index=\"1\" style=\"float: none; margin:0px;\">\n<!-- Anuncio display - global -->\r\n<ins class=\"adsbygoogle\"\r\n     style=\"display:block\"\r\n     data-ad-client=\"ca-pub-8585364105181520\"\r\n     data-ad-slot=\"8789329856\"\r\n     data-ad-format=\"auto\"\r\n     data-full-width-responsive=\"true\"><\/ins>\r\n<script>\r\n     (adsbygoogle = window.adsbygoogle || []).push({});\r\n<\/script>\n<\/div>\n<p>A curadoria do Festival Nacional de Teatro de\u00a0Piracicaba, o Fentepira, divulgou nesta ter\u00e7a-feira (25) os 11 espet\u00e1culos selecionados para a s\u00e9tima edi\u00e7\u00e3o do evento, que ser\u00e1 apresentado de 27 de outubro a 4 de novembro. Grupos do Paran\u00e1, Minas Gerais, Rio de Janeiro e S\u00e3o Paulo, incluindo interior e capital, far\u00e3o parte da mostra oficial. As montagens foram escolhidas em meio \u00e0s 275 inscritas de 93 cidades brasileiras e uma de Mo\u00e7ambique.<\/p>\n<p>A an\u00e1lise ficou aos cuidados da dramaturga, jornalista e cr\u00edtica teatral Marici Salom\u00e3o, que assina a curadoria do Fentepira, e da diretora de teatro F\u00e1tima Monis, orientadora do N\u00facleo de Artes C\u00eanicas do Sesi Piracicaba. O trabalho teve o acompanhamento de Felippe Limonge, membro da comiss\u00e3o organizadora e agente cultural do <a title=\"Teatro Municipal Dr. Losso Netto\" href=\"http:\/\/www.encontrapiracicaba.com.br\/piracicaba\/teatro-municipal-dr-em-piracicaba.shtml\" target=\"_blank\">Teatro Municipal Dr. Losso Netto<\/a>.<\/p>\n<p>&#8220;A curadoria optou por selecionar, claro, pe\u00e7as de qualidade art\u00edstica, com espet\u00e1culos de companhias, grupos e equipes que apontassem para uma linha muito clara de pesquisa, elucidativa de alguns dos caminhos da cena contempor\u00e2nea. Dos temas \u00e0s formas adotadas, nos preocupamos em oferecer uma abordagem larga, do teatro-dan\u00e7a \u00e0s dramaturgias do fragmento, passando pelos atos performativos&#8221;, disse Marici. A ordem das apresenta\u00e7\u00f5es ainda est\u00e1 em defini\u00e7\u00e3o. A entrada ser\u00e1 gratuita.<\/p>\n<p><strong>Confira os espet\u00e1culos selecionados:<\/strong><br \/>\n<strong>Espet\u00e1culos adultos:<\/strong><br \/>\n&#8211; Ivan e os Cachorros, de S\u00e3o Paulo (SP), de Eduardo Mossri e Fernando Villar<\/p>\n<p>&#8211; P\u00e9 na Curva, de S\u00e3o Jos\u00e9 dos Campos (SP), do Grupo Cia de 2<\/p>\n<p>&#8211; Outro Lado, de Belo Horizonte (MG), do Grupo Quatroloscinco &#8211; Teatro do Comum<\/p>\n<p>&#8211; Cabe\u00e7a de Papel\u00e3o, de S\u00e3o Paulo (SP), da Cia. da Revista<\/p>\n<p>&#8211; Encontro de Dois, de S\u00e3o Paulo (SP), do Grupo Quase9 Teatro<\/p>\n<p>&#8211; Sinfonia Sonho, do Rio de Janeiro (RJ), do Grupo Teatro Inomin\u00e1vel<\/p>\n<p>&#8211; Forf\u00e9 Canta Lil\u00e1s, de Piracicaba (SP), do Grupo Forf\u00e9 de Teatro<\/p>\n<p><strong>Espet\u00e1culos de rua:<\/strong><br \/>\n&#8211; Gran Circo Internazionale, de Ribeir\u00e3o Preto (SP), do Grupo Zibaldoni<\/p>\n<p>&#8211; O Pav\u00e3o Misterioso, de S\u00e3o Jos\u00e9 do Rio Preto (SP), da Cia Forrobod\u00f3 de Teatro e Cultura Popular<\/p>\n<p><strong>Espet\u00e1culos infanto-juvenis:<\/strong><br \/>\n&#8211; O Dorminhoco, de Curitiba (PR), da Cia do Abra\u00e7\u00e3o<\/p>\n<p>&#8211; O Pato, a Morte e a Tulipa, da cidade de S\u00e3o Paulo (SP), da Cia de Feitos<\/p>\n<p><em>Fonte: G1<\/em><\/p>\n\n<div style=\"font-size: 0px; height: 0px; line-height: 0px; margin: 0; padding: 0; clear: both;\"><\/div>","protected":false},"excerpt":{"rendered":"<p>A curadoria do Festival Nacional de Teatro de\u00a0Piracicaba, o Fentepira, divulgou nesta ter\u00e7a-feira (25) os 11 espet\u00e1culos selecionados para a s\u00e9tima edi\u00e7\u00e3o do evento, que ser\u00e1 apresentado de 27 de outubro a 4 de novembro. Grupos do Paran\u00e1, Minas Gerais, Rio de Janeiro e S\u00e3o Paulo, incluindo interior e capital, far\u00e3o parte da mostra oficial. As montagens foram escolhidas em meio \u00e0s 275 inscritas de 93 cidades brasileiras e uma de Mo\u00e7ambique. A an\u00e1lise ficou aos cuidados da dramaturga, jornalista e cr\u00edtica teatral Marici Salom\u00e3o, que assina a curadoria do Fentepira, e da diretora de teatro F\u00e1tima Monis, orientadora do <\/p>\n","protected":false},"author":1,"featured_media":0,"comment_status":"open","ping_status":"closed","sticky":false,"template":"","format":"standard","meta":{"footnotes":""},"categories":[6],"tags":[],"class_list":["post-1126","post","type-post","status-publish","format-standard","hentry","category-noticias-em-piracicaba"],"aioseo_notices":[],"aioseo_head":"\n\t\t<!-- All in One SEO 5.0.0.1 - aioseo.com -->\n\t<meta name=\"robots\" content=\"max-image-preview:large\" \/>\n\t<meta name=\"author\" content=\"Encontra Piracicaba\"\/>\n\t<link rel=\"canonical\" href=\"https:\/\/www.encontrapiracicaba.com.br\/sobre\/vii-festival-de-teatro-de-piracicaba-anuncia-selecionados-para-mostra\/\" \/>\n\t<meta name=\"generator\" content=\"All in One SEO (AIOSEO) 5.0.0.1\" \/>\n\t\t<meta property=\"og:locale\" content=\"pt_BR\" \/>\n\t\t<meta property=\"og:site_name\" content=\"Encontra Piracicaba | Not\u00edcias, eventos, informa\u00e7\u00f5es e dicas na cidade de Piracicaba e regi\u00e3o\" \/>\n\t\t<meta property=\"og:type\" content=\"article\" \/>\n\t\t<meta property=\"og:title\" content=\"VII Festival de Teatro de Piracicaba anuncia selecionados para mostra | Encontra Piracicaba\" \/>\n\t\t<meta property=\"og:url\" content=\"https:\/\/www.encontrapiracicaba.com.br\/sobre\/vii-festival-de-teatro-de-piracicaba-anuncia-selecionados-para-mostra\/\" \/>\n\t\t<meta property=\"article:published_time\" content=\"2012-09-26T15:20:30+00:00\" \/>\n\t\t<meta property=\"article:modified_time\" content=\"2019-04-12T19:05:22+00:00\" \/>\n\t\t<meta name=\"twitter:card\" content=\"summary\" \/>\n\t\t<meta name=\"twitter:title\" content=\"VII Festival de Teatro de Piracicaba anuncia selecionados para mostra | Encontra Piracicaba\" \/>\n\t\t<script type=\"application\/ld+json\" class=\"aioseo-schema\">\n\t\t\t{\"@context\":\"https:\\\/\\\/schema.org\",\"@graph\":[{\"@type\":\"Article\",\"@id\":\"https:\\\/\\\/www.encontrapiracicaba.com.br\\\/sobre\\\/vii-festival-de-teatro-de-piracicaba-anuncia-selecionados-para-mostra\\\/#article\",\"name\":\"VII Festival de Teatro de Piracicaba anuncia selecionados para mostra | Encontra Piracicaba\",\"headline\":\"VII Festival de Teatro de Piracicaba anuncia selecionados para mostra\",\"author\":{\"@id\":\"https:\\\/\\\/www.encontrapiracicaba.com.br\\\/sobre\\\/author\\\/epiracicaba\\\/#author\"},\"publisher\":{\"@id\":\"https:\\\/\\\/www.encontrapiracicaba.com.br\\\/sobre\\\/#organization\"},\"datePublished\":\"2012-09-26T12:20:30-03:00\",\"dateModified\":\"2019-04-12T16:05:22-03:00\",\"inLanguage\":\"pt-BR\",\"mainEntityOfPage\":{\"@id\":\"https:\\\/\\\/www.encontrapiracicaba.com.br\\\/sobre\\\/vii-festival-de-teatro-de-piracicaba-anuncia-selecionados-para-mostra\\\/#webpage\"},\"isPartOf\":{\"@id\":\"https:\\\/\\\/www.encontrapiracicaba.com.br\\\/sobre\\\/vii-festival-de-teatro-de-piracicaba-anuncia-selecionados-para-mostra\\\/#webpage\"},\"articleSection\":\"Not\\u00edcias Piracicaba\"},{\"@type\":\"BreadcrumbList\",\"@id\":\"https:\\\/\\\/www.encontrapiracicaba.com.br\\\/sobre\\\/vii-festival-de-teatro-de-piracicaba-anuncia-selecionados-para-mostra\\\/#breadcrumblist\",\"itemListElement\":[{\"@type\":\"ListItem\",\"@id\":\"https:\\\/\\\/www.encontrapiracicaba.com.br\\\/sobre#listItem\",\"position\":1,\"name\":\"In\\u00edcio\",\"item\":\"https:\\\/\\\/www.encontrapiracicaba.com.br\\\/sobre\",\"nextItem\":{\"@type\":\"ListItem\",\"@id\":\"https:\\\/\\\/www.encontrapiracicaba.com.br\\\/sobre\\\/noticias-em-piracicaba\\\/#listItem\",\"name\":\"Not\\u00edcias Piracicaba\"}},{\"@type\":\"ListItem\",\"@id\":\"https:\\\/\\\/www.encontrapiracicaba.com.br\\\/sobre\\\/noticias-em-piracicaba\\\/#listItem\",\"position\":2,\"name\":\"Not\\u00edcias Piracicaba\",\"item\":\"https:\\\/\\\/www.encontrapiracicaba.com.br\\\/sobre\\\/noticias-em-piracicaba\\\/\",\"nextItem\":{\"@type\":\"ListItem\",\"@id\":\"https:\\\/\\\/www.encontrapiracicaba.com.br\\\/sobre\\\/vii-festival-de-teatro-de-piracicaba-anuncia-selecionados-para-mostra\\\/#listItem\",\"name\":\"VII Festival de Teatro de Piracicaba anuncia selecionados para mostra\"},\"previousItem\":{\"@type\":\"ListItem\",\"@id\":\"https:\\\/\\\/www.encontrapiracicaba.com.br\\\/sobre#listItem\",\"name\":\"In\\u00edcio\"}},{\"@type\":\"ListItem\",\"@id\":\"https:\\\/\\\/www.encontrapiracicaba.com.br\\\/sobre\\\/vii-festival-de-teatro-de-piracicaba-anuncia-selecionados-para-mostra\\\/#listItem\",\"position\":3,\"name\":\"VII Festival de Teatro de Piracicaba anuncia selecionados para mostra\",\"previousItem\":{\"@type\":\"ListItem\",\"@id\":\"https:\\\/\\\/www.encontrapiracicaba.com.br\\\/sobre\\\/noticias-em-piracicaba\\\/#listItem\",\"name\":\"Not\\u00edcias Piracicaba\"}}]},{\"@type\":\"Organization\",\"@id\":\"https:\\\/\\\/www.encontrapiracicaba.com.br\\\/sobre\\\/#organization\",\"name\":\"Encontra Piracicaba\",\"description\":\"Not\\u00edcias, eventos, informa\\u00e7\\u00f5es e dicas na cidade de Piracicaba e regi\\u00e3o\",\"url\":\"https:\\\/\\\/www.encontrapiracicaba.com.br\\\/sobre\\\/\"},{\"@type\":\"Person\",\"@id\":\"https:\\\/\\\/www.encontrapiracicaba.com.br\\\/sobre\\\/author\\\/epiracicaba\\\/#author\",\"url\":\"https:\\\/\\\/www.encontrapiracicaba.com.br\\\/sobre\\\/author\\\/epiracicaba\\\/\",\"name\":\"Encontra Piracicaba\",\"image\":{\"@type\":\"ImageObject\",\"@id\":\"https:\\\/\\\/www.encontrapiracicaba.com.br\\\/sobre\\\/vii-festival-de-teatro-de-piracicaba-anuncia-selecionados-para-mostra\\\/#authorImage\",\"url\":\"https:\\\/\\\/secure.gravatar.com\\\/avatar\\\/507340682b8270222e1f208e23198b6ae7e2c6a1033ae84e99bc6bce4f82a387?s=96&d=mm&r=g\",\"width\":96,\"height\":96,\"caption\":\"Encontra Piracicaba\"}},{\"@type\":\"WebPage\",\"@id\":\"https:\\\/\\\/www.encontrapiracicaba.com.br\\\/sobre\\\/vii-festival-de-teatro-de-piracicaba-anuncia-selecionados-para-mostra\\\/#webpage\",\"url\":\"https:\\\/\\\/www.encontrapiracicaba.com.br\\\/sobre\\\/vii-festival-de-teatro-de-piracicaba-anuncia-selecionados-para-mostra\\\/\",\"name\":\"VII Festival de Teatro de Piracicaba anuncia selecionados para mostra | Encontra Piracicaba\",\"inLanguage\":\"pt-BR\",\"isPartOf\":{\"@id\":\"https:\\\/\\\/www.encontrapiracicaba.com.br\\\/sobre\\\/#website\"},\"breadcrumb\":{\"@id\":\"https:\\\/\\\/www.encontrapiracicaba.com.br\\\/sobre\\\/vii-festival-de-teatro-de-piracicaba-anuncia-selecionados-para-mostra\\\/#breadcrumblist\"},\"author\":{\"@id\":\"https:\\\/\\\/www.encontrapiracicaba.com.br\\\/sobre\\\/author\\\/epiracicaba\\\/#author\"},\"creator\":{\"@id\":\"https:\\\/\\\/www.encontrapiracicaba.com.br\\\/sobre\\\/author\\\/epiracicaba\\\/#author\"},\"datePublished\":\"2012-09-26T12:20:30-03:00\",\"dateModified\":\"2019-04-12T16:05:22-03:00\"},{\"@type\":\"WebSite\",\"@id\":\"https:\\\/\\\/www.encontrapiracicaba.com.br\\\/sobre\\\/#website\",\"url\":\"https:\\\/\\\/www.encontrapiracicaba.com.br\\\/sobre\\\/\",\"name\":\"Encontra Piracicaba\",\"description\":\"Not\\u00edcias, eventos, informa\\u00e7\\u00f5es e dicas na cidade de Piracicaba e regi\\u00e3o\",\"inLanguage\":\"pt-BR\",\"publisher\":{\"@id\":\"https:\\\/\\\/www.encontrapiracicaba.com.br\\\/sobre\\\/#organization\"}}]}\n\t\t<\/script>\n\t\t<!-- All in One SEO -->\n\n","aioseo_head_json":{"title":"VII Festival de Teatro de Piracicaba anuncia selecionados para mostra | Encontra Piracicaba","description":"","canonical_url":"https:\/\/www.encontrapiracicaba.com.br\/sobre\/vii-festival-de-teatro-de-piracicaba-anuncia-selecionados-para-mostra\/","robots":"max-image-preview:large","keywords":"","webmasterTools":{"miscellaneous":""},"schema":{"@context":"https:\/\/schema.org","@graph":[{"@type":"Article","@id":"https:\/\/www.encontrapiracicaba.com.br\/sobre\/vii-festival-de-teatro-de-piracicaba-anuncia-selecionados-para-mostra\/#article","name":"VII Festival de Teatro de Piracicaba anuncia selecionados para mostra | Encontra Piracicaba","headline":"VII Festival de Teatro de Piracicaba anuncia selecionados para mostra","author":{"@id":"https:\/\/www.encontrapiracicaba.com.br\/sobre\/author\/epiracicaba\/#author"},"publisher":{"@id":"https:\/\/www.encontrapiracicaba.com.br\/sobre\/#organization"},"datePublished":"2012-09-26T12:20:30-03:00","dateModified":"2019-04-12T16:05:22-03:00","inLanguage":"pt-BR","mainEntityOfPage":{"@id":"https:\/\/www.encontrapiracicaba.com.br\/sobre\/vii-festival-de-teatro-de-piracicaba-anuncia-selecionados-para-mostra\/#webpage"},"isPartOf":{"@id":"https:\/\/www.encontrapiracicaba.com.br\/sobre\/vii-festival-de-teatro-de-piracicaba-anuncia-selecionados-para-mostra\/#webpage"},"articleSection":"Not\u00edcias Piracicaba"},{"@type":"BreadcrumbList","@id":"https:\/\/www.encontrapiracicaba.com.br\/sobre\/vii-festival-de-teatro-de-piracicaba-anuncia-selecionados-para-mostra\/#breadcrumblist","itemListElement":[{"@type":"ListItem","@id":"https:\/\/www.encontrapiracicaba.com.br\/sobre#listItem","position":1,"name":"In\u00edcio","item":"https:\/\/www.encontrapiracicaba.com.br\/sobre","nextItem":{"@type":"ListItem","@id":"https:\/\/www.encontrapiracicaba.com.br\/sobre\/noticias-em-piracicaba\/#listItem","name":"Not\u00edcias Piracicaba"}},{"@type":"ListItem","@id":"https:\/\/www.encontrapiracicaba.com.br\/sobre\/noticias-em-piracicaba\/#listItem","position":2,"name":"Not\u00edcias Piracicaba","item":"https:\/\/www.encontrapiracicaba.com.br\/sobre\/noticias-em-piracicaba\/","nextItem":{"@type":"ListItem","@id":"https:\/\/www.encontrapiracicaba.com.br\/sobre\/vii-festival-de-teatro-de-piracicaba-anuncia-selecionados-para-mostra\/#listItem","name":"VII Festival de Teatro de Piracicaba anuncia selecionados para mostra"},"previousItem":{"@type":"ListItem","@id":"https:\/\/www.encontrapiracicaba.com.br\/sobre#listItem","name":"In\u00edcio"}},{"@type":"ListItem","@id":"https:\/\/www.encontrapiracicaba.com.br\/sobre\/vii-festival-de-teatro-de-piracicaba-anuncia-selecionados-para-mostra\/#listItem","position":3,"name":"VII Festival de Teatro de Piracicaba anuncia selecionados para mostra","previousItem":{"@type":"ListItem","@id":"https:\/\/www.encontrapiracicaba.com.br\/sobre\/noticias-em-piracicaba\/#listItem","name":"Not\u00edcias Piracicaba"}}]},{"@type":"Organization","@id":"https:\/\/www.encontrapiracicaba.com.br\/sobre\/#organization","name":"Encontra Piracicaba","description":"Not\u00edcias, eventos, informa\u00e7\u00f5es e dicas na cidade de Piracicaba e regi\u00e3o","url":"https:\/\/www.encontrapiracicaba.com.br\/sobre\/"},{"@type":"Person","@id":"https:\/\/www.encontrapiracicaba.com.br\/sobre\/author\/epiracicaba\/#author","url":"https:\/\/www.encontrapiracicaba.com.br\/sobre\/author\/epiracicaba\/","name":"Encontra Piracicaba","image":{"@type":"ImageObject","@id":"https:\/\/www.encontrapiracicaba.com.br\/sobre\/vii-festival-de-teatro-de-piracicaba-anuncia-selecionados-para-mostra\/#authorImage","url":"https:\/\/secure.gravatar.com\/avatar\/507340682b8270222e1f208e23198b6ae7e2c6a1033ae84e99bc6bce4f82a387?s=96&d=mm&r=g","width":96,"height":96,"caption":"Encontra Piracicaba"}},{"@type":"WebPage","@id":"https:\/\/www.encontrapiracicaba.com.br\/sobre\/vii-festival-de-teatro-de-piracicaba-anuncia-selecionados-para-mostra\/#webpage","url":"https:\/\/www.encontrapiracicaba.com.br\/sobre\/vii-festival-de-teatro-de-piracicaba-anuncia-selecionados-para-mostra\/","name":"VII Festival de Teatro de Piracicaba anuncia selecionados para mostra | Encontra Piracicaba","inLanguage":"pt-BR","isPartOf":{"@id":"https:\/\/www.encontrapiracicaba.com.br\/sobre\/#website"},"breadcrumb":{"@id":"https:\/\/www.encontrapiracicaba.com.br\/sobre\/vii-festival-de-teatro-de-piracicaba-anuncia-selecionados-para-mostra\/#breadcrumblist"},"author":{"@id":"https:\/\/www.encontrapiracicaba.com.br\/sobre\/author\/epiracicaba\/#author"},"creator":{"@id":"https:\/\/www.encontrapiracicaba.com.br\/sobre\/author\/epiracicaba\/#author"},"datePublished":"2012-09-26T12:20:30-03:00","dateModified":"2019-04-12T16:05:22-03:00"},{"@type":"WebSite","@id":"https:\/\/www.encontrapiracicaba.com.br\/sobre\/#website","url":"https:\/\/www.encontrapiracicaba.com.br\/sobre\/","name":"Encontra Piracicaba","description":"Not\u00edcias, eventos, informa\u00e7\u00f5es e dicas na cidade de Piracicaba e regi\u00e3o","inLanguage":"pt-BR","publisher":{"@id":"https:\/\/www.encontrapiracicaba.com.br\/sobre\/#organization"}}]},"og:locale":"pt_BR","og:site_name":"Encontra Piracicaba | Not\u00edcias, eventos, informa\u00e7\u00f5es e dicas na cidade de Piracicaba e regi\u00e3o","og:type":"article","og:title":"VII Festival de Teatro de Piracicaba anuncia selecionados para mostra | Encontra Piracicaba","og:url":"https:\/\/www.encontrapiracicaba.com.br\/sobre\/vii-festival-de-teatro-de-piracicaba-anuncia-selecionados-para-mostra\/","article:published_time":"2012-09-26T15:20:30+00:00","article:modified_time":"2019-04-12T19:05:22+00:00","twitter:card":"summary","twitter:title":"VII Festival de Teatro de Piracicaba anuncia selecionados para mostra | Encontra Piracicaba"},"aioseo_meta_data":{"post_id":"1126","title":null,"description":null,"keywords":null,"keyphrases":null,"primary_term":null,"canonical_url":null,"og_title":null,"og_description":null,"og_object_type":"default","og_image_type":"default","og_image_url":null,"og_image_width":null,"og_image_height":null,"og_image_custom_url":null,"og_image_custom_fields":null,"og_video":null,"og_custom_url":null,"og_article_section":null,"og_article_tags":null,"twitter_use_og":false,"twitter_card":"default","twitter_image_type":"default","twitter_image_url":null,"twitter_image_custom_url":null,"twitter_image_custom_fields":null,"twitter_title":null,"twitter_description":null,"schema":{"blockGraphs":[],"customGraphs":[],"default":{"data":{"Article":[],"Course":[],"Dataset":[],"FAQPage":[],"Movie":[],"Person":[],"Product":[],"ProductReview":[],"Car":[],"Recipe":[],"Service":[],"SoftwareApplication":[],"WebPage":[]},"graphName":"Article","isEnabled":true},"graphs":[]},"schema_type":null,"schema_type_options":null,"pillar_content":false,"robots_default":true,"robots_noindex":false,"robots_noarchive":false,"robots_nosnippet":false,"robots_nofollow":false,"robots_noimageindex":false,"robots_noodp":false,"robots_notranslate":false,"robots_max_snippet":null,"robots_max_videopreview":null,"robots_max_imagepreview":"large","priority":null,"frequency":null,"local_seo":null,"breadcrumb_settings":null,"limit_modified_date":false,"ai":null,"created":"2021-08-13 20:47:50","updated":"2025-10-04 00:51:26","focus_keyword":null,"additional_keywords":null,"truseo_locale":null,"seo_analyzer_scan_date":null},"aioseo_breadcrumb":"<div class=\"aioseo-breadcrumbs\"><span class=\"aioseo-breadcrumb\">\n\t\t\t<a href=\"https:\/\/www.encontrapiracicaba.com.br\/sobre\" title=\"In\u00edcio\">In\u00edcio<\/a>\n\t\t<\/span><span class=\"aioseo-breadcrumb-separator\">&raquo;<\/span><span class=\"aioseo-breadcrumb\">\n\t\t\t<a href=\"https:\/\/www.encontrapiracicaba.com.br\/sobre\/noticias-em-piracicaba\/\" title=\"Not\u00edcias Piracicaba\">Not\u00edcias Piracicaba<\/a>\n\t\t<\/span><span class=\"aioseo-breadcrumb-separator\">&raquo;<\/span><span class=\"aioseo-breadcrumb\">\n\t\t\tVII Festival de Teatro de Piracicaba anuncia selecionados para mostra\n\t\t<\/span><\/div>","aioseo_breadcrumb_json":[{"label":"In\u00edcio","link":"https:\/\/www.encontrapiracicaba.com.br\/sobre"},{"label":"Not\u00edcias Piracicaba","link":"https:\/\/www.encontrapiracicaba.com.br\/sobre\/noticias-em-piracicaba\/"},{"label":"VII Festival de Teatro de Piracicaba anuncia selecionados para mostra","link":"https:\/\/www.encontrapiracicaba.com.br\/sobre\/vii-festival-de-teatro-de-piracicaba-anuncia-selecionados-para-mostra\/"}],"_links":{"self":[{"href":"https:\/\/www.encontrapiracicaba.com.br\/sobre\/wp-json\/wp\/v2\/posts\/1126","targetHints":{"allow":["GET"]}}],"collection":[{"href":"https:\/\/www.encontrapiracicaba.com.br\/sobre\/wp-json\/wp\/v2\/posts"}],"about":[{"href":"https:\/\/www.encontrapiracicaba.com.br\/sobre\/wp-json\/wp\/v2\/types\/post"}],"author":[{"embeddable":true,"href":"https:\/\/www.encontrapiracicaba.com.br\/sobre\/wp-json\/wp\/v2\/users\/1"}],"replies":[{"embeddable":true,"href":"https:\/\/www.encontrapiracicaba.com.br\/sobre\/wp-json\/wp\/v2\/comments?post=1126"}],"version-history":[{"count":4,"href":"https:\/\/www.encontrapiracicaba.com.br\/sobre\/wp-json\/wp\/v2\/posts\/1126\/revisions"}],"predecessor-version":[{"id":2686,"href":"https:\/\/www.encontrapiracicaba.com.br\/sobre\/wp-json\/wp\/v2\/posts\/1126\/revisions\/2686"}],"wp:attachment":[{"href":"https:\/\/www.encontrapiracicaba.com.br\/sobre\/wp-json\/wp\/v2\/media?parent=1126"}],"wp:term":[{"taxonomy":"category","embeddable":true,"href":"https:\/\/www.encontrapiracicaba.com.br\/sobre\/wp-json\/wp\/v2\/categories?post=1126"},{"taxonomy":"post_tag","embeddable":true,"href":"https:\/\/www.encontrapiracicaba.com.br\/sobre\/wp-json\/wp\/v2\/tags?post=1126"}],"curies":[{"name":"wp","href":"https:\/\/api.w.org\/{rel}","templated":true}]}}