{"id":1151,"date":"2012-10-03T10:24:04","date_gmt":"2012-10-03T13:24:04","guid":{"rendered":"http:\/\/www.encontrapiracicaba.com.br\/noticias\/?p=1151"},"modified":"2019-04-12T16:05:21","modified_gmt":"2019-04-12T19:05:21","slug":"acidentes-de-trabalho-na-construcao-civil-crescem-em-piracicaba-este-ano","status":"publish","type":"post","link":"https:\/\/www.encontrapiracicaba.com.br\/sobre\/acidentes-de-trabalho-na-construcao-civil-crescem-em-piracicaba-este-ano\/","title":{"rendered":"Acidentes de trabalho na constru\u00e7\u00e3o civil crescem em Piracicaba este ano"},"content":{"rendered":"<div class=\"85df007ed5c0c4d4b453fd13a37855e8\" data-index=\"1\" style=\"float: none; margin:0px;\">\n<!-- Anuncio display - global -->\r\n<ins class=\"adsbygoogle\"\r\n     style=\"display:block\"\r\n     data-ad-client=\"ca-pub-8585364105181520\"\r\n     data-ad-slot=\"8789329856\"\r\n     data-ad-format=\"auto\"\r\n     data-full-width-responsive=\"true\"><\/ins>\r\n<script>\r\n     (adsbygoogle = window.adsbygoogle || []).push({});\r\n<\/script>\n<\/div>\n<p>A morte de um oper\u00e1rio\u00a0que caiu do 9\u00ba andar de um pr\u00e9dio\u00a0nesta segunda-feira (1\u00ba) foi a terceira registrada somente este ano na constru\u00e7\u00e3o civil em Piracicaba (SP). Segundo os dados do Centro de Refer\u00eancia em <a title=\"Planos de Sa\u00fade em Piracicaba\" href=\"http:\/\/www.encontrapiracicaba.com.br\/p\/planos-de-saude-em-piracicaba.shtml\" target=\"_blank\">Sa\u00fade<\/a> do Trabalhador (Cerest), oito pessoas j\u00e1 morreram este ano na cidade em acidentes de trabalho.<\/p>\n<p>As estat\u00edsticas que levam em conta somente a constru\u00e7\u00e3o civil apontam que o n\u00famero de acidentes de trabalho nesta \u00e1rea subiu 3,5% nos nove primeiros meses de 2012 em rela\u00e7\u00e3o ao mesmo per\u00edodo do ano passado. Foram 904, contra 873 at\u00e9 setembro de 2011. As mortes de oper\u00e1rios deste segmento tamb\u00e9m aumentaram; tr\u00eas este ano e duas no ano passado.<\/p>\n<p>Na manh\u00e3 desta ter\u00e7a-feira (2), fiscais do Minist\u00e9rio do Trabalho, do Sindicato da Constru\u00e7\u00e3o Civil e do Cerest estiveram na obra do pr\u00e9dio no bairro Nova Am\u00e9rica onde o oper\u00e1rio morreu. O local est\u00e1 interditado. Tanto a constru\u00e7\u00e3o quanto os alojamentos est\u00e3o impedidos de funcionar.<\/p>\n<p><em>Fonte: G1<\/em><\/p>\n\n<div style=\"font-size: 0px; height: 0px; line-height: 0px; margin: 0; padding: 0; clear: both;\"><\/div>","protected":false},"excerpt":{"rendered":"<p>A morte de um oper\u00e1rio\u00a0que caiu do 9\u00ba andar de um pr\u00e9dio\u00a0nesta segunda-feira (1\u00ba) foi a terceira registrada somente este ano na constru\u00e7\u00e3o civil em Piracicaba (SP). Segundo os dados do Centro de Refer\u00eancia em Sa\u00fade do Trabalhador (Cerest), oito pessoas j\u00e1 morreram este ano na cidade em acidentes de trabalho. As estat\u00edsticas que levam em conta somente a constru\u00e7\u00e3o civil apontam que o n\u00famero de acidentes de trabalho nesta \u00e1rea subiu 3,5% nos nove primeiros meses de 2012 em rela\u00e7\u00e3o ao mesmo per\u00edodo do ano passado. Foram 904, contra 873 at\u00e9 setembro de 2011. As mortes de oper\u00e1rios deste <\/p>\n","protected":false},"author":1,"featured_media":0,"comment_status":"open","ping_status":"closed","sticky":false,"template":"","format":"standard","meta":{"footnotes":""},"categories":[6],"tags":[],"class_list":["post-1151","post","type-post","status-publish","format-standard","hentry","category-noticias-em-piracicaba"],"aioseo_notices":[],"aioseo_head":"\n\t\t<!-- All in One SEO 5.0.0.1 - aioseo.com -->\n\t<meta name=\"robots\" content=\"max-image-preview:large\" \/>\n\t<meta name=\"author\" content=\"Encontra Piracicaba\"\/>\n\t<link rel=\"canonical\" href=\"https:\/\/www.encontrapiracicaba.com.br\/sobre\/acidentes-de-trabalho-na-construcao-civil-crescem-em-piracicaba-este-ano\/\" \/>\n\t<meta name=\"generator\" content=\"All in One SEO (AIOSEO) 5.0.0.1\" \/>\n\t\t<meta property=\"og:locale\" content=\"pt_BR\" \/>\n\t\t<meta property=\"og:site_name\" content=\"Encontra Piracicaba | Not\u00edcias, eventos, informa\u00e7\u00f5es e dicas na cidade de Piracicaba e regi\u00e3o\" \/>\n\t\t<meta property=\"og:type\" content=\"article\" \/>\n\t\t<meta property=\"og:title\" content=\"Acidentes de trabalho na constru\u00e7\u00e3o civil crescem em Piracicaba este ano | Encontra Piracicaba\" \/>\n\t\t<meta property=\"og:url\" content=\"https:\/\/www.encontrapiracicaba.com.br\/sobre\/acidentes-de-trabalho-na-construcao-civil-crescem-em-piracicaba-este-ano\/\" \/>\n\t\t<meta property=\"article:published_time\" content=\"2012-10-03T13:24:04+00:00\" \/>\n\t\t<meta property=\"article:modified_time\" content=\"2019-04-12T19:05:21+00:00\" \/>\n\t\t<meta name=\"twitter:card\" content=\"summary\" \/>\n\t\t<meta name=\"twitter:title\" content=\"Acidentes de trabalho na constru\u00e7\u00e3o civil crescem em Piracicaba este ano | Encontra Piracicaba\" \/>\n\t\t<script type=\"application\/ld+json\" class=\"aioseo-schema\">\n\t\t\t{\"@context\":\"https:\\\/\\\/schema.org\",\"@graph\":[{\"@type\":\"Article\",\"@id\":\"https:\\\/\\\/www.encontrapiracicaba.com.br\\\/sobre\\\/acidentes-de-trabalho-na-construcao-civil-crescem-em-piracicaba-este-ano\\\/#article\",\"name\":\"Acidentes de trabalho na constru\\u00e7\\u00e3o civil crescem em Piracicaba este ano | Encontra Piracicaba\",\"headline\":\"Acidentes de trabalho na constru\\u00e7\\u00e3o civil crescem em Piracicaba este ano\",\"author\":{\"@id\":\"https:\\\/\\\/www.encontrapiracicaba.com.br\\\/sobre\\\/author\\\/epiracicaba\\\/#author\"},\"publisher\":{\"@id\":\"https:\\\/\\\/www.encontrapiracicaba.com.br\\\/sobre\\\/#organization\"},\"datePublished\":\"2012-10-03T10:24:04-03:00\",\"dateModified\":\"2019-04-12T16:05:21-03:00\",\"inLanguage\":\"pt-BR\",\"mainEntityOfPage\":{\"@id\":\"https:\\\/\\\/www.encontrapiracicaba.com.br\\\/sobre\\\/acidentes-de-trabalho-na-construcao-civil-crescem-em-piracicaba-este-ano\\\/#webpage\"},\"isPartOf\":{\"@id\":\"https:\\\/\\\/www.encontrapiracicaba.com.br\\\/sobre\\\/acidentes-de-trabalho-na-construcao-civil-crescem-em-piracicaba-este-ano\\\/#webpage\"},\"articleSection\":\"Not\\u00edcias Piracicaba\"},{\"@type\":\"BreadcrumbList\",\"@id\":\"https:\\\/\\\/www.encontrapiracicaba.com.br\\\/sobre\\\/acidentes-de-trabalho-na-construcao-civil-crescem-em-piracicaba-este-ano\\\/#breadcrumblist\",\"itemListElement\":[{\"@type\":\"ListItem\",\"@id\":\"https:\\\/\\\/www.encontrapiracicaba.com.br\\\/sobre#listItem\",\"position\":1,\"name\":\"In\\u00edcio\",\"item\":\"https:\\\/\\\/www.encontrapiracicaba.com.br\\\/sobre\",\"nextItem\":{\"@type\":\"ListItem\",\"@id\":\"https:\\\/\\\/www.encontrapiracicaba.com.br\\\/sobre\\\/noticias-em-piracicaba\\\/#listItem\",\"name\":\"Not\\u00edcias Piracicaba\"}},{\"@type\":\"ListItem\",\"@id\":\"https:\\\/\\\/www.encontrapiracicaba.com.br\\\/sobre\\\/noticias-em-piracicaba\\\/#listItem\",\"position\":2,\"name\":\"Not\\u00edcias Piracicaba\",\"item\":\"https:\\\/\\\/www.encontrapiracicaba.com.br\\\/sobre\\\/noticias-em-piracicaba\\\/\",\"nextItem\":{\"@type\":\"ListItem\",\"@id\":\"https:\\\/\\\/www.encontrapiracicaba.com.br\\\/sobre\\\/acidentes-de-trabalho-na-construcao-civil-crescem-em-piracicaba-este-ano\\\/#listItem\",\"name\":\"Acidentes de trabalho na constru\\u00e7\\u00e3o civil crescem em Piracicaba este ano\"},\"previousItem\":{\"@type\":\"ListItem\",\"@id\":\"https:\\\/\\\/www.encontrapiracicaba.com.br\\\/sobre#listItem\",\"name\":\"In\\u00edcio\"}},{\"@type\":\"ListItem\",\"@id\":\"https:\\\/\\\/www.encontrapiracicaba.com.br\\\/sobre\\\/acidentes-de-trabalho-na-construcao-civil-crescem-em-piracicaba-este-ano\\\/#listItem\",\"position\":3,\"name\":\"Acidentes de trabalho na constru\\u00e7\\u00e3o civil crescem em Piracicaba este ano\",\"previousItem\":{\"@type\":\"ListItem\",\"@id\":\"https:\\\/\\\/www.encontrapiracicaba.com.br\\\/sobre\\\/noticias-em-piracicaba\\\/#listItem\",\"name\":\"Not\\u00edcias Piracicaba\"}}]},{\"@type\":\"Organization\",\"@id\":\"https:\\\/\\\/www.encontrapiracicaba.com.br\\\/sobre\\\/#organization\",\"name\":\"Encontra Piracicaba\",\"description\":\"Not\\u00edcias, eventos, informa\\u00e7\\u00f5es e dicas na cidade de Piracicaba e regi\\u00e3o\",\"url\":\"https:\\\/\\\/www.encontrapiracicaba.com.br\\\/sobre\\\/\"},{\"@type\":\"Person\",\"@id\":\"https:\\\/\\\/www.encontrapiracicaba.com.br\\\/sobre\\\/author\\\/epiracicaba\\\/#author\",\"url\":\"https:\\\/\\\/www.encontrapiracicaba.com.br\\\/sobre\\\/author\\\/epiracicaba\\\/\",\"name\":\"Encontra Piracicaba\",\"image\":{\"@type\":\"ImageObject\",\"@id\":\"https:\\\/\\\/www.encontrapiracicaba.com.br\\\/sobre\\\/acidentes-de-trabalho-na-construcao-civil-crescem-em-piracicaba-este-ano\\\/#authorImage\",\"url\":\"https:\\\/\\\/secure.gravatar.com\\\/avatar\\\/507340682b8270222e1f208e23198b6ae7e2c6a1033ae84e99bc6bce4f82a387?s=96&d=mm&r=g\",\"width\":96,\"height\":96,\"caption\":\"Encontra Piracicaba\"}},{\"@type\":\"WebPage\",\"@id\":\"https:\\\/\\\/www.encontrapiracicaba.com.br\\\/sobre\\\/acidentes-de-trabalho-na-construcao-civil-crescem-em-piracicaba-este-ano\\\/#webpage\",\"url\":\"https:\\\/\\\/www.encontrapiracicaba.com.br\\\/sobre\\\/acidentes-de-trabalho-na-construcao-civil-crescem-em-piracicaba-este-ano\\\/\",\"name\":\"Acidentes de trabalho na constru\\u00e7\\u00e3o civil crescem em Piracicaba este ano | Encontra Piracicaba\",\"inLanguage\":\"pt-BR\",\"isPartOf\":{\"@id\":\"https:\\\/\\\/www.encontrapiracicaba.com.br\\\/sobre\\\/#website\"},\"breadcrumb\":{\"@id\":\"https:\\\/\\\/www.encontrapiracicaba.com.br\\\/sobre\\\/acidentes-de-trabalho-na-construcao-civil-crescem-em-piracicaba-este-ano\\\/#breadcrumblist\"},\"author\":{\"@id\":\"https:\\\/\\\/www.encontrapiracicaba.com.br\\\/sobre\\\/author\\\/epiracicaba\\\/#author\"},\"creator\":{\"@id\":\"https:\\\/\\\/www.encontrapiracicaba.com.br\\\/sobre\\\/author\\\/epiracicaba\\\/#author\"},\"datePublished\":\"2012-10-03T10:24:04-03:00\",\"dateModified\":\"2019-04-12T16:05:21-03:00\"},{\"@type\":\"WebSite\",\"@id\":\"https:\\\/\\\/www.encontrapiracicaba.com.br\\\/sobre\\\/#website\",\"url\":\"https:\\\/\\\/www.encontrapiracicaba.com.br\\\/sobre\\\/\",\"name\":\"Encontra Piracicaba\",\"description\":\"Not\\u00edcias, eventos, informa\\u00e7\\u00f5es e dicas na cidade de Piracicaba e regi\\u00e3o\",\"inLanguage\":\"pt-BR\",\"publisher\":{\"@id\":\"https:\\\/\\\/www.encontrapiracicaba.com.br\\\/sobre\\\/#organization\"}}]}\n\t\t<\/script>\n\t\t<!-- All in One SEO -->\n\n","aioseo_head_json":{"title":"Acidentes de trabalho na constru\u00e7\u00e3o civil crescem em Piracicaba este ano | Encontra Piracicaba","description":"","canonical_url":"https:\/\/www.encontrapiracicaba.com.br\/sobre\/acidentes-de-trabalho-na-construcao-civil-crescem-em-piracicaba-este-ano\/","robots":"max-image-preview:large","keywords":"","webmasterTools":{"miscellaneous":""},"schema":{"@context":"https:\/\/schema.org","@graph":[{"@type":"Article","@id":"https:\/\/www.encontrapiracicaba.com.br\/sobre\/acidentes-de-trabalho-na-construcao-civil-crescem-em-piracicaba-este-ano\/#article","name":"Acidentes de trabalho na constru\u00e7\u00e3o civil crescem em Piracicaba este ano | Encontra Piracicaba","headline":"Acidentes de trabalho na constru\u00e7\u00e3o civil crescem em Piracicaba este ano","author":{"@id":"https:\/\/www.encontrapiracicaba.com.br\/sobre\/author\/epiracicaba\/#author"},"publisher":{"@id":"https:\/\/www.encontrapiracicaba.com.br\/sobre\/#organization"},"datePublished":"2012-10-03T10:24:04-03:00","dateModified":"2019-04-12T16:05:21-03:00","inLanguage":"pt-BR","mainEntityOfPage":{"@id":"https:\/\/www.encontrapiracicaba.com.br\/sobre\/acidentes-de-trabalho-na-construcao-civil-crescem-em-piracicaba-este-ano\/#webpage"},"isPartOf":{"@id":"https:\/\/www.encontrapiracicaba.com.br\/sobre\/acidentes-de-trabalho-na-construcao-civil-crescem-em-piracicaba-este-ano\/#webpage"},"articleSection":"Not\u00edcias Piracicaba"},{"@type":"BreadcrumbList","@id":"https:\/\/www.encontrapiracicaba.com.br\/sobre\/acidentes-de-trabalho-na-construcao-civil-crescem-em-piracicaba-este-ano\/#breadcrumblist","itemListElement":[{"@type":"ListItem","@id":"https:\/\/www.encontrapiracicaba.com.br\/sobre#listItem","position":1,"name":"In\u00edcio","item":"https:\/\/www.encontrapiracicaba.com.br\/sobre","nextItem":{"@type":"ListItem","@id":"https:\/\/www.encontrapiracicaba.com.br\/sobre\/noticias-em-piracicaba\/#listItem","name":"Not\u00edcias Piracicaba"}},{"@type":"ListItem","@id":"https:\/\/www.encontrapiracicaba.com.br\/sobre\/noticias-em-piracicaba\/#listItem","position":2,"name":"Not\u00edcias Piracicaba","item":"https:\/\/www.encontrapiracicaba.com.br\/sobre\/noticias-em-piracicaba\/","nextItem":{"@type":"ListItem","@id":"https:\/\/www.encontrapiracicaba.com.br\/sobre\/acidentes-de-trabalho-na-construcao-civil-crescem-em-piracicaba-este-ano\/#listItem","name":"Acidentes de trabalho na constru\u00e7\u00e3o civil crescem em Piracicaba este ano"},"previousItem":{"@type":"ListItem","@id":"https:\/\/www.encontrapiracicaba.com.br\/sobre#listItem","name":"In\u00edcio"}},{"@type":"ListItem","@id":"https:\/\/www.encontrapiracicaba.com.br\/sobre\/acidentes-de-trabalho-na-construcao-civil-crescem-em-piracicaba-este-ano\/#listItem","position":3,"name":"Acidentes de trabalho na constru\u00e7\u00e3o civil crescem em Piracicaba este ano","previousItem":{"@type":"ListItem","@id":"https:\/\/www.encontrapiracicaba.com.br\/sobre\/noticias-em-piracicaba\/#listItem","name":"Not\u00edcias Piracicaba"}}]},{"@type":"Organization","@id":"https:\/\/www.encontrapiracicaba.com.br\/sobre\/#organization","name":"Encontra Piracicaba","description":"Not\u00edcias, eventos, informa\u00e7\u00f5es e dicas na cidade de Piracicaba e regi\u00e3o","url":"https:\/\/www.encontrapiracicaba.com.br\/sobre\/"},{"@type":"Person","@id":"https:\/\/www.encontrapiracicaba.com.br\/sobre\/author\/epiracicaba\/#author","url":"https:\/\/www.encontrapiracicaba.com.br\/sobre\/author\/epiracicaba\/","name":"Encontra Piracicaba","image":{"@type":"ImageObject","@id":"https:\/\/www.encontrapiracicaba.com.br\/sobre\/acidentes-de-trabalho-na-construcao-civil-crescem-em-piracicaba-este-ano\/#authorImage","url":"https:\/\/secure.gravatar.com\/avatar\/507340682b8270222e1f208e23198b6ae7e2c6a1033ae84e99bc6bce4f82a387?s=96&d=mm&r=g","width":96,"height":96,"caption":"Encontra Piracicaba"}},{"@type":"WebPage","@id":"https:\/\/www.encontrapiracicaba.com.br\/sobre\/acidentes-de-trabalho-na-construcao-civil-crescem-em-piracicaba-este-ano\/#webpage","url":"https:\/\/www.encontrapiracicaba.com.br\/sobre\/acidentes-de-trabalho-na-construcao-civil-crescem-em-piracicaba-este-ano\/","name":"Acidentes de trabalho na constru\u00e7\u00e3o civil crescem em Piracicaba este ano | Encontra Piracicaba","inLanguage":"pt-BR","isPartOf":{"@id":"https:\/\/www.encontrapiracicaba.com.br\/sobre\/#website"},"breadcrumb":{"@id":"https:\/\/www.encontrapiracicaba.com.br\/sobre\/acidentes-de-trabalho-na-construcao-civil-crescem-em-piracicaba-este-ano\/#breadcrumblist"},"author":{"@id":"https:\/\/www.encontrapiracicaba.com.br\/sobre\/author\/epiracicaba\/#author"},"creator":{"@id":"https:\/\/www.encontrapiracicaba.com.br\/sobre\/author\/epiracicaba\/#author"},"datePublished":"2012-10-03T10:24:04-03:00","dateModified":"2019-04-12T16:05:21-03:00"},{"@type":"WebSite","@id":"https:\/\/www.encontrapiracicaba.com.br\/sobre\/#website","url":"https:\/\/www.encontrapiracicaba.com.br\/sobre\/","name":"Encontra Piracicaba","description":"Not\u00edcias, eventos, informa\u00e7\u00f5es e dicas na cidade de Piracicaba e regi\u00e3o","inLanguage":"pt-BR","publisher":{"@id":"https:\/\/www.encontrapiracicaba.com.br\/sobre\/#organization"}}]},"og:locale":"pt_BR","og:site_name":"Encontra Piracicaba | Not\u00edcias, eventos, informa\u00e7\u00f5es e dicas na cidade de Piracicaba e regi\u00e3o","og:type":"article","og:title":"Acidentes de trabalho na constru\u00e7\u00e3o civil crescem em Piracicaba este ano | Encontra Piracicaba","og:url":"https:\/\/www.encontrapiracicaba.com.br\/sobre\/acidentes-de-trabalho-na-construcao-civil-crescem-em-piracicaba-este-ano\/","article:published_time":"2012-10-03T13:24:04+00:00","article:modified_time":"2019-04-12T19:05:21+00:00","twitter:card":"summary","twitter:title":"Acidentes de trabalho na constru\u00e7\u00e3o civil crescem em Piracicaba este ano | Encontra Piracicaba"},"aioseo_meta_data":{"post_id":"1151","title":null,"description":null,"keywords":null,"keyphrases":null,"primary_term":null,"canonical_url":null,"og_title":null,"og_description":null,"og_object_type":"default","og_image_type":"default","og_image_url":null,"og_image_width":null,"og_image_height":null,"og_image_custom_url":null,"og_image_custom_fields":null,"og_video":null,"og_custom_url":null,"og_article_section":null,"og_article_tags":null,"twitter_use_og":false,"twitter_card":"default","twitter_image_type":"default","twitter_image_url":null,"twitter_image_custom_url":null,"twitter_image_custom_fields":null,"twitter_title":null,"twitter_description":null,"schema":{"blockGraphs":[],"customGraphs":[],"default":{"data":{"Article":[],"Course":[],"Dataset":[],"FAQPage":[],"Movie":[],"Person":[],"Product":[],"ProductReview":[],"Car":[],"Recipe":[],"Service":[],"SoftwareApplication":[],"WebPage":[]},"graphName":"Article","isEnabled":true},"graphs":[]},"schema_type":null,"schema_type_options":null,"pillar_content":false,"robots_default":true,"robots_noindex":false,"robots_noarchive":false,"robots_nosnippet":false,"robots_nofollow":false,"robots_noimageindex":false,"robots_noodp":false,"robots_notranslate":false,"robots_max_snippet":null,"robots_max_videopreview":null,"robots_max_imagepreview":"large","priority":null,"frequency":null,"local_seo":null,"breadcrumb_settings":null,"limit_modified_date":false,"ai":null,"created":"2021-08-13 20:43:00","updated":"2025-10-04 01:00:41","focus_keyword":null,"additional_keywords":null,"truseo_locale":null,"seo_analyzer_scan_date":null},"aioseo_breadcrumb":"<div class=\"aioseo-breadcrumbs\"><span class=\"aioseo-breadcrumb\">\n\t\t\t<a href=\"https:\/\/www.encontrapiracicaba.com.br\/sobre\" title=\"In\u00edcio\">In\u00edcio<\/a>\n\t\t<\/span><span class=\"aioseo-breadcrumb-separator\">&raquo;<\/span><span class=\"aioseo-breadcrumb\">\n\t\t\t<a href=\"https:\/\/www.encontrapiracicaba.com.br\/sobre\/noticias-em-piracicaba\/\" title=\"Not\u00edcias Piracicaba\">Not\u00edcias Piracicaba<\/a>\n\t\t<\/span><span class=\"aioseo-breadcrumb-separator\">&raquo;<\/span><span class=\"aioseo-breadcrumb\">\n\t\t\tAcidentes de trabalho na constru\u00e7\u00e3o civil crescem em Piracicaba este ano\n\t\t<\/span><\/div>","aioseo_breadcrumb_json":[{"label":"In\u00edcio","link":"https:\/\/www.encontrapiracicaba.com.br\/sobre"},{"label":"Not\u00edcias Piracicaba","link":"https:\/\/www.encontrapiracicaba.com.br\/sobre\/noticias-em-piracicaba\/"},{"label":"Acidentes de trabalho na constru\u00e7\u00e3o civil crescem em Piracicaba este ano","link":"https:\/\/www.encontrapiracicaba.com.br\/sobre\/acidentes-de-trabalho-na-construcao-civil-crescem-em-piracicaba-este-ano\/"}],"_links":{"self":[{"href":"https:\/\/www.encontrapiracicaba.com.br\/sobre\/wp-json\/wp\/v2\/posts\/1151","targetHints":{"allow":["GET"]}}],"collection":[{"href":"https:\/\/www.encontrapiracicaba.com.br\/sobre\/wp-json\/wp\/v2\/posts"}],"about":[{"href":"https:\/\/www.encontrapiracicaba.com.br\/sobre\/wp-json\/wp\/v2\/types\/post"}],"author":[{"embeddable":true,"href":"https:\/\/www.encontrapiracicaba.com.br\/sobre\/wp-json\/wp\/v2\/users\/1"}],"replies":[{"embeddable":true,"href":"https:\/\/www.encontrapiracicaba.com.br\/sobre\/wp-json\/wp\/v2\/comments?post=1151"}],"version-history":[{"count":1,"href":"https:\/\/www.encontrapiracicaba.com.br\/sobre\/wp-json\/wp\/v2\/posts\/1151\/revisions"}],"predecessor-version":[{"id":1152,"href":"https:\/\/www.encontrapiracicaba.com.br\/sobre\/wp-json\/wp\/v2\/posts\/1151\/revisions\/1152"}],"wp:attachment":[{"href":"https:\/\/www.encontrapiracicaba.com.br\/sobre\/wp-json\/wp\/v2\/media?parent=1151"}],"wp:term":[{"taxonomy":"category","embeddable":true,"href":"https:\/\/www.encontrapiracicaba.com.br\/sobre\/wp-json\/wp\/v2\/categories?post=1151"},{"taxonomy":"post_tag","embeddable":true,"href":"https:\/\/www.encontrapiracicaba.com.br\/sobre\/wp-json\/wp\/v2\/tags?post=1151"}],"curies":[{"name":"wp","href":"https:\/\/api.w.org\/{rel}","templated":true}]}}