{"id":1241,"date":"2012-11-29T00:25:53","date_gmt":"2012-11-29T03:25:53","guid":{"rendered":"http:\/\/www.encontrapiracicaba.com.br\/noticias\/?p=1241"},"modified":"2019-04-12T16:04:55","modified_gmt":"2019-04-12T19:04:55","slug":"candidato-esquece-propaganda-em-piracicaba-52-dias-apos-as-eleicoes","status":"publish","type":"post","link":"https:\/\/www.encontrapiracicaba.com.br\/sobre\/candidato-esquece-propaganda-em-piracicaba-52-dias-apos-as-eleicoes\/","title":{"rendered":"Candidato esquece propaganda em Piracicaba 52 dias ap\u00f3s as elei\u00e7\u00f5es"},"content":{"rendered":"<div class=\"85df007ed5c0c4d4b453fd13a37855e8\" data-index=\"1\" style=\"float: none; margin:0px;\">\n<!-- Anuncio display - global -->\r\n<ins class=\"adsbygoogle\"\r\n     style=\"display:block\"\r\n     data-ad-client=\"ca-pub-8585364105181520\"\r\n     data-ad-slot=\"8789329856\"\r\n     data-ad-format=\"auto\"\r\n     data-full-width-responsive=\"true\"><\/ins>\r\n<script>\r\n     (adsbygoogle = window.adsbygoogle || []).push({});\r\n<\/script>\n<\/div>\n<p>Cinquenta e dois dias depois das elei\u00e7\u00f5es municipais de outubro, o candidato a vereador Alexandre Neder (PT), de Piracicaba (SP), ainda mant\u00e9m cartazes de propaganda na regi\u00e3o central da cidade, na Rua Alfredo Guedes. Pela lei eleitoral, os participantes do pleito t\u00eam um m\u00eas para recolher todo o tipo de material publicit\u00e1rio e podem ser multados por isso.<\/p>\n<p>De acordo com Edna Chicoli, t\u00e9cnica jur\u00eddica do Cart\u00f3rio Eleitoral de Piracicaba, antes da multa ainda h\u00e1 um per\u00edodo para que o candidato recolha o material. &#8220;Depois que recebemos a den\u00fancia de irregularidade, mandamos uma notifica\u00e7\u00e3o ao respons\u00e1vel dando 48 horas para que ele retire seu cartaz. Caso desobede\u00e7a, o juiz eleitoral vai julgar e fixar pena&#8221;, disse. Ela explicou que a multa varia conforme a gravidade do problema.<\/p>\n<p>Neder, que obteve 621 votos em 7 outubro e n\u00e3o foi eleito para a C\u00e2mara Municipal de Piracicaba, disse estar ciente de que os cartazes ainda existem e que pretende recolh\u00ea-los ainda esta semana. &#8220;A pessoa respons\u00e1vel por recolher meu material de campanha n\u00e3o retirou tudo e tomei conhecimento recentemente. Vamos retirar assim que poss\u00edvel&#8221;\u00a0 afirmou.<\/p>\n<p><em>Fonte: G1<\/em><\/p>\n\n<div style=\"font-size: 0px; height: 0px; line-height: 0px; margin: 0; padding: 0; clear: both;\"><\/div>","protected":false},"excerpt":{"rendered":"<p>Cinquenta e dois dias depois das elei\u00e7\u00f5es municipais de outubro, o candidato a vereador Alexandre Neder (PT), de Piracicaba (SP), ainda mant\u00e9m cartazes de propaganda na regi\u00e3o central da cidade, na Rua Alfredo Guedes. Pela lei eleitoral, os participantes do pleito t\u00eam um m\u00eas para recolher todo o tipo de material publicit\u00e1rio e podem ser multados por isso. De acordo com Edna Chicoli, t\u00e9cnica jur\u00eddica do Cart\u00f3rio Eleitoral de Piracicaba, antes da multa ainda h\u00e1 um per\u00edodo para que o candidato recolha o material. &#8220;Depois que recebemos a den\u00fancia de irregularidade, mandamos uma notifica\u00e7\u00e3o ao respons\u00e1vel dando 48 horas para <\/p>\n","protected":false},"author":1,"featured_media":0,"comment_status":"open","ping_status":"closed","sticky":false,"template":"","format":"standard","meta":{"footnotes":""},"categories":[6],"tags":[],"class_list":["post-1241","post","type-post","status-publish","format-standard","hentry","category-noticias-em-piracicaba"],"aioseo_notices":[],"aioseo_head":"\n\t\t<!-- All in One SEO 5.0.0.1 - aioseo.com -->\n\t<meta name=\"robots\" content=\"max-image-preview:large\" \/>\n\t<meta name=\"author\" content=\"Encontra Piracicaba\"\/>\n\t<link rel=\"canonical\" href=\"https:\/\/www.encontrapiracicaba.com.br\/sobre\/candidato-esquece-propaganda-em-piracicaba-52-dias-apos-as-eleicoes\/\" \/>\n\t<meta name=\"generator\" content=\"All in One SEO (AIOSEO) 5.0.0.1\" \/>\n\t\t<meta property=\"og:locale\" content=\"pt_BR\" \/>\n\t\t<meta property=\"og:site_name\" content=\"Encontra Piracicaba | Not\u00edcias, eventos, informa\u00e7\u00f5es e dicas na cidade de Piracicaba e regi\u00e3o\" \/>\n\t\t<meta property=\"og:type\" content=\"article\" \/>\n\t\t<meta property=\"og:title\" content=\"Candidato esquece propaganda em Piracicaba 52 dias ap\u00f3s as elei\u00e7\u00f5es | Encontra Piracicaba\" \/>\n\t\t<meta property=\"og:url\" content=\"https:\/\/www.encontrapiracicaba.com.br\/sobre\/candidato-esquece-propaganda-em-piracicaba-52-dias-apos-as-eleicoes\/\" \/>\n\t\t<meta property=\"article:published_time\" content=\"2012-11-29T03:25:53+00:00\" \/>\n\t\t<meta property=\"article:modified_time\" content=\"2019-04-12T19:04:55+00:00\" \/>\n\t\t<meta name=\"twitter:card\" content=\"summary\" \/>\n\t\t<meta name=\"twitter:title\" content=\"Candidato esquece propaganda em Piracicaba 52 dias ap\u00f3s as elei\u00e7\u00f5es | Encontra Piracicaba\" \/>\n\t\t<script type=\"application\/ld+json\" class=\"aioseo-schema\">\n\t\t\t{\"@context\":\"https:\\\/\\\/schema.org\",\"@graph\":[{\"@type\":\"Article\",\"@id\":\"https:\\\/\\\/www.encontrapiracicaba.com.br\\\/sobre\\\/candidato-esquece-propaganda-em-piracicaba-52-dias-apos-as-eleicoes\\\/#article\",\"name\":\"Candidato esquece propaganda em Piracicaba 52 dias ap\\u00f3s as elei\\u00e7\\u00f5es | Encontra Piracicaba\",\"headline\":\"Candidato esquece propaganda em Piracicaba 52 dias ap\\u00f3s as elei\\u00e7\\u00f5es\",\"author\":{\"@id\":\"https:\\\/\\\/www.encontrapiracicaba.com.br\\\/sobre\\\/author\\\/epiracicaba\\\/#author\"},\"publisher\":{\"@id\":\"https:\\\/\\\/www.encontrapiracicaba.com.br\\\/sobre\\\/#organization\"},\"datePublished\":\"2012-11-29T00:25:53-03:00\",\"dateModified\":\"2019-04-12T16:04:55-03:00\",\"inLanguage\":\"pt-BR\",\"mainEntityOfPage\":{\"@id\":\"https:\\\/\\\/www.encontrapiracicaba.com.br\\\/sobre\\\/candidato-esquece-propaganda-em-piracicaba-52-dias-apos-as-eleicoes\\\/#webpage\"},\"isPartOf\":{\"@id\":\"https:\\\/\\\/www.encontrapiracicaba.com.br\\\/sobre\\\/candidato-esquece-propaganda-em-piracicaba-52-dias-apos-as-eleicoes\\\/#webpage\"},\"articleSection\":\"Not\\u00edcias Piracicaba\"},{\"@type\":\"BreadcrumbList\",\"@id\":\"https:\\\/\\\/www.encontrapiracicaba.com.br\\\/sobre\\\/candidato-esquece-propaganda-em-piracicaba-52-dias-apos-as-eleicoes\\\/#breadcrumblist\",\"itemListElement\":[{\"@type\":\"ListItem\",\"@id\":\"https:\\\/\\\/www.encontrapiracicaba.com.br\\\/sobre#listItem\",\"position\":1,\"name\":\"In\\u00edcio\",\"item\":\"https:\\\/\\\/www.encontrapiracicaba.com.br\\\/sobre\",\"nextItem\":{\"@type\":\"ListItem\",\"@id\":\"https:\\\/\\\/www.encontrapiracicaba.com.br\\\/sobre\\\/noticias-em-piracicaba\\\/#listItem\",\"name\":\"Not\\u00edcias Piracicaba\"}},{\"@type\":\"ListItem\",\"@id\":\"https:\\\/\\\/www.encontrapiracicaba.com.br\\\/sobre\\\/noticias-em-piracicaba\\\/#listItem\",\"position\":2,\"name\":\"Not\\u00edcias Piracicaba\",\"item\":\"https:\\\/\\\/www.encontrapiracicaba.com.br\\\/sobre\\\/noticias-em-piracicaba\\\/\",\"nextItem\":{\"@type\":\"ListItem\",\"@id\":\"https:\\\/\\\/www.encontrapiracicaba.com.br\\\/sobre\\\/candidato-esquece-propaganda-em-piracicaba-52-dias-apos-as-eleicoes\\\/#listItem\",\"name\":\"Candidato esquece propaganda em Piracicaba 52 dias ap\\u00f3s as elei\\u00e7\\u00f5es\"},\"previousItem\":{\"@type\":\"ListItem\",\"@id\":\"https:\\\/\\\/www.encontrapiracicaba.com.br\\\/sobre#listItem\",\"name\":\"In\\u00edcio\"}},{\"@type\":\"ListItem\",\"@id\":\"https:\\\/\\\/www.encontrapiracicaba.com.br\\\/sobre\\\/candidato-esquece-propaganda-em-piracicaba-52-dias-apos-as-eleicoes\\\/#listItem\",\"position\":3,\"name\":\"Candidato esquece propaganda em Piracicaba 52 dias ap\\u00f3s as elei\\u00e7\\u00f5es\",\"previousItem\":{\"@type\":\"ListItem\",\"@id\":\"https:\\\/\\\/www.encontrapiracicaba.com.br\\\/sobre\\\/noticias-em-piracicaba\\\/#listItem\",\"name\":\"Not\\u00edcias Piracicaba\"}}]},{\"@type\":\"Organization\",\"@id\":\"https:\\\/\\\/www.encontrapiracicaba.com.br\\\/sobre\\\/#organization\",\"name\":\"Encontra Piracicaba\",\"description\":\"Not\\u00edcias, eventos, informa\\u00e7\\u00f5es e dicas na cidade de Piracicaba e regi\\u00e3o\",\"url\":\"https:\\\/\\\/www.encontrapiracicaba.com.br\\\/sobre\\\/\"},{\"@type\":\"Person\",\"@id\":\"https:\\\/\\\/www.encontrapiracicaba.com.br\\\/sobre\\\/author\\\/epiracicaba\\\/#author\",\"url\":\"https:\\\/\\\/www.encontrapiracicaba.com.br\\\/sobre\\\/author\\\/epiracicaba\\\/\",\"name\":\"Encontra Piracicaba\",\"image\":{\"@type\":\"ImageObject\",\"@id\":\"https:\\\/\\\/www.encontrapiracicaba.com.br\\\/sobre\\\/candidato-esquece-propaganda-em-piracicaba-52-dias-apos-as-eleicoes\\\/#authorImage\",\"url\":\"https:\\\/\\\/secure.gravatar.com\\\/avatar\\\/507340682b8270222e1f208e23198b6ae7e2c6a1033ae84e99bc6bce4f82a387?s=96&d=mm&r=g\",\"width\":96,\"height\":96,\"caption\":\"Encontra Piracicaba\"}},{\"@type\":\"WebPage\",\"@id\":\"https:\\\/\\\/www.encontrapiracicaba.com.br\\\/sobre\\\/candidato-esquece-propaganda-em-piracicaba-52-dias-apos-as-eleicoes\\\/#webpage\",\"url\":\"https:\\\/\\\/www.encontrapiracicaba.com.br\\\/sobre\\\/candidato-esquece-propaganda-em-piracicaba-52-dias-apos-as-eleicoes\\\/\",\"name\":\"Candidato esquece propaganda em Piracicaba 52 dias ap\\u00f3s as elei\\u00e7\\u00f5es | Encontra Piracicaba\",\"inLanguage\":\"pt-BR\",\"isPartOf\":{\"@id\":\"https:\\\/\\\/www.encontrapiracicaba.com.br\\\/sobre\\\/#website\"},\"breadcrumb\":{\"@id\":\"https:\\\/\\\/www.encontrapiracicaba.com.br\\\/sobre\\\/candidato-esquece-propaganda-em-piracicaba-52-dias-apos-as-eleicoes\\\/#breadcrumblist\"},\"author\":{\"@id\":\"https:\\\/\\\/www.encontrapiracicaba.com.br\\\/sobre\\\/author\\\/epiracicaba\\\/#author\"},\"creator\":{\"@id\":\"https:\\\/\\\/www.encontrapiracicaba.com.br\\\/sobre\\\/author\\\/epiracicaba\\\/#author\"},\"datePublished\":\"2012-11-29T00:25:53-03:00\",\"dateModified\":\"2019-04-12T16:04:55-03:00\"},{\"@type\":\"WebSite\",\"@id\":\"https:\\\/\\\/www.encontrapiracicaba.com.br\\\/sobre\\\/#website\",\"url\":\"https:\\\/\\\/www.encontrapiracicaba.com.br\\\/sobre\\\/\",\"name\":\"Encontra Piracicaba\",\"description\":\"Not\\u00edcias, eventos, informa\\u00e7\\u00f5es e dicas na cidade de Piracicaba e regi\\u00e3o\",\"inLanguage\":\"pt-BR\",\"publisher\":{\"@id\":\"https:\\\/\\\/www.encontrapiracicaba.com.br\\\/sobre\\\/#organization\"}}]}\n\t\t<\/script>\n\t\t<!-- All in One SEO -->\n\n","aioseo_head_json":{"title":"Candidato esquece propaganda em Piracicaba 52 dias ap\u00f3s as elei\u00e7\u00f5es | Encontra Piracicaba","description":"","canonical_url":"https:\/\/www.encontrapiracicaba.com.br\/sobre\/candidato-esquece-propaganda-em-piracicaba-52-dias-apos-as-eleicoes\/","robots":"max-image-preview:large","keywords":"","webmasterTools":{"miscellaneous":""},"schema":{"@context":"https:\/\/schema.org","@graph":[{"@type":"Article","@id":"https:\/\/www.encontrapiracicaba.com.br\/sobre\/candidato-esquece-propaganda-em-piracicaba-52-dias-apos-as-eleicoes\/#article","name":"Candidato esquece propaganda em Piracicaba 52 dias ap\u00f3s as elei\u00e7\u00f5es | Encontra Piracicaba","headline":"Candidato esquece propaganda em Piracicaba 52 dias ap\u00f3s as elei\u00e7\u00f5es","author":{"@id":"https:\/\/www.encontrapiracicaba.com.br\/sobre\/author\/epiracicaba\/#author"},"publisher":{"@id":"https:\/\/www.encontrapiracicaba.com.br\/sobre\/#organization"},"datePublished":"2012-11-29T00:25:53-03:00","dateModified":"2019-04-12T16:04:55-03:00","inLanguage":"pt-BR","mainEntityOfPage":{"@id":"https:\/\/www.encontrapiracicaba.com.br\/sobre\/candidato-esquece-propaganda-em-piracicaba-52-dias-apos-as-eleicoes\/#webpage"},"isPartOf":{"@id":"https:\/\/www.encontrapiracicaba.com.br\/sobre\/candidato-esquece-propaganda-em-piracicaba-52-dias-apos-as-eleicoes\/#webpage"},"articleSection":"Not\u00edcias Piracicaba"},{"@type":"BreadcrumbList","@id":"https:\/\/www.encontrapiracicaba.com.br\/sobre\/candidato-esquece-propaganda-em-piracicaba-52-dias-apos-as-eleicoes\/#breadcrumblist","itemListElement":[{"@type":"ListItem","@id":"https:\/\/www.encontrapiracicaba.com.br\/sobre#listItem","position":1,"name":"In\u00edcio","item":"https:\/\/www.encontrapiracicaba.com.br\/sobre","nextItem":{"@type":"ListItem","@id":"https:\/\/www.encontrapiracicaba.com.br\/sobre\/noticias-em-piracicaba\/#listItem","name":"Not\u00edcias Piracicaba"}},{"@type":"ListItem","@id":"https:\/\/www.encontrapiracicaba.com.br\/sobre\/noticias-em-piracicaba\/#listItem","position":2,"name":"Not\u00edcias Piracicaba","item":"https:\/\/www.encontrapiracicaba.com.br\/sobre\/noticias-em-piracicaba\/","nextItem":{"@type":"ListItem","@id":"https:\/\/www.encontrapiracicaba.com.br\/sobre\/candidato-esquece-propaganda-em-piracicaba-52-dias-apos-as-eleicoes\/#listItem","name":"Candidato esquece propaganda em Piracicaba 52 dias ap\u00f3s as elei\u00e7\u00f5es"},"previousItem":{"@type":"ListItem","@id":"https:\/\/www.encontrapiracicaba.com.br\/sobre#listItem","name":"In\u00edcio"}},{"@type":"ListItem","@id":"https:\/\/www.encontrapiracicaba.com.br\/sobre\/candidato-esquece-propaganda-em-piracicaba-52-dias-apos-as-eleicoes\/#listItem","position":3,"name":"Candidato esquece propaganda em Piracicaba 52 dias ap\u00f3s as elei\u00e7\u00f5es","previousItem":{"@type":"ListItem","@id":"https:\/\/www.encontrapiracicaba.com.br\/sobre\/noticias-em-piracicaba\/#listItem","name":"Not\u00edcias Piracicaba"}}]},{"@type":"Organization","@id":"https:\/\/www.encontrapiracicaba.com.br\/sobre\/#organization","name":"Encontra Piracicaba","description":"Not\u00edcias, eventos, informa\u00e7\u00f5es e dicas na cidade de Piracicaba e regi\u00e3o","url":"https:\/\/www.encontrapiracicaba.com.br\/sobre\/"},{"@type":"Person","@id":"https:\/\/www.encontrapiracicaba.com.br\/sobre\/author\/epiracicaba\/#author","url":"https:\/\/www.encontrapiracicaba.com.br\/sobre\/author\/epiracicaba\/","name":"Encontra Piracicaba","image":{"@type":"ImageObject","@id":"https:\/\/www.encontrapiracicaba.com.br\/sobre\/candidato-esquece-propaganda-em-piracicaba-52-dias-apos-as-eleicoes\/#authorImage","url":"https:\/\/secure.gravatar.com\/avatar\/507340682b8270222e1f208e23198b6ae7e2c6a1033ae84e99bc6bce4f82a387?s=96&d=mm&r=g","width":96,"height":96,"caption":"Encontra Piracicaba"}},{"@type":"WebPage","@id":"https:\/\/www.encontrapiracicaba.com.br\/sobre\/candidato-esquece-propaganda-em-piracicaba-52-dias-apos-as-eleicoes\/#webpage","url":"https:\/\/www.encontrapiracicaba.com.br\/sobre\/candidato-esquece-propaganda-em-piracicaba-52-dias-apos-as-eleicoes\/","name":"Candidato esquece propaganda em Piracicaba 52 dias ap\u00f3s as elei\u00e7\u00f5es | Encontra Piracicaba","inLanguage":"pt-BR","isPartOf":{"@id":"https:\/\/www.encontrapiracicaba.com.br\/sobre\/#website"},"breadcrumb":{"@id":"https:\/\/www.encontrapiracicaba.com.br\/sobre\/candidato-esquece-propaganda-em-piracicaba-52-dias-apos-as-eleicoes\/#breadcrumblist"},"author":{"@id":"https:\/\/www.encontrapiracicaba.com.br\/sobre\/author\/epiracicaba\/#author"},"creator":{"@id":"https:\/\/www.encontrapiracicaba.com.br\/sobre\/author\/epiracicaba\/#author"},"datePublished":"2012-11-29T00:25:53-03:00","dateModified":"2019-04-12T16:04:55-03:00"},{"@type":"WebSite","@id":"https:\/\/www.encontrapiracicaba.com.br\/sobre\/#website","url":"https:\/\/www.encontrapiracicaba.com.br\/sobre\/","name":"Encontra Piracicaba","description":"Not\u00edcias, eventos, informa\u00e7\u00f5es e dicas na cidade de Piracicaba e regi\u00e3o","inLanguage":"pt-BR","publisher":{"@id":"https:\/\/www.encontrapiracicaba.com.br\/sobre\/#organization"}}]},"og:locale":"pt_BR","og:site_name":"Encontra Piracicaba | Not\u00edcias, eventos, informa\u00e7\u00f5es e dicas na cidade de Piracicaba e regi\u00e3o","og:type":"article","og:title":"Candidato esquece propaganda em Piracicaba 52 dias ap\u00f3s as elei\u00e7\u00f5es | Encontra Piracicaba","og:url":"https:\/\/www.encontrapiracicaba.com.br\/sobre\/candidato-esquece-propaganda-em-piracicaba-52-dias-apos-as-eleicoes\/","article:published_time":"2012-11-29T03:25:53+00:00","article:modified_time":"2019-04-12T19:04:55+00:00","twitter:card":"summary","twitter:title":"Candidato esquece propaganda em Piracicaba 52 dias ap\u00f3s as elei\u00e7\u00f5es | Encontra Piracicaba"},"aioseo_meta_data":{"post_id":"1241","title":null,"description":null,"keywords":null,"keyphrases":null,"primary_term":null,"canonical_url":null,"og_title":null,"og_description":null,"og_object_type":"default","og_image_type":"default","og_image_url":null,"og_image_width":null,"og_image_height":null,"og_image_custom_url":null,"og_image_custom_fields":null,"og_video":null,"og_custom_url":null,"og_article_section":null,"og_article_tags":null,"twitter_use_og":false,"twitter_card":"default","twitter_image_type":"default","twitter_image_url":null,"twitter_image_custom_url":null,"twitter_image_custom_fields":null,"twitter_title":null,"twitter_description":null,"schema":{"blockGraphs":[],"customGraphs":[],"default":{"data":{"Article":[],"Course":[],"Dataset":[],"FAQPage":[],"Movie":[],"Person":[],"Product":[],"ProductReview":[],"Car":[],"Recipe":[],"Service":[],"SoftwareApplication":[],"WebPage":[]},"graphName":"Article","isEnabled":true},"graphs":[]},"schema_type":null,"schema_type_options":null,"pillar_content":false,"robots_default":true,"robots_noindex":false,"robots_noarchive":false,"robots_nosnippet":false,"robots_nofollow":false,"robots_noimageindex":false,"robots_noodp":false,"robots_notranslate":false,"robots_max_snippet":null,"robots_max_videopreview":null,"robots_max_imagepreview":"large","priority":null,"frequency":null,"local_seo":null,"breadcrumb_settings":null,"limit_modified_date":false,"ai":null,"created":"2021-08-13 20:42:59","updated":"2025-10-04 01:52:00","focus_keyword":null,"additional_keywords":null,"truseo_locale":null,"seo_analyzer_scan_date":null},"aioseo_breadcrumb":"<div class=\"aioseo-breadcrumbs\"><span class=\"aioseo-breadcrumb\">\n\t\t\t<a href=\"https:\/\/www.encontrapiracicaba.com.br\/sobre\" title=\"In\u00edcio\">In\u00edcio<\/a>\n\t\t<\/span><span class=\"aioseo-breadcrumb-separator\">&raquo;<\/span><span class=\"aioseo-breadcrumb\">\n\t\t\t<a href=\"https:\/\/www.encontrapiracicaba.com.br\/sobre\/noticias-em-piracicaba\/\" title=\"Not\u00edcias Piracicaba\">Not\u00edcias Piracicaba<\/a>\n\t\t<\/span><span class=\"aioseo-breadcrumb-separator\">&raquo;<\/span><span class=\"aioseo-breadcrumb\">\n\t\t\tCandidato esquece propaganda em Piracicaba 52 dias ap\u00f3s as elei\u00e7\u00f5es\n\t\t<\/span><\/div>","aioseo_breadcrumb_json":[{"label":"In\u00edcio","link":"https:\/\/www.encontrapiracicaba.com.br\/sobre"},{"label":"Not\u00edcias Piracicaba","link":"https:\/\/www.encontrapiracicaba.com.br\/sobre\/noticias-em-piracicaba\/"},{"label":"Candidato esquece propaganda em Piracicaba 52 dias ap\u00f3s as elei\u00e7\u00f5es","link":"https:\/\/www.encontrapiracicaba.com.br\/sobre\/candidato-esquece-propaganda-em-piracicaba-52-dias-apos-as-eleicoes\/"}],"_links":{"self":[{"href":"https:\/\/www.encontrapiracicaba.com.br\/sobre\/wp-json\/wp\/v2\/posts\/1241","targetHints":{"allow":["GET"]}}],"collection":[{"href":"https:\/\/www.encontrapiracicaba.com.br\/sobre\/wp-json\/wp\/v2\/posts"}],"about":[{"href":"https:\/\/www.encontrapiracicaba.com.br\/sobre\/wp-json\/wp\/v2\/types\/post"}],"author":[{"embeddable":true,"href":"https:\/\/www.encontrapiracicaba.com.br\/sobre\/wp-json\/wp\/v2\/users\/1"}],"replies":[{"embeddable":true,"href":"https:\/\/www.encontrapiracicaba.com.br\/sobre\/wp-json\/wp\/v2\/comments?post=1241"}],"version-history":[{"count":2,"href":"https:\/\/www.encontrapiracicaba.com.br\/sobre\/wp-json\/wp\/v2\/posts\/1241\/revisions"}],"predecessor-version":[{"id":2439,"href":"https:\/\/www.encontrapiracicaba.com.br\/sobre\/wp-json\/wp\/v2\/posts\/1241\/revisions\/2439"}],"wp:attachment":[{"href":"https:\/\/www.encontrapiracicaba.com.br\/sobre\/wp-json\/wp\/v2\/media?parent=1241"}],"wp:term":[{"taxonomy":"category","embeddable":true,"href":"https:\/\/www.encontrapiracicaba.com.br\/sobre\/wp-json\/wp\/v2\/categories?post=1241"},{"taxonomy":"post_tag","embeddable":true,"href":"https:\/\/www.encontrapiracicaba.com.br\/sobre\/wp-json\/wp\/v2\/tags?post=1241"}],"curies":[{"name":"wp","href":"https:\/\/api.w.org\/{rel}","templated":true}]}}