{"id":128,"date":"2011-02-15T19:16:57","date_gmt":"2011-02-15T19:16:57","guid":{"rendered":"http:\/\/www.encontrapiracicaba.com.br\/noticias\/?p=128"},"modified":"2019-04-12T16:08:19","modified_gmt":"2019-04-12T19:08:19","slug":"organizacao-da-28%c2%aa-festa-das-nacoes-de-piracicaba-realiza-segundo-encontro","status":"publish","type":"post","link":"https:\/\/www.encontrapiracicaba.com.br\/sobre\/organizacao-da-28%c2%aa-festa-das-nacoes-de-piracicaba-realiza-segundo-encontro\/","title":{"rendered":"Organiza\u00e7\u00e3o da 28\u00aa Festa das Na\u00e7\u00f5es de Piracicaba realiza segundo encontro"},"content":{"rendered":"<div class=\"85df007ed5c0c4d4b453fd13a37855e8\" data-index=\"1\" style=\"float: none; margin:0px;\">\n<!-- Anuncio display - global -->\r\n<ins class=\"adsbygoogle\"\r\n     style=\"display:block\"\r\n     data-ad-client=\"ca-pub-8585364105181520\"\r\n     data-ad-slot=\"8789329856\"\r\n     data-ad-format=\"auto\"\r\n     data-full-width-responsive=\"true\"><\/ins>\r\n<script>\r\n     (adsbygoogle = window.adsbygoogle || []).push({});\r\n<\/script>\n<\/div>\n<p>Na tarde de ontem (14), no anfiteatro de Centro C\u00edvico, aconteceu a segunda reuni\u00e3o de organiza\u00e7\u00e3o da 28\u00aa\u00a0\u00a0Festa das Na\u00e7\u00f5es de Piracicaba. O evento cultural, gastron\u00f4mico e filantr\u00f3pico neste ano, ser\u00e1 no per\u00edodo de\u00a018 a\u00a022 de maio, no Engenho Central.<\/p>\n<p>De acordo com as representantes do Fundo Social de Solidariedade de Piracicaba (FUSSP), Silvia Maria Oliveira e C\u00e9lia Orlandin, estiveram presentes \u00e0 reuni\u00e3o as\u00a0\u00a0\u00a0entidades assist\u00eancias participantes e algumas decis\u00f5es foram tomadas. Ficou definido que o chopp a ser comercializado na Festa, ser\u00e1 Schincariol e a cerveja, Devassa. Tamb\u00e9m foram definidas as comiss\u00f5es de trabalho para escolha das embaixatrizes, estacionamento e seguran\u00e7a. As entidades tamb\u00e9m receberam o calend\u00e1rio com os prazos para apresentarem a documenta\u00e7\u00e3o exigida.<\/p>\n<p>A Festa das Na\u00e7\u00f5es integra o calend\u00e1rio tur\u00edstico e gastron\u00f4mico da cidade de Piracicaba e \u00e9\u00a0o principal evento para as entidades assistenciais da cidade. Neste ano os organizadores esperam mais de 80 mil pessoas comparecendo ao evento. Para atender a esse p\u00fablico a expectativa \u00e9 reunir em torno de mil volunt\u00e1rios de 21 entidades assistenciais, distribu\u00eddas em 19 barracas de comidas t\u00edpicas e 2 quiosques, al\u00e9m da bilheteria e estacionamento.<\/p>\n<p>Um dos grandes objetivos do evento \u00e9 angariar fundos para que as entidades participantes consigam se manter financeiramente o ano todo. O cartaz da 28\u00aa Festa foi\u00a0\u00a0criado por Kleiton Viana, residente em Piracicaba h\u00e1 13 anos e que acredita na grandeza do evento, que re\u00fane muitos volunt\u00e1rios e entidades, praticando solidariedade.<\/p>\n<p><em>Fonte: Prefeitura de Piracicaba<\/em><\/p>\n\n<div style=\"font-size: 0px; height: 0px; line-height: 0px; margin: 0; padding: 0; clear: both;\"><\/div>","protected":false},"excerpt":{"rendered":"<p>Na tarde de ontem (14), no anfiteatro de Centro C\u00edvico, aconteceu a segunda reuni\u00e3o de organiza\u00e7\u00e3o da 28\u00aa\u00a0\u00a0Festa das Na\u00e7\u00f5es de Piracicaba. O evento cultural, gastron\u00f4mico e filantr\u00f3pico neste ano, ser\u00e1 no per\u00edodo de\u00a018 a\u00a022 de maio, no Engenho Central. De acordo com as representantes do Fundo Social de Solidariedade de Piracicaba (FUSSP), Silvia Maria Oliveira e C\u00e9lia Orlandin, estiveram presentes \u00e0 reuni\u00e3o as\u00a0\u00a0\u00a0entidades assist\u00eancias participantes e algumas decis\u00f5es foram tomadas. Ficou definido que o chopp a ser comercializado na Festa, ser\u00e1 Schincariol e a cerveja, Devassa. Tamb\u00e9m foram definidas as comiss\u00f5es de trabalho para escolha das embaixatrizes, estacionamento e <\/p>\n","protected":false},"author":1,"featured_media":0,"comment_status":"open","ping_status":"closed","sticky":false,"template":"","format":"standard","meta":{"footnotes":""},"categories":[6],"tags":[14],"class_list":["post-128","post","type-post","status-publish","format-standard","hentry","category-noticias-em-piracicaba","tag-piracicaba"],"aioseo_notices":[],"aioseo_head":"\n\t\t<!-- All in One SEO 5.0.0.1 - aioseo.com -->\n\t<meta name=\"robots\" content=\"max-image-preview:large\" \/>\n\t<meta name=\"author\" content=\"Encontra Piracicaba\"\/>\n\t<link rel=\"canonical\" href=\"https:\/\/www.encontrapiracicaba.com.br\/sobre\/organizacao-da-28%c2%aa-festa-das-nacoes-de-piracicaba-realiza-segundo-encontro\/\" \/>\n\t<meta name=\"generator\" content=\"All in One SEO (AIOSEO) 5.0.0.1\" \/>\n\t\t<meta property=\"og:locale\" content=\"pt_BR\" \/>\n\t\t<meta property=\"og:site_name\" content=\"Encontra Piracicaba | Not\u00edcias, eventos, informa\u00e7\u00f5es e dicas na cidade de Piracicaba e regi\u00e3o\" \/>\n\t\t<meta property=\"og:type\" content=\"article\" \/>\n\t\t<meta property=\"og:title\" content=\"Organiza\u00e7\u00e3o da 28\u00aa Festa das Na\u00e7\u00f5es de Piracicaba realiza segundo encontro | Encontra Piracicaba\" \/>\n\t\t<meta property=\"og:url\" content=\"https:\/\/www.encontrapiracicaba.com.br\/sobre\/organizacao-da-28%c2%aa-festa-das-nacoes-de-piracicaba-realiza-segundo-encontro\/\" \/>\n\t\t<meta property=\"article:published_time\" content=\"2011-02-15T19:16:57+00:00\" \/>\n\t\t<meta property=\"article:modified_time\" content=\"2019-04-12T19:08:19+00:00\" \/>\n\t\t<meta name=\"twitter:card\" content=\"summary\" \/>\n\t\t<meta name=\"twitter:title\" content=\"Organiza\u00e7\u00e3o da 28\u00aa Festa das Na\u00e7\u00f5es de Piracicaba realiza segundo encontro | Encontra Piracicaba\" \/>\n\t\t<script type=\"application\/ld+json\" class=\"aioseo-schema\">\n\t\t\t{\"@context\":\"https:\\\/\\\/schema.org\",\"@graph\":[{\"@type\":\"Article\",\"@id\":\"https:\\\/\\\/www.encontrapiracicaba.com.br\\\/sobre\\\/organizacao-da-28%c2%aa-festa-das-nacoes-de-piracicaba-realiza-segundo-encontro\\\/#article\",\"name\":\"Organiza\\u00e7\\u00e3o da 28\\u00aa Festa das Na\\u00e7\\u00f5es de Piracicaba realiza segundo encontro | Encontra Piracicaba\",\"headline\":\"Organiza\\u00e7\\u00e3o da 28\\u00aa Festa das Na\\u00e7\\u00f5es de Piracicaba realiza segundo encontro\",\"author\":{\"@id\":\"https:\\\/\\\/www.encontrapiracicaba.com.br\\\/sobre\\\/author\\\/epiracicaba\\\/#author\"},\"publisher\":{\"@id\":\"https:\\\/\\\/www.encontrapiracicaba.com.br\\\/sobre\\\/#organization\"},\"datePublished\":\"2011-02-15T19:16:57-03:00\",\"dateModified\":\"2019-04-12T16:08:19-03:00\",\"inLanguage\":\"pt-BR\",\"mainEntityOfPage\":{\"@id\":\"https:\\\/\\\/www.encontrapiracicaba.com.br\\\/sobre\\\/organizacao-da-28%c2%aa-festa-das-nacoes-de-piracicaba-realiza-segundo-encontro\\\/#webpage\"},\"isPartOf\":{\"@id\":\"https:\\\/\\\/www.encontrapiracicaba.com.br\\\/sobre\\\/organizacao-da-28%c2%aa-festa-das-nacoes-de-piracicaba-realiza-segundo-encontro\\\/#webpage\"},\"articleSection\":\"Not\\u00edcias Piracicaba, Piracicaba\"},{\"@type\":\"BreadcrumbList\",\"@id\":\"https:\\\/\\\/www.encontrapiracicaba.com.br\\\/sobre\\\/organizacao-da-28%c2%aa-festa-das-nacoes-de-piracicaba-realiza-segundo-encontro\\\/#breadcrumblist\",\"itemListElement\":[{\"@type\":\"ListItem\",\"@id\":\"https:\\\/\\\/www.encontrapiracicaba.com.br\\\/sobre#listItem\",\"position\":1,\"name\":\"In\\u00edcio\",\"item\":\"https:\\\/\\\/www.encontrapiracicaba.com.br\\\/sobre\",\"nextItem\":{\"@type\":\"ListItem\",\"@id\":\"https:\\\/\\\/www.encontrapiracicaba.com.br\\\/sobre\\\/noticias-em-piracicaba\\\/#listItem\",\"name\":\"Not\\u00edcias Piracicaba\"}},{\"@type\":\"ListItem\",\"@id\":\"https:\\\/\\\/www.encontrapiracicaba.com.br\\\/sobre\\\/noticias-em-piracicaba\\\/#listItem\",\"position\":2,\"name\":\"Not\\u00edcias Piracicaba\",\"item\":\"https:\\\/\\\/www.encontrapiracicaba.com.br\\\/sobre\\\/noticias-em-piracicaba\\\/\",\"nextItem\":{\"@type\":\"ListItem\",\"@id\":\"https:\\\/\\\/www.encontrapiracicaba.com.br\\\/sobre\\\/organizacao-da-28%c2%aa-festa-das-nacoes-de-piracicaba-realiza-segundo-encontro\\\/#listItem\",\"name\":\"Organiza\\u00e7\\u00e3o da 28\\u00aa Festa das Na\\u00e7\\u00f5es de Piracicaba realiza segundo encontro\"},\"previousItem\":{\"@type\":\"ListItem\",\"@id\":\"https:\\\/\\\/www.encontrapiracicaba.com.br\\\/sobre#listItem\",\"name\":\"In\\u00edcio\"}},{\"@type\":\"ListItem\",\"@id\":\"https:\\\/\\\/www.encontrapiracicaba.com.br\\\/sobre\\\/organizacao-da-28%c2%aa-festa-das-nacoes-de-piracicaba-realiza-segundo-encontro\\\/#listItem\",\"position\":3,\"name\":\"Organiza\\u00e7\\u00e3o da 28\\u00aa Festa das Na\\u00e7\\u00f5es de Piracicaba realiza segundo encontro\",\"previousItem\":{\"@type\":\"ListItem\",\"@id\":\"https:\\\/\\\/www.encontrapiracicaba.com.br\\\/sobre\\\/noticias-em-piracicaba\\\/#listItem\",\"name\":\"Not\\u00edcias Piracicaba\"}}]},{\"@type\":\"Organization\",\"@id\":\"https:\\\/\\\/www.encontrapiracicaba.com.br\\\/sobre\\\/#organization\",\"name\":\"Encontra Piracicaba\",\"description\":\"Not\\u00edcias, eventos, informa\\u00e7\\u00f5es e dicas na cidade de Piracicaba e regi\\u00e3o\",\"url\":\"https:\\\/\\\/www.encontrapiracicaba.com.br\\\/sobre\\\/\"},{\"@type\":\"Person\",\"@id\":\"https:\\\/\\\/www.encontrapiracicaba.com.br\\\/sobre\\\/author\\\/epiracicaba\\\/#author\",\"url\":\"https:\\\/\\\/www.encontrapiracicaba.com.br\\\/sobre\\\/author\\\/epiracicaba\\\/\",\"name\":\"Encontra Piracicaba\",\"image\":{\"@type\":\"ImageObject\",\"@id\":\"https:\\\/\\\/www.encontrapiracicaba.com.br\\\/sobre\\\/organizacao-da-28%c2%aa-festa-das-nacoes-de-piracicaba-realiza-segundo-encontro\\\/#authorImage\",\"url\":\"https:\\\/\\\/secure.gravatar.com\\\/avatar\\\/507340682b8270222e1f208e23198b6ae7e2c6a1033ae84e99bc6bce4f82a387?s=96&d=mm&r=g\",\"width\":96,\"height\":96,\"caption\":\"Encontra Piracicaba\"}},{\"@type\":\"WebPage\",\"@id\":\"https:\\\/\\\/www.encontrapiracicaba.com.br\\\/sobre\\\/organizacao-da-28%c2%aa-festa-das-nacoes-de-piracicaba-realiza-segundo-encontro\\\/#webpage\",\"url\":\"https:\\\/\\\/www.encontrapiracicaba.com.br\\\/sobre\\\/organizacao-da-28%c2%aa-festa-das-nacoes-de-piracicaba-realiza-segundo-encontro\\\/\",\"name\":\"Organiza\\u00e7\\u00e3o da 28\\u00aa Festa das Na\\u00e7\\u00f5es de Piracicaba realiza segundo encontro | Encontra Piracicaba\",\"inLanguage\":\"pt-BR\",\"isPartOf\":{\"@id\":\"https:\\\/\\\/www.encontrapiracicaba.com.br\\\/sobre\\\/#website\"},\"breadcrumb\":{\"@id\":\"https:\\\/\\\/www.encontrapiracicaba.com.br\\\/sobre\\\/organizacao-da-28%c2%aa-festa-das-nacoes-de-piracicaba-realiza-segundo-encontro\\\/#breadcrumblist\"},\"author\":{\"@id\":\"https:\\\/\\\/www.encontrapiracicaba.com.br\\\/sobre\\\/author\\\/epiracicaba\\\/#author\"},\"creator\":{\"@id\":\"https:\\\/\\\/www.encontrapiracicaba.com.br\\\/sobre\\\/author\\\/epiracicaba\\\/#author\"},\"datePublished\":\"2011-02-15T19:16:57-03:00\",\"dateModified\":\"2019-04-12T16:08:19-03:00\"},{\"@type\":\"WebSite\",\"@id\":\"https:\\\/\\\/www.encontrapiracicaba.com.br\\\/sobre\\\/#website\",\"url\":\"https:\\\/\\\/www.encontrapiracicaba.com.br\\\/sobre\\\/\",\"name\":\"Encontra Piracicaba\",\"description\":\"Not\\u00edcias, eventos, informa\\u00e7\\u00f5es e dicas na cidade de Piracicaba e regi\\u00e3o\",\"inLanguage\":\"pt-BR\",\"publisher\":{\"@id\":\"https:\\\/\\\/www.encontrapiracicaba.com.br\\\/sobre\\\/#organization\"}}]}\n\t\t<\/script>\n\t\t<!-- All in One SEO -->\n\n","aioseo_head_json":{"title":"Organiza\u00e7\u00e3o da 28\u00aa Festa das Na\u00e7\u00f5es de Piracicaba realiza segundo encontro | Encontra Piracicaba","description":"","canonical_url":"https:\/\/www.encontrapiracicaba.com.br\/sobre\/organizacao-da-28%c2%aa-festa-das-nacoes-de-piracicaba-realiza-segundo-encontro\/","robots":"max-image-preview:large","keywords":"","webmasterTools":{"miscellaneous":""},"schema":{"@context":"https:\/\/schema.org","@graph":[{"@type":"Article","@id":"https:\/\/www.encontrapiracicaba.com.br\/sobre\/organizacao-da-28%c2%aa-festa-das-nacoes-de-piracicaba-realiza-segundo-encontro\/#article","name":"Organiza\u00e7\u00e3o da 28\u00aa Festa das Na\u00e7\u00f5es de Piracicaba realiza segundo encontro | Encontra Piracicaba","headline":"Organiza\u00e7\u00e3o da 28\u00aa Festa das Na\u00e7\u00f5es de Piracicaba realiza segundo encontro","author":{"@id":"https:\/\/www.encontrapiracicaba.com.br\/sobre\/author\/epiracicaba\/#author"},"publisher":{"@id":"https:\/\/www.encontrapiracicaba.com.br\/sobre\/#organization"},"datePublished":"2011-02-15T19:16:57-03:00","dateModified":"2019-04-12T16:08:19-03:00","inLanguage":"pt-BR","mainEntityOfPage":{"@id":"https:\/\/www.encontrapiracicaba.com.br\/sobre\/organizacao-da-28%c2%aa-festa-das-nacoes-de-piracicaba-realiza-segundo-encontro\/#webpage"},"isPartOf":{"@id":"https:\/\/www.encontrapiracicaba.com.br\/sobre\/organizacao-da-28%c2%aa-festa-das-nacoes-de-piracicaba-realiza-segundo-encontro\/#webpage"},"articleSection":"Not\u00edcias Piracicaba, Piracicaba"},{"@type":"BreadcrumbList","@id":"https:\/\/www.encontrapiracicaba.com.br\/sobre\/organizacao-da-28%c2%aa-festa-das-nacoes-de-piracicaba-realiza-segundo-encontro\/#breadcrumblist","itemListElement":[{"@type":"ListItem","@id":"https:\/\/www.encontrapiracicaba.com.br\/sobre#listItem","position":1,"name":"In\u00edcio","item":"https:\/\/www.encontrapiracicaba.com.br\/sobre","nextItem":{"@type":"ListItem","@id":"https:\/\/www.encontrapiracicaba.com.br\/sobre\/noticias-em-piracicaba\/#listItem","name":"Not\u00edcias Piracicaba"}},{"@type":"ListItem","@id":"https:\/\/www.encontrapiracicaba.com.br\/sobre\/noticias-em-piracicaba\/#listItem","position":2,"name":"Not\u00edcias Piracicaba","item":"https:\/\/www.encontrapiracicaba.com.br\/sobre\/noticias-em-piracicaba\/","nextItem":{"@type":"ListItem","@id":"https:\/\/www.encontrapiracicaba.com.br\/sobre\/organizacao-da-28%c2%aa-festa-das-nacoes-de-piracicaba-realiza-segundo-encontro\/#listItem","name":"Organiza\u00e7\u00e3o da 28\u00aa Festa das Na\u00e7\u00f5es de Piracicaba realiza segundo encontro"},"previousItem":{"@type":"ListItem","@id":"https:\/\/www.encontrapiracicaba.com.br\/sobre#listItem","name":"In\u00edcio"}},{"@type":"ListItem","@id":"https:\/\/www.encontrapiracicaba.com.br\/sobre\/organizacao-da-28%c2%aa-festa-das-nacoes-de-piracicaba-realiza-segundo-encontro\/#listItem","position":3,"name":"Organiza\u00e7\u00e3o da 28\u00aa Festa das Na\u00e7\u00f5es de Piracicaba realiza segundo encontro","previousItem":{"@type":"ListItem","@id":"https:\/\/www.encontrapiracicaba.com.br\/sobre\/noticias-em-piracicaba\/#listItem","name":"Not\u00edcias Piracicaba"}}]},{"@type":"Organization","@id":"https:\/\/www.encontrapiracicaba.com.br\/sobre\/#organization","name":"Encontra Piracicaba","description":"Not\u00edcias, eventos, informa\u00e7\u00f5es e dicas na cidade de Piracicaba e regi\u00e3o","url":"https:\/\/www.encontrapiracicaba.com.br\/sobre\/"},{"@type":"Person","@id":"https:\/\/www.encontrapiracicaba.com.br\/sobre\/author\/epiracicaba\/#author","url":"https:\/\/www.encontrapiracicaba.com.br\/sobre\/author\/epiracicaba\/","name":"Encontra Piracicaba","image":{"@type":"ImageObject","@id":"https:\/\/www.encontrapiracicaba.com.br\/sobre\/organizacao-da-28%c2%aa-festa-das-nacoes-de-piracicaba-realiza-segundo-encontro\/#authorImage","url":"https:\/\/secure.gravatar.com\/avatar\/507340682b8270222e1f208e23198b6ae7e2c6a1033ae84e99bc6bce4f82a387?s=96&d=mm&r=g","width":96,"height":96,"caption":"Encontra Piracicaba"}},{"@type":"WebPage","@id":"https:\/\/www.encontrapiracicaba.com.br\/sobre\/organizacao-da-28%c2%aa-festa-das-nacoes-de-piracicaba-realiza-segundo-encontro\/#webpage","url":"https:\/\/www.encontrapiracicaba.com.br\/sobre\/organizacao-da-28%c2%aa-festa-das-nacoes-de-piracicaba-realiza-segundo-encontro\/","name":"Organiza\u00e7\u00e3o da 28\u00aa Festa das Na\u00e7\u00f5es de Piracicaba realiza segundo encontro | Encontra Piracicaba","inLanguage":"pt-BR","isPartOf":{"@id":"https:\/\/www.encontrapiracicaba.com.br\/sobre\/#website"},"breadcrumb":{"@id":"https:\/\/www.encontrapiracicaba.com.br\/sobre\/organizacao-da-28%c2%aa-festa-das-nacoes-de-piracicaba-realiza-segundo-encontro\/#breadcrumblist"},"author":{"@id":"https:\/\/www.encontrapiracicaba.com.br\/sobre\/author\/epiracicaba\/#author"},"creator":{"@id":"https:\/\/www.encontrapiracicaba.com.br\/sobre\/author\/epiracicaba\/#author"},"datePublished":"2011-02-15T19:16:57-03:00","dateModified":"2019-04-12T16:08:19-03:00"},{"@type":"WebSite","@id":"https:\/\/www.encontrapiracicaba.com.br\/sobre\/#website","url":"https:\/\/www.encontrapiracicaba.com.br\/sobre\/","name":"Encontra Piracicaba","description":"Not\u00edcias, eventos, informa\u00e7\u00f5es e dicas na cidade de Piracicaba e regi\u00e3o","inLanguage":"pt-BR","publisher":{"@id":"https:\/\/www.encontrapiracicaba.com.br\/sobre\/#organization"}}]},"og:locale":"pt_BR","og:site_name":"Encontra Piracicaba | Not\u00edcias, eventos, informa\u00e7\u00f5es e dicas na cidade de Piracicaba e regi\u00e3o","og:type":"article","og:title":"Organiza\u00e7\u00e3o da 28\u00aa Festa das Na\u00e7\u00f5es de Piracicaba realiza segundo encontro | Encontra Piracicaba","og:url":"https:\/\/www.encontrapiracicaba.com.br\/sobre\/organizacao-da-28%c2%aa-festa-das-nacoes-de-piracicaba-realiza-segundo-encontro\/","article:published_time":"2011-02-15T19:16:57+00:00","article:modified_time":"2019-04-12T19:08:19+00:00","twitter:card":"summary","twitter:title":"Organiza\u00e7\u00e3o da 28\u00aa Festa das Na\u00e7\u00f5es de Piracicaba realiza segundo encontro | Encontra Piracicaba"},"aioseo_meta_data":{"post_id":"128","title":null,"description":null,"keywords":null,"keyphrases":null,"primary_term":null,"canonical_url":null,"og_title":null,"og_description":null,"og_object_type":"default","og_image_type":"default","og_image_url":null,"og_image_width":null,"og_image_height":null,"og_image_custom_url":null,"og_image_custom_fields":null,"og_video":null,"og_custom_url":null,"og_article_section":null,"og_article_tags":null,"twitter_use_og":false,"twitter_card":"default","twitter_image_type":"default","twitter_image_url":null,"twitter_image_custom_url":null,"twitter_image_custom_fields":null,"twitter_title":null,"twitter_description":null,"schema":{"blockGraphs":[],"customGraphs":[],"default":{"data":{"Article":[],"Course":[],"Dataset":[],"FAQPage":[],"Movie":[],"Person":[],"Product":[],"ProductReview":[],"Car":[],"Recipe":[],"Service":[],"SoftwareApplication":[],"WebPage":[]},"graphName":"Article","isEnabled":true},"graphs":[]},"schema_type":null,"schema_type_options":null,"pillar_content":false,"robots_default":true,"robots_noindex":false,"robots_noarchive":false,"robots_nosnippet":false,"robots_nofollow":false,"robots_noimageindex":false,"robots_noodp":false,"robots_notranslate":false,"robots_max_snippet":null,"robots_max_videopreview":null,"robots_max_imagepreview":"large","priority":null,"frequency":null,"local_seo":null,"breadcrumb_settings":null,"limit_modified_date":false,"ai":null,"created":"2021-08-13 20:26:21","updated":"2025-10-03 21:18:06","focus_keyword":null,"additional_keywords":null,"truseo_locale":null,"seo_analyzer_scan_date":null},"aioseo_breadcrumb":"<div class=\"aioseo-breadcrumbs\"><span class=\"aioseo-breadcrumb\">\n\t\t\t<a href=\"https:\/\/www.encontrapiracicaba.com.br\/sobre\" title=\"In\u00edcio\">In\u00edcio<\/a>\n\t\t<\/span><span class=\"aioseo-breadcrumb-separator\">&raquo;<\/span><span class=\"aioseo-breadcrumb\">\n\t\t\t<a href=\"https:\/\/www.encontrapiracicaba.com.br\/sobre\/noticias-em-piracicaba\/\" title=\"Not\u00edcias Piracicaba\">Not\u00edcias Piracicaba<\/a>\n\t\t<\/span><span class=\"aioseo-breadcrumb-separator\">&raquo;<\/span><span class=\"aioseo-breadcrumb\">\n\t\t\tOrganiza\u00e7\u00e3o da 28\u00aa Festa das Na\u00e7\u00f5es de Piracicaba realiza segundo encontro\n\t\t<\/span><\/div>","aioseo_breadcrumb_json":[{"label":"In\u00edcio","link":"https:\/\/www.encontrapiracicaba.com.br\/sobre"},{"label":"Not\u00edcias Piracicaba","link":"https:\/\/www.encontrapiracicaba.com.br\/sobre\/noticias-em-piracicaba\/"},{"label":"Organiza\u00e7\u00e3o da 28\u00aa Festa das Na\u00e7\u00f5es de Piracicaba realiza segundo encontro","link":"https:\/\/www.encontrapiracicaba.com.br\/sobre\/organizacao-da-28%c2%aa-festa-das-nacoes-de-piracicaba-realiza-segundo-encontro\/"}],"_links":{"self":[{"href":"https:\/\/www.encontrapiracicaba.com.br\/sobre\/wp-json\/wp\/v2\/posts\/128","targetHints":{"allow":["GET"]}}],"collection":[{"href":"https:\/\/www.encontrapiracicaba.com.br\/sobre\/wp-json\/wp\/v2\/posts"}],"about":[{"href":"https:\/\/www.encontrapiracicaba.com.br\/sobre\/wp-json\/wp\/v2\/types\/post"}],"author":[{"embeddable":true,"href":"https:\/\/www.encontrapiracicaba.com.br\/sobre\/wp-json\/wp\/v2\/users\/1"}],"replies":[{"embeddable":true,"href":"https:\/\/www.encontrapiracicaba.com.br\/sobre\/wp-json\/wp\/v2\/comments?post=128"}],"version-history":[{"count":2,"href":"https:\/\/www.encontrapiracicaba.com.br\/sobre\/wp-json\/wp\/v2\/posts\/128\/revisions"}],"predecessor-version":[{"id":1887,"href":"https:\/\/www.encontrapiracicaba.com.br\/sobre\/wp-json\/wp\/v2\/posts\/128\/revisions\/1887"}],"wp:attachment":[{"href":"https:\/\/www.encontrapiracicaba.com.br\/sobre\/wp-json\/wp\/v2\/media?parent=128"}],"wp:term":[{"taxonomy":"category","embeddable":true,"href":"https:\/\/www.encontrapiracicaba.com.br\/sobre\/wp-json\/wp\/v2\/categories?post=128"},{"taxonomy":"post_tag","embeddable":true,"href":"https:\/\/www.encontrapiracicaba.com.br\/sobre\/wp-json\/wp\/v2\/tags?post=128"}],"curies":[{"name":"wp","href":"https:\/\/api.w.org\/{rel}","templated":true}]}}