{"id":1319,"date":"2013-01-11T01:56:26","date_gmt":"2013-01-11T04:56:26","guid":{"rendered":"http:\/\/www.encontrapiracicaba.com.br\/noticias\/?p=1319"},"modified":"2019-04-12T16:04:54","modified_gmt":"2019-04-12T19:04:54","slug":"justica-cobra-prefeituras-da-regiao-de-piracicaba-sobre-situacao-de-ferrovias","status":"publish","type":"post","link":"https:\/\/www.encontrapiracicaba.com.br\/sobre\/justica-cobra-prefeituras-da-regiao-de-piracicaba-sobre-situacao-de-ferrovias\/","title":{"rendered":"Justi\u00e7a cobra prefeituras da regi\u00e3o de Piracicaba sobre situa\u00e7\u00e3o de ferrovias"},"content":{"rendered":"<div class=\"85df007ed5c0c4d4b453fd13a37855e8\" data-index=\"1\" style=\"float: none; margin:0px;\">\n<!-- Anuncio display - global -->\r\n<ins class=\"adsbygoogle\"\r\n     style=\"display:block\"\r\n     data-ad-client=\"ca-pub-8585364105181520\"\r\n     data-ad-slot=\"8789329856\"\r\n     data-ad-format=\"auto\"\r\n     data-full-width-responsive=\"true\"><\/ins>\r\n<script>\r\n     (adsbygoogle = window.adsbygoogle || []).push({});\r\n<\/script>\n<\/div>\n<p>A 1\u00aa Vara da Justi\u00e7a Federal de Piracicaba (SP) determinou que seis prefeituras de cidades da regi\u00e3o cortadas por linhas f\u00e9rreas se manifestem, no prazo de 72 horas, sobre a situa\u00e7\u00e3o dos trilhos de trem em seus territ\u00f3rios.<\/p>\n<p>A intima\u00e7\u00e3o, que exige posicionamento tamb\u00e9m do governo federal e da Ag\u00eancia Nacional de Transportes Terrestres (ANTT), foi feita na quarta-feira (9), mesmo dia em que dois acidentes com trens, ocorridos em menos de 24 horas, travaram a ferrovia que passa por Americana (SP).<\/p>\n<p>A determina\u00e7\u00e3o inclui os munic\u00edpios de Americana, Cordeir\u00f3polis, Limeira, Nova Odessa, Itirapina, Rio Claro e Santa Gertrudes. A ordem \u00e9 parte de a\u00e7\u00e3o civil movida pelo Minist\u00e9rio P\u00fablico Federal (MPF) contra a Am\u00e9rica Latina Log\u00edstica (ALL), concession\u00e1ria respons\u00e1vel pelas linhas.<\/p>\n<p>O MPF pede liminarmente que a ALL realize, em 90 dias, vistoria e reparos em todos os trechos das ferrovias da regi\u00e3o, com objetivo de garantir seguran\u00e7a na opera\u00e7\u00e3o do trens e vag\u00f5es.<\/p>\n<p>O caso desta quarta-feira n\u00e3o foi uma exce\u00e7\u00e3o. Diversos acidentes foram registrados nas ferrovias locais nos \u00faltimos anos. O mais grave foi em fevereiro de 2010, tamb\u00e9m em Americana, onde um trem atingiu e arrastou um \u00f4nibus por aproximadamente 150 metros. Ao todo, 10 pessoas morreram.<\/p>\n<p><strong>Resposta da concession\u00e1ria<\/strong><br \/>\nA ALL informou que a malha f\u00e9rrea que passa por Americana est\u00e1 adequada aos padr\u00f5es de seguran\u00e7a estabelecidos, considerando-se o perfil da carga e a velocidade praticada no trecho. Sobre a manuten\u00e7\u00e3o da malha f\u00e9rrea na regi\u00e3o, a ALL relatou que mant\u00e9m turmas fixas de manuten\u00e7\u00e3o e inspe\u00e7\u00e3o em Campinas, Sumar\u00e9 e Limeira, al\u00e9m de turmas itinerantes ao longo da malha, respons\u00e1veis pela troca de trilhos e dormentes.<\/p>\n<p>&#8220;A empresa est\u00e1 aplicando trilhos novos em toda a Regi\u00e3o Metropolitana de Campinas. S\u00e3o trilhos mais robustos, seguros e de maior capacidade de carga. Em 2012, somente em manuten\u00e7\u00e3o e troca de trilhos, a empresa investiu mais de R$ 26 milh\u00f5es na regi\u00e3o. Em 2011, foram R$ 17 milh\u00f5es&#8221;, informou a ALL, em nota.<\/p>\n<p><strong>Sem notifica\u00e7\u00e3o<\/strong><br \/>\nEm rela\u00e7\u00e3o \u00e0 determina\u00e7\u00e3o da 1\u00aa Vara da Justi\u00e7a Federal de Piracicaba, a concession\u00e1ria informou que ainda n\u00e3o foi citada. A Prefeitura de Nova Odessa e a Prefeitura de Rio Claro tamb\u00e9m responderam que ainda n\u00e3o foram notificadas, mas que responder\u00e3o dentro do prazo estabelecido.<\/p>\n<p>Em nota, a Prefeitura de Americana respondeu apenas que &#8220;quem responde pela linha f\u00e9rrea \u00e9 a ALL&#8221;. A Prefeitura de Limeira relatou que a Secretaria de Assuntos Jur\u00eddicos est\u00e1 verificando o processo. J\u00e1 a Assessoria Jur\u00eddica da Prefeitura de Itirapina informou que ainda n\u00e3o recebeu nenhuma ordem judicial.<\/p>\n<p>Fonte: G1<\/p>\n\n<div style=\"font-size: 0px; height: 0px; line-height: 0px; margin: 0; padding: 0; clear: both;\"><\/div>","protected":false},"excerpt":{"rendered":"<p>A 1\u00aa Vara da Justi\u00e7a Federal de Piracicaba (SP) determinou que seis prefeituras de cidades da regi\u00e3o cortadas por linhas f\u00e9rreas se manifestem, no prazo de 72 horas, sobre a situa\u00e7\u00e3o dos trilhos de trem em seus territ\u00f3rios. A intima\u00e7\u00e3o, que exige posicionamento tamb\u00e9m do governo federal e da Ag\u00eancia Nacional de Transportes Terrestres (ANTT), foi feita na quarta-feira (9), mesmo dia em que dois acidentes com trens, ocorridos em menos de 24 horas, travaram a ferrovia que passa por Americana (SP). A determina\u00e7\u00e3o inclui os munic\u00edpios de Americana, Cordeir\u00f3polis, Limeira, Nova Odessa, Itirapina, Rio Claro e Santa Gertrudes. A <\/p>\n","protected":false},"author":1,"featured_media":0,"comment_status":"open","ping_status":"closed","sticky":false,"template":"","format":"standard","meta":{"footnotes":""},"categories":[6],"tags":[],"class_list":["post-1319","post","type-post","status-publish","format-standard","hentry","category-noticias-em-piracicaba"],"aioseo_notices":[],"aioseo_head":"\n\t\t<!-- All in One SEO 5.0.0.1 - aioseo.com -->\n\t<meta name=\"robots\" content=\"max-image-preview:large\" \/>\n\t<meta name=\"author\" content=\"Encontra Piracicaba\"\/>\n\t<link rel=\"canonical\" href=\"https:\/\/www.encontrapiracicaba.com.br\/sobre\/justica-cobra-prefeituras-da-regiao-de-piracicaba-sobre-situacao-de-ferrovias\/\" \/>\n\t<meta name=\"generator\" content=\"All in One SEO (AIOSEO) 5.0.0.1\" \/>\n\t\t<meta property=\"og:locale\" content=\"pt_BR\" \/>\n\t\t<meta property=\"og:site_name\" content=\"Encontra Piracicaba | Not\u00edcias, eventos, informa\u00e7\u00f5es e dicas na cidade de Piracicaba e regi\u00e3o\" \/>\n\t\t<meta property=\"og:type\" content=\"article\" \/>\n\t\t<meta property=\"og:title\" content=\"Justi\u00e7a cobra prefeituras da regi\u00e3o de Piracicaba sobre situa\u00e7\u00e3o de ferrovias | Encontra Piracicaba\" \/>\n\t\t<meta property=\"og:url\" content=\"https:\/\/www.encontrapiracicaba.com.br\/sobre\/justica-cobra-prefeituras-da-regiao-de-piracicaba-sobre-situacao-de-ferrovias\/\" \/>\n\t\t<meta property=\"article:published_time\" content=\"2013-01-11T04:56:26+00:00\" \/>\n\t\t<meta property=\"article:modified_time\" content=\"2019-04-12T19:04:54+00:00\" \/>\n\t\t<meta name=\"twitter:card\" content=\"summary\" \/>\n\t\t<meta name=\"twitter:title\" content=\"Justi\u00e7a cobra prefeituras da regi\u00e3o de Piracicaba sobre situa\u00e7\u00e3o de ferrovias | Encontra Piracicaba\" \/>\n\t\t<script type=\"application\/ld+json\" class=\"aioseo-schema\">\n\t\t\t{\"@context\":\"https:\\\/\\\/schema.org\",\"@graph\":[{\"@type\":\"Article\",\"@id\":\"https:\\\/\\\/www.encontrapiracicaba.com.br\\\/sobre\\\/justica-cobra-prefeituras-da-regiao-de-piracicaba-sobre-situacao-de-ferrovias\\\/#article\",\"name\":\"Justi\\u00e7a cobra prefeituras da regi\\u00e3o de Piracicaba sobre situa\\u00e7\\u00e3o de ferrovias | Encontra Piracicaba\",\"headline\":\"Justi\\u00e7a cobra prefeituras da regi\\u00e3o de Piracicaba sobre situa\\u00e7\\u00e3o de ferrovias\",\"author\":{\"@id\":\"https:\\\/\\\/www.encontrapiracicaba.com.br\\\/sobre\\\/author\\\/epiracicaba\\\/#author\"},\"publisher\":{\"@id\":\"https:\\\/\\\/www.encontrapiracicaba.com.br\\\/sobre\\\/#organization\"},\"datePublished\":\"2013-01-11T01:56:26-03:00\",\"dateModified\":\"2019-04-12T16:04:54-03:00\",\"inLanguage\":\"pt-BR\",\"mainEntityOfPage\":{\"@id\":\"https:\\\/\\\/www.encontrapiracicaba.com.br\\\/sobre\\\/justica-cobra-prefeituras-da-regiao-de-piracicaba-sobre-situacao-de-ferrovias\\\/#webpage\"},\"isPartOf\":{\"@id\":\"https:\\\/\\\/www.encontrapiracicaba.com.br\\\/sobre\\\/justica-cobra-prefeituras-da-regiao-de-piracicaba-sobre-situacao-de-ferrovias\\\/#webpage\"},\"articleSection\":\"Not\\u00edcias Piracicaba\"},{\"@type\":\"BreadcrumbList\",\"@id\":\"https:\\\/\\\/www.encontrapiracicaba.com.br\\\/sobre\\\/justica-cobra-prefeituras-da-regiao-de-piracicaba-sobre-situacao-de-ferrovias\\\/#breadcrumblist\",\"itemListElement\":[{\"@type\":\"ListItem\",\"@id\":\"https:\\\/\\\/www.encontrapiracicaba.com.br\\\/sobre#listItem\",\"position\":1,\"name\":\"In\\u00edcio\",\"item\":\"https:\\\/\\\/www.encontrapiracicaba.com.br\\\/sobre\",\"nextItem\":{\"@type\":\"ListItem\",\"@id\":\"https:\\\/\\\/www.encontrapiracicaba.com.br\\\/sobre\\\/noticias-em-piracicaba\\\/#listItem\",\"name\":\"Not\\u00edcias Piracicaba\"}},{\"@type\":\"ListItem\",\"@id\":\"https:\\\/\\\/www.encontrapiracicaba.com.br\\\/sobre\\\/noticias-em-piracicaba\\\/#listItem\",\"position\":2,\"name\":\"Not\\u00edcias Piracicaba\",\"item\":\"https:\\\/\\\/www.encontrapiracicaba.com.br\\\/sobre\\\/noticias-em-piracicaba\\\/\",\"nextItem\":{\"@type\":\"ListItem\",\"@id\":\"https:\\\/\\\/www.encontrapiracicaba.com.br\\\/sobre\\\/justica-cobra-prefeituras-da-regiao-de-piracicaba-sobre-situacao-de-ferrovias\\\/#listItem\",\"name\":\"Justi\\u00e7a cobra prefeituras da regi\\u00e3o de Piracicaba sobre situa\\u00e7\\u00e3o de ferrovias\"},\"previousItem\":{\"@type\":\"ListItem\",\"@id\":\"https:\\\/\\\/www.encontrapiracicaba.com.br\\\/sobre#listItem\",\"name\":\"In\\u00edcio\"}},{\"@type\":\"ListItem\",\"@id\":\"https:\\\/\\\/www.encontrapiracicaba.com.br\\\/sobre\\\/justica-cobra-prefeituras-da-regiao-de-piracicaba-sobre-situacao-de-ferrovias\\\/#listItem\",\"position\":3,\"name\":\"Justi\\u00e7a cobra prefeituras da regi\\u00e3o de Piracicaba sobre situa\\u00e7\\u00e3o de ferrovias\",\"previousItem\":{\"@type\":\"ListItem\",\"@id\":\"https:\\\/\\\/www.encontrapiracicaba.com.br\\\/sobre\\\/noticias-em-piracicaba\\\/#listItem\",\"name\":\"Not\\u00edcias Piracicaba\"}}]},{\"@type\":\"Organization\",\"@id\":\"https:\\\/\\\/www.encontrapiracicaba.com.br\\\/sobre\\\/#organization\",\"name\":\"Encontra Piracicaba\",\"description\":\"Not\\u00edcias, eventos, informa\\u00e7\\u00f5es e dicas na cidade de Piracicaba e regi\\u00e3o\",\"url\":\"https:\\\/\\\/www.encontrapiracicaba.com.br\\\/sobre\\\/\"},{\"@type\":\"Person\",\"@id\":\"https:\\\/\\\/www.encontrapiracicaba.com.br\\\/sobre\\\/author\\\/epiracicaba\\\/#author\",\"url\":\"https:\\\/\\\/www.encontrapiracicaba.com.br\\\/sobre\\\/author\\\/epiracicaba\\\/\",\"name\":\"Encontra Piracicaba\",\"image\":{\"@type\":\"ImageObject\",\"@id\":\"https:\\\/\\\/www.encontrapiracicaba.com.br\\\/sobre\\\/justica-cobra-prefeituras-da-regiao-de-piracicaba-sobre-situacao-de-ferrovias\\\/#authorImage\",\"url\":\"https:\\\/\\\/secure.gravatar.com\\\/avatar\\\/507340682b8270222e1f208e23198b6ae7e2c6a1033ae84e99bc6bce4f82a387?s=96&d=mm&r=g\",\"width\":96,\"height\":96,\"caption\":\"Encontra Piracicaba\"}},{\"@type\":\"WebPage\",\"@id\":\"https:\\\/\\\/www.encontrapiracicaba.com.br\\\/sobre\\\/justica-cobra-prefeituras-da-regiao-de-piracicaba-sobre-situacao-de-ferrovias\\\/#webpage\",\"url\":\"https:\\\/\\\/www.encontrapiracicaba.com.br\\\/sobre\\\/justica-cobra-prefeituras-da-regiao-de-piracicaba-sobre-situacao-de-ferrovias\\\/\",\"name\":\"Justi\\u00e7a cobra prefeituras da regi\\u00e3o de Piracicaba sobre situa\\u00e7\\u00e3o de ferrovias | Encontra Piracicaba\",\"inLanguage\":\"pt-BR\",\"isPartOf\":{\"@id\":\"https:\\\/\\\/www.encontrapiracicaba.com.br\\\/sobre\\\/#website\"},\"breadcrumb\":{\"@id\":\"https:\\\/\\\/www.encontrapiracicaba.com.br\\\/sobre\\\/justica-cobra-prefeituras-da-regiao-de-piracicaba-sobre-situacao-de-ferrovias\\\/#breadcrumblist\"},\"author\":{\"@id\":\"https:\\\/\\\/www.encontrapiracicaba.com.br\\\/sobre\\\/author\\\/epiracicaba\\\/#author\"},\"creator\":{\"@id\":\"https:\\\/\\\/www.encontrapiracicaba.com.br\\\/sobre\\\/author\\\/epiracicaba\\\/#author\"},\"datePublished\":\"2013-01-11T01:56:26-03:00\",\"dateModified\":\"2019-04-12T16:04:54-03:00\"},{\"@type\":\"WebSite\",\"@id\":\"https:\\\/\\\/www.encontrapiracicaba.com.br\\\/sobre\\\/#website\",\"url\":\"https:\\\/\\\/www.encontrapiracicaba.com.br\\\/sobre\\\/\",\"name\":\"Encontra Piracicaba\",\"description\":\"Not\\u00edcias, eventos, informa\\u00e7\\u00f5es e dicas na cidade de Piracicaba e regi\\u00e3o\",\"inLanguage\":\"pt-BR\",\"publisher\":{\"@id\":\"https:\\\/\\\/www.encontrapiracicaba.com.br\\\/sobre\\\/#organization\"}}]}\n\t\t<\/script>\n\t\t<!-- All in One SEO -->\n\n","aioseo_head_json":{"title":"Justi\u00e7a cobra prefeituras da regi\u00e3o de Piracicaba sobre situa\u00e7\u00e3o de ferrovias | Encontra Piracicaba","description":"","canonical_url":"https:\/\/www.encontrapiracicaba.com.br\/sobre\/justica-cobra-prefeituras-da-regiao-de-piracicaba-sobre-situacao-de-ferrovias\/","robots":"max-image-preview:large","keywords":"","webmasterTools":{"miscellaneous":""},"schema":{"@context":"https:\/\/schema.org","@graph":[{"@type":"Article","@id":"https:\/\/www.encontrapiracicaba.com.br\/sobre\/justica-cobra-prefeituras-da-regiao-de-piracicaba-sobre-situacao-de-ferrovias\/#article","name":"Justi\u00e7a cobra prefeituras da regi\u00e3o de Piracicaba sobre situa\u00e7\u00e3o de ferrovias | Encontra Piracicaba","headline":"Justi\u00e7a cobra prefeituras da regi\u00e3o de Piracicaba sobre situa\u00e7\u00e3o de ferrovias","author":{"@id":"https:\/\/www.encontrapiracicaba.com.br\/sobre\/author\/epiracicaba\/#author"},"publisher":{"@id":"https:\/\/www.encontrapiracicaba.com.br\/sobre\/#organization"},"datePublished":"2013-01-11T01:56:26-03:00","dateModified":"2019-04-12T16:04:54-03:00","inLanguage":"pt-BR","mainEntityOfPage":{"@id":"https:\/\/www.encontrapiracicaba.com.br\/sobre\/justica-cobra-prefeituras-da-regiao-de-piracicaba-sobre-situacao-de-ferrovias\/#webpage"},"isPartOf":{"@id":"https:\/\/www.encontrapiracicaba.com.br\/sobre\/justica-cobra-prefeituras-da-regiao-de-piracicaba-sobre-situacao-de-ferrovias\/#webpage"},"articleSection":"Not\u00edcias Piracicaba"},{"@type":"BreadcrumbList","@id":"https:\/\/www.encontrapiracicaba.com.br\/sobre\/justica-cobra-prefeituras-da-regiao-de-piracicaba-sobre-situacao-de-ferrovias\/#breadcrumblist","itemListElement":[{"@type":"ListItem","@id":"https:\/\/www.encontrapiracicaba.com.br\/sobre#listItem","position":1,"name":"In\u00edcio","item":"https:\/\/www.encontrapiracicaba.com.br\/sobre","nextItem":{"@type":"ListItem","@id":"https:\/\/www.encontrapiracicaba.com.br\/sobre\/noticias-em-piracicaba\/#listItem","name":"Not\u00edcias Piracicaba"}},{"@type":"ListItem","@id":"https:\/\/www.encontrapiracicaba.com.br\/sobre\/noticias-em-piracicaba\/#listItem","position":2,"name":"Not\u00edcias Piracicaba","item":"https:\/\/www.encontrapiracicaba.com.br\/sobre\/noticias-em-piracicaba\/","nextItem":{"@type":"ListItem","@id":"https:\/\/www.encontrapiracicaba.com.br\/sobre\/justica-cobra-prefeituras-da-regiao-de-piracicaba-sobre-situacao-de-ferrovias\/#listItem","name":"Justi\u00e7a cobra prefeituras da regi\u00e3o de Piracicaba sobre situa\u00e7\u00e3o de ferrovias"},"previousItem":{"@type":"ListItem","@id":"https:\/\/www.encontrapiracicaba.com.br\/sobre#listItem","name":"In\u00edcio"}},{"@type":"ListItem","@id":"https:\/\/www.encontrapiracicaba.com.br\/sobre\/justica-cobra-prefeituras-da-regiao-de-piracicaba-sobre-situacao-de-ferrovias\/#listItem","position":3,"name":"Justi\u00e7a cobra prefeituras da regi\u00e3o de Piracicaba sobre situa\u00e7\u00e3o de ferrovias","previousItem":{"@type":"ListItem","@id":"https:\/\/www.encontrapiracicaba.com.br\/sobre\/noticias-em-piracicaba\/#listItem","name":"Not\u00edcias Piracicaba"}}]},{"@type":"Organization","@id":"https:\/\/www.encontrapiracicaba.com.br\/sobre\/#organization","name":"Encontra Piracicaba","description":"Not\u00edcias, eventos, informa\u00e7\u00f5es e dicas na cidade de Piracicaba e regi\u00e3o","url":"https:\/\/www.encontrapiracicaba.com.br\/sobre\/"},{"@type":"Person","@id":"https:\/\/www.encontrapiracicaba.com.br\/sobre\/author\/epiracicaba\/#author","url":"https:\/\/www.encontrapiracicaba.com.br\/sobre\/author\/epiracicaba\/","name":"Encontra Piracicaba","image":{"@type":"ImageObject","@id":"https:\/\/www.encontrapiracicaba.com.br\/sobre\/justica-cobra-prefeituras-da-regiao-de-piracicaba-sobre-situacao-de-ferrovias\/#authorImage","url":"https:\/\/secure.gravatar.com\/avatar\/507340682b8270222e1f208e23198b6ae7e2c6a1033ae84e99bc6bce4f82a387?s=96&d=mm&r=g","width":96,"height":96,"caption":"Encontra Piracicaba"}},{"@type":"WebPage","@id":"https:\/\/www.encontrapiracicaba.com.br\/sobre\/justica-cobra-prefeituras-da-regiao-de-piracicaba-sobre-situacao-de-ferrovias\/#webpage","url":"https:\/\/www.encontrapiracicaba.com.br\/sobre\/justica-cobra-prefeituras-da-regiao-de-piracicaba-sobre-situacao-de-ferrovias\/","name":"Justi\u00e7a cobra prefeituras da regi\u00e3o de Piracicaba sobre situa\u00e7\u00e3o de ferrovias | Encontra Piracicaba","inLanguage":"pt-BR","isPartOf":{"@id":"https:\/\/www.encontrapiracicaba.com.br\/sobre\/#website"},"breadcrumb":{"@id":"https:\/\/www.encontrapiracicaba.com.br\/sobre\/justica-cobra-prefeituras-da-regiao-de-piracicaba-sobre-situacao-de-ferrovias\/#breadcrumblist"},"author":{"@id":"https:\/\/www.encontrapiracicaba.com.br\/sobre\/author\/epiracicaba\/#author"},"creator":{"@id":"https:\/\/www.encontrapiracicaba.com.br\/sobre\/author\/epiracicaba\/#author"},"datePublished":"2013-01-11T01:56:26-03:00","dateModified":"2019-04-12T16:04:54-03:00"},{"@type":"WebSite","@id":"https:\/\/www.encontrapiracicaba.com.br\/sobre\/#website","url":"https:\/\/www.encontrapiracicaba.com.br\/sobre\/","name":"Encontra Piracicaba","description":"Not\u00edcias, eventos, informa\u00e7\u00f5es e dicas na cidade de Piracicaba e regi\u00e3o","inLanguage":"pt-BR","publisher":{"@id":"https:\/\/www.encontrapiracicaba.com.br\/sobre\/#organization"}}]},"og:locale":"pt_BR","og:site_name":"Encontra Piracicaba | Not\u00edcias, eventos, informa\u00e7\u00f5es e dicas na cidade de Piracicaba e regi\u00e3o","og:type":"article","og:title":"Justi\u00e7a cobra prefeituras da regi\u00e3o de Piracicaba sobre situa\u00e7\u00e3o de ferrovias | Encontra Piracicaba","og:url":"https:\/\/www.encontrapiracicaba.com.br\/sobre\/justica-cobra-prefeituras-da-regiao-de-piracicaba-sobre-situacao-de-ferrovias\/","article:published_time":"2013-01-11T04:56:26+00:00","article:modified_time":"2019-04-12T19:04:54+00:00","twitter:card":"summary","twitter:title":"Justi\u00e7a cobra prefeituras da regi\u00e3o de Piracicaba sobre situa\u00e7\u00e3o de ferrovias | Encontra Piracicaba"},"aioseo_meta_data":{"post_id":"1319","title":null,"description":null,"keywords":null,"keyphrases":null,"primary_term":null,"canonical_url":null,"og_title":null,"og_description":null,"og_object_type":"default","og_image_type":"default","og_image_url":null,"og_image_width":null,"og_image_height":null,"og_image_custom_url":null,"og_image_custom_fields":null,"og_video":null,"og_custom_url":null,"og_article_section":null,"og_article_tags":null,"twitter_use_og":false,"twitter_card":"default","twitter_image_type":"default","twitter_image_url":null,"twitter_image_custom_url":null,"twitter_image_custom_fields":null,"twitter_title":null,"twitter_description":null,"schema":{"blockGraphs":[],"customGraphs":[],"default":{"data":{"Article":[],"Course":[],"Dataset":[],"FAQPage":[],"Movie":[],"Person":[],"Product":[],"ProductReview":[],"Car":[],"Recipe":[],"Service":[],"SoftwareApplication":[],"WebPage":[]},"graphName":"Article","isEnabled":true},"graphs":[]},"schema_type":null,"schema_type_options":null,"pillar_content":false,"robots_default":true,"robots_noindex":false,"robots_noarchive":false,"robots_nosnippet":false,"robots_nofollow":false,"robots_noimageindex":false,"robots_noodp":false,"robots_notranslate":false,"robots_max_snippet":null,"robots_max_videopreview":null,"robots_max_imagepreview":"large","priority":null,"frequency":null,"local_seo":null,"breadcrumb_settings":null,"limit_modified_date":false,"ai":null,"created":"2021-08-13 20:42:11","updated":"2025-10-04 02:39:58","focus_keyword":null,"additional_keywords":null,"truseo_locale":null,"seo_analyzer_scan_date":null},"aioseo_breadcrumb":"<div class=\"aioseo-breadcrumbs\"><span class=\"aioseo-breadcrumb\">\n\t\t\t<a href=\"https:\/\/www.encontrapiracicaba.com.br\/sobre\" title=\"In\u00edcio\">In\u00edcio<\/a>\n\t\t<\/span><span class=\"aioseo-breadcrumb-separator\">&raquo;<\/span><span class=\"aioseo-breadcrumb\">\n\t\t\t<a href=\"https:\/\/www.encontrapiracicaba.com.br\/sobre\/noticias-em-piracicaba\/\" title=\"Not\u00edcias Piracicaba\">Not\u00edcias Piracicaba<\/a>\n\t\t<\/span><span class=\"aioseo-breadcrumb-separator\">&raquo;<\/span><span class=\"aioseo-breadcrumb\">\n\t\t\tJusti\u00e7a cobra prefeituras da regi\u00e3o de Piracicaba sobre situa\u00e7\u00e3o de ferrovias\n\t\t<\/span><\/div>","aioseo_breadcrumb_json":[{"label":"In\u00edcio","link":"https:\/\/www.encontrapiracicaba.com.br\/sobre"},{"label":"Not\u00edcias Piracicaba","link":"https:\/\/www.encontrapiracicaba.com.br\/sobre\/noticias-em-piracicaba\/"},{"label":"Justi\u00e7a cobra prefeituras da regi\u00e3o de Piracicaba sobre situa\u00e7\u00e3o de ferrovias","link":"https:\/\/www.encontrapiracicaba.com.br\/sobre\/justica-cobra-prefeituras-da-regiao-de-piracicaba-sobre-situacao-de-ferrovias\/"}],"_links":{"self":[{"href":"https:\/\/www.encontrapiracicaba.com.br\/sobre\/wp-json\/wp\/v2\/posts\/1319","targetHints":{"allow":["GET"]}}],"collection":[{"href":"https:\/\/www.encontrapiracicaba.com.br\/sobre\/wp-json\/wp\/v2\/posts"}],"about":[{"href":"https:\/\/www.encontrapiracicaba.com.br\/sobre\/wp-json\/wp\/v2\/types\/post"}],"author":[{"embeddable":true,"href":"https:\/\/www.encontrapiracicaba.com.br\/sobre\/wp-json\/wp\/v2\/users\/1"}],"replies":[{"embeddable":true,"href":"https:\/\/www.encontrapiracicaba.com.br\/sobre\/wp-json\/wp\/v2\/comments?post=1319"}],"version-history":[{"count":5,"href":"https:\/\/www.encontrapiracicaba.com.br\/sobre\/wp-json\/wp\/v2\/posts\/1319\/revisions"}],"predecessor-version":[{"id":2546,"href":"https:\/\/www.encontrapiracicaba.com.br\/sobre\/wp-json\/wp\/v2\/posts\/1319\/revisions\/2546"}],"wp:attachment":[{"href":"https:\/\/www.encontrapiracicaba.com.br\/sobre\/wp-json\/wp\/v2\/media?parent=1319"}],"wp:term":[{"taxonomy":"category","embeddable":true,"href":"https:\/\/www.encontrapiracicaba.com.br\/sobre\/wp-json\/wp\/v2\/categories?post=1319"},{"taxonomy":"post_tag","embeddable":true,"href":"https:\/\/www.encontrapiracicaba.com.br\/sobre\/wp-json\/wp\/v2\/tags?post=1319"}],"curies":[{"name":"wp","href":"https:\/\/api.w.org\/{rel}","templated":true}]}}