{"id":1338,"date":"2013-01-18T01:44:11","date_gmt":"2013-01-18T04:44:11","guid":{"rendered":"http:\/\/www.encontrapiracicaba.com.br\/noticias\/?p=1338"},"modified":"2019-04-12T16:04:53","modified_gmt":"2019-04-12T19:04:53","slug":"atraso-na-divulgacao-do-diario-oficial-de-piracicaba-pode-originar-processo","status":"publish","type":"post","link":"https:\/\/www.encontrapiracicaba.com.br\/sobre\/atraso-na-divulgacao-do-diario-oficial-de-piracicaba-pode-originar-processo\/","title":{"rendered":"Atraso na divulga\u00e7\u00e3o do Di\u00e1rio Oficial de Piracicaba pode originar processo"},"content":{"rendered":"<div class=\"85df007ed5c0c4d4b453fd13a37855e8\" data-index=\"1\" style=\"float: none; margin:0px;\">\n<!-- Anuncio display - global -->\r\n<ins class=\"adsbygoogle\"\r\n     style=\"display:block\"\r\n     data-ad-client=\"ca-pub-8585364105181520\"\r\n     data-ad-slot=\"8789329856\"\r\n     data-ad-format=\"auto\"\r\n     data-full-width-responsive=\"true\"><\/ins>\r\n<script>\r\n     (adsbygoogle = window.adsbygoogle || []).push({});\r\n<\/script>\n<\/div>\n<p>Desde o dia 29 de dezembro o Di\u00e1rio Oficial da Prefeitura de Piracicaba n\u00e3o \u00e9 publicado, ou seja, h\u00e1 20 dias. O peri\u00f3dico, que serve para oficializar tudo que \u00e9 decidido pelos poderes Executivo e Legislativo, ainda n\u00e3o foi divulgado desde que Gabriel Ferrato (PSDB) assumiu a Prefeitura. Para um especialista do direito p\u00fablico, o atraso pode acarretar questionamentos judiciais.<\/p>\n<p>O Di\u00e1rio Oficial \u00e9 respons\u00e1vel por informar cada medida do Executivo e fica dispon\u00edvel no portal da Prefeitura na internet e em forma de publica\u00e7\u00e3o impressa. Apesar do nome, o ve\u00edculo de comunica\u00e7\u00e3o n\u00e3o \u00e9 disponibilizado todos os dias e algumas edi\u00e7\u00f5es saem com atraso e ao mesmo tempo.<\/p>\n<p>Com o atraso, ainda n\u00e3o se tornou p\u00fablico, por exemplo, a contrata\u00e7\u00e3o de funcion\u00e1rios comissionados pela Prefeitura, Servi\u00e7o Municipal de \u00c1gua e Esgoto (Semae) e C\u00e2mara de Piracicaba. Outras compras, licita\u00e7\u00f5es e contratos que possam ter ocorrido tamb\u00e9m n\u00e3o foram oficializadas.<\/p>\n<p>Desde a semana passada, a reportagem j\u00e1 questionou o Centro de Comunica\u00e7\u00e3o Social da Prefeitura tr\u00eas vezes sobre os atrasos, mas n\u00e3o houve resposta. O prefeito Gabriel Ferrato afirmou n\u00e3o saber a raz\u00e3o para os atrasos e disse que pode existir &#8220;algum problema burocr\u00e1tico&#8221;.<\/p>\n<p><strong>&#8220;Problema de ilegalidade&#8221;<\/strong><br \/>\nO professor de direito da Funda\u00e7\u00e3o Get\u00falio Vargas Carlos Ari Sundfeld afirmou que qualquer decis\u00e3o ou a\u00e7\u00e3o do poder p\u00fablico s\u00f3 passa a ter efeito depois de publicada no Di\u00e1rio Oficial. &#8220;As publica\u00e7\u00f5es mais comuns e importantes s\u00e3o as leis municipais, decretos (onde s\u00e3o inclu\u00eddas as nomea\u00e7\u00f5es), extratos de contratos assinados e editais de licita\u00e7\u00f5es&#8221;, disse.<\/p>\n<p>Sundfeld afirmou que, sobretudo em casos de licita\u00e7\u00e3o, h\u00e1 prazos definidos pela lei que devem ser cumpridos e que, mesmo que a Prefeitura publique edi\u00e7\u00f5es retroativas, a situa\u00e7\u00e3o de funcion\u00e1rios que trabalham sem ter tido os nomes publicados pode ser questionada pela Justi\u00e7a. &#8220;Essa quest\u00e3o pode dar confus\u00e3o, pois h\u00e1 um problema de ilegalidade nesse atraso&#8221;, explicou.<\/p>\n<p><em>Fonte: G1<\/em><\/p>\n\n<div style=\"font-size: 0px; height: 0px; line-height: 0px; margin: 0; padding: 0; clear: both;\"><\/div>","protected":false},"excerpt":{"rendered":"<p>Desde o dia 29 de dezembro o Di\u00e1rio Oficial da Prefeitura de Piracicaba n\u00e3o \u00e9 publicado, ou seja, h\u00e1 20 dias. O peri\u00f3dico, que serve para oficializar tudo que \u00e9 decidido pelos poderes Executivo e Legislativo, ainda n\u00e3o foi divulgado desde que Gabriel Ferrato (PSDB) assumiu a Prefeitura. Para um especialista do direito p\u00fablico, o atraso pode acarretar questionamentos judiciais. O Di\u00e1rio Oficial \u00e9 respons\u00e1vel por informar cada medida do Executivo e fica dispon\u00edvel no portal da Prefeitura na internet e em forma de publica\u00e7\u00e3o impressa. Apesar do nome, o ve\u00edculo de comunica\u00e7\u00e3o n\u00e3o \u00e9 disponibilizado todos os dias e <\/p>\n","protected":false},"author":1,"featured_media":0,"comment_status":"open","ping_status":"closed","sticky":false,"template":"","format":"standard","meta":{"footnotes":""},"categories":[6],"tags":[],"class_list":["post-1338","post","type-post","status-publish","format-standard","hentry","category-noticias-em-piracicaba"],"aioseo_notices":[],"aioseo_head":"\n\t\t<!-- All in One SEO 5.0.0.1 - aioseo.com -->\n\t<meta name=\"robots\" content=\"max-image-preview:large\" \/>\n\t<meta name=\"author\" content=\"Encontra Piracicaba\"\/>\n\t<link rel=\"canonical\" href=\"https:\/\/www.encontrapiracicaba.com.br\/sobre\/atraso-na-divulgacao-do-diario-oficial-de-piracicaba-pode-originar-processo\/\" \/>\n\t<meta name=\"generator\" content=\"All in One SEO (AIOSEO) 5.0.0.1\" \/>\n\t\t<meta property=\"og:locale\" content=\"pt_BR\" \/>\n\t\t<meta property=\"og:site_name\" content=\"Encontra Piracicaba | Not\u00edcias, eventos, informa\u00e7\u00f5es e dicas na cidade de Piracicaba e regi\u00e3o\" \/>\n\t\t<meta property=\"og:type\" content=\"article\" \/>\n\t\t<meta property=\"og:title\" content=\"Atraso na divulga\u00e7\u00e3o do Di\u00e1rio Oficial de Piracicaba pode originar processo | Encontra Piracicaba\" \/>\n\t\t<meta property=\"og:url\" content=\"https:\/\/www.encontrapiracicaba.com.br\/sobre\/atraso-na-divulgacao-do-diario-oficial-de-piracicaba-pode-originar-processo\/\" \/>\n\t\t<meta property=\"article:published_time\" content=\"2013-01-18T04:44:11+00:00\" \/>\n\t\t<meta property=\"article:modified_time\" content=\"2019-04-12T19:04:53+00:00\" \/>\n\t\t<meta name=\"twitter:card\" content=\"summary\" \/>\n\t\t<meta name=\"twitter:title\" content=\"Atraso na divulga\u00e7\u00e3o do Di\u00e1rio Oficial de Piracicaba pode originar processo | Encontra Piracicaba\" \/>\n\t\t<script type=\"application\/ld+json\" class=\"aioseo-schema\">\n\t\t\t{\"@context\":\"https:\\\/\\\/schema.org\",\"@graph\":[{\"@type\":\"Article\",\"@id\":\"https:\\\/\\\/www.encontrapiracicaba.com.br\\\/sobre\\\/atraso-na-divulgacao-do-diario-oficial-de-piracicaba-pode-originar-processo\\\/#article\",\"name\":\"Atraso na divulga\\u00e7\\u00e3o do Di\\u00e1rio Oficial de Piracicaba pode originar processo | Encontra Piracicaba\",\"headline\":\"Atraso na divulga\\u00e7\\u00e3o do Di\\u00e1rio Oficial de Piracicaba pode originar processo\",\"author\":{\"@id\":\"https:\\\/\\\/www.encontrapiracicaba.com.br\\\/sobre\\\/author\\\/epiracicaba\\\/#author\"},\"publisher\":{\"@id\":\"https:\\\/\\\/www.encontrapiracicaba.com.br\\\/sobre\\\/#organization\"},\"datePublished\":\"2013-01-18T01:44:11-03:00\",\"dateModified\":\"2019-04-12T16:04:53-03:00\",\"inLanguage\":\"pt-BR\",\"mainEntityOfPage\":{\"@id\":\"https:\\\/\\\/www.encontrapiracicaba.com.br\\\/sobre\\\/atraso-na-divulgacao-do-diario-oficial-de-piracicaba-pode-originar-processo\\\/#webpage\"},\"isPartOf\":{\"@id\":\"https:\\\/\\\/www.encontrapiracicaba.com.br\\\/sobre\\\/atraso-na-divulgacao-do-diario-oficial-de-piracicaba-pode-originar-processo\\\/#webpage\"},\"articleSection\":\"Not\\u00edcias Piracicaba\"},{\"@type\":\"BreadcrumbList\",\"@id\":\"https:\\\/\\\/www.encontrapiracicaba.com.br\\\/sobre\\\/atraso-na-divulgacao-do-diario-oficial-de-piracicaba-pode-originar-processo\\\/#breadcrumblist\",\"itemListElement\":[{\"@type\":\"ListItem\",\"@id\":\"https:\\\/\\\/www.encontrapiracicaba.com.br\\\/sobre#listItem\",\"position\":1,\"name\":\"In\\u00edcio\",\"item\":\"https:\\\/\\\/www.encontrapiracicaba.com.br\\\/sobre\",\"nextItem\":{\"@type\":\"ListItem\",\"@id\":\"https:\\\/\\\/www.encontrapiracicaba.com.br\\\/sobre\\\/noticias-em-piracicaba\\\/#listItem\",\"name\":\"Not\\u00edcias Piracicaba\"}},{\"@type\":\"ListItem\",\"@id\":\"https:\\\/\\\/www.encontrapiracicaba.com.br\\\/sobre\\\/noticias-em-piracicaba\\\/#listItem\",\"position\":2,\"name\":\"Not\\u00edcias Piracicaba\",\"item\":\"https:\\\/\\\/www.encontrapiracicaba.com.br\\\/sobre\\\/noticias-em-piracicaba\\\/\",\"nextItem\":{\"@type\":\"ListItem\",\"@id\":\"https:\\\/\\\/www.encontrapiracicaba.com.br\\\/sobre\\\/atraso-na-divulgacao-do-diario-oficial-de-piracicaba-pode-originar-processo\\\/#listItem\",\"name\":\"Atraso na divulga\\u00e7\\u00e3o do Di\\u00e1rio Oficial de Piracicaba pode originar processo\"},\"previousItem\":{\"@type\":\"ListItem\",\"@id\":\"https:\\\/\\\/www.encontrapiracicaba.com.br\\\/sobre#listItem\",\"name\":\"In\\u00edcio\"}},{\"@type\":\"ListItem\",\"@id\":\"https:\\\/\\\/www.encontrapiracicaba.com.br\\\/sobre\\\/atraso-na-divulgacao-do-diario-oficial-de-piracicaba-pode-originar-processo\\\/#listItem\",\"position\":3,\"name\":\"Atraso na divulga\\u00e7\\u00e3o do Di\\u00e1rio Oficial de Piracicaba pode originar processo\",\"previousItem\":{\"@type\":\"ListItem\",\"@id\":\"https:\\\/\\\/www.encontrapiracicaba.com.br\\\/sobre\\\/noticias-em-piracicaba\\\/#listItem\",\"name\":\"Not\\u00edcias Piracicaba\"}}]},{\"@type\":\"Organization\",\"@id\":\"https:\\\/\\\/www.encontrapiracicaba.com.br\\\/sobre\\\/#organization\",\"name\":\"Encontra Piracicaba\",\"description\":\"Not\\u00edcias, eventos, informa\\u00e7\\u00f5es e dicas na cidade de Piracicaba e regi\\u00e3o\",\"url\":\"https:\\\/\\\/www.encontrapiracicaba.com.br\\\/sobre\\\/\"},{\"@type\":\"Person\",\"@id\":\"https:\\\/\\\/www.encontrapiracicaba.com.br\\\/sobre\\\/author\\\/epiracicaba\\\/#author\",\"url\":\"https:\\\/\\\/www.encontrapiracicaba.com.br\\\/sobre\\\/author\\\/epiracicaba\\\/\",\"name\":\"Encontra Piracicaba\",\"image\":{\"@type\":\"ImageObject\",\"@id\":\"https:\\\/\\\/www.encontrapiracicaba.com.br\\\/sobre\\\/atraso-na-divulgacao-do-diario-oficial-de-piracicaba-pode-originar-processo\\\/#authorImage\",\"url\":\"https:\\\/\\\/secure.gravatar.com\\\/avatar\\\/507340682b8270222e1f208e23198b6ae7e2c6a1033ae84e99bc6bce4f82a387?s=96&d=mm&r=g\",\"width\":96,\"height\":96,\"caption\":\"Encontra Piracicaba\"}},{\"@type\":\"WebPage\",\"@id\":\"https:\\\/\\\/www.encontrapiracicaba.com.br\\\/sobre\\\/atraso-na-divulgacao-do-diario-oficial-de-piracicaba-pode-originar-processo\\\/#webpage\",\"url\":\"https:\\\/\\\/www.encontrapiracicaba.com.br\\\/sobre\\\/atraso-na-divulgacao-do-diario-oficial-de-piracicaba-pode-originar-processo\\\/\",\"name\":\"Atraso na divulga\\u00e7\\u00e3o do Di\\u00e1rio Oficial de Piracicaba pode originar processo | Encontra Piracicaba\",\"inLanguage\":\"pt-BR\",\"isPartOf\":{\"@id\":\"https:\\\/\\\/www.encontrapiracicaba.com.br\\\/sobre\\\/#website\"},\"breadcrumb\":{\"@id\":\"https:\\\/\\\/www.encontrapiracicaba.com.br\\\/sobre\\\/atraso-na-divulgacao-do-diario-oficial-de-piracicaba-pode-originar-processo\\\/#breadcrumblist\"},\"author\":{\"@id\":\"https:\\\/\\\/www.encontrapiracicaba.com.br\\\/sobre\\\/author\\\/epiracicaba\\\/#author\"},\"creator\":{\"@id\":\"https:\\\/\\\/www.encontrapiracicaba.com.br\\\/sobre\\\/author\\\/epiracicaba\\\/#author\"},\"datePublished\":\"2013-01-18T01:44:11-03:00\",\"dateModified\":\"2019-04-12T16:04:53-03:00\"},{\"@type\":\"WebSite\",\"@id\":\"https:\\\/\\\/www.encontrapiracicaba.com.br\\\/sobre\\\/#website\",\"url\":\"https:\\\/\\\/www.encontrapiracicaba.com.br\\\/sobre\\\/\",\"name\":\"Encontra Piracicaba\",\"description\":\"Not\\u00edcias, eventos, informa\\u00e7\\u00f5es e dicas na cidade de Piracicaba e regi\\u00e3o\",\"inLanguage\":\"pt-BR\",\"publisher\":{\"@id\":\"https:\\\/\\\/www.encontrapiracicaba.com.br\\\/sobre\\\/#organization\"}}]}\n\t\t<\/script>\n\t\t<!-- All in One SEO -->\n\n","aioseo_head_json":{"title":"Atraso na divulga\u00e7\u00e3o do Di\u00e1rio Oficial de Piracicaba pode originar processo | Encontra Piracicaba","description":"","canonical_url":"https:\/\/www.encontrapiracicaba.com.br\/sobre\/atraso-na-divulgacao-do-diario-oficial-de-piracicaba-pode-originar-processo\/","robots":"max-image-preview:large","keywords":"","webmasterTools":{"miscellaneous":""},"schema":{"@context":"https:\/\/schema.org","@graph":[{"@type":"Article","@id":"https:\/\/www.encontrapiracicaba.com.br\/sobre\/atraso-na-divulgacao-do-diario-oficial-de-piracicaba-pode-originar-processo\/#article","name":"Atraso na divulga\u00e7\u00e3o do Di\u00e1rio Oficial de Piracicaba pode originar processo | Encontra Piracicaba","headline":"Atraso na divulga\u00e7\u00e3o do Di\u00e1rio Oficial de Piracicaba pode originar processo","author":{"@id":"https:\/\/www.encontrapiracicaba.com.br\/sobre\/author\/epiracicaba\/#author"},"publisher":{"@id":"https:\/\/www.encontrapiracicaba.com.br\/sobre\/#organization"},"datePublished":"2013-01-18T01:44:11-03:00","dateModified":"2019-04-12T16:04:53-03:00","inLanguage":"pt-BR","mainEntityOfPage":{"@id":"https:\/\/www.encontrapiracicaba.com.br\/sobre\/atraso-na-divulgacao-do-diario-oficial-de-piracicaba-pode-originar-processo\/#webpage"},"isPartOf":{"@id":"https:\/\/www.encontrapiracicaba.com.br\/sobre\/atraso-na-divulgacao-do-diario-oficial-de-piracicaba-pode-originar-processo\/#webpage"},"articleSection":"Not\u00edcias Piracicaba"},{"@type":"BreadcrumbList","@id":"https:\/\/www.encontrapiracicaba.com.br\/sobre\/atraso-na-divulgacao-do-diario-oficial-de-piracicaba-pode-originar-processo\/#breadcrumblist","itemListElement":[{"@type":"ListItem","@id":"https:\/\/www.encontrapiracicaba.com.br\/sobre#listItem","position":1,"name":"In\u00edcio","item":"https:\/\/www.encontrapiracicaba.com.br\/sobre","nextItem":{"@type":"ListItem","@id":"https:\/\/www.encontrapiracicaba.com.br\/sobre\/noticias-em-piracicaba\/#listItem","name":"Not\u00edcias Piracicaba"}},{"@type":"ListItem","@id":"https:\/\/www.encontrapiracicaba.com.br\/sobre\/noticias-em-piracicaba\/#listItem","position":2,"name":"Not\u00edcias Piracicaba","item":"https:\/\/www.encontrapiracicaba.com.br\/sobre\/noticias-em-piracicaba\/","nextItem":{"@type":"ListItem","@id":"https:\/\/www.encontrapiracicaba.com.br\/sobre\/atraso-na-divulgacao-do-diario-oficial-de-piracicaba-pode-originar-processo\/#listItem","name":"Atraso na divulga\u00e7\u00e3o do Di\u00e1rio Oficial de Piracicaba pode originar processo"},"previousItem":{"@type":"ListItem","@id":"https:\/\/www.encontrapiracicaba.com.br\/sobre#listItem","name":"In\u00edcio"}},{"@type":"ListItem","@id":"https:\/\/www.encontrapiracicaba.com.br\/sobre\/atraso-na-divulgacao-do-diario-oficial-de-piracicaba-pode-originar-processo\/#listItem","position":3,"name":"Atraso na divulga\u00e7\u00e3o do Di\u00e1rio Oficial de Piracicaba pode originar processo","previousItem":{"@type":"ListItem","@id":"https:\/\/www.encontrapiracicaba.com.br\/sobre\/noticias-em-piracicaba\/#listItem","name":"Not\u00edcias Piracicaba"}}]},{"@type":"Organization","@id":"https:\/\/www.encontrapiracicaba.com.br\/sobre\/#organization","name":"Encontra Piracicaba","description":"Not\u00edcias, eventos, informa\u00e7\u00f5es e dicas na cidade de Piracicaba e regi\u00e3o","url":"https:\/\/www.encontrapiracicaba.com.br\/sobre\/"},{"@type":"Person","@id":"https:\/\/www.encontrapiracicaba.com.br\/sobre\/author\/epiracicaba\/#author","url":"https:\/\/www.encontrapiracicaba.com.br\/sobre\/author\/epiracicaba\/","name":"Encontra Piracicaba","image":{"@type":"ImageObject","@id":"https:\/\/www.encontrapiracicaba.com.br\/sobre\/atraso-na-divulgacao-do-diario-oficial-de-piracicaba-pode-originar-processo\/#authorImage","url":"https:\/\/secure.gravatar.com\/avatar\/507340682b8270222e1f208e23198b6ae7e2c6a1033ae84e99bc6bce4f82a387?s=96&d=mm&r=g","width":96,"height":96,"caption":"Encontra Piracicaba"}},{"@type":"WebPage","@id":"https:\/\/www.encontrapiracicaba.com.br\/sobre\/atraso-na-divulgacao-do-diario-oficial-de-piracicaba-pode-originar-processo\/#webpage","url":"https:\/\/www.encontrapiracicaba.com.br\/sobre\/atraso-na-divulgacao-do-diario-oficial-de-piracicaba-pode-originar-processo\/","name":"Atraso na divulga\u00e7\u00e3o do Di\u00e1rio Oficial de Piracicaba pode originar processo | Encontra Piracicaba","inLanguage":"pt-BR","isPartOf":{"@id":"https:\/\/www.encontrapiracicaba.com.br\/sobre\/#website"},"breadcrumb":{"@id":"https:\/\/www.encontrapiracicaba.com.br\/sobre\/atraso-na-divulgacao-do-diario-oficial-de-piracicaba-pode-originar-processo\/#breadcrumblist"},"author":{"@id":"https:\/\/www.encontrapiracicaba.com.br\/sobre\/author\/epiracicaba\/#author"},"creator":{"@id":"https:\/\/www.encontrapiracicaba.com.br\/sobre\/author\/epiracicaba\/#author"},"datePublished":"2013-01-18T01:44:11-03:00","dateModified":"2019-04-12T16:04:53-03:00"},{"@type":"WebSite","@id":"https:\/\/www.encontrapiracicaba.com.br\/sobre\/#website","url":"https:\/\/www.encontrapiracicaba.com.br\/sobre\/","name":"Encontra Piracicaba","description":"Not\u00edcias, eventos, informa\u00e7\u00f5es e dicas na cidade de Piracicaba e regi\u00e3o","inLanguage":"pt-BR","publisher":{"@id":"https:\/\/www.encontrapiracicaba.com.br\/sobre\/#organization"}}]},"og:locale":"pt_BR","og:site_name":"Encontra Piracicaba | Not\u00edcias, eventos, informa\u00e7\u00f5es e dicas na cidade de Piracicaba e regi\u00e3o","og:type":"article","og:title":"Atraso na divulga\u00e7\u00e3o do Di\u00e1rio Oficial de Piracicaba pode originar processo | Encontra Piracicaba","og:url":"https:\/\/www.encontrapiracicaba.com.br\/sobre\/atraso-na-divulgacao-do-diario-oficial-de-piracicaba-pode-originar-processo\/","article:published_time":"2013-01-18T04:44:11+00:00","article:modified_time":"2019-04-12T19:04:53+00:00","twitter:card":"summary","twitter:title":"Atraso na divulga\u00e7\u00e3o do Di\u00e1rio Oficial de Piracicaba pode originar processo | Encontra Piracicaba"},"aioseo_meta_data":{"post_id":"1338","title":null,"description":null,"keywords":null,"keyphrases":null,"primary_term":null,"canonical_url":null,"og_title":null,"og_description":null,"og_object_type":"default","og_image_type":"default","og_image_url":null,"og_image_width":null,"og_image_height":null,"og_image_custom_url":null,"og_image_custom_fields":null,"og_video":null,"og_custom_url":null,"og_article_section":null,"og_article_tags":null,"twitter_use_og":false,"twitter_card":"default","twitter_image_type":"default","twitter_image_url":null,"twitter_image_custom_url":null,"twitter_image_custom_fields":null,"twitter_title":null,"twitter_description":null,"schema":{"blockGraphs":[],"customGraphs":[],"default":{"data":{"Article":[],"Course":[],"Dataset":[],"FAQPage":[],"Movie":[],"Person":[],"Product":[],"ProductReview":[],"Car":[],"Recipe":[],"Service":[],"SoftwareApplication":[],"WebPage":[]},"graphName":"Article","isEnabled":true},"graphs":[]},"schema_type":null,"schema_type_options":null,"pillar_content":false,"robots_default":true,"robots_noindex":false,"robots_noarchive":false,"robots_nosnippet":false,"robots_nofollow":false,"robots_noimageindex":false,"robots_noodp":false,"robots_notranslate":false,"robots_max_snippet":null,"robots_max_videopreview":null,"robots_max_imagepreview":"large","priority":null,"frequency":null,"local_seo":null,"breadcrumb_settings":null,"limit_modified_date":false,"ai":null,"created":"2021-08-13 20:42:11","updated":"2025-10-04 02:45:47","focus_keyword":null,"additional_keywords":null,"truseo_locale":null,"seo_analyzer_scan_date":null},"aioseo_breadcrumb":"<div class=\"aioseo-breadcrumbs\"><span class=\"aioseo-breadcrumb\">\n\t\t\t<a href=\"https:\/\/www.encontrapiracicaba.com.br\/sobre\" title=\"In\u00edcio\">In\u00edcio<\/a>\n\t\t<\/span><span class=\"aioseo-breadcrumb-separator\">&raquo;<\/span><span class=\"aioseo-breadcrumb\">\n\t\t\t<a href=\"https:\/\/www.encontrapiracicaba.com.br\/sobre\/noticias-em-piracicaba\/\" title=\"Not\u00edcias Piracicaba\">Not\u00edcias Piracicaba<\/a>\n\t\t<\/span><span class=\"aioseo-breadcrumb-separator\">&raquo;<\/span><span class=\"aioseo-breadcrumb\">\n\t\t\tAtraso na divulga\u00e7\u00e3o do Di\u00e1rio Oficial de Piracicaba pode originar processo\n\t\t<\/span><\/div>","aioseo_breadcrumb_json":[{"label":"In\u00edcio","link":"https:\/\/www.encontrapiracicaba.com.br\/sobre"},{"label":"Not\u00edcias Piracicaba","link":"https:\/\/www.encontrapiracicaba.com.br\/sobre\/noticias-em-piracicaba\/"},{"label":"Atraso na divulga\u00e7\u00e3o do Di\u00e1rio Oficial de Piracicaba pode originar processo","link":"https:\/\/www.encontrapiracicaba.com.br\/sobre\/atraso-na-divulgacao-do-diario-oficial-de-piracicaba-pode-originar-processo\/"}],"_links":{"self":[{"href":"https:\/\/www.encontrapiracicaba.com.br\/sobre\/wp-json\/wp\/v2\/posts\/1338","targetHints":{"allow":["GET"]}}],"collection":[{"href":"https:\/\/www.encontrapiracicaba.com.br\/sobre\/wp-json\/wp\/v2\/posts"}],"about":[{"href":"https:\/\/www.encontrapiracicaba.com.br\/sobre\/wp-json\/wp\/v2\/types\/post"}],"author":[{"embeddable":true,"href":"https:\/\/www.encontrapiracicaba.com.br\/sobre\/wp-json\/wp\/v2\/users\/1"}],"replies":[{"embeddable":true,"href":"https:\/\/www.encontrapiracicaba.com.br\/sobre\/wp-json\/wp\/v2\/comments?post=1338"}],"version-history":[{"count":3,"href":"https:\/\/www.encontrapiracicaba.com.br\/sobre\/wp-json\/wp\/v2\/posts\/1338\/revisions"}],"predecessor-version":[{"id":2548,"href":"https:\/\/www.encontrapiracicaba.com.br\/sobre\/wp-json\/wp\/v2\/posts\/1338\/revisions\/2548"}],"wp:attachment":[{"href":"https:\/\/www.encontrapiracicaba.com.br\/sobre\/wp-json\/wp\/v2\/media?parent=1338"}],"wp:term":[{"taxonomy":"category","embeddable":true,"href":"https:\/\/www.encontrapiracicaba.com.br\/sobre\/wp-json\/wp\/v2\/categories?post=1338"},{"taxonomy":"post_tag","embeddable":true,"href":"https:\/\/www.encontrapiracicaba.com.br\/sobre\/wp-json\/wp\/v2\/tags?post=1338"}],"curies":[{"name":"wp","href":"https:\/\/api.w.org\/{rel}","templated":true}]}}