{"id":1366,"date":"2013-02-01T01:03:03","date_gmt":"2013-02-01T04:03:03","guid":{"rendered":"http:\/\/www.encontrapiracicaba.com.br\/noticias\/?p=1366"},"modified":"2019-04-12T16:04:53","modified_gmt":"2019-04-12T19:04:53","slug":"prefeito-de-piracicaba-espera-estudo-da-usp-para-debater-tarifa-de-onibus","status":"publish","type":"post","link":"https:\/\/www.encontrapiracicaba.com.br\/sobre\/prefeito-de-piracicaba-espera-estudo-da-usp-para-debater-tarifa-de-onibus\/","title":{"rendered":"Prefeito de Piracicaba espera estudo da USP para debater tarifa de \u00f4nibus"},"content":{"rendered":"<div class=\"85df007ed5c0c4d4b453fd13a37855e8\" data-index=\"1\" style=\"float: none; margin:0px;\">\n<!-- Anuncio display - global -->\r\n<ins class=\"adsbygoogle\"\r\n     style=\"display:block\"\r\n     data-ad-client=\"ca-pub-8585364105181520\"\r\n     data-ad-slot=\"8789329856\"\r\n     data-ad-format=\"auto\"\r\n     data-full-width-responsive=\"true\"><\/ins>\r\n<script>\r\n     (adsbygoogle = window.adsbygoogle || []).push({});\r\n<\/script>\n<\/div>\n<p>Ap\u00f3s quatro protestos que pararam o Terminal Central de Integra\u00e7\u00e3o (TCI) de Piracicaba (SP), ainda n\u00e3o h\u00e1 data para que integrantes do movimento Pula Catraca, que questiona o aumento da tarifa de \u00f4nibus na cidade, se re\u00fanam com o prefeito Gabriel Ferrato (PSDB). O tucano disse que aguarda o resultado de um estudo da Universidade de S\u00e3o Paulo (USP) sobre o assunto debater o tema com o grupo.<\/p>\n<p>A tarifa de \u00f4nibus foi reajustada no dia 29 de dezembro de 2012 em um dos \u00faltimos atos de Barjas Negri (PSDB) como prefeito. O passe foi de R$ 2,60 para R$ 3 e a venda a bordo (a mais cara) passou para R$ 3,40. Integrantes do movimento, insatisfeitos com o reajuste, invadiram o TCI quatro vezes e interromperam a circula\u00e7\u00e3o de ve\u00edculos sob palavras de ordem.<\/p>\n<p>Na semana passada, houve confronto entre manifestantes e guardas municipais em frente ao TCI e o ato foi parar na delegacia. Um dos pedidos do grupo foi discutir uma eventual redu\u00e7\u00e3o no pre\u00e7o da tarifa. Um encontro j\u00e1 foi feito com o secret\u00e1rio de Governo Jos\u00e9 Ant\u00f4nio Godoy, mas a audi\u00eancia com o prefeito n\u00e3o foi confirmada.<\/p>\n<p>Ferrato explicou que pretende esperar um estudo encomendado a professores da USP para se reunir com os manifestantes. &#8220;Esse estudo est\u00e1 sendo feito e vai acabar com esses cartazes chamando o aumento de roubo. Aqui ningu\u00e9m \u00e9 ladr\u00e3o. Todos os munic\u00edpios reajustaram a tarifa recentemente e por pre\u00e7os similares&#8221;, disse.<\/p>\n<p>O prefeito ainda n\u00e3o sabe quando haver\u00e1 uma conclus\u00e3o do trabalho. &#8220;N\u00f3s queremos o mais r\u00e1pido poss\u00edvel, mas j\u00e1 trabalhei em uma universidade e sei que esse tipo de trabalho leva tempo&#8221;, disse. Caso a previs\u00e3o para conclus\u00e3o do relat\u00f3rio seja maior que 60 dias, Ferrato pode antecipar o encontro.<\/p>\n<p><strong>Licita\u00e7\u00e3o atrasada<\/strong><br \/>\nO prefeito defendeu-se das cr\u00edticas que os manifestantes v\u00eam fazendo sobre a gest\u00e3o do transporte na cidade de Piracicaba citando at\u00e9 mesmo o atraso na licita\u00e7\u00e3o dos \u00f4nibus, que est\u00e1 parada por ordem judicial. &#8220;Eles est\u00e3o protestando em um momento em que n\u00e3o tenho armas. Este entrave na Justi\u00e7a n\u00e3o \u00e9 um atraso nosso&#8221;, disse Ferrato.<\/p>\n<p><em>Fonte: G1<\/em><\/p>\n\n<div style=\"font-size: 0px; height: 0px; line-height: 0px; margin: 0; padding: 0; clear: both;\"><\/div>","protected":false},"excerpt":{"rendered":"<p>Ap\u00f3s quatro protestos que pararam o Terminal Central de Integra\u00e7\u00e3o (TCI) de Piracicaba (SP), ainda n\u00e3o h\u00e1 data para que integrantes do movimento Pula Catraca, que questiona o aumento da tarifa de \u00f4nibus na cidade, se re\u00fanam com o prefeito Gabriel Ferrato (PSDB). O tucano disse que aguarda o resultado de um estudo da Universidade de S\u00e3o Paulo (USP) sobre o assunto debater o tema com o grupo. A tarifa de \u00f4nibus foi reajustada no dia 29 de dezembro de 2012 em um dos \u00faltimos atos de Barjas Negri (PSDB) como prefeito. O passe foi de R$ 2,60 para R$ <\/p>\n","protected":false},"author":1,"featured_media":0,"comment_status":"open","ping_status":"closed","sticky":false,"template":"","format":"standard","meta":{"footnotes":""},"categories":[6],"tags":[],"class_list":["post-1366","post","type-post","status-publish","format-standard","hentry","category-noticias-em-piracicaba"],"aioseo_notices":[],"aioseo_head":"\n\t\t<!-- All in One SEO 5.0.0.1 - aioseo.com -->\n\t<meta name=\"robots\" content=\"max-image-preview:large\" \/>\n\t<meta name=\"author\" content=\"Encontra Piracicaba\"\/>\n\t<link rel=\"canonical\" href=\"https:\/\/www.encontrapiracicaba.com.br\/sobre\/prefeito-de-piracicaba-espera-estudo-da-usp-para-debater-tarifa-de-onibus\/\" \/>\n\t<meta name=\"generator\" content=\"All in One SEO (AIOSEO) 5.0.0.1\" \/>\n\t\t<meta property=\"og:locale\" content=\"pt_BR\" \/>\n\t\t<meta property=\"og:site_name\" content=\"Encontra Piracicaba | Not\u00edcias, eventos, informa\u00e7\u00f5es e dicas na cidade de Piracicaba e regi\u00e3o\" \/>\n\t\t<meta property=\"og:type\" content=\"article\" \/>\n\t\t<meta property=\"og:title\" content=\"Prefeito de Piracicaba espera estudo da USP para debater tarifa de \u00f4nibus | Encontra Piracicaba\" \/>\n\t\t<meta property=\"og:url\" content=\"https:\/\/www.encontrapiracicaba.com.br\/sobre\/prefeito-de-piracicaba-espera-estudo-da-usp-para-debater-tarifa-de-onibus\/\" \/>\n\t\t<meta property=\"article:published_time\" content=\"2013-02-01T04:03:03+00:00\" \/>\n\t\t<meta property=\"article:modified_time\" content=\"2019-04-12T19:04:53+00:00\" \/>\n\t\t<meta name=\"twitter:card\" content=\"summary\" \/>\n\t\t<meta name=\"twitter:title\" content=\"Prefeito de Piracicaba espera estudo da USP para debater tarifa de \u00f4nibus | Encontra Piracicaba\" \/>\n\t\t<script type=\"application\/ld+json\" class=\"aioseo-schema\">\n\t\t\t{\"@context\":\"https:\\\/\\\/schema.org\",\"@graph\":[{\"@type\":\"Article\",\"@id\":\"https:\\\/\\\/www.encontrapiracicaba.com.br\\\/sobre\\\/prefeito-de-piracicaba-espera-estudo-da-usp-para-debater-tarifa-de-onibus\\\/#article\",\"name\":\"Prefeito de Piracicaba espera estudo da USP para debater tarifa de \\u00f4nibus | Encontra Piracicaba\",\"headline\":\"Prefeito de Piracicaba espera estudo da USP para debater tarifa de \\u00f4nibus\",\"author\":{\"@id\":\"https:\\\/\\\/www.encontrapiracicaba.com.br\\\/sobre\\\/author\\\/epiracicaba\\\/#author\"},\"publisher\":{\"@id\":\"https:\\\/\\\/www.encontrapiracicaba.com.br\\\/sobre\\\/#organization\"},\"datePublished\":\"2013-02-01T01:03:03-03:00\",\"dateModified\":\"2019-04-12T16:04:53-03:00\",\"inLanguage\":\"pt-BR\",\"mainEntityOfPage\":{\"@id\":\"https:\\\/\\\/www.encontrapiracicaba.com.br\\\/sobre\\\/prefeito-de-piracicaba-espera-estudo-da-usp-para-debater-tarifa-de-onibus\\\/#webpage\"},\"isPartOf\":{\"@id\":\"https:\\\/\\\/www.encontrapiracicaba.com.br\\\/sobre\\\/prefeito-de-piracicaba-espera-estudo-da-usp-para-debater-tarifa-de-onibus\\\/#webpage\"},\"articleSection\":\"Not\\u00edcias Piracicaba\"},{\"@type\":\"BreadcrumbList\",\"@id\":\"https:\\\/\\\/www.encontrapiracicaba.com.br\\\/sobre\\\/prefeito-de-piracicaba-espera-estudo-da-usp-para-debater-tarifa-de-onibus\\\/#breadcrumblist\",\"itemListElement\":[{\"@type\":\"ListItem\",\"@id\":\"https:\\\/\\\/www.encontrapiracicaba.com.br\\\/sobre#listItem\",\"position\":1,\"name\":\"In\\u00edcio\",\"item\":\"https:\\\/\\\/www.encontrapiracicaba.com.br\\\/sobre\",\"nextItem\":{\"@type\":\"ListItem\",\"@id\":\"https:\\\/\\\/www.encontrapiracicaba.com.br\\\/sobre\\\/noticias-em-piracicaba\\\/#listItem\",\"name\":\"Not\\u00edcias Piracicaba\"}},{\"@type\":\"ListItem\",\"@id\":\"https:\\\/\\\/www.encontrapiracicaba.com.br\\\/sobre\\\/noticias-em-piracicaba\\\/#listItem\",\"position\":2,\"name\":\"Not\\u00edcias Piracicaba\",\"item\":\"https:\\\/\\\/www.encontrapiracicaba.com.br\\\/sobre\\\/noticias-em-piracicaba\\\/\",\"nextItem\":{\"@type\":\"ListItem\",\"@id\":\"https:\\\/\\\/www.encontrapiracicaba.com.br\\\/sobre\\\/prefeito-de-piracicaba-espera-estudo-da-usp-para-debater-tarifa-de-onibus\\\/#listItem\",\"name\":\"Prefeito de Piracicaba espera estudo da USP para debater tarifa de \\u00f4nibus\"},\"previousItem\":{\"@type\":\"ListItem\",\"@id\":\"https:\\\/\\\/www.encontrapiracicaba.com.br\\\/sobre#listItem\",\"name\":\"In\\u00edcio\"}},{\"@type\":\"ListItem\",\"@id\":\"https:\\\/\\\/www.encontrapiracicaba.com.br\\\/sobre\\\/prefeito-de-piracicaba-espera-estudo-da-usp-para-debater-tarifa-de-onibus\\\/#listItem\",\"position\":3,\"name\":\"Prefeito de Piracicaba espera estudo da USP para debater tarifa de \\u00f4nibus\",\"previousItem\":{\"@type\":\"ListItem\",\"@id\":\"https:\\\/\\\/www.encontrapiracicaba.com.br\\\/sobre\\\/noticias-em-piracicaba\\\/#listItem\",\"name\":\"Not\\u00edcias Piracicaba\"}}]},{\"@type\":\"Organization\",\"@id\":\"https:\\\/\\\/www.encontrapiracicaba.com.br\\\/sobre\\\/#organization\",\"name\":\"Encontra Piracicaba\",\"description\":\"Not\\u00edcias, eventos, informa\\u00e7\\u00f5es e dicas na cidade de Piracicaba e regi\\u00e3o\",\"url\":\"https:\\\/\\\/www.encontrapiracicaba.com.br\\\/sobre\\\/\"},{\"@type\":\"Person\",\"@id\":\"https:\\\/\\\/www.encontrapiracicaba.com.br\\\/sobre\\\/author\\\/epiracicaba\\\/#author\",\"url\":\"https:\\\/\\\/www.encontrapiracicaba.com.br\\\/sobre\\\/author\\\/epiracicaba\\\/\",\"name\":\"Encontra Piracicaba\",\"image\":{\"@type\":\"ImageObject\",\"@id\":\"https:\\\/\\\/www.encontrapiracicaba.com.br\\\/sobre\\\/prefeito-de-piracicaba-espera-estudo-da-usp-para-debater-tarifa-de-onibus\\\/#authorImage\",\"url\":\"https:\\\/\\\/secure.gravatar.com\\\/avatar\\\/507340682b8270222e1f208e23198b6ae7e2c6a1033ae84e99bc6bce4f82a387?s=96&d=mm&r=g\",\"width\":96,\"height\":96,\"caption\":\"Encontra Piracicaba\"}},{\"@type\":\"WebPage\",\"@id\":\"https:\\\/\\\/www.encontrapiracicaba.com.br\\\/sobre\\\/prefeito-de-piracicaba-espera-estudo-da-usp-para-debater-tarifa-de-onibus\\\/#webpage\",\"url\":\"https:\\\/\\\/www.encontrapiracicaba.com.br\\\/sobre\\\/prefeito-de-piracicaba-espera-estudo-da-usp-para-debater-tarifa-de-onibus\\\/\",\"name\":\"Prefeito de Piracicaba espera estudo da USP para debater tarifa de \\u00f4nibus | Encontra Piracicaba\",\"inLanguage\":\"pt-BR\",\"isPartOf\":{\"@id\":\"https:\\\/\\\/www.encontrapiracicaba.com.br\\\/sobre\\\/#website\"},\"breadcrumb\":{\"@id\":\"https:\\\/\\\/www.encontrapiracicaba.com.br\\\/sobre\\\/prefeito-de-piracicaba-espera-estudo-da-usp-para-debater-tarifa-de-onibus\\\/#breadcrumblist\"},\"author\":{\"@id\":\"https:\\\/\\\/www.encontrapiracicaba.com.br\\\/sobre\\\/author\\\/epiracicaba\\\/#author\"},\"creator\":{\"@id\":\"https:\\\/\\\/www.encontrapiracicaba.com.br\\\/sobre\\\/author\\\/epiracicaba\\\/#author\"},\"datePublished\":\"2013-02-01T01:03:03-03:00\",\"dateModified\":\"2019-04-12T16:04:53-03:00\"},{\"@type\":\"WebSite\",\"@id\":\"https:\\\/\\\/www.encontrapiracicaba.com.br\\\/sobre\\\/#website\",\"url\":\"https:\\\/\\\/www.encontrapiracicaba.com.br\\\/sobre\\\/\",\"name\":\"Encontra Piracicaba\",\"description\":\"Not\\u00edcias, eventos, informa\\u00e7\\u00f5es e dicas na cidade de Piracicaba e regi\\u00e3o\",\"inLanguage\":\"pt-BR\",\"publisher\":{\"@id\":\"https:\\\/\\\/www.encontrapiracicaba.com.br\\\/sobre\\\/#organization\"}}]}\n\t\t<\/script>\n\t\t<!-- All in One SEO -->\n\n","aioseo_head_json":{"title":"Prefeito de Piracicaba espera estudo da USP para debater tarifa de \u00f4nibus | Encontra Piracicaba","description":"","canonical_url":"https:\/\/www.encontrapiracicaba.com.br\/sobre\/prefeito-de-piracicaba-espera-estudo-da-usp-para-debater-tarifa-de-onibus\/","robots":"max-image-preview:large","keywords":"","webmasterTools":{"miscellaneous":""},"schema":{"@context":"https:\/\/schema.org","@graph":[{"@type":"Article","@id":"https:\/\/www.encontrapiracicaba.com.br\/sobre\/prefeito-de-piracicaba-espera-estudo-da-usp-para-debater-tarifa-de-onibus\/#article","name":"Prefeito de Piracicaba espera estudo da USP para debater tarifa de \u00f4nibus | Encontra Piracicaba","headline":"Prefeito de Piracicaba espera estudo da USP para debater tarifa de \u00f4nibus","author":{"@id":"https:\/\/www.encontrapiracicaba.com.br\/sobre\/author\/epiracicaba\/#author"},"publisher":{"@id":"https:\/\/www.encontrapiracicaba.com.br\/sobre\/#organization"},"datePublished":"2013-02-01T01:03:03-03:00","dateModified":"2019-04-12T16:04:53-03:00","inLanguage":"pt-BR","mainEntityOfPage":{"@id":"https:\/\/www.encontrapiracicaba.com.br\/sobre\/prefeito-de-piracicaba-espera-estudo-da-usp-para-debater-tarifa-de-onibus\/#webpage"},"isPartOf":{"@id":"https:\/\/www.encontrapiracicaba.com.br\/sobre\/prefeito-de-piracicaba-espera-estudo-da-usp-para-debater-tarifa-de-onibus\/#webpage"},"articleSection":"Not\u00edcias Piracicaba"},{"@type":"BreadcrumbList","@id":"https:\/\/www.encontrapiracicaba.com.br\/sobre\/prefeito-de-piracicaba-espera-estudo-da-usp-para-debater-tarifa-de-onibus\/#breadcrumblist","itemListElement":[{"@type":"ListItem","@id":"https:\/\/www.encontrapiracicaba.com.br\/sobre#listItem","position":1,"name":"In\u00edcio","item":"https:\/\/www.encontrapiracicaba.com.br\/sobre","nextItem":{"@type":"ListItem","@id":"https:\/\/www.encontrapiracicaba.com.br\/sobre\/noticias-em-piracicaba\/#listItem","name":"Not\u00edcias Piracicaba"}},{"@type":"ListItem","@id":"https:\/\/www.encontrapiracicaba.com.br\/sobre\/noticias-em-piracicaba\/#listItem","position":2,"name":"Not\u00edcias Piracicaba","item":"https:\/\/www.encontrapiracicaba.com.br\/sobre\/noticias-em-piracicaba\/","nextItem":{"@type":"ListItem","@id":"https:\/\/www.encontrapiracicaba.com.br\/sobre\/prefeito-de-piracicaba-espera-estudo-da-usp-para-debater-tarifa-de-onibus\/#listItem","name":"Prefeito de Piracicaba espera estudo da USP para debater tarifa de \u00f4nibus"},"previousItem":{"@type":"ListItem","@id":"https:\/\/www.encontrapiracicaba.com.br\/sobre#listItem","name":"In\u00edcio"}},{"@type":"ListItem","@id":"https:\/\/www.encontrapiracicaba.com.br\/sobre\/prefeito-de-piracicaba-espera-estudo-da-usp-para-debater-tarifa-de-onibus\/#listItem","position":3,"name":"Prefeito de Piracicaba espera estudo da USP para debater tarifa de \u00f4nibus","previousItem":{"@type":"ListItem","@id":"https:\/\/www.encontrapiracicaba.com.br\/sobre\/noticias-em-piracicaba\/#listItem","name":"Not\u00edcias Piracicaba"}}]},{"@type":"Organization","@id":"https:\/\/www.encontrapiracicaba.com.br\/sobre\/#organization","name":"Encontra Piracicaba","description":"Not\u00edcias, eventos, informa\u00e7\u00f5es e dicas na cidade de Piracicaba e regi\u00e3o","url":"https:\/\/www.encontrapiracicaba.com.br\/sobre\/"},{"@type":"Person","@id":"https:\/\/www.encontrapiracicaba.com.br\/sobre\/author\/epiracicaba\/#author","url":"https:\/\/www.encontrapiracicaba.com.br\/sobre\/author\/epiracicaba\/","name":"Encontra Piracicaba","image":{"@type":"ImageObject","@id":"https:\/\/www.encontrapiracicaba.com.br\/sobre\/prefeito-de-piracicaba-espera-estudo-da-usp-para-debater-tarifa-de-onibus\/#authorImage","url":"https:\/\/secure.gravatar.com\/avatar\/507340682b8270222e1f208e23198b6ae7e2c6a1033ae84e99bc6bce4f82a387?s=96&d=mm&r=g","width":96,"height":96,"caption":"Encontra Piracicaba"}},{"@type":"WebPage","@id":"https:\/\/www.encontrapiracicaba.com.br\/sobre\/prefeito-de-piracicaba-espera-estudo-da-usp-para-debater-tarifa-de-onibus\/#webpage","url":"https:\/\/www.encontrapiracicaba.com.br\/sobre\/prefeito-de-piracicaba-espera-estudo-da-usp-para-debater-tarifa-de-onibus\/","name":"Prefeito de Piracicaba espera estudo da USP para debater tarifa de \u00f4nibus | Encontra Piracicaba","inLanguage":"pt-BR","isPartOf":{"@id":"https:\/\/www.encontrapiracicaba.com.br\/sobre\/#website"},"breadcrumb":{"@id":"https:\/\/www.encontrapiracicaba.com.br\/sobre\/prefeito-de-piracicaba-espera-estudo-da-usp-para-debater-tarifa-de-onibus\/#breadcrumblist"},"author":{"@id":"https:\/\/www.encontrapiracicaba.com.br\/sobre\/author\/epiracicaba\/#author"},"creator":{"@id":"https:\/\/www.encontrapiracicaba.com.br\/sobre\/author\/epiracicaba\/#author"},"datePublished":"2013-02-01T01:03:03-03:00","dateModified":"2019-04-12T16:04:53-03:00"},{"@type":"WebSite","@id":"https:\/\/www.encontrapiracicaba.com.br\/sobre\/#website","url":"https:\/\/www.encontrapiracicaba.com.br\/sobre\/","name":"Encontra Piracicaba","description":"Not\u00edcias, eventos, informa\u00e7\u00f5es e dicas na cidade de Piracicaba e regi\u00e3o","inLanguage":"pt-BR","publisher":{"@id":"https:\/\/www.encontrapiracicaba.com.br\/sobre\/#organization"}}]},"og:locale":"pt_BR","og:site_name":"Encontra Piracicaba | Not\u00edcias, eventos, informa\u00e7\u00f5es e dicas na cidade de Piracicaba e regi\u00e3o","og:type":"article","og:title":"Prefeito de Piracicaba espera estudo da USP para debater tarifa de \u00f4nibus | Encontra Piracicaba","og:url":"https:\/\/www.encontrapiracicaba.com.br\/sobre\/prefeito-de-piracicaba-espera-estudo-da-usp-para-debater-tarifa-de-onibus\/","article:published_time":"2013-02-01T04:03:03+00:00","article:modified_time":"2019-04-12T19:04:53+00:00","twitter:card":"summary","twitter:title":"Prefeito de Piracicaba espera estudo da USP para debater tarifa de \u00f4nibus | Encontra Piracicaba"},"aioseo_meta_data":{"post_id":"1366","title":null,"description":null,"keywords":null,"keyphrases":null,"primary_term":null,"canonical_url":null,"og_title":null,"og_description":null,"og_object_type":"default","og_image_type":"default","og_image_url":null,"og_image_width":null,"og_image_height":null,"og_image_custom_url":null,"og_image_custom_fields":null,"og_video":null,"og_custom_url":null,"og_article_section":null,"og_article_tags":null,"twitter_use_og":false,"twitter_card":"default","twitter_image_type":"default","twitter_image_url":null,"twitter_image_custom_url":null,"twitter_image_custom_fields":null,"twitter_title":null,"twitter_description":null,"schema":{"blockGraphs":[],"customGraphs":[],"default":{"data":{"Article":[],"Course":[],"Dataset":[],"FAQPage":[],"Movie":[],"Person":[],"Product":[],"ProductReview":[],"Car":[],"Recipe":[],"Service":[],"SoftwareApplication":[],"WebPage":[]},"graphName":"Article","isEnabled":true},"graphs":[]},"schema_type":null,"schema_type_options":null,"pillar_content":false,"robots_default":true,"robots_noindex":false,"robots_noarchive":false,"robots_nosnippet":false,"robots_nofollow":false,"robots_noimageindex":false,"robots_noodp":false,"robots_notranslate":false,"robots_max_snippet":null,"robots_max_videopreview":null,"robots_max_imagepreview":"large","priority":null,"frequency":null,"local_seo":null,"breadcrumb_settings":null,"limit_modified_date":false,"ai":null,"created":"2021-08-13 20:42:11","updated":"2025-10-04 02:54:22","focus_keyword":null,"additional_keywords":null,"truseo_locale":null,"seo_analyzer_scan_date":null},"aioseo_breadcrumb":"<div class=\"aioseo-breadcrumbs\"><span class=\"aioseo-breadcrumb\">\n\t\t\t<a href=\"https:\/\/www.encontrapiracicaba.com.br\/sobre\" title=\"In\u00edcio\">In\u00edcio<\/a>\n\t\t<\/span><span class=\"aioseo-breadcrumb-separator\">&raquo;<\/span><span class=\"aioseo-breadcrumb\">\n\t\t\t<a href=\"https:\/\/www.encontrapiracicaba.com.br\/sobre\/noticias-em-piracicaba\/\" title=\"Not\u00edcias Piracicaba\">Not\u00edcias Piracicaba<\/a>\n\t\t<\/span><span class=\"aioseo-breadcrumb-separator\">&raquo;<\/span><span class=\"aioseo-breadcrumb\">\n\t\t\tPrefeito de Piracicaba espera estudo da USP para debater tarifa de \u00f4nibus\n\t\t<\/span><\/div>","aioseo_breadcrumb_json":[{"label":"In\u00edcio","link":"https:\/\/www.encontrapiracicaba.com.br\/sobre"},{"label":"Not\u00edcias Piracicaba","link":"https:\/\/www.encontrapiracicaba.com.br\/sobre\/noticias-em-piracicaba\/"},{"label":"Prefeito de Piracicaba espera estudo da USP para debater tarifa de \u00f4nibus","link":"https:\/\/www.encontrapiracicaba.com.br\/sobre\/prefeito-de-piracicaba-espera-estudo-da-usp-para-debater-tarifa-de-onibus\/"}],"_links":{"self":[{"href":"https:\/\/www.encontrapiracicaba.com.br\/sobre\/wp-json\/wp\/v2\/posts\/1366","targetHints":{"allow":["GET"]}}],"collection":[{"href":"https:\/\/www.encontrapiracicaba.com.br\/sobre\/wp-json\/wp\/v2\/posts"}],"about":[{"href":"https:\/\/www.encontrapiracicaba.com.br\/sobre\/wp-json\/wp\/v2\/types\/post"}],"author":[{"embeddable":true,"href":"https:\/\/www.encontrapiracicaba.com.br\/sobre\/wp-json\/wp\/v2\/users\/1"}],"replies":[{"embeddable":true,"href":"https:\/\/www.encontrapiracicaba.com.br\/sobre\/wp-json\/wp\/v2\/comments?post=1366"}],"version-history":[{"count":4,"href":"https:\/\/www.encontrapiracicaba.com.br\/sobre\/wp-json\/wp\/v2\/posts\/1366\/revisions"}],"predecessor-version":[{"id":2396,"href":"https:\/\/www.encontrapiracicaba.com.br\/sobre\/wp-json\/wp\/v2\/posts\/1366\/revisions\/2396"}],"wp:attachment":[{"href":"https:\/\/www.encontrapiracicaba.com.br\/sobre\/wp-json\/wp\/v2\/media?parent=1366"}],"wp:term":[{"taxonomy":"category","embeddable":true,"href":"https:\/\/www.encontrapiracicaba.com.br\/sobre\/wp-json\/wp\/v2\/categories?post=1366"},{"taxonomy":"post_tag","embeddable":true,"href":"https:\/\/www.encontrapiracicaba.com.br\/sobre\/wp-json\/wp\/v2\/tags?post=1366"}],"curies":[{"name":"wp","href":"https:\/\/api.w.org\/{rel}","templated":true}]}}