{"id":1378,"date":"2013-02-08T09:01:51","date_gmt":"2013-02-08T12:01:51","guid":{"rendered":"http:\/\/www.encontrapiracicaba.com.br\/noticias\/?p=1378"},"modified":"2019-04-12T16:04:53","modified_gmt":"2019-04-12T19:04:53","slug":"piracicaba-tem-horario-especial-de-onibus-para-o-carnaval-de-rua-2013","status":"publish","type":"post","link":"https:\/\/www.encontrapiracicaba.com.br\/sobre\/piracicaba-tem-horario-especial-de-onibus-para-o-carnaval-de-rua-2013\/","title":{"rendered":"Piracicaba tem hor\u00e1rio especial de \u00f4nibus para o carnaval de rua 2013"},"content":{"rendered":"<div class=\"85df007ed5c0c4d4b453fd13a37855e8\" data-index=\"1\" style=\"float: none; margin:0px;\">\n<!-- Anuncio display - global -->\r\n<ins class=\"adsbygoogle\"\r\n     style=\"display:block\"\r\n     data-ad-client=\"ca-pub-8585364105181520\"\r\n     data-ad-slot=\"8789329856\"\r\n     data-ad-format=\"auto\"\r\n     data-full-width-responsive=\"true\"><\/ins>\r\n<script>\r\n     (adsbygoogle = window.adsbygoogle || []).push({});\r\n<\/script>\n<\/div>\n<p>O transporte na cidade de Piracicaba seguir\u00e1 programa\u00e7\u00e3o diferenciada durante o carnaval 2013. Os hor\u00e1rios especiais dos \u00f4nibus foram elaborados, segundo a Prefeitura de Piracicaba, tamb\u00e9m para atender a popula\u00e7\u00e3o durante o desfile oficial das escolas de samba, previsto para ocorrer entre 17h de s\u00e1bado (9) e 4h de domingo (10).<\/p>\n<p>De acordo com a Secretaria Municipal de Tr\u00e2nsito e Transportes (Semuttran), o sistema vai funcionar de s\u00e1bado at\u00e9 segunda-feira (11) com os hor\u00e1rios normais para esses dias. J\u00e1 na ter\u00e7a-feira (12) os \u00f4nibus seguir\u00e3o hor\u00e1rios de domingo. Os \u00f4nibus voltam ao esquema regular na quarta-feira (13).<\/p>\n<p>J\u00e1 o atendimento do Cart\u00e3o TIP (Transporte Integrado de Piracicaba) funciona normalmente no s\u00e1bado e na segunda, mas fecha na ter\u00e7a e s\u00f3 funciona at\u00e9 as 12h na quarta.<\/p>\n<p>No per\u00edodo, das 15h \u00e0s 24h, tamb\u00e9m foi definida altera\u00e7\u00e3o dos trajetos dos ve\u00edculos que operam no Terminal Central Integra\u00e7\u00e3o (TCI), nas linhas com sentido \u00e0 Vila Rezende, \u00e0 <a title=\"Avenida Independ\u00eancia\" href=\"http:\/\/www.encontrasp.com.br\/piracicaba-centro\/guia-de-ruas\/avenida-independencia.html\" target=\"_blank\">Avenida Independ\u00eancia<\/a> e \u00e0 Catedral (pela Rua XV de Novembro), por exemplo.<\/p>\n<p>Nos dias de carnaval tamb\u00e9m entrar\u00e3o em opera\u00e7\u00e3o 20 linhas especiais em sistema de lota\u00e7\u00e3o, a partir da 0h20. Mais informa\u00e7\u00f5es e detalhes de hor\u00e1rios e linhas por meio dos telefones (19) 3417-1601 e (19) 3417-1617.<\/p>\n<p><em>Fonte: G1<\/em><\/p>\n\n<div style=\"font-size: 0px; height: 0px; line-height: 0px; margin: 0; padding: 0; clear: both;\"><\/div>","protected":false},"excerpt":{"rendered":"<p>O transporte na cidade de Piracicaba seguir\u00e1 programa\u00e7\u00e3o diferenciada durante o carnaval 2013. Os hor\u00e1rios especiais dos \u00f4nibus foram elaborados, segundo a Prefeitura de Piracicaba, tamb\u00e9m para atender a popula\u00e7\u00e3o durante o desfile oficial das escolas de samba, previsto para ocorrer entre 17h de s\u00e1bado (9) e 4h de domingo (10). De acordo com a Secretaria Municipal de Tr\u00e2nsito e Transportes (Semuttran), o sistema vai funcionar de s\u00e1bado at\u00e9 segunda-feira (11) com os hor\u00e1rios normais para esses dias. J\u00e1 na ter\u00e7a-feira (12) os \u00f4nibus seguir\u00e3o hor\u00e1rios de domingo. Os \u00f4nibus voltam ao esquema regular na quarta-feira (13). J\u00e1 o atendimento <\/p>\n","protected":false},"author":1,"featured_media":0,"comment_status":"open","ping_status":"closed","sticky":false,"template":"","format":"standard","meta":{"footnotes":""},"categories":[6],"tags":[],"class_list":["post-1378","post","type-post","status-publish","format-standard","hentry","category-noticias-em-piracicaba"],"aioseo_notices":[],"aioseo_head":"\n\t\t<!-- All in One SEO 5.0.0.1 - aioseo.com -->\n\t<meta name=\"robots\" content=\"max-image-preview:large\" \/>\n\t<meta name=\"author\" content=\"Encontra Piracicaba\"\/>\n\t<link rel=\"canonical\" href=\"https:\/\/www.encontrapiracicaba.com.br\/sobre\/piracicaba-tem-horario-especial-de-onibus-para-o-carnaval-de-rua-2013\/\" \/>\n\t<meta name=\"generator\" content=\"All in One SEO (AIOSEO) 5.0.0.1\" \/>\n\t\t<meta property=\"og:locale\" content=\"pt_BR\" \/>\n\t\t<meta property=\"og:site_name\" content=\"Encontra Piracicaba | Not\u00edcias, eventos, informa\u00e7\u00f5es e dicas na cidade de Piracicaba e regi\u00e3o\" \/>\n\t\t<meta property=\"og:type\" content=\"article\" \/>\n\t\t<meta property=\"og:title\" content=\"Piracicaba tem hor\u00e1rio especial de \u00f4nibus para o carnaval de rua 2013 | Encontra Piracicaba\" \/>\n\t\t<meta property=\"og:url\" content=\"https:\/\/www.encontrapiracicaba.com.br\/sobre\/piracicaba-tem-horario-especial-de-onibus-para-o-carnaval-de-rua-2013\/\" \/>\n\t\t<meta property=\"article:published_time\" content=\"2013-02-08T12:01:51+00:00\" \/>\n\t\t<meta property=\"article:modified_time\" content=\"2019-04-12T19:04:53+00:00\" \/>\n\t\t<meta name=\"twitter:card\" content=\"summary\" \/>\n\t\t<meta name=\"twitter:title\" content=\"Piracicaba tem hor\u00e1rio especial de \u00f4nibus para o carnaval de rua 2013 | Encontra Piracicaba\" \/>\n\t\t<script type=\"application\/ld+json\" class=\"aioseo-schema\">\n\t\t\t{\"@context\":\"https:\\\/\\\/schema.org\",\"@graph\":[{\"@type\":\"Article\",\"@id\":\"https:\\\/\\\/www.encontrapiracicaba.com.br\\\/sobre\\\/piracicaba-tem-horario-especial-de-onibus-para-o-carnaval-de-rua-2013\\\/#article\",\"name\":\"Piracicaba tem hor\\u00e1rio especial de \\u00f4nibus para o carnaval de rua 2013 | Encontra Piracicaba\",\"headline\":\"Piracicaba tem hor\\u00e1rio especial de \\u00f4nibus para o carnaval de rua 2013\",\"author\":{\"@id\":\"https:\\\/\\\/www.encontrapiracicaba.com.br\\\/sobre\\\/author\\\/epiracicaba\\\/#author\"},\"publisher\":{\"@id\":\"https:\\\/\\\/www.encontrapiracicaba.com.br\\\/sobre\\\/#organization\"},\"datePublished\":\"2013-02-08T09:01:51-03:00\",\"dateModified\":\"2019-04-12T16:04:53-03:00\",\"inLanguage\":\"pt-BR\",\"mainEntityOfPage\":{\"@id\":\"https:\\\/\\\/www.encontrapiracicaba.com.br\\\/sobre\\\/piracicaba-tem-horario-especial-de-onibus-para-o-carnaval-de-rua-2013\\\/#webpage\"},\"isPartOf\":{\"@id\":\"https:\\\/\\\/www.encontrapiracicaba.com.br\\\/sobre\\\/piracicaba-tem-horario-especial-de-onibus-para-o-carnaval-de-rua-2013\\\/#webpage\"},\"articleSection\":\"Not\\u00edcias Piracicaba\"},{\"@type\":\"BreadcrumbList\",\"@id\":\"https:\\\/\\\/www.encontrapiracicaba.com.br\\\/sobre\\\/piracicaba-tem-horario-especial-de-onibus-para-o-carnaval-de-rua-2013\\\/#breadcrumblist\",\"itemListElement\":[{\"@type\":\"ListItem\",\"@id\":\"https:\\\/\\\/www.encontrapiracicaba.com.br\\\/sobre#listItem\",\"position\":1,\"name\":\"In\\u00edcio\",\"item\":\"https:\\\/\\\/www.encontrapiracicaba.com.br\\\/sobre\",\"nextItem\":{\"@type\":\"ListItem\",\"@id\":\"https:\\\/\\\/www.encontrapiracicaba.com.br\\\/sobre\\\/noticias-em-piracicaba\\\/#listItem\",\"name\":\"Not\\u00edcias Piracicaba\"}},{\"@type\":\"ListItem\",\"@id\":\"https:\\\/\\\/www.encontrapiracicaba.com.br\\\/sobre\\\/noticias-em-piracicaba\\\/#listItem\",\"position\":2,\"name\":\"Not\\u00edcias Piracicaba\",\"item\":\"https:\\\/\\\/www.encontrapiracicaba.com.br\\\/sobre\\\/noticias-em-piracicaba\\\/\",\"nextItem\":{\"@type\":\"ListItem\",\"@id\":\"https:\\\/\\\/www.encontrapiracicaba.com.br\\\/sobre\\\/piracicaba-tem-horario-especial-de-onibus-para-o-carnaval-de-rua-2013\\\/#listItem\",\"name\":\"Piracicaba tem hor\\u00e1rio especial de \\u00f4nibus para o carnaval de rua 2013\"},\"previousItem\":{\"@type\":\"ListItem\",\"@id\":\"https:\\\/\\\/www.encontrapiracicaba.com.br\\\/sobre#listItem\",\"name\":\"In\\u00edcio\"}},{\"@type\":\"ListItem\",\"@id\":\"https:\\\/\\\/www.encontrapiracicaba.com.br\\\/sobre\\\/piracicaba-tem-horario-especial-de-onibus-para-o-carnaval-de-rua-2013\\\/#listItem\",\"position\":3,\"name\":\"Piracicaba tem hor\\u00e1rio especial de \\u00f4nibus para o carnaval de rua 2013\",\"previousItem\":{\"@type\":\"ListItem\",\"@id\":\"https:\\\/\\\/www.encontrapiracicaba.com.br\\\/sobre\\\/noticias-em-piracicaba\\\/#listItem\",\"name\":\"Not\\u00edcias Piracicaba\"}}]},{\"@type\":\"Organization\",\"@id\":\"https:\\\/\\\/www.encontrapiracicaba.com.br\\\/sobre\\\/#organization\",\"name\":\"Encontra Piracicaba\",\"description\":\"Not\\u00edcias, eventos, informa\\u00e7\\u00f5es e dicas na cidade de Piracicaba e regi\\u00e3o\",\"url\":\"https:\\\/\\\/www.encontrapiracicaba.com.br\\\/sobre\\\/\"},{\"@type\":\"Person\",\"@id\":\"https:\\\/\\\/www.encontrapiracicaba.com.br\\\/sobre\\\/author\\\/epiracicaba\\\/#author\",\"url\":\"https:\\\/\\\/www.encontrapiracicaba.com.br\\\/sobre\\\/author\\\/epiracicaba\\\/\",\"name\":\"Encontra Piracicaba\",\"image\":{\"@type\":\"ImageObject\",\"@id\":\"https:\\\/\\\/www.encontrapiracicaba.com.br\\\/sobre\\\/piracicaba-tem-horario-especial-de-onibus-para-o-carnaval-de-rua-2013\\\/#authorImage\",\"url\":\"https:\\\/\\\/secure.gravatar.com\\\/avatar\\\/507340682b8270222e1f208e23198b6ae7e2c6a1033ae84e99bc6bce4f82a387?s=96&d=mm&r=g\",\"width\":96,\"height\":96,\"caption\":\"Encontra Piracicaba\"}},{\"@type\":\"WebPage\",\"@id\":\"https:\\\/\\\/www.encontrapiracicaba.com.br\\\/sobre\\\/piracicaba-tem-horario-especial-de-onibus-para-o-carnaval-de-rua-2013\\\/#webpage\",\"url\":\"https:\\\/\\\/www.encontrapiracicaba.com.br\\\/sobre\\\/piracicaba-tem-horario-especial-de-onibus-para-o-carnaval-de-rua-2013\\\/\",\"name\":\"Piracicaba tem hor\\u00e1rio especial de \\u00f4nibus para o carnaval de rua 2013 | Encontra Piracicaba\",\"inLanguage\":\"pt-BR\",\"isPartOf\":{\"@id\":\"https:\\\/\\\/www.encontrapiracicaba.com.br\\\/sobre\\\/#website\"},\"breadcrumb\":{\"@id\":\"https:\\\/\\\/www.encontrapiracicaba.com.br\\\/sobre\\\/piracicaba-tem-horario-especial-de-onibus-para-o-carnaval-de-rua-2013\\\/#breadcrumblist\"},\"author\":{\"@id\":\"https:\\\/\\\/www.encontrapiracicaba.com.br\\\/sobre\\\/author\\\/epiracicaba\\\/#author\"},\"creator\":{\"@id\":\"https:\\\/\\\/www.encontrapiracicaba.com.br\\\/sobre\\\/author\\\/epiracicaba\\\/#author\"},\"datePublished\":\"2013-02-08T09:01:51-03:00\",\"dateModified\":\"2019-04-12T16:04:53-03:00\"},{\"@type\":\"WebSite\",\"@id\":\"https:\\\/\\\/www.encontrapiracicaba.com.br\\\/sobre\\\/#website\",\"url\":\"https:\\\/\\\/www.encontrapiracicaba.com.br\\\/sobre\\\/\",\"name\":\"Encontra Piracicaba\",\"description\":\"Not\\u00edcias, eventos, informa\\u00e7\\u00f5es e dicas na cidade de Piracicaba e regi\\u00e3o\",\"inLanguage\":\"pt-BR\",\"publisher\":{\"@id\":\"https:\\\/\\\/www.encontrapiracicaba.com.br\\\/sobre\\\/#organization\"}}]}\n\t\t<\/script>\n\t\t<!-- All in One SEO -->\n\n","aioseo_head_json":{"title":"Piracicaba tem hor\u00e1rio especial de \u00f4nibus para o carnaval de rua 2013 | Encontra Piracicaba","description":"","canonical_url":"https:\/\/www.encontrapiracicaba.com.br\/sobre\/piracicaba-tem-horario-especial-de-onibus-para-o-carnaval-de-rua-2013\/","robots":"max-image-preview:large","keywords":"","webmasterTools":{"miscellaneous":""},"schema":{"@context":"https:\/\/schema.org","@graph":[{"@type":"Article","@id":"https:\/\/www.encontrapiracicaba.com.br\/sobre\/piracicaba-tem-horario-especial-de-onibus-para-o-carnaval-de-rua-2013\/#article","name":"Piracicaba tem hor\u00e1rio especial de \u00f4nibus para o carnaval de rua 2013 | Encontra Piracicaba","headline":"Piracicaba tem hor\u00e1rio especial de \u00f4nibus para o carnaval de rua 2013","author":{"@id":"https:\/\/www.encontrapiracicaba.com.br\/sobre\/author\/epiracicaba\/#author"},"publisher":{"@id":"https:\/\/www.encontrapiracicaba.com.br\/sobre\/#organization"},"datePublished":"2013-02-08T09:01:51-03:00","dateModified":"2019-04-12T16:04:53-03:00","inLanguage":"pt-BR","mainEntityOfPage":{"@id":"https:\/\/www.encontrapiracicaba.com.br\/sobre\/piracicaba-tem-horario-especial-de-onibus-para-o-carnaval-de-rua-2013\/#webpage"},"isPartOf":{"@id":"https:\/\/www.encontrapiracicaba.com.br\/sobre\/piracicaba-tem-horario-especial-de-onibus-para-o-carnaval-de-rua-2013\/#webpage"},"articleSection":"Not\u00edcias Piracicaba"},{"@type":"BreadcrumbList","@id":"https:\/\/www.encontrapiracicaba.com.br\/sobre\/piracicaba-tem-horario-especial-de-onibus-para-o-carnaval-de-rua-2013\/#breadcrumblist","itemListElement":[{"@type":"ListItem","@id":"https:\/\/www.encontrapiracicaba.com.br\/sobre#listItem","position":1,"name":"In\u00edcio","item":"https:\/\/www.encontrapiracicaba.com.br\/sobre","nextItem":{"@type":"ListItem","@id":"https:\/\/www.encontrapiracicaba.com.br\/sobre\/noticias-em-piracicaba\/#listItem","name":"Not\u00edcias Piracicaba"}},{"@type":"ListItem","@id":"https:\/\/www.encontrapiracicaba.com.br\/sobre\/noticias-em-piracicaba\/#listItem","position":2,"name":"Not\u00edcias Piracicaba","item":"https:\/\/www.encontrapiracicaba.com.br\/sobre\/noticias-em-piracicaba\/","nextItem":{"@type":"ListItem","@id":"https:\/\/www.encontrapiracicaba.com.br\/sobre\/piracicaba-tem-horario-especial-de-onibus-para-o-carnaval-de-rua-2013\/#listItem","name":"Piracicaba tem hor\u00e1rio especial de \u00f4nibus para o carnaval de rua 2013"},"previousItem":{"@type":"ListItem","@id":"https:\/\/www.encontrapiracicaba.com.br\/sobre#listItem","name":"In\u00edcio"}},{"@type":"ListItem","@id":"https:\/\/www.encontrapiracicaba.com.br\/sobre\/piracicaba-tem-horario-especial-de-onibus-para-o-carnaval-de-rua-2013\/#listItem","position":3,"name":"Piracicaba tem hor\u00e1rio especial de \u00f4nibus para o carnaval de rua 2013","previousItem":{"@type":"ListItem","@id":"https:\/\/www.encontrapiracicaba.com.br\/sobre\/noticias-em-piracicaba\/#listItem","name":"Not\u00edcias Piracicaba"}}]},{"@type":"Organization","@id":"https:\/\/www.encontrapiracicaba.com.br\/sobre\/#organization","name":"Encontra Piracicaba","description":"Not\u00edcias, eventos, informa\u00e7\u00f5es e dicas na cidade de Piracicaba e regi\u00e3o","url":"https:\/\/www.encontrapiracicaba.com.br\/sobre\/"},{"@type":"Person","@id":"https:\/\/www.encontrapiracicaba.com.br\/sobre\/author\/epiracicaba\/#author","url":"https:\/\/www.encontrapiracicaba.com.br\/sobre\/author\/epiracicaba\/","name":"Encontra Piracicaba","image":{"@type":"ImageObject","@id":"https:\/\/www.encontrapiracicaba.com.br\/sobre\/piracicaba-tem-horario-especial-de-onibus-para-o-carnaval-de-rua-2013\/#authorImage","url":"https:\/\/secure.gravatar.com\/avatar\/507340682b8270222e1f208e23198b6ae7e2c6a1033ae84e99bc6bce4f82a387?s=96&d=mm&r=g","width":96,"height":96,"caption":"Encontra Piracicaba"}},{"@type":"WebPage","@id":"https:\/\/www.encontrapiracicaba.com.br\/sobre\/piracicaba-tem-horario-especial-de-onibus-para-o-carnaval-de-rua-2013\/#webpage","url":"https:\/\/www.encontrapiracicaba.com.br\/sobre\/piracicaba-tem-horario-especial-de-onibus-para-o-carnaval-de-rua-2013\/","name":"Piracicaba tem hor\u00e1rio especial de \u00f4nibus para o carnaval de rua 2013 | Encontra Piracicaba","inLanguage":"pt-BR","isPartOf":{"@id":"https:\/\/www.encontrapiracicaba.com.br\/sobre\/#website"},"breadcrumb":{"@id":"https:\/\/www.encontrapiracicaba.com.br\/sobre\/piracicaba-tem-horario-especial-de-onibus-para-o-carnaval-de-rua-2013\/#breadcrumblist"},"author":{"@id":"https:\/\/www.encontrapiracicaba.com.br\/sobre\/author\/epiracicaba\/#author"},"creator":{"@id":"https:\/\/www.encontrapiracicaba.com.br\/sobre\/author\/epiracicaba\/#author"},"datePublished":"2013-02-08T09:01:51-03:00","dateModified":"2019-04-12T16:04:53-03:00"},{"@type":"WebSite","@id":"https:\/\/www.encontrapiracicaba.com.br\/sobre\/#website","url":"https:\/\/www.encontrapiracicaba.com.br\/sobre\/","name":"Encontra Piracicaba","description":"Not\u00edcias, eventos, informa\u00e7\u00f5es e dicas na cidade de Piracicaba e regi\u00e3o","inLanguage":"pt-BR","publisher":{"@id":"https:\/\/www.encontrapiracicaba.com.br\/sobre\/#organization"}}]},"og:locale":"pt_BR","og:site_name":"Encontra Piracicaba | Not\u00edcias, eventos, informa\u00e7\u00f5es e dicas na cidade de Piracicaba e regi\u00e3o","og:type":"article","og:title":"Piracicaba tem hor\u00e1rio especial de \u00f4nibus para o carnaval de rua 2013 | Encontra Piracicaba","og:url":"https:\/\/www.encontrapiracicaba.com.br\/sobre\/piracicaba-tem-horario-especial-de-onibus-para-o-carnaval-de-rua-2013\/","article:published_time":"2013-02-08T12:01:51+00:00","article:modified_time":"2019-04-12T19:04:53+00:00","twitter:card":"summary","twitter:title":"Piracicaba tem hor\u00e1rio especial de \u00f4nibus para o carnaval de rua 2013 | Encontra Piracicaba"},"aioseo_meta_data":{"post_id":"1378","title":null,"description":null,"keywords":null,"keyphrases":null,"primary_term":null,"canonical_url":null,"og_title":null,"og_description":null,"og_object_type":"default","og_image_type":"default","og_image_url":null,"og_image_width":null,"og_image_height":null,"og_image_custom_url":null,"og_image_custom_fields":null,"og_video":null,"og_custom_url":null,"og_article_section":null,"og_article_tags":null,"twitter_use_og":false,"twitter_card":"default","twitter_image_type":"default","twitter_image_url":null,"twitter_image_custom_url":null,"twitter_image_custom_fields":null,"twitter_title":null,"twitter_description":null,"schema":{"blockGraphs":[],"customGraphs":[],"default":{"data":{"Article":[],"Course":[],"Dataset":[],"FAQPage":[],"Movie":[],"Person":[],"Product":[],"ProductReview":[],"Car":[],"Recipe":[],"Service":[],"SoftwareApplication":[],"WebPage":[]},"graphName":"Article","isEnabled":true},"graphs":[]},"schema_type":null,"schema_type_options":null,"pillar_content":false,"robots_default":true,"robots_noindex":false,"robots_noarchive":false,"robots_nosnippet":false,"robots_nofollow":false,"robots_noimageindex":false,"robots_noodp":false,"robots_notranslate":false,"robots_max_snippet":null,"robots_max_videopreview":null,"robots_max_imagepreview":"large","priority":null,"frequency":null,"local_seo":null,"breadcrumb_settings":null,"limit_modified_date":false,"ai":null,"created":"2021-08-13 20:42:11","updated":"2025-10-04 02:54:22","focus_keyword":null,"additional_keywords":null,"truseo_locale":null,"seo_analyzer_scan_date":null},"aioseo_breadcrumb":"<div class=\"aioseo-breadcrumbs\"><span class=\"aioseo-breadcrumb\">\n\t\t\t<a href=\"https:\/\/www.encontrapiracicaba.com.br\/sobre\" title=\"In\u00edcio\">In\u00edcio<\/a>\n\t\t<\/span><span class=\"aioseo-breadcrumb-separator\">&raquo;<\/span><span class=\"aioseo-breadcrumb\">\n\t\t\t<a href=\"https:\/\/www.encontrapiracicaba.com.br\/sobre\/noticias-em-piracicaba\/\" title=\"Not\u00edcias Piracicaba\">Not\u00edcias Piracicaba<\/a>\n\t\t<\/span><span class=\"aioseo-breadcrumb-separator\">&raquo;<\/span><span class=\"aioseo-breadcrumb\">\n\t\t\tPiracicaba tem hor\u00e1rio especial de \u00f4nibus para o carnaval de rua 2013\n\t\t<\/span><\/div>","aioseo_breadcrumb_json":[{"label":"In\u00edcio","link":"https:\/\/www.encontrapiracicaba.com.br\/sobre"},{"label":"Not\u00edcias Piracicaba","link":"https:\/\/www.encontrapiracicaba.com.br\/sobre\/noticias-em-piracicaba\/"},{"label":"Piracicaba tem hor\u00e1rio especial de \u00f4nibus para o carnaval de rua 2013","link":"https:\/\/www.encontrapiracicaba.com.br\/sobre\/piracicaba-tem-horario-especial-de-onibus-para-o-carnaval-de-rua-2013\/"}],"_links":{"self":[{"href":"https:\/\/www.encontrapiracicaba.com.br\/sobre\/wp-json\/wp\/v2\/posts\/1378","targetHints":{"allow":["GET"]}}],"collection":[{"href":"https:\/\/www.encontrapiracicaba.com.br\/sobre\/wp-json\/wp\/v2\/posts"}],"about":[{"href":"https:\/\/www.encontrapiracicaba.com.br\/sobre\/wp-json\/wp\/v2\/types\/post"}],"author":[{"embeddable":true,"href":"https:\/\/www.encontrapiracicaba.com.br\/sobre\/wp-json\/wp\/v2\/users\/1"}],"replies":[{"embeddable":true,"href":"https:\/\/www.encontrapiracicaba.com.br\/sobre\/wp-json\/wp\/v2\/comments?post=1378"}],"version-history":[{"count":3,"href":"https:\/\/www.encontrapiracicaba.com.br\/sobre\/wp-json\/wp\/v2\/posts\/1378\/revisions"}],"predecessor-version":[{"id":2364,"href":"https:\/\/www.encontrapiracicaba.com.br\/sobre\/wp-json\/wp\/v2\/posts\/1378\/revisions\/2364"}],"wp:attachment":[{"href":"https:\/\/www.encontrapiracicaba.com.br\/sobre\/wp-json\/wp\/v2\/media?parent=1378"}],"wp:term":[{"taxonomy":"category","embeddable":true,"href":"https:\/\/www.encontrapiracicaba.com.br\/sobre\/wp-json\/wp\/v2\/categories?post=1378"},{"taxonomy":"post_tag","embeddable":true,"href":"https:\/\/www.encontrapiracicaba.com.br\/sobre\/wp-json\/wp\/v2\/tags?post=1378"}],"curies":[{"name":"wp","href":"https:\/\/api.w.org\/{rel}","templated":true}]}}