{"id":1407,"date":"2013-02-22T12:06:27","date_gmt":"2013-02-22T15:06:27","guid":{"rendered":"http:\/\/www.encontrapiracicaba.com.br\/noticias\/?p=1407"},"modified":"2019-04-12T16:04:52","modified_gmt":"2019-04-12T19:04:52","slug":"base-aliada-rejeita-audiencia-publica-sobre-tarifa-de-onibus-em-piracicaba","status":"publish","type":"post","link":"https:\/\/www.encontrapiracicaba.com.br\/sobre\/base-aliada-rejeita-audiencia-publica-sobre-tarifa-de-onibus-em-piracicaba\/","title":{"rendered":"Base aliada rejeita audi\u00eancia p\u00fablica sobre tarifa de \u00f4nibus em Piracicaba"},"content":{"rendered":"<div class=\"85df007ed5c0c4d4b453fd13a37855e8\" data-index=\"1\" style=\"float: none; margin:0px;\">\n<!-- Anuncio display - global -->\r\n<ins class=\"adsbygoogle\"\r\n     style=\"display:block\"\r\n     data-ad-client=\"ca-pub-8585364105181520\"\r\n     data-ad-slot=\"8789329856\"\r\n     data-ad-format=\"auto\"\r\n     data-full-width-responsive=\"true\"><\/ins>\r\n<script>\r\n     (adsbygoogle = window.adsbygoogle || []).push({});\r\n<\/script>\n<\/div>\n<p>A base de apoio ao prefeito Gabriel Ferrato (PSDB) na C\u00e2mara Municipal de Piracicaba impediu, na noite desta quinta-feira (21), a realiza\u00e7\u00e3o de uma audi\u00eancia p\u00fablica para que a popula\u00e7\u00e3o e os vereadores discutissem com secret\u00e1rios municipais o aumento na tarifa de \u00f4nibus da cidade de Piracicaba. Foram 14 votos contr\u00e1rios e cinco favor\u00e1veis. Al\u00e9m de rejeitar o requerimento, o grupo aprovou uma reuni\u00e3o, sem o direito de participa\u00e7\u00e3o popular nas discuss\u00f5es, com o secret\u00e1rio municipal de Tr\u00e2nsito e Transportes, Jenival Dias Sampaio, para o dia 4 de mar\u00e7o a partir das 14h.<\/p>\n<p>O vereador Jos\u00e9 Ant\u00f4nio Fernandes Paiva (PT), autor do requerimento para a audi\u00eancia p\u00fablica, acusou a lideran\u00e7a do governo de quebrar um acordo firmado para a aprova\u00e7\u00e3o da proposta e criticou o formato da reuni\u00e3o. &#8220;N\u00e3o ser\u00e1 permitida a participa\u00e7\u00e3o do p\u00fablico, sem falar que o hor\u00e1rio foi marcado para afastar a popula\u00e7\u00e3o da discuss\u00e3o&#8221;, disse.<\/p>\n<p>O petista \u00e9 contra o aumento da tarifa de \u00f4nibus de R$ 2,60 para R$ 3, anunciado em 29 de dezembro pelo ex-prefeito Barjas Negri (PSDB). A passagem comprada a bordo e sem o cart\u00e3o Transporte Integrado de Piracicaba (TIP) passou a\u00a0 custar R$ 3,40 com o reajuste. Grupos contr\u00e1rios \u00e0 medida do tucano realizaram seis protestos no Terminal Central de Integra\u00e7\u00e3o (TCI), onde abriram as catracas do local.<\/p>\n<p>O vereador Jos\u00e9 Aparecido Longatto (PSDB), autor da proposta para a reuni\u00e3o fechada, defendeu a mudan\u00e7a ao argumentar que os secret\u00e1rios que seriam convocados para a audi\u00eancia p\u00fablica n\u00e3o teriam condi\u00e7\u00f5es para debater o assunto. &#8220;A reuni\u00e3o com o secret\u00e1rio de Transportes ser\u00e1 mais t\u00e9cnica e permitir\u00e1 esclarecer os motivos da Prefeitura de Piracicaba para o aumento&#8221;, afirmou.<\/p>\n<p>Gabriel Ferrato encomendou para a Universidade de S\u00e3o Paulo (USP) um parecer das planilhas de custo do sistema de transporte coletivo municipal. O prefeito aguarda a avalia\u00e7\u00e3o para se reunir com integrantes do movimento Pula Catraca, que defende a revoga\u00e7\u00e3o do reajuste da passagem e tamb\u00e9m solicitou \u00e0 Universidade Metodista de Piracicaba (Unimep) um estudo semelhante.<\/p>\n<p><em>Fonte: G1<\/em><\/p>\n\n<div style=\"font-size: 0px; height: 0px; line-height: 0px; margin: 0; padding: 0; clear: both;\"><\/div>","protected":false},"excerpt":{"rendered":"<p>A base de apoio ao prefeito Gabriel Ferrato (PSDB) na C\u00e2mara Municipal de Piracicaba impediu, na noite desta quinta-feira (21), a realiza\u00e7\u00e3o de uma audi\u00eancia p\u00fablica para que a popula\u00e7\u00e3o e os vereadores discutissem com secret\u00e1rios municipais o aumento na tarifa de \u00f4nibus da cidade de Piracicaba. Foram 14 votos contr\u00e1rios e cinco favor\u00e1veis. Al\u00e9m de rejeitar o requerimento, o grupo aprovou uma reuni\u00e3o, sem o direito de participa\u00e7\u00e3o popular nas discuss\u00f5es, com o secret\u00e1rio municipal de Tr\u00e2nsito e Transportes, Jenival Dias Sampaio, para o dia 4 de mar\u00e7o a partir das 14h. O vereador Jos\u00e9 Ant\u00f4nio Fernandes Paiva (PT), <\/p>\n","protected":false},"author":1,"featured_media":0,"comment_status":"open","ping_status":"closed","sticky":false,"template":"","format":"standard","meta":{"footnotes":""},"categories":[6],"tags":[],"class_list":["post-1407","post","type-post","status-publish","format-standard","hentry","category-noticias-em-piracicaba"],"aioseo_notices":[],"aioseo_head":"\n\t\t<!-- All in One SEO 5.0.0.1 - aioseo.com -->\n\t<meta name=\"robots\" content=\"max-image-preview:large\" \/>\n\t<meta name=\"author\" content=\"Encontra Piracicaba\"\/>\n\t<link rel=\"canonical\" href=\"https:\/\/www.encontrapiracicaba.com.br\/sobre\/base-aliada-rejeita-audiencia-publica-sobre-tarifa-de-onibus-em-piracicaba\/\" \/>\n\t<meta name=\"generator\" content=\"All in One SEO (AIOSEO) 5.0.0.1\" \/>\n\t\t<meta property=\"og:locale\" content=\"pt_BR\" \/>\n\t\t<meta property=\"og:site_name\" content=\"Encontra Piracicaba | Not\u00edcias, eventos, informa\u00e7\u00f5es e dicas na cidade de Piracicaba e regi\u00e3o\" \/>\n\t\t<meta property=\"og:type\" content=\"article\" \/>\n\t\t<meta property=\"og:title\" content=\"Base aliada rejeita audi\u00eancia p\u00fablica sobre tarifa de \u00f4nibus em Piracicaba | Encontra Piracicaba\" \/>\n\t\t<meta property=\"og:url\" content=\"https:\/\/www.encontrapiracicaba.com.br\/sobre\/base-aliada-rejeita-audiencia-publica-sobre-tarifa-de-onibus-em-piracicaba\/\" \/>\n\t\t<meta property=\"article:published_time\" content=\"2013-02-22T15:06:27+00:00\" \/>\n\t\t<meta property=\"article:modified_time\" content=\"2019-04-12T19:04:52+00:00\" \/>\n\t\t<meta name=\"twitter:card\" content=\"summary\" \/>\n\t\t<meta name=\"twitter:title\" content=\"Base aliada rejeita audi\u00eancia p\u00fablica sobre tarifa de \u00f4nibus em Piracicaba | Encontra Piracicaba\" \/>\n\t\t<script type=\"application\/ld+json\" class=\"aioseo-schema\">\n\t\t\t{\"@context\":\"https:\\\/\\\/schema.org\",\"@graph\":[{\"@type\":\"Article\",\"@id\":\"https:\\\/\\\/www.encontrapiracicaba.com.br\\\/sobre\\\/base-aliada-rejeita-audiencia-publica-sobre-tarifa-de-onibus-em-piracicaba\\\/#article\",\"name\":\"Base aliada rejeita audi\\u00eancia p\\u00fablica sobre tarifa de \\u00f4nibus em Piracicaba | Encontra Piracicaba\",\"headline\":\"Base aliada rejeita audi\\u00eancia p\\u00fablica sobre tarifa de \\u00f4nibus em Piracicaba\",\"author\":{\"@id\":\"https:\\\/\\\/www.encontrapiracicaba.com.br\\\/sobre\\\/author\\\/epiracicaba\\\/#author\"},\"publisher\":{\"@id\":\"https:\\\/\\\/www.encontrapiracicaba.com.br\\\/sobre\\\/#organization\"},\"datePublished\":\"2013-02-22T12:06:27-03:00\",\"dateModified\":\"2019-04-12T16:04:52-03:00\",\"inLanguage\":\"pt-BR\",\"mainEntityOfPage\":{\"@id\":\"https:\\\/\\\/www.encontrapiracicaba.com.br\\\/sobre\\\/base-aliada-rejeita-audiencia-publica-sobre-tarifa-de-onibus-em-piracicaba\\\/#webpage\"},\"isPartOf\":{\"@id\":\"https:\\\/\\\/www.encontrapiracicaba.com.br\\\/sobre\\\/base-aliada-rejeita-audiencia-publica-sobre-tarifa-de-onibus-em-piracicaba\\\/#webpage\"},\"articleSection\":\"Not\\u00edcias Piracicaba\"},{\"@type\":\"BreadcrumbList\",\"@id\":\"https:\\\/\\\/www.encontrapiracicaba.com.br\\\/sobre\\\/base-aliada-rejeita-audiencia-publica-sobre-tarifa-de-onibus-em-piracicaba\\\/#breadcrumblist\",\"itemListElement\":[{\"@type\":\"ListItem\",\"@id\":\"https:\\\/\\\/www.encontrapiracicaba.com.br\\\/sobre#listItem\",\"position\":1,\"name\":\"In\\u00edcio\",\"item\":\"https:\\\/\\\/www.encontrapiracicaba.com.br\\\/sobre\",\"nextItem\":{\"@type\":\"ListItem\",\"@id\":\"https:\\\/\\\/www.encontrapiracicaba.com.br\\\/sobre\\\/noticias-em-piracicaba\\\/#listItem\",\"name\":\"Not\\u00edcias Piracicaba\"}},{\"@type\":\"ListItem\",\"@id\":\"https:\\\/\\\/www.encontrapiracicaba.com.br\\\/sobre\\\/noticias-em-piracicaba\\\/#listItem\",\"position\":2,\"name\":\"Not\\u00edcias Piracicaba\",\"item\":\"https:\\\/\\\/www.encontrapiracicaba.com.br\\\/sobre\\\/noticias-em-piracicaba\\\/\",\"nextItem\":{\"@type\":\"ListItem\",\"@id\":\"https:\\\/\\\/www.encontrapiracicaba.com.br\\\/sobre\\\/base-aliada-rejeita-audiencia-publica-sobre-tarifa-de-onibus-em-piracicaba\\\/#listItem\",\"name\":\"Base aliada rejeita audi\\u00eancia p\\u00fablica sobre tarifa de \\u00f4nibus em Piracicaba\"},\"previousItem\":{\"@type\":\"ListItem\",\"@id\":\"https:\\\/\\\/www.encontrapiracicaba.com.br\\\/sobre#listItem\",\"name\":\"In\\u00edcio\"}},{\"@type\":\"ListItem\",\"@id\":\"https:\\\/\\\/www.encontrapiracicaba.com.br\\\/sobre\\\/base-aliada-rejeita-audiencia-publica-sobre-tarifa-de-onibus-em-piracicaba\\\/#listItem\",\"position\":3,\"name\":\"Base aliada rejeita audi\\u00eancia p\\u00fablica sobre tarifa de \\u00f4nibus em Piracicaba\",\"previousItem\":{\"@type\":\"ListItem\",\"@id\":\"https:\\\/\\\/www.encontrapiracicaba.com.br\\\/sobre\\\/noticias-em-piracicaba\\\/#listItem\",\"name\":\"Not\\u00edcias Piracicaba\"}}]},{\"@type\":\"Organization\",\"@id\":\"https:\\\/\\\/www.encontrapiracicaba.com.br\\\/sobre\\\/#organization\",\"name\":\"Encontra Piracicaba\",\"description\":\"Not\\u00edcias, eventos, informa\\u00e7\\u00f5es e dicas na cidade de Piracicaba e regi\\u00e3o\",\"url\":\"https:\\\/\\\/www.encontrapiracicaba.com.br\\\/sobre\\\/\"},{\"@type\":\"Person\",\"@id\":\"https:\\\/\\\/www.encontrapiracicaba.com.br\\\/sobre\\\/author\\\/epiracicaba\\\/#author\",\"url\":\"https:\\\/\\\/www.encontrapiracicaba.com.br\\\/sobre\\\/author\\\/epiracicaba\\\/\",\"name\":\"Encontra Piracicaba\",\"image\":{\"@type\":\"ImageObject\",\"@id\":\"https:\\\/\\\/www.encontrapiracicaba.com.br\\\/sobre\\\/base-aliada-rejeita-audiencia-publica-sobre-tarifa-de-onibus-em-piracicaba\\\/#authorImage\",\"url\":\"https:\\\/\\\/secure.gravatar.com\\\/avatar\\\/507340682b8270222e1f208e23198b6ae7e2c6a1033ae84e99bc6bce4f82a387?s=96&d=mm&r=g\",\"width\":96,\"height\":96,\"caption\":\"Encontra Piracicaba\"}},{\"@type\":\"WebPage\",\"@id\":\"https:\\\/\\\/www.encontrapiracicaba.com.br\\\/sobre\\\/base-aliada-rejeita-audiencia-publica-sobre-tarifa-de-onibus-em-piracicaba\\\/#webpage\",\"url\":\"https:\\\/\\\/www.encontrapiracicaba.com.br\\\/sobre\\\/base-aliada-rejeita-audiencia-publica-sobre-tarifa-de-onibus-em-piracicaba\\\/\",\"name\":\"Base aliada rejeita audi\\u00eancia p\\u00fablica sobre tarifa de \\u00f4nibus em Piracicaba | Encontra Piracicaba\",\"inLanguage\":\"pt-BR\",\"isPartOf\":{\"@id\":\"https:\\\/\\\/www.encontrapiracicaba.com.br\\\/sobre\\\/#website\"},\"breadcrumb\":{\"@id\":\"https:\\\/\\\/www.encontrapiracicaba.com.br\\\/sobre\\\/base-aliada-rejeita-audiencia-publica-sobre-tarifa-de-onibus-em-piracicaba\\\/#breadcrumblist\"},\"author\":{\"@id\":\"https:\\\/\\\/www.encontrapiracicaba.com.br\\\/sobre\\\/author\\\/epiracicaba\\\/#author\"},\"creator\":{\"@id\":\"https:\\\/\\\/www.encontrapiracicaba.com.br\\\/sobre\\\/author\\\/epiracicaba\\\/#author\"},\"datePublished\":\"2013-02-22T12:06:27-03:00\",\"dateModified\":\"2019-04-12T16:04:52-03:00\"},{\"@type\":\"WebSite\",\"@id\":\"https:\\\/\\\/www.encontrapiracicaba.com.br\\\/sobre\\\/#website\",\"url\":\"https:\\\/\\\/www.encontrapiracicaba.com.br\\\/sobre\\\/\",\"name\":\"Encontra Piracicaba\",\"description\":\"Not\\u00edcias, eventos, informa\\u00e7\\u00f5es e dicas na cidade de Piracicaba e regi\\u00e3o\",\"inLanguage\":\"pt-BR\",\"publisher\":{\"@id\":\"https:\\\/\\\/www.encontrapiracicaba.com.br\\\/sobre\\\/#organization\"}}]}\n\t\t<\/script>\n\t\t<!-- All in One SEO -->\n\n","aioseo_head_json":{"title":"Base aliada rejeita audi\u00eancia p\u00fablica sobre tarifa de \u00f4nibus em Piracicaba | Encontra Piracicaba","description":"","canonical_url":"https:\/\/www.encontrapiracicaba.com.br\/sobre\/base-aliada-rejeita-audiencia-publica-sobre-tarifa-de-onibus-em-piracicaba\/","robots":"max-image-preview:large","keywords":"","webmasterTools":{"miscellaneous":""},"schema":{"@context":"https:\/\/schema.org","@graph":[{"@type":"Article","@id":"https:\/\/www.encontrapiracicaba.com.br\/sobre\/base-aliada-rejeita-audiencia-publica-sobre-tarifa-de-onibus-em-piracicaba\/#article","name":"Base aliada rejeita audi\u00eancia p\u00fablica sobre tarifa de \u00f4nibus em Piracicaba | Encontra Piracicaba","headline":"Base aliada rejeita audi\u00eancia p\u00fablica sobre tarifa de \u00f4nibus em Piracicaba","author":{"@id":"https:\/\/www.encontrapiracicaba.com.br\/sobre\/author\/epiracicaba\/#author"},"publisher":{"@id":"https:\/\/www.encontrapiracicaba.com.br\/sobre\/#organization"},"datePublished":"2013-02-22T12:06:27-03:00","dateModified":"2019-04-12T16:04:52-03:00","inLanguage":"pt-BR","mainEntityOfPage":{"@id":"https:\/\/www.encontrapiracicaba.com.br\/sobre\/base-aliada-rejeita-audiencia-publica-sobre-tarifa-de-onibus-em-piracicaba\/#webpage"},"isPartOf":{"@id":"https:\/\/www.encontrapiracicaba.com.br\/sobre\/base-aliada-rejeita-audiencia-publica-sobre-tarifa-de-onibus-em-piracicaba\/#webpage"},"articleSection":"Not\u00edcias Piracicaba"},{"@type":"BreadcrumbList","@id":"https:\/\/www.encontrapiracicaba.com.br\/sobre\/base-aliada-rejeita-audiencia-publica-sobre-tarifa-de-onibus-em-piracicaba\/#breadcrumblist","itemListElement":[{"@type":"ListItem","@id":"https:\/\/www.encontrapiracicaba.com.br\/sobre#listItem","position":1,"name":"In\u00edcio","item":"https:\/\/www.encontrapiracicaba.com.br\/sobre","nextItem":{"@type":"ListItem","@id":"https:\/\/www.encontrapiracicaba.com.br\/sobre\/noticias-em-piracicaba\/#listItem","name":"Not\u00edcias Piracicaba"}},{"@type":"ListItem","@id":"https:\/\/www.encontrapiracicaba.com.br\/sobre\/noticias-em-piracicaba\/#listItem","position":2,"name":"Not\u00edcias Piracicaba","item":"https:\/\/www.encontrapiracicaba.com.br\/sobre\/noticias-em-piracicaba\/","nextItem":{"@type":"ListItem","@id":"https:\/\/www.encontrapiracicaba.com.br\/sobre\/base-aliada-rejeita-audiencia-publica-sobre-tarifa-de-onibus-em-piracicaba\/#listItem","name":"Base aliada rejeita audi\u00eancia p\u00fablica sobre tarifa de \u00f4nibus em Piracicaba"},"previousItem":{"@type":"ListItem","@id":"https:\/\/www.encontrapiracicaba.com.br\/sobre#listItem","name":"In\u00edcio"}},{"@type":"ListItem","@id":"https:\/\/www.encontrapiracicaba.com.br\/sobre\/base-aliada-rejeita-audiencia-publica-sobre-tarifa-de-onibus-em-piracicaba\/#listItem","position":3,"name":"Base aliada rejeita audi\u00eancia p\u00fablica sobre tarifa de \u00f4nibus em Piracicaba","previousItem":{"@type":"ListItem","@id":"https:\/\/www.encontrapiracicaba.com.br\/sobre\/noticias-em-piracicaba\/#listItem","name":"Not\u00edcias Piracicaba"}}]},{"@type":"Organization","@id":"https:\/\/www.encontrapiracicaba.com.br\/sobre\/#organization","name":"Encontra Piracicaba","description":"Not\u00edcias, eventos, informa\u00e7\u00f5es e dicas na cidade de Piracicaba e regi\u00e3o","url":"https:\/\/www.encontrapiracicaba.com.br\/sobre\/"},{"@type":"Person","@id":"https:\/\/www.encontrapiracicaba.com.br\/sobre\/author\/epiracicaba\/#author","url":"https:\/\/www.encontrapiracicaba.com.br\/sobre\/author\/epiracicaba\/","name":"Encontra Piracicaba","image":{"@type":"ImageObject","@id":"https:\/\/www.encontrapiracicaba.com.br\/sobre\/base-aliada-rejeita-audiencia-publica-sobre-tarifa-de-onibus-em-piracicaba\/#authorImage","url":"https:\/\/secure.gravatar.com\/avatar\/507340682b8270222e1f208e23198b6ae7e2c6a1033ae84e99bc6bce4f82a387?s=96&d=mm&r=g","width":96,"height":96,"caption":"Encontra Piracicaba"}},{"@type":"WebPage","@id":"https:\/\/www.encontrapiracicaba.com.br\/sobre\/base-aliada-rejeita-audiencia-publica-sobre-tarifa-de-onibus-em-piracicaba\/#webpage","url":"https:\/\/www.encontrapiracicaba.com.br\/sobre\/base-aliada-rejeita-audiencia-publica-sobre-tarifa-de-onibus-em-piracicaba\/","name":"Base aliada rejeita audi\u00eancia p\u00fablica sobre tarifa de \u00f4nibus em Piracicaba | Encontra Piracicaba","inLanguage":"pt-BR","isPartOf":{"@id":"https:\/\/www.encontrapiracicaba.com.br\/sobre\/#website"},"breadcrumb":{"@id":"https:\/\/www.encontrapiracicaba.com.br\/sobre\/base-aliada-rejeita-audiencia-publica-sobre-tarifa-de-onibus-em-piracicaba\/#breadcrumblist"},"author":{"@id":"https:\/\/www.encontrapiracicaba.com.br\/sobre\/author\/epiracicaba\/#author"},"creator":{"@id":"https:\/\/www.encontrapiracicaba.com.br\/sobre\/author\/epiracicaba\/#author"},"datePublished":"2013-02-22T12:06:27-03:00","dateModified":"2019-04-12T16:04:52-03:00"},{"@type":"WebSite","@id":"https:\/\/www.encontrapiracicaba.com.br\/sobre\/#website","url":"https:\/\/www.encontrapiracicaba.com.br\/sobre\/","name":"Encontra Piracicaba","description":"Not\u00edcias, eventos, informa\u00e7\u00f5es e dicas na cidade de Piracicaba e regi\u00e3o","inLanguage":"pt-BR","publisher":{"@id":"https:\/\/www.encontrapiracicaba.com.br\/sobre\/#organization"}}]},"og:locale":"pt_BR","og:site_name":"Encontra Piracicaba | Not\u00edcias, eventos, informa\u00e7\u00f5es e dicas na cidade de Piracicaba e regi\u00e3o","og:type":"article","og:title":"Base aliada rejeita audi\u00eancia p\u00fablica sobre tarifa de \u00f4nibus em Piracicaba | Encontra Piracicaba","og:url":"https:\/\/www.encontrapiracicaba.com.br\/sobre\/base-aliada-rejeita-audiencia-publica-sobre-tarifa-de-onibus-em-piracicaba\/","article:published_time":"2013-02-22T15:06:27+00:00","article:modified_time":"2019-04-12T19:04:52+00:00","twitter:card":"summary","twitter:title":"Base aliada rejeita audi\u00eancia p\u00fablica sobre tarifa de \u00f4nibus em Piracicaba | Encontra Piracicaba"},"aioseo_meta_data":{"post_id":"1407","title":null,"description":null,"keywords":null,"keyphrases":null,"primary_term":null,"canonical_url":null,"og_title":null,"og_description":null,"og_object_type":"default","og_image_type":"default","og_image_url":null,"og_image_width":null,"og_image_height":null,"og_image_custom_url":null,"og_image_custom_fields":null,"og_video":null,"og_custom_url":null,"og_article_section":null,"og_article_tags":null,"twitter_use_og":false,"twitter_card":"default","twitter_image_type":"default","twitter_image_url":null,"twitter_image_custom_url":null,"twitter_image_custom_fields":null,"twitter_title":null,"twitter_description":null,"schema":{"blockGraphs":[],"customGraphs":[],"default":{"data":{"Article":[],"Course":[],"Dataset":[],"FAQPage":[],"Movie":[],"Person":[],"Product":[],"ProductReview":[],"Car":[],"Recipe":[],"Service":[],"SoftwareApplication":[],"WebPage":[]},"graphName":"Article","isEnabled":true},"graphs":[]},"schema_type":null,"schema_type_options":null,"pillar_content":false,"robots_default":true,"robots_noindex":false,"robots_noarchive":false,"robots_nosnippet":false,"robots_nofollow":false,"robots_noimageindex":false,"robots_noodp":false,"robots_notranslate":false,"robots_max_snippet":null,"robots_max_videopreview":null,"robots_max_imagepreview":"large","priority":null,"frequency":null,"local_seo":null,"breadcrumb_settings":null,"limit_modified_date":false,"ai":null,"created":"2021-08-13 20:41:24","updated":"2025-10-04 03:07:24","focus_keyword":null,"additional_keywords":null,"truseo_locale":null,"seo_analyzer_scan_date":null},"aioseo_breadcrumb":"<div class=\"aioseo-breadcrumbs\"><span class=\"aioseo-breadcrumb\">\n\t\t\t<a href=\"https:\/\/www.encontrapiracicaba.com.br\/sobre\" title=\"In\u00edcio\">In\u00edcio<\/a>\n\t\t<\/span><span class=\"aioseo-breadcrumb-separator\">&raquo;<\/span><span class=\"aioseo-breadcrumb\">\n\t\t\t<a href=\"https:\/\/www.encontrapiracicaba.com.br\/sobre\/noticias-em-piracicaba\/\" title=\"Not\u00edcias Piracicaba\">Not\u00edcias Piracicaba<\/a>\n\t\t<\/span><span class=\"aioseo-breadcrumb-separator\">&raquo;<\/span><span class=\"aioseo-breadcrumb\">\n\t\t\tBase aliada rejeita audi\u00eancia p\u00fablica sobre tarifa de \u00f4nibus em Piracicaba\n\t\t<\/span><\/div>","aioseo_breadcrumb_json":[{"label":"In\u00edcio","link":"https:\/\/www.encontrapiracicaba.com.br\/sobre"},{"label":"Not\u00edcias Piracicaba","link":"https:\/\/www.encontrapiracicaba.com.br\/sobre\/noticias-em-piracicaba\/"},{"label":"Base aliada rejeita audi\u00eancia p\u00fablica sobre tarifa de \u00f4nibus em Piracicaba","link":"https:\/\/www.encontrapiracicaba.com.br\/sobre\/base-aliada-rejeita-audiencia-publica-sobre-tarifa-de-onibus-em-piracicaba\/"}],"_links":{"self":[{"href":"https:\/\/www.encontrapiracicaba.com.br\/sobre\/wp-json\/wp\/v2\/posts\/1407","targetHints":{"allow":["GET"]}}],"collection":[{"href":"https:\/\/www.encontrapiracicaba.com.br\/sobre\/wp-json\/wp\/v2\/posts"}],"about":[{"href":"https:\/\/www.encontrapiracicaba.com.br\/sobre\/wp-json\/wp\/v2\/types\/post"}],"author":[{"embeddable":true,"href":"https:\/\/www.encontrapiracicaba.com.br\/sobre\/wp-json\/wp\/v2\/users\/1"}],"replies":[{"embeddable":true,"href":"https:\/\/www.encontrapiracicaba.com.br\/sobre\/wp-json\/wp\/v2\/comments?post=1407"}],"version-history":[{"count":4,"href":"https:\/\/www.encontrapiracicaba.com.br\/sobre\/wp-json\/wp\/v2\/posts\/1407\/revisions"}],"predecessor-version":[{"id":2572,"href":"https:\/\/www.encontrapiracicaba.com.br\/sobre\/wp-json\/wp\/v2\/posts\/1407\/revisions\/2572"}],"wp:attachment":[{"href":"https:\/\/www.encontrapiracicaba.com.br\/sobre\/wp-json\/wp\/v2\/media?parent=1407"}],"wp:term":[{"taxonomy":"category","embeddable":true,"href":"https:\/\/www.encontrapiracicaba.com.br\/sobre\/wp-json\/wp\/v2\/categories?post=1407"},{"taxonomy":"post_tag","embeddable":true,"href":"https:\/\/www.encontrapiracicaba.com.br\/sobre\/wp-json\/wp\/v2\/tags?post=1407"}],"curies":[{"name":"wp","href":"https:\/\/api.w.org\/{rel}","templated":true}]}}