{"id":1447,"date":"2013-04-02T12:15:21","date_gmt":"2013-04-02T15:15:21","guid":{"rendered":"http:\/\/www.encontrapiracicaba.com.br\/noticias\/?p=1447"},"modified":"2019-04-12T16:02:06","modified_gmt":"2019-04-12T19:02:06","slug":"em-6h-piracicaba-ultrapassa-media-de-chuva-prevista-para-mes-de-abril","status":"publish","type":"post","link":"https:\/\/www.encontrapiracicaba.com.br\/sobre\/em-6h-piracicaba-ultrapassa-media-de-chuva-prevista-para-mes-de-abril\/","title":{"rendered":"Em 6h, Piracicaba ultrapassa m\u00e9dia de chuva prevista para m\u00eas de abril"},"content":{"rendered":"<div class=\"85df007ed5c0c4d4b453fd13a37855e8\" data-index=\"1\" style=\"float: none; margin:0px;\">\n<!-- Anuncio display - global -->\r\n<ins class=\"adsbygoogle\"\r\n     style=\"display:block\"\r\n     data-ad-client=\"ca-pub-8585364105181520\"\r\n     data-ad-slot=\"8789329856\"\r\n     data-ad-format=\"auto\"\r\n     data-full-width-responsive=\"true\"><\/ins>\r\n<script>\r\n     (adsbygoogle = window.adsbygoogle || []).push({});\r\n<\/script>\n<\/div>\n<p>Piracicaba registrou 75 mil\u00edmetros de chuva durante seis horas entre a forte pancada, registrada por volta das 5h, e as 11h desta ter\u00e7a-feira (2). O volume j\u00e1 ultrapassou toda a m\u00e9dia prevista para abril na cidade, que \u00e9 de 55 mil\u00edmetros. Os dados foram divulgados pela Somar Metereologia. A temperatura m\u00e9dia da cidade ser\u00e1 de 19 \u00baC.<\/p>\n<p>Segundo Celso Oliveira, metereologista da empresa na cidade de Piracicaba, a chuva n\u00e3o vai parar nos pr\u00f3ximos dias. &#8220;Ela vai continuar, pelo menos, at\u00e9 o pr\u00f3ximo final de semana. Existe risco de alagamento na cidade porque o n\u00edvel do Rio de Piracicaba pode ter reflexo com as precipita\u00e7\u00f5es&#8221;, disse.<\/p>\n<p>A chuva ocorre devido a uma \u00e1rea de instabilidade que se move devagar no Centro-Sul do pa\u00eds. &#8220;N\u00e3o \u00e9 porque entrou o Outono que as caracter\u00edsticas da esta\u00e7\u00e3o v\u00e3o prevalecer, pois estamos em um momento de transi\u00e7\u00e3o&#8221;, afirmou Oliveira.<\/p>\n<p>De acordo com a Defesa Civil e Corpo de Bombeiros de Piracicaba, mesmo com a chuva intensa entre 5h e 11h, n\u00e3o houve registros de ocorr\u00eancias por causa do excesso de \u00e1gua.<\/p>\n<p><strong>Na regi\u00e3o<\/strong><br \/>\nA chuva come\u00e7ou na cidade de Campinas por volta das 6h30. Segundo a empresa, o tempo n\u00e3o deve mudar at\u00e9 o fim do dia, permanecendo inst\u00e1vel, com chuva no per\u00edodo. A temperatura por causa do tempo fechado tamb\u00e9m n\u00e3o deve subir, chegando \u00e0 m\u00e1xima de 26\u00b0C. A Somar ainda alerta para o risco de alagamentos devido \u00e0 intensidade de chuvas.<\/p>\n<p><em>Fonte: G1<\/em><\/p>\n\n<div style=\"font-size: 0px; height: 0px; line-height: 0px; margin: 0; padding: 0; clear: both;\"><\/div>","protected":false},"excerpt":{"rendered":"<p>Piracicaba registrou 75 mil\u00edmetros de chuva durante seis horas entre a forte pancada, registrada por volta das 5h, e as 11h desta ter\u00e7a-feira (2). O volume j\u00e1 ultrapassou toda a m\u00e9dia prevista para abril na cidade, que \u00e9 de 55 mil\u00edmetros. Os dados foram divulgados pela Somar Metereologia. A temperatura m\u00e9dia da cidade ser\u00e1 de 19 \u00baC. Segundo Celso Oliveira, metereologista da empresa na cidade de Piracicaba, a chuva n\u00e3o vai parar nos pr\u00f3ximos dias. &#8220;Ela vai continuar, pelo menos, at\u00e9 o pr\u00f3ximo final de semana. Existe risco de alagamento na cidade porque o n\u00edvel do Rio de Piracicaba pode <\/p>\n","protected":false},"author":1,"featured_media":0,"comment_status":"open","ping_status":"closed","sticky":false,"template":"","format":"standard","meta":{"footnotes":""},"categories":[6],"tags":[],"class_list":["post-1447","post","type-post","status-publish","format-standard","hentry","category-noticias-em-piracicaba"],"aioseo_notices":[],"aioseo_head":"\n\t\t<!-- All in One SEO 5.0.0.1 - aioseo.com -->\n\t<meta name=\"robots\" content=\"max-image-preview:large\" \/>\n\t<meta name=\"author\" content=\"Encontra Piracicaba\"\/>\n\t<link rel=\"canonical\" href=\"https:\/\/www.encontrapiracicaba.com.br\/sobre\/em-6h-piracicaba-ultrapassa-media-de-chuva-prevista-para-mes-de-abril\/\" \/>\n\t<meta name=\"generator\" content=\"All in One SEO (AIOSEO) 5.0.0.1\" \/>\n\t\t<meta property=\"og:locale\" content=\"pt_BR\" \/>\n\t\t<meta property=\"og:site_name\" content=\"Encontra Piracicaba | Not\u00edcias, eventos, informa\u00e7\u00f5es e dicas na cidade de Piracicaba e regi\u00e3o\" \/>\n\t\t<meta property=\"og:type\" content=\"article\" \/>\n\t\t<meta property=\"og:title\" content=\"Em 6h, Piracicaba ultrapassa m\u00e9dia de chuva prevista para m\u00eas de abril | Encontra Piracicaba\" \/>\n\t\t<meta property=\"og:url\" content=\"https:\/\/www.encontrapiracicaba.com.br\/sobre\/em-6h-piracicaba-ultrapassa-media-de-chuva-prevista-para-mes-de-abril\/\" \/>\n\t\t<meta property=\"article:published_time\" content=\"2013-04-02T15:15:21+00:00\" \/>\n\t\t<meta property=\"article:modified_time\" content=\"2019-04-12T19:02:06+00:00\" \/>\n\t\t<meta name=\"twitter:card\" content=\"summary\" \/>\n\t\t<meta name=\"twitter:title\" content=\"Em 6h, Piracicaba ultrapassa m\u00e9dia de chuva prevista para m\u00eas de abril | Encontra Piracicaba\" \/>\n\t\t<script type=\"application\/ld+json\" class=\"aioseo-schema\">\n\t\t\t{\"@context\":\"https:\\\/\\\/schema.org\",\"@graph\":[{\"@type\":\"Article\",\"@id\":\"https:\\\/\\\/www.encontrapiracicaba.com.br\\\/sobre\\\/em-6h-piracicaba-ultrapassa-media-de-chuva-prevista-para-mes-de-abril\\\/#article\",\"name\":\"Em 6h, Piracicaba ultrapassa m\\u00e9dia de chuva prevista para m\\u00eas de abril | Encontra Piracicaba\",\"headline\":\"Em 6h, Piracicaba ultrapassa m\\u00e9dia de chuva prevista para m\\u00eas de abril\",\"author\":{\"@id\":\"https:\\\/\\\/www.encontrapiracicaba.com.br\\\/sobre\\\/author\\\/epiracicaba\\\/#author\"},\"publisher\":{\"@id\":\"https:\\\/\\\/www.encontrapiracicaba.com.br\\\/sobre\\\/#organization\"},\"datePublished\":\"2013-04-02T12:15:21-03:00\",\"dateModified\":\"2019-04-12T16:02:06-03:00\",\"inLanguage\":\"pt-BR\",\"mainEntityOfPage\":{\"@id\":\"https:\\\/\\\/www.encontrapiracicaba.com.br\\\/sobre\\\/em-6h-piracicaba-ultrapassa-media-de-chuva-prevista-para-mes-de-abril\\\/#webpage\"},\"isPartOf\":{\"@id\":\"https:\\\/\\\/www.encontrapiracicaba.com.br\\\/sobre\\\/em-6h-piracicaba-ultrapassa-media-de-chuva-prevista-para-mes-de-abril\\\/#webpage\"},\"articleSection\":\"Not\\u00edcias Piracicaba\"},{\"@type\":\"BreadcrumbList\",\"@id\":\"https:\\\/\\\/www.encontrapiracicaba.com.br\\\/sobre\\\/em-6h-piracicaba-ultrapassa-media-de-chuva-prevista-para-mes-de-abril\\\/#breadcrumblist\",\"itemListElement\":[{\"@type\":\"ListItem\",\"@id\":\"https:\\\/\\\/www.encontrapiracicaba.com.br\\\/sobre#listItem\",\"position\":1,\"name\":\"In\\u00edcio\",\"item\":\"https:\\\/\\\/www.encontrapiracicaba.com.br\\\/sobre\",\"nextItem\":{\"@type\":\"ListItem\",\"@id\":\"https:\\\/\\\/www.encontrapiracicaba.com.br\\\/sobre\\\/noticias-em-piracicaba\\\/#listItem\",\"name\":\"Not\\u00edcias Piracicaba\"}},{\"@type\":\"ListItem\",\"@id\":\"https:\\\/\\\/www.encontrapiracicaba.com.br\\\/sobre\\\/noticias-em-piracicaba\\\/#listItem\",\"position\":2,\"name\":\"Not\\u00edcias Piracicaba\",\"item\":\"https:\\\/\\\/www.encontrapiracicaba.com.br\\\/sobre\\\/noticias-em-piracicaba\\\/\",\"nextItem\":{\"@type\":\"ListItem\",\"@id\":\"https:\\\/\\\/www.encontrapiracicaba.com.br\\\/sobre\\\/em-6h-piracicaba-ultrapassa-media-de-chuva-prevista-para-mes-de-abril\\\/#listItem\",\"name\":\"Em 6h, Piracicaba ultrapassa m\\u00e9dia de chuva prevista para m\\u00eas de abril\"},\"previousItem\":{\"@type\":\"ListItem\",\"@id\":\"https:\\\/\\\/www.encontrapiracicaba.com.br\\\/sobre#listItem\",\"name\":\"In\\u00edcio\"}},{\"@type\":\"ListItem\",\"@id\":\"https:\\\/\\\/www.encontrapiracicaba.com.br\\\/sobre\\\/em-6h-piracicaba-ultrapassa-media-de-chuva-prevista-para-mes-de-abril\\\/#listItem\",\"position\":3,\"name\":\"Em 6h, Piracicaba ultrapassa m\\u00e9dia de chuva prevista para m\\u00eas de abril\",\"previousItem\":{\"@type\":\"ListItem\",\"@id\":\"https:\\\/\\\/www.encontrapiracicaba.com.br\\\/sobre\\\/noticias-em-piracicaba\\\/#listItem\",\"name\":\"Not\\u00edcias Piracicaba\"}}]},{\"@type\":\"Organization\",\"@id\":\"https:\\\/\\\/www.encontrapiracicaba.com.br\\\/sobre\\\/#organization\",\"name\":\"Encontra Piracicaba\",\"description\":\"Not\\u00edcias, eventos, informa\\u00e7\\u00f5es e dicas na cidade de Piracicaba e regi\\u00e3o\",\"url\":\"https:\\\/\\\/www.encontrapiracicaba.com.br\\\/sobre\\\/\"},{\"@type\":\"Person\",\"@id\":\"https:\\\/\\\/www.encontrapiracicaba.com.br\\\/sobre\\\/author\\\/epiracicaba\\\/#author\",\"url\":\"https:\\\/\\\/www.encontrapiracicaba.com.br\\\/sobre\\\/author\\\/epiracicaba\\\/\",\"name\":\"Encontra Piracicaba\",\"image\":{\"@type\":\"ImageObject\",\"@id\":\"https:\\\/\\\/www.encontrapiracicaba.com.br\\\/sobre\\\/em-6h-piracicaba-ultrapassa-media-de-chuva-prevista-para-mes-de-abril\\\/#authorImage\",\"url\":\"https:\\\/\\\/secure.gravatar.com\\\/avatar\\\/507340682b8270222e1f208e23198b6ae7e2c6a1033ae84e99bc6bce4f82a387?s=96&d=mm&r=g\",\"width\":96,\"height\":96,\"caption\":\"Encontra Piracicaba\"}},{\"@type\":\"WebPage\",\"@id\":\"https:\\\/\\\/www.encontrapiracicaba.com.br\\\/sobre\\\/em-6h-piracicaba-ultrapassa-media-de-chuva-prevista-para-mes-de-abril\\\/#webpage\",\"url\":\"https:\\\/\\\/www.encontrapiracicaba.com.br\\\/sobre\\\/em-6h-piracicaba-ultrapassa-media-de-chuva-prevista-para-mes-de-abril\\\/\",\"name\":\"Em 6h, Piracicaba ultrapassa m\\u00e9dia de chuva prevista para m\\u00eas de abril | Encontra Piracicaba\",\"inLanguage\":\"pt-BR\",\"isPartOf\":{\"@id\":\"https:\\\/\\\/www.encontrapiracicaba.com.br\\\/sobre\\\/#website\"},\"breadcrumb\":{\"@id\":\"https:\\\/\\\/www.encontrapiracicaba.com.br\\\/sobre\\\/em-6h-piracicaba-ultrapassa-media-de-chuva-prevista-para-mes-de-abril\\\/#breadcrumblist\"},\"author\":{\"@id\":\"https:\\\/\\\/www.encontrapiracicaba.com.br\\\/sobre\\\/author\\\/epiracicaba\\\/#author\"},\"creator\":{\"@id\":\"https:\\\/\\\/www.encontrapiracicaba.com.br\\\/sobre\\\/author\\\/epiracicaba\\\/#author\"},\"datePublished\":\"2013-04-02T12:15:21-03:00\",\"dateModified\":\"2019-04-12T16:02:06-03:00\"},{\"@type\":\"WebSite\",\"@id\":\"https:\\\/\\\/www.encontrapiracicaba.com.br\\\/sobre\\\/#website\",\"url\":\"https:\\\/\\\/www.encontrapiracicaba.com.br\\\/sobre\\\/\",\"name\":\"Encontra Piracicaba\",\"description\":\"Not\\u00edcias, eventos, informa\\u00e7\\u00f5es e dicas na cidade de Piracicaba e regi\\u00e3o\",\"inLanguage\":\"pt-BR\",\"publisher\":{\"@id\":\"https:\\\/\\\/www.encontrapiracicaba.com.br\\\/sobre\\\/#organization\"}}]}\n\t\t<\/script>\n\t\t<!-- All in One SEO -->\n\n","aioseo_head_json":{"title":"Em 6h, Piracicaba ultrapassa m\u00e9dia de chuva prevista para m\u00eas de abril | Encontra Piracicaba","description":"","canonical_url":"https:\/\/www.encontrapiracicaba.com.br\/sobre\/em-6h-piracicaba-ultrapassa-media-de-chuva-prevista-para-mes-de-abril\/","robots":"max-image-preview:large","keywords":"","webmasterTools":{"miscellaneous":""},"schema":{"@context":"https:\/\/schema.org","@graph":[{"@type":"Article","@id":"https:\/\/www.encontrapiracicaba.com.br\/sobre\/em-6h-piracicaba-ultrapassa-media-de-chuva-prevista-para-mes-de-abril\/#article","name":"Em 6h, Piracicaba ultrapassa m\u00e9dia de chuva prevista para m\u00eas de abril | Encontra Piracicaba","headline":"Em 6h, Piracicaba ultrapassa m\u00e9dia de chuva prevista para m\u00eas de abril","author":{"@id":"https:\/\/www.encontrapiracicaba.com.br\/sobre\/author\/epiracicaba\/#author"},"publisher":{"@id":"https:\/\/www.encontrapiracicaba.com.br\/sobre\/#organization"},"datePublished":"2013-04-02T12:15:21-03:00","dateModified":"2019-04-12T16:02:06-03:00","inLanguage":"pt-BR","mainEntityOfPage":{"@id":"https:\/\/www.encontrapiracicaba.com.br\/sobre\/em-6h-piracicaba-ultrapassa-media-de-chuva-prevista-para-mes-de-abril\/#webpage"},"isPartOf":{"@id":"https:\/\/www.encontrapiracicaba.com.br\/sobre\/em-6h-piracicaba-ultrapassa-media-de-chuva-prevista-para-mes-de-abril\/#webpage"},"articleSection":"Not\u00edcias Piracicaba"},{"@type":"BreadcrumbList","@id":"https:\/\/www.encontrapiracicaba.com.br\/sobre\/em-6h-piracicaba-ultrapassa-media-de-chuva-prevista-para-mes-de-abril\/#breadcrumblist","itemListElement":[{"@type":"ListItem","@id":"https:\/\/www.encontrapiracicaba.com.br\/sobre#listItem","position":1,"name":"In\u00edcio","item":"https:\/\/www.encontrapiracicaba.com.br\/sobre","nextItem":{"@type":"ListItem","@id":"https:\/\/www.encontrapiracicaba.com.br\/sobre\/noticias-em-piracicaba\/#listItem","name":"Not\u00edcias Piracicaba"}},{"@type":"ListItem","@id":"https:\/\/www.encontrapiracicaba.com.br\/sobre\/noticias-em-piracicaba\/#listItem","position":2,"name":"Not\u00edcias Piracicaba","item":"https:\/\/www.encontrapiracicaba.com.br\/sobre\/noticias-em-piracicaba\/","nextItem":{"@type":"ListItem","@id":"https:\/\/www.encontrapiracicaba.com.br\/sobre\/em-6h-piracicaba-ultrapassa-media-de-chuva-prevista-para-mes-de-abril\/#listItem","name":"Em 6h, Piracicaba ultrapassa m\u00e9dia de chuva prevista para m\u00eas de abril"},"previousItem":{"@type":"ListItem","@id":"https:\/\/www.encontrapiracicaba.com.br\/sobre#listItem","name":"In\u00edcio"}},{"@type":"ListItem","@id":"https:\/\/www.encontrapiracicaba.com.br\/sobre\/em-6h-piracicaba-ultrapassa-media-de-chuva-prevista-para-mes-de-abril\/#listItem","position":3,"name":"Em 6h, Piracicaba ultrapassa m\u00e9dia de chuva prevista para m\u00eas de abril","previousItem":{"@type":"ListItem","@id":"https:\/\/www.encontrapiracicaba.com.br\/sobre\/noticias-em-piracicaba\/#listItem","name":"Not\u00edcias Piracicaba"}}]},{"@type":"Organization","@id":"https:\/\/www.encontrapiracicaba.com.br\/sobre\/#organization","name":"Encontra Piracicaba","description":"Not\u00edcias, eventos, informa\u00e7\u00f5es e dicas na cidade de Piracicaba e regi\u00e3o","url":"https:\/\/www.encontrapiracicaba.com.br\/sobre\/"},{"@type":"Person","@id":"https:\/\/www.encontrapiracicaba.com.br\/sobre\/author\/epiracicaba\/#author","url":"https:\/\/www.encontrapiracicaba.com.br\/sobre\/author\/epiracicaba\/","name":"Encontra Piracicaba","image":{"@type":"ImageObject","@id":"https:\/\/www.encontrapiracicaba.com.br\/sobre\/em-6h-piracicaba-ultrapassa-media-de-chuva-prevista-para-mes-de-abril\/#authorImage","url":"https:\/\/secure.gravatar.com\/avatar\/507340682b8270222e1f208e23198b6ae7e2c6a1033ae84e99bc6bce4f82a387?s=96&d=mm&r=g","width":96,"height":96,"caption":"Encontra Piracicaba"}},{"@type":"WebPage","@id":"https:\/\/www.encontrapiracicaba.com.br\/sobre\/em-6h-piracicaba-ultrapassa-media-de-chuva-prevista-para-mes-de-abril\/#webpage","url":"https:\/\/www.encontrapiracicaba.com.br\/sobre\/em-6h-piracicaba-ultrapassa-media-de-chuva-prevista-para-mes-de-abril\/","name":"Em 6h, Piracicaba ultrapassa m\u00e9dia de chuva prevista para m\u00eas de abril | Encontra Piracicaba","inLanguage":"pt-BR","isPartOf":{"@id":"https:\/\/www.encontrapiracicaba.com.br\/sobre\/#website"},"breadcrumb":{"@id":"https:\/\/www.encontrapiracicaba.com.br\/sobre\/em-6h-piracicaba-ultrapassa-media-de-chuva-prevista-para-mes-de-abril\/#breadcrumblist"},"author":{"@id":"https:\/\/www.encontrapiracicaba.com.br\/sobre\/author\/epiracicaba\/#author"},"creator":{"@id":"https:\/\/www.encontrapiracicaba.com.br\/sobre\/author\/epiracicaba\/#author"},"datePublished":"2013-04-02T12:15:21-03:00","dateModified":"2019-04-12T16:02:06-03:00"},{"@type":"WebSite","@id":"https:\/\/www.encontrapiracicaba.com.br\/sobre\/#website","url":"https:\/\/www.encontrapiracicaba.com.br\/sobre\/","name":"Encontra Piracicaba","description":"Not\u00edcias, eventos, informa\u00e7\u00f5es e dicas na cidade de Piracicaba e regi\u00e3o","inLanguage":"pt-BR","publisher":{"@id":"https:\/\/www.encontrapiracicaba.com.br\/sobre\/#organization"}}]},"og:locale":"pt_BR","og:site_name":"Encontra Piracicaba | Not\u00edcias, eventos, informa\u00e7\u00f5es e dicas na cidade de Piracicaba e regi\u00e3o","og:type":"article","og:title":"Em 6h, Piracicaba ultrapassa m\u00e9dia de chuva prevista para m\u00eas de abril | Encontra Piracicaba","og:url":"https:\/\/www.encontrapiracicaba.com.br\/sobre\/em-6h-piracicaba-ultrapassa-media-de-chuva-prevista-para-mes-de-abril\/","article:published_time":"2013-04-02T15:15:21+00:00","article:modified_time":"2019-04-12T19:02:06+00:00","twitter:card":"summary","twitter:title":"Em 6h, Piracicaba ultrapassa m\u00e9dia de chuva prevista para m\u00eas de abril | Encontra Piracicaba"},"aioseo_meta_data":{"post_id":"1447","title":null,"description":null,"keywords":null,"keyphrases":null,"primary_term":null,"canonical_url":null,"og_title":null,"og_description":null,"og_object_type":"default","og_image_type":"default","og_image_url":null,"og_image_width":null,"og_image_height":null,"og_image_custom_url":null,"og_image_custom_fields":null,"og_video":null,"og_custom_url":null,"og_article_section":null,"og_article_tags":null,"twitter_use_og":false,"twitter_card":"default","twitter_image_type":"default","twitter_image_url":null,"twitter_image_custom_url":null,"twitter_image_custom_fields":null,"twitter_title":null,"twitter_description":null,"schema":{"blockGraphs":[],"customGraphs":[],"default":{"data":{"Article":[],"Course":[],"Dataset":[],"FAQPage":[],"Movie":[],"Person":[],"Product":[],"ProductReview":[],"Car":[],"Recipe":[],"Service":[],"SoftwareApplication":[],"WebPage":[]},"graphName":"Article","isEnabled":true},"graphs":[]},"schema_type":null,"schema_type_options":null,"pillar_content":false,"robots_default":true,"robots_noindex":false,"robots_noarchive":false,"robots_nosnippet":false,"robots_nofollow":false,"robots_noimageindex":false,"robots_noodp":false,"robots_notranslate":false,"robots_max_snippet":null,"robots_max_videopreview":null,"robots_max_imagepreview":"large","priority":null,"frequency":null,"local_seo":null,"breadcrumb_settings":null,"limit_modified_date":false,"ai":null,"created":"2021-08-13 20:41:24","updated":"2025-10-04 03:15:48","focus_keyword":null,"additional_keywords":null,"truseo_locale":null,"seo_analyzer_scan_date":null},"aioseo_breadcrumb":"<div class=\"aioseo-breadcrumbs\"><span class=\"aioseo-breadcrumb\">\n\t\t\t<a href=\"https:\/\/www.encontrapiracicaba.com.br\/sobre\" title=\"In\u00edcio\">In\u00edcio<\/a>\n\t\t<\/span><span class=\"aioseo-breadcrumb-separator\">&raquo;<\/span><span class=\"aioseo-breadcrumb\">\n\t\t\t<a href=\"https:\/\/www.encontrapiracicaba.com.br\/sobre\/noticias-em-piracicaba\/\" title=\"Not\u00edcias Piracicaba\">Not\u00edcias Piracicaba<\/a>\n\t\t<\/span><span class=\"aioseo-breadcrumb-separator\">&raquo;<\/span><span class=\"aioseo-breadcrumb\">\n\t\t\tEm 6h, Piracicaba ultrapassa m\u00e9dia de chuva prevista para m\u00eas de abril\n\t\t<\/span><\/div>","aioseo_breadcrumb_json":[{"label":"In\u00edcio","link":"https:\/\/www.encontrapiracicaba.com.br\/sobre"},{"label":"Not\u00edcias Piracicaba","link":"https:\/\/www.encontrapiracicaba.com.br\/sobre\/noticias-em-piracicaba\/"},{"label":"Em 6h, Piracicaba ultrapassa m\u00e9dia de chuva prevista para m\u00eas de abril","link":"https:\/\/www.encontrapiracicaba.com.br\/sobre\/em-6h-piracicaba-ultrapassa-media-de-chuva-prevista-para-mes-de-abril\/"}],"_links":{"self":[{"href":"https:\/\/www.encontrapiracicaba.com.br\/sobre\/wp-json\/wp\/v2\/posts\/1447","targetHints":{"allow":["GET"]}}],"collection":[{"href":"https:\/\/www.encontrapiracicaba.com.br\/sobre\/wp-json\/wp\/v2\/posts"}],"about":[{"href":"https:\/\/www.encontrapiracicaba.com.br\/sobre\/wp-json\/wp\/v2\/types\/post"}],"author":[{"embeddable":true,"href":"https:\/\/www.encontrapiracicaba.com.br\/sobre\/wp-json\/wp\/v2\/users\/1"}],"replies":[{"embeddable":true,"href":"https:\/\/www.encontrapiracicaba.com.br\/sobre\/wp-json\/wp\/v2\/comments?post=1447"}],"version-history":[{"count":3,"href":"https:\/\/www.encontrapiracicaba.com.br\/sobre\/wp-json\/wp\/v2\/posts\/1447\/revisions"}],"predecessor-version":[{"id":2293,"href":"https:\/\/www.encontrapiracicaba.com.br\/sobre\/wp-json\/wp\/v2\/posts\/1447\/revisions\/2293"}],"wp:attachment":[{"href":"https:\/\/www.encontrapiracicaba.com.br\/sobre\/wp-json\/wp\/v2\/media?parent=1447"}],"wp:term":[{"taxonomy":"category","embeddable":true,"href":"https:\/\/www.encontrapiracicaba.com.br\/sobre\/wp-json\/wp\/v2\/categories?post=1447"},{"taxonomy":"post_tag","embeddable":true,"href":"https:\/\/www.encontrapiracicaba.com.br\/sobre\/wp-json\/wp\/v2\/tags?post=1447"}],"curies":[{"name":"wp","href":"https:\/\/api.w.org\/{rel}","templated":true}]}}