{"id":1467,"date":"2013-04-16T11:31:58","date_gmt":"2013-04-16T14:31:58","guid":{"rendered":"http:\/\/www.encontrapiracicaba.com.br\/noticias\/?p=1467"},"modified":"2019-04-12T16:02:05","modified_gmt":"2019-04-12T19:02:05","slug":"mp-em-piracicaba-abre-inquerito-para-investigar-comissionados-da-camara","status":"publish","type":"post","link":"https:\/\/www.encontrapiracicaba.com.br\/sobre\/mp-em-piracicaba-abre-inquerito-para-investigar-comissionados-da-camara\/","title":{"rendered":"MP em Piracicaba abre inqu\u00e9rito para investigar comissionados da C\u00e2mara"},"content":{"rendered":"<div class=\"85df007ed5c0c4d4b453fd13a37855e8\" data-index=\"1\" style=\"float: none; margin:0px;\">\n<!-- Anuncio display - global -->\r\n<ins class=\"adsbygoogle\"\r\n     style=\"display:block\"\r\n     data-ad-client=\"ca-pub-8585364105181520\"\r\n     data-ad-slot=\"8789329856\"\r\n     data-ad-format=\"auto\"\r\n     data-full-width-responsive=\"true\"><\/ins>\r\n<script>\r\n     (adsbygoogle = window.adsbygoogle || []).push({});\r\n<\/script>\n<\/div>\n<p>O Minist\u00e9rio P\u00fablico Estadual instaurou inqu\u00e9rito civil para averiguar se h\u00e1 excesso no n\u00famero de funcion\u00e1rios comissionados na C\u00e2mara da cidade de Piracicaba (SP). Atualmente o Legislativo possui 196 funcion\u00e1rios, sendo 127 contratados em cargos de confian\u00e7a (sem concurso p\u00fablico), o que representa 64,8% do total.<\/p>\n<p>O promotor do Patrim\u00f4nio P\u00fablico Jos\u00e9 Carlos de Azevedo Camargo enviou uma lista de questionamentos ao presidente da C\u00e2mara, Jo\u00e3o Manoel dos Santos (PTB), pedindo a rela\u00e7\u00e3o de funcion\u00e1rios e quais cargos ocupam, a remunera\u00e7\u00e3o de cada servidor, a atribui\u00e7\u00e3o de cada um e as regras aplicadas para a defini\u00e7\u00e3o do n\u00famero de assessores parlamentares.<\/p>\n<p>O objetivo do Minist\u00e9rio P\u00fablico com os questionamentos, de acordo com Camargo, \u00e9 verificar se h\u00e1 casos de improbidade administrativa na defini\u00e7\u00e3o de fun\u00e7\u00f5es e se estes comissionados est\u00e3o atuando em cargos que deveriam ser ocupados por efetivos, contratados por meio de concurso p\u00fablico.<\/p>\n<p>O presidente da C\u00e2mara Municipal de Piracicaba afirmou que s\u00f3 deve se posicionar a respeito do inqu\u00e9rito depois que a C\u00e2mara for notificada e puder se manifestar sobre a investiga\u00e7\u00e3o da Promotoria. Segundo o vereador, a notifica\u00e7\u00e3o n\u00e3o havia chegado at\u00e9 o in\u00edcio da noite desta segunda-feira (15). O inqu\u00e9rito foi instaurado pelo Minist\u00e9rio P\u00fablico na \u00faltima sexta-feira (12).<\/p>\n<p><em>Fonte: G1<\/em><\/p>\n\n<div style=\"font-size: 0px; height: 0px; line-height: 0px; margin: 0; padding: 0; clear: both;\"><\/div>","protected":false},"excerpt":{"rendered":"<p>O Minist\u00e9rio P\u00fablico Estadual instaurou inqu\u00e9rito civil para averiguar se h\u00e1 excesso no n\u00famero de funcion\u00e1rios comissionados na C\u00e2mara da cidade de Piracicaba (SP). Atualmente o Legislativo possui 196 funcion\u00e1rios, sendo 127 contratados em cargos de confian\u00e7a (sem concurso p\u00fablico), o que representa 64,8% do total. O promotor do Patrim\u00f4nio P\u00fablico Jos\u00e9 Carlos de Azevedo Camargo enviou uma lista de questionamentos ao presidente da C\u00e2mara, Jo\u00e3o Manoel dos Santos (PTB), pedindo a rela\u00e7\u00e3o de funcion\u00e1rios e quais cargos ocupam, a remunera\u00e7\u00e3o de cada servidor, a atribui\u00e7\u00e3o de cada um e as regras aplicadas para a defini\u00e7\u00e3o do n\u00famero de assessores <\/p>\n","protected":false},"author":1,"featured_media":0,"comment_status":"open","ping_status":"closed","sticky":false,"template":"","format":"standard","meta":{"footnotes":""},"categories":[6],"tags":[],"class_list":["post-1467","post","type-post","status-publish","format-standard","hentry","category-noticias-em-piracicaba"],"aioseo_notices":[],"aioseo_head":"\n\t\t<!-- All in One SEO 5.0.0.1 - aioseo.com -->\n\t<meta name=\"robots\" content=\"max-image-preview:large\" \/>\n\t<meta name=\"author\" content=\"Encontra Piracicaba\"\/>\n\t<link rel=\"canonical\" href=\"https:\/\/www.encontrapiracicaba.com.br\/sobre\/mp-em-piracicaba-abre-inquerito-para-investigar-comissionados-da-camara\/\" \/>\n\t<meta name=\"generator\" content=\"All in One SEO (AIOSEO) 5.0.0.1\" \/>\n\t\t<meta property=\"og:locale\" content=\"pt_BR\" \/>\n\t\t<meta property=\"og:site_name\" content=\"Encontra Piracicaba | Not\u00edcias, eventos, informa\u00e7\u00f5es e dicas na cidade de Piracicaba e regi\u00e3o\" \/>\n\t\t<meta property=\"og:type\" content=\"article\" \/>\n\t\t<meta property=\"og:title\" content=\"MP em Piracicaba abre inqu\u00e9rito para investigar comissionados da C\u00e2mara | Encontra Piracicaba\" \/>\n\t\t<meta property=\"og:url\" content=\"https:\/\/www.encontrapiracicaba.com.br\/sobre\/mp-em-piracicaba-abre-inquerito-para-investigar-comissionados-da-camara\/\" \/>\n\t\t<meta property=\"article:published_time\" content=\"2013-04-16T14:31:58+00:00\" \/>\n\t\t<meta property=\"article:modified_time\" content=\"2019-04-12T19:02:05+00:00\" \/>\n\t\t<meta name=\"twitter:card\" content=\"summary\" \/>\n\t\t<meta name=\"twitter:title\" content=\"MP em Piracicaba abre inqu\u00e9rito para investigar comissionados da C\u00e2mara | Encontra Piracicaba\" \/>\n\t\t<script type=\"application\/ld+json\" class=\"aioseo-schema\">\n\t\t\t{\"@context\":\"https:\\\/\\\/schema.org\",\"@graph\":[{\"@type\":\"Article\",\"@id\":\"https:\\\/\\\/www.encontrapiracicaba.com.br\\\/sobre\\\/mp-em-piracicaba-abre-inquerito-para-investigar-comissionados-da-camara\\\/#article\",\"name\":\"MP em Piracicaba abre inqu\\u00e9rito para investigar comissionados da C\\u00e2mara | Encontra Piracicaba\",\"headline\":\"MP em Piracicaba abre inqu\\u00e9rito para investigar comissionados da C\\u00e2mara\",\"author\":{\"@id\":\"https:\\\/\\\/www.encontrapiracicaba.com.br\\\/sobre\\\/author\\\/epiracicaba\\\/#author\"},\"publisher\":{\"@id\":\"https:\\\/\\\/www.encontrapiracicaba.com.br\\\/sobre\\\/#organization\"},\"datePublished\":\"2013-04-16T11:31:58-03:00\",\"dateModified\":\"2019-04-12T16:02:05-03:00\",\"inLanguage\":\"pt-BR\",\"mainEntityOfPage\":{\"@id\":\"https:\\\/\\\/www.encontrapiracicaba.com.br\\\/sobre\\\/mp-em-piracicaba-abre-inquerito-para-investigar-comissionados-da-camara\\\/#webpage\"},\"isPartOf\":{\"@id\":\"https:\\\/\\\/www.encontrapiracicaba.com.br\\\/sobre\\\/mp-em-piracicaba-abre-inquerito-para-investigar-comissionados-da-camara\\\/#webpage\"},\"articleSection\":\"Not\\u00edcias Piracicaba\"},{\"@type\":\"BreadcrumbList\",\"@id\":\"https:\\\/\\\/www.encontrapiracicaba.com.br\\\/sobre\\\/mp-em-piracicaba-abre-inquerito-para-investigar-comissionados-da-camara\\\/#breadcrumblist\",\"itemListElement\":[{\"@type\":\"ListItem\",\"@id\":\"https:\\\/\\\/www.encontrapiracicaba.com.br\\\/sobre#listItem\",\"position\":1,\"name\":\"In\\u00edcio\",\"item\":\"https:\\\/\\\/www.encontrapiracicaba.com.br\\\/sobre\",\"nextItem\":{\"@type\":\"ListItem\",\"@id\":\"https:\\\/\\\/www.encontrapiracicaba.com.br\\\/sobre\\\/noticias-em-piracicaba\\\/#listItem\",\"name\":\"Not\\u00edcias Piracicaba\"}},{\"@type\":\"ListItem\",\"@id\":\"https:\\\/\\\/www.encontrapiracicaba.com.br\\\/sobre\\\/noticias-em-piracicaba\\\/#listItem\",\"position\":2,\"name\":\"Not\\u00edcias Piracicaba\",\"item\":\"https:\\\/\\\/www.encontrapiracicaba.com.br\\\/sobre\\\/noticias-em-piracicaba\\\/\",\"nextItem\":{\"@type\":\"ListItem\",\"@id\":\"https:\\\/\\\/www.encontrapiracicaba.com.br\\\/sobre\\\/mp-em-piracicaba-abre-inquerito-para-investigar-comissionados-da-camara\\\/#listItem\",\"name\":\"MP em Piracicaba abre inqu\\u00e9rito para investigar comissionados da C\\u00e2mara\"},\"previousItem\":{\"@type\":\"ListItem\",\"@id\":\"https:\\\/\\\/www.encontrapiracicaba.com.br\\\/sobre#listItem\",\"name\":\"In\\u00edcio\"}},{\"@type\":\"ListItem\",\"@id\":\"https:\\\/\\\/www.encontrapiracicaba.com.br\\\/sobre\\\/mp-em-piracicaba-abre-inquerito-para-investigar-comissionados-da-camara\\\/#listItem\",\"position\":3,\"name\":\"MP em Piracicaba abre inqu\\u00e9rito para investigar comissionados da C\\u00e2mara\",\"previousItem\":{\"@type\":\"ListItem\",\"@id\":\"https:\\\/\\\/www.encontrapiracicaba.com.br\\\/sobre\\\/noticias-em-piracicaba\\\/#listItem\",\"name\":\"Not\\u00edcias Piracicaba\"}}]},{\"@type\":\"Organization\",\"@id\":\"https:\\\/\\\/www.encontrapiracicaba.com.br\\\/sobre\\\/#organization\",\"name\":\"Encontra Piracicaba\",\"description\":\"Not\\u00edcias, eventos, informa\\u00e7\\u00f5es e dicas na cidade de Piracicaba e regi\\u00e3o\",\"url\":\"https:\\\/\\\/www.encontrapiracicaba.com.br\\\/sobre\\\/\"},{\"@type\":\"Person\",\"@id\":\"https:\\\/\\\/www.encontrapiracicaba.com.br\\\/sobre\\\/author\\\/epiracicaba\\\/#author\",\"url\":\"https:\\\/\\\/www.encontrapiracicaba.com.br\\\/sobre\\\/author\\\/epiracicaba\\\/\",\"name\":\"Encontra Piracicaba\",\"image\":{\"@type\":\"ImageObject\",\"@id\":\"https:\\\/\\\/www.encontrapiracicaba.com.br\\\/sobre\\\/mp-em-piracicaba-abre-inquerito-para-investigar-comissionados-da-camara\\\/#authorImage\",\"url\":\"https:\\\/\\\/secure.gravatar.com\\\/avatar\\\/507340682b8270222e1f208e23198b6ae7e2c6a1033ae84e99bc6bce4f82a387?s=96&d=mm&r=g\",\"width\":96,\"height\":96,\"caption\":\"Encontra Piracicaba\"}},{\"@type\":\"WebPage\",\"@id\":\"https:\\\/\\\/www.encontrapiracicaba.com.br\\\/sobre\\\/mp-em-piracicaba-abre-inquerito-para-investigar-comissionados-da-camara\\\/#webpage\",\"url\":\"https:\\\/\\\/www.encontrapiracicaba.com.br\\\/sobre\\\/mp-em-piracicaba-abre-inquerito-para-investigar-comissionados-da-camara\\\/\",\"name\":\"MP em Piracicaba abre inqu\\u00e9rito para investigar comissionados da C\\u00e2mara | Encontra Piracicaba\",\"inLanguage\":\"pt-BR\",\"isPartOf\":{\"@id\":\"https:\\\/\\\/www.encontrapiracicaba.com.br\\\/sobre\\\/#website\"},\"breadcrumb\":{\"@id\":\"https:\\\/\\\/www.encontrapiracicaba.com.br\\\/sobre\\\/mp-em-piracicaba-abre-inquerito-para-investigar-comissionados-da-camara\\\/#breadcrumblist\"},\"author\":{\"@id\":\"https:\\\/\\\/www.encontrapiracicaba.com.br\\\/sobre\\\/author\\\/epiracicaba\\\/#author\"},\"creator\":{\"@id\":\"https:\\\/\\\/www.encontrapiracicaba.com.br\\\/sobre\\\/author\\\/epiracicaba\\\/#author\"},\"datePublished\":\"2013-04-16T11:31:58-03:00\",\"dateModified\":\"2019-04-12T16:02:05-03:00\"},{\"@type\":\"WebSite\",\"@id\":\"https:\\\/\\\/www.encontrapiracicaba.com.br\\\/sobre\\\/#website\",\"url\":\"https:\\\/\\\/www.encontrapiracicaba.com.br\\\/sobre\\\/\",\"name\":\"Encontra Piracicaba\",\"description\":\"Not\\u00edcias, eventos, informa\\u00e7\\u00f5es e dicas na cidade de Piracicaba e regi\\u00e3o\",\"inLanguage\":\"pt-BR\",\"publisher\":{\"@id\":\"https:\\\/\\\/www.encontrapiracicaba.com.br\\\/sobre\\\/#organization\"}}]}\n\t\t<\/script>\n\t\t<!-- All in One SEO -->\n\n","aioseo_head_json":{"title":"MP em Piracicaba abre inqu\u00e9rito para investigar comissionados da C\u00e2mara | Encontra Piracicaba","description":"","canonical_url":"https:\/\/www.encontrapiracicaba.com.br\/sobre\/mp-em-piracicaba-abre-inquerito-para-investigar-comissionados-da-camara\/","robots":"max-image-preview:large","keywords":"","webmasterTools":{"miscellaneous":""},"schema":{"@context":"https:\/\/schema.org","@graph":[{"@type":"Article","@id":"https:\/\/www.encontrapiracicaba.com.br\/sobre\/mp-em-piracicaba-abre-inquerito-para-investigar-comissionados-da-camara\/#article","name":"MP em Piracicaba abre inqu\u00e9rito para investigar comissionados da C\u00e2mara | Encontra Piracicaba","headline":"MP em Piracicaba abre inqu\u00e9rito para investigar comissionados da C\u00e2mara","author":{"@id":"https:\/\/www.encontrapiracicaba.com.br\/sobre\/author\/epiracicaba\/#author"},"publisher":{"@id":"https:\/\/www.encontrapiracicaba.com.br\/sobre\/#organization"},"datePublished":"2013-04-16T11:31:58-03:00","dateModified":"2019-04-12T16:02:05-03:00","inLanguage":"pt-BR","mainEntityOfPage":{"@id":"https:\/\/www.encontrapiracicaba.com.br\/sobre\/mp-em-piracicaba-abre-inquerito-para-investigar-comissionados-da-camara\/#webpage"},"isPartOf":{"@id":"https:\/\/www.encontrapiracicaba.com.br\/sobre\/mp-em-piracicaba-abre-inquerito-para-investigar-comissionados-da-camara\/#webpage"},"articleSection":"Not\u00edcias Piracicaba"},{"@type":"BreadcrumbList","@id":"https:\/\/www.encontrapiracicaba.com.br\/sobre\/mp-em-piracicaba-abre-inquerito-para-investigar-comissionados-da-camara\/#breadcrumblist","itemListElement":[{"@type":"ListItem","@id":"https:\/\/www.encontrapiracicaba.com.br\/sobre#listItem","position":1,"name":"In\u00edcio","item":"https:\/\/www.encontrapiracicaba.com.br\/sobre","nextItem":{"@type":"ListItem","@id":"https:\/\/www.encontrapiracicaba.com.br\/sobre\/noticias-em-piracicaba\/#listItem","name":"Not\u00edcias Piracicaba"}},{"@type":"ListItem","@id":"https:\/\/www.encontrapiracicaba.com.br\/sobre\/noticias-em-piracicaba\/#listItem","position":2,"name":"Not\u00edcias Piracicaba","item":"https:\/\/www.encontrapiracicaba.com.br\/sobre\/noticias-em-piracicaba\/","nextItem":{"@type":"ListItem","@id":"https:\/\/www.encontrapiracicaba.com.br\/sobre\/mp-em-piracicaba-abre-inquerito-para-investigar-comissionados-da-camara\/#listItem","name":"MP em Piracicaba abre inqu\u00e9rito para investigar comissionados da C\u00e2mara"},"previousItem":{"@type":"ListItem","@id":"https:\/\/www.encontrapiracicaba.com.br\/sobre#listItem","name":"In\u00edcio"}},{"@type":"ListItem","@id":"https:\/\/www.encontrapiracicaba.com.br\/sobre\/mp-em-piracicaba-abre-inquerito-para-investigar-comissionados-da-camara\/#listItem","position":3,"name":"MP em Piracicaba abre inqu\u00e9rito para investigar comissionados da C\u00e2mara","previousItem":{"@type":"ListItem","@id":"https:\/\/www.encontrapiracicaba.com.br\/sobre\/noticias-em-piracicaba\/#listItem","name":"Not\u00edcias Piracicaba"}}]},{"@type":"Organization","@id":"https:\/\/www.encontrapiracicaba.com.br\/sobre\/#organization","name":"Encontra Piracicaba","description":"Not\u00edcias, eventos, informa\u00e7\u00f5es e dicas na cidade de Piracicaba e regi\u00e3o","url":"https:\/\/www.encontrapiracicaba.com.br\/sobre\/"},{"@type":"Person","@id":"https:\/\/www.encontrapiracicaba.com.br\/sobre\/author\/epiracicaba\/#author","url":"https:\/\/www.encontrapiracicaba.com.br\/sobre\/author\/epiracicaba\/","name":"Encontra Piracicaba","image":{"@type":"ImageObject","@id":"https:\/\/www.encontrapiracicaba.com.br\/sobre\/mp-em-piracicaba-abre-inquerito-para-investigar-comissionados-da-camara\/#authorImage","url":"https:\/\/secure.gravatar.com\/avatar\/507340682b8270222e1f208e23198b6ae7e2c6a1033ae84e99bc6bce4f82a387?s=96&d=mm&r=g","width":96,"height":96,"caption":"Encontra Piracicaba"}},{"@type":"WebPage","@id":"https:\/\/www.encontrapiracicaba.com.br\/sobre\/mp-em-piracicaba-abre-inquerito-para-investigar-comissionados-da-camara\/#webpage","url":"https:\/\/www.encontrapiracicaba.com.br\/sobre\/mp-em-piracicaba-abre-inquerito-para-investigar-comissionados-da-camara\/","name":"MP em Piracicaba abre inqu\u00e9rito para investigar comissionados da C\u00e2mara | Encontra Piracicaba","inLanguage":"pt-BR","isPartOf":{"@id":"https:\/\/www.encontrapiracicaba.com.br\/sobre\/#website"},"breadcrumb":{"@id":"https:\/\/www.encontrapiracicaba.com.br\/sobre\/mp-em-piracicaba-abre-inquerito-para-investigar-comissionados-da-camara\/#breadcrumblist"},"author":{"@id":"https:\/\/www.encontrapiracicaba.com.br\/sobre\/author\/epiracicaba\/#author"},"creator":{"@id":"https:\/\/www.encontrapiracicaba.com.br\/sobre\/author\/epiracicaba\/#author"},"datePublished":"2013-04-16T11:31:58-03:00","dateModified":"2019-04-12T16:02:05-03:00"},{"@type":"WebSite","@id":"https:\/\/www.encontrapiracicaba.com.br\/sobre\/#website","url":"https:\/\/www.encontrapiracicaba.com.br\/sobre\/","name":"Encontra Piracicaba","description":"Not\u00edcias, eventos, informa\u00e7\u00f5es e dicas na cidade de Piracicaba e regi\u00e3o","inLanguage":"pt-BR","publisher":{"@id":"https:\/\/www.encontrapiracicaba.com.br\/sobre\/#organization"}}]},"og:locale":"pt_BR","og:site_name":"Encontra Piracicaba | Not\u00edcias, eventos, informa\u00e7\u00f5es e dicas na cidade de Piracicaba e regi\u00e3o","og:type":"article","og:title":"MP em Piracicaba abre inqu\u00e9rito para investigar comissionados da C\u00e2mara | Encontra Piracicaba","og:url":"https:\/\/www.encontrapiracicaba.com.br\/sobre\/mp-em-piracicaba-abre-inquerito-para-investigar-comissionados-da-camara\/","article:published_time":"2013-04-16T14:31:58+00:00","article:modified_time":"2019-04-12T19:02:05+00:00","twitter:card":"summary","twitter:title":"MP em Piracicaba abre inqu\u00e9rito para investigar comissionados da C\u00e2mara | Encontra Piracicaba"},"aioseo_meta_data":{"post_id":"1467","title":null,"description":null,"keywords":null,"keyphrases":null,"primary_term":null,"canonical_url":null,"og_title":null,"og_description":null,"og_object_type":"default","og_image_type":"default","og_image_url":null,"og_image_width":null,"og_image_height":null,"og_image_custom_url":null,"og_image_custom_fields":null,"og_video":null,"og_custom_url":null,"og_article_section":null,"og_article_tags":null,"twitter_use_og":false,"twitter_card":"default","twitter_image_type":"default","twitter_image_url":null,"twitter_image_custom_url":null,"twitter_image_custom_fields":null,"twitter_title":null,"twitter_description":null,"schema":{"blockGraphs":[],"customGraphs":[],"default":{"data":{"Article":[],"Course":[],"Dataset":[],"FAQPage":[],"Movie":[],"Person":[],"Product":[],"ProductReview":[],"Car":[],"Recipe":[],"Service":[],"SoftwareApplication":[],"WebPage":[]},"graphName":"Article","isEnabled":true},"graphs":[]},"schema_type":null,"schema_type_options":null,"pillar_content":false,"robots_default":true,"robots_noindex":false,"robots_noarchive":false,"robots_nosnippet":false,"robots_nofollow":false,"robots_noimageindex":false,"robots_noodp":false,"robots_notranslate":false,"robots_max_snippet":null,"robots_max_videopreview":null,"robots_max_imagepreview":"large","priority":null,"frequency":null,"local_seo":null,"breadcrumb_settings":null,"limit_modified_date":false,"ai":null,"created":"2021-08-13 20:41:24","updated":"2025-10-04 03:20:49","focus_keyword":null,"additional_keywords":null,"truseo_locale":null,"seo_analyzer_scan_date":null},"aioseo_breadcrumb":"<div class=\"aioseo-breadcrumbs\"><span class=\"aioseo-breadcrumb\">\n\t\t\t<a href=\"https:\/\/www.encontrapiracicaba.com.br\/sobre\" title=\"In\u00edcio\">In\u00edcio<\/a>\n\t\t<\/span><span class=\"aioseo-breadcrumb-separator\">&raquo;<\/span><span class=\"aioseo-breadcrumb\">\n\t\t\t<a href=\"https:\/\/www.encontrapiracicaba.com.br\/sobre\/noticias-em-piracicaba\/\" title=\"Not\u00edcias Piracicaba\">Not\u00edcias Piracicaba<\/a>\n\t\t<\/span><span class=\"aioseo-breadcrumb-separator\">&raquo;<\/span><span class=\"aioseo-breadcrumb\">\n\t\t\tMP em Piracicaba abre inqu\u00e9rito para investigar comissionados da C\u00e2mara\n\t\t<\/span><\/div>","aioseo_breadcrumb_json":[{"label":"In\u00edcio","link":"https:\/\/www.encontrapiracicaba.com.br\/sobre"},{"label":"Not\u00edcias Piracicaba","link":"https:\/\/www.encontrapiracicaba.com.br\/sobre\/noticias-em-piracicaba\/"},{"label":"MP em Piracicaba abre inqu\u00e9rito para investigar comissionados da C\u00e2mara","link":"https:\/\/www.encontrapiracicaba.com.br\/sobre\/mp-em-piracicaba-abre-inquerito-para-investigar-comissionados-da-camara\/"}],"_links":{"self":[{"href":"https:\/\/www.encontrapiracicaba.com.br\/sobre\/wp-json\/wp\/v2\/posts\/1467","targetHints":{"allow":["GET"]}}],"collection":[{"href":"https:\/\/www.encontrapiracicaba.com.br\/sobre\/wp-json\/wp\/v2\/posts"}],"about":[{"href":"https:\/\/www.encontrapiracicaba.com.br\/sobre\/wp-json\/wp\/v2\/types\/post"}],"author":[{"embeddable":true,"href":"https:\/\/www.encontrapiracicaba.com.br\/sobre\/wp-json\/wp\/v2\/users\/1"}],"replies":[{"embeddable":true,"href":"https:\/\/www.encontrapiracicaba.com.br\/sobre\/wp-json\/wp\/v2\/comments?post=1467"}],"version-history":[{"count":5,"href":"https:\/\/www.encontrapiracicaba.com.br\/sobre\/wp-json\/wp\/v2\/posts\/1467\/revisions"}],"predecessor-version":[{"id":2574,"href":"https:\/\/www.encontrapiracicaba.com.br\/sobre\/wp-json\/wp\/v2\/posts\/1467\/revisions\/2574"}],"wp:attachment":[{"href":"https:\/\/www.encontrapiracicaba.com.br\/sobre\/wp-json\/wp\/v2\/media?parent=1467"}],"wp:term":[{"taxonomy":"category","embeddable":true,"href":"https:\/\/www.encontrapiracicaba.com.br\/sobre\/wp-json\/wp\/v2\/categories?post=1467"},{"taxonomy":"post_tag","embeddable":true,"href":"https:\/\/www.encontrapiracicaba.com.br\/sobre\/wp-json\/wp\/v2\/tags?post=1467"}],"curies":[{"name":"wp","href":"https:\/\/api.w.org\/{rel}","templated":true}]}}