{"id":1491,"date":"2013-05-08T23:58:28","date_gmt":"2013-05-09T02:58:28","guid":{"rendered":"http:\/\/www.encontrapiracicaba.com.br\/noticias\/?p=1491"},"modified":"2019-04-12T16:02:05","modified_gmt":"2019-04-12T19:02:05","slug":"universitarios-de-piracicaba-fazem-ato-contra-feliciano-em-comissao","status":"publish","type":"post","link":"https:\/\/www.encontrapiracicaba.com.br\/sobre\/universitarios-de-piracicaba-fazem-ato-contra-feliciano-em-comissao\/","title":{"rendered":"Universit\u00e1rios de Piracicaba fazem ato contra Feliciano em comiss\u00e3o"},"content":{"rendered":"<div class=\"85df007ed5c0c4d4b453fd13a37855e8\" data-index=\"1\" style=\"float: none; margin:0px;\">\n<!-- Anuncio display - global -->\r\n<ins class=\"adsbygoogle\"\r\n     style=\"display:block\"\r\n     data-ad-client=\"ca-pub-8585364105181520\"\r\n     data-ad-slot=\"8789329856\"\r\n     data-ad-format=\"auto\"\r\n     data-full-width-responsive=\"true\"><\/ins>\r\n<script>\r\n     (adsbygoogle = window.adsbygoogle || []).push({});\r\n<\/script>\n<\/div>\n<p>Cerca de 300 estudantes universit\u00e1rios de Piracicaba acompanharam na noite desta quarta-feira (8) protesto contra a perman\u00eancia do pastor Marco Feliciano (PSC) \u00e0 frente da Comiss\u00e3o de Direitos Humanos da C\u00e2mara dos Deputados. Integrantes da ONG Centro de Apoio \u00e0 Vida (Casvi) distribu\u00edram folhetos durante o ato, realizado no campus Taquaral da Universidade Metodista de Piracicaba (Unimep).<\/p>\n<p>Segundo o presidente do Diret\u00f3rio Central dos Estudantes (DCE) da Unimep, Rafael Lacerda, o objetivo da manifesta\u00e7\u00e3o, in\u00e9dita na faculdade piracicabana, foi debater a perman\u00eancia de Feliciano na Comiss\u00e3o de Direitos Humanos entre o p\u00fablico LGBT e os alunos das faculdades na cidade Piracicaba. \u201cVimos outras universidades da regi\u00e3o se mobilizarem e resolvemos come\u00e7ar uma discuss\u00e3o&#8221;, disse.<\/p>\n<p><strong>Mobiliza\u00e7\u00e3o<\/strong><br \/>\nPresentes no protesto, os estudantes do 5\u00b0 semestre de jornalismo Junior Campos e B\u00e1rbara Silva concordaram com a posi\u00e7\u00e3o \u201canti-Feliciano\u201d exaltada na manifesta\u00e7\u00e3o. \u201cVimos muita press\u00e3o por parte dos estudantes e nada mudou ainda. \u00c9 uma pena&#8221;, afirmou Campos. O deputado \u00e9 criticado por organiza\u00e7\u00f5es de direitos civis por ter feito afirma\u00e7\u00f5es que foram consideradas inapropriadas e preconceituosas em rela\u00e7\u00e3o a homossexais e negros.<\/p>\n<p><em>Fonte: G1<\/em><\/p>\n\n<div style=\"font-size: 0px; height: 0px; line-height: 0px; margin: 0; padding: 0; clear: both;\"><\/div>","protected":false},"excerpt":{"rendered":"<p>Cerca de 300 estudantes universit\u00e1rios de Piracicaba acompanharam na noite desta quarta-feira (8) protesto contra a perman\u00eancia do pastor Marco Feliciano (PSC) \u00e0 frente da Comiss\u00e3o de Direitos Humanos da C\u00e2mara dos Deputados. Integrantes da ONG Centro de Apoio \u00e0 Vida (Casvi) distribu\u00edram folhetos durante o ato, realizado no campus Taquaral da Universidade Metodista de Piracicaba (Unimep). Segundo o presidente do Diret\u00f3rio Central dos Estudantes (DCE) da Unimep, Rafael Lacerda, o objetivo da manifesta\u00e7\u00e3o, in\u00e9dita na faculdade piracicabana, foi debater a perman\u00eancia de Feliciano na Comiss\u00e3o de Direitos Humanos entre o p\u00fablico LGBT e os alunos das faculdades na cidade <\/p>\n","protected":false},"author":1,"featured_media":0,"comment_status":"open","ping_status":"closed","sticky":false,"template":"","format":"standard","meta":{"footnotes":""},"categories":[6],"tags":[],"class_list":["post-1491","post","type-post","status-publish","format-standard","hentry","category-noticias-em-piracicaba"],"aioseo_notices":[],"aioseo_head":"\n\t\t<!-- All in One SEO 5.0.0.1 - aioseo.com -->\n\t<meta name=\"robots\" content=\"max-image-preview:large\" \/>\n\t<meta name=\"author\" content=\"Encontra Piracicaba\"\/>\n\t<link rel=\"canonical\" href=\"https:\/\/www.encontrapiracicaba.com.br\/sobre\/universitarios-de-piracicaba-fazem-ato-contra-feliciano-em-comissao\/\" \/>\n\t<meta name=\"generator\" content=\"All in One SEO (AIOSEO) 5.0.0.1\" \/>\n\t\t<meta property=\"og:locale\" content=\"pt_BR\" \/>\n\t\t<meta property=\"og:site_name\" content=\"Encontra Piracicaba | Not\u00edcias, eventos, informa\u00e7\u00f5es e dicas na cidade de Piracicaba e regi\u00e3o\" \/>\n\t\t<meta property=\"og:type\" content=\"article\" \/>\n\t\t<meta property=\"og:title\" content=\"Universit\u00e1rios de Piracicaba fazem ato contra Feliciano em comiss\u00e3o | Encontra Piracicaba\" \/>\n\t\t<meta property=\"og:url\" content=\"https:\/\/www.encontrapiracicaba.com.br\/sobre\/universitarios-de-piracicaba-fazem-ato-contra-feliciano-em-comissao\/\" \/>\n\t\t<meta property=\"article:published_time\" content=\"2013-05-09T02:58:28+00:00\" \/>\n\t\t<meta property=\"article:modified_time\" content=\"2019-04-12T19:02:05+00:00\" \/>\n\t\t<meta name=\"twitter:card\" content=\"summary\" \/>\n\t\t<meta name=\"twitter:title\" content=\"Universit\u00e1rios de Piracicaba fazem ato contra Feliciano em comiss\u00e3o | Encontra Piracicaba\" \/>\n\t\t<script type=\"application\/ld+json\" class=\"aioseo-schema\">\n\t\t\t{\"@context\":\"https:\\\/\\\/schema.org\",\"@graph\":[{\"@type\":\"Article\",\"@id\":\"https:\\\/\\\/www.encontrapiracicaba.com.br\\\/sobre\\\/universitarios-de-piracicaba-fazem-ato-contra-feliciano-em-comissao\\\/#article\",\"name\":\"Universit\\u00e1rios de Piracicaba fazem ato contra Feliciano em comiss\\u00e3o | Encontra Piracicaba\",\"headline\":\"Universit\\u00e1rios de Piracicaba fazem ato contra Feliciano em comiss\\u00e3o\",\"author\":{\"@id\":\"https:\\\/\\\/www.encontrapiracicaba.com.br\\\/sobre\\\/author\\\/epiracicaba\\\/#author\"},\"publisher\":{\"@id\":\"https:\\\/\\\/www.encontrapiracicaba.com.br\\\/sobre\\\/#organization\"},\"datePublished\":\"2013-05-08T23:58:28-03:00\",\"dateModified\":\"2019-04-12T16:02:05-03:00\",\"inLanguage\":\"pt-BR\",\"mainEntityOfPage\":{\"@id\":\"https:\\\/\\\/www.encontrapiracicaba.com.br\\\/sobre\\\/universitarios-de-piracicaba-fazem-ato-contra-feliciano-em-comissao\\\/#webpage\"},\"isPartOf\":{\"@id\":\"https:\\\/\\\/www.encontrapiracicaba.com.br\\\/sobre\\\/universitarios-de-piracicaba-fazem-ato-contra-feliciano-em-comissao\\\/#webpage\"},\"articleSection\":\"Not\\u00edcias Piracicaba\"},{\"@type\":\"BreadcrumbList\",\"@id\":\"https:\\\/\\\/www.encontrapiracicaba.com.br\\\/sobre\\\/universitarios-de-piracicaba-fazem-ato-contra-feliciano-em-comissao\\\/#breadcrumblist\",\"itemListElement\":[{\"@type\":\"ListItem\",\"@id\":\"https:\\\/\\\/www.encontrapiracicaba.com.br\\\/sobre#listItem\",\"position\":1,\"name\":\"In\\u00edcio\",\"item\":\"https:\\\/\\\/www.encontrapiracicaba.com.br\\\/sobre\",\"nextItem\":{\"@type\":\"ListItem\",\"@id\":\"https:\\\/\\\/www.encontrapiracicaba.com.br\\\/sobre\\\/noticias-em-piracicaba\\\/#listItem\",\"name\":\"Not\\u00edcias Piracicaba\"}},{\"@type\":\"ListItem\",\"@id\":\"https:\\\/\\\/www.encontrapiracicaba.com.br\\\/sobre\\\/noticias-em-piracicaba\\\/#listItem\",\"position\":2,\"name\":\"Not\\u00edcias Piracicaba\",\"item\":\"https:\\\/\\\/www.encontrapiracicaba.com.br\\\/sobre\\\/noticias-em-piracicaba\\\/\",\"nextItem\":{\"@type\":\"ListItem\",\"@id\":\"https:\\\/\\\/www.encontrapiracicaba.com.br\\\/sobre\\\/universitarios-de-piracicaba-fazem-ato-contra-feliciano-em-comissao\\\/#listItem\",\"name\":\"Universit\\u00e1rios de Piracicaba fazem ato contra Feliciano em comiss\\u00e3o\"},\"previousItem\":{\"@type\":\"ListItem\",\"@id\":\"https:\\\/\\\/www.encontrapiracicaba.com.br\\\/sobre#listItem\",\"name\":\"In\\u00edcio\"}},{\"@type\":\"ListItem\",\"@id\":\"https:\\\/\\\/www.encontrapiracicaba.com.br\\\/sobre\\\/universitarios-de-piracicaba-fazem-ato-contra-feliciano-em-comissao\\\/#listItem\",\"position\":3,\"name\":\"Universit\\u00e1rios de Piracicaba fazem ato contra Feliciano em comiss\\u00e3o\",\"previousItem\":{\"@type\":\"ListItem\",\"@id\":\"https:\\\/\\\/www.encontrapiracicaba.com.br\\\/sobre\\\/noticias-em-piracicaba\\\/#listItem\",\"name\":\"Not\\u00edcias Piracicaba\"}}]},{\"@type\":\"Organization\",\"@id\":\"https:\\\/\\\/www.encontrapiracicaba.com.br\\\/sobre\\\/#organization\",\"name\":\"Encontra Piracicaba\",\"description\":\"Not\\u00edcias, eventos, informa\\u00e7\\u00f5es e dicas na cidade de Piracicaba e regi\\u00e3o\",\"url\":\"https:\\\/\\\/www.encontrapiracicaba.com.br\\\/sobre\\\/\"},{\"@type\":\"Person\",\"@id\":\"https:\\\/\\\/www.encontrapiracicaba.com.br\\\/sobre\\\/author\\\/epiracicaba\\\/#author\",\"url\":\"https:\\\/\\\/www.encontrapiracicaba.com.br\\\/sobre\\\/author\\\/epiracicaba\\\/\",\"name\":\"Encontra Piracicaba\",\"image\":{\"@type\":\"ImageObject\",\"@id\":\"https:\\\/\\\/www.encontrapiracicaba.com.br\\\/sobre\\\/universitarios-de-piracicaba-fazem-ato-contra-feliciano-em-comissao\\\/#authorImage\",\"url\":\"https:\\\/\\\/secure.gravatar.com\\\/avatar\\\/507340682b8270222e1f208e23198b6ae7e2c6a1033ae84e99bc6bce4f82a387?s=96&d=mm&r=g\",\"width\":96,\"height\":96,\"caption\":\"Encontra Piracicaba\"}},{\"@type\":\"WebPage\",\"@id\":\"https:\\\/\\\/www.encontrapiracicaba.com.br\\\/sobre\\\/universitarios-de-piracicaba-fazem-ato-contra-feliciano-em-comissao\\\/#webpage\",\"url\":\"https:\\\/\\\/www.encontrapiracicaba.com.br\\\/sobre\\\/universitarios-de-piracicaba-fazem-ato-contra-feliciano-em-comissao\\\/\",\"name\":\"Universit\\u00e1rios de Piracicaba fazem ato contra Feliciano em comiss\\u00e3o | Encontra Piracicaba\",\"inLanguage\":\"pt-BR\",\"isPartOf\":{\"@id\":\"https:\\\/\\\/www.encontrapiracicaba.com.br\\\/sobre\\\/#website\"},\"breadcrumb\":{\"@id\":\"https:\\\/\\\/www.encontrapiracicaba.com.br\\\/sobre\\\/universitarios-de-piracicaba-fazem-ato-contra-feliciano-em-comissao\\\/#breadcrumblist\"},\"author\":{\"@id\":\"https:\\\/\\\/www.encontrapiracicaba.com.br\\\/sobre\\\/author\\\/epiracicaba\\\/#author\"},\"creator\":{\"@id\":\"https:\\\/\\\/www.encontrapiracicaba.com.br\\\/sobre\\\/author\\\/epiracicaba\\\/#author\"},\"datePublished\":\"2013-05-08T23:58:28-03:00\",\"dateModified\":\"2019-04-12T16:02:05-03:00\"},{\"@type\":\"WebSite\",\"@id\":\"https:\\\/\\\/www.encontrapiracicaba.com.br\\\/sobre\\\/#website\",\"url\":\"https:\\\/\\\/www.encontrapiracicaba.com.br\\\/sobre\\\/\",\"name\":\"Encontra Piracicaba\",\"description\":\"Not\\u00edcias, eventos, informa\\u00e7\\u00f5es e dicas na cidade de Piracicaba e regi\\u00e3o\",\"inLanguage\":\"pt-BR\",\"publisher\":{\"@id\":\"https:\\\/\\\/www.encontrapiracicaba.com.br\\\/sobre\\\/#organization\"}}]}\n\t\t<\/script>\n\t\t<!-- All in One SEO -->\n\n","aioseo_head_json":{"title":"Universit\u00e1rios de Piracicaba fazem ato contra Feliciano em comiss\u00e3o | Encontra Piracicaba","description":"","canonical_url":"https:\/\/www.encontrapiracicaba.com.br\/sobre\/universitarios-de-piracicaba-fazem-ato-contra-feliciano-em-comissao\/","robots":"max-image-preview:large","keywords":"","webmasterTools":{"miscellaneous":""},"schema":{"@context":"https:\/\/schema.org","@graph":[{"@type":"Article","@id":"https:\/\/www.encontrapiracicaba.com.br\/sobre\/universitarios-de-piracicaba-fazem-ato-contra-feliciano-em-comissao\/#article","name":"Universit\u00e1rios de Piracicaba fazem ato contra Feliciano em comiss\u00e3o | Encontra Piracicaba","headline":"Universit\u00e1rios de Piracicaba fazem ato contra Feliciano em comiss\u00e3o","author":{"@id":"https:\/\/www.encontrapiracicaba.com.br\/sobre\/author\/epiracicaba\/#author"},"publisher":{"@id":"https:\/\/www.encontrapiracicaba.com.br\/sobre\/#organization"},"datePublished":"2013-05-08T23:58:28-03:00","dateModified":"2019-04-12T16:02:05-03:00","inLanguage":"pt-BR","mainEntityOfPage":{"@id":"https:\/\/www.encontrapiracicaba.com.br\/sobre\/universitarios-de-piracicaba-fazem-ato-contra-feliciano-em-comissao\/#webpage"},"isPartOf":{"@id":"https:\/\/www.encontrapiracicaba.com.br\/sobre\/universitarios-de-piracicaba-fazem-ato-contra-feliciano-em-comissao\/#webpage"},"articleSection":"Not\u00edcias Piracicaba"},{"@type":"BreadcrumbList","@id":"https:\/\/www.encontrapiracicaba.com.br\/sobre\/universitarios-de-piracicaba-fazem-ato-contra-feliciano-em-comissao\/#breadcrumblist","itemListElement":[{"@type":"ListItem","@id":"https:\/\/www.encontrapiracicaba.com.br\/sobre#listItem","position":1,"name":"In\u00edcio","item":"https:\/\/www.encontrapiracicaba.com.br\/sobre","nextItem":{"@type":"ListItem","@id":"https:\/\/www.encontrapiracicaba.com.br\/sobre\/noticias-em-piracicaba\/#listItem","name":"Not\u00edcias Piracicaba"}},{"@type":"ListItem","@id":"https:\/\/www.encontrapiracicaba.com.br\/sobre\/noticias-em-piracicaba\/#listItem","position":2,"name":"Not\u00edcias Piracicaba","item":"https:\/\/www.encontrapiracicaba.com.br\/sobre\/noticias-em-piracicaba\/","nextItem":{"@type":"ListItem","@id":"https:\/\/www.encontrapiracicaba.com.br\/sobre\/universitarios-de-piracicaba-fazem-ato-contra-feliciano-em-comissao\/#listItem","name":"Universit\u00e1rios de Piracicaba fazem ato contra Feliciano em comiss\u00e3o"},"previousItem":{"@type":"ListItem","@id":"https:\/\/www.encontrapiracicaba.com.br\/sobre#listItem","name":"In\u00edcio"}},{"@type":"ListItem","@id":"https:\/\/www.encontrapiracicaba.com.br\/sobre\/universitarios-de-piracicaba-fazem-ato-contra-feliciano-em-comissao\/#listItem","position":3,"name":"Universit\u00e1rios de Piracicaba fazem ato contra Feliciano em comiss\u00e3o","previousItem":{"@type":"ListItem","@id":"https:\/\/www.encontrapiracicaba.com.br\/sobre\/noticias-em-piracicaba\/#listItem","name":"Not\u00edcias Piracicaba"}}]},{"@type":"Organization","@id":"https:\/\/www.encontrapiracicaba.com.br\/sobre\/#organization","name":"Encontra Piracicaba","description":"Not\u00edcias, eventos, informa\u00e7\u00f5es e dicas na cidade de Piracicaba e regi\u00e3o","url":"https:\/\/www.encontrapiracicaba.com.br\/sobre\/"},{"@type":"Person","@id":"https:\/\/www.encontrapiracicaba.com.br\/sobre\/author\/epiracicaba\/#author","url":"https:\/\/www.encontrapiracicaba.com.br\/sobre\/author\/epiracicaba\/","name":"Encontra Piracicaba","image":{"@type":"ImageObject","@id":"https:\/\/www.encontrapiracicaba.com.br\/sobre\/universitarios-de-piracicaba-fazem-ato-contra-feliciano-em-comissao\/#authorImage","url":"https:\/\/secure.gravatar.com\/avatar\/507340682b8270222e1f208e23198b6ae7e2c6a1033ae84e99bc6bce4f82a387?s=96&d=mm&r=g","width":96,"height":96,"caption":"Encontra Piracicaba"}},{"@type":"WebPage","@id":"https:\/\/www.encontrapiracicaba.com.br\/sobre\/universitarios-de-piracicaba-fazem-ato-contra-feliciano-em-comissao\/#webpage","url":"https:\/\/www.encontrapiracicaba.com.br\/sobre\/universitarios-de-piracicaba-fazem-ato-contra-feliciano-em-comissao\/","name":"Universit\u00e1rios de Piracicaba fazem ato contra Feliciano em comiss\u00e3o | Encontra Piracicaba","inLanguage":"pt-BR","isPartOf":{"@id":"https:\/\/www.encontrapiracicaba.com.br\/sobre\/#website"},"breadcrumb":{"@id":"https:\/\/www.encontrapiracicaba.com.br\/sobre\/universitarios-de-piracicaba-fazem-ato-contra-feliciano-em-comissao\/#breadcrumblist"},"author":{"@id":"https:\/\/www.encontrapiracicaba.com.br\/sobre\/author\/epiracicaba\/#author"},"creator":{"@id":"https:\/\/www.encontrapiracicaba.com.br\/sobre\/author\/epiracicaba\/#author"},"datePublished":"2013-05-08T23:58:28-03:00","dateModified":"2019-04-12T16:02:05-03:00"},{"@type":"WebSite","@id":"https:\/\/www.encontrapiracicaba.com.br\/sobre\/#website","url":"https:\/\/www.encontrapiracicaba.com.br\/sobre\/","name":"Encontra Piracicaba","description":"Not\u00edcias, eventos, informa\u00e7\u00f5es e dicas na cidade de Piracicaba e regi\u00e3o","inLanguage":"pt-BR","publisher":{"@id":"https:\/\/www.encontrapiracicaba.com.br\/sobre\/#organization"}}]},"og:locale":"pt_BR","og:site_name":"Encontra Piracicaba | Not\u00edcias, eventos, informa\u00e7\u00f5es e dicas na cidade de Piracicaba e regi\u00e3o","og:type":"article","og:title":"Universit\u00e1rios de Piracicaba fazem ato contra Feliciano em comiss\u00e3o | Encontra Piracicaba","og:url":"https:\/\/www.encontrapiracicaba.com.br\/sobre\/universitarios-de-piracicaba-fazem-ato-contra-feliciano-em-comissao\/","article:published_time":"2013-05-09T02:58:28+00:00","article:modified_time":"2019-04-12T19:02:05+00:00","twitter:card":"summary","twitter:title":"Universit\u00e1rios de Piracicaba fazem ato contra Feliciano em comiss\u00e3o | Encontra Piracicaba"},"aioseo_meta_data":{"post_id":"1491","title":null,"description":null,"keywords":null,"keyphrases":null,"primary_term":null,"canonical_url":null,"og_title":null,"og_description":null,"og_object_type":"default","og_image_type":"default","og_image_url":null,"og_image_width":null,"og_image_height":null,"og_image_custom_url":null,"og_image_custom_fields":null,"og_video":null,"og_custom_url":null,"og_article_section":null,"og_article_tags":null,"twitter_use_og":false,"twitter_card":"default","twitter_image_type":"default","twitter_image_url":null,"twitter_image_custom_url":null,"twitter_image_custom_fields":null,"twitter_title":null,"twitter_description":null,"schema":{"blockGraphs":[],"customGraphs":[],"default":{"data":{"Article":[],"Course":[],"Dataset":[],"FAQPage":[],"Movie":[],"Person":[],"Product":[],"ProductReview":[],"Car":[],"Recipe":[],"Service":[],"SoftwareApplication":[],"WebPage":[]},"graphName":"Article","isEnabled":true},"graphs":[]},"schema_type":null,"schema_type_options":null,"pillar_content":false,"robots_default":true,"robots_noindex":false,"robots_noarchive":false,"robots_nosnippet":false,"robots_nofollow":false,"robots_noimageindex":false,"robots_noodp":false,"robots_notranslate":false,"robots_max_snippet":null,"robots_max_videopreview":null,"robots_max_imagepreview":"large","priority":null,"frequency":null,"local_seo":null,"breadcrumb_settings":null,"limit_modified_date":false,"ai":null,"created":"2021-08-13 20:41:23","updated":"2025-10-04 03:26:59","focus_keyword":null,"additional_keywords":null,"truseo_locale":null,"seo_analyzer_scan_date":null},"aioseo_breadcrumb":"<div class=\"aioseo-breadcrumbs\"><span class=\"aioseo-breadcrumb\">\n\t\t\t<a href=\"https:\/\/www.encontrapiracicaba.com.br\/sobre\" title=\"In\u00edcio\">In\u00edcio<\/a>\n\t\t<\/span><span class=\"aioseo-breadcrumb-separator\">&raquo;<\/span><span class=\"aioseo-breadcrumb\">\n\t\t\t<a href=\"https:\/\/www.encontrapiracicaba.com.br\/sobre\/noticias-em-piracicaba\/\" title=\"Not\u00edcias Piracicaba\">Not\u00edcias Piracicaba<\/a>\n\t\t<\/span><span class=\"aioseo-breadcrumb-separator\">&raquo;<\/span><span class=\"aioseo-breadcrumb\">\n\t\t\tUniversit\u00e1rios de Piracicaba fazem ato contra Feliciano em comiss\u00e3o\n\t\t<\/span><\/div>","aioseo_breadcrumb_json":[{"label":"In\u00edcio","link":"https:\/\/www.encontrapiracicaba.com.br\/sobre"},{"label":"Not\u00edcias Piracicaba","link":"https:\/\/www.encontrapiracicaba.com.br\/sobre\/noticias-em-piracicaba\/"},{"label":"Universit\u00e1rios de Piracicaba fazem ato contra Feliciano em comiss\u00e3o","link":"https:\/\/www.encontrapiracicaba.com.br\/sobre\/universitarios-de-piracicaba-fazem-ato-contra-feliciano-em-comissao\/"}],"_links":{"self":[{"href":"https:\/\/www.encontrapiracicaba.com.br\/sobre\/wp-json\/wp\/v2\/posts\/1491","targetHints":{"allow":["GET"]}}],"collection":[{"href":"https:\/\/www.encontrapiracicaba.com.br\/sobre\/wp-json\/wp\/v2\/posts"}],"about":[{"href":"https:\/\/www.encontrapiracicaba.com.br\/sobre\/wp-json\/wp\/v2\/types\/post"}],"author":[{"embeddable":true,"href":"https:\/\/www.encontrapiracicaba.com.br\/sobre\/wp-json\/wp\/v2\/users\/1"}],"replies":[{"embeddable":true,"href":"https:\/\/www.encontrapiracicaba.com.br\/sobre\/wp-json\/wp\/v2\/comments?post=1491"}],"version-history":[{"count":2,"href":"https:\/\/www.encontrapiracicaba.com.br\/sobre\/wp-json\/wp\/v2\/posts\/1491\/revisions"}],"predecessor-version":[{"id":2216,"href":"https:\/\/www.encontrapiracicaba.com.br\/sobre\/wp-json\/wp\/v2\/posts\/1491\/revisions\/2216"}],"wp:attachment":[{"href":"https:\/\/www.encontrapiracicaba.com.br\/sobre\/wp-json\/wp\/v2\/media?parent=1491"}],"wp:term":[{"taxonomy":"category","embeddable":true,"href":"https:\/\/www.encontrapiracicaba.com.br\/sobre\/wp-json\/wp\/v2\/categories?post=1491"},{"taxonomy":"post_tag","embeddable":true,"href":"https:\/\/www.encontrapiracicaba.com.br\/sobre\/wp-json\/wp\/v2\/tags?post=1491"}],"curies":[{"name":"wp","href":"https:\/\/api.w.org\/{rel}","templated":true}]}}