{"id":1500,"date":"2013-05-16T10:15:24","date_gmt":"2013-05-16T13:15:24","guid":{"rendered":"http:\/\/www.encontrapiracicaba.com.br\/noticias\/?p=1500"},"modified":"2019-04-12T16:02:05","modified_gmt":"2019-04-12T19:02:05","slug":"festa-das-nacoes-de-piracicaba-tera-postos-de-vacinacao-contra-a-gripe","status":"publish","type":"post","link":"https:\/\/www.encontrapiracicaba.com.br\/sobre\/festa-das-nacoes-de-piracicaba-tera-postos-de-vacinacao-contra-a-gripe\/","title":{"rendered":"Festa das Na\u00e7\u00f5es de Piracicaba ter\u00e1 postos de vacina\u00e7\u00e3o contra a gripe"},"content":{"rendered":"<div class=\"85df007ed5c0c4d4b453fd13a37855e8\" data-index=\"1\" style=\"float: none; margin:0px;\">\n<!-- Anuncio display - global -->\r\n<ins class=\"adsbygoogle\"\r\n     style=\"display:block\"\r\n     data-ad-client=\"ca-pub-8585364105181520\"\r\n     data-ad-slot=\"8789329856\"\r\n     data-ad-format=\"auto\"\r\n     data-full-width-responsive=\"true\"><\/ins>\r\n<script>\r\n     (adsbygoogle = window.adsbygoogle || []).push({});\r\n<\/script>\n<\/div>\n<p>Durante a 30\u00aa Festa das Na\u00e7\u00f5es da Cidade Piracicaba (SP), a Secretaria Municipal da Sa\u00fade na cidade Piracicaba manter\u00e1 postos volantes de vacina\u00e7\u00e3o contra gripe no Engenho Central. Al\u00e9m da estrutura para atender o p\u00fablico do evento, haver\u00e1 mais dez pontos de distribui\u00e7\u00e3o no final de semana na cidade.<\/p>\n<p>At\u00e9 domingo (19), os visitantes da festa poder\u00e3o procurar as equipes que aplicam as vacinas em estande pr\u00f3ximo \u00e0 barraca da Fran\u00e7a. At\u00e9 sexta-feira (17), o atendimento ser\u00e1 das 19h \u00e0s 22h. No s\u00e1bado (18), a aplica\u00e7\u00e3o da vacina ser\u00e1 das 11h \u00e0s 22h e, no domingo, das 10h \u00e0s 17h.<\/p>\n<p>Fora da \u00e1rea do Engenho Central, a campanha segue no s\u00e1bado na Pra\u00e7a Jos\u00e9 Bonif\u00e1cio (8h \u00e0s 12h) e Terminal Central Integra\u00e7\u00e3o (8h \u00e0s 13h), al\u00e9m dos supermercados Ja\u00fa Serve, Coop, Walmart, Ideal, P\u00e3o de A\u00e7\u00facar e Carrefour, todos das 8h \u00e0s 13h. Segundo a Prefeitura de Piracicaba, a campanha de vacina\u00e7\u00e3o contra a gripe continua at\u00e9 o dia 31 de maio.<\/p>\n<p><em>Fonte: G1<\/em><\/p>\n\n<div style=\"font-size: 0px; height: 0px; line-height: 0px; margin: 0; padding: 0; clear: both;\"><\/div>","protected":false},"excerpt":{"rendered":"<p>Durante a 30\u00aa Festa das Na\u00e7\u00f5es da Cidade Piracicaba (SP), a Secretaria Municipal da Sa\u00fade na cidade Piracicaba manter\u00e1 postos volantes de vacina\u00e7\u00e3o contra gripe no Engenho Central. Al\u00e9m da estrutura para atender o p\u00fablico do evento, haver\u00e1 mais dez pontos de distribui\u00e7\u00e3o no final de semana na cidade. At\u00e9 domingo (19), os visitantes da festa poder\u00e3o procurar as equipes que aplicam as vacinas em estande pr\u00f3ximo \u00e0 barraca da Fran\u00e7a. At\u00e9 sexta-feira (17), o atendimento ser\u00e1 das 19h \u00e0s 22h. No s\u00e1bado (18), a aplica\u00e7\u00e3o da vacina ser\u00e1 das 11h \u00e0s 22h e, no domingo, das 10h \u00e0s 17h. <\/p>\n","protected":false},"author":1,"featured_media":0,"comment_status":"open","ping_status":"closed","sticky":false,"template":"","format":"standard","meta":{"footnotes":""},"categories":[6],"tags":[],"class_list":["post-1500","post","type-post","status-publish","format-standard","hentry","category-noticias-em-piracicaba"],"aioseo_notices":[],"aioseo_head":"\n\t\t<!-- All in One SEO 5.0.0.1 - aioseo.com -->\n\t<meta name=\"robots\" content=\"max-image-preview:large\" \/>\n\t<meta name=\"author\" content=\"Encontra Piracicaba\"\/>\n\t<link rel=\"canonical\" href=\"https:\/\/www.encontrapiracicaba.com.br\/sobre\/festa-das-nacoes-de-piracicaba-tera-postos-de-vacinacao-contra-a-gripe\/\" \/>\n\t<meta name=\"generator\" content=\"All in One SEO (AIOSEO) 5.0.0.1\" \/>\n\t\t<meta property=\"og:locale\" content=\"pt_BR\" \/>\n\t\t<meta property=\"og:site_name\" content=\"Encontra Piracicaba | Not\u00edcias, eventos, informa\u00e7\u00f5es e dicas na cidade de Piracicaba e regi\u00e3o\" \/>\n\t\t<meta property=\"og:type\" content=\"article\" \/>\n\t\t<meta property=\"og:title\" content=\"Festa das Na\u00e7\u00f5es de Piracicaba ter\u00e1 postos de vacina\u00e7\u00e3o contra a gripe | Encontra Piracicaba\" \/>\n\t\t<meta property=\"og:url\" content=\"https:\/\/www.encontrapiracicaba.com.br\/sobre\/festa-das-nacoes-de-piracicaba-tera-postos-de-vacinacao-contra-a-gripe\/\" \/>\n\t\t<meta property=\"article:published_time\" content=\"2013-05-16T13:15:24+00:00\" \/>\n\t\t<meta property=\"article:modified_time\" content=\"2019-04-12T19:02:05+00:00\" \/>\n\t\t<meta name=\"twitter:card\" content=\"summary\" \/>\n\t\t<meta name=\"twitter:title\" content=\"Festa das Na\u00e7\u00f5es de Piracicaba ter\u00e1 postos de vacina\u00e7\u00e3o contra a gripe | Encontra Piracicaba\" \/>\n\t\t<script type=\"application\/ld+json\" class=\"aioseo-schema\">\n\t\t\t{\"@context\":\"https:\\\/\\\/schema.org\",\"@graph\":[{\"@type\":\"Article\",\"@id\":\"https:\\\/\\\/www.encontrapiracicaba.com.br\\\/sobre\\\/festa-das-nacoes-de-piracicaba-tera-postos-de-vacinacao-contra-a-gripe\\\/#article\",\"name\":\"Festa das Na\\u00e7\\u00f5es de Piracicaba ter\\u00e1 postos de vacina\\u00e7\\u00e3o contra a gripe | Encontra Piracicaba\",\"headline\":\"Festa das Na\\u00e7\\u00f5es de Piracicaba ter\\u00e1 postos de vacina\\u00e7\\u00e3o contra a gripe\",\"author\":{\"@id\":\"https:\\\/\\\/www.encontrapiracicaba.com.br\\\/sobre\\\/author\\\/epiracicaba\\\/#author\"},\"publisher\":{\"@id\":\"https:\\\/\\\/www.encontrapiracicaba.com.br\\\/sobre\\\/#organization\"},\"datePublished\":\"2013-05-16T10:15:24-03:00\",\"dateModified\":\"2019-04-12T16:02:05-03:00\",\"inLanguage\":\"pt-BR\",\"mainEntityOfPage\":{\"@id\":\"https:\\\/\\\/www.encontrapiracicaba.com.br\\\/sobre\\\/festa-das-nacoes-de-piracicaba-tera-postos-de-vacinacao-contra-a-gripe\\\/#webpage\"},\"isPartOf\":{\"@id\":\"https:\\\/\\\/www.encontrapiracicaba.com.br\\\/sobre\\\/festa-das-nacoes-de-piracicaba-tera-postos-de-vacinacao-contra-a-gripe\\\/#webpage\"},\"articleSection\":\"Not\\u00edcias Piracicaba\"},{\"@type\":\"BreadcrumbList\",\"@id\":\"https:\\\/\\\/www.encontrapiracicaba.com.br\\\/sobre\\\/festa-das-nacoes-de-piracicaba-tera-postos-de-vacinacao-contra-a-gripe\\\/#breadcrumblist\",\"itemListElement\":[{\"@type\":\"ListItem\",\"@id\":\"https:\\\/\\\/www.encontrapiracicaba.com.br\\\/sobre#listItem\",\"position\":1,\"name\":\"In\\u00edcio\",\"item\":\"https:\\\/\\\/www.encontrapiracicaba.com.br\\\/sobre\",\"nextItem\":{\"@type\":\"ListItem\",\"@id\":\"https:\\\/\\\/www.encontrapiracicaba.com.br\\\/sobre\\\/noticias-em-piracicaba\\\/#listItem\",\"name\":\"Not\\u00edcias Piracicaba\"}},{\"@type\":\"ListItem\",\"@id\":\"https:\\\/\\\/www.encontrapiracicaba.com.br\\\/sobre\\\/noticias-em-piracicaba\\\/#listItem\",\"position\":2,\"name\":\"Not\\u00edcias Piracicaba\",\"item\":\"https:\\\/\\\/www.encontrapiracicaba.com.br\\\/sobre\\\/noticias-em-piracicaba\\\/\",\"nextItem\":{\"@type\":\"ListItem\",\"@id\":\"https:\\\/\\\/www.encontrapiracicaba.com.br\\\/sobre\\\/festa-das-nacoes-de-piracicaba-tera-postos-de-vacinacao-contra-a-gripe\\\/#listItem\",\"name\":\"Festa das Na\\u00e7\\u00f5es de Piracicaba ter\\u00e1 postos de vacina\\u00e7\\u00e3o contra a gripe\"},\"previousItem\":{\"@type\":\"ListItem\",\"@id\":\"https:\\\/\\\/www.encontrapiracicaba.com.br\\\/sobre#listItem\",\"name\":\"In\\u00edcio\"}},{\"@type\":\"ListItem\",\"@id\":\"https:\\\/\\\/www.encontrapiracicaba.com.br\\\/sobre\\\/festa-das-nacoes-de-piracicaba-tera-postos-de-vacinacao-contra-a-gripe\\\/#listItem\",\"position\":3,\"name\":\"Festa das Na\\u00e7\\u00f5es de Piracicaba ter\\u00e1 postos de vacina\\u00e7\\u00e3o contra a gripe\",\"previousItem\":{\"@type\":\"ListItem\",\"@id\":\"https:\\\/\\\/www.encontrapiracicaba.com.br\\\/sobre\\\/noticias-em-piracicaba\\\/#listItem\",\"name\":\"Not\\u00edcias Piracicaba\"}}]},{\"@type\":\"Organization\",\"@id\":\"https:\\\/\\\/www.encontrapiracicaba.com.br\\\/sobre\\\/#organization\",\"name\":\"Encontra Piracicaba\",\"description\":\"Not\\u00edcias, eventos, informa\\u00e7\\u00f5es e dicas na cidade de Piracicaba e regi\\u00e3o\",\"url\":\"https:\\\/\\\/www.encontrapiracicaba.com.br\\\/sobre\\\/\"},{\"@type\":\"Person\",\"@id\":\"https:\\\/\\\/www.encontrapiracicaba.com.br\\\/sobre\\\/author\\\/epiracicaba\\\/#author\",\"url\":\"https:\\\/\\\/www.encontrapiracicaba.com.br\\\/sobre\\\/author\\\/epiracicaba\\\/\",\"name\":\"Encontra Piracicaba\",\"image\":{\"@type\":\"ImageObject\",\"@id\":\"https:\\\/\\\/www.encontrapiracicaba.com.br\\\/sobre\\\/festa-das-nacoes-de-piracicaba-tera-postos-de-vacinacao-contra-a-gripe\\\/#authorImage\",\"url\":\"https:\\\/\\\/secure.gravatar.com\\\/avatar\\\/507340682b8270222e1f208e23198b6ae7e2c6a1033ae84e99bc6bce4f82a387?s=96&d=mm&r=g\",\"width\":96,\"height\":96,\"caption\":\"Encontra Piracicaba\"}},{\"@type\":\"WebPage\",\"@id\":\"https:\\\/\\\/www.encontrapiracicaba.com.br\\\/sobre\\\/festa-das-nacoes-de-piracicaba-tera-postos-de-vacinacao-contra-a-gripe\\\/#webpage\",\"url\":\"https:\\\/\\\/www.encontrapiracicaba.com.br\\\/sobre\\\/festa-das-nacoes-de-piracicaba-tera-postos-de-vacinacao-contra-a-gripe\\\/\",\"name\":\"Festa das Na\\u00e7\\u00f5es de Piracicaba ter\\u00e1 postos de vacina\\u00e7\\u00e3o contra a gripe | Encontra Piracicaba\",\"inLanguage\":\"pt-BR\",\"isPartOf\":{\"@id\":\"https:\\\/\\\/www.encontrapiracicaba.com.br\\\/sobre\\\/#website\"},\"breadcrumb\":{\"@id\":\"https:\\\/\\\/www.encontrapiracicaba.com.br\\\/sobre\\\/festa-das-nacoes-de-piracicaba-tera-postos-de-vacinacao-contra-a-gripe\\\/#breadcrumblist\"},\"author\":{\"@id\":\"https:\\\/\\\/www.encontrapiracicaba.com.br\\\/sobre\\\/author\\\/epiracicaba\\\/#author\"},\"creator\":{\"@id\":\"https:\\\/\\\/www.encontrapiracicaba.com.br\\\/sobre\\\/author\\\/epiracicaba\\\/#author\"},\"datePublished\":\"2013-05-16T10:15:24-03:00\",\"dateModified\":\"2019-04-12T16:02:05-03:00\"},{\"@type\":\"WebSite\",\"@id\":\"https:\\\/\\\/www.encontrapiracicaba.com.br\\\/sobre\\\/#website\",\"url\":\"https:\\\/\\\/www.encontrapiracicaba.com.br\\\/sobre\\\/\",\"name\":\"Encontra Piracicaba\",\"description\":\"Not\\u00edcias, eventos, informa\\u00e7\\u00f5es e dicas na cidade de Piracicaba e regi\\u00e3o\",\"inLanguage\":\"pt-BR\",\"publisher\":{\"@id\":\"https:\\\/\\\/www.encontrapiracicaba.com.br\\\/sobre\\\/#organization\"}}]}\n\t\t<\/script>\n\t\t<!-- All in One SEO -->\n\n","aioseo_head_json":{"title":"Festa das Na\u00e7\u00f5es de Piracicaba ter\u00e1 postos de vacina\u00e7\u00e3o contra a gripe | Encontra Piracicaba","description":"","canonical_url":"https:\/\/www.encontrapiracicaba.com.br\/sobre\/festa-das-nacoes-de-piracicaba-tera-postos-de-vacinacao-contra-a-gripe\/","robots":"max-image-preview:large","keywords":"","webmasterTools":{"miscellaneous":""},"schema":{"@context":"https:\/\/schema.org","@graph":[{"@type":"Article","@id":"https:\/\/www.encontrapiracicaba.com.br\/sobre\/festa-das-nacoes-de-piracicaba-tera-postos-de-vacinacao-contra-a-gripe\/#article","name":"Festa das Na\u00e7\u00f5es de Piracicaba ter\u00e1 postos de vacina\u00e7\u00e3o contra a gripe | Encontra Piracicaba","headline":"Festa das Na\u00e7\u00f5es de Piracicaba ter\u00e1 postos de vacina\u00e7\u00e3o contra a gripe","author":{"@id":"https:\/\/www.encontrapiracicaba.com.br\/sobre\/author\/epiracicaba\/#author"},"publisher":{"@id":"https:\/\/www.encontrapiracicaba.com.br\/sobre\/#organization"},"datePublished":"2013-05-16T10:15:24-03:00","dateModified":"2019-04-12T16:02:05-03:00","inLanguage":"pt-BR","mainEntityOfPage":{"@id":"https:\/\/www.encontrapiracicaba.com.br\/sobre\/festa-das-nacoes-de-piracicaba-tera-postos-de-vacinacao-contra-a-gripe\/#webpage"},"isPartOf":{"@id":"https:\/\/www.encontrapiracicaba.com.br\/sobre\/festa-das-nacoes-de-piracicaba-tera-postos-de-vacinacao-contra-a-gripe\/#webpage"},"articleSection":"Not\u00edcias Piracicaba"},{"@type":"BreadcrumbList","@id":"https:\/\/www.encontrapiracicaba.com.br\/sobre\/festa-das-nacoes-de-piracicaba-tera-postos-de-vacinacao-contra-a-gripe\/#breadcrumblist","itemListElement":[{"@type":"ListItem","@id":"https:\/\/www.encontrapiracicaba.com.br\/sobre#listItem","position":1,"name":"In\u00edcio","item":"https:\/\/www.encontrapiracicaba.com.br\/sobre","nextItem":{"@type":"ListItem","@id":"https:\/\/www.encontrapiracicaba.com.br\/sobre\/noticias-em-piracicaba\/#listItem","name":"Not\u00edcias Piracicaba"}},{"@type":"ListItem","@id":"https:\/\/www.encontrapiracicaba.com.br\/sobre\/noticias-em-piracicaba\/#listItem","position":2,"name":"Not\u00edcias Piracicaba","item":"https:\/\/www.encontrapiracicaba.com.br\/sobre\/noticias-em-piracicaba\/","nextItem":{"@type":"ListItem","@id":"https:\/\/www.encontrapiracicaba.com.br\/sobre\/festa-das-nacoes-de-piracicaba-tera-postos-de-vacinacao-contra-a-gripe\/#listItem","name":"Festa das Na\u00e7\u00f5es de Piracicaba ter\u00e1 postos de vacina\u00e7\u00e3o contra a gripe"},"previousItem":{"@type":"ListItem","@id":"https:\/\/www.encontrapiracicaba.com.br\/sobre#listItem","name":"In\u00edcio"}},{"@type":"ListItem","@id":"https:\/\/www.encontrapiracicaba.com.br\/sobre\/festa-das-nacoes-de-piracicaba-tera-postos-de-vacinacao-contra-a-gripe\/#listItem","position":3,"name":"Festa das Na\u00e7\u00f5es de Piracicaba ter\u00e1 postos de vacina\u00e7\u00e3o contra a gripe","previousItem":{"@type":"ListItem","@id":"https:\/\/www.encontrapiracicaba.com.br\/sobre\/noticias-em-piracicaba\/#listItem","name":"Not\u00edcias Piracicaba"}}]},{"@type":"Organization","@id":"https:\/\/www.encontrapiracicaba.com.br\/sobre\/#organization","name":"Encontra Piracicaba","description":"Not\u00edcias, eventos, informa\u00e7\u00f5es e dicas na cidade de Piracicaba e regi\u00e3o","url":"https:\/\/www.encontrapiracicaba.com.br\/sobre\/"},{"@type":"Person","@id":"https:\/\/www.encontrapiracicaba.com.br\/sobre\/author\/epiracicaba\/#author","url":"https:\/\/www.encontrapiracicaba.com.br\/sobre\/author\/epiracicaba\/","name":"Encontra Piracicaba","image":{"@type":"ImageObject","@id":"https:\/\/www.encontrapiracicaba.com.br\/sobre\/festa-das-nacoes-de-piracicaba-tera-postos-de-vacinacao-contra-a-gripe\/#authorImage","url":"https:\/\/secure.gravatar.com\/avatar\/507340682b8270222e1f208e23198b6ae7e2c6a1033ae84e99bc6bce4f82a387?s=96&d=mm&r=g","width":96,"height":96,"caption":"Encontra Piracicaba"}},{"@type":"WebPage","@id":"https:\/\/www.encontrapiracicaba.com.br\/sobre\/festa-das-nacoes-de-piracicaba-tera-postos-de-vacinacao-contra-a-gripe\/#webpage","url":"https:\/\/www.encontrapiracicaba.com.br\/sobre\/festa-das-nacoes-de-piracicaba-tera-postos-de-vacinacao-contra-a-gripe\/","name":"Festa das Na\u00e7\u00f5es de Piracicaba ter\u00e1 postos de vacina\u00e7\u00e3o contra a gripe | Encontra Piracicaba","inLanguage":"pt-BR","isPartOf":{"@id":"https:\/\/www.encontrapiracicaba.com.br\/sobre\/#website"},"breadcrumb":{"@id":"https:\/\/www.encontrapiracicaba.com.br\/sobre\/festa-das-nacoes-de-piracicaba-tera-postos-de-vacinacao-contra-a-gripe\/#breadcrumblist"},"author":{"@id":"https:\/\/www.encontrapiracicaba.com.br\/sobre\/author\/epiracicaba\/#author"},"creator":{"@id":"https:\/\/www.encontrapiracicaba.com.br\/sobre\/author\/epiracicaba\/#author"},"datePublished":"2013-05-16T10:15:24-03:00","dateModified":"2019-04-12T16:02:05-03:00"},{"@type":"WebSite","@id":"https:\/\/www.encontrapiracicaba.com.br\/sobre\/#website","url":"https:\/\/www.encontrapiracicaba.com.br\/sobre\/","name":"Encontra Piracicaba","description":"Not\u00edcias, eventos, informa\u00e7\u00f5es e dicas na cidade de Piracicaba e regi\u00e3o","inLanguage":"pt-BR","publisher":{"@id":"https:\/\/www.encontrapiracicaba.com.br\/sobre\/#organization"}}]},"og:locale":"pt_BR","og:site_name":"Encontra Piracicaba | Not\u00edcias, eventos, informa\u00e7\u00f5es e dicas na cidade de Piracicaba e regi\u00e3o","og:type":"article","og:title":"Festa das Na\u00e7\u00f5es de Piracicaba ter\u00e1 postos de vacina\u00e7\u00e3o contra a gripe | Encontra Piracicaba","og:url":"https:\/\/www.encontrapiracicaba.com.br\/sobre\/festa-das-nacoes-de-piracicaba-tera-postos-de-vacinacao-contra-a-gripe\/","article:published_time":"2013-05-16T13:15:24+00:00","article:modified_time":"2019-04-12T19:02:05+00:00","twitter:card":"summary","twitter:title":"Festa das Na\u00e7\u00f5es de Piracicaba ter\u00e1 postos de vacina\u00e7\u00e3o contra a gripe | Encontra Piracicaba"},"aioseo_meta_data":{"post_id":"1500","title":null,"description":null,"keywords":null,"keyphrases":null,"primary_term":null,"canonical_url":null,"og_title":null,"og_description":null,"og_object_type":"default","og_image_type":"default","og_image_url":null,"og_image_width":null,"og_image_height":null,"og_image_custom_url":null,"og_image_custom_fields":null,"og_video":null,"og_custom_url":null,"og_article_section":null,"og_article_tags":null,"twitter_use_og":false,"twitter_card":"default","twitter_image_type":"default","twitter_image_url":null,"twitter_image_custom_url":null,"twitter_image_custom_fields":null,"twitter_title":null,"twitter_description":null,"schema":{"blockGraphs":[],"customGraphs":[],"default":{"data":{"Article":[],"Course":[],"Dataset":[],"FAQPage":[],"Movie":[],"Person":[],"Product":[],"ProductReview":[],"Car":[],"Recipe":[],"Service":[],"SoftwareApplication":[],"WebPage":[]},"graphName":"Article","isEnabled":true},"graphs":[]},"schema_type":null,"schema_type_options":null,"pillar_content":false,"robots_default":true,"robots_noindex":false,"robots_noarchive":false,"robots_nosnippet":false,"robots_nofollow":false,"robots_noimageindex":false,"robots_noodp":false,"robots_notranslate":false,"robots_max_snippet":null,"robots_max_videopreview":null,"robots_max_imagepreview":"large","priority":null,"frequency":null,"local_seo":null,"breadcrumb_settings":null,"limit_modified_date":false,"ai":null,"created":"2021-08-13 20:41:23","updated":"2025-10-04 03:26:59","focus_keyword":null,"additional_keywords":null,"truseo_locale":null,"seo_analyzer_scan_date":null},"aioseo_breadcrumb":"<div class=\"aioseo-breadcrumbs\"><span class=\"aioseo-breadcrumb\">\n\t\t\t<a href=\"https:\/\/www.encontrapiracicaba.com.br\/sobre\" title=\"In\u00edcio\">In\u00edcio<\/a>\n\t\t<\/span><span class=\"aioseo-breadcrumb-separator\">&raquo;<\/span><span class=\"aioseo-breadcrumb\">\n\t\t\t<a href=\"https:\/\/www.encontrapiracicaba.com.br\/sobre\/noticias-em-piracicaba\/\" title=\"Not\u00edcias Piracicaba\">Not\u00edcias Piracicaba<\/a>\n\t\t<\/span><span class=\"aioseo-breadcrumb-separator\">&raquo;<\/span><span class=\"aioseo-breadcrumb\">\n\t\t\tFesta das Na\u00e7\u00f5es de Piracicaba ter\u00e1 postos de vacina\u00e7\u00e3o contra a gripe\n\t\t<\/span><\/div>","aioseo_breadcrumb_json":[{"label":"In\u00edcio","link":"https:\/\/www.encontrapiracicaba.com.br\/sobre"},{"label":"Not\u00edcias Piracicaba","link":"https:\/\/www.encontrapiracicaba.com.br\/sobre\/noticias-em-piracicaba\/"},{"label":"Festa das Na\u00e7\u00f5es de Piracicaba ter\u00e1 postos de vacina\u00e7\u00e3o contra a gripe","link":"https:\/\/www.encontrapiracicaba.com.br\/sobre\/festa-das-nacoes-de-piracicaba-tera-postos-de-vacinacao-contra-a-gripe\/"}],"_links":{"self":[{"href":"https:\/\/www.encontrapiracicaba.com.br\/sobre\/wp-json\/wp\/v2\/posts\/1500","targetHints":{"allow":["GET"]}}],"collection":[{"href":"https:\/\/www.encontrapiracicaba.com.br\/sobre\/wp-json\/wp\/v2\/posts"}],"about":[{"href":"https:\/\/www.encontrapiracicaba.com.br\/sobre\/wp-json\/wp\/v2\/types\/post"}],"author":[{"embeddable":true,"href":"https:\/\/www.encontrapiracicaba.com.br\/sobre\/wp-json\/wp\/v2\/users\/1"}],"replies":[{"embeddable":true,"href":"https:\/\/www.encontrapiracicaba.com.br\/sobre\/wp-json\/wp\/v2\/comments?post=1500"}],"version-history":[{"count":3,"href":"https:\/\/www.encontrapiracicaba.com.br\/sobre\/wp-json\/wp\/v2\/posts\/1500\/revisions"}],"predecessor-version":[{"id":2569,"href":"https:\/\/www.encontrapiracicaba.com.br\/sobre\/wp-json\/wp\/v2\/posts\/1500\/revisions\/2569"}],"wp:attachment":[{"href":"https:\/\/www.encontrapiracicaba.com.br\/sobre\/wp-json\/wp\/v2\/media?parent=1500"}],"wp:term":[{"taxonomy":"category","embeddable":true,"href":"https:\/\/www.encontrapiracicaba.com.br\/sobre\/wp-json\/wp\/v2\/categories?post=1500"},{"taxonomy":"post_tag","embeddable":true,"href":"https:\/\/www.encontrapiracicaba.com.br\/sobre\/wp-json\/wp\/v2\/tags?post=1500"}],"curies":[{"name":"wp","href":"https:\/\/api.w.org\/{rel}","templated":true}]}}