{"id":1534,"date":"2013-06-06T11:10:26","date_gmt":"2013-06-06T14:10:26","guid":{"rendered":"http:\/\/www.encontrapiracicaba.com.br\/noticias\/?p=1534"},"modified":"2019-04-12T16:02:04","modified_gmt":"2019-04-12T19:02:04","slug":"prefeitura-nomeia-grupo-para-mapear-corredores-verdes-de-piracicaba","status":"publish","type":"post","link":"https:\/\/www.encontrapiracicaba.com.br\/sobre\/prefeitura-nomeia-grupo-para-mapear-corredores-verdes-de-piracicaba\/","title":{"rendered":"Prefeitura nomeia grupo para mapear corredores verdes de Piracicaba"},"content":{"rendered":"<div class=\"85df007ed5c0c4d4b453fd13a37855e8\" data-index=\"1\" style=\"float: none; margin:0px;\">\n<!-- Anuncio display - global -->\r\n<ins class=\"adsbygoogle\"\r\n     style=\"display:block\"\r\n     data-ad-client=\"ca-pub-8585364105181520\"\r\n     data-ad-slot=\"8789329856\"\r\n     data-ad-format=\"auto\"\r\n     data-full-width-responsive=\"true\"><\/ins>\r\n<script>\r\n     (adsbygoogle = window.adsbygoogle || []).push({});\r\n<\/script>\n<\/div>\n<p>Uma comiss\u00e3o nomeada pela <a title=\"Prefeitura de Piracicaba\" href=\"http:\/\/www.encontrapiracicaba.com.br\/piracicaba\/prefeitura-de-piracicaba.shtml\" target=\"_blank\">Prefeitura de Piracicaba<\/a> vai definir regras para a cria\u00e7\u00e3o de parques lineares no munic\u00edpio e, dessa forma, evitar que a expans\u00e3o imobili\u00e1ria prejudique fragmentos de mata nativa, \u00e1reas de preserva\u00e7\u00e3o ambiental e margens de rios e c\u00f3rregos. O grupo ter\u00e1 seis meses para mapear trechos com potencial para serem transformados em &#8220;corredores verdes&#8221; e apontar medidas de recupera\u00e7\u00e3o para regi\u00f5es j\u00e1 degradadas nas zonas urbana e rural.<\/p>\n<p>O prazo tamb\u00e9m vale para que sejam elaborados mecanismos jur\u00eddicos que obriguem empreendedores e propriet\u00e1rios de terrenos particulares a seguirem as regras que ser\u00e3o estabelecidas. Novos loteamentos residenciais e industriais s\u00f3 ser\u00e3o aprovados se atenderem as normas ambientais vigentes, que sofreram mudan\u00e7as com a aprova\u00e7\u00e3o do novo C\u00f3digo Florestal pelo Congresso Nacional.<\/p>\n<p>O decreto com os nomes dos integrantes da comiss\u00e3o foi assinado nesta quarta-feira (5), Dia Mundial do Meio Ambiente, pelo prefeito Gabriel Ferrato (PSDB) e ser\u00e1 publicado no Di\u00e1rio Oficial. Conforme o documento, o conceito de parque linear consiste em promover interven\u00e7\u00f5es urban\u00edsticas que, ao mesmo tempo, preservem o meio natural e ofere\u00e7am equipamentos de lazer \u00e0 popula\u00e7\u00e3o. Dessa forma, a Prefeitura busca tamb\u00e9m evitar a ocorr\u00eancia de ocupa\u00e7\u00f5es irregulares.<\/p>\n<p>O Parque da Rua do Porto, \u00e0s margens do <a title=\"Rio Piracicaba\" href=\"http:\/\/www.encontrapiracicaba.com.br\/piracicaba\/rio-piracicaba.shtml\" target=\"_blank\">Rio Piracicaba<\/a>, foi citado pelo secret\u00e1rio de Defesa do Meio Ambiente, Rog\u00e9rio Vidal, como um exemplo a ser seguido em outras regi\u00f5es que disp\u00f5em de \u00e1reas verdes. Apesar da ocupa\u00e7\u00e3o urbana no entorno, o trecho mant\u00e9m preservada uma consider\u00e1vel por\u00e7\u00e3o de vegeta\u00e7\u00e3o nativa e \u00e9 utilizado como espa\u00e7o para pr\u00e1ticas esportivas e para a realiza\u00e7\u00e3o de eventos p\u00fablicos.<\/p>\n<p>A ideia, de acordo com o presidente da Empresa de Desenvolvimento Habitacional de Piracicaba (Emdhap), Walter Godoy dos Santos, \u00e9 tamb\u00e9m criar na periferia \u00e1reas como a do Parque da Rua do Porto, principalmente nas regi\u00f5es que devem abrigar empreendimentos imobili\u00e1rios direcionados a fam\u00edlias de baixa renda.<\/p>\n<p><strong>Propostas no Plano Diretor<\/strong><br \/>\nA comiss\u00e3o criada pela Prefeitura vai se reunir ao menos duas vezes por m\u00eas. As propostas e normas que sa\u00edrem das discuss\u00f5es ser\u00e3o inseridas na revis\u00e3o do Plano Diretor de Desenvolvimento, que deve ser debatida com a sociedade e votada em 2014 pela C\u00e2mara. O Instituto de Pesquisas e Planejamento de Piracicaba (Ipplap) coordenar\u00e1 os trabalhos na cidade de Piracicaba.<\/p>\n<p>&#8220;N\u00e3o teremos efeito imediato. Trata-se de um planejamento sustent\u00e1vel que teremos resultado daqui a 20, 30 ou 40 anos. Ao estabelecer regras, teremos condi\u00e7\u00f5es de direcionar a expans\u00e3o urbana da cidade, que segue em franca ascens\u00e3o&#8221;, relatou Ferrato.<\/p>\n<p><em>Fonte: G1<\/em><\/p>\n\n<div style=\"font-size: 0px; height: 0px; line-height: 0px; margin: 0; padding: 0; clear: both;\"><\/div>","protected":false},"excerpt":{"rendered":"<p>Uma comiss\u00e3o nomeada pela Prefeitura de Piracicaba vai definir regras para a cria\u00e7\u00e3o de parques lineares no munic\u00edpio e, dessa forma, evitar que a expans\u00e3o imobili\u00e1ria prejudique fragmentos de mata nativa, \u00e1reas de preserva\u00e7\u00e3o ambiental e margens de rios e c\u00f3rregos. O grupo ter\u00e1 seis meses para mapear trechos com potencial para serem transformados em &#8220;corredores verdes&#8221; e apontar medidas de recupera\u00e7\u00e3o para regi\u00f5es j\u00e1 degradadas nas zonas urbana e rural. O prazo tamb\u00e9m vale para que sejam elaborados mecanismos jur\u00eddicos que obriguem empreendedores e propriet\u00e1rios de terrenos particulares a seguirem as regras que ser\u00e3o estabelecidas. Novos loteamentos residenciais e <\/p>\n","protected":false},"author":1,"featured_media":0,"comment_status":"open","ping_status":"closed","sticky":false,"template":"","format":"standard","meta":{"footnotes":""},"categories":[6],"tags":[],"class_list":["post-1534","post","type-post","status-publish","format-standard","hentry","category-noticias-em-piracicaba"],"aioseo_notices":[],"aioseo_head":"\n\t\t<!-- All in One SEO 5.0.0.1 - aioseo.com -->\n\t<meta name=\"robots\" content=\"max-image-preview:large\" \/>\n\t<meta name=\"author\" content=\"Encontra Piracicaba\"\/>\n\t<link rel=\"canonical\" href=\"https:\/\/www.encontrapiracicaba.com.br\/sobre\/prefeitura-nomeia-grupo-para-mapear-corredores-verdes-de-piracicaba\/\" \/>\n\t<meta name=\"generator\" content=\"All in One SEO (AIOSEO) 5.0.0.1\" \/>\n\t\t<meta property=\"og:locale\" content=\"pt_BR\" \/>\n\t\t<meta property=\"og:site_name\" content=\"Encontra Piracicaba | Not\u00edcias, eventos, informa\u00e7\u00f5es e dicas na cidade de Piracicaba e regi\u00e3o\" \/>\n\t\t<meta property=\"og:type\" content=\"article\" \/>\n\t\t<meta property=\"og:title\" content=\"Prefeitura nomeia grupo para mapear corredores verdes de Piracicaba | Encontra Piracicaba\" \/>\n\t\t<meta property=\"og:url\" content=\"https:\/\/www.encontrapiracicaba.com.br\/sobre\/prefeitura-nomeia-grupo-para-mapear-corredores-verdes-de-piracicaba\/\" \/>\n\t\t<meta property=\"article:published_time\" content=\"2013-06-06T14:10:26+00:00\" \/>\n\t\t<meta property=\"article:modified_time\" content=\"2019-04-12T19:02:04+00:00\" \/>\n\t\t<meta name=\"twitter:card\" content=\"summary\" \/>\n\t\t<meta name=\"twitter:title\" content=\"Prefeitura nomeia grupo para mapear corredores verdes de Piracicaba | Encontra Piracicaba\" \/>\n\t\t<script type=\"application\/ld+json\" class=\"aioseo-schema\">\n\t\t\t{\"@context\":\"https:\\\/\\\/schema.org\",\"@graph\":[{\"@type\":\"Article\",\"@id\":\"https:\\\/\\\/www.encontrapiracicaba.com.br\\\/sobre\\\/prefeitura-nomeia-grupo-para-mapear-corredores-verdes-de-piracicaba\\\/#article\",\"name\":\"Prefeitura nomeia grupo para mapear corredores verdes de Piracicaba | Encontra Piracicaba\",\"headline\":\"Prefeitura nomeia grupo para mapear corredores verdes de Piracicaba\",\"author\":{\"@id\":\"https:\\\/\\\/www.encontrapiracicaba.com.br\\\/sobre\\\/author\\\/epiracicaba\\\/#author\"},\"publisher\":{\"@id\":\"https:\\\/\\\/www.encontrapiracicaba.com.br\\\/sobre\\\/#organization\"},\"datePublished\":\"2013-06-06T11:10:26-03:00\",\"dateModified\":\"2019-04-12T16:02:04-03:00\",\"inLanguage\":\"pt-BR\",\"mainEntityOfPage\":{\"@id\":\"https:\\\/\\\/www.encontrapiracicaba.com.br\\\/sobre\\\/prefeitura-nomeia-grupo-para-mapear-corredores-verdes-de-piracicaba\\\/#webpage\"},\"isPartOf\":{\"@id\":\"https:\\\/\\\/www.encontrapiracicaba.com.br\\\/sobre\\\/prefeitura-nomeia-grupo-para-mapear-corredores-verdes-de-piracicaba\\\/#webpage\"},\"articleSection\":\"Not\\u00edcias Piracicaba\"},{\"@type\":\"BreadcrumbList\",\"@id\":\"https:\\\/\\\/www.encontrapiracicaba.com.br\\\/sobre\\\/prefeitura-nomeia-grupo-para-mapear-corredores-verdes-de-piracicaba\\\/#breadcrumblist\",\"itemListElement\":[{\"@type\":\"ListItem\",\"@id\":\"https:\\\/\\\/www.encontrapiracicaba.com.br\\\/sobre#listItem\",\"position\":1,\"name\":\"In\\u00edcio\",\"item\":\"https:\\\/\\\/www.encontrapiracicaba.com.br\\\/sobre\",\"nextItem\":{\"@type\":\"ListItem\",\"@id\":\"https:\\\/\\\/www.encontrapiracicaba.com.br\\\/sobre\\\/noticias-em-piracicaba\\\/#listItem\",\"name\":\"Not\\u00edcias Piracicaba\"}},{\"@type\":\"ListItem\",\"@id\":\"https:\\\/\\\/www.encontrapiracicaba.com.br\\\/sobre\\\/noticias-em-piracicaba\\\/#listItem\",\"position\":2,\"name\":\"Not\\u00edcias Piracicaba\",\"item\":\"https:\\\/\\\/www.encontrapiracicaba.com.br\\\/sobre\\\/noticias-em-piracicaba\\\/\",\"nextItem\":{\"@type\":\"ListItem\",\"@id\":\"https:\\\/\\\/www.encontrapiracicaba.com.br\\\/sobre\\\/prefeitura-nomeia-grupo-para-mapear-corredores-verdes-de-piracicaba\\\/#listItem\",\"name\":\"Prefeitura nomeia grupo para mapear corredores verdes de Piracicaba\"},\"previousItem\":{\"@type\":\"ListItem\",\"@id\":\"https:\\\/\\\/www.encontrapiracicaba.com.br\\\/sobre#listItem\",\"name\":\"In\\u00edcio\"}},{\"@type\":\"ListItem\",\"@id\":\"https:\\\/\\\/www.encontrapiracicaba.com.br\\\/sobre\\\/prefeitura-nomeia-grupo-para-mapear-corredores-verdes-de-piracicaba\\\/#listItem\",\"position\":3,\"name\":\"Prefeitura nomeia grupo para mapear corredores verdes de Piracicaba\",\"previousItem\":{\"@type\":\"ListItem\",\"@id\":\"https:\\\/\\\/www.encontrapiracicaba.com.br\\\/sobre\\\/noticias-em-piracicaba\\\/#listItem\",\"name\":\"Not\\u00edcias Piracicaba\"}}]},{\"@type\":\"Organization\",\"@id\":\"https:\\\/\\\/www.encontrapiracicaba.com.br\\\/sobre\\\/#organization\",\"name\":\"Encontra Piracicaba\",\"description\":\"Not\\u00edcias, eventos, informa\\u00e7\\u00f5es e dicas na cidade de Piracicaba e regi\\u00e3o\",\"url\":\"https:\\\/\\\/www.encontrapiracicaba.com.br\\\/sobre\\\/\"},{\"@type\":\"Person\",\"@id\":\"https:\\\/\\\/www.encontrapiracicaba.com.br\\\/sobre\\\/author\\\/epiracicaba\\\/#author\",\"url\":\"https:\\\/\\\/www.encontrapiracicaba.com.br\\\/sobre\\\/author\\\/epiracicaba\\\/\",\"name\":\"Encontra Piracicaba\",\"image\":{\"@type\":\"ImageObject\",\"@id\":\"https:\\\/\\\/www.encontrapiracicaba.com.br\\\/sobre\\\/prefeitura-nomeia-grupo-para-mapear-corredores-verdes-de-piracicaba\\\/#authorImage\",\"url\":\"https:\\\/\\\/secure.gravatar.com\\\/avatar\\\/507340682b8270222e1f208e23198b6ae7e2c6a1033ae84e99bc6bce4f82a387?s=96&d=mm&r=g\",\"width\":96,\"height\":96,\"caption\":\"Encontra Piracicaba\"}},{\"@type\":\"WebPage\",\"@id\":\"https:\\\/\\\/www.encontrapiracicaba.com.br\\\/sobre\\\/prefeitura-nomeia-grupo-para-mapear-corredores-verdes-de-piracicaba\\\/#webpage\",\"url\":\"https:\\\/\\\/www.encontrapiracicaba.com.br\\\/sobre\\\/prefeitura-nomeia-grupo-para-mapear-corredores-verdes-de-piracicaba\\\/\",\"name\":\"Prefeitura nomeia grupo para mapear corredores verdes de Piracicaba | Encontra Piracicaba\",\"inLanguage\":\"pt-BR\",\"isPartOf\":{\"@id\":\"https:\\\/\\\/www.encontrapiracicaba.com.br\\\/sobre\\\/#website\"},\"breadcrumb\":{\"@id\":\"https:\\\/\\\/www.encontrapiracicaba.com.br\\\/sobre\\\/prefeitura-nomeia-grupo-para-mapear-corredores-verdes-de-piracicaba\\\/#breadcrumblist\"},\"author\":{\"@id\":\"https:\\\/\\\/www.encontrapiracicaba.com.br\\\/sobre\\\/author\\\/epiracicaba\\\/#author\"},\"creator\":{\"@id\":\"https:\\\/\\\/www.encontrapiracicaba.com.br\\\/sobre\\\/author\\\/epiracicaba\\\/#author\"},\"datePublished\":\"2013-06-06T11:10:26-03:00\",\"dateModified\":\"2019-04-12T16:02:04-03:00\"},{\"@type\":\"WebSite\",\"@id\":\"https:\\\/\\\/www.encontrapiracicaba.com.br\\\/sobre\\\/#website\",\"url\":\"https:\\\/\\\/www.encontrapiracicaba.com.br\\\/sobre\\\/\",\"name\":\"Encontra Piracicaba\",\"description\":\"Not\\u00edcias, eventos, informa\\u00e7\\u00f5es e dicas na cidade de Piracicaba e regi\\u00e3o\",\"inLanguage\":\"pt-BR\",\"publisher\":{\"@id\":\"https:\\\/\\\/www.encontrapiracicaba.com.br\\\/sobre\\\/#organization\"}}]}\n\t\t<\/script>\n\t\t<!-- All in One SEO -->\n\n","aioseo_head_json":{"title":"Prefeitura nomeia grupo para mapear corredores verdes de Piracicaba | Encontra Piracicaba","description":"","canonical_url":"https:\/\/www.encontrapiracicaba.com.br\/sobre\/prefeitura-nomeia-grupo-para-mapear-corredores-verdes-de-piracicaba\/","robots":"max-image-preview:large","keywords":"","webmasterTools":{"miscellaneous":""},"schema":{"@context":"https:\/\/schema.org","@graph":[{"@type":"Article","@id":"https:\/\/www.encontrapiracicaba.com.br\/sobre\/prefeitura-nomeia-grupo-para-mapear-corredores-verdes-de-piracicaba\/#article","name":"Prefeitura nomeia grupo para mapear corredores verdes de Piracicaba | Encontra Piracicaba","headline":"Prefeitura nomeia grupo para mapear corredores verdes de Piracicaba","author":{"@id":"https:\/\/www.encontrapiracicaba.com.br\/sobre\/author\/epiracicaba\/#author"},"publisher":{"@id":"https:\/\/www.encontrapiracicaba.com.br\/sobre\/#organization"},"datePublished":"2013-06-06T11:10:26-03:00","dateModified":"2019-04-12T16:02:04-03:00","inLanguage":"pt-BR","mainEntityOfPage":{"@id":"https:\/\/www.encontrapiracicaba.com.br\/sobre\/prefeitura-nomeia-grupo-para-mapear-corredores-verdes-de-piracicaba\/#webpage"},"isPartOf":{"@id":"https:\/\/www.encontrapiracicaba.com.br\/sobre\/prefeitura-nomeia-grupo-para-mapear-corredores-verdes-de-piracicaba\/#webpage"},"articleSection":"Not\u00edcias Piracicaba"},{"@type":"BreadcrumbList","@id":"https:\/\/www.encontrapiracicaba.com.br\/sobre\/prefeitura-nomeia-grupo-para-mapear-corredores-verdes-de-piracicaba\/#breadcrumblist","itemListElement":[{"@type":"ListItem","@id":"https:\/\/www.encontrapiracicaba.com.br\/sobre#listItem","position":1,"name":"In\u00edcio","item":"https:\/\/www.encontrapiracicaba.com.br\/sobre","nextItem":{"@type":"ListItem","@id":"https:\/\/www.encontrapiracicaba.com.br\/sobre\/noticias-em-piracicaba\/#listItem","name":"Not\u00edcias Piracicaba"}},{"@type":"ListItem","@id":"https:\/\/www.encontrapiracicaba.com.br\/sobre\/noticias-em-piracicaba\/#listItem","position":2,"name":"Not\u00edcias Piracicaba","item":"https:\/\/www.encontrapiracicaba.com.br\/sobre\/noticias-em-piracicaba\/","nextItem":{"@type":"ListItem","@id":"https:\/\/www.encontrapiracicaba.com.br\/sobre\/prefeitura-nomeia-grupo-para-mapear-corredores-verdes-de-piracicaba\/#listItem","name":"Prefeitura nomeia grupo para mapear corredores verdes de Piracicaba"},"previousItem":{"@type":"ListItem","@id":"https:\/\/www.encontrapiracicaba.com.br\/sobre#listItem","name":"In\u00edcio"}},{"@type":"ListItem","@id":"https:\/\/www.encontrapiracicaba.com.br\/sobre\/prefeitura-nomeia-grupo-para-mapear-corredores-verdes-de-piracicaba\/#listItem","position":3,"name":"Prefeitura nomeia grupo para mapear corredores verdes de Piracicaba","previousItem":{"@type":"ListItem","@id":"https:\/\/www.encontrapiracicaba.com.br\/sobre\/noticias-em-piracicaba\/#listItem","name":"Not\u00edcias Piracicaba"}}]},{"@type":"Organization","@id":"https:\/\/www.encontrapiracicaba.com.br\/sobre\/#organization","name":"Encontra Piracicaba","description":"Not\u00edcias, eventos, informa\u00e7\u00f5es e dicas na cidade de Piracicaba e regi\u00e3o","url":"https:\/\/www.encontrapiracicaba.com.br\/sobre\/"},{"@type":"Person","@id":"https:\/\/www.encontrapiracicaba.com.br\/sobre\/author\/epiracicaba\/#author","url":"https:\/\/www.encontrapiracicaba.com.br\/sobre\/author\/epiracicaba\/","name":"Encontra Piracicaba","image":{"@type":"ImageObject","@id":"https:\/\/www.encontrapiracicaba.com.br\/sobre\/prefeitura-nomeia-grupo-para-mapear-corredores-verdes-de-piracicaba\/#authorImage","url":"https:\/\/secure.gravatar.com\/avatar\/507340682b8270222e1f208e23198b6ae7e2c6a1033ae84e99bc6bce4f82a387?s=96&d=mm&r=g","width":96,"height":96,"caption":"Encontra Piracicaba"}},{"@type":"WebPage","@id":"https:\/\/www.encontrapiracicaba.com.br\/sobre\/prefeitura-nomeia-grupo-para-mapear-corredores-verdes-de-piracicaba\/#webpage","url":"https:\/\/www.encontrapiracicaba.com.br\/sobre\/prefeitura-nomeia-grupo-para-mapear-corredores-verdes-de-piracicaba\/","name":"Prefeitura nomeia grupo para mapear corredores verdes de Piracicaba | Encontra Piracicaba","inLanguage":"pt-BR","isPartOf":{"@id":"https:\/\/www.encontrapiracicaba.com.br\/sobre\/#website"},"breadcrumb":{"@id":"https:\/\/www.encontrapiracicaba.com.br\/sobre\/prefeitura-nomeia-grupo-para-mapear-corredores-verdes-de-piracicaba\/#breadcrumblist"},"author":{"@id":"https:\/\/www.encontrapiracicaba.com.br\/sobre\/author\/epiracicaba\/#author"},"creator":{"@id":"https:\/\/www.encontrapiracicaba.com.br\/sobre\/author\/epiracicaba\/#author"},"datePublished":"2013-06-06T11:10:26-03:00","dateModified":"2019-04-12T16:02:04-03:00"},{"@type":"WebSite","@id":"https:\/\/www.encontrapiracicaba.com.br\/sobre\/#website","url":"https:\/\/www.encontrapiracicaba.com.br\/sobre\/","name":"Encontra Piracicaba","description":"Not\u00edcias, eventos, informa\u00e7\u00f5es e dicas na cidade de Piracicaba e regi\u00e3o","inLanguage":"pt-BR","publisher":{"@id":"https:\/\/www.encontrapiracicaba.com.br\/sobre\/#organization"}}]},"og:locale":"pt_BR","og:site_name":"Encontra Piracicaba | Not\u00edcias, eventos, informa\u00e7\u00f5es e dicas na cidade de Piracicaba e regi\u00e3o","og:type":"article","og:title":"Prefeitura nomeia grupo para mapear corredores verdes de Piracicaba | Encontra Piracicaba","og:url":"https:\/\/www.encontrapiracicaba.com.br\/sobre\/prefeitura-nomeia-grupo-para-mapear-corredores-verdes-de-piracicaba\/","article:published_time":"2013-06-06T14:10:26+00:00","article:modified_time":"2019-04-12T19:02:04+00:00","twitter:card":"summary","twitter:title":"Prefeitura nomeia grupo para mapear corredores verdes de Piracicaba | Encontra Piracicaba"},"aioseo_meta_data":{"post_id":"1534","title":null,"description":null,"keywords":null,"keyphrases":null,"primary_term":null,"canonical_url":null,"og_title":null,"og_description":null,"og_object_type":"default","og_image_type":"default","og_image_url":null,"og_image_width":null,"og_image_height":null,"og_image_custom_url":null,"og_image_custom_fields":null,"og_video":null,"og_custom_url":null,"og_article_section":null,"og_article_tags":null,"twitter_use_og":false,"twitter_card":"default","twitter_image_type":"default","twitter_image_url":null,"twitter_image_custom_url":null,"twitter_image_custom_fields":null,"twitter_title":null,"twitter_description":null,"schema":{"blockGraphs":[],"customGraphs":[],"default":{"data":{"Article":[],"Course":[],"Dataset":[],"FAQPage":[],"Movie":[],"Person":[],"Product":[],"ProductReview":[],"Car":[],"Recipe":[],"Service":[],"SoftwareApplication":[],"WebPage":[]},"graphName":"Article","isEnabled":true},"graphs":[]},"schema_type":null,"schema_type_options":null,"pillar_content":false,"robots_default":true,"robots_noindex":false,"robots_noarchive":false,"robots_nosnippet":false,"robots_nofollow":false,"robots_noimageindex":false,"robots_noodp":false,"robots_notranslate":false,"robots_max_snippet":null,"robots_max_videopreview":null,"robots_max_imagepreview":"large","priority":null,"frequency":null,"local_seo":null,"breadcrumb_settings":null,"limit_modified_date":false,"ai":null,"created":"2021-08-13 20:39:43","updated":"2025-10-04 03:29:37","focus_keyword":null,"additional_keywords":null,"truseo_locale":null,"seo_analyzer_scan_date":null},"aioseo_breadcrumb":"<div class=\"aioseo-breadcrumbs\"><span class=\"aioseo-breadcrumb\">\n\t\t\t<a href=\"https:\/\/www.encontrapiracicaba.com.br\/sobre\" title=\"In\u00edcio\">In\u00edcio<\/a>\n\t\t<\/span><span class=\"aioseo-breadcrumb-separator\">&raquo;<\/span><span class=\"aioseo-breadcrumb\">\n\t\t\t<a href=\"https:\/\/www.encontrapiracicaba.com.br\/sobre\/noticias-em-piracicaba\/\" title=\"Not\u00edcias Piracicaba\">Not\u00edcias Piracicaba<\/a>\n\t\t<\/span><span class=\"aioseo-breadcrumb-separator\">&raquo;<\/span><span class=\"aioseo-breadcrumb\">\n\t\t\tPrefeitura nomeia grupo para mapear corredores verdes de Piracicaba\n\t\t<\/span><\/div>","aioseo_breadcrumb_json":[{"label":"In\u00edcio","link":"https:\/\/www.encontrapiracicaba.com.br\/sobre"},{"label":"Not\u00edcias Piracicaba","link":"https:\/\/www.encontrapiracicaba.com.br\/sobre\/noticias-em-piracicaba\/"},{"label":"Prefeitura nomeia grupo para mapear corredores verdes de Piracicaba","link":"https:\/\/www.encontrapiracicaba.com.br\/sobre\/prefeitura-nomeia-grupo-para-mapear-corredores-verdes-de-piracicaba\/"}],"_links":{"self":[{"href":"https:\/\/www.encontrapiracicaba.com.br\/sobre\/wp-json\/wp\/v2\/posts\/1534","targetHints":{"allow":["GET"]}}],"collection":[{"href":"https:\/\/www.encontrapiracicaba.com.br\/sobre\/wp-json\/wp\/v2\/posts"}],"about":[{"href":"https:\/\/www.encontrapiracicaba.com.br\/sobre\/wp-json\/wp\/v2\/types\/post"}],"author":[{"embeddable":true,"href":"https:\/\/www.encontrapiracicaba.com.br\/sobre\/wp-json\/wp\/v2\/users\/1"}],"replies":[{"embeddable":true,"href":"https:\/\/www.encontrapiracicaba.com.br\/sobre\/wp-json\/wp\/v2\/comments?post=1534"}],"version-history":[{"count":2,"href":"https:\/\/www.encontrapiracicaba.com.br\/sobre\/wp-json\/wp\/v2\/posts\/1534\/revisions"}],"predecessor-version":[{"id":2335,"href":"https:\/\/www.encontrapiracicaba.com.br\/sobre\/wp-json\/wp\/v2\/posts\/1534\/revisions\/2335"}],"wp:attachment":[{"href":"https:\/\/www.encontrapiracicaba.com.br\/sobre\/wp-json\/wp\/v2\/media?parent=1534"}],"wp:term":[{"taxonomy":"category","embeddable":true,"href":"https:\/\/www.encontrapiracicaba.com.br\/sobre\/wp-json\/wp\/v2\/categories?post=1534"},{"taxonomy":"post_tag","embeddable":true,"href":"https:\/\/www.encontrapiracicaba.com.br\/sobre\/wp-json\/wp\/v2\/tags?post=1534"}],"curies":[{"name":"wp","href":"https:\/\/api.w.org\/{rel}","templated":true}]}}