{"id":1542,"date":"2013-06-11T14:20:21","date_gmt":"2013-06-11T17:20:21","guid":{"rendered":"http:\/\/www.encontrapiracicaba.com.br\/noticias\/?p=1542"},"modified":"2019-04-12T16:02:04","modified_gmt":"2019-04-12T19:02:04","slug":"acidente-entre-onibus-e-carro-deixa-4-feridos-em-avenida-de-piracicaba","status":"publish","type":"post","link":"https:\/\/www.encontrapiracicaba.com.br\/sobre\/acidente-entre-onibus-e-carro-deixa-4-feridos-em-avenida-de-piracicaba\/","title":{"rendered":"Acidente entre \u00f4nibus e carro deixa 4 feridos em avenida de Piracicaba"},"content":{"rendered":"<div class=\"85df007ed5c0c4d4b453fd13a37855e8\" data-index=\"1\" style=\"float: none; margin:0px;\">\n<!-- Anuncio display - global -->\r\n<ins class=\"adsbygoogle\"\r\n     style=\"display:block\"\r\n     data-ad-client=\"ca-pub-8585364105181520\"\r\n     data-ad-slot=\"8789329856\"\r\n     data-ad-format=\"auto\"\r\n     data-full-width-responsive=\"true\"><\/ins>\r\n<script>\r\n     (adsbygoogle = window.adsbygoogle || []).push({});\r\n<\/script>\n<\/div>\n<p>Uma mulher e tr\u00eas crian\u00e7as ficaram feridas em um acidente entre um \u00f4nibus da Via\u00e7\u00e3o Piracicaba Limeira e um carro na <a title=\"Avenida Independ\u00eancia\" href=\"http:\/\/www.encontrasp.com.br\/piracicaba-centro\/guia-de-ruas\/avenida-independencia.html\" target=\"_blank\">Avenida Independ\u00eancia<\/a>, em Piracicaba (SP), por volta das 11h desta ter\u00e7a-feira (11). Os dois motoristas n\u00e3o ficaram feridos e o \u00f4nibus n\u00e3o levava passageiros. O tr\u00e2nsito no trecho da avenida ficou lento por pelo menos 40 minutos.<\/p>\n<p>De acordo com o confeiteiro William Nascimento Duarte, de 32 anos, que dirigia a Ipanema azul e levava sua m\u00e3e e suas tr\u00eas filhas, ele vinha da Rua Visconde do Rio Branco e fez a curva para descer a avenida quando deu sinal de seta para estacionar em uma vaga na cal\u00e7ada.<\/p>\n<p>No momento em que reduziu a velocidade a Ipanema foi atingida na traseira pelo \u00f4nibus e arremessada contra um poste. A senhora e as tr\u00eas crian\u00e7as foram encaminhadas ao pronto-socorro do Piracicamirim e \u00e0 Santa Casa com ferimentos leves, de acordo com o Resgate do Corpo de Bombeiros.<\/p>\n<p><strong>&#8216;Do nada&#8217;<\/strong><br \/>\nO motorista do \u00f4nibus Remerson Lopes, de 31 anos, afirmou que o condutor do ve\u00edculo na cidade Piracicaba freou \u201cdo nada\u201d e que foi imposs\u00edvel segurar o coletivo e evitar o choque. \u201cEu fiz a curva atr\u00e1s dele, mas n\u00e3o consegui tirar o \u00f4nibus no momento em que ele brecou\u201d, contou. O profissional lamentou o acidente: \u201ca \u00faltima coisa que eu queria era machucar algu\u00e9m. \u00c0s vezes passo 9 horas direto na estrada e n\u00e3o acontece nada, bastou entrar na cidade\u201d, relatou Lopes.<\/p>\n<p><em>Fonte: G1<\/em><\/p>\n\n<div style=\"font-size: 0px; height: 0px; line-height: 0px; margin: 0; padding: 0; clear: both;\"><\/div>","protected":false},"excerpt":{"rendered":"<p>Uma mulher e tr\u00eas crian\u00e7as ficaram feridas em um acidente entre um \u00f4nibus da Via\u00e7\u00e3o Piracicaba Limeira e um carro na Avenida Independ\u00eancia, em Piracicaba (SP), por volta das 11h desta ter\u00e7a-feira (11). Os dois motoristas n\u00e3o ficaram feridos e o \u00f4nibus n\u00e3o levava passageiros. O tr\u00e2nsito no trecho da avenida ficou lento por pelo menos 40 minutos. De acordo com o confeiteiro William Nascimento Duarte, de 32 anos, que dirigia a Ipanema azul e levava sua m\u00e3e e suas tr\u00eas filhas, ele vinha da Rua Visconde do Rio Branco e fez a curva para descer a avenida quando deu <\/p>\n","protected":false},"author":1,"featured_media":0,"comment_status":"open","ping_status":"closed","sticky":false,"template":"","format":"standard","meta":{"footnotes":""},"categories":[6],"tags":[],"class_list":["post-1542","post","type-post","status-publish","format-standard","hentry","category-noticias-em-piracicaba"],"aioseo_notices":[],"aioseo_head":"\n\t\t<!-- All in One SEO 5.0.0.1 - aioseo.com -->\n\t<meta name=\"robots\" content=\"max-image-preview:large\" \/>\n\t<meta name=\"author\" content=\"Encontra Piracicaba\"\/>\n\t<link rel=\"canonical\" href=\"https:\/\/www.encontrapiracicaba.com.br\/sobre\/acidente-entre-onibus-e-carro-deixa-4-feridos-em-avenida-de-piracicaba\/\" \/>\n\t<meta name=\"generator\" content=\"All in One SEO (AIOSEO) 5.0.0.1\" \/>\n\t\t<meta property=\"og:locale\" content=\"pt_BR\" \/>\n\t\t<meta property=\"og:site_name\" content=\"Encontra Piracicaba | Not\u00edcias, eventos, informa\u00e7\u00f5es e dicas na cidade de Piracicaba e regi\u00e3o\" \/>\n\t\t<meta property=\"og:type\" content=\"article\" \/>\n\t\t<meta property=\"og:title\" content=\"Acidente entre \u00f4nibus e carro deixa 4 feridos em avenida de Piracicaba | Encontra Piracicaba\" \/>\n\t\t<meta property=\"og:url\" content=\"https:\/\/www.encontrapiracicaba.com.br\/sobre\/acidente-entre-onibus-e-carro-deixa-4-feridos-em-avenida-de-piracicaba\/\" \/>\n\t\t<meta property=\"article:published_time\" content=\"2013-06-11T17:20:21+00:00\" \/>\n\t\t<meta property=\"article:modified_time\" content=\"2019-04-12T19:02:04+00:00\" \/>\n\t\t<meta name=\"twitter:card\" content=\"summary\" \/>\n\t\t<meta name=\"twitter:title\" content=\"Acidente entre \u00f4nibus e carro deixa 4 feridos em avenida de Piracicaba | Encontra Piracicaba\" \/>\n\t\t<script type=\"application\/ld+json\" class=\"aioseo-schema\">\n\t\t\t{\"@context\":\"https:\\\/\\\/schema.org\",\"@graph\":[{\"@type\":\"Article\",\"@id\":\"https:\\\/\\\/www.encontrapiracicaba.com.br\\\/sobre\\\/acidente-entre-onibus-e-carro-deixa-4-feridos-em-avenida-de-piracicaba\\\/#article\",\"name\":\"Acidente entre \\u00f4nibus e carro deixa 4 feridos em avenida de Piracicaba | Encontra Piracicaba\",\"headline\":\"Acidente entre \\u00f4nibus e carro deixa 4 feridos em avenida de Piracicaba\",\"author\":{\"@id\":\"https:\\\/\\\/www.encontrapiracicaba.com.br\\\/sobre\\\/author\\\/epiracicaba\\\/#author\"},\"publisher\":{\"@id\":\"https:\\\/\\\/www.encontrapiracicaba.com.br\\\/sobre\\\/#organization\"},\"datePublished\":\"2013-06-11T14:20:21-03:00\",\"dateModified\":\"2019-04-12T16:02:04-03:00\",\"inLanguage\":\"pt-BR\",\"mainEntityOfPage\":{\"@id\":\"https:\\\/\\\/www.encontrapiracicaba.com.br\\\/sobre\\\/acidente-entre-onibus-e-carro-deixa-4-feridos-em-avenida-de-piracicaba\\\/#webpage\"},\"isPartOf\":{\"@id\":\"https:\\\/\\\/www.encontrapiracicaba.com.br\\\/sobre\\\/acidente-entre-onibus-e-carro-deixa-4-feridos-em-avenida-de-piracicaba\\\/#webpage\"},\"articleSection\":\"Not\\u00edcias Piracicaba\"},{\"@type\":\"BreadcrumbList\",\"@id\":\"https:\\\/\\\/www.encontrapiracicaba.com.br\\\/sobre\\\/acidente-entre-onibus-e-carro-deixa-4-feridos-em-avenida-de-piracicaba\\\/#breadcrumblist\",\"itemListElement\":[{\"@type\":\"ListItem\",\"@id\":\"https:\\\/\\\/www.encontrapiracicaba.com.br\\\/sobre#listItem\",\"position\":1,\"name\":\"In\\u00edcio\",\"item\":\"https:\\\/\\\/www.encontrapiracicaba.com.br\\\/sobre\",\"nextItem\":{\"@type\":\"ListItem\",\"@id\":\"https:\\\/\\\/www.encontrapiracicaba.com.br\\\/sobre\\\/noticias-em-piracicaba\\\/#listItem\",\"name\":\"Not\\u00edcias Piracicaba\"}},{\"@type\":\"ListItem\",\"@id\":\"https:\\\/\\\/www.encontrapiracicaba.com.br\\\/sobre\\\/noticias-em-piracicaba\\\/#listItem\",\"position\":2,\"name\":\"Not\\u00edcias Piracicaba\",\"item\":\"https:\\\/\\\/www.encontrapiracicaba.com.br\\\/sobre\\\/noticias-em-piracicaba\\\/\",\"nextItem\":{\"@type\":\"ListItem\",\"@id\":\"https:\\\/\\\/www.encontrapiracicaba.com.br\\\/sobre\\\/acidente-entre-onibus-e-carro-deixa-4-feridos-em-avenida-de-piracicaba\\\/#listItem\",\"name\":\"Acidente entre \\u00f4nibus e carro deixa 4 feridos em avenida de Piracicaba\"},\"previousItem\":{\"@type\":\"ListItem\",\"@id\":\"https:\\\/\\\/www.encontrapiracicaba.com.br\\\/sobre#listItem\",\"name\":\"In\\u00edcio\"}},{\"@type\":\"ListItem\",\"@id\":\"https:\\\/\\\/www.encontrapiracicaba.com.br\\\/sobre\\\/acidente-entre-onibus-e-carro-deixa-4-feridos-em-avenida-de-piracicaba\\\/#listItem\",\"position\":3,\"name\":\"Acidente entre \\u00f4nibus e carro deixa 4 feridos em avenida de Piracicaba\",\"previousItem\":{\"@type\":\"ListItem\",\"@id\":\"https:\\\/\\\/www.encontrapiracicaba.com.br\\\/sobre\\\/noticias-em-piracicaba\\\/#listItem\",\"name\":\"Not\\u00edcias Piracicaba\"}}]},{\"@type\":\"Organization\",\"@id\":\"https:\\\/\\\/www.encontrapiracicaba.com.br\\\/sobre\\\/#organization\",\"name\":\"Encontra Piracicaba\",\"description\":\"Not\\u00edcias, eventos, informa\\u00e7\\u00f5es e dicas na cidade de Piracicaba e regi\\u00e3o\",\"url\":\"https:\\\/\\\/www.encontrapiracicaba.com.br\\\/sobre\\\/\"},{\"@type\":\"Person\",\"@id\":\"https:\\\/\\\/www.encontrapiracicaba.com.br\\\/sobre\\\/author\\\/epiracicaba\\\/#author\",\"url\":\"https:\\\/\\\/www.encontrapiracicaba.com.br\\\/sobre\\\/author\\\/epiracicaba\\\/\",\"name\":\"Encontra Piracicaba\",\"image\":{\"@type\":\"ImageObject\",\"@id\":\"https:\\\/\\\/www.encontrapiracicaba.com.br\\\/sobre\\\/acidente-entre-onibus-e-carro-deixa-4-feridos-em-avenida-de-piracicaba\\\/#authorImage\",\"url\":\"https:\\\/\\\/secure.gravatar.com\\\/avatar\\\/507340682b8270222e1f208e23198b6ae7e2c6a1033ae84e99bc6bce4f82a387?s=96&d=mm&r=g\",\"width\":96,\"height\":96,\"caption\":\"Encontra Piracicaba\"}},{\"@type\":\"WebPage\",\"@id\":\"https:\\\/\\\/www.encontrapiracicaba.com.br\\\/sobre\\\/acidente-entre-onibus-e-carro-deixa-4-feridos-em-avenida-de-piracicaba\\\/#webpage\",\"url\":\"https:\\\/\\\/www.encontrapiracicaba.com.br\\\/sobre\\\/acidente-entre-onibus-e-carro-deixa-4-feridos-em-avenida-de-piracicaba\\\/\",\"name\":\"Acidente entre \\u00f4nibus e carro deixa 4 feridos em avenida de Piracicaba | Encontra Piracicaba\",\"inLanguage\":\"pt-BR\",\"isPartOf\":{\"@id\":\"https:\\\/\\\/www.encontrapiracicaba.com.br\\\/sobre\\\/#website\"},\"breadcrumb\":{\"@id\":\"https:\\\/\\\/www.encontrapiracicaba.com.br\\\/sobre\\\/acidente-entre-onibus-e-carro-deixa-4-feridos-em-avenida-de-piracicaba\\\/#breadcrumblist\"},\"author\":{\"@id\":\"https:\\\/\\\/www.encontrapiracicaba.com.br\\\/sobre\\\/author\\\/epiracicaba\\\/#author\"},\"creator\":{\"@id\":\"https:\\\/\\\/www.encontrapiracicaba.com.br\\\/sobre\\\/author\\\/epiracicaba\\\/#author\"},\"datePublished\":\"2013-06-11T14:20:21-03:00\",\"dateModified\":\"2019-04-12T16:02:04-03:00\"},{\"@type\":\"WebSite\",\"@id\":\"https:\\\/\\\/www.encontrapiracicaba.com.br\\\/sobre\\\/#website\",\"url\":\"https:\\\/\\\/www.encontrapiracicaba.com.br\\\/sobre\\\/\",\"name\":\"Encontra Piracicaba\",\"description\":\"Not\\u00edcias, eventos, informa\\u00e7\\u00f5es e dicas na cidade de Piracicaba e regi\\u00e3o\",\"inLanguage\":\"pt-BR\",\"publisher\":{\"@id\":\"https:\\\/\\\/www.encontrapiracicaba.com.br\\\/sobre\\\/#organization\"}}]}\n\t\t<\/script>\n\t\t<!-- All in One SEO -->\n\n","aioseo_head_json":{"title":"Acidente entre \u00f4nibus e carro deixa 4 feridos em avenida de Piracicaba | Encontra Piracicaba","description":"","canonical_url":"https:\/\/www.encontrapiracicaba.com.br\/sobre\/acidente-entre-onibus-e-carro-deixa-4-feridos-em-avenida-de-piracicaba\/","robots":"max-image-preview:large","keywords":"","webmasterTools":{"miscellaneous":""},"schema":{"@context":"https:\/\/schema.org","@graph":[{"@type":"Article","@id":"https:\/\/www.encontrapiracicaba.com.br\/sobre\/acidente-entre-onibus-e-carro-deixa-4-feridos-em-avenida-de-piracicaba\/#article","name":"Acidente entre \u00f4nibus e carro deixa 4 feridos em avenida de Piracicaba | Encontra Piracicaba","headline":"Acidente entre \u00f4nibus e carro deixa 4 feridos em avenida de Piracicaba","author":{"@id":"https:\/\/www.encontrapiracicaba.com.br\/sobre\/author\/epiracicaba\/#author"},"publisher":{"@id":"https:\/\/www.encontrapiracicaba.com.br\/sobre\/#organization"},"datePublished":"2013-06-11T14:20:21-03:00","dateModified":"2019-04-12T16:02:04-03:00","inLanguage":"pt-BR","mainEntityOfPage":{"@id":"https:\/\/www.encontrapiracicaba.com.br\/sobre\/acidente-entre-onibus-e-carro-deixa-4-feridos-em-avenida-de-piracicaba\/#webpage"},"isPartOf":{"@id":"https:\/\/www.encontrapiracicaba.com.br\/sobre\/acidente-entre-onibus-e-carro-deixa-4-feridos-em-avenida-de-piracicaba\/#webpage"},"articleSection":"Not\u00edcias Piracicaba"},{"@type":"BreadcrumbList","@id":"https:\/\/www.encontrapiracicaba.com.br\/sobre\/acidente-entre-onibus-e-carro-deixa-4-feridos-em-avenida-de-piracicaba\/#breadcrumblist","itemListElement":[{"@type":"ListItem","@id":"https:\/\/www.encontrapiracicaba.com.br\/sobre#listItem","position":1,"name":"In\u00edcio","item":"https:\/\/www.encontrapiracicaba.com.br\/sobre","nextItem":{"@type":"ListItem","@id":"https:\/\/www.encontrapiracicaba.com.br\/sobre\/noticias-em-piracicaba\/#listItem","name":"Not\u00edcias Piracicaba"}},{"@type":"ListItem","@id":"https:\/\/www.encontrapiracicaba.com.br\/sobre\/noticias-em-piracicaba\/#listItem","position":2,"name":"Not\u00edcias Piracicaba","item":"https:\/\/www.encontrapiracicaba.com.br\/sobre\/noticias-em-piracicaba\/","nextItem":{"@type":"ListItem","@id":"https:\/\/www.encontrapiracicaba.com.br\/sobre\/acidente-entre-onibus-e-carro-deixa-4-feridos-em-avenida-de-piracicaba\/#listItem","name":"Acidente entre \u00f4nibus e carro deixa 4 feridos em avenida de Piracicaba"},"previousItem":{"@type":"ListItem","@id":"https:\/\/www.encontrapiracicaba.com.br\/sobre#listItem","name":"In\u00edcio"}},{"@type":"ListItem","@id":"https:\/\/www.encontrapiracicaba.com.br\/sobre\/acidente-entre-onibus-e-carro-deixa-4-feridos-em-avenida-de-piracicaba\/#listItem","position":3,"name":"Acidente entre \u00f4nibus e carro deixa 4 feridos em avenida de Piracicaba","previousItem":{"@type":"ListItem","@id":"https:\/\/www.encontrapiracicaba.com.br\/sobre\/noticias-em-piracicaba\/#listItem","name":"Not\u00edcias Piracicaba"}}]},{"@type":"Organization","@id":"https:\/\/www.encontrapiracicaba.com.br\/sobre\/#organization","name":"Encontra Piracicaba","description":"Not\u00edcias, eventos, informa\u00e7\u00f5es e dicas na cidade de Piracicaba e regi\u00e3o","url":"https:\/\/www.encontrapiracicaba.com.br\/sobre\/"},{"@type":"Person","@id":"https:\/\/www.encontrapiracicaba.com.br\/sobre\/author\/epiracicaba\/#author","url":"https:\/\/www.encontrapiracicaba.com.br\/sobre\/author\/epiracicaba\/","name":"Encontra Piracicaba","image":{"@type":"ImageObject","@id":"https:\/\/www.encontrapiracicaba.com.br\/sobre\/acidente-entre-onibus-e-carro-deixa-4-feridos-em-avenida-de-piracicaba\/#authorImage","url":"https:\/\/secure.gravatar.com\/avatar\/507340682b8270222e1f208e23198b6ae7e2c6a1033ae84e99bc6bce4f82a387?s=96&d=mm&r=g","width":96,"height":96,"caption":"Encontra Piracicaba"}},{"@type":"WebPage","@id":"https:\/\/www.encontrapiracicaba.com.br\/sobre\/acidente-entre-onibus-e-carro-deixa-4-feridos-em-avenida-de-piracicaba\/#webpage","url":"https:\/\/www.encontrapiracicaba.com.br\/sobre\/acidente-entre-onibus-e-carro-deixa-4-feridos-em-avenida-de-piracicaba\/","name":"Acidente entre \u00f4nibus e carro deixa 4 feridos em avenida de Piracicaba | Encontra Piracicaba","inLanguage":"pt-BR","isPartOf":{"@id":"https:\/\/www.encontrapiracicaba.com.br\/sobre\/#website"},"breadcrumb":{"@id":"https:\/\/www.encontrapiracicaba.com.br\/sobre\/acidente-entre-onibus-e-carro-deixa-4-feridos-em-avenida-de-piracicaba\/#breadcrumblist"},"author":{"@id":"https:\/\/www.encontrapiracicaba.com.br\/sobre\/author\/epiracicaba\/#author"},"creator":{"@id":"https:\/\/www.encontrapiracicaba.com.br\/sobre\/author\/epiracicaba\/#author"},"datePublished":"2013-06-11T14:20:21-03:00","dateModified":"2019-04-12T16:02:04-03:00"},{"@type":"WebSite","@id":"https:\/\/www.encontrapiracicaba.com.br\/sobre\/#website","url":"https:\/\/www.encontrapiracicaba.com.br\/sobre\/","name":"Encontra Piracicaba","description":"Not\u00edcias, eventos, informa\u00e7\u00f5es e dicas na cidade de Piracicaba e regi\u00e3o","inLanguage":"pt-BR","publisher":{"@id":"https:\/\/www.encontrapiracicaba.com.br\/sobre\/#organization"}}]},"og:locale":"pt_BR","og:site_name":"Encontra Piracicaba | Not\u00edcias, eventos, informa\u00e7\u00f5es e dicas na cidade de Piracicaba e regi\u00e3o","og:type":"article","og:title":"Acidente entre \u00f4nibus e carro deixa 4 feridos em avenida de Piracicaba | Encontra Piracicaba","og:url":"https:\/\/www.encontrapiracicaba.com.br\/sobre\/acidente-entre-onibus-e-carro-deixa-4-feridos-em-avenida-de-piracicaba\/","article:published_time":"2013-06-11T17:20:21+00:00","article:modified_time":"2019-04-12T19:02:04+00:00","twitter:card":"summary","twitter:title":"Acidente entre \u00f4nibus e carro deixa 4 feridos em avenida de Piracicaba | Encontra Piracicaba"},"aioseo_meta_data":{"post_id":"1542","title":null,"description":null,"keywords":null,"keyphrases":null,"primary_term":null,"canonical_url":null,"og_title":null,"og_description":null,"og_object_type":"default","og_image_type":"default","og_image_url":null,"og_image_width":null,"og_image_height":null,"og_image_custom_url":null,"og_image_custom_fields":null,"og_video":null,"og_custom_url":null,"og_article_section":null,"og_article_tags":null,"twitter_use_og":false,"twitter_card":"default","twitter_image_type":"default","twitter_image_url":null,"twitter_image_custom_url":null,"twitter_image_custom_fields":null,"twitter_title":null,"twitter_description":null,"schema":{"blockGraphs":[],"customGraphs":[],"default":{"data":{"Article":[],"Course":[],"Dataset":[],"FAQPage":[],"Movie":[],"Person":[],"Product":[],"ProductReview":[],"Car":[],"Recipe":[],"Service":[],"SoftwareApplication":[],"WebPage":[]},"graphName":"Article","isEnabled":true},"graphs":[]},"schema_type":null,"schema_type_options":null,"pillar_content":false,"robots_default":true,"robots_noindex":false,"robots_noarchive":false,"robots_nosnippet":false,"robots_nofollow":false,"robots_noimageindex":false,"robots_noodp":false,"robots_notranslate":false,"robots_max_snippet":null,"robots_max_videopreview":null,"robots_max_imagepreview":"large","priority":null,"frequency":null,"local_seo":null,"breadcrumb_settings":null,"limit_modified_date":false,"ai":null,"created":"2021-08-13 20:39:43","updated":"2025-10-04 03:32:46","focus_keyword":null,"additional_keywords":null,"truseo_locale":null,"seo_analyzer_scan_date":null},"aioseo_breadcrumb":"<div class=\"aioseo-breadcrumbs\"><span class=\"aioseo-breadcrumb\">\n\t\t\t<a href=\"https:\/\/www.encontrapiracicaba.com.br\/sobre\" title=\"In\u00edcio\">In\u00edcio<\/a>\n\t\t<\/span><span class=\"aioseo-breadcrumb-separator\">&raquo;<\/span><span class=\"aioseo-breadcrumb\">\n\t\t\t<a href=\"https:\/\/www.encontrapiracicaba.com.br\/sobre\/noticias-em-piracicaba\/\" title=\"Not\u00edcias Piracicaba\">Not\u00edcias Piracicaba<\/a>\n\t\t<\/span><span class=\"aioseo-breadcrumb-separator\">&raquo;<\/span><span class=\"aioseo-breadcrumb\">\n\t\t\tAcidente entre \u00f4nibus e carro deixa 4 feridos em avenida de Piracicaba\n\t\t<\/span><\/div>","aioseo_breadcrumb_json":[{"label":"In\u00edcio","link":"https:\/\/www.encontrapiracicaba.com.br\/sobre"},{"label":"Not\u00edcias Piracicaba","link":"https:\/\/www.encontrapiracicaba.com.br\/sobre\/noticias-em-piracicaba\/"},{"label":"Acidente entre \u00f4nibus e carro deixa 4 feridos em avenida de Piracicaba","link":"https:\/\/www.encontrapiracicaba.com.br\/sobre\/acidente-entre-onibus-e-carro-deixa-4-feridos-em-avenida-de-piracicaba\/"}],"_links":{"self":[{"href":"https:\/\/www.encontrapiracicaba.com.br\/sobre\/wp-json\/wp\/v2\/posts\/1542","targetHints":{"allow":["GET"]}}],"collection":[{"href":"https:\/\/www.encontrapiracicaba.com.br\/sobre\/wp-json\/wp\/v2\/posts"}],"about":[{"href":"https:\/\/www.encontrapiracicaba.com.br\/sobre\/wp-json\/wp\/v2\/types\/post"}],"author":[{"embeddable":true,"href":"https:\/\/www.encontrapiracicaba.com.br\/sobre\/wp-json\/wp\/v2\/users\/1"}],"replies":[{"embeddable":true,"href":"https:\/\/www.encontrapiracicaba.com.br\/sobre\/wp-json\/wp\/v2\/comments?post=1542"}],"version-history":[{"count":2,"href":"https:\/\/www.encontrapiracicaba.com.br\/sobre\/wp-json\/wp\/v2\/posts\/1542\/revisions"}],"predecessor-version":[{"id":2591,"href":"https:\/\/www.encontrapiracicaba.com.br\/sobre\/wp-json\/wp\/v2\/posts\/1542\/revisions\/2591"}],"wp:attachment":[{"href":"https:\/\/www.encontrapiracicaba.com.br\/sobre\/wp-json\/wp\/v2\/media?parent=1542"}],"wp:term":[{"taxonomy":"category","embeddable":true,"href":"https:\/\/www.encontrapiracicaba.com.br\/sobre\/wp-json\/wp\/v2\/categories?post=1542"},{"taxonomy":"post_tag","embeddable":true,"href":"https:\/\/www.encontrapiracicaba.com.br\/sobre\/wp-json\/wp\/v2\/tags?post=1542"}],"curies":[{"name":"wp","href":"https:\/\/api.w.org\/{rel}","templated":true}]}}