{"id":1602,"date":"2013-07-26T10:10:46","date_gmt":"2013-07-26T13:10:46","guid":{"rendered":"http:\/\/www.encontrapiracicaba.com.br\/noticias\/?p=1602"},"modified":"2019-04-12T16:02:02","modified_gmt":"2019-04-12T19:02:02","slug":"condenados-por-crimes-leves-irao-trabalhar-na-camara-de-piracicaba","status":"publish","type":"post","link":"https:\/\/www.encontrapiracicaba.com.br\/sobre\/condenados-por-crimes-leves-irao-trabalhar-na-camara-de-piracicaba\/","title":{"rendered":"Condenados por crimes leves ir\u00e3o trabalhar na C\u00e2mara de Piracicaba"},"content":{"rendered":"<div class=\"85df007ed5c0c4d4b453fd13a37855e8\" data-index=\"1\" style=\"float: none; margin:0px;\">\n<!-- Anuncio display - global -->\r\n<ins class=\"adsbygoogle\"\r\n     style=\"display:block\"\r\n     data-ad-client=\"ca-pub-8585364105181520\"\r\n     data-ad-slot=\"8789329856\"\r\n     data-ad-format=\"auto\"\r\n     data-full-width-responsive=\"true\"><\/ins>\r\n<script>\r\n     (adsbygoogle = window.adsbygoogle || []).push({});\r\n<\/script>\n<\/div>\n<p>A C\u00e2mara de Piracicaba fechou parceria com o Poder Judici\u00e1rio para aproveitar a m\u00e3o de obra de pessoas condenadas a prestar servi\u00e7os comunit\u00e1rios por terem cometido delitos de considerados leves, como furtos, uso de drogas, les\u00f5es corporais, acidentes de tr\u00e2nsito e alguns tipos de contraven\u00e7\u00f5es penais.<\/p>\n<p>No Legislativo, os condenados ser\u00e3o direcionados para servi\u00e7os de limpeza, jardinagem e manuten\u00e7\u00e3o, segundo a diretora do Departamento Administrativo, K\u00e1tia Garcia Mesquita. A presta\u00e7\u00e3o do servi\u00e7o comunit\u00e1rio n\u00e3o deve interferir na atua\u00e7\u00e3o das empresas terceirizadas contratadas pela C\u00e2mara, de acordo com ela.<\/p>\n<p>A parceria foi proposta pelo vereador Pedro Kawai (PSDB) e acatada pela mesa diretora, que firmou o acordo com a Vara de Execu\u00e7\u00f5es Criminais de Piracicaba. O programa socioeducativo, na avalia\u00e7\u00e3o do vereador, contribui para o resgate da auto-estima e na ressocializa\u00e7\u00e3o dos condenados, que n\u00e3o ser\u00e3o remunerados pelo trabalho prestado.<\/p>\n<p>&#8220;O juiz pode determinar que a pessoa cumpra semanalmente uma atividade junto a uma entidade, como atuar no servi\u00e7o de limpeza ou em outras ocupa\u00e7\u00f5es. A pessoa tamb\u00e9m pode acumular as horas para serem cumpridas num \u00fanico dia, como s\u00e1bado ou domingo, a crit\u00e9rio da Justi\u00e7a e conveni\u00eancia da entidade&#8221;, informou a C\u00e2mara em nota.<\/p>\n<p>Segundo informa\u00e7\u00f5es da assessoria de imprensa do Legislativo, a Prefeitura de Piracicaba utiliza a presta\u00e7\u00e3o de servi\u00e7os comunit\u00e1rios por meio de conv\u00eanio com a Secretaria Estadual da Administra\u00e7\u00e3o Penitenci\u00e1ria (SAP). Entre as penas alternativas est\u00e3o o pagamento de multas e cestas b\u00e1sicas, mas a principal medida empregada \u00e9 a presta\u00e7\u00e3o de servi\u00e7os \u00e0 comunidade.<\/p>\n<p><strong>Limeira<\/strong><br \/>\nEm Limeira (SP), o conv\u00eanio entre a C\u00e2mara e a Justi\u00e7a come\u00e7ou a vigorar em janeiro deste ano. A medida foi proposta \u00e0 Casa de Leis pelo juiz da 2\u00aa Vara Criminal e de Execu\u00e7\u00f5es Criminais, Luiz Augusto Barrichello Neto. &#8220;A pena alternativa \u00e9 uma forma de a pessoa pagar uma d\u00edvida que tem com a sociedade, sem ser presa, e promove a ressocializa\u00e7\u00e3o&#8221;, disse Barrichello na \u00e9poca.<\/p>\n<p><em>Fonte: G1<\/em><\/p>\n\n<div style=\"font-size: 0px; height: 0px; line-height: 0px; margin: 0; padding: 0; clear: both;\"><\/div>","protected":false},"excerpt":{"rendered":"<p>A C\u00e2mara de Piracicaba fechou parceria com o Poder Judici\u00e1rio para aproveitar a m\u00e3o de obra de pessoas condenadas a prestar servi\u00e7os comunit\u00e1rios por terem cometido delitos de considerados leves, como furtos, uso de drogas, les\u00f5es corporais, acidentes de tr\u00e2nsito e alguns tipos de contraven\u00e7\u00f5es penais. No Legislativo, os condenados ser\u00e3o direcionados para servi\u00e7os de limpeza, jardinagem e manuten\u00e7\u00e3o, segundo a diretora do Departamento Administrativo, K\u00e1tia Garcia Mesquita. A presta\u00e7\u00e3o do servi\u00e7o comunit\u00e1rio n\u00e3o deve interferir na atua\u00e7\u00e3o das empresas terceirizadas contratadas pela C\u00e2mara, de acordo com ela. A parceria foi proposta pelo vereador Pedro Kawai (PSDB) e acatada pela <\/p>\n","protected":false},"author":1,"featured_media":0,"comment_status":"open","ping_status":"closed","sticky":false,"template":"","format":"standard","meta":{"footnotes":""},"categories":[6],"tags":[],"class_list":["post-1602","post","type-post","status-publish","format-standard","hentry","category-noticias-em-piracicaba"],"aioseo_notices":[],"aioseo_head":"\n\t\t<!-- All in One SEO 5.0.0.1 - aioseo.com -->\n\t<meta name=\"robots\" content=\"max-image-preview:large\" \/>\n\t<meta name=\"author\" content=\"Encontra Piracicaba\"\/>\n\t<link rel=\"canonical\" href=\"https:\/\/www.encontrapiracicaba.com.br\/sobre\/condenados-por-crimes-leves-irao-trabalhar-na-camara-de-piracicaba\/\" \/>\n\t<meta name=\"generator\" content=\"All in One SEO (AIOSEO) 5.0.0.1\" \/>\n\t\t<meta property=\"og:locale\" content=\"pt_BR\" \/>\n\t\t<meta property=\"og:site_name\" content=\"Encontra Piracicaba | Not\u00edcias, eventos, informa\u00e7\u00f5es e dicas na cidade de Piracicaba e regi\u00e3o\" \/>\n\t\t<meta property=\"og:type\" content=\"article\" \/>\n\t\t<meta property=\"og:title\" content=\"Condenados por crimes leves ir\u00e3o trabalhar na C\u00e2mara de Piracicaba | Encontra Piracicaba\" \/>\n\t\t<meta property=\"og:url\" content=\"https:\/\/www.encontrapiracicaba.com.br\/sobre\/condenados-por-crimes-leves-irao-trabalhar-na-camara-de-piracicaba\/\" \/>\n\t\t<meta property=\"article:published_time\" content=\"2013-07-26T13:10:46+00:00\" \/>\n\t\t<meta property=\"article:modified_time\" content=\"2019-04-12T19:02:02+00:00\" \/>\n\t\t<meta name=\"twitter:card\" content=\"summary\" \/>\n\t\t<meta name=\"twitter:title\" content=\"Condenados por crimes leves ir\u00e3o trabalhar na C\u00e2mara de Piracicaba | Encontra Piracicaba\" \/>\n\t\t<script type=\"application\/ld+json\" class=\"aioseo-schema\">\n\t\t\t{\"@context\":\"https:\\\/\\\/schema.org\",\"@graph\":[{\"@type\":\"Article\",\"@id\":\"https:\\\/\\\/www.encontrapiracicaba.com.br\\\/sobre\\\/condenados-por-crimes-leves-irao-trabalhar-na-camara-de-piracicaba\\\/#article\",\"name\":\"Condenados por crimes leves ir\\u00e3o trabalhar na C\\u00e2mara de Piracicaba | Encontra Piracicaba\",\"headline\":\"Condenados por crimes leves ir\\u00e3o trabalhar na C\\u00e2mara de Piracicaba\",\"author\":{\"@id\":\"https:\\\/\\\/www.encontrapiracicaba.com.br\\\/sobre\\\/author\\\/epiracicaba\\\/#author\"},\"publisher\":{\"@id\":\"https:\\\/\\\/www.encontrapiracicaba.com.br\\\/sobre\\\/#organization\"},\"datePublished\":\"2013-07-26T10:10:46-03:00\",\"dateModified\":\"2019-04-12T16:02:02-03:00\",\"inLanguage\":\"pt-BR\",\"mainEntityOfPage\":{\"@id\":\"https:\\\/\\\/www.encontrapiracicaba.com.br\\\/sobre\\\/condenados-por-crimes-leves-irao-trabalhar-na-camara-de-piracicaba\\\/#webpage\"},\"isPartOf\":{\"@id\":\"https:\\\/\\\/www.encontrapiracicaba.com.br\\\/sobre\\\/condenados-por-crimes-leves-irao-trabalhar-na-camara-de-piracicaba\\\/#webpage\"},\"articleSection\":\"Not\\u00edcias Piracicaba\"},{\"@type\":\"BreadcrumbList\",\"@id\":\"https:\\\/\\\/www.encontrapiracicaba.com.br\\\/sobre\\\/condenados-por-crimes-leves-irao-trabalhar-na-camara-de-piracicaba\\\/#breadcrumblist\",\"itemListElement\":[{\"@type\":\"ListItem\",\"@id\":\"https:\\\/\\\/www.encontrapiracicaba.com.br\\\/sobre#listItem\",\"position\":1,\"name\":\"In\\u00edcio\",\"item\":\"https:\\\/\\\/www.encontrapiracicaba.com.br\\\/sobre\",\"nextItem\":{\"@type\":\"ListItem\",\"@id\":\"https:\\\/\\\/www.encontrapiracicaba.com.br\\\/sobre\\\/noticias-em-piracicaba\\\/#listItem\",\"name\":\"Not\\u00edcias Piracicaba\"}},{\"@type\":\"ListItem\",\"@id\":\"https:\\\/\\\/www.encontrapiracicaba.com.br\\\/sobre\\\/noticias-em-piracicaba\\\/#listItem\",\"position\":2,\"name\":\"Not\\u00edcias Piracicaba\",\"item\":\"https:\\\/\\\/www.encontrapiracicaba.com.br\\\/sobre\\\/noticias-em-piracicaba\\\/\",\"nextItem\":{\"@type\":\"ListItem\",\"@id\":\"https:\\\/\\\/www.encontrapiracicaba.com.br\\\/sobre\\\/condenados-por-crimes-leves-irao-trabalhar-na-camara-de-piracicaba\\\/#listItem\",\"name\":\"Condenados por crimes leves ir\\u00e3o trabalhar na C\\u00e2mara de Piracicaba\"},\"previousItem\":{\"@type\":\"ListItem\",\"@id\":\"https:\\\/\\\/www.encontrapiracicaba.com.br\\\/sobre#listItem\",\"name\":\"In\\u00edcio\"}},{\"@type\":\"ListItem\",\"@id\":\"https:\\\/\\\/www.encontrapiracicaba.com.br\\\/sobre\\\/condenados-por-crimes-leves-irao-trabalhar-na-camara-de-piracicaba\\\/#listItem\",\"position\":3,\"name\":\"Condenados por crimes leves ir\\u00e3o trabalhar na C\\u00e2mara de Piracicaba\",\"previousItem\":{\"@type\":\"ListItem\",\"@id\":\"https:\\\/\\\/www.encontrapiracicaba.com.br\\\/sobre\\\/noticias-em-piracicaba\\\/#listItem\",\"name\":\"Not\\u00edcias Piracicaba\"}}]},{\"@type\":\"Organization\",\"@id\":\"https:\\\/\\\/www.encontrapiracicaba.com.br\\\/sobre\\\/#organization\",\"name\":\"Encontra Piracicaba\",\"description\":\"Not\\u00edcias, eventos, informa\\u00e7\\u00f5es e dicas na cidade de Piracicaba e regi\\u00e3o\",\"url\":\"https:\\\/\\\/www.encontrapiracicaba.com.br\\\/sobre\\\/\"},{\"@type\":\"Person\",\"@id\":\"https:\\\/\\\/www.encontrapiracicaba.com.br\\\/sobre\\\/author\\\/epiracicaba\\\/#author\",\"url\":\"https:\\\/\\\/www.encontrapiracicaba.com.br\\\/sobre\\\/author\\\/epiracicaba\\\/\",\"name\":\"Encontra Piracicaba\",\"image\":{\"@type\":\"ImageObject\",\"@id\":\"https:\\\/\\\/www.encontrapiracicaba.com.br\\\/sobre\\\/condenados-por-crimes-leves-irao-trabalhar-na-camara-de-piracicaba\\\/#authorImage\",\"url\":\"https:\\\/\\\/secure.gravatar.com\\\/avatar\\\/507340682b8270222e1f208e23198b6ae7e2c6a1033ae84e99bc6bce4f82a387?s=96&d=mm&r=g\",\"width\":96,\"height\":96,\"caption\":\"Encontra Piracicaba\"}},{\"@type\":\"WebPage\",\"@id\":\"https:\\\/\\\/www.encontrapiracicaba.com.br\\\/sobre\\\/condenados-por-crimes-leves-irao-trabalhar-na-camara-de-piracicaba\\\/#webpage\",\"url\":\"https:\\\/\\\/www.encontrapiracicaba.com.br\\\/sobre\\\/condenados-por-crimes-leves-irao-trabalhar-na-camara-de-piracicaba\\\/\",\"name\":\"Condenados por crimes leves ir\\u00e3o trabalhar na C\\u00e2mara de Piracicaba | Encontra Piracicaba\",\"inLanguage\":\"pt-BR\",\"isPartOf\":{\"@id\":\"https:\\\/\\\/www.encontrapiracicaba.com.br\\\/sobre\\\/#website\"},\"breadcrumb\":{\"@id\":\"https:\\\/\\\/www.encontrapiracicaba.com.br\\\/sobre\\\/condenados-por-crimes-leves-irao-trabalhar-na-camara-de-piracicaba\\\/#breadcrumblist\"},\"author\":{\"@id\":\"https:\\\/\\\/www.encontrapiracicaba.com.br\\\/sobre\\\/author\\\/epiracicaba\\\/#author\"},\"creator\":{\"@id\":\"https:\\\/\\\/www.encontrapiracicaba.com.br\\\/sobre\\\/author\\\/epiracicaba\\\/#author\"},\"datePublished\":\"2013-07-26T10:10:46-03:00\",\"dateModified\":\"2019-04-12T16:02:02-03:00\"},{\"@type\":\"WebSite\",\"@id\":\"https:\\\/\\\/www.encontrapiracicaba.com.br\\\/sobre\\\/#website\",\"url\":\"https:\\\/\\\/www.encontrapiracicaba.com.br\\\/sobre\\\/\",\"name\":\"Encontra Piracicaba\",\"description\":\"Not\\u00edcias, eventos, informa\\u00e7\\u00f5es e dicas na cidade de Piracicaba e regi\\u00e3o\",\"inLanguage\":\"pt-BR\",\"publisher\":{\"@id\":\"https:\\\/\\\/www.encontrapiracicaba.com.br\\\/sobre\\\/#organization\"}}]}\n\t\t<\/script>\n\t\t<!-- All in One SEO -->\n\n","aioseo_head_json":{"title":"Condenados por crimes leves ir\u00e3o trabalhar na C\u00e2mara de Piracicaba | Encontra Piracicaba","description":"","canonical_url":"https:\/\/www.encontrapiracicaba.com.br\/sobre\/condenados-por-crimes-leves-irao-trabalhar-na-camara-de-piracicaba\/","robots":"max-image-preview:large","keywords":"","webmasterTools":{"miscellaneous":""},"schema":{"@context":"https:\/\/schema.org","@graph":[{"@type":"Article","@id":"https:\/\/www.encontrapiracicaba.com.br\/sobre\/condenados-por-crimes-leves-irao-trabalhar-na-camara-de-piracicaba\/#article","name":"Condenados por crimes leves ir\u00e3o trabalhar na C\u00e2mara de Piracicaba | Encontra Piracicaba","headline":"Condenados por crimes leves ir\u00e3o trabalhar na C\u00e2mara de Piracicaba","author":{"@id":"https:\/\/www.encontrapiracicaba.com.br\/sobre\/author\/epiracicaba\/#author"},"publisher":{"@id":"https:\/\/www.encontrapiracicaba.com.br\/sobre\/#organization"},"datePublished":"2013-07-26T10:10:46-03:00","dateModified":"2019-04-12T16:02:02-03:00","inLanguage":"pt-BR","mainEntityOfPage":{"@id":"https:\/\/www.encontrapiracicaba.com.br\/sobre\/condenados-por-crimes-leves-irao-trabalhar-na-camara-de-piracicaba\/#webpage"},"isPartOf":{"@id":"https:\/\/www.encontrapiracicaba.com.br\/sobre\/condenados-por-crimes-leves-irao-trabalhar-na-camara-de-piracicaba\/#webpage"},"articleSection":"Not\u00edcias Piracicaba"},{"@type":"BreadcrumbList","@id":"https:\/\/www.encontrapiracicaba.com.br\/sobre\/condenados-por-crimes-leves-irao-trabalhar-na-camara-de-piracicaba\/#breadcrumblist","itemListElement":[{"@type":"ListItem","@id":"https:\/\/www.encontrapiracicaba.com.br\/sobre#listItem","position":1,"name":"In\u00edcio","item":"https:\/\/www.encontrapiracicaba.com.br\/sobre","nextItem":{"@type":"ListItem","@id":"https:\/\/www.encontrapiracicaba.com.br\/sobre\/noticias-em-piracicaba\/#listItem","name":"Not\u00edcias Piracicaba"}},{"@type":"ListItem","@id":"https:\/\/www.encontrapiracicaba.com.br\/sobre\/noticias-em-piracicaba\/#listItem","position":2,"name":"Not\u00edcias Piracicaba","item":"https:\/\/www.encontrapiracicaba.com.br\/sobre\/noticias-em-piracicaba\/","nextItem":{"@type":"ListItem","@id":"https:\/\/www.encontrapiracicaba.com.br\/sobre\/condenados-por-crimes-leves-irao-trabalhar-na-camara-de-piracicaba\/#listItem","name":"Condenados por crimes leves ir\u00e3o trabalhar na C\u00e2mara de Piracicaba"},"previousItem":{"@type":"ListItem","@id":"https:\/\/www.encontrapiracicaba.com.br\/sobre#listItem","name":"In\u00edcio"}},{"@type":"ListItem","@id":"https:\/\/www.encontrapiracicaba.com.br\/sobre\/condenados-por-crimes-leves-irao-trabalhar-na-camara-de-piracicaba\/#listItem","position":3,"name":"Condenados por crimes leves ir\u00e3o trabalhar na C\u00e2mara de Piracicaba","previousItem":{"@type":"ListItem","@id":"https:\/\/www.encontrapiracicaba.com.br\/sobre\/noticias-em-piracicaba\/#listItem","name":"Not\u00edcias Piracicaba"}}]},{"@type":"Organization","@id":"https:\/\/www.encontrapiracicaba.com.br\/sobre\/#organization","name":"Encontra Piracicaba","description":"Not\u00edcias, eventos, informa\u00e7\u00f5es e dicas na cidade de Piracicaba e regi\u00e3o","url":"https:\/\/www.encontrapiracicaba.com.br\/sobre\/"},{"@type":"Person","@id":"https:\/\/www.encontrapiracicaba.com.br\/sobre\/author\/epiracicaba\/#author","url":"https:\/\/www.encontrapiracicaba.com.br\/sobre\/author\/epiracicaba\/","name":"Encontra Piracicaba","image":{"@type":"ImageObject","@id":"https:\/\/www.encontrapiracicaba.com.br\/sobre\/condenados-por-crimes-leves-irao-trabalhar-na-camara-de-piracicaba\/#authorImage","url":"https:\/\/secure.gravatar.com\/avatar\/507340682b8270222e1f208e23198b6ae7e2c6a1033ae84e99bc6bce4f82a387?s=96&d=mm&r=g","width":96,"height":96,"caption":"Encontra Piracicaba"}},{"@type":"WebPage","@id":"https:\/\/www.encontrapiracicaba.com.br\/sobre\/condenados-por-crimes-leves-irao-trabalhar-na-camara-de-piracicaba\/#webpage","url":"https:\/\/www.encontrapiracicaba.com.br\/sobre\/condenados-por-crimes-leves-irao-trabalhar-na-camara-de-piracicaba\/","name":"Condenados por crimes leves ir\u00e3o trabalhar na C\u00e2mara de Piracicaba | Encontra Piracicaba","inLanguage":"pt-BR","isPartOf":{"@id":"https:\/\/www.encontrapiracicaba.com.br\/sobre\/#website"},"breadcrumb":{"@id":"https:\/\/www.encontrapiracicaba.com.br\/sobre\/condenados-por-crimes-leves-irao-trabalhar-na-camara-de-piracicaba\/#breadcrumblist"},"author":{"@id":"https:\/\/www.encontrapiracicaba.com.br\/sobre\/author\/epiracicaba\/#author"},"creator":{"@id":"https:\/\/www.encontrapiracicaba.com.br\/sobre\/author\/epiracicaba\/#author"},"datePublished":"2013-07-26T10:10:46-03:00","dateModified":"2019-04-12T16:02:02-03:00"},{"@type":"WebSite","@id":"https:\/\/www.encontrapiracicaba.com.br\/sobre\/#website","url":"https:\/\/www.encontrapiracicaba.com.br\/sobre\/","name":"Encontra Piracicaba","description":"Not\u00edcias, eventos, informa\u00e7\u00f5es e dicas na cidade de Piracicaba e regi\u00e3o","inLanguage":"pt-BR","publisher":{"@id":"https:\/\/www.encontrapiracicaba.com.br\/sobre\/#organization"}}]},"og:locale":"pt_BR","og:site_name":"Encontra Piracicaba | Not\u00edcias, eventos, informa\u00e7\u00f5es e dicas na cidade de Piracicaba e regi\u00e3o","og:type":"article","og:title":"Condenados por crimes leves ir\u00e3o trabalhar na C\u00e2mara de Piracicaba | Encontra Piracicaba","og:url":"https:\/\/www.encontrapiracicaba.com.br\/sobre\/condenados-por-crimes-leves-irao-trabalhar-na-camara-de-piracicaba\/","article:published_time":"2013-07-26T13:10:46+00:00","article:modified_time":"2019-04-12T19:02:02+00:00","twitter:card":"summary","twitter:title":"Condenados por crimes leves ir\u00e3o trabalhar na C\u00e2mara de Piracicaba | Encontra Piracicaba"},"aioseo_meta_data":{"post_id":"1602","title":null,"description":null,"keywords":null,"keyphrases":null,"primary_term":null,"canonical_url":null,"og_title":null,"og_description":null,"og_object_type":"default","og_image_type":"default","og_image_url":null,"og_image_width":null,"og_image_height":null,"og_image_custom_url":null,"og_image_custom_fields":null,"og_video":null,"og_custom_url":null,"og_article_section":null,"og_article_tags":null,"twitter_use_og":false,"twitter_card":"default","twitter_image_type":"default","twitter_image_url":null,"twitter_image_custom_url":null,"twitter_image_custom_fields":null,"twitter_title":null,"twitter_description":null,"schema":{"blockGraphs":[],"customGraphs":[],"default":{"data":{"Article":[],"Course":[],"Dataset":[],"FAQPage":[],"Movie":[],"Person":[],"Product":[],"ProductReview":[],"Car":[],"Recipe":[],"Service":[],"SoftwareApplication":[],"WebPage":[]},"graphName":"Article","isEnabled":true},"graphs":[]},"schema_type":null,"schema_type_options":null,"pillar_content":false,"robots_default":true,"robots_noindex":false,"robots_noarchive":false,"robots_nosnippet":false,"robots_nofollow":false,"robots_noimageindex":false,"robots_noodp":false,"robots_notranslate":false,"robots_max_snippet":null,"robots_max_videopreview":null,"robots_max_imagepreview":"large","priority":null,"frequency":null,"local_seo":null,"breadcrumb_settings":null,"limit_modified_date":false,"ai":null,"created":"2021-08-13 20:39:43","updated":"2025-10-04 03:48:53","focus_keyword":null,"additional_keywords":null,"truseo_locale":null,"seo_analyzer_scan_date":null},"aioseo_breadcrumb":"<div class=\"aioseo-breadcrumbs\"><span class=\"aioseo-breadcrumb\">\n\t\t\t<a href=\"https:\/\/www.encontrapiracicaba.com.br\/sobre\" title=\"In\u00edcio\">In\u00edcio<\/a>\n\t\t<\/span><span class=\"aioseo-breadcrumb-separator\">&raquo;<\/span><span class=\"aioseo-breadcrumb\">\n\t\t\t<a href=\"https:\/\/www.encontrapiracicaba.com.br\/sobre\/noticias-em-piracicaba\/\" title=\"Not\u00edcias Piracicaba\">Not\u00edcias Piracicaba<\/a>\n\t\t<\/span><span class=\"aioseo-breadcrumb-separator\">&raquo;<\/span><span class=\"aioseo-breadcrumb\">\n\t\t\tCondenados por crimes leves ir\u00e3o trabalhar na C\u00e2mara de Piracicaba\n\t\t<\/span><\/div>","aioseo_breadcrumb_json":[{"label":"In\u00edcio","link":"https:\/\/www.encontrapiracicaba.com.br\/sobre"},{"label":"Not\u00edcias Piracicaba","link":"https:\/\/www.encontrapiracicaba.com.br\/sobre\/noticias-em-piracicaba\/"},{"label":"Condenados por crimes leves ir\u00e3o trabalhar na C\u00e2mara de Piracicaba","link":"https:\/\/www.encontrapiracicaba.com.br\/sobre\/condenados-por-crimes-leves-irao-trabalhar-na-camara-de-piracicaba\/"}],"_links":{"self":[{"href":"https:\/\/www.encontrapiracicaba.com.br\/sobre\/wp-json\/wp\/v2\/posts\/1602","targetHints":{"allow":["GET"]}}],"collection":[{"href":"https:\/\/www.encontrapiracicaba.com.br\/sobre\/wp-json\/wp\/v2\/posts"}],"about":[{"href":"https:\/\/www.encontrapiracicaba.com.br\/sobre\/wp-json\/wp\/v2\/types\/post"}],"author":[{"embeddable":true,"href":"https:\/\/www.encontrapiracicaba.com.br\/sobre\/wp-json\/wp\/v2\/users\/1"}],"replies":[{"embeddable":true,"href":"https:\/\/www.encontrapiracicaba.com.br\/sobre\/wp-json\/wp\/v2\/comments?post=1602"}],"version-history":[{"count":1,"href":"https:\/\/www.encontrapiracicaba.com.br\/sobre\/wp-json\/wp\/v2\/posts\/1602\/revisions"}],"predecessor-version":[{"id":1603,"href":"https:\/\/www.encontrapiracicaba.com.br\/sobre\/wp-json\/wp\/v2\/posts\/1602\/revisions\/1603"}],"wp:attachment":[{"href":"https:\/\/www.encontrapiracicaba.com.br\/sobre\/wp-json\/wp\/v2\/media?parent=1602"}],"wp:term":[{"taxonomy":"category","embeddable":true,"href":"https:\/\/www.encontrapiracicaba.com.br\/sobre\/wp-json\/wp\/v2\/categories?post=1602"},{"taxonomy":"post_tag","embeddable":true,"href":"https:\/\/www.encontrapiracicaba.com.br\/sobre\/wp-json\/wp\/v2\/tags?post=1602"}],"curies":[{"name":"wp","href":"https:\/\/api.w.org\/{rel}","templated":true}]}}