{"id":1608,"date":"2013-08-02T09:05:00","date_gmt":"2013-08-02T12:05:00","guid":{"rendered":"http:\/\/www.encontrapiracicaba.com.br\/noticias\/?p=1608"},"modified":"2019-04-12T16:02:00","modified_gmt":"2019-04-12T19:02:00","slug":"morto-durante-confronto-com-gm-de-piracicaba-nao-tinha-arma-diz-familia","status":"publish","type":"post","link":"https:\/\/www.encontrapiracicaba.com.br\/sobre\/morto-durante-confronto-com-gm-de-piracicaba-nao-tinha-arma-diz-familia\/","title":{"rendered":"Morto durante confronto com GM de Piracicaba n\u00e3o tinha arma, diz fam\u00edlia"},"content":{"rendered":"<div class=\"85df007ed5c0c4d4b453fd13a37855e8\" data-index=\"1\" style=\"float: none; margin:0px;\">\n<!-- Anuncio display - global -->\r\n<ins class=\"adsbygoogle\"\r\n     style=\"display:block\"\r\n     data-ad-client=\"ca-pub-8585364105181520\"\r\n     data-ad-slot=\"8789329856\"\r\n     data-ad-format=\"auto\"\r\n     data-full-width-responsive=\"true\"><\/ins>\r\n<script>\r\n     (adsbygoogle = window.adsbygoogle || []).push({});\r\n<\/script>\n<\/div>\n<p>A fam\u00edlia de Frederico Alves de Jesus, morto com um tiro na cabe\u00e7a na noite desta quinta-feira (1) no bairro Bosques do Lenheiro em Piracicaba (SP), afirmou que o rapaz de 23 anos foi v\u00edtima de abuso de poder de guardas municipais que faziam uma opera\u00e7\u00e3o no local. O homic\u00eddio teria sido o estopim para o confronto entre pol\u00edcia e popula\u00e7\u00e3o do bairro, que terminou com mais dois feridos com tiros de bala de borracha e dois \u00f4nibus incendiados.<\/p>\n<p>Entre 17h30 e 20h30, os moradores do Bosques do Lenheiro viveram momentos de apreens\u00e3o. Primeiro parte da popula\u00e7\u00e3o ateou fogo nos \u00f4nibus e, em seguida, policiais militares entraram no bairro, que ficou sem energia, para conter o tumulto. O relato das testemunhas, no entanto, d\u00e1 conta que uma a\u00e7\u00e3o da Guarda Municipal teria desencadeado tudo.<\/p>\n<p>Segundo o delegado da Pol\u00edcia Civil Emerson Gardenal, os guardas foram ao bairro para retirar pessoas que estariam construindo casas e barracos em uma \u00e1rea verde. &#8220;Segundo os guardas disseram, havia um churrasco no local da constru\u00e7\u00e3o das casas e as viaturas chegaram para retir\u00e1-los de l\u00e1. Eles disseram ainda que tudo foi feito sem viol\u00eancia e negaram ter atirado contra o rapaz&#8221;, disse o delegado.<\/p>\n<p><strong>&#8216;Mataram um inocente&#8217;<\/strong><br \/>\nIrm\u00e3os, primos, amigos e uma tia da v\u00edtima foram ouvidos na delegacia da Pol\u00edcia Civil e \u00e0 reportagem afirmaram que Alves de Jesus n\u00e3o reagiu \u00e0 retirada dos moradores e nem possu\u00eda arma. &#8220;Ele saiu da \u00e1rea dos barracos e j\u00e1 estava a uns 300 metros de l\u00e1 quando duas motos o atropelaram e a \u00faltima viatura parou, o guarda o chamou e atirou na cabe\u00e7a dele&#8221;, disse uma das testemunhas, que pediu para n\u00e3o ser identificada.<\/p>\n<p>As pessoas que estavam pr\u00f3ximas no momento afirmaram que o disparo teria sido efetuado por uma das guardas femininas que estava na opera\u00e7\u00e3o. Familiares afirmaram ainda que Alves de Jesus n\u00e3o possu\u00eda antecedentes criminais e veio da Bahia h\u00e1 dois anos para trabalhar como ajudante na constru\u00e7\u00e3o civil.<\/p>\n<p><strong>Investiga\u00e7\u00e3o<\/strong><br \/>\nO delegado Gardenal afirmou que todas as partes foram ouvidas e o laudo pericial do corpo do rapaz definir\u00e1 os pr\u00f3ximos passos. &#8220;Recolhemos as armas dos guardas, vamos obter fotografias de todos eles para reconhecimento e preciso que a per\u00edcia me diga se a bala usada foi letal ou de borracha e depois descobriremos se ela saiu de alguma das armas. A poss\u00edvel omiss\u00e3o para a presta\u00e7\u00e3o de socorro da v\u00edtima tamb\u00e9m ser\u00e1 investigada a partir da\u00ed&#8221;, disse.<\/p>\n<p>O caso ser\u00e1 investigado pela Delegacia de Investiga\u00e7\u00f5es Gerais (DIG). O comandante da Guarda Municipal de Piracicaba, Silas Romualdo, afirmou que n\u00e3o poderia falar sobre o caso na noite desta quinta-feira, uma vez que ainda n\u00e3o havia lido o relat\u00f3rio completo.<\/p>\n<p><em>Fonte: G1<\/em><\/p>\n\n<div style=\"font-size: 0px; height: 0px; line-height: 0px; margin: 0; padding: 0; clear: both;\"><\/div>","protected":false},"excerpt":{"rendered":"<p>A fam\u00edlia de Frederico Alves de Jesus, morto com um tiro na cabe\u00e7a na noite desta quinta-feira (1) no bairro Bosques do Lenheiro em Piracicaba (SP), afirmou que o rapaz de 23 anos foi v\u00edtima de abuso de poder de guardas municipais que faziam uma opera\u00e7\u00e3o no local. O homic\u00eddio teria sido o estopim para o confronto entre pol\u00edcia e popula\u00e7\u00e3o do bairro, que terminou com mais dois feridos com tiros de bala de borracha e dois \u00f4nibus incendiados. Entre 17h30 e 20h30, os moradores do Bosques do Lenheiro viveram momentos de apreens\u00e3o. Primeiro parte da popula\u00e7\u00e3o ateou fogo nos <\/p>\n","protected":false},"author":1,"featured_media":0,"comment_status":"open","ping_status":"closed","sticky":false,"template":"","format":"standard","meta":{"footnotes":""},"categories":[6],"tags":[],"class_list":["post-1608","post","type-post","status-publish","format-standard","hentry","category-noticias-em-piracicaba"],"aioseo_notices":[],"aioseo_head":"\n\t\t<!-- All in One SEO 5.0.0.1 - aioseo.com -->\n\t<meta name=\"robots\" content=\"max-image-preview:large\" \/>\n\t<meta name=\"author\" content=\"Encontra Piracicaba\"\/>\n\t<link rel=\"canonical\" href=\"https:\/\/www.encontrapiracicaba.com.br\/sobre\/morto-durante-confronto-com-gm-de-piracicaba-nao-tinha-arma-diz-familia\/\" \/>\n\t<meta name=\"generator\" content=\"All in One SEO (AIOSEO) 5.0.0.1\" \/>\n\t\t<meta property=\"og:locale\" content=\"pt_BR\" \/>\n\t\t<meta property=\"og:site_name\" content=\"Encontra Piracicaba | Not\u00edcias, eventos, informa\u00e7\u00f5es e dicas na cidade de Piracicaba e regi\u00e3o\" \/>\n\t\t<meta property=\"og:type\" content=\"article\" \/>\n\t\t<meta property=\"og:title\" content=\"Morto durante confronto com GM de Piracicaba n\u00e3o tinha arma, diz fam\u00edlia | Encontra Piracicaba\" \/>\n\t\t<meta property=\"og:url\" content=\"https:\/\/www.encontrapiracicaba.com.br\/sobre\/morto-durante-confronto-com-gm-de-piracicaba-nao-tinha-arma-diz-familia\/\" \/>\n\t\t<meta property=\"article:published_time\" content=\"2013-08-02T12:05:00+00:00\" \/>\n\t\t<meta property=\"article:modified_time\" content=\"2019-04-12T19:02:00+00:00\" \/>\n\t\t<meta name=\"twitter:card\" content=\"summary\" \/>\n\t\t<meta name=\"twitter:title\" content=\"Morto durante confronto com GM de Piracicaba n\u00e3o tinha arma, diz fam\u00edlia | Encontra Piracicaba\" \/>\n\t\t<script type=\"application\/ld+json\" class=\"aioseo-schema\">\n\t\t\t{\"@context\":\"https:\\\/\\\/schema.org\",\"@graph\":[{\"@type\":\"Article\",\"@id\":\"https:\\\/\\\/www.encontrapiracicaba.com.br\\\/sobre\\\/morto-durante-confronto-com-gm-de-piracicaba-nao-tinha-arma-diz-familia\\\/#article\",\"name\":\"Morto durante confronto com GM de Piracicaba n\\u00e3o tinha arma, diz fam\\u00edlia | Encontra Piracicaba\",\"headline\":\"Morto durante confronto com GM de Piracicaba n\\u00e3o tinha arma, diz fam\\u00edlia\",\"author\":{\"@id\":\"https:\\\/\\\/www.encontrapiracicaba.com.br\\\/sobre\\\/author\\\/epiracicaba\\\/#author\"},\"publisher\":{\"@id\":\"https:\\\/\\\/www.encontrapiracicaba.com.br\\\/sobre\\\/#organization\"},\"datePublished\":\"2013-08-02T09:05:00-03:00\",\"dateModified\":\"2019-04-12T16:02:00-03:00\",\"inLanguage\":\"pt-BR\",\"mainEntityOfPage\":{\"@id\":\"https:\\\/\\\/www.encontrapiracicaba.com.br\\\/sobre\\\/morto-durante-confronto-com-gm-de-piracicaba-nao-tinha-arma-diz-familia\\\/#webpage\"},\"isPartOf\":{\"@id\":\"https:\\\/\\\/www.encontrapiracicaba.com.br\\\/sobre\\\/morto-durante-confronto-com-gm-de-piracicaba-nao-tinha-arma-diz-familia\\\/#webpage\"},\"articleSection\":\"Not\\u00edcias Piracicaba\"},{\"@type\":\"BreadcrumbList\",\"@id\":\"https:\\\/\\\/www.encontrapiracicaba.com.br\\\/sobre\\\/morto-durante-confronto-com-gm-de-piracicaba-nao-tinha-arma-diz-familia\\\/#breadcrumblist\",\"itemListElement\":[{\"@type\":\"ListItem\",\"@id\":\"https:\\\/\\\/www.encontrapiracicaba.com.br\\\/sobre#listItem\",\"position\":1,\"name\":\"In\\u00edcio\",\"item\":\"https:\\\/\\\/www.encontrapiracicaba.com.br\\\/sobre\",\"nextItem\":{\"@type\":\"ListItem\",\"@id\":\"https:\\\/\\\/www.encontrapiracicaba.com.br\\\/sobre\\\/noticias-em-piracicaba\\\/#listItem\",\"name\":\"Not\\u00edcias Piracicaba\"}},{\"@type\":\"ListItem\",\"@id\":\"https:\\\/\\\/www.encontrapiracicaba.com.br\\\/sobre\\\/noticias-em-piracicaba\\\/#listItem\",\"position\":2,\"name\":\"Not\\u00edcias Piracicaba\",\"item\":\"https:\\\/\\\/www.encontrapiracicaba.com.br\\\/sobre\\\/noticias-em-piracicaba\\\/\",\"nextItem\":{\"@type\":\"ListItem\",\"@id\":\"https:\\\/\\\/www.encontrapiracicaba.com.br\\\/sobre\\\/morto-durante-confronto-com-gm-de-piracicaba-nao-tinha-arma-diz-familia\\\/#listItem\",\"name\":\"Morto durante confronto com GM de Piracicaba n\\u00e3o tinha arma, diz fam\\u00edlia\"},\"previousItem\":{\"@type\":\"ListItem\",\"@id\":\"https:\\\/\\\/www.encontrapiracicaba.com.br\\\/sobre#listItem\",\"name\":\"In\\u00edcio\"}},{\"@type\":\"ListItem\",\"@id\":\"https:\\\/\\\/www.encontrapiracicaba.com.br\\\/sobre\\\/morto-durante-confronto-com-gm-de-piracicaba-nao-tinha-arma-diz-familia\\\/#listItem\",\"position\":3,\"name\":\"Morto durante confronto com GM de Piracicaba n\\u00e3o tinha arma, diz fam\\u00edlia\",\"previousItem\":{\"@type\":\"ListItem\",\"@id\":\"https:\\\/\\\/www.encontrapiracicaba.com.br\\\/sobre\\\/noticias-em-piracicaba\\\/#listItem\",\"name\":\"Not\\u00edcias Piracicaba\"}}]},{\"@type\":\"Organization\",\"@id\":\"https:\\\/\\\/www.encontrapiracicaba.com.br\\\/sobre\\\/#organization\",\"name\":\"Encontra Piracicaba\",\"description\":\"Not\\u00edcias, eventos, informa\\u00e7\\u00f5es e dicas na cidade de Piracicaba e regi\\u00e3o\",\"url\":\"https:\\\/\\\/www.encontrapiracicaba.com.br\\\/sobre\\\/\"},{\"@type\":\"Person\",\"@id\":\"https:\\\/\\\/www.encontrapiracicaba.com.br\\\/sobre\\\/author\\\/epiracicaba\\\/#author\",\"url\":\"https:\\\/\\\/www.encontrapiracicaba.com.br\\\/sobre\\\/author\\\/epiracicaba\\\/\",\"name\":\"Encontra Piracicaba\",\"image\":{\"@type\":\"ImageObject\",\"@id\":\"https:\\\/\\\/www.encontrapiracicaba.com.br\\\/sobre\\\/morto-durante-confronto-com-gm-de-piracicaba-nao-tinha-arma-diz-familia\\\/#authorImage\",\"url\":\"https:\\\/\\\/secure.gravatar.com\\\/avatar\\\/507340682b8270222e1f208e23198b6ae7e2c6a1033ae84e99bc6bce4f82a387?s=96&d=mm&r=g\",\"width\":96,\"height\":96,\"caption\":\"Encontra Piracicaba\"}},{\"@type\":\"WebPage\",\"@id\":\"https:\\\/\\\/www.encontrapiracicaba.com.br\\\/sobre\\\/morto-durante-confronto-com-gm-de-piracicaba-nao-tinha-arma-diz-familia\\\/#webpage\",\"url\":\"https:\\\/\\\/www.encontrapiracicaba.com.br\\\/sobre\\\/morto-durante-confronto-com-gm-de-piracicaba-nao-tinha-arma-diz-familia\\\/\",\"name\":\"Morto durante confronto com GM de Piracicaba n\\u00e3o tinha arma, diz fam\\u00edlia | Encontra Piracicaba\",\"inLanguage\":\"pt-BR\",\"isPartOf\":{\"@id\":\"https:\\\/\\\/www.encontrapiracicaba.com.br\\\/sobre\\\/#website\"},\"breadcrumb\":{\"@id\":\"https:\\\/\\\/www.encontrapiracicaba.com.br\\\/sobre\\\/morto-durante-confronto-com-gm-de-piracicaba-nao-tinha-arma-diz-familia\\\/#breadcrumblist\"},\"author\":{\"@id\":\"https:\\\/\\\/www.encontrapiracicaba.com.br\\\/sobre\\\/author\\\/epiracicaba\\\/#author\"},\"creator\":{\"@id\":\"https:\\\/\\\/www.encontrapiracicaba.com.br\\\/sobre\\\/author\\\/epiracicaba\\\/#author\"},\"datePublished\":\"2013-08-02T09:05:00-03:00\",\"dateModified\":\"2019-04-12T16:02:00-03:00\"},{\"@type\":\"WebSite\",\"@id\":\"https:\\\/\\\/www.encontrapiracicaba.com.br\\\/sobre\\\/#website\",\"url\":\"https:\\\/\\\/www.encontrapiracicaba.com.br\\\/sobre\\\/\",\"name\":\"Encontra Piracicaba\",\"description\":\"Not\\u00edcias, eventos, informa\\u00e7\\u00f5es e dicas na cidade de Piracicaba e regi\\u00e3o\",\"inLanguage\":\"pt-BR\",\"publisher\":{\"@id\":\"https:\\\/\\\/www.encontrapiracicaba.com.br\\\/sobre\\\/#organization\"}}]}\n\t\t<\/script>\n\t\t<!-- All in One SEO -->\n\n","aioseo_head_json":{"title":"Morto durante confronto com GM de Piracicaba n\u00e3o tinha arma, diz fam\u00edlia | Encontra Piracicaba","description":"","canonical_url":"https:\/\/www.encontrapiracicaba.com.br\/sobre\/morto-durante-confronto-com-gm-de-piracicaba-nao-tinha-arma-diz-familia\/","robots":"max-image-preview:large","keywords":"","webmasterTools":{"miscellaneous":""},"schema":{"@context":"https:\/\/schema.org","@graph":[{"@type":"Article","@id":"https:\/\/www.encontrapiracicaba.com.br\/sobre\/morto-durante-confronto-com-gm-de-piracicaba-nao-tinha-arma-diz-familia\/#article","name":"Morto durante confronto com GM de Piracicaba n\u00e3o tinha arma, diz fam\u00edlia | Encontra Piracicaba","headline":"Morto durante confronto com GM de Piracicaba n\u00e3o tinha arma, diz fam\u00edlia","author":{"@id":"https:\/\/www.encontrapiracicaba.com.br\/sobre\/author\/epiracicaba\/#author"},"publisher":{"@id":"https:\/\/www.encontrapiracicaba.com.br\/sobre\/#organization"},"datePublished":"2013-08-02T09:05:00-03:00","dateModified":"2019-04-12T16:02:00-03:00","inLanguage":"pt-BR","mainEntityOfPage":{"@id":"https:\/\/www.encontrapiracicaba.com.br\/sobre\/morto-durante-confronto-com-gm-de-piracicaba-nao-tinha-arma-diz-familia\/#webpage"},"isPartOf":{"@id":"https:\/\/www.encontrapiracicaba.com.br\/sobre\/morto-durante-confronto-com-gm-de-piracicaba-nao-tinha-arma-diz-familia\/#webpage"},"articleSection":"Not\u00edcias Piracicaba"},{"@type":"BreadcrumbList","@id":"https:\/\/www.encontrapiracicaba.com.br\/sobre\/morto-durante-confronto-com-gm-de-piracicaba-nao-tinha-arma-diz-familia\/#breadcrumblist","itemListElement":[{"@type":"ListItem","@id":"https:\/\/www.encontrapiracicaba.com.br\/sobre#listItem","position":1,"name":"In\u00edcio","item":"https:\/\/www.encontrapiracicaba.com.br\/sobre","nextItem":{"@type":"ListItem","@id":"https:\/\/www.encontrapiracicaba.com.br\/sobre\/noticias-em-piracicaba\/#listItem","name":"Not\u00edcias Piracicaba"}},{"@type":"ListItem","@id":"https:\/\/www.encontrapiracicaba.com.br\/sobre\/noticias-em-piracicaba\/#listItem","position":2,"name":"Not\u00edcias Piracicaba","item":"https:\/\/www.encontrapiracicaba.com.br\/sobre\/noticias-em-piracicaba\/","nextItem":{"@type":"ListItem","@id":"https:\/\/www.encontrapiracicaba.com.br\/sobre\/morto-durante-confronto-com-gm-de-piracicaba-nao-tinha-arma-diz-familia\/#listItem","name":"Morto durante confronto com GM de Piracicaba n\u00e3o tinha arma, diz fam\u00edlia"},"previousItem":{"@type":"ListItem","@id":"https:\/\/www.encontrapiracicaba.com.br\/sobre#listItem","name":"In\u00edcio"}},{"@type":"ListItem","@id":"https:\/\/www.encontrapiracicaba.com.br\/sobre\/morto-durante-confronto-com-gm-de-piracicaba-nao-tinha-arma-diz-familia\/#listItem","position":3,"name":"Morto durante confronto com GM de Piracicaba n\u00e3o tinha arma, diz fam\u00edlia","previousItem":{"@type":"ListItem","@id":"https:\/\/www.encontrapiracicaba.com.br\/sobre\/noticias-em-piracicaba\/#listItem","name":"Not\u00edcias Piracicaba"}}]},{"@type":"Organization","@id":"https:\/\/www.encontrapiracicaba.com.br\/sobre\/#organization","name":"Encontra Piracicaba","description":"Not\u00edcias, eventos, informa\u00e7\u00f5es e dicas na cidade de Piracicaba e regi\u00e3o","url":"https:\/\/www.encontrapiracicaba.com.br\/sobre\/"},{"@type":"Person","@id":"https:\/\/www.encontrapiracicaba.com.br\/sobre\/author\/epiracicaba\/#author","url":"https:\/\/www.encontrapiracicaba.com.br\/sobre\/author\/epiracicaba\/","name":"Encontra Piracicaba","image":{"@type":"ImageObject","@id":"https:\/\/www.encontrapiracicaba.com.br\/sobre\/morto-durante-confronto-com-gm-de-piracicaba-nao-tinha-arma-diz-familia\/#authorImage","url":"https:\/\/secure.gravatar.com\/avatar\/507340682b8270222e1f208e23198b6ae7e2c6a1033ae84e99bc6bce4f82a387?s=96&d=mm&r=g","width":96,"height":96,"caption":"Encontra Piracicaba"}},{"@type":"WebPage","@id":"https:\/\/www.encontrapiracicaba.com.br\/sobre\/morto-durante-confronto-com-gm-de-piracicaba-nao-tinha-arma-diz-familia\/#webpage","url":"https:\/\/www.encontrapiracicaba.com.br\/sobre\/morto-durante-confronto-com-gm-de-piracicaba-nao-tinha-arma-diz-familia\/","name":"Morto durante confronto com GM de Piracicaba n\u00e3o tinha arma, diz fam\u00edlia | Encontra Piracicaba","inLanguage":"pt-BR","isPartOf":{"@id":"https:\/\/www.encontrapiracicaba.com.br\/sobre\/#website"},"breadcrumb":{"@id":"https:\/\/www.encontrapiracicaba.com.br\/sobre\/morto-durante-confronto-com-gm-de-piracicaba-nao-tinha-arma-diz-familia\/#breadcrumblist"},"author":{"@id":"https:\/\/www.encontrapiracicaba.com.br\/sobre\/author\/epiracicaba\/#author"},"creator":{"@id":"https:\/\/www.encontrapiracicaba.com.br\/sobre\/author\/epiracicaba\/#author"},"datePublished":"2013-08-02T09:05:00-03:00","dateModified":"2019-04-12T16:02:00-03:00"},{"@type":"WebSite","@id":"https:\/\/www.encontrapiracicaba.com.br\/sobre\/#website","url":"https:\/\/www.encontrapiracicaba.com.br\/sobre\/","name":"Encontra Piracicaba","description":"Not\u00edcias, eventos, informa\u00e7\u00f5es e dicas na cidade de Piracicaba e regi\u00e3o","inLanguage":"pt-BR","publisher":{"@id":"https:\/\/www.encontrapiracicaba.com.br\/sobre\/#organization"}}]},"og:locale":"pt_BR","og:site_name":"Encontra Piracicaba | Not\u00edcias, eventos, informa\u00e7\u00f5es e dicas na cidade de Piracicaba e regi\u00e3o","og:type":"article","og:title":"Morto durante confronto com GM de Piracicaba n\u00e3o tinha arma, diz fam\u00edlia | Encontra Piracicaba","og:url":"https:\/\/www.encontrapiracicaba.com.br\/sobre\/morto-durante-confronto-com-gm-de-piracicaba-nao-tinha-arma-diz-familia\/","article:published_time":"2013-08-02T12:05:00+00:00","article:modified_time":"2019-04-12T19:02:00+00:00","twitter:card":"summary","twitter:title":"Morto durante confronto com GM de Piracicaba n\u00e3o tinha arma, diz fam\u00edlia | Encontra Piracicaba"},"aioseo_meta_data":{"post_id":"1608","title":null,"description":null,"keywords":null,"keyphrases":null,"primary_term":null,"canonical_url":null,"og_title":null,"og_description":null,"og_object_type":"default","og_image_type":"default","og_image_url":null,"og_image_width":null,"og_image_height":null,"og_image_custom_url":null,"og_image_custom_fields":null,"og_video":null,"og_custom_url":null,"og_article_section":null,"og_article_tags":null,"twitter_use_og":false,"twitter_card":"default","twitter_image_type":"default","twitter_image_url":null,"twitter_image_custom_url":null,"twitter_image_custom_fields":null,"twitter_title":null,"twitter_description":null,"schema":{"blockGraphs":[],"customGraphs":[],"default":{"data":{"Article":[],"Course":[],"Dataset":[],"FAQPage":[],"Movie":[],"Person":[],"Product":[],"ProductReview":[],"Car":[],"Recipe":[],"Service":[],"SoftwareApplication":[],"WebPage":[]},"graphName":"Article","isEnabled":true},"graphs":[]},"schema_type":null,"schema_type_options":null,"pillar_content":false,"robots_default":true,"robots_noindex":false,"robots_noarchive":false,"robots_nosnippet":false,"robots_nofollow":false,"robots_noimageindex":false,"robots_noodp":false,"robots_notranslate":false,"robots_max_snippet":null,"robots_max_videopreview":null,"robots_max_imagepreview":"large","priority":null,"frequency":null,"local_seo":null,"breadcrumb_settings":null,"limit_modified_date":false,"ai":null,"created":"2021-08-13 20:39:43","updated":"2025-10-04 03:48:53","focus_keyword":null,"additional_keywords":null,"truseo_locale":null,"seo_analyzer_scan_date":null},"aioseo_breadcrumb":"<div class=\"aioseo-breadcrumbs\"><span class=\"aioseo-breadcrumb\">\n\t\t\t<a href=\"https:\/\/www.encontrapiracicaba.com.br\/sobre\" title=\"In\u00edcio\">In\u00edcio<\/a>\n\t\t<\/span><span class=\"aioseo-breadcrumb-separator\">&raquo;<\/span><span class=\"aioseo-breadcrumb\">\n\t\t\t<a href=\"https:\/\/www.encontrapiracicaba.com.br\/sobre\/noticias-em-piracicaba\/\" title=\"Not\u00edcias Piracicaba\">Not\u00edcias Piracicaba<\/a>\n\t\t<\/span><span class=\"aioseo-breadcrumb-separator\">&raquo;<\/span><span class=\"aioseo-breadcrumb\">\n\t\t\tMorto durante confronto com GM de Piracicaba n\u00e3o tinha arma, diz fam\u00edlia\n\t\t<\/span><\/div>","aioseo_breadcrumb_json":[{"label":"In\u00edcio","link":"https:\/\/www.encontrapiracicaba.com.br\/sobre"},{"label":"Not\u00edcias Piracicaba","link":"https:\/\/www.encontrapiracicaba.com.br\/sobre\/noticias-em-piracicaba\/"},{"label":"Morto durante confronto com GM de Piracicaba n\u00e3o tinha arma, diz fam\u00edlia","link":"https:\/\/www.encontrapiracicaba.com.br\/sobre\/morto-durante-confronto-com-gm-de-piracicaba-nao-tinha-arma-diz-familia\/"}],"_links":{"self":[{"href":"https:\/\/www.encontrapiracicaba.com.br\/sobre\/wp-json\/wp\/v2\/posts\/1608","targetHints":{"allow":["GET"]}}],"collection":[{"href":"https:\/\/www.encontrapiracicaba.com.br\/sobre\/wp-json\/wp\/v2\/posts"}],"about":[{"href":"https:\/\/www.encontrapiracicaba.com.br\/sobre\/wp-json\/wp\/v2\/types\/post"}],"author":[{"embeddable":true,"href":"https:\/\/www.encontrapiracicaba.com.br\/sobre\/wp-json\/wp\/v2\/users\/1"}],"replies":[{"embeddable":true,"href":"https:\/\/www.encontrapiracicaba.com.br\/sobre\/wp-json\/wp\/v2\/comments?post=1608"}],"version-history":[{"count":1,"href":"https:\/\/www.encontrapiracicaba.com.br\/sobre\/wp-json\/wp\/v2\/posts\/1608\/revisions"}],"predecessor-version":[{"id":1609,"href":"https:\/\/www.encontrapiracicaba.com.br\/sobre\/wp-json\/wp\/v2\/posts\/1608\/revisions\/1609"}],"wp:attachment":[{"href":"https:\/\/www.encontrapiracicaba.com.br\/sobre\/wp-json\/wp\/v2\/media?parent=1608"}],"wp:term":[{"taxonomy":"category","embeddable":true,"href":"https:\/\/www.encontrapiracicaba.com.br\/sobre\/wp-json\/wp\/v2\/categories?post=1608"},{"taxonomy":"post_tag","embeddable":true,"href":"https:\/\/www.encontrapiracicaba.com.br\/sobre\/wp-json\/wp\/v2\/tags?post=1608"}],"curies":[{"name":"wp","href":"https:\/\/api.w.org\/{rel}","templated":true}]}}