{"id":255,"date":"2011-05-16T14:03:12","date_gmt":"2011-05-16T17:03:12","guid":{"rendered":"http:\/\/www.encontrapiracicaba.com.br\/noticias\/?p=255"},"modified":"2019-04-12T16:07:53","modified_gmt":"2019-04-12T19:07:53","slug":"piracicaba-desentendimento-com-a-prefeitura-adia-chegada-da-gvt","status":"publish","type":"post","link":"https:\/\/www.encontrapiracicaba.com.br\/sobre\/piracicaba-desentendimento-com-a-prefeitura-adia-chegada-da-gvt\/","title":{"rendered":"Piracicaba: Desentendimento com a prefeitura adia chegada da GVT"},"content":{"rendered":"<div class=\"85df007ed5c0c4d4b453fd13a37855e8\" data-index=\"1\" style=\"float: none; margin:0px;\">\n<!-- Anuncio display - global -->\r\n<ins class=\"adsbygoogle\"\r\n     style=\"display:block\"\r\n     data-ad-client=\"ca-pub-8585364105181520\"\r\n     data-ad-slot=\"8789329856\"\r\n     data-ad-format=\"auto\"\r\n     data-full-width-responsive=\"true\"><\/ins>\r\n<script>\r\n     (adsbygoogle = window.adsbygoogle || []).push({});\r\n<\/script>\n<\/div>\n<p>De um lado, a GVT diz que sua estreia na cidade de S\u00e3o Paulo vai  atrasar  porque a prefeitura n\u00e3o libera as licen\u00e7as para obras de  instala\u00e7\u00e3o de  rede. De outro, a prefeitura afirma que o projeto da  operadora de  telecomunica\u00e7\u00f5es desrespeita a legisla\u00e7\u00e3o municipal.<\/p>\n<p>Um desentendimento entre a GVT e a administra\u00e7\u00e3o municipal deve  fazer  com que o consumidor paulistano passe a ter uma nova op\u00e7\u00e3o de  telefonia  fixa e banda larga somente em 2012. A previs\u00e3o anterior era  de que a  empresa chegasse a S\u00e3o Paulo ainda este ano.<\/p>\n<p>&#8220;\u00c9 mais  realista considerarmos que o lan\u00e7amento ficou para o ano que  vem&#8221;,  disse Amos Genish, presidente da GVT, durante divulga\u00e7\u00e3o de  resultados.  Em outubro, a operadora assinou um protocolo de inten\u00e7\u00f5es  com o  prefeito de S\u00e3o Paulo, Gilberto Kassab, para investir R$ 408  milh\u00f5es na  cidade em 2011, instalando 240 mil acessos de telefonia e  banda larga.<\/p>\n<p>No  come\u00e7o do ano, a empresa entrou com o pedido de 300 licen\u00e7as de  obras  de constru\u00e7\u00e3o civil, para instalar sua rede. Segundo Genish, at\u00e9  agora  n\u00e3o houve resposta.<\/p>\n<p>Por meio de sua assessoria, a prefeitura  informou que as licen\u00e7as n\u00e3o  sa\u00edram porque o projeto da GVT n\u00e3o  respeita a legisla\u00e7\u00e3o municipal. A  operadora pediu licen\u00e7a para  construir trechos de rede a\u00e9rea e, segundo a  prefeitura, a lei exige  que toda rede nova tenha instala\u00e7\u00e3o  subterr\u00e2nea. Sem uma readequa\u00e7\u00e3o do  projeto, a GVT n\u00e3o conseguiria a  aprova\u00e7\u00e3o das licen\u00e7as.<\/p>\n<p>Em  comunicado, a GVT respondeu \u00e0 prefeitura, dizendo que &#8220;conhece e   respeita&#8221; a legisla\u00e7\u00e3o municipal: &#8220;A empresa busca a melhor solu\u00e7\u00e3o para   implantar sua rede na cidade de S\u00e3o Paulo, seguindo as mesmas regras   das operadoras j\u00e1 estabelecidas na capital. A operadora defende a   transforma\u00e7\u00e3o do cabeamento de S\u00e3o Paulo em 100% subterr\u00e2neo e que isso   ocorra de forma simult\u00e2nea e integrada com as demais operadoras,  visando  diminuir o impacto \u00e0 popula\u00e7\u00e3o causado por in\u00fameras obras  pontuais,  distribu\u00eddas em diversas regi\u00f5es.&#8221;<\/p>\n<p>A GVT come\u00e7ou a operar no Estado no ano passado, e est\u00e1 presente em  cidades como Encontra Jundia\u00ed, Encontra Sorocaba, Encontra Campinas, Encontra Piracicaba, Encontra Guarulhos e  Encontra Osasco.<\/p>\n<p><em>Fonte: O Estado de S. Paulo<\/em><\/p>\n\n<div style=\"font-size: 0px; height: 0px; line-height: 0px; margin: 0; padding: 0; clear: both;\"><\/div>","protected":false},"excerpt":{"rendered":"<p>De um lado, a GVT diz que sua estreia na cidade de S\u00e3o Paulo vai atrasar porque a prefeitura n\u00e3o libera as licen\u00e7as para obras de instala\u00e7\u00e3o de rede. De outro, a prefeitura afirma que o projeto da operadora de telecomunica\u00e7\u00f5es desrespeita a legisla\u00e7\u00e3o municipal. Um desentendimento entre a GVT e a administra\u00e7\u00e3o municipal deve fazer com que o consumidor paulistano passe a ter uma nova op\u00e7\u00e3o de telefonia fixa e banda larga somente em 2012. A previs\u00e3o anterior era de que a empresa chegasse a S\u00e3o Paulo ainda este ano. &#8220;\u00c9 mais realista considerarmos que o lan\u00e7amento ficou para <\/p>\n","protected":false},"author":1,"featured_media":0,"comment_status":"open","ping_status":"closed","sticky":false,"template":"","format":"standard","meta":{"footnotes":""},"categories":[6],"tags":[],"class_list":["post-255","post","type-post","status-publish","format-standard","hentry","category-noticias-em-piracicaba"],"aioseo_notices":[],"aioseo_head":"\n\t\t<!-- All in One SEO 5.0.0.1 - aioseo.com -->\n\t<meta name=\"robots\" content=\"max-image-preview:large\" \/>\n\t<meta name=\"author\" content=\"Encontra Piracicaba\"\/>\n\t<link rel=\"canonical\" href=\"https:\/\/www.encontrapiracicaba.com.br\/sobre\/piracicaba-desentendimento-com-a-prefeitura-adia-chegada-da-gvt\/\" \/>\n\t<meta name=\"generator\" content=\"All in One SEO (AIOSEO) 5.0.0.1\" \/>\n\t\t<meta property=\"og:locale\" content=\"pt_BR\" \/>\n\t\t<meta property=\"og:site_name\" content=\"Encontra Piracicaba | Not\u00edcias, eventos, informa\u00e7\u00f5es e dicas na cidade de Piracicaba e regi\u00e3o\" \/>\n\t\t<meta property=\"og:type\" content=\"article\" \/>\n\t\t<meta property=\"og:title\" content=\"Piracicaba: Desentendimento com a prefeitura adia chegada da GVT | Encontra Piracicaba\" \/>\n\t\t<meta property=\"og:url\" content=\"https:\/\/www.encontrapiracicaba.com.br\/sobre\/piracicaba-desentendimento-com-a-prefeitura-adia-chegada-da-gvt\/\" \/>\n\t\t<meta property=\"article:published_time\" content=\"2011-05-16T17:03:12+00:00\" \/>\n\t\t<meta property=\"article:modified_time\" content=\"2019-04-12T19:07:53+00:00\" \/>\n\t\t<meta name=\"twitter:card\" content=\"summary\" \/>\n\t\t<meta name=\"twitter:title\" content=\"Piracicaba: Desentendimento com a prefeitura adia chegada da GVT | Encontra Piracicaba\" \/>\n\t\t<script type=\"application\/ld+json\" class=\"aioseo-schema\">\n\t\t\t{\"@context\":\"https:\\\/\\\/schema.org\",\"@graph\":[{\"@type\":\"Article\",\"@id\":\"https:\\\/\\\/www.encontrapiracicaba.com.br\\\/sobre\\\/piracicaba-desentendimento-com-a-prefeitura-adia-chegada-da-gvt\\\/#article\",\"name\":\"Piracicaba: Desentendimento com a prefeitura adia chegada da GVT | Encontra Piracicaba\",\"headline\":\"Piracicaba: Desentendimento com a prefeitura adia chegada da GVT\",\"author\":{\"@id\":\"https:\\\/\\\/www.encontrapiracicaba.com.br\\\/sobre\\\/author\\\/epiracicaba\\\/#author\"},\"publisher\":{\"@id\":\"https:\\\/\\\/www.encontrapiracicaba.com.br\\\/sobre\\\/#organization\"},\"datePublished\":\"2011-05-16T14:03:12-03:00\",\"dateModified\":\"2019-04-12T16:07:53-03:00\",\"inLanguage\":\"pt-BR\",\"mainEntityOfPage\":{\"@id\":\"https:\\\/\\\/www.encontrapiracicaba.com.br\\\/sobre\\\/piracicaba-desentendimento-com-a-prefeitura-adia-chegada-da-gvt\\\/#webpage\"},\"isPartOf\":{\"@id\":\"https:\\\/\\\/www.encontrapiracicaba.com.br\\\/sobre\\\/piracicaba-desentendimento-com-a-prefeitura-adia-chegada-da-gvt\\\/#webpage\"},\"articleSection\":\"Not\\u00edcias Piracicaba\"},{\"@type\":\"BreadcrumbList\",\"@id\":\"https:\\\/\\\/www.encontrapiracicaba.com.br\\\/sobre\\\/piracicaba-desentendimento-com-a-prefeitura-adia-chegada-da-gvt\\\/#breadcrumblist\",\"itemListElement\":[{\"@type\":\"ListItem\",\"@id\":\"https:\\\/\\\/www.encontrapiracicaba.com.br\\\/sobre#listItem\",\"position\":1,\"name\":\"In\\u00edcio\",\"item\":\"https:\\\/\\\/www.encontrapiracicaba.com.br\\\/sobre\",\"nextItem\":{\"@type\":\"ListItem\",\"@id\":\"https:\\\/\\\/www.encontrapiracicaba.com.br\\\/sobre\\\/noticias-em-piracicaba\\\/#listItem\",\"name\":\"Not\\u00edcias Piracicaba\"}},{\"@type\":\"ListItem\",\"@id\":\"https:\\\/\\\/www.encontrapiracicaba.com.br\\\/sobre\\\/noticias-em-piracicaba\\\/#listItem\",\"position\":2,\"name\":\"Not\\u00edcias Piracicaba\",\"item\":\"https:\\\/\\\/www.encontrapiracicaba.com.br\\\/sobre\\\/noticias-em-piracicaba\\\/\",\"nextItem\":{\"@type\":\"ListItem\",\"@id\":\"https:\\\/\\\/www.encontrapiracicaba.com.br\\\/sobre\\\/piracicaba-desentendimento-com-a-prefeitura-adia-chegada-da-gvt\\\/#listItem\",\"name\":\"Piracicaba: Desentendimento com a prefeitura adia chegada da GVT\"},\"previousItem\":{\"@type\":\"ListItem\",\"@id\":\"https:\\\/\\\/www.encontrapiracicaba.com.br\\\/sobre#listItem\",\"name\":\"In\\u00edcio\"}},{\"@type\":\"ListItem\",\"@id\":\"https:\\\/\\\/www.encontrapiracicaba.com.br\\\/sobre\\\/piracicaba-desentendimento-com-a-prefeitura-adia-chegada-da-gvt\\\/#listItem\",\"position\":3,\"name\":\"Piracicaba: Desentendimento com a prefeitura adia chegada da GVT\",\"previousItem\":{\"@type\":\"ListItem\",\"@id\":\"https:\\\/\\\/www.encontrapiracicaba.com.br\\\/sobre\\\/noticias-em-piracicaba\\\/#listItem\",\"name\":\"Not\\u00edcias Piracicaba\"}}]},{\"@type\":\"Organization\",\"@id\":\"https:\\\/\\\/www.encontrapiracicaba.com.br\\\/sobre\\\/#organization\",\"name\":\"Encontra Piracicaba\",\"description\":\"Not\\u00edcias, eventos, informa\\u00e7\\u00f5es e dicas na cidade de Piracicaba e regi\\u00e3o\",\"url\":\"https:\\\/\\\/www.encontrapiracicaba.com.br\\\/sobre\\\/\"},{\"@type\":\"Person\",\"@id\":\"https:\\\/\\\/www.encontrapiracicaba.com.br\\\/sobre\\\/author\\\/epiracicaba\\\/#author\",\"url\":\"https:\\\/\\\/www.encontrapiracicaba.com.br\\\/sobre\\\/author\\\/epiracicaba\\\/\",\"name\":\"Encontra Piracicaba\",\"image\":{\"@type\":\"ImageObject\",\"@id\":\"https:\\\/\\\/www.encontrapiracicaba.com.br\\\/sobre\\\/piracicaba-desentendimento-com-a-prefeitura-adia-chegada-da-gvt\\\/#authorImage\",\"url\":\"https:\\\/\\\/secure.gravatar.com\\\/avatar\\\/507340682b8270222e1f208e23198b6ae7e2c6a1033ae84e99bc6bce4f82a387?s=96&d=mm&r=g\",\"width\":96,\"height\":96,\"caption\":\"Encontra Piracicaba\"}},{\"@type\":\"WebPage\",\"@id\":\"https:\\\/\\\/www.encontrapiracicaba.com.br\\\/sobre\\\/piracicaba-desentendimento-com-a-prefeitura-adia-chegada-da-gvt\\\/#webpage\",\"url\":\"https:\\\/\\\/www.encontrapiracicaba.com.br\\\/sobre\\\/piracicaba-desentendimento-com-a-prefeitura-adia-chegada-da-gvt\\\/\",\"name\":\"Piracicaba: Desentendimento com a prefeitura adia chegada da GVT | Encontra Piracicaba\",\"inLanguage\":\"pt-BR\",\"isPartOf\":{\"@id\":\"https:\\\/\\\/www.encontrapiracicaba.com.br\\\/sobre\\\/#website\"},\"breadcrumb\":{\"@id\":\"https:\\\/\\\/www.encontrapiracicaba.com.br\\\/sobre\\\/piracicaba-desentendimento-com-a-prefeitura-adia-chegada-da-gvt\\\/#breadcrumblist\"},\"author\":{\"@id\":\"https:\\\/\\\/www.encontrapiracicaba.com.br\\\/sobre\\\/author\\\/epiracicaba\\\/#author\"},\"creator\":{\"@id\":\"https:\\\/\\\/www.encontrapiracicaba.com.br\\\/sobre\\\/author\\\/epiracicaba\\\/#author\"},\"datePublished\":\"2011-05-16T14:03:12-03:00\",\"dateModified\":\"2019-04-12T16:07:53-03:00\"},{\"@type\":\"WebSite\",\"@id\":\"https:\\\/\\\/www.encontrapiracicaba.com.br\\\/sobre\\\/#website\",\"url\":\"https:\\\/\\\/www.encontrapiracicaba.com.br\\\/sobre\\\/\",\"name\":\"Encontra Piracicaba\",\"description\":\"Not\\u00edcias, eventos, informa\\u00e7\\u00f5es e dicas na cidade de Piracicaba e regi\\u00e3o\",\"inLanguage\":\"pt-BR\",\"publisher\":{\"@id\":\"https:\\\/\\\/www.encontrapiracicaba.com.br\\\/sobre\\\/#organization\"}}]}\n\t\t<\/script>\n\t\t<!-- All in One SEO -->\n\n","aioseo_head_json":{"title":"Piracicaba: Desentendimento com a prefeitura adia chegada da GVT | Encontra Piracicaba","description":"","canonical_url":"https:\/\/www.encontrapiracicaba.com.br\/sobre\/piracicaba-desentendimento-com-a-prefeitura-adia-chegada-da-gvt\/","robots":"max-image-preview:large","keywords":"","webmasterTools":{"miscellaneous":""},"schema":{"@context":"https:\/\/schema.org","@graph":[{"@type":"Article","@id":"https:\/\/www.encontrapiracicaba.com.br\/sobre\/piracicaba-desentendimento-com-a-prefeitura-adia-chegada-da-gvt\/#article","name":"Piracicaba: Desentendimento com a prefeitura adia chegada da GVT | Encontra Piracicaba","headline":"Piracicaba: Desentendimento com a prefeitura adia chegada da GVT","author":{"@id":"https:\/\/www.encontrapiracicaba.com.br\/sobre\/author\/epiracicaba\/#author"},"publisher":{"@id":"https:\/\/www.encontrapiracicaba.com.br\/sobre\/#organization"},"datePublished":"2011-05-16T14:03:12-03:00","dateModified":"2019-04-12T16:07:53-03:00","inLanguage":"pt-BR","mainEntityOfPage":{"@id":"https:\/\/www.encontrapiracicaba.com.br\/sobre\/piracicaba-desentendimento-com-a-prefeitura-adia-chegada-da-gvt\/#webpage"},"isPartOf":{"@id":"https:\/\/www.encontrapiracicaba.com.br\/sobre\/piracicaba-desentendimento-com-a-prefeitura-adia-chegada-da-gvt\/#webpage"},"articleSection":"Not\u00edcias Piracicaba"},{"@type":"BreadcrumbList","@id":"https:\/\/www.encontrapiracicaba.com.br\/sobre\/piracicaba-desentendimento-com-a-prefeitura-adia-chegada-da-gvt\/#breadcrumblist","itemListElement":[{"@type":"ListItem","@id":"https:\/\/www.encontrapiracicaba.com.br\/sobre#listItem","position":1,"name":"In\u00edcio","item":"https:\/\/www.encontrapiracicaba.com.br\/sobre","nextItem":{"@type":"ListItem","@id":"https:\/\/www.encontrapiracicaba.com.br\/sobre\/noticias-em-piracicaba\/#listItem","name":"Not\u00edcias Piracicaba"}},{"@type":"ListItem","@id":"https:\/\/www.encontrapiracicaba.com.br\/sobre\/noticias-em-piracicaba\/#listItem","position":2,"name":"Not\u00edcias Piracicaba","item":"https:\/\/www.encontrapiracicaba.com.br\/sobre\/noticias-em-piracicaba\/","nextItem":{"@type":"ListItem","@id":"https:\/\/www.encontrapiracicaba.com.br\/sobre\/piracicaba-desentendimento-com-a-prefeitura-adia-chegada-da-gvt\/#listItem","name":"Piracicaba: Desentendimento com a prefeitura adia chegada da GVT"},"previousItem":{"@type":"ListItem","@id":"https:\/\/www.encontrapiracicaba.com.br\/sobre#listItem","name":"In\u00edcio"}},{"@type":"ListItem","@id":"https:\/\/www.encontrapiracicaba.com.br\/sobre\/piracicaba-desentendimento-com-a-prefeitura-adia-chegada-da-gvt\/#listItem","position":3,"name":"Piracicaba: Desentendimento com a prefeitura adia chegada da GVT","previousItem":{"@type":"ListItem","@id":"https:\/\/www.encontrapiracicaba.com.br\/sobre\/noticias-em-piracicaba\/#listItem","name":"Not\u00edcias Piracicaba"}}]},{"@type":"Organization","@id":"https:\/\/www.encontrapiracicaba.com.br\/sobre\/#organization","name":"Encontra Piracicaba","description":"Not\u00edcias, eventos, informa\u00e7\u00f5es e dicas na cidade de Piracicaba e regi\u00e3o","url":"https:\/\/www.encontrapiracicaba.com.br\/sobre\/"},{"@type":"Person","@id":"https:\/\/www.encontrapiracicaba.com.br\/sobre\/author\/epiracicaba\/#author","url":"https:\/\/www.encontrapiracicaba.com.br\/sobre\/author\/epiracicaba\/","name":"Encontra Piracicaba","image":{"@type":"ImageObject","@id":"https:\/\/www.encontrapiracicaba.com.br\/sobre\/piracicaba-desentendimento-com-a-prefeitura-adia-chegada-da-gvt\/#authorImage","url":"https:\/\/secure.gravatar.com\/avatar\/507340682b8270222e1f208e23198b6ae7e2c6a1033ae84e99bc6bce4f82a387?s=96&d=mm&r=g","width":96,"height":96,"caption":"Encontra Piracicaba"}},{"@type":"WebPage","@id":"https:\/\/www.encontrapiracicaba.com.br\/sobre\/piracicaba-desentendimento-com-a-prefeitura-adia-chegada-da-gvt\/#webpage","url":"https:\/\/www.encontrapiracicaba.com.br\/sobre\/piracicaba-desentendimento-com-a-prefeitura-adia-chegada-da-gvt\/","name":"Piracicaba: Desentendimento com a prefeitura adia chegada da GVT | Encontra Piracicaba","inLanguage":"pt-BR","isPartOf":{"@id":"https:\/\/www.encontrapiracicaba.com.br\/sobre\/#website"},"breadcrumb":{"@id":"https:\/\/www.encontrapiracicaba.com.br\/sobre\/piracicaba-desentendimento-com-a-prefeitura-adia-chegada-da-gvt\/#breadcrumblist"},"author":{"@id":"https:\/\/www.encontrapiracicaba.com.br\/sobre\/author\/epiracicaba\/#author"},"creator":{"@id":"https:\/\/www.encontrapiracicaba.com.br\/sobre\/author\/epiracicaba\/#author"},"datePublished":"2011-05-16T14:03:12-03:00","dateModified":"2019-04-12T16:07:53-03:00"},{"@type":"WebSite","@id":"https:\/\/www.encontrapiracicaba.com.br\/sobre\/#website","url":"https:\/\/www.encontrapiracicaba.com.br\/sobre\/","name":"Encontra Piracicaba","description":"Not\u00edcias, eventos, informa\u00e7\u00f5es e dicas na cidade de Piracicaba e regi\u00e3o","inLanguage":"pt-BR","publisher":{"@id":"https:\/\/www.encontrapiracicaba.com.br\/sobre\/#organization"}}]},"og:locale":"pt_BR","og:site_name":"Encontra Piracicaba | Not\u00edcias, eventos, informa\u00e7\u00f5es e dicas na cidade de Piracicaba e regi\u00e3o","og:type":"article","og:title":"Piracicaba: Desentendimento com a prefeitura adia chegada da GVT | Encontra Piracicaba","og:url":"https:\/\/www.encontrapiracicaba.com.br\/sobre\/piracicaba-desentendimento-com-a-prefeitura-adia-chegada-da-gvt\/","article:published_time":"2011-05-16T17:03:12+00:00","article:modified_time":"2019-04-12T19:07:53+00:00","twitter:card":"summary","twitter:title":"Piracicaba: Desentendimento com a prefeitura adia chegada da GVT | Encontra Piracicaba"},"aioseo_meta_data":{"post_id":"255","title":null,"description":null,"keywords":null,"keyphrases":null,"primary_term":null,"canonical_url":null,"og_title":null,"og_description":null,"og_object_type":"default","og_image_type":"default","og_image_url":null,"og_image_width":null,"og_image_height":null,"og_image_custom_url":null,"og_image_custom_fields":null,"og_video":null,"og_custom_url":null,"og_article_section":null,"og_article_tags":null,"twitter_use_og":false,"twitter_card":"default","twitter_image_type":"default","twitter_image_url":null,"twitter_image_custom_url":null,"twitter_image_custom_fields":null,"twitter_title":null,"twitter_description":null,"schema":{"blockGraphs":[],"customGraphs":[],"default":{"data":{"Article":[],"Course":[],"Dataset":[],"FAQPage":[],"Movie":[],"Person":[],"Product":[],"ProductReview":[],"Car":[],"Recipe":[],"Service":[],"SoftwareApplication":[],"WebPage":[]},"graphName":"Article","isEnabled":true},"graphs":[]},"schema_type":null,"schema_type_options":null,"pillar_content":false,"robots_default":true,"robots_noindex":false,"robots_noarchive":false,"robots_nosnippet":false,"robots_nofollow":false,"robots_noimageindex":false,"robots_noodp":false,"robots_notranslate":false,"robots_max_snippet":null,"robots_max_videopreview":null,"robots_max_imagepreview":"large","priority":null,"frequency":null,"local_seo":null,"breadcrumb_settings":null,"limit_modified_date":false,"ai":null,"created":"2021-08-13 20:41:24","updated":"2025-10-03 21:32:03","focus_keyword":null,"additional_keywords":null,"truseo_locale":null,"seo_analyzer_scan_date":null},"aioseo_breadcrumb":"<div class=\"aioseo-breadcrumbs\"><span class=\"aioseo-breadcrumb\">\n\t\t\t<a href=\"https:\/\/www.encontrapiracicaba.com.br\/sobre\" title=\"In\u00edcio\">In\u00edcio<\/a>\n\t\t<\/span><span class=\"aioseo-breadcrumb-separator\">&raquo;<\/span><span class=\"aioseo-breadcrumb\">\n\t\t\t<a href=\"https:\/\/www.encontrapiracicaba.com.br\/sobre\/noticias-em-piracicaba\/\" title=\"Not\u00edcias Piracicaba\">Not\u00edcias Piracicaba<\/a>\n\t\t<\/span><span class=\"aioseo-breadcrumb-separator\">&raquo;<\/span><span class=\"aioseo-breadcrumb\">\n\t\t\tPiracicaba: Desentendimento com a prefeitura adia chegada da GVT\n\t\t<\/span><\/div>","aioseo_breadcrumb_json":[{"label":"In\u00edcio","link":"https:\/\/www.encontrapiracicaba.com.br\/sobre"},{"label":"Not\u00edcias Piracicaba","link":"https:\/\/www.encontrapiracicaba.com.br\/sobre\/noticias-em-piracicaba\/"},{"label":"Piracicaba: Desentendimento com a prefeitura adia chegada da GVT","link":"https:\/\/www.encontrapiracicaba.com.br\/sobre\/piracicaba-desentendimento-com-a-prefeitura-adia-chegada-da-gvt\/"}],"_links":{"self":[{"href":"https:\/\/www.encontrapiracicaba.com.br\/sobre\/wp-json\/wp\/v2\/posts\/255","targetHints":{"allow":["GET"]}}],"collection":[{"href":"https:\/\/www.encontrapiracicaba.com.br\/sobre\/wp-json\/wp\/v2\/posts"}],"about":[{"href":"https:\/\/www.encontrapiracicaba.com.br\/sobre\/wp-json\/wp\/v2\/types\/post"}],"author":[{"embeddable":true,"href":"https:\/\/www.encontrapiracicaba.com.br\/sobre\/wp-json\/wp\/v2\/users\/1"}],"replies":[{"embeddable":true,"href":"https:\/\/www.encontrapiracicaba.com.br\/sobre\/wp-json\/wp\/v2\/comments?post=255"}],"version-history":[{"count":8,"href":"https:\/\/www.encontrapiracicaba.com.br\/sobre\/wp-json\/wp\/v2\/posts\/255\/revisions"}],"predecessor-version":[{"id":2051,"href":"https:\/\/www.encontrapiracicaba.com.br\/sobre\/wp-json\/wp\/v2\/posts\/255\/revisions\/2051"}],"wp:attachment":[{"href":"https:\/\/www.encontrapiracicaba.com.br\/sobre\/wp-json\/wp\/v2\/media?parent=255"}],"wp:term":[{"taxonomy":"category","embeddable":true,"href":"https:\/\/www.encontrapiracicaba.com.br\/sobre\/wp-json\/wp\/v2\/categories?post=255"},{"taxonomy":"post_tag","embeddable":true,"href":"https:\/\/www.encontrapiracicaba.com.br\/sobre\/wp-json\/wp\/v2\/tags?post=255"}],"curies":[{"name":"wp","href":"https:\/\/api.w.org\/{rel}","templated":true}]}}