{"id":2597,"date":"2013-08-22T01:10:18","date_gmt":"2013-08-22T04:10:18","guid":{"rendered":"http:\/\/www.encontrapiracicaba.com.br\/noticias\/?p=2597"},"modified":"2019-04-12T16:02:00","modified_gmt":"2019-04-12T19:02:00","slug":"salao-internacional-de-humor-de-piracicaba-2013-tera-maior-mostra-do-evento","status":"publish","type":"post","link":"https:\/\/www.encontrapiracicaba.com.br\/sobre\/salao-internacional-de-humor-de-piracicaba-2013-tera-maior-mostra-do-evento\/","title":{"rendered":"Sal\u00e3o Internacional de Humor de Piracicaba 2013 ter\u00e1 maior mostra do evento"},"content":{"rendered":"<div class=\"85df007ed5c0c4d4b453fd13a37855e8\" data-index=\"1\" style=\"float: none; margin:0px;\">\n<!-- Anuncio display - global -->\r\n<ins class=\"adsbygoogle\"\r\n     style=\"display:block\"\r\n     data-ad-client=\"ca-pub-8585364105181520\"\r\n     data-ad-slot=\"8789329856\"\r\n     data-ad-format=\"auto\"\r\n     data-full-width-responsive=\"true\"><\/ins>\r\n<script>\r\n     (adsbygoogle = window.adsbygoogle || []).push({});\r\n<\/script>\n<\/div>\n<p>O 40\u00ba Sal\u00e3o Internacional de Humor de Piracicaba 2013 contar\u00e1 com 442 cartuns, caricaturas, charges e tiras\/HQs. Os trabalhos j\u00e1 foram escolhidos pela comiss\u00e3o de sele\u00e7\u00e3o. Esta ser\u00e1 a maior mostra do evento, com abertura e premia\u00e7\u00e3o em 24 de agosto, quando ser\u00e3o anunciados os primeiros colocados. Ser\u00e3o distribu\u00eddos R$ 47 mil em pr\u00eamios no total. A mostra ficar\u00e1 aberta ao p\u00fablico at\u00e9 20 de outubro.<\/p>\n<p>Em maior quantidade est\u00e3o os cartuns, 142, seguidos de 97 caricaturas, 74 charges e 73 tiras\/hist\u00f3rias em quadrinhos. Para a categoria tem\u00e1tica (futebol) ser\u00e3o expostos 56 trabalhos. Em 2013, o Sal\u00e3o de Humor recebeu recorde de inscritos, 4.180 obras enviadas por 966 artistas de 64 pa\u00edses.<\/p>\n<p>Integraram a comiss\u00e3o de sele\u00e7\u00e3o profissionais experientes em Sal\u00f5es de Humor. S\u00e3o eles os cartunistas Pryscila Vieira, Nat\u00e1lia Forcat, Gilmar Machado Barbosa, Paulo Branco e Lucas Leibholz, o ilustrador Rafael de Latorre, e o professor universit\u00e1rio Celso Figueiredo Neto.\u201c O j\u00fari privilegiou obras com piadas genu\u00ednas, engra\u00e7adas, in\u00e9ditas e com excelente n\u00edvel t\u00e9cnico. Ser\u00e1 uma mostra acess\u00edvel, com um humor mais pr\u00f3ximo do p\u00fablico\u201d, avaliou o cartunista Eduardo Grosso, que \u00e9 diretor do Centro Nacional de Humor Gr\u00e1fico de Piracicaba, \u00f3rg\u00e3o da Secretaria Municipal da A\u00e7\u00e3o Cultural respons\u00e1vel pelo evento.<\/p>\n<p>Os trabalhos na categoria charge confirmam o car\u00e1ter pol\u00edtico do sal\u00e3o, criado em plena ditadura, em 1974, e que at\u00e9 os dias atuais conserva o humor como forma de reflex\u00e3o. Entre os temas abordados est\u00e3o os recentes protestos no pa\u00eds com o lema Vem pra rua, a den\u00fancia do programa de espionagem dos EUA por Edward Snowden e as redes sociais. Tamb\u00e9m foram recorrentes piadas com conota\u00e7\u00f5es sexuais, entre elas as que abordam os relacionamentos homoafetivos e a cura gay.<\/p>\n<p>Celebridades brasileiras e gringas do cen\u00e1rio pol\u00edtico tiveram seus tra\u00e7os distorcidos nas caricaturas, como os presidentes Barack Obama e Dilma Rousseff, o ministro Joaquim Barbosa e a ex-ministra Marina Silva. Do universo musical o j\u00fari contemplou obras que retratam Dominguinhos, Roberto Carlos, Michael Jackson, Lob\u00e3o e Caetano Veloso, al\u00e9m de figuras como o papa Francisco, Fernanda Montenegro, Jos\u00e9 Saramago, Ronaldinho Ga\u00facho, Messi, Neymar e Pel\u00e9.<\/p>\n<p>Nos cartuns, categoria que tradicionalmente recebe boa parte de trabalhos internacionais, os artistas criticaram problemas ligados \u00e0 supremacia norte-americana, religi\u00e3o, meio-ambiente e consumismo.<\/p>\n<p>O evento ainda traz uma programa\u00e7\u00e3o de workshop, palestras e eventos paralelos. Mais informa\u00e7\u00f5es no site do evento.<\/p>\n<p><strong>Servi\u00e7o:<\/strong><\/p>\n<p>O que: 40\u00ba Sal\u00e3o Internacional de Humor de Piracicaba<br \/>\nLocal: Parque Engenho Central\/Armaz\u00e9m 14. Avenida Maurice Allain, 454. (19) 3403-2615<br \/>\nDatas: abertura em 24 de agosto at\u00e9 20 de outubro<br \/>\nHor\u00e1rios: abertura \u00e0s 19h30. Visita\u00e7\u00e3o: de ter\u00e7a a sexta, das 14 \u00e0s 18h. S\u00e1bados, domingos e feriados, das 10 \u00e0s 20h<br \/>\nEntrada: gratuita<\/p>\n\n<div style=\"font-size: 0px; height: 0px; line-height: 0px; margin: 0; padding: 0; clear: both;\"><\/div>","protected":false},"excerpt":{"rendered":"<p>O 40\u00ba Sal\u00e3o Internacional de Humor de Piracicaba 2013 contar\u00e1 com 442 cartuns, caricaturas, charges e tiras\/HQs. Os trabalhos j\u00e1 foram escolhidos pela comiss\u00e3o de sele\u00e7\u00e3o. Esta ser\u00e1 a maior mostra do evento, com abertura e premia\u00e7\u00e3o em 24 de agosto, quando ser\u00e3o anunciados os primeiros colocados. Ser\u00e3o distribu\u00eddos R$ 47 mil em pr\u00eamios no total. A mostra ficar\u00e1 aberta ao p\u00fablico at\u00e9 20 de outubro. Em maior quantidade est\u00e3o os cartuns, 142, seguidos de 97 caricaturas, 74 charges e 73 tiras\/hist\u00f3rias em quadrinhos. Para a categoria tem\u00e1tica (futebol) ser\u00e3o expostos 56 trabalhos. Em 2013, o Sal\u00e3o de Humor recebeu <\/p>\n","protected":false},"author":1,"featured_media":0,"comment_status":"open","ping_status":"closed","sticky":false,"template":"","format":"standard","meta":{"footnotes":""},"categories":[6],"tags":[],"class_list":["post-2597","post","type-post","status-publish","format-standard","hentry","category-noticias-em-piracicaba"],"aioseo_notices":[],"aioseo_head":"\n\t\t<!-- All in One SEO 5.0.0.1 - aioseo.com -->\n\t<meta name=\"robots\" content=\"max-image-preview:large\" \/>\n\t<meta name=\"author\" content=\"Encontra Piracicaba\"\/>\n\t<link rel=\"canonical\" href=\"https:\/\/www.encontrapiracicaba.com.br\/sobre\/salao-internacional-de-humor-de-piracicaba-2013-tera-maior-mostra-do-evento\/\" \/>\n\t<meta name=\"generator\" content=\"All in One SEO (AIOSEO) 5.0.0.1\" \/>\n\t\t<meta property=\"og:locale\" content=\"pt_BR\" \/>\n\t\t<meta property=\"og:site_name\" content=\"Encontra Piracicaba | Not\u00edcias, eventos, informa\u00e7\u00f5es e dicas na cidade de Piracicaba e regi\u00e3o\" \/>\n\t\t<meta property=\"og:type\" content=\"article\" \/>\n\t\t<meta property=\"og:title\" content=\"Sal\u00e3o Internacional de Humor de Piracicaba 2013 ter\u00e1 maior mostra do evento | Encontra Piracicaba\" \/>\n\t\t<meta property=\"og:url\" content=\"https:\/\/www.encontrapiracicaba.com.br\/sobre\/salao-internacional-de-humor-de-piracicaba-2013-tera-maior-mostra-do-evento\/\" \/>\n\t\t<meta property=\"article:published_time\" content=\"2013-08-22T04:10:18+00:00\" \/>\n\t\t<meta property=\"article:modified_time\" content=\"2019-04-12T19:02:00+00:00\" \/>\n\t\t<meta name=\"twitter:card\" content=\"summary\" \/>\n\t\t<meta name=\"twitter:title\" content=\"Sal\u00e3o Internacional de Humor de Piracicaba 2013 ter\u00e1 maior mostra do evento | Encontra Piracicaba\" \/>\n\t\t<script type=\"application\/ld+json\" class=\"aioseo-schema\">\n\t\t\t{\"@context\":\"https:\\\/\\\/schema.org\",\"@graph\":[{\"@type\":\"Article\",\"@id\":\"https:\\\/\\\/www.encontrapiracicaba.com.br\\\/sobre\\\/salao-internacional-de-humor-de-piracicaba-2013-tera-maior-mostra-do-evento\\\/#article\",\"name\":\"Sal\\u00e3o Internacional de Humor de Piracicaba 2013 ter\\u00e1 maior mostra do evento | Encontra Piracicaba\",\"headline\":\"Sal\\u00e3o Internacional de Humor de Piracicaba 2013 ter\\u00e1 maior mostra do evento\",\"author\":{\"@id\":\"https:\\\/\\\/www.encontrapiracicaba.com.br\\\/sobre\\\/author\\\/epiracicaba\\\/#author\"},\"publisher\":{\"@id\":\"https:\\\/\\\/www.encontrapiracicaba.com.br\\\/sobre\\\/#organization\"},\"datePublished\":\"2013-08-22T01:10:18-03:00\",\"dateModified\":\"2019-04-12T16:02:00-03:00\",\"inLanguage\":\"pt-BR\",\"mainEntityOfPage\":{\"@id\":\"https:\\\/\\\/www.encontrapiracicaba.com.br\\\/sobre\\\/salao-internacional-de-humor-de-piracicaba-2013-tera-maior-mostra-do-evento\\\/#webpage\"},\"isPartOf\":{\"@id\":\"https:\\\/\\\/www.encontrapiracicaba.com.br\\\/sobre\\\/salao-internacional-de-humor-de-piracicaba-2013-tera-maior-mostra-do-evento\\\/#webpage\"},\"articleSection\":\"Not\\u00edcias Piracicaba\"},{\"@type\":\"BreadcrumbList\",\"@id\":\"https:\\\/\\\/www.encontrapiracicaba.com.br\\\/sobre\\\/salao-internacional-de-humor-de-piracicaba-2013-tera-maior-mostra-do-evento\\\/#breadcrumblist\",\"itemListElement\":[{\"@type\":\"ListItem\",\"@id\":\"https:\\\/\\\/www.encontrapiracicaba.com.br\\\/sobre#listItem\",\"position\":1,\"name\":\"In\\u00edcio\",\"item\":\"https:\\\/\\\/www.encontrapiracicaba.com.br\\\/sobre\",\"nextItem\":{\"@type\":\"ListItem\",\"@id\":\"https:\\\/\\\/www.encontrapiracicaba.com.br\\\/sobre\\\/noticias-em-piracicaba\\\/#listItem\",\"name\":\"Not\\u00edcias Piracicaba\"}},{\"@type\":\"ListItem\",\"@id\":\"https:\\\/\\\/www.encontrapiracicaba.com.br\\\/sobre\\\/noticias-em-piracicaba\\\/#listItem\",\"position\":2,\"name\":\"Not\\u00edcias Piracicaba\",\"item\":\"https:\\\/\\\/www.encontrapiracicaba.com.br\\\/sobre\\\/noticias-em-piracicaba\\\/\",\"nextItem\":{\"@type\":\"ListItem\",\"@id\":\"https:\\\/\\\/www.encontrapiracicaba.com.br\\\/sobre\\\/salao-internacional-de-humor-de-piracicaba-2013-tera-maior-mostra-do-evento\\\/#listItem\",\"name\":\"Sal\\u00e3o Internacional de Humor de Piracicaba 2013 ter\\u00e1 maior mostra do evento\"},\"previousItem\":{\"@type\":\"ListItem\",\"@id\":\"https:\\\/\\\/www.encontrapiracicaba.com.br\\\/sobre#listItem\",\"name\":\"In\\u00edcio\"}},{\"@type\":\"ListItem\",\"@id\":\"https:\\\/\\\/www.encontrapiracicaba.com.br\\\/sobre\\\/salao-internacional-de-humor-de-piracicaba-2013-tera-maior-mostra-do-evento\\\/#listItem\",\"position\":3,\"name\":\"Sal\\u00e3o Internacional de Humor de Piracicaba 2013 ter\\u00e1 maior mostra do evento\",\"previousItem\":{\"@type\":\"ListItem\",\"@id\":\"https:\\\/\\\/www.encontrapiracicaba.com.br\\\/sobre\\\/noticias-em-piracicaba\\\/#listItem\",\"name\":\"Not\\u00edcias Piracicaba\"}}]},{\"@type\":\"Organization\",\"@id\":\"https:\\\/\\\/www.encontrapiracicaba.com.br\\\/sobre\\\/#organization\",\"name\":\"Encontra Piracicaba\",\"description\":\"Not\\u00edcias, eventos, informa\\u00e7\\u00f5es e dicas na cidade de Piracicaba e regi\\u00e3o\",\"url\":\"https:\\\/\\\/www.encontrapiracicaba.com.br\\\/sobre\\\/\"},{\"@type\":\"Person\",\"@id\":\"https:\\\/\\\/www.encontrapiracicaba.com.br\\\/sobre\\\/author\\\/epiracicaba\\\/#author\",\"url\":\"https:\\\/\\\/www.encontrapiracicaba.com.br\\\/sobre\\\/author\\\/epiracicaba\\\/\",\"name\":\"Encontra Piracicaba\",\"image\":{\"@type\":\"ImageObject\",\"@id\":\"https:\\\/\\\/www.encontrapiracicaba.com.br\\\/sobre\\\/salao-internacional-de-humor-de-piracicaba-2013-tera-maior-mostra-do-evento\\\/#authorImage\",\"url\":\"https:\\\/\\\/secure.gravatar.com\\\/avatar\\\/507340682b8270222e1f208e23198b6ae7e2c6a1033ae84e99bc6bce4f82a387?s=96&d=mm&r=g\",\"width\":96,\"height\":96,\"caption\":\"Encontra Piracicaba\"}},{\"@type\":\"WebPage\",\"@id\":\"https:\\\/\\\/www.encontrapiracicaba.com.br\\\/sobre\\\/salao-internacional-de-humor-de-piracicaba-2013-tera-maior-mostra-do-evento\\\/#webpage\",\"url\":\"https:\\\/\\\/www.encontrapiracicaba.com.br\\\/sobre\\\/salao-internacional-de-humor-de-piracicaba-2013-tera-maior-mostra-do-evento\\\/\",\"name\":\"Sal\\u00e3o Internacional de Humor de Piracicaba 2013 ter\\u00e1 maior mostra do evento | Encontra Piracicaba\",\"inLanguage\":\"pt-BR\",\"isPartOf\":{\"@id\":\"https:\\\/\\\/www.encontrapiracicaba.com.br\\\/sobre\\\/#website\"},\"breadcrumb\":{\"@id\":\"https:\\\/\\\/www.encontrapiracicaba.com.br\\\/sobre\\\/salao-internacional-de-humor-de-piracicaba-2013-tera-maior-mostra-do-evento\\\/#breadcrumblist\"},\"author\":{\"@id\":\"https:\\\/\\\/www.encontrapiracicaba.com.br\\\/sobre\\\/author\\\/epiracicaba\\\/#author\"},\"creator\":{\"@id\":\"https:\\\/\\\/www.encontrapiracicaba.com.br\\\/sobre\\\/author\\\/epiracicaba\\\/#author\"},\"datePublished\":\"2013-08-22T01:10:18-03:00\",\"dateModified\":\"2019-04-12T16:02:00-03:00\"},{\"@type\":\"WebSite\",\"@id\":\"https:\\\/\\\/www.encontrapiracicaba.com.br\\\/sobre\\\/#website\",\"url\":\"https:\\\/\\\/www.encontrapiracicaba.com.br\\\/sobre\\\/\",\"name\":\"Encontra Piracicaba\",\"description\":\"Not\\u00edcias, eventos, informa\\u00e7\\u00f5es e dicas na cidade de Piracicaba e regi\\u00e3o\",\"inLanguage\":\"pt-BR\",\"publisher\":{\"@id\":\"https:\\\/\\\/www.encontrapiracicaba.com.br\\\/sobre\\\/#organization\"}}]}\n\t\t<\/script>\n\t\t<!-- All in One SEO -->\n\n","aioseo_head_json":{"title":"Sal\u00e3o Internacional de Humor de Piracicaba 2013 ter\u00e1 maior mostra do evento | Encontra Piracicaba","description":"","canonical_url":"https:\/\/www.encontrapiracicaba.com.br\/sobre\/salao-internacional-de-humor-de-piracicaba-2013-tera-maior-mostra-do-evento\/","robots":"max-image-preview:large","keywords":"","webmasterTools":{"miscellaneous":""},"schema":{"@context":"https:\/\/schema.org","@graph":[{"@type":"Article","@id":"https:\/\/www.encontrapiracicaba.com.br\/sobre\/salao-internacional-de-humor-de-piracicaba-2013-tera-maior-mostra-do-evento\/#article","name":"Sal\u00e3o Internacional de Humor de Piracicaba 2013 ter\u00e1 maior mostra do evento | Encontra Piracicaba","headline":"Sal\u00e3o Internacional de Humor de Piracicaba 2013 ter\u00e1 maior mostra do evento","author":{"@id":"https:\/\/www.encontrapiracicaba.com.br\/sobre\/author\/epiracicaba\/#author"},"publisher":{"@id":"https:\/\/www.encontrapiracicaba.com.br\/sobre\/#organization"},"datePublished":"2013-08-22T01:10:18-03:00","dateModified":"2019-04-12T16:02:00-03:00","inLanguage":"pt-BR","mainEntityOfPage":{"@id":"https:\/\/www.encontrapiracicaba.com.br\/sobre\/salao-internacional-de-humor-de-piracicaba-2013-tera-maior-mostra-do-evento\/#webpage"},"isPartOf":{"@id":"https:\/\/www.encontrapiracicaba.com.br\/sobre\/salao-internacional-de-humor-de-piracicaba-2013-tera-maior-mostra-do-evento\/#webpage"},"articleSection":"Not\u00edcias Piracicaba"},{"@type":"BreadcrumbList","@id":"https:\/\/www.encontrapiracicaba.com.br\/sobre\/salao-internacional-de-humor-de-piracicaba-2013-tera-maior-mostra-do-evento\/#breadcrumblist","itemListElement":[{"@type":"ListItem","@id":"https:\/\/www.encontrapiracicaba.com.br\/sobre#listItem","position":1,"name":"In\u00edcio","item":"https:\/\/www.encontrapiracicaba.com.br\/sobre","nextItem":{"@type":"ListItem","@id":"https:\/\/www.encontrapiracicaba.com.br\/sobre\/noticias-em-piracicaba\/#listItem","name":"Not\u00edcias Piracicaba"}},{"@type":"ListItem","@id":"https:\/\/www.encontrapiracicaba.com.br\/sobre\/noticias-em-piracicaba\/#listItem","position":2,"name":"Not\u00edcias Piracicaba","item":"https:\/\/www.encontrapiracicaba.com.br\/sobre\/noticias-em-piracicaba\/","nextItem":{"@type":"ListItem","@id":"https:\/\/www.encontrapiracicaba.com.br\/sobre\/salao-internacional-de-humor-de-piracicaba-2013-tera-maior-mostra-do-evento\/#listItem","name":"Sal\u00e3o Internacional de Humor de Piracicaba 2013 ter\u00e1 maior mostra do evento"},"previousItem":{"@type":"ListItem","@id":"https:\/\/www.encontrapiracicaba.com.br\/sobre#listItem","name":"In\u00edcio"}},{"@type":"ListItem","@id":"https:\/\/www.encontrapiracicaba.com.br\/sobre\/salao-internacional-de-humor-de-piracicaba-2013-tera-maior-mostra-do-evento\/#listItem","position":3,"name":"Sal\u00e3o Internacional de Humor de Piracicaba 2013 ter\u00e1 maior mostra do evento","previousItem":{"@type":"ListItem","@id":"https:\/\/www.encontrapiracicaba.com.br\/sobre\/noticias-em-piracicaba\/#listItem","name":"Not\u00edcias Piracicaba"}}]},{"@type":"Organization","@id":"https:\/\/www.encontrapiracicaba.com.br\/sobre\/#organization","name":"Encontra Piracicaba","description":"Not\u00edcias, eventos, informa\u00e7\u00f5es e dicas na cidade de Piracicaba e regi\u00e3o","url":"https:\/\/www.encontrapiracicaba.com.br\/sobre\/"},{"@type":"Person","@id":"https:\/\/www.encontrapiracicaba.com.br\/sobre\/author\/epiracicaba\/#author","url":"https:\/\/www.encontrapiracicaba.com.br\/sobre\/author\/epiracicaba\/","name":"Encontra Piracicaba","image":{"@type":"ImageObject","@id":"https:\/\/www.encontrapiracicaba.com.br\/sobre\/salao-internacional-de-humor-de-piracicaba-2013-tera-maior-mostra-do-evento\/#authorImage","url":"https:\/\/secure.gravatar.com\/avatar\/507340682b8270222e1f208e23198b6ae7e2c6a1033ae84e99bc6bce4f82a387?s=96&d=mm&r=g","width":96,"height":96,"caption":"Encontra Piracicaba"}},{"@type":"WebPage","@id":"https:\/\/www.encontrapiracicaba.com.br\/sobre\/salao-internacional-de-humor-de-piracicaba-2013-tera-maior-mostra-do-evento\/#webpage","url":"https:\/\/www.encontrapiracicaba.com.br\/sobre\/salao-internacional-de-humor-de-piracicaba-2013-tera-maior-mostra-do-evento\/","name":"Sal\u00e3o Internacional de Humor de Piracicaba 2013 ter\u00e1 maior mostra do evento | Encontra Piracicaba","inLanguage":"pt-BR","isPartOf":{"@id":"https:\/\/www.encontrapiracicaba.com.br\/sobre\/#website"},"breadcrumb":{"@id":"https:\/\/www.encontrapiracicaba.com.br\/sobre\/salao-internacional-de-humor-de-piracicaba-2013-tera-maior-mostra-do-evento\/#breadcrumblist"},"author":{"@id":"https:\/\/www.encontrapiracicaba.com.br\/sobre\/author\/epiracicaba\/#author"},"creator":{"@id":"https:\/\/www.encontrapiracicaba.com.br\/sobre\/author\/epiracicaba\/#author"},"datePublished":"2013-08-22T01:10:18-03:00","dateModified":"2019-04-12T16:02:00-03:00"},{"@type":"WebSite","@id":"https:\/\/www.encontrapiracicaba.com.br\/sobre\/#website","url":"https:\/\/www.encontrapiracicaba.com.br\/sobre\/","name":"Encontra Piracicaba","description":"Not\u00edcias, eventos, informa\u00e7\u00f5es e dicas na cidade de Piracicaba e regi\u00e3o","inLanguage":"pt-BR","publisher":{"@id":"https:\/\/www.encontrapiracicaba.com.br\/sobre\/#organization"}}]},"og:locale":"pt_BR","og:site_name":"Encontra Piracicaba | Not\u00edcias, eventos, informa\u00e7\u00f5es e dicas na cidade de Piracicaba e regi\u00e3o","og:type":"article","og:title":"Sal\u00e3o Internacional de Humor de Piracicaba 2013 ter\u00e1 maior mostra do evento | Encontra Piracicaba","og:url":"https:\/\/www.encontrapiracicaba.com.br\/sobre\/salao-internacional-de-humor-de-piracicaba-2013-tera-maior-mostra-do-evento\/","article:published_time":"2013-08-22T04:10:18+00:00","article:modified_time":"2019-04-12T19:02:00+00:00","twitter:card":"summary","twitter:title":"Sal\u00e3o Internacional de Humor de Piracicaba 2013 ter\u00e1 maior mostra do evento | Encontra Piracicaba"},"aioseo_meta_data":{"post_id":"2597","title":null,"description":null,"keywords":null,"keyphrases":null,"primary_term":null,"canonical_url":null,"og_title":null,"og_description":null,"og_object_type":"default","og_image_type":"default","og_image_url":null,"og_image_width":null,"og_image_height":null,"og_image_custom_url":null,"og_image_custom_fields":null,"og_video":null,"og_custom_url":null,"og_article_section":null,"og_article_tags":null,"twitter_use_og":false,"twitter_card":"default","twitter_image_type":"default","twitter_image_url":null,"twitter_image_custom_url":null,"twitter_image_custom_fields":null,"twitter_title":null,"twitter_description":null,"schema":{"blockGraphs":[],"customGraphs":[],"default":{"data":{"Article":[],"Course":[],"Dataset":[],"FAQPage":[],"Movie":[],"Person":[],"Product":[],"ProductReview":[],"Car":[],"Recipe":[],"Service":[],"SoftwareApplication":[],"WebPage":[]},"graphName":"Article","isEnabled":true},"graphs":[]},"schema_type":null,"schema_type_options":null,"pillar_content":false,"robots_default":true,"robots_noindex":false,"robots_noarchive":false,"robots_nosnippet":false,"robots_nofollow":false,"robots_noimageindex":false,"robots_noodp":false,"robots_notranslate":false,"robots_max_snippet":null,"robots_max_videopreview":null,"robots_max_imagepreview":"large","priority":null,"frequency":null,"local_seo":null,"breadcrumb_settings":null,"limit_modified_date":false,"ai":null,"created":"2021-08-13 20:39:43","updated":"2025-10-04 03:53:52","focus_keyword":null,"additional_keywords":null,"truseo_locale":null,"seo_analyzer_scan_date":null},"aioseo_breadcrumb":"<div class=\"aioseo-breadcrumbs\"><span class=\"aioseo-breadcrumb\">\n\t\t\t<a href=\"https:\/\/www.encontrapiracicaba.com.br\/sobre\" title=\"In\u00edcio\">In\u00edcio<\/a>\n\t\t<\/span><span class=\"aioseo-breadcrumb-separator\">&raquo;<\/span><span class=\"aioseo-breadcrumb\">\n\t\t\t<a href=\"https:\/\/www.encontrapiracicaba.com.br\/sobre\/noticias-em-piracicaba\/\" title=\"Not\u00edcias Piracicaba\">Not\u00edcias Piracicaba<\/a>\n\t\t<\/span><span class=\"aioseo-breadcrumb-separator\">&raquo;<\/span><span class=\"aioseo-breadcrumb\">\n\t\t\tSal\u00e3o Internacional de Humor de Piracicaba 2013 ter\u00e1 maior mostra do evento\n\t\t<\/span><\/div>","aioseo_breadcrumb_json":[{"label":"In\u00edcio","link":"https:\/\/www.encontrapiracicaba.com.br\/sobre"},{"label":"Not\u00edcias Piracicaba","link":"https:\/\/www.encontrapiracicaba.com.br\/sobre\/noticias-em-piracicaba\/"},{"label":"Sal\u00e3o Internacional de Humor de Piracicaba 2013 ter\u00e1 maior mostra do evento","link":"https:\/\/www.encontrapiracicaba.com.br\/sobre\/salao-internacional-de-humor-de-piracicaba-2013-tera-maior-mostra-do-evento\/"}],"_links":{"self":[{"href":"https:\/\/www.encontrapiracicaba.com.br\/sobre\/wp-json\/wp\/v2\/posts\/2597","targetHints":{"allow":["GET"]}}],"collection":[{"href":"https:\/\/www.encontrapiracicaba.com.br\/sobre\/wp-json\/wp\/v2\/posts"}],"about":[{"href":"https:\/\/www.encontrapiracicaba.com.br\/sobre\/wp-json\/wp\/v2\/types\/post"}],"author":[{"embeddable":true,"href":"https:\/\/www.encontrapiracicaba.com.br\/sobre\/wp-json\/wp\/v2\/users\/1"}],"replies":[{"embeddable":true,"href":"https:\/\/www.encontrapiracicaba.com.br\/sobre\/wp-json\/wp\/v2\/comments?post=2597"}],"version-history":[{"count":2,"href":"https:\/\/www.encontrapiracicaba.com.br\/sobre\/wp-json\/wp\/v2\/posts\/2597\/revisions"}],"predecessor-version":[{"id":2599,"href":"https:\/\/www.encontrapiracicaba.com.br\/sobre\/wp-json\/wp\/v2\/posts\/2597\/revisions\/2599"}],"wp:attachment":[{"href":"https:\/\/www.encontrapiracicaba.com.br\/sobre\/wp-json\/wp\/v2\/media?parent=2597"}],"wp:term":[{"taxonomy":"category","embeddable":true,"href":"https:\/\/www.encontrapiracicaba.com.br\/sobre\/wp-json\/wp\/v2\/categories?post=2597"},{"taxonomy":"post_tag","embeddable":true,"href":"https:\/\/www.encontrapiracicaba.com.br\/sobre\/wp-json\/wp\/v2\/tags?post=2597"}],"curies":[{"name":"wp","href":"https:\/\/api.w.org\/{rel}","templated":true}]}}