{"id":2625,"date":"2013-11-07T19:03:46","date_gmt":"2013-11-07T22:03:46","guid":{"rendered":"http:\/\/www.encontrapiracicaba.com.br\/noticias\/?p=2625"},"modified":"2019-04-12T16:01:59","modified_gmt":"2019-04-12T19:01:59","slug":"inezita-barroso-tera-noite-de-gala-em-piracicaba-na-sexta-0811","status":"publish","type":"post","link":"https:\/\/www.encontrapiracicaba.com.br\/sobre\/inezita-barroso-tera-noite-de-gala-em-piracicaba-na-sexta-0811\/","title":{"rendered":"Inezita Barroso ter\u00e1 noite de gala em Piracicaba na sexta, 08\/11"},"content":{"rendered":"<div class=\"85df007ed5c0c4d4b453fd13a37855e8\" data-index=\"1\" style=\"float: none; margin:0px;\">\n<!-- Anuncio display - global -->\r\n<ins class=\"adsbygoogle\"\r\n     style=\"display:block\"\r\n     data-ad-client=\"ca-pub-8585364105181520\"\r\n     data-ad-slot=\"8789329856\"\r\n     data-ad-format=\"auto\"\r\n     data-full-width-responsive=\"true\"><\/ins>\r\n<script>\r\n     (adsbygoogle = window.adsbygoogle || []).push({});\r\n<\/script>\n<\/div>\n<p>Aos 88 anos e dona de uma das vozes mais ouvidas e reconhecidas em todo o Brasil, Inezita Barroso chega na sexta-feira, 08\/11, ao Engenho Central, para uma verdadeira noite de gala. A cantora apresenta, a partir das 18h, o show \u201cTrajet\u00f3ria\u201d. Na oportunidade ser\u00e3o lan\u00e7ados ainda tr\u00eas importantes registros: o DVD do show realizado em maio no mesmo teatro; o document\u00e1rio \u201cInezita Barroso: A Voz e a Viola\u201d, produzido pela USP (Universidade de S\u00e3o Paulo); e o livro \u201cA Hist\u00f3ria de Uma Brasileira\u201d, escrito por Arley Pereira. Os ingressos para o show custam R$ 10,00.<\/p>\n<p>Inezita se apresentar\u00e1 acompanhada do Regional do Tico-Tico, composto por Jo\u00e3ozinho e Rafael Schimidt (viol\u00e3o), Felipe Viola (viola), Leandro Madeira (baixo), Escurinho e Kadu Fernandes (percuss\u00e3o) e Marinho do Acordeon (acordeom). O grupo acompanha as excurs\u00f5es de Inezita por todo o Brasil, al\u00e9m de participar do programa Viola Minha Viola, na TV Cultura, h\u00e1 mais de dez anos. O show ainda conta com participa\u00e7\u00f5es especiais de Jo\u00e3o Leite (berrante) e J\u00falia Sim\u00f5es e Da\u00e9rcio Neto (fala).<\/p>\n<p>A carreira profissional de Inezita Barroso come\u00e7ou em 1950 em um programa de audit\u00f3rio na R\u00e1dio Clube de Recife, onde conheceu Capiba, que fez a m\u00fasica para Ism\u00e1lia, de Alphonsus de Guimaraens, interpretada pela cantora. O show ainda conta com sambas de Billy Blanco e Paulo Vanzolini, que frequentavam a casa de Inezita em encontros nos fins de semana. Na voz da int\u00e9rprete, letras de Marcelo Tupinamb\u00e1, Valdemar Henrique, Hekel Tavares e Barbosa Lessa foram eternizadas e s\u00e3o apresentadas tamb\u00e9m durante o espet\u00e1culo.<\/p>\n<p>A realiza\u00e7\u00e3o \u00e9 da Orquestra Sinf\u00f4nica de Piracicaba, com apoio da <a title=\"Prefeitura Municipal de Piracicaba\" href=\"http:\/\/www.encontrapiracicaba.com.br\/piracicaba\/prefeitura-de-piracicaba.shtml\" target=\"_blank\">Prefeitura Municipal de Piracicaba<\/a> por meio da Secretaria da A\u00e7\u00e3o Cultural.<\/p>\n<p>LIVRO \u2013 Da menina prod\u00edgio que cantava e tocava viol\u00e3o em sal\u00f5es da sociedade paulista desde os sete anos, at\u00e9 a apresentadora do cultuado programa Viola, Minha Viola, na TV Cultura, muita coisa aconteceu na vida e na carreira de Inezita Barroso. Esta biografia, nascida da amizade entre o jornalista Arley Pereira (1935-2007) e a cantora, e \u00faltimo trabalho realizado pelo autor, traz aos leitores o calor de uma boa conversa, recheada dos \u201ccausos\u201d e mem\u00f3rias contados de forma sempre espirituosa por Inezita.<\/p>\n<p>Al\u00e9m disso, o livro \u201cA Hist\u00f3ria de Uma Barsileira\u201d contou com uma abrangente pesquisa que resultou nas mais de cem imagens reproduzidas, muitas delas in\u00e9ditas, e em uma discografia completa desta grande int\u00e9rprete e divulgadora da nossa cultura popular.<\/p>\n<p><strong>Programa do show<\/strong><\/p>\n<p>Can\u00e7\u00e3o do Expedicion\u00e1rio (Guilherme de Almeida \u2013 Sp\u00e1rtaco Rossi)<\/p>\n<p>Ism\u00e1lia (Alphonsus de Guimaraens \u2013 Capiba)<\/p>\n<p>Ronda (Paulo Vanzolini)<\/p>\n<p>Moleque Vardem\u00e1 (Billy Branco)<\/p>\n<p>Can\u00e7\u00e3o Marinha (Marcelo Tupinamb\u00e1 \u2013 M\u00e1rio de Andrade)<\/p>\n<p>Tambataj\u00e1 (Valdemar Henrique)<\/p>\n<p>Leil\u00e3o (Hekel Tavares \u2013 Joraci Camargo)<\/p>\n<p>Rancheira de Carreirinha (Barbosa Lessa)<\/p>\n<p>O Canto do Mar (Jos\u00e9 Mauro de Vasconcelos \u2013 Guerra Peixe)<\/p>\n<p>Prece a S\u00e3o Benedito (Herv\u00e9 Cordovil)<\/p>\n<p>O Carro Tombou (Edvina de Andrade)<\/p>\n<p>Festa do Congado (Juraci Silveira)<\/p>\n<p>Ch\u00e3o de Estrelas (Orestes Barbosa \u2013 S\u00edlvio Caldas)<\/p>\n<p>Hist\u00f3ria Triste de uma Praieira (Adelmar Tavares \u2013 Stefana de Macedo)<\/p>\n<p>O Berrante de Madalena (Fa\u00edsca)<\/p>\n<p>Moda da Pinga (Ochelcis Laureano)<\/p>\n<p>Piracicaba (Nilton Melo)<\/p>\n<p>Lampi\u00e3o de G\u00e1s (Zica Bergami)<\/p>\n<p><strong>SERVI\u00c7O<\/strong><\/p>\n<p>Inezita Barroso e o Regional do Tico-Tico apresentam o show \u201cTrajet\u00f3ria\u201d, com lan\u00e7amento do DVD de show realizado em maio; document\u00e1rio \u201cInezita Barroso: A Voz e a Viola\u201d produzido pela USP (Universidade de S\u00e3o Paulo); e\u00a0 livro \u201cA Hist\u00f3ria de Uma Brasileira\u201d, escrito por Arley Pereira. Sexta-feira, 08\/11, \u00e0s 18h, no Teatro Municipal Erot\u00eddes de Campos (avenida Maurice Allain, 454, Parque do Engenho Central). Os ingressos para o show custam R$ 10,00.<\/p>\n\n<div style=\"font-size: 0px; height: 0px; line-height: 0px; margin: 0; padding: 0; clear: both;\"><\/div>","protected":false},"excerpt":{"rendered":"<p>Aos 88 anos e dona de uma das vozes mais ouvidas e reconhecidas em todo o Brasil, Inezita Barroso chega na sexta-feira, 08\/11, ao Engenho Central, para uma verdadeira noite de gala. A cantora apresenta, a partir das 18h, o show \u201cTrajet\u00f3ria\u201d. Na oportunidade ser\u00e3o lan\u00e7ados ainda tr\u00eas importantes registros: o DVD do show realizado em maio no mesmo teatro; o document\u00e1rio \u201cInezita Barroso: A Voz e a Viola\u201d, produzido pela USP (Universidade de S\u00e3o Paulo); e o livro \u201cA Hist\u00f3ria de Uma Brasileira\u201d, escrito por Arley Pereira. Os ingressos para o show custam R$ 10,00. Inezita se apresentar\u00e1 acompanhada <\/p>\n","protected":false},"author":1,"featured_media":0,"comment_status":"open","ping_status":"closed","sticky":false,"template":"","format":"standard","meta":{"footnotes":""},"categories":[6],"tags":[],"class_list":["post-2625","post","type-post","status-publish","format-standard","hentry","category-noticias-em-piracicaba"],"aioseo_notices":[],"aioseo_head":"\n\t\t<!-- All in One SEO 5.0.0.1 - aioseo.com -->\n\t<meta name=\"robots\" content=\"max-image-preview:large\" \/>\n\t<meta name=\"author\" content=\"Encontra Piracicaba\"\/>\n\t<link rel=\"canonical\" href=\"https:\/\/www.encontrapiracicaba.com.br\/sobre\/inezita-barroso-tera-noite-de-gala-em-piracicaba-na-sexta-0811\/\" \/>\n\t<meta name=\"generator\" content=\"All in One SEO (AIOSEO) 5.0.0.1\" \/>\n\t\t<meta property=\"og:locale\" content=\"pt_BR\" \/>\n\t\t<meta property=\"og:site_name\" content=\"Encontra Piracicaba | Not\u00edcias, eventos, informa\u00e7\u00f5es e dicas na cidade de Piracicaba e regi\u00e3o\" \/>\n\t\t<meta property=\"og:type\" content=\"article\" \/>\n\t\t<meta property=\"og:title\" content=\"Inezita Barroso ter\u00e1 noite de gala em Piracicaba na sexta, 08\/11 | Encontra Piracicaba\" \/>\n\t\t<meta property=\"og:url\" content=\"https:\/\/www.encontrapiracicaba.com.br\/sobre\/inezita-barroso-tera-noite-de-gala-em-piracicaba-na-sexta-0811\/\" \/>\n\t\t<meta property=\"article:published_time\" content=\"2013-11-07T22:03:46+00:00\" \/>\n\t\t<meta property=\"article:modified_time\" content=\"2019-04-12T19:01:59+00:00\" \/>\n\t\t<meta name=\"twitter:card\" content=\"summary\" \/>\n\t\t<meta name=\"twitter:title\" content=\"Inezita Barroso ter\u00e1 noite de gala em Piracicaba na sexta, 08\/11 | Encontra Piracicaba\" \/>\n\t\t<script type=\"application\/ld+json\" class=\"aioseo-schema\">\n\t\t\t{\"@context\":\"https:\\\/\\\/schema.org\",\"@graph\":[{\"@type\":\"Article\",\"@id\":\"https:\\\/\\\/www.encontrapiracicaba.com.br\\\/sobre\\\/inezita-barroso-tera-noite-de-gala-em-piracicaba-na-sexta-0811\\\/#article\",\"name\":\"Inezita Barroso ter\\u00e1 noite de gala em Piracicaba na sexta, 08\\\/11 | Encontra Piracicaba\",\"headline\":\"Inezita Barroso ter\\u00e1 noite de gala em Piracicaba na sexta, 08\\\/11\",\"author\":{\"@id\":\"https:\\\/\\\/www.encontrapiracicaba.com.br\\\/sobre\\\/author\\\/epiracicaba\\\/#author\"},\"publisher\":{\"@id\":\"https:\\\/\\\/www.encontrapiracicaba.com.br\\\/sobre\\\/#organization\"},\"datePublished\":\"2013-11-07T19:03:46-03:00\",\"dateModified\":\"2019-04-12T16:01:59-03:00\",\"inLanguage\":\"pt-BR\",\"mainEntityOfPage\":{\"@id\":\"https:\\\/\\\/www.encontrapiracicaba.com.br\\\/sobre\\\/inezita-barroso-tera-noite-de-gala-em-piracicaba-na-sexta-0811\\\/#webpage\"},\"isPartOf\":{\"@id\":\"https:\\\/\\\/www.encontrapiracicaba.com.br\\\/sobre\\\/inezita-barroso-tera-noite-de-gala-em-piracicaba-na-sexta-0811\\\/#webpage\"},\"articleSection\":\"Not\\u00edcias Piracicaba\"},{\"@type\":\"BreadcrumbList\",\"@id\":\"https:\\\/\\\/www.encontrapiracicaba.com.br\\\/sobre\\\/inezita-barroso-tera-noite-de-gala-em-piracicaba-na-sexta-0811\\\/#breadcrumblist\",\"itemListElement\":[{\"@type\":\"ListItem\",\"@id\":\"https:\\\/\\\/www.encontrapiracicaba.com.br\\\/sobre#listItem\",\"position\":1,\"name\":\"In\\u00edcio\",\"item\":\"https:\\\/\\\/www.encontrapiracicaba.com.br\\\/sobre\",\"nextItem\":{\"@type\":\"ListItem\",\"@id\":\"https:\\\/\\\/www.encontrapiracicaba.com.br\\\/sobre\\\/noticias-em-piracicaba\\\/#listItem\",\"name\":\"Not\\u00edcias Piracicaba\"}},{\"@type\":\"ListItem\",\"@id\":\"https:\\\/\\\/www.encontrapiracicaba.com.br\\\/sobre\\\/noticias-em-piracicaba\\\/#listItem\",\"position\":2,\"name\":\"Not\\u00edcias Piracicaba\",\"item\":\"https:\\\/\\\/www.encontrapiracicaba.com.br\\\/sobre\\\/noticias-em-piracicaba\\\/\",\"nextItem\":{\"@type\":\"ListItem\",\"@id\":\"https:\\\/\\\/www.encontrapiracicaba.com.br\\\/sobre\\\/inezita-barroso-tera-noite-de-gala-em-piracicaba-na-sexta-0811\\\/#listItem\",\"name\":\"Inezita Barroso ter\\u00e1 noite de gala em Piracicaba na sexta, 08\\\/11\"},\"previousItem\":{\"@type\":\"ListItem\",\"@id\":\"https:\\\/\\\/www.encontrapiracicaba.com.br\\\/sobre#listItem\",\"name\":\"In\\u00edcio\"}},{\"@type\":\"ListItem\",\"@id\":\"https:\\\/\\\/www.encontrapiracicaba.com.br\\\/sobre\\\/inezita-barroso-tera-noite-de-gala-em-piracicaba-na-sexta-0811\\\/#listItem\",\"position\":3,\"name\":\"Inezita Barroso ter\\u00e1 noite de gala em Piracicaba na sexta, 08\\\/11\",\"previousItem\":{\"@type\":\"ListItem\",\"@id\":\"https:\\\/\\\/www.encontrapiracicaba.com.br\\\/sobre\\\/noticias-em-piracicaba\\\/#listItem\",\"name\":\"Not\\u00edcias Piracicaba\"}}]},{\"@type\":\"Organization\",\"@id\":\"https:\\\/\\\/www.encontrapiracicaba.com.br\\\/sobre\\\/#organization\",\"name\":\"Encontra Piracicaba\",\"description\":\"Not\\u00edcias, eventos, informa\\u00e7\\u00f5es e dicas na cidade de Piracicaba e regi\\u00e3o\",\"url\":\"https:\\\/\\\/www.encontrapiracicaba.com.br\\\/sobre\\\/\"},{\"@type\":\"Person\",\"@id\":\"https:\\\/\\\/www.encontrapiracicaba.com.br\\\/sobre\\\/author\\\/epiracicaba\\\/#author\",\"url\":\"https:\\\/\\\/www.encontrapiracicaba.com.br\\\/sobre\\\/author\\\/epiracicaba\\\/\",\"name\":\"Encontra Piracicaba\",\"image\":{\"@type\":\"ImageObject\",\"@id\":\"https:\\\/\\\/www.encontrapiracicaba.com.br\\\/sobre\\\/inezita-barroso-tera-noite-de-gala-em-piracicaba-na-sexta-0811\\\/#authorImage\",\"url\":\"https:\\\/\\\/secure.gravatar.com\\\/avatar\\\/507340682b8270222e1f208e23198b6ae7e2c6a1033ae84e99bc6bce4f82a387?s=96&d=mm&r=g\",\"width\":96,\"height\":96,\"caption\":\"Encontra Piracicaba\"}},{\"@type\":\"WebPage\",\"@id\":\"https:\\\/\\\/www.encontrapiracicaba.com.br\\\/sobre\\\/inezita-barroso-tera-noite-de-gala-em-piracicaba-na-sexta-0811\\\/#webpage\",\"url\":\"https:\\\/\\\/www.encontrapiracicaba.com.br\\\/sobre\\\/inezita-barroso-tera-noite-de-gala-em-piracicaba-na-sexta-0811\\\/\",\"name\":\"Inezita Barroso ter\\u00e1 noite de gala em Piracicaba na sexta, 08\\\/11 | Encontra Piracicaba\",\"inLanguage\":\"pt-BR\",\"isPartOf\":{\"@id\":\"https:\\\/\\\/www.encontrapiracicaba.com.br\\\/sobre\\\/#website\"},\"breadcrumb\":{\"@id\":\"https:\\\/\\\/www.encontrapiracicaba.com.br\\\/sobre\\\/inezita-barroso-tera-noite-de-gala-em-piracicaba-na-sexta-0811\\\/#breadcrumblist\"},\"author\":{\"@id\":\"https:\\\/\\\/www.encontrapiracicaba.com.br\\\/sobre\\\/author\\\/epiracicaba\\\/#author\"},\"creator\":{\"@id\":\"https:\\\/\\\/www.encontrapiracicaba.com.br\\\/sobre\\\/author\\\/epiracicaba\\\/#author\"},\"datePublished\":\"2013-11-07T19:03:46-03:00\",\"dateModified\":\"2019-04-12T16:01:59-03:00\"},{\"@type\":\"WebSite\",\"@id\":\"https:\\\/\\\/www.encontrapiracicaba.com.br\\\/sobre\\\/#website\",\"url\":\"https:\\\/\\\/www.encontrapiracicaba.com.br\\\/sobre\\\/\",\"name\":\"Encontra Piracicaba\",\"description\":\"Not\\u00edcias, eventos, informa\\u00e7\\u00f5es e dicas na cidade de Piracicaba e regi\\u00e3o\",\"inLanguage\":\"pt-BR\",\"publisher\":{\"@id\":\"https:\\\/\\\/www.encontrapiracicaba.com.br\\\/sobre\\\/#organization\"}}]}\n\t\t<\/script>\n\t\t<!-- All in One SEO -->\n\n","aioseo_head_json":{"title":"Inezita Barroso ter\u00e1 noite de gala em Piracicaba na sexta, 08\/11 | Encontra Piracicaba","description":"","canonical_url":"https:\/\/www.encontrapiracicaba.com.br\/sobre\/inezita-barroso-tera-noite-de-gala-em-piracicaba-na-sexta-0811\/","robots":"max-image-preview:large","keywords":"","webmasterTools":{"miscellaneous":""},"schema":{"@context":"https:\/\/schema.org","@graph":[{"@type":"Article","@id":"https:\/\/www.encontrapiracicaba.com.br\/sobre\/inezita-barroso-tera-noite-de-gala-em-piracicaba-na-sexta-0811\/#article","name":"Inezita Barroso ter\u00e1 noite de gala em Piracicaba na sexta, 08\/11 | Encontra Piracicaba","headline":"Inezita Barroso ter\u00e1 noite de gala em Piracicaba na sexta, 08\/11","author":{"@id":"https:\/\/www.encontrapiracicaba.com.br\/sobre\/author\/epiracicaba\/#author"},"publisher":{"@id":"https:\/\/www.encontrapiracicaba.com.br\/sobre\/#organization"},"datePublished":"2013-11-07T19:03:46-03:00","dateModified":"2019-04-12T16:01:59-03:00","inLanguage":"pt-BR","mainEntityOfPage":{"@id":"https:\/\/www.encontrapiracicaba.com.br\/sobre\/inezita-barroso-tera-noite-de-gala-em-piracicaba-na-sexta-0811\/#webpage"},"isPartOf":{"@id":"https:\/\/www.encontrapiracicaba.com.br\/sobre\/inezita-barroso-tera-noite-de-gala-em-piracicaba-na-sexta-0811\/#webpage"},"articleSection":"Not\u00edcias Piracicaba"},{"@type":"BreadcrumbList","@id":"https:\/\/www.encontrapiracicaba.com.br\/sobre\/inezita-barroso-tera-noite-de-gala-em-piracicaba-na-sexta-0811\/#breadcrumblist","itemListElement":[{"@type":"ListItem","@id":"https:\/\/www.encontrapiracicaba.com.br\/sobre#listItem","position":1,"name":"In\u00edcio","item":"https:\/\/www.encontrapiracicaba.com.br\/sobre","nextItem":{"@type":"ListItem","@id":"https:\/\/www.encontrapiracicaba.com.br\/sobre\/noticias-em-piracicaba\/#listItem","name":"Not\u00edcias Piracicaba"}},{"@type":"ListItem","@id":"https:\/\/www.encontrapiracicaba.com.br\/sobre\/noticias-em-piracicaba\/#listItem","position":2,"name":"Not\u00edcias Piracicaba","item":"https:\/\/www.encontrapiracicaba.com.br\/sobre\/noticias-em-piracicaba\/","nextItem":{"@type":"ListItem","@id":"https:\/\/www.encontrapiracicaba.com.br\/sobre\/inezita-barroso-tera-noite-de-gala-em-piracicaba-na-sexta-0811\/#listItem","name":"Inezita Barroso ter\u00e1 noite de gala em Piracicaba na sexta, 08\/11"},"previousItem":{"@type":"ListItem","@id":"https:\/\/www.encontrapiracicaba.com.br\/sobre#listItem","name":"In\u00edcio"}},{"@type":"ListItem","@id":"https:\/\/www.encontrapiracicaba.com.br\/sobre\/inezita-barroso-tera-noite-de-gala-em-piracicaba-na-sexta-0811\/#listItem","position":3,"name":"Inezita Barroso ter\u00e1 noite de gala em Piracicaba na sexta, 08\/11","previousItem":{"@type":"ListItem","@id":"https:\/\/www.encontrapiracicaba.com.br\/sobre\/noticias-em-piracicaba\/#listItem","name":"Not\u00edcias Piracicaba"}}]},{"@type":"Organization","@id":"https:\/\/www.encontrapiracicaba.com.br\/sobre\/#organization","name":"Encontra Piracicaba","description":"Not\u00edcias, eventos, informa\u00e7\u00f5es e dicas na cidade de Piracicaba e regi\u00e3o","url":"https:\/\/www.encontrapiracicaba.com.br\/sobre\/"},{"@type":"Person","@id":"https:\/\/www.encontrapiracicaba.com.br\/sobre\/author\/epiracicaba\/#author","url":"https:\/\/www.encontrapiracicaba.com.br\/sobre\/author\/epiracicaba\/","name":"Encontra Piracicaba","image":{"@type":"ImageObject","@id":"https:\/\/www.encontrapiracicaba.com.br\/sobre\/inezita-barroso-tera-noite-de-gala-em-piracicaba-na-sexta-0811\/#authorImage","url":"https:\/\/secure.gravatar.com\/avatar\/507340682b8270222e1f208e23198b6ae7e2c6a1033ae84e99bc6bce4f82a387?s=96&d=mm&r=g","width":96,"height":96,"caption":"Encontra Piracicaba"}},{"@type":"WebPage","@id":"https:\/\/www.encontrapiracicaba.com.br\/sobre\/inezita-barroso-tera-noite-de-gala-em-piracicaba-na-sexta-0811\/#webpage","url":"https:\/\/www.encontrapiracicaba.com.br\/sobre\/inezita-barroso-tera-noite-de-gala-em-piracicaba-na-sexta-0811\/","name":"Inezita Barroso ter\u00e1 noite de gala em Piracicaba na sexta, 08\/11 | Encontra Piracicaba","inLanguage":"pt-BR","isPartOf":{"@id":"https:\/\/www.encontrapiracicaba.com.br\/sobre\/#website"},"breadcrumb":{"@id":"https:\/\/www.encontrapiracicaba.com.br\/sobre\/inezita-barroso-tera-noite-de-gala-em-piracicaba-na-sexta-0811\/#breadcrumblist"},"author":{"@id":"https:\/\/www.encontrapiracicaba.com.br\/sobre\/author\/epiracicaba\/#author"},"creator":{"@id":"https:\/\/www.encontrapiracicaba.com.br\/sobre\/author\/epiracicaba\/#author"},"datePublished":"2013-11-07T19:03:46-03:00","dateModified":"2019-04-12T16:01:59-03:00"},{"@type":"WebSite","@id":"https:\/\/www.encontrapiracicaba.com.br\/sobre\/#website","url":"https:\/\/www.encontrapiracicaba.com.br\/sobre\/","name":"Encontra Piracicaba","description":"Not\u00edcias, eventos, informa\u00e7\u00f5es e dicas na cidade de Piracicaba e regi\u00e3o","inLanguage":"pt-BR","publisher":{"@id":"https:\/\/www.encontrapiracicaba.com.br\/sobre\/#organization"}}]},"og:locale":"pt_BR","og:site_name":"Encontra Piracicaba | Not\u00edcias, eventos, informa\u00e7\u00f5es e dicas na cidade de Piracicaba e regi\u00e3o","og:type":"article","og:title":"Inezita Barroso ter\u00e1 noite de gala em Piracicaba na sexta, 08\/11 | Encontra Piracicaba","og:url":"https:\/\/www.encontrapiracicaba.com.br\/sobre\/inezita-barroso-tera-noite-de-gala-em-piracicaba-na-sexta-0811\/","article:published_time":"2013-11-07T22:03:46+00:00","article:modified_time":"2019-04-12T19:01:59+00:00","twitter:card":"summary","twitter:title":"Inezita Barroso ter\u00e1 noite de gala em Piracicaba na sexta, 08\/11 | Encontra Piracicaba"},"aioseo_meta_data":{"post_id":"2625","title":null,"description":null,"keywords":null,"keyphrases":null,"primary_term":null,"canonical_url":null,"og_title":null,"og_description":null,"og_object_type":"default","og_image_type":"default","og_image_url":null,"og_image_width":null,"og_image_height":null,"og_image_custom_url":null,"og_image_custom_fields":null,"og_video":null,"og_custom_url":null,"og_article_section":null,"og_article_tags":null,"twitter_use_og":false,"twitter_card":"default","twitter_image_type":"default","twitter_image_url":null,"twitter_image_custom_url":null,"twitter_image_custom_fields":null,"twitter_title":null,"twitter_description":null,"schema":{"blockGraphs":[],"customGraphs":[],"default":{"data":{"Article":[],"Course":[],"Dataset":[],"FAQPage":[],"Movie":[],"Person":[],"Product":[],"ProductReview":[],"Car":[],"Recipe":[],"Service":[],"SoftwareApplication":[],"WebPage":[]},"graphName":"Article","isEnabled":true},"graphs":[]},"schema_type":null,"schema_type_options":null,"pillar_content":false,"robots_default":true,"robots_noindex":false,"robots_noarchive":false,"robots_nosnippet":false,"robots_nofollow":false,"robots_noimageindex":false,"robots_noodp":false,"robots_notranslate":false,"robots_max_snippet":null,"robots_max_videopreview":null,"robots_max_imagepreview":"large","priority":null,"frequency":null,"local_seo":null,"breadcrumb_settings":null,"limit_modified_date":false,"ai":null,"created":"2021-08-13 20:39:43","updated":"2025-10-04 04:06:08","focus_keyword":null,"additional_keywords":null,"truseo_locale":null,"seo_analyzer_scan_date":null},"aioseo_breadcrumb":"<div class=\"aioseo-breadcrumbs\"><span class=\"aioseo-breadcrumb\">\n\t\t\t<a href=\"https:\/\/www.encontrapiracicaba.com.br\/sobre\" title=\"In\u00edcio\">In\u00edcio<\/a>\n\t\t<\/span><span class=\"aioseo-breadcrumb-separator\">&raquo;<\/span><span class=\"aioseo-breadcrumb\">\n\t\t\t<a href=\"https:\/\/www.encontrapiracicaba.com.br\/sobre\/noticias-em-piracicaba\/\" title=\"Not\u00edcias Piracicaba\">Not\u00edcias Piracicaba<\/a>\n\t\t<\/span><span class=\"aioseo-breadcrumb-separator\">&raquo;<\/span><span class=\"aioseo-breadcrumb\">\n\t\t\tInezita Barroso ter\u00e1 noite de gala em Piracicaba na sexta, 08\/11\n\t\t<\/span><\/div>","aioseo_breadcrumb_json":[{"label":"In\u00edcio","link":"https:\/\/www.encontrapiracicaba.com.br\/sobre"},{"label":"Not\u00edcias Piracicaba","link":"https:\/\/www.encontrapiracicaba.com.br\/sobre\/noticias-em-piracicaba\/"},{"label":"Inezita Barroso ter\u00e1 noite de gala em Piracicaba na sexta, 08\/11","link":"https:\/\/www.encontrapiracicaba.com.br\/sobre\/inezita-barroso-tera-noite-de-gala-em-piracicaba-na-sexta-0811\/"}],"_links":{"self":[{"href":"https:\/\/www.encontrapiracicaba.com.br\/sobre\/wp-json\/wp\/v2\/posts\/2625","targetHints":{"allow":["GET"]}}],"collection":[{"href":"https:\/\/www.encontrapiracicaba.com.br\/sobre\/wp-json\/wp\/v2\/posts"}],"about":[{"href":"https:\/\/www.encontrapiracicaba.com.br\/sobre\/wp-json\/wp\/v2\/types\/post"}],"author":[{"embeddable":true,"href":"https:\/\/www.encontrapiracicaba.com.br\/sobre\/wp-json\/wp\/v2\/users\/1"}],"replies":[{"embeddable":true,"href":"https:\/\/www.encontrapiracicaba.com.br\/sobre\/wp-json\/wp\/v2\/comments?post=2625"}],"version-history":[{"count":1,"href":"https:\/\/www.encontrapiracicaba.com.br\/sobre\/wp-json\/wp\/v2\/posts\/2625\/revisions"}],"predecessor-version":[{"id":2626,"href":"https:\/\/www.encontrapiracicaba.com.br\/sobre\/wp-json\/wp\/v2\/posts\/2625\/revisions\/2626"}],"wp:attachment":[{"href":"https:\/\/www.encontrapiracicaba.com.br\/sobre\/wp-json\/wp\/v2\/media?parent=2625"}],"wp:term":[{"taxonomy":"category","embeddable":true,"href":"https:\/\/www.encontrapiracicaba.com.br\/sobre\/wp-json\/wp\/v2\/categories?post=2625"},{"taxonomy":"post_tag","embeddable":true,"href":"https:\/\/www.encontrapiracicaba.com.br\/sobre\/wp-json\/wp\/v2\/tags?post=2625"}],"curies":[{"name":"wp","href":"https:\/\/api.w.org\/{rel}","templated":true}]}}