{"id":2630,"date":"2013-11-19T12:47:21","date_gmt":"2013-11-19T15:47:21","guid":{"rendered":"http:\/\/www.encontrapiracicaba.com.br\/noticias\/?p=2630"},"modified":"2019-04-12T16:01:59","modified_gmt":"2019-04-12T19:01:59","slug":"projeto-luz-arte-sera-realizado-pelo-quinto-ano-consecutivo-em-piracicaba","status":"publish","type":"post","link":"https:\/\/www.encontrapiracicaba.com.br\/sobre\/projeto-luz-arte-sera-realizado-pelo-quinto-ano-consecutivo-em-piracicaba\/","title":{"rendered":"Projeto Luz &#038; Arte ser\u00e1 realizado pelo quinto ano consecutivo em Piracicaba"},"content":{"rendered":"<div class=\"85df007ed5c0c4d4b453fd13a37855e8\" data-index=\"1\" style=\"float: none; margin:0px;\">\n<!-- Anuncio display - global -->\r\n<ins class=\"adsbygoogle\"\r\n     style=\"display:block\"\r\n     data-ad-client=\"ca-pub-8585364105181520\"\r\n     data-ad-slot=\"8789329856\"\r\n     data-ad-format=\"auto\"\r\n     data-full-width-responsive=\"true\"><\/ins>\r\n<script>\r\n     (adsbygoogle = window.adsbygoogle || []).push({});\r\n<\/script>\n<\/div>\n<p>Data mais importante para as vendas do com\u00e9rcio e celebra\u00e7\u00e3o familiar, o Natal ser\u00e1 comemorado, em Piracicaba, com uma s\u00e9rie de atividades especiais. No per\u00edodo de 29 de novembro a 6 de janeiro, a cidade receber\u00e1 pelo quinto ano consecutivo o projeto Luz &amp; Arte. A iniciativa da Acipi (Associa\u00e7\u00e3o Comercial e Industrial de Piracicaba) e da <a title=\"Prefeitura Municipal de Piracicaba\" href=\"http:\/\/www.encontrapiracicaba.com.br\/piracicaba\/prefeitura-de-piracicaba.shtml\" target=\"_blank\">Prefeitura de Piracicaba<\/a> &#8211; por meio da Secretaria da A\u00e7\u00e3o Cultural e da Secretaria de Turismo &#8211; tem como objetivo promover o turismo e com\u00e9rcio locais, por meio de apresenta\u00e7\u00f5es culturais, ilumina\u00e7\u00e3o de espa\u00e7os p\u00fablicos e shows da Casa de Noel.<\/p>\n<p>Para a abertura oficial da festa natalina, est\u00e3o programadas apresenta\u00e7\u00f5es do Grande Coral de Natal, formado por mais de 400 vozes, e da Cedan (Companhia Est\u00e1vel de Dan\u00e7a de Piracicaba). O evento, que \u00e9 gratuito e aberto \u00e0 popula\u00e7\u00e3o, acontece no dia 29, a partir das 20h, no Engenho Central.<\/p>\n<p>Para o presidente da Acipi, Angelo Frias Neto, al\u00e9m de ajudar a fomentar o com\u00e9rcio, o projeto tem por objetivo resgatar os valores da fam\u00edlia. \u201cO Luz &amp; Arte vai deixar a cidade mais alegre e vibrante, despertando sentimentos e tradi\u00e7\u00f5es do Natal. A data tamb\u00e9m \u00e9 importante para movimentar e aquecer a economia local\u201d, afirmou.<\/p>\n<p>A secret\u00e1ria municipal da A\u00e7\u00e3o Cultural, Ros\u00e2ngela Camolese, destaca as atra\u00e7\u00f5es que comp\u00f5em a programa\u00e7\u00e3o. \u201cAl\u00e9m da beleza proporcionada pela ilumina\u00e7\u00e3o dos pontos p\u00fablicos, o projeto oferece anualmente uma s\u00e9rie de eventos culturais de grande qualidade. Trata-se de uma boa oportunidade de acompanhar diferentes atra\u00e7\u00f5es em locais de grande import\u00e2ncia da cidade\u201d, afirma.<\/p>\n<p>Para a secret\u00e1ria de Turismo, Rose Massarutto, a grande import\u00e2ncia do projeto est\u00e1 nas atividades gratuitas para a popula\u00e7\u00e3o e visitantes. \u201cEste ano estamos trazendo novidades na ilumina\u00e7\u00e3o da cidade, aumentando principalmente a \u00e1rea iluminada da Rua do Porto, al\u00e9m dos shows do Papai Noel cantor, que acontecem anualmente, tamb\u00e9m teremos um Papai Noel que vai interagir com as crian\u00e7as que visitarem a Casinha de Noel, no Casar\u00e3o do Turismo. A proposta de incluir a Rua do Porto no projeto de Natal Luz &amp; Arte, com atra\u00e7\u00f5es musicais gratuitas e ilumina\u00e7\u00e3o dos pontos tur\u00edsticos, fomenta cada vez mais o turismo de nossa\u00a0\u00a0 cidade\u201d, afirma.<\/p>\n<p><strong>Ilumina\u00e7\u00e3o de pontos p\u00fablicos<\/strong><\/p>\n<p>Como parte do projeto, ser\u00e3o iluminadas: a orla do rio Piracicaba e a Rua do Porto \u2013 principal ponto tur\u00edstico e gastron\u00f4mico da\u00a0 cidade. Tamb\u00e9m receber\u00e1 ilumina\u00e7\u00e3o especial o complexo do Engenho Central \u2013 formado pela Passarela Estaiada, cascata V\u00e9u da Noiva, dois barrac\u00f5es e \u00e1rvores nas imedia\u00e7\u00f5es da avenida Beira Rio. Outros nove pontos estrat\u00e9gicos, tamb\u00e9m, receber\u00e3o a decora\u00e7\u00e3o natalina: pra\u00e7a Jos\u00e9 Bonif\u00e1cio, rotat\u00f3ria entre as avenidas Independ\u00eancia e Luciano Guidotti, estacionamento da Esta\u00e7\u00e3o da Paulista, pra\u00e7a da Igreja Imaculada Concei\u00e7\u00e3o, pra\u00e7a de Santa Teresinha, pra\u00e7a em frente ao Hotel Beira Rio, rotat\u00f3ria entre as avenidas Independ\u00eancia e P\u00e1dua Dias (em frente \u00e0 Esalq\/USP), rotat\u00f3ria entre as\u00a0 avenidas Professor Alberto Vollet Sachs e\u00a0\u00a0\u00a0\u00a0 Piracicamirim e rotat\u00f3ria da sa\u00edda para a cidade de Saltinho.<\/p>\n<p><strong>Natal Iluminado<\/strong><\/p>\n<p>Em parceria com a Facesp (Federa\u00e7\u00e3o das Associa\u00e7\u00f5es Comerciais do Estado de S\u00e3o Paulo), o Natal Iluminado, espet\u00e1culo de\u00a0 m\u00fasica e proje\u00e7\u00f5es luminot\u00e9cnicas, volta a Piracicaba para uma apresenta\u00e7\u00e3o, no dia 6 de dezembro, na Catedral de Santo Ant\u00f4nio.<\/p>\n<p><strong>A\u00e7\u00f5es culturais<\/strong><\/p>\n<p>O Luz &amp; Arte, tamb\u00e9m, contar\u00e1 com uma s\u00e9rie de a\u00e7\u00f5es culturais, como: apresenta\u00e7\u00e3o de corais, minitrio el\u00e9trico, que circular\u00e1 pelos corredores comerciais da cidade, concertos, apresenta\u00e7\u00f5es musicais e de dan\u00e7a.<\/p>\n<p><strong>Confira a Programa\u00e7\u00e3o Completa do Luz &amp; Arte<\/strong><\/p>\n<p><strong>Dia 29\/11 \u2013 sexta-feira \u2013 Engenho Central<\/strong><\/p>\n<pre>19h30 - Abertura oficial do projeto Luz&amp;Arte<\/pre>\n<p>Programa\u00e7\u00e3o especial, com acendimento dos pontos iluminados e apresenta\u00e7\u00e3o do Grande Coral de Natal<\/p>\n<p><strong>29\/11 e 30\/11 <\/strong><strong>&#8211; sexta e s\u00e1bado <\/strong><strong>&#8211; Bairro Santa Ol\u00edmpia <\/strong><\/p>\n<p>20h \u00e0s 24h &#8211; Mercad\u00ecn de Nad\u00e0l (Mercadinho Natalino) &#8211; exposi\u00e7\u00e3o de produtos coloniais e enfeites natalinos t\u00edpicos tiroleses, com apresenta\u00e7\u00f5es dos Corais Stella Alpina, Caneva, V\u00e1 Pensiero, Bambini Felice e convidados durante os dias do evento<\/p>\n<p><strong>Dia 30\/11 &#8211; s\u00e1bado<\/strong> <strong>\u2013 Entorno do Casar\u00e3o do Turismo e Parque da Rua do Porto<\/strong><\/p>\n<p>14h as 17h \u2013 Brinquedos e Brincadeiras Populares<\/p>\n<p>18h &#8211; Papai e Mam\u00e3e Noel cantores chegam de helic\u00f3ptero e cantam com a Panetone Banda<\/p>\n<p><strong>De 30\/11 a 23\/12 \u2013 no Casar\u00e3o do Turismo na Rua do Porto<\/strong><\/p>\n<p>Maravilhosamente decorada por arquitetos, a Casinha de Noel mostra como vive o bom velhinho e abastece nossos sonhos de crian\u00e7a<\/p>\n<p>Hor\u00e1rio de funcionamento: de quarta a sexta, das 14h \u00e0s 20h. E aos fins de semana e feriados das 10h \u00e0s 20h.<\/p>\n<p><strong>Dia 30\/11 \u2013 s\u00e1bado &#8211; Engenho Central<\/strong><\/p>\n<p>15h30 \u2013 Banda Salada Brazuca<\/p>\n<p>20h \u2013 Samba d\u2019Aninha<\/p>\n<p>21h30 &#8211; Juca Ferreira e Banda<\/p>\n<p><strong>01\/12 \u2013 domingo &#8211; Casar\u00e3o do Turismo na Rua do Porto<\/strong><\/p>\n<p>14h \u2013 Juninho Caipira e Marcelo Sousa<\/p>\n<p>16h \u2013 Sandra Rodrigues e Banda<\/p>\n<p><strong>01\/12 \u2013 domingo &#8211; Engenho Central<\/strong><\/p>\n<p>15h \u2013 Trinca Trio<\/p>\n<p>16h30 \u2013 Patr\u00edcia Aguiar e Banda<\/p>\n<p>18h \u2013 Sandra Rodrigues e Banda<\/p>\n<p><strong>01\/12 a 30\/12 \u2013 Mercado Municipal<\/strong><\/p>\n<p>No m\u00eas de dezembro, todo o dia \u00e9 Natal no Mercado Municipal<\/p>\n<p><strong>05\/12 \u2013 quinta-feira \u2013 Casar\u00e3o do Turismo na Rua do Porto<\/strong><\/p>\n<p>20h \u2013 Patr\u00edcia Aguiar e Banda<\/p>\n<p><strong>06\/12 \u2013 sexta-feira<\/strong><strong> &#8211; Catedral de Santo Ant\u00f4nio<\/strong><\/p>\n<p>19h30 &#8211; Natal Iluminado &#8211; Espet\u00e1culo de m\u00fasica e proje\u00e7\u00f5es luminot\u00e9cnicas na<\/p>\n<p>Catedral de Santo Ant\u00f4nio em parceria com a Facesp (Federa\u00e7\u00e3o das Associa\u00e7\u00f5es Comerciais do Estado de S\u00e3o Paulo).<\/p>\n<p><strong>06\/12 e 07\/12 <\/strong><strong>&#8211; sexta e s\u00e1bado <\/strong><strong>&#8211; Bairro Santa Ol\u00edmpia<\/strong><\/p>\n<p>20h \u00e0s 24h &#8211; Mercad\u00ecn de Nad\u00e0l (Mercadinho Natalino) &#8211; exposi\u00e7\u00e3o de produtos coloniais e enfeites natalinos t\u00edpicos tiroleses, com apresenta\u00e7\u00f5es dos Corais Stella Alpina, Caneva, V\u00e1 Pensiero, Bambini Felice e convidados durante os dias do evento<\/p>\n<p><strong>07\/12 \u2013 s\u00e1bado \u2013 Casar\u00e3o do Turismo na Rua do Porto<\/strong><\/p>\n<p>13h \u2013 Moacir Siqueira e a dupla Gustavo e Gabriel<\/p>\n<p>15h &#8211; Trinca Trio<\/p>\n<p><strong>07\/12 \u2013 s\u00e1bado \u2013 Engenho Central<\/strong><\/p>\n<p>16h \u2013 Juninho Caipira e Marcelo Sousa<\/p>\n<p>18h \u2013 M\u00e1fia do Jazz<\/p>\n<p>20h \u2013 Noite das Tradi\u00e7\u00f5es Especial<\/p>\n<p><strong>08\/12 \u2013 domingo \u2013 Casa do Marqu\u00eas &#8211; Bairro Monte Alegre<\/strong><\/p>\n<p>18h &#8211; O casal de bom velhinhos e Hermes Petrini presenteiam o bairro hist\u00f3rico com emocionante show<\/p>\n<p><strong>08\/12 \u2013 domingo &#8211; Casar\u00e3o do Turismo na Rua do Porto<\/strong><\/p>\n<p>14h \u2013 Sambatuk<\/p>\n<p>16h \u2013 Beb\u00e9 Salvego e Cia<\/p>\n<p><strong>08\/12 \u2013 domingo &#8211; Engenho Central<\/strong><\/p>\n<p>13h30 \u2013 Moacir Siqueira e a dupla Gustavo e Gabriel<\/p>\n<p>15h \u2013 Trio Al\u00ea Antunes, Ricardo Nogueira e Wagner Silva<\/p>\n<p>18h &#8211; Recital \u201cLegal\u201d de Viol\u00e3o Cl\u00e1ssico<\/p>\n<p><strong>12\/12 \u2013 quinta-feira &#8211; SESC Piracicaba<\/strong><\/p>\n<p>18h &#8211; Um show especial do bom velhinho com Panetone Banda para as entidades beneficentes e grande p\u00fablico.<\/p>\n<p><strong>12\/12 \u2013 quinta-feira \u2013 Casar\u00e3o do Turismo na Rua do Porto<\/strong><\/p>\n<p>20h &#8211; Beb\u00e9 Salvego e Cia<\/p>\n<p><strong>13\/12 \u2013 sexta-feira \u2013 Casar\u00e3o do Turismo na Rua do Porto<\/strong><\/p>\n<p>20h &#8211; Sambatuk<\/p>\n<p><strong>13\/12 e 14\/12 <\/strong><strong>&#8211; sexta e s\u00e1bado <\/strong><strong>&#8211; Bairro Santa Ol\u00edmpia <\/strong><\/p>\n<p>20h \u00e0s 24h &#8211; Mercad\u00ecn de Nad\u00e0l (Mercadinho Natalino) &#8211; exposi\u00e7\u00e3o de produtos coloniais e enfeites natalinos t\u00edpicos tiroleses, com apresenta\u00e7\u00f5es dos Corais Stella Alpina, Caneva, V\u00e1 Pensiero, Bambini Felice e convidados durante os dias do evento<\/p>\n<p><strong>14\/12 \u2013 s\u00e1bado &#8211; Rio Piracicaba<\/strong><\/p>\n<p>20h &#8211; Papai e Mam\u00e3e Noel cantores navegam suas can\u00e7\u00f5es pelo Rio Piracicaba<\/p>\n<p><strong>14\/12 \u2013 s\u00e1bado &#8211; Casar\u00e3o do Turismo da Rua do Porto<\/strong><\/p>\n<p>13h \u2013 Moacir Siqueira e a dupla Gustavo e Gabriel<\/p>\n<p>15h \u2013 Cia de Dan\u00e7a Rog\u00e9ria Zago<\/p>\n<p>16h \u2013 Juca Ferreira e Banda<\/p>\n<p><strong>14\/12 \u2013 s\u00e1bado &#8211; Engenho Central<\/strong><\/p>\n<p>15h30 \u2013 Cia de Dan\u00e7a Rog\u00e9ria Zago<\/p>\n<p>17h \u2013 M\u00e1fia do Jazz<\/p>\n<p>18h &#8211; Papai e Mam\u00e3e Noel cantores se apresentam na Feira Presente de Natal<\/p>\n<p>21h30 \u2013 Trio Al\u00ea Antuns, Ricardo Nogueira e Wagner Silva<\/p>\n<p><strong>15\/12 \u2013 domingo &#8211; Santa Casa de Piracicaba<\/strong><\/p>\n<p>10h &#8211; Visita do Papai Noel cantor aos leitos infantis da Santa Casa<\/p>\n<p><strong>15\/12 \u2013 domingo &#8211; Casar\u00e3o do Turismo na Rua do Porto <\/strong><\/p>\n<p>14h \u2013 Daniel Esteves e Boa Cia<\/p>\n<p>16h \u2013 M\u00e1fia do Jazz<\/p>\n<p><strong>15\/12 \u2013 domingo &#8211; Engenho Central <\/strong><\/p>\n<p>13h30 \u2013 Pedro e Pedrinho<\/p>\n<p>15h \u2013 Daniel Esteves e Boa Cia<\/p>\n<p>17h \u2013 14 Sambas<\/p>\n<p><strong>16\/12 a 20\/12 \u2013 segunda a sexta-feira &#8211; Corredores comerciais da cidade<\/strong><\/p>\n<p>19h30 &#8211; Minitrio el\u00e9trico de Natal com Papais No\u00e9is, Mam\u00e3e Noel e seus ajudantes nos corredores comerciais da cidade e em locais de grande concentra\u00e7\u00e3o de pessoas<\/p>\n<p><strong>19\/12 &#8211; quinta-feira \u2013 Casar\u00e3o do Turismo na Rua do Porto<\/strong><\/p>\n<p>20h \u2013 Rodrigo e Guilherme<\/p>\n<p><strong>20\/12 e 21\/12 <\/strong><strong>&#8211; sexta e s\u00e1bado <\/strong><strong>&#8211; Bairro Santa Ol\u00edmpia<\/strong><\/p>\n<p>20h \u00e0s 24h &#8211; Mercad\u00ecn de Nad\u00e0l (Mercadinho Natalino) &#8211; exposi\u00e7\u00e3o de produtos coloniais e enfeites natalinos t\u00edpicos tiroleses, com apresenta\u00e7\u00f5es dos Corais Stella Alpina, Caneva, V\u00e1 Pensiero, Bambini Felice e convidados durante os dias do evento<\/p>\n<p><strong>21\/12 \u2013 s\u00e1bado \u2013 Casar\u00e3o do Turismo da Rua do Porto<\/strong><\/p>\n<p>13h \u2013 Juninho Caipira e Marcelo Sousa<\/p>\n<p>15h \u2013 Rodrigo e Guilherme<\/p>\n<p>20h &#8211; Despedida do Papai Noel com show na Rua do Porto<\/p>\n<p><strong>21\/12 e 22\/12<\/strong> <strong>\u2013 s\u00e1bado e domingo &#8211;<\/strong> <strong>Corredores comerciais da cidade<\/strong><\/p>\n<p>10h &#8211; Minitrio el\u00e9trico de Natal com Papais No\u00e9is, Mam\u00e3e Noel e seus ajudantes nos corredores comerciais da cidade e em locais de grande concentra\u00e7\u00e3o de pessoas.<br \/>\n<strong>22\/12 \u2013 domingo \u2013 Casar\u00e3o do Turismo na Rua do Porto<\/strong><\/p>\n<p>12h \u2013 Rodrigo e Guilherme<\/p>\n<p>14h \u2013 Sandra Rodrigues e Banda<\/p>\n<p>16h \u2013 14 Sambas<\/p>\n<p><strong>23\/12 \u2013 segunda-feira &#8211; Corredores comerciais da cidade<\/strong><\/p>\n<p>19h30 &#8211; Minitrio el\u00e9trico de Natal com Papais No\u00e9is, Mam\u00e3e Noel e seus ajudantes nos corredores comerciais da cidade e em locais de grande concentra\u00e7\u00e3o de pessoas<\/p>\n\n<div style=\"font-size: 0px; height: 0px; line-height: 0px; margin: 0; padding: 0; clear: both;\"><\/div>","protected":false},"excerpt":{"rendered":"<p>Data mais importante para as vendas do com\u00e9rcio e celebra\u00e7\u00e3o familiar, o Natal ser\u00e1 comemorado, em Piracicaba, com uma s\u00e9rie de atividades especiais. No per\u00edodo de 29 de novembro a 6 de janeiro, a cidade receber\u00e1 pelo quinto ano consecutivo o projeto Luz &amp; Arte. A iniciativa da Acipi (Associa\u00e7\u00e3o Comercial e Industrial de Piracicaba) e da Prefeitura de Piracicaba &#8211; por meio da Secretaria da A\u00e7\u00e3o Cultural e da Secretaria de Turismo &#8211; tem como objetivo promover o turismo e com\u00e9rcio locais, por meio de apresenta\u00e7\u00f5es culturais, ilumina\u00e7\u00e3o de espa\u00e7os p\u00fablicos e shows da Casa de Noel. Para a <\/p>\n","protected":false},"author":1,"featured_media":0,"comment_status":"open","ping_status":"closed","sticky":false,"template":"","format":"standard","meta":{"footnotes":""},"categories":[6],"tags":[],"class_list":["post-2630","post","type-post","status-publish","format-standard","hentry","category-noticias-em-piracicaba"],"aioseo_notices":[],"aioseo_head":"\n\t\t<!-- All in One SEO 5.0.0.1 - aioseo.com -->\n\t<meta name=\"robots\" content=\"max-image-preview:large\" \/>\n\t<meta name=\"author\" content=\"Encontra Piracicaba\"\/>\n\t<link rel=\"canonical\" href=\"https:\/\/www.encontrapiracicaba.com.br\/sobre\/projeto-luz-arte-sera-realizado-pelo-quinto-ano-consecutivo-em-piracicaba\/\" \/>\n\t<meta name=\"generator\" content=\"All in One SEO (AIOSEO) 5.0.0.1\" \/>\n\t\t<meta property=\"og:locale\" content=\"pt_BR\" \/>\n\t\t<meta property=\"og:site_name\" content=\"Encontra Piracicaba | Not\u00edcias, eventos, informa\u00e7\u00f5es e dicas na cidade de Piracicaba e regi\u00e3o\" \/>\n\t\t<meta property=\"og:type\" content=\"article\" \/>\n\t\t<meta property=\"og:title\" content=\"Projeto Luz &amp; Arte ser\u00e1 realizado pelo quinto ano consecutivo em Piracicaba | Encontra Piracicaba\" \/>\n\t\t<meta property=\"og:url\" content=\"https:\/\/www.encontrapiracicaba.com.br\/sobre\/projeto-luz-arte-sera-realizado-pelo-quinto-ano-consecutivo-em-piracicaba\/\" \/>\n\t\t<meta property=\"article:published_time\" content=\"2013-11-19T15:47:21+00:00\" \/>\n\t\t<meta property=\"article:modified_time\" content=\"2019-04-12T19:01:59+00:00\" \/>\n\t\t<meta name=\"twitter:card\" content=\"summary\" \/>\n\t\t<meta name=\"twitter:title\" content=\"Projeto Luz &amp; Arte ser\u00e1 realizado pelo quinto ano consecutivo em Piracicaba | Encontra Piracicaba\" \/>\n\t\t<script type=\"application\/ld+json\" class=\"aioseo-schema\">\n\t\t\t{\"@context\":\"https:\\\/\\\/schema.org\",\"@graph\":[{\"@type\":\"Article\",\"@id\":\"https:\\\/\\\/www.encontrapiracicaba.com.br\\\/sobre\\\/projeto-luz-arte-sera-realizado-pelo-quinto-ano-consecutivo-em-piracicaba\\\/#article\",\"name\":\"Projeto Luz & Arte ser\\u00e1 realizado pelo quinto ano consecutivo em Piracicaba | Encontra Piracicaba\",\"headline\":\"Projeto Luz &#038; Arte ser\\u00e1 realizado pelo quinto ano consecutivo em Piracicaba\",\"author\":{\"@id\":\"https:\\\/\\\/www.encontrapiracicaba.com.br\\\/sobre\\\/author\\\/epiracicaba\\\/#author\"},\"publisher\":{\"@id\":\"https:\\\/\\\/www.encontrapiracicaba.com.br\\\/sobre\\\/#organization\"},\"datePublished\":\"2013-11-19T12:47:21-03:00\",\"dateModified\":\"2019-04-12T16:01:59-03:00\",\"inLanguage\":\"pt-BR\",\"mainEntityOfPage\":{\"@id\":\"https:\\\/\\\/www.encontrapiracicaba.com.br\\\/sobre\\\/projeto-luz-arte-sera-realizado-pelo-quinto-ano-consecutivo-em-piracicaba\\\/#webpage\"},\"isPartOf\":{\"@id\":\"https:\\\/\\\/www.encontrapiracicaba.com.br\\\/sobre\\\/projeto-luz-arte-sera-realizado-pelo-quinto-ano-consecutivo-em-piracicaba\\\/#webpage\"},\"articleSection\":\"Not\\u00edcias Piracicaba\"},{\"@type\":\"BreadcrumbList\",\"@id\":\"https:\\\/\\\/www.encontrapiracicaba.com.br\\\/sobre\\\/projeto-luz-arte-sera-realizado-pelo-quinto-ano-consecutivo-em-piracicaba\\\/#breadcrumblist\",\"itemListElement\":[{\"@type\":\"ListItem\",\"@id\":\"https:\\\/\\\/www.encontrapiracicaba.com.br\\\/sobre#listItem\",\"position\":1,\"name\":\"In\\u00edcio\",\"item\":\"https:\\\/\\\/www.encontrapiracicaba.com.br\\\/sobre\",\"nextItem\":{\"@type\":\"ListItem\",\"@id\":\"https:\\\/\\\/www.encontrapiracicaba.com.br\\\/sobre\\\/noticias-em-piracicaba\\\/#listItem\",\"name\":\"Not\\u00edcias Piracicaba\"}},{\"@type\":\"ListItem\",\"@id\":\"https:\\\/\\\/www.encontrapiracicaba.com.br\\\/sobre\\\/noticias-em-piracicaba\\\/#listItem\",\"position\":2,\"name\":\"Not\\u00edcias Piracicaba\",\"item\":\"https:\\\/\\\/www.encontrapiracicaba.com.br\\\/sobre\\\/noticias-em-piracicaba\\\/\",\"nextItem\":{\"@type\":\"ListItem\",\"@id\":\"https:\\\/\\\/www.encontrapiracicaba.com.br\\\/sobre\\\/projeto-luz-arte-sera-realizado-pelo-quinto-ano-consecutivo-em-piracicaba\\\/#listItem\",\"name\":\"Projeto Luz &#038; Arte ser\\u00e1 realizado pelo quinto ano consecutivo em Piracicaba\"},\"previousItem\":{\"@type\":\"ListItem\",\"@id\":\"https:\\\/\\\/www.encontrapiracicaba.com.br\\\/sobre#listItem\",\"name\":\"In\\u00edcio\"}},{\"@type\":\"ListItem\",\"@id\":\"https:\\\/\\\/www.encontrapiracicaba.com.br\\\/sobre\\\/projeto-luz-arte-sera-realizado-pelo-quinto-ano-consecutivo-em-piracicaba\\\/#listItem\",\"position\":3,\"name\":\"Projeto Luz &#038; Arte ser\\u00e1 realizado pelo quinto ano consecutivo em Piracicaba\",\"previousItem\":{\"@type\":\"ListItem\",\"@id\":\"https:\\\/\\\/www.encontrapiracicaba.com.br\\\/sobre\\\/noticias-em-piracicaba\\\/#listItem\",\"name\":\"Not\\u00edcias Piracicaba\"}}]},{\"@type\":\"Organization\",\"@id\":\"https:\\\/\\\/www.encontrapiracicaba.com.br\\\/sobre\\\/#organization\",\"name\":\"Encontra Piracicaba\",\"description\":\"Not\\u00edcias, eventos, informa\\u00e7\\u00f5es e dicas na cidade de Piracicaba e regi\\u00e3o\",\"url\":\"https:\\\/\\\/www.encontrapiracicaba.com.br\\\/sobre\\\/\"},{\"@type\":\"Person\",\"@id\":\"https:\\\/\\\/www.encontrapiracicaba.com.br\\\/sobre\\\/author\\\/epiracicaba\\\/#author\",\"url\":\"https:\\\/\\\/www.encontrapiracicaba.com.br\\\/sobre\\\/author\\\/epiracicaba\\\/\",\"name\":\"Encontra Piracicaba\",\"image\":{\"@type\":\"ImageObject\",\"@id\":\"https:\\\/\\\/www.encontrapiracicaba.com.br\\\/sobre\\\/projeto-luz-arte-sera-realizado-pelo-quinto-ano-consecutivo-em-piracicaba\\\/#authorImage\",\"url\":\"https:\\\/\\\/secure.gravatar.com\\\/avatar\\\/507340682b8270222e1f208e23198b6ae7e2c6a1033ae84e99bc6bce4f82a387?s=96&d=mm&r=g\",\"width\":96,\"height\":96,\"caption\":\"Encontra Piracicaba\"}},{\"@type\":\"WebPage\",\"@id\":\"https:\\\/\\\/www.encontrapiracicaba.com.br\\\/sobre\\\/projeto-luz-arte-sera-realizado-pelo-quinto-ano-consecutivo-em-piracicaba\\\/#webpage\",\"url\":\"https:\\\/\\\/www.encontrapiracicaba.com.br\\\/sobre\\\/projeto-luz-arte-sera-realizado-pelo-quinto-ano-consecutivo-em-piracicaba\\\/\",\"name\":\"Projeto Luz & Arte ser\\u00e1 realizado pelo quinto ano consecutivo em Piracicaba | Encontra Piracicaba\",\"inLanguage\":\"pt-BR\",\"isPartOf\":{\"@id\":\"https:\\\/\\\/www.encontrapiracicaba.com.br\\\/sobre\\\/#website\"},\"breadcrumb\":{\"@id\":\"https:\\\/\\\/www.encontrapiracicaba.com.br\\\/sobre\\\/projeto-luz-arte-sera-realizado-pelo-quinto-ano-consecutivo-em-piracicaba\\\/#breadcrumblist\"},\"author\":{\"@id\":\"https:\\\/\\\/www.encontrapiracicaba.com.br\\\/sobre\\\/author\\\/epiracicaba\\\/#author\"},\"creator\":{\"@id\":\"https:\\\/\\\/www.encontrapiracicaba.com.br\\\/sobre\\\/author\\\/epiracicaba\\\/#author\"},\"datePublished\":\"2013-11-19T12:47:21-03:00\",\"dateModified\":\"2019-04-12T16:01:59-03:00\"},{\"@type\":\"WebSite\",\"@id\":\"https:\\\/\\\/www.encontrapiracicaba.com.br\\\/sobre\\\/#website\",\"url\":\"https:\\\/\\\/www.encontrapiracicaba.com.br\\\/sobre\\\/\",\"name\":\"Encontra Piracicaba\",\"description\":\"Not\\u00edcias, eventos, informa\\u00e7\\u00f5es e dicas na cidade de Piracicaba e regi\\u00e3o\",\"inLanguage\":\"pt-BR\",\"publisher\":{\"@id\":\"https:\\\/\\\/www.encontrapiracicaba.com.br\\\/sobre\\\/#organization\"}}]}\n\t\t<\/script>\n\t\t<!-- All in One SEO -->\n\n","aioseo_head_json":{"title":"Projeto Luz & Arte ser\u00e1 realizado pelo quinto ano consecutivo em Piracicaba | Encontra Piracicaba","description":"","canonical_url":"https:\/\/www.encontrapiracicaba.com.br\/sobre\/projeto-luz-arte-sera-realizado-pelo-quinto-ano-consecutivo-em-piracicaba\/","robots":"max-image-preview:large","keywords":"","webmasterTools":{"miscellaneous":""},"schema":{"@context":"https:\/\/schema.org","@graph":[{"@type":"Article","@id":"https:\/\/www.encontrapiracicaba.com.br\/sobre\/projeto-luz-arte-sera-realizado-pelo-quinto-ano-consecutivo-em-piracicaba\/#article","name":"Projeto Luz & Arte ser\u00e1 realizado pelo quinto ano consecutivo em Piracicaba | Encontra Piracicaba","headline":"Projeto Luz &#038; Arte ser\u00e1 realizado pelo quinto ano consecutivo em Piracicaba","author":{"@id":"https:\/\/www.encontrapiracicaba.com.br\/sobre\/author\/epiracicaba\/#author"},"publisher":{"@id":"https:\/\/www.encontrapiracicaba.com.br\/sobre\/#organization"},"datePublished":"2013-11-19T12:47:21-03:00","dateModified":"2019-04-12T16:01:59-03:00","inLanguage":"pt-BR","mainEntityOfPage":{"@id":"https:\/\/www.encontrapiracicaba.com.br\/sobre\/projeto-luz-arte-sera-realizado-pelo-quinto-ano-consecutivo-em-piracicaba\/#webpage"},"isPartOf":{"@id":"https:\/\/www.encontrapiracicaba.com.br\/sobre\/projeto-luz-arte-sera-realizado-pelo-quinto-ano-consecutivo-em-piracicaba\/#webpage"},"articleSection":"Not\u00edcias Piracicaba"},{"@type":"BreadcrumbList","@id":"https:\/\/www.encontrapiracicaba.com.br\/sobre\/projeto-luz-arte-sera-realizado-pelo-quinto-ano-consecutivo-em-piracicaba\/#breadcrumblist","itemListElement":[{"@type":"ListItem","@id":"https:\/\/www.encontrapiracicaba.com.br\/sobre#listItem","position":1,"name":"In\u00edcio","item":"https:\/\/www.encontrapiracicaba.com.br\/sobre","nextItem":{"@type":"ListItem","@id":"https:\/\/www.encontrapiracicaba.com.br\/sobre\/noticias-em-piracicaba\/#listItem","name":"Not\u00edcias Piracicaba"}},{"@type":"ListItem","@id":"https:\/\/www.encontrapiracicaba.com.br\/sobre\/noticias-em-piracicaba\/#listItem","position":2,"name":"Not\u00edcias Piracicaba","item":"https:\/\/www.encontrapiracicaba.com.br\/sobre\/noticias-em-piracicaba\/","nextItem":{"@type":"ListItem","@id":"https:\/\/www.encontrapiracicaba.com.br\/sobre\/projeto-luz-arte-sera-realizado-pelo-quinto-ano-consecutivo-em-piracicaba\/#listItem","name":"Projeto Luz &#038; Arte ser\u00e1 realizado pelo quinto ano consecutivo em Piracicaba"},"previousItem":{"@type":"ListItem","@id":"https:\/\/www.encontrapiracicaba.com.br\/sobre#listItem","name":"In\u00edcio"}},{"@type":"ListItem","@id":"https:\/\/www.encontrapiracicaba.com.br\/sobre\/projeto-luz-arte-sera-realizado-pelo-quinto-ano-consecutivo-em-piracicaba\/#listItem","position":3,"name":"Projeto Luz &#038; Arte ser\u00e1 realizado pelo quinto ano consecutivo em Piracicaba","previousItem":{"@type":"ListItem","@id":"https:\/\/www.encontrapiracicaba.com.br\/sobre\/noticias-em-piracicaba\/#listItem","name":"Not\u00edcias Piracicaba"}}]},{"@type":"Organization","@id":"https:\/\/www.encontrapiracicaba.com.br\/sobre\/#organization","name":"Encontra Piracicaba","description":"Not\u00edcias, eventos, informa\u00e7\u00f5es e dicas na cidade de Piracicaba e regi\u00e3o","url":"https:\/\/www.encontrapiracicaba.com.br\/sobre\/"},{"@type":"Person","@id":"https:\/\/www.encontrapiracicaba.com.br\/sobre\/author\/epiracicaba\/#author","url":"https:\/\/www.encontrapiracicaba.com.br\/sobre\/author\/epiracicaba\/","name":"Encontra Piracicaba","image":{"@type":"ImageObject","@id":"https:\/\/www.encontrapiracicaba.com.br\/sobre\/projeto-luz-arte-sera-realizado-pelo-quinto-ano-consecutivo-em-piracicaba\/#authorImage","url":"https:\/\/secure.gravatar.com\/avatar\/507340682b8270222e1f208e23198b6ae7e2c6a1033ae84e99bc6bce4f82a387?s=96&d=mm&r=g","width":96,"height":96,"caption":"Encontra Piracicaba"}},{"@type":"WebPage","@id":"https:\/\/www.encontrapiracicaba.com.br\/sobre\/projeto-luz-arte-sera-realizado-pelo-quinto-ano-consecutivo-em-piracicaba\/#webpage","url":"https:\/\/www.encontrapiracicaba.com.br\/sobre\/projeto-luz-arte-sera-realizado-pelo-quinto-ano-consecutivo-em-piracicaba\/","name":"Projeto Luz & Arte ser\u00e1 realizado pelo quinto ano consecutivo em Piracicaba | Encontra Piracicaba","inLanguage":"pt-BR","isPartOf":{"@id":"https:\/\/www.encontrapiracicaba.com.br\/sobre\/#website"},"breadcrumb":{"@id":"https:\/\/www.encontrapiracicaba.com.br\/sobre\/projeto-luz-arte-sera-realizado-pelo-quinto-ano-consecutivo-em-piracicaba\/#breadcrumblist"},"author":{"@id":"https:\/\/www.encontrapiracicaba.com.br\/sobre\/author\/epiracicaba\/#author"},"creator":{"@id":"https:\/\/www.encontrapiracicaba.com.br\/sobre\/author\/epiracicaba\/#author"},"datePublished":"2013-11-19T12:47:21-03:00","dateModified":"2019-04-12T16:01:59-03:00"},{"@type":"WebSite","@id":"https:\/\/www.encontrapiracicaba.com.br\/sobre\/#website","url":"https:\/\/www.encontrapiracicaba.com.br\/sobre\/","name":"Encontra Piracicaba","description":"Not\u00edcias, eventos, informa\u00e7\u00f5es e dicas na cidade de Piracicaba e regi\u00e3o","inLanguage":"pt-BR","publisher":{"@id":"https:\/\/www.encontrapiracicaba.com.br\/sobre\/#organization"}}]},"og:locale":"pt_BR","og:site_name":"Encontra Piracicaba | Not\u00edcias, eventos, informa\u00e7\u00f5es e dicas na cidade de Piracicaba e regi\u00e3o","og:type":"article","og:title":"Projeto Luz &amp; Arte ser\u00e1 realizado pelo quinto ano consecutivo em Piracicaba | Encontra Piracicaba","og:url":"https:\/\/www.encontrapiracicaba.com.br\/sobre\/projeto-luz-arte-sera-realizado-pelo-quinto-ano-consecutivo-em-piracicaba\/","article:published_time":"2013-11-19T15:47:21+00:00","article:modified_time":"2019-04-12T19:01:59+00:00","twitter:card":"summary","twitter:title":"Projeto Luz &amp; Arte ser\u00e1 realizado pelo quinto ano consecutivo em Piracicaba | Encontra Piracicaba"},"aioseo_meta_data":{"post_id":"2630","title":null,"description":null,"keywords":null,"keyphrases":null,"primary_term":null,"canonical_url":null,"og_title":null,"og_description":null,"og_object_type":"default","og_image_type":"default","og_image_url":null,"og_image_width":null,"og_image_height":null,"og_image_custom_url":null,"og_image_custom_fields":null,"og_video":null,"og_custom_url":null,"og_article_section":null,"og_article_tags":null,"twitter_use_og":false,"twitter_card":"default","twitter_image_type":"default","twitter_image_url":null,"twitter_image_custom_url":null,"twitter_image_custom_fields":null,"twitter_title":null,"twitter_description":null,"schema":{"blockGraphs":[],"customGraphs":[],"default":{"data":{"Article":[],"Course":[],"Dataset":[],"FAQPage":[],"Movie":[],"Person":[],"Product":[],"ProductReview":[],"Car":[],"Recipe":[],"Service":[],"SoftwareApplication":[],"WebPage":[]},"graphName":"Article","isEnabled":true},"graphs":[]},"schema_type":null,"schema_type_options":null,"pillar_content":false,"robots_default":true,"robots_noindex":false,"robots_noarchive":false,"robots_nosnippet":false,"robots_nofollow":false,"robots_noimageindex":false,"robots_noodp":false,"robots_notranslate":false,"robots_max_snippet":null,"robots_max_videopreview":null,"robots_max_imagepreview":"large","priority":null,"frequency":null,"local_seo":null,"breadcrumb_settings":null,"limit_modified_date":false,"ai":null,"created":"2021-08-13 20:39:43","updated":"2025-10-04 04:06:08","focus_keyword":null,"additional_keywords":null,"truseo_locale":null,"seo_analyzer_scan_date":null},"aioseo_breadcrumb":"<div class=\"aioseo-breadcrumbs\"><span class=\"aioseo-breadcrumb\">\n\t\t\t<a href=\"https:\/\/www.encontrapiracicaba.com.br\/sobre\" title=\"In\u00edcio\">In\u00edcio<\/a>\n\t\t<\/span><span class=\"aioseo-breadcrumb-separator\">&raquo;<\/span><span class=\"aioseo-breadcrumb\">\n\t\t\t<a href=\"https:\/\/www.encontrapiracicaba.com.br\/sobre\/noticias-em-piracicaba\/\" title=\"Not\u00edcias Piracicaba\">Not\u00edcias Piracicaba<\/a>\n\t\t<\/span><span class=\"aioseo-breadcrumb-separator\">&raquo;<\/span><span class=\"aioseo-breadcrumb\">\n\t\t\tProjeto Luz &amp; Arte ser\u00e1 realizado pelo quinto ano consecutivo em Piracicaba\n\t\t<\/span><\/div>","aioseo_breadcrumb_json":[{"label":"In\u00edcio","link":"https:\/\/www.encontrapiracicaba.com.br\/sobre"},{"label":"Not\u00edcias Piracicaba","link":"https:\/\/www.encontrapiracicaba.com.br\/sobre\/noticias-em-piracicaba\/"},{"label":"Projeto Luz &#038; Arte ser\u00e1 realizado pelo quinto ano consecutivo em Piracicaba","link":"https:\/\/www.encontrapiracicaba.com.br\/sobre\/projeto-luz-arte-sera-realizado-pelo-quinto-ano-consecutivo-em-piracicaba\/"}],"_links":{"self":[{"href":"https:\/\/www.encontrapiracicaba.com.br\/sobre\/wp-json\/wp\/v2\/posts\/2630","targetHints":{"allow":["GET"]}}],"collection":[{"href":"https:\/\/www.encontrapiracicaba.com.br\/sobre\/wp-json\/wp\/v2\/posts"}],"about":[{"href":"https:\/\/www.encontrapiracicaba.com.br\/sobre\/wp-json\/wp\/v2\/types\/post"}],"author":[{"embeddable":true,"href":"https:\/\/www.encontrapiracicaba.com.br\/sobre\/wp-json\/wp\/v2\/users\/1"}],"replies":[{"embeddable":true,"href":"https:\/\/www.encontrapiracicaba.com.br\/sobre\/wp-json\/wp\/v2\/comments?post=2630"}],"version-history":[{"count":1,"href":"https:\/\/www.encontrapiracicaba.com.br\/sobre\/wp-json\/wp\/v2\/posts\/2630\/revisions"}],"predecessor-version":[{"id":2631,"href":"https:\/\/www.encontrapiracicaba.com.br\/sobre\/wp-json\/wp\/v2\/posts\/2630\/revisions\/2631"}],"wp:attachment":[{"href":"https:\/\/www.encontrapiracicaba.com.br\/sobre\/wp-json\/wp\/v2\/media?parent=2630"}],"wp:term":[{"taxonomy":"category","embeddable":true,"href":"https:\/\/www.encontrapiracicaba.com.br\/sobre\/wp-json\/wp\/v2\/categories?post=2630"},{"taxonomy":"post_tag","embeddable":true,"href":"https:\/\/www.encontrapiracicaba.com.br\/sobre\/wp-json\/wp\/v2\/tags?post=2630"}],"curies":[{"name":"wp","href":"https:\/\/api.w.org\/{rel}","templated":true}]}}