{"id":2642,"date":"2014-01-09T15:19:16","date_gmt":"2014-01-09T18:19:16","guid":{"rendered":"http:\/\/www.encontrapiracicaba.com.br\/noticias\/?p=2642"},"modified":"2019-04-12T16:01:59","modified_gmt":"2019-04-12T19:01:59","slug":"criancas-e-adolescentes-participam-do-projeto-ferias-2014-em-piracicaba","status":"publish","type":"post","link":"https:\/\/www.encontrapiracicaba.com.br\/sobre\/criancas-e-adolescentes-participam-do-projeto-ferias-2014-em-piracicaba\/","title":{"rendered":"Crian\u00e7as e adolescentes participam do Projeto F\u00e9rias 2014 em Piracicaba"},"content":{"rendered":"<div class=\"85df007ed5c0c4d4b453fd13a37855e8\" data-index=\"1\" style=\"float: none; margin:0px;\">\n<!-- Anuncio display - global -->\r\n<ins class=\"adsbygoogle\"\r\n     style=\"display:block\"\r\n     data-ad-client=\"ca-pub-8585364105181520\"\r\n     data-ad-slot=\"8789329856\"\r\n     data-ad-format=\"auto\"\r\n     data-full-width-responsive=\"true\"><\/ins>\r\n<script>\r\n     (adsbygoogle = window.adsbygoogle || []).push({});\r\n<\/script>\n<\/div>\n<p>Centenas de crian\u00e7as e adolescentes participaram do Projeto F\u00e9rias 2014 promovido pela Secretaria Municipal de Esportes, Lazer e Atividades Motoras (Selam) e realizado em parceria com o SEST\/SENAT e Associa\u00e7\u00e3o dos Funcion\u00e1rios P\u00fablicos. Promovido anualmente, o evento tem por objetivo proporcionar atividades l\u00fadicas e educativas para crian\u00e7as e jovens em f\u00e9rias escolares e ser\u00e1 realizado de 6 a 24 de janeiro.<\/p>\n<p>Nesta semana as atividades ser\u00e3o realizadas no SEST\/SENAT das 8h30 \u00e0s 11h30 e das 13h30 \u00e0s 16h30 e a as inscri\u00e7\u00f5es podem ser feitas no pr\u00f3prio local, por\u00e9m, com a presen\u00e7a de um respons\u00e1vel. A partir do dia 13 e at\u00e9 o dia 24 o projeto ocorre na Associa\u00e7\u00e3o dos Funcion\u00e1rios P\u00fablicos Municipais.<\/p>\n<p>O SEST\/SENAT est\u00e1 localizado na Rua Rossini Pinto,200 no Jardim Panorama. O Projeto F\u00e9rias tem como coordenadores Denise Schiavinato Claudino e Cl\u00e9vis Spada e conta com programa\u00e7\u00e3o diversificada como contadores de hist\u00f3rias, pinturas, nata\u00e7\u00e3o, voleibol, basquete, futebol, dama, domin\u00f3, t\u00eanis de mesa, cama el\u00e1stica , bal\u00f5es infl\u00e1veis, piscina de bolinha. Todas as atividades s\u00e3o gratuitas, divididas por faixa et\u00e1ria e monitoradas por professores especializados.<\/p>\n<p>De acordo com Spada, devido a temperatura alta registrada nos \u00faltimos dias, a piscina tem sido em dos locais mais frequentados pelos participantes. \u201cO pebolim \u00e9 outra atividade bastante procurada\u201d, ressaltou. Em 2013, foram mais de 3,5 mil atendimentos realizados durante as tr\u00eas semanas do projeto<\/p>\n\n<div style=\"font-size: 0px; height: 0px; line-height: 0px; margin: 0; padding: 0; clear: both;\"><\/div>","protected":false},"excerpt":{"rendered":"<p>Centenas de crian\u00e7as e adolescentes participaram do Projeto F\u00e9rias 2014 promovido pela Secretaria Municipal de Esportes, Lazer e Atividades Motoras (Selam) e realizado em parceria com o SEST\/SENAT e Associa\u00e7\u00e3o dos Funcion\u00e1rios P\u00fablicos. Promovido anualmente, o evento tem por objetivo proporcionar atividades l\u00fadicas e educativas para crian\u00e7as e jovens em f\u00e9rias escolares e ser\u00e1 realizado de 6 a 24 de janeiro. Nesta semana as atividades ser\u00e3o realizadas no SEST\/SENAT das 8h30 \u00e0s 11h30 e das 13h30 \u00e0s 16h30 e a as inscri\u00e7\u00f5es podem ser feitas no pr\u00f3prio local, por\u00e9m, com a presen\u00e7a de um respons\u00e1vel. A partir do dia 13 <\/p>\n","protected":false},"author":1,"featured_media":0,"comment_status":"open","ping_status":"closed","sticky":false,"template":"","format":"standard","meta":{"footnotes":""},"categories":[6],"tags":[],"class_list":["post-2642","post","type-post","status-publish","format-standard","hentry","category-noticias-em-piracicaba"],"aioseo_notices":[],"aioseo_head":"\n\t\t<!-- All in One SEO 5.0.0.1 - aioseo.com -->\n\t<meta name=\"robots\" content=\"max-image-preview:large\" \/>\n\t<meta name=\"author\" content=\"Encontra Piracicaba\"\/>\n\t<link rel=\"canonical\" href=\"https:\/\/www.encontrapiracicaba.com.br\/sobre\/criancas-e-adolescentes-participam-do-projeto-ferias-2014-em-piracicaba\/\" \/>\n\t<meta name=\"generator\" content=\"All in One SEO (AIOSEO) 5.0.0.1\" \/>\n\t\t<meta property=\"og:locale\" content=\"pt_BR\" \/>\n\t\t<meta property=\"og:site_name\" content=\"Encontra Piracicaba | Not\u00edcias, eventos, informa\u00e7\u00f5es e dicas na cidade de Piracicaba e regi\u00e3o\" \/>\n\t\t<meta property=\"og:type\" content=\"article\" \/>\n\t\t<meta property=\"og:title\" content=\"Crian\u00e7as e adolescentes participam do Projeto F\u00e9rias 2014 em Piracicaba | Encontra Piracicaba\" \/>\n\t\t<meta property=\"og:url\" content=\"https:\/\/www.encontrapiracicaba.com.br\/sobre\/criancas-e-adolescentes-participam-do-projeto-ferias-2014-em-piracicaba\/\" \/>\n\t\t<meta property=\"article:published_time\" content=\"2014-01-09T18:19:16+00:00\" \/>\n\t\t<meta property=\"article:modified_time\" content=\"2019-04-12T19:01:59+00:00\" \/>\n\t\t<meta name=\"twitter:card\" content=\"summary\" \/>\n\t\t<meta name=\"twitter:title\" content=\"Crian\u00e7as e adolescentes participam do Projeto F\u00e9rias 2014 em Piracicaba | Encontra Piracicaba\" \/>\n\t\t<script type=\"application\/ld+json\" class=\"aioseo-schema\">\n\t\t\t{\"@context\":\"https:\\\/\\\/schema.org\",\"@graph\":[{\"@type\":\"Article\",\"@id\":\"https:\\\/\\\/www.encontrapiracicaba.com.br\\\/sobre\\\/criancas-e-adolescentes-participam-do-projeto-ferias-2014-em-piracicaba\\\/#article\",\"name\":\"Crian\\u00e7as e adolescentes participam do Projeto F\\u00e9rias 2014 em Piracicaba | Encontra Piracicaba\",\"headline\":\"Crian\\u00e7as e adolescentes participam do Projeto F\\u00e9rias 2014 em Piracicaba\",\"author\":{\"@id\":\"https:\\\/\\\/www.encontrapiracicaba.com.br\\\/sobre\\\/author\\\/epiracicaba\\\/#author\"},\"publisher\":{\"@id\":\"https:\\\/\\\/www.encontrapiracicaba.com.br\\\/sobre\\\/#organization\"},\"datePublished\":\"2014-01-09T15:19:16-03:00\",\"dateModified\":\"2019-04-12T16:01:59-03:00\",\"inLanguage\":\"pt-BR\",\"mainEntityOfPage\":{\"@id\":\"https:\\\/\\\/www.encontrapiracicaba.com.br\\\/sobre\\\/criancas-e-adolescentes-participam-do-projeto-ferias-2014-em-piracicaba\\\/#webpage\"},\"isPartOf\":{\"@id\":\"https:\\\/\\\/www.encontrapiracicaba.com.br\\\/sobre\\\/criancas-e-adolescentes-participam-do-projeto-ferias-2014-em-piracicaba\\\/#webpage\"},\"articleSection\":\"Not\\u00edcias Piracicaba\"},{\"@type\":\"BreadcrumbList\",\"@id\":\"https:\\\/\\\/www.encontrapiracicaba.com.br\\\/sobre\\\/criancas-e-adolescentes-participam-do-projeto-ferias-2014-em-piracicaba\\\/#breadcrumblist\",\"itemListElement\":[{\"@type\":\"ListItem\",\"@id\":\"https:\\\/\\\/www.encontrapiracicaba.com.br\\\/sobre#listItem\",\"position\":1,\"name\":\"In\\u00edcio\",\"item\":\"https:\\\/\\\/www.encontrapiracicaba.com.br\\\/sobre\",\"nextItem\":{\"@type\":\"ListItem\",\"@id\":\"https:\\\/\\\/www.encontrapiracicaba.com.br\\\/sobre\\\/noticias-em-piracicaba\\\/#listItem\",\"name\":\"Not\\u00edcias Piracicaba\"}},{\"@type\":\"ListItem\",\"@id\":\"https:\\\/\\\/www.encontrapiracicaba.com.br\\\/sobre\\\/noticias-em-piracicaba\\\/#listItem\",\"position\":2,\"name\":\"Not\\u00edcias Piracicaba\",\"item\":\"https:\\\/\\\/www.encontrapiracicaba.com.br\\\/sobre\\\/noticias-em-piracicaba\\\/\",\"nextItem\":{\"@type\":\"ListItem\",\"@id\":\"https:\\\/\\\/www.encontrapiracicaba.com.br\\\/sobre\\\/criancas-e-adolescentes-participam-do-projeto-ferias-2014-em-piracicaba\\\/#listItem\",\"name\":\"Crian\\u00e7as e adolescentes participam do Projeto F\\u00e9rias 2014 em Piracicaba\"},\"previousItem\":{\"@type\":\"ListItem\",\"@id\":\"https:\\\/\\\/www.encontrapiracicaba.com.br\\\/sobre#listItem\",\"name\":\"In\\u00edcio\"}},{\"@type\":\"ListItem\",\"@id\":\"https:\\\/\\\/www.encontrapiracicaba.com.br\\\/sobre\\\/criancas-e-adolescentes-participam-do-projeto-ferias-2014-em-piracicaba\\\/#listItem\",\"position\":3,\"name\":\"Crian\\u00e7as e adolescentes participam do Projeto F\\u00e9rias 2014 em Piracicaba\",\"previousItem\":{\"@type\":\"ListItem\",\"@id\":\"https:\\\/\\\/www.encontrapiracicaba.com.br\\\/sobre\\\/noticias-em-piracicaba\\\/#listItem\",\"name\":\"Not\\u00edcias Piracicaba\"}}]},{\"@type\":\"Organization\",\"@id\":\"https:\\\/\\\/www.encontrapiracicaba.com.br\\\/sobre\\\/#organization\",\"name\":\"Encontra Piracicaba\",\"description\":\"Not\\u00edcias, eventos, informa\\u00e7\\u00f5es e dicas na cidade de Piracicaba e regi\\u00e3o\",\"url\":\"https:\\\/\\\/www.encontrapiracicaba.com.br\\\/sobre\\\/\"},{\"@type\":\"Person\",\"@id\":\"https:\\\/\\\/www.encontrapiracicaba.com.br\\\/sobre\\\/author\\\/epiracicaba\\\/#author\",\"url\":\"https:\\\/\\\/www.encontrapiracicaba.com.br\\\/sobre\\\/author\\\/epiracicaba\\\/\",\"name\":\"Encontra Piracicaba\",\"image\":{\"@type\":\"ImageObject\",\"@id\":\"https:\\\/\\\/www.encontrapiracicaba.com.br\\\/sobre\\\/criancas-e-adolescentes-participam-do-projeto-ferias-2014-em-piracicaba\\\/#authorImage\",\"url\":\"https:\\\/\\\/secure.gravatar.com\\\/avatar\\\/507340682b8270222e1f208e23198b6ae7e2c6a1033ae84e99bc6bce4f82a387?s=96&d=mm&r=g\",\"width\":96,\"height\":96,\"caption\":\"Encontra Piracicaba\"}},{\"@type\":\"WebPage\",\"@id\":\"https:\\\/\\\/www.encontrapiracicaba.com.br\\\/sobre\\\/criancas-e-adolescentes-participam-do-projeto-ferias-2014-em-piracicaba\\\/#webpage\",\"url\":\"https:\\\/\\\/www.encontrapiracicaba.com.br\\\/sobre\\\/criancas-e-adolescentes-participam-do-projeto-ferias-2014-em-piracicaba\\\/\",\"name\":\"Crian\\u00e7as e adolescentes participam do Projeto F\\u00e9rias 2014 em Piracicaba | Encontra Piracicaba\",\"inLanguage\":\"pt-BR\",\"isPartOf\":{\"@id\":\"https:\\\/\\\/www.encontrapiracicaba.com.br\\\/sobre\\\/#website\"},\"breadcrumb\":{\"@id\":\"https:\\\/\\\/www.encontrapiracicaba.com.br\\\/sobre\\\/criancas-e-adolescentes-participam-do-projeto-ferias-2014-em-piracicaba\\\/#breadcrumblist\"},\"author\":{\"@id\":\"https:\\\/\\\/www.encontrapiracicaba.com.br\\\/sobre\\\/author\\\/epiracicaba\\\/#author\"},\"creator\":{\"@id\":\"https:\\\/\\\/www.encontrapiracicaba.com.br\\\/sobre\\\/author\\\/epiracicaba\\\/#author\"},\"datePublished\":\"2014-01-09T15:19:16-03:00\",\"dateModified\":\"2019-04-12T16:01:59-03:00\"},{\"@type\":\"WebSite\",\"@id\":\"https:\\\/\\\/www.encontrapiracicaba.com.br\\\/sobre\\\/#website\",\"url\":\"https:\\\/\\\/www.encontrapiracicaba.com.br\\\/sobre\\\/\",\"name\":\"Encontra Piracicaba\",\"description\":\"Not\\u00edcias, eventos, informa\\u00e7\\u00f5es e dicas na cidade de Piracicaba e regi\\u00e3o\",\"inLanguage\":\"pt-BR\",\"publisher\":{\"@id\":\"https:\\\/\\\/www.encontrapiracicaba.com.br\\\/sobre\\\/#organization\"}}]}\n\t\t<\/script>\n\t\t<!-- All in One SEO -->\n\n","aioseo_head_json":{"title":"Crian\u00e7as e adolescentes participam do Projeto F\u00e9rias 2014 em Piracicaba | Encontra Piracicaba","description":"","canonical_url":"https:\/\/www.encontrapiracicaba.com.br\/sobre\/criancas-e-adolescentes-participam-do-projeto-ferias-2014-em-piracicaba\/","robots":"max-image-preview:large","keywords":"","webmasterTools":{"miscellaneous":""},"schema":{"@context":"https:\/\/schema.org","@graph":[{"@type":"Article","@id":"https:\/\/www.encontrapiracicaba.com.br\/sobre\/criancas-e-adolescentes-participam-do-projeto-ferias-2014-em-piracicaba\/#article","name":"Crian\u00e7as e adolescentes participam do Projeto F\u00e9rias 2014 em Piracicaba | Encontra Piracicaba","headline":"Crian\u00e7as e adolescentes participam do Projeto F\u00e9rias 2014 em Piracicaba","author":{"@id":"https:\/\/www.encontrapiracicaba.com.br\/sobre\/author\/epiracicaba\/#author"},"publisher":{"@id":"https:\/\/www.encontrapiracicaba.com.br\/sobre\/#organization"},"datePublished":"2014-01-09T15:19:16-03:00","dateModified":"2019-04-12T16:01:59-03:00","inLanguage":"pt-BR","mainEntityOfPage":{"@id":"https:\/\/www.encontrapiracicaba.com.br\/sobre\/criancas-e-adolescentes-participam-do-projeto-ferias-2014-em-piracicaba\/#webpage"},"isPartOf":{"@id":"https:\/\/www.encontrapiracicaba.com.br\/sobre\/criancas-e-adolescentes-participam-do-projeto-ferias-2014-em-piracicaba\/#webpage"},"articleSection":"Not\u00edcias Piracicaba"},{"@type":"BreadcrumbList","@id":"https:\/\/www.encontrapiracicaba.com.br\/sobre\/criancas-e-adolescentes-participam-do-projeto-ferias-2014-em-piracicaba\/#breadcrumblist","itemListElement":[{"@type":"ListItem","@id":"https:\/\/www.encontrapiracicaba.com.br\/sobre#listItem","position":1,"name":"In\u00edcio","item":"https:\/\/www.encontrapiracicaba.com.br\/sobre","nextItem":{"@type":"ListItem","@id":"https:\/\/www.encontrapiracicaba.com.br\/sobre\/noticias-em-piracicaba\/#listItem","name":"Not\u00edcias Piracicaba"}},{"@type":"ListItem","@id":"https:\/\/www.encontrapiracicaba.com.br\/sobre\/noticias-em-piracicaba\/#listItem","position":2,"name":"Not\u00edcias Piracicaba","item":"https:\/\/www.encontrapiracicaba.com.br\/sobre\/noticias-em-piracicaba\/","nextItem":{"@type":"ListItem","@id":"https:\/\/www.encontrapiracicaba.com.br\/sobre\/criancas-e-adolescentes-participam-do-projeto-ferias-2014-em-piracicaba\/#listItem","name":"Crian\u00e7as e adolescentes participam do Projeto F\u00e9rias 2014 em Piracicaba"},"previousItem":{"@type":"ListItem","@id":"https:\/\/www.encontrapiracicaba.com.br\/sobre#listItem","name":"In\u00edcio"}},{"@type":"ListItem","@id":"https:\/\/www.encontrapiracicaba.com.br\/sobre\/criancas-e-adolescentes-participam-do-projeto-ferias-2014-em-piracicaba\/#listItem","position":3,"name":"Crian\u00e7as e adolescentes participam do Projeto F\u00e9rias 2014 em Piracicaba","previousItem":{"@type":"ListItem","@id":"https:\/\/www.encontrapiracicaba.com.br\/sobre\/noticias-em-piracicaba\/#listItem","name":"Not\u00edcias Piracicaba"}}]},{"@type":"Organization","@id":"https:\/\/www.encontrapiracicaba.com.br\/sobre\/#organization","name":"Encontra Piracicaba","description":"Not\u00edcias, eventos, informa\u00e7\u00f5es e dicas na cidade de Piracicaba e regi\u00e3o","url":"https:\/\/www.encontrapiracicaba.com.br\/sobre\/"},{"@type":"Person","@id":"https:\/\/www.encontrapiracicaba.com.br\/sobre\/author\/epiracicaba\/#author","url":"https:\/\/www.encontrapiracicaba.com.br\/sobre\/author\/epiracicaba\/","name":"Encontra Piracicaba","image":{"@type":"ImageObject","@id":"https:\/\/www.encontrapiracicaba.com.br\/sobre\/criancas-e-adolescentes-participam-do-projeto-ferias-2014-em-piracicaba\/#authorImage","url":"https:\/\/secure.gravatar.com\/avatar\/507340682b8270222e1f208e23198b6ae7e2c6a1033ae84e99bc6bce4f82a387?s=96&d=mm&r=g","width":96,"height":96,"caption":"Encontra Piracicaba"}},{"@type":"WebPage","@id":"https:\/\/www.encontrapiracicaba.com.br\/sobre\/criancas-e-adolescentes-participam-do-projeto-ferias-2014-em-piracicaba\/#webpage","url":"https:\/\/www.encontrapiracicaba.com.br\/sobre\/criancas-e-adolescentes-participam-do-projeto-ferias-2014-em-piracicaba\/","name":"Crian\u00e7as e adolescentes participam do Projeto F\u00e9rias 2014 em Piracicaba | Encontra Piracicaba","inLanguage":"pt-BR","isPartOf":{"@id":"https:\/\/www.encontrapiracicaba.com.br\/sobre\/#website"},"breadcrumb":{"@id":"https:\/\/www.encontrapiracicaba.com.br\/sobre\/criancas-e-adolescentes-participam-do-projeto-ferias-2014-em-piracicaba\/#breadcrumblist"},"author":{"@id":"https:\/\/www.encontrapiracicaba.com.br\/sobre\/author\/epiracicaba\/#author"},"creator":{"@id":"https:\/\/www.encontrapiracicaba.com.br\/sobre\/author\/epiracicaba\/#author"},"datePublished":"2014-01-09T15:19:16-03:00","dateModified":"2019-04-12T16:01:59-03:00"},{"@type":"WebSite","@id":"https:\/\/www.encontrapiracicaba.com.br\/sobre\/#website","url":"https:\/\/www.encontrapiracicaba.com.br\/sobre\/","name":"Encontra Piracicaba","description":"Not\u00edcias, eventos, informa\u00e7\u00f5es e dicas na cidade de Piracicaba e regi\u00e3o","inLanguage":"pt-BR","publisher":{"@id":"https:\/\/www.encontrapiracicaba.com.br\/sobre\/#organization"}}]},"og:locale":"pt_BR","og:site_name":"Encontra Piracicaba | Not\u00edcias, eventos, informa\u00e7\u00f5es e dicas na cidade de Piracicaba e regi\u00e3o","og:type":"article","og:title":"Crian\u00e7as e adolescentes participam do Projeto F\u00e9rias 2014 em Piracicaba | Encontra Piracicaba","og:url":"https:\/\/www.encontrapiracicaba.com.br\/sobre\/criancas-e-adolescentes-participam-do-projeto-ferias-2014-em-piracicaba\/","article:published_time":"2014-01-09T18:19:16+00:00","article:modified_time":"2019-04-12T19:01:59+00:00","twitter:card":"summary","twitter:title":"Crian\u00e7as e adolescentes participam do Projeto F\u00e9rias 2014 em Piracicaba | Encontra Piracicaba"},"aioseo_meta_data":{"post_id":"2642","title":null,"description":null,"keywords":null,"keyphrases":null,"primary_term":null,"canonical_url":null,"og_title":null,"og_description":null,"og_object_type":"default","og_image_type":"default","og_image_url":null,"og_image_width":null,"og_image_height":null,"og_image_custom_url":null,"og_image_custom_fields":null,"og_video":null,"og_custom_url":null,"og_article_section":null,"og_article_tags":null,"twitter_use_og":false,"twitter_card":"default","twitter_image_type":"default","twitter_image_url":null,"twitter_image_custom_url":null,"twitter_image_custom_fields":null,"twitter_title":null,"twitter_description":null,"schema":{"blockGraphs":[],"customGraphs":[],"default":{"data":{"Article":[],"Course":[],"Dataset":[],"FAQPage":[],"Movie":[],"Person":[],"Product":[],"ProductReview":[],"Car":[],"Recipe":[],"Service":[],"SoftwareApplication":[],"WebPage":[]},"graphName":"Article","isEnabled":true},"graphs":[]},"schema_type":null,"schema_type_options":null,"pillar_content":false,"robots_default":true,"robots_noindex":false,"robots_noarchive":false,"robots_nosnippet":false,"robots_nofollow":false,"robots_noimageindex":false,"robots_noodp":false,"robots_notranslate":false,"robots_max_snippet":null,"robots_max_videopreview":null,"robots_max_imagepreview":"large","priority":null,"frequency":null,"local_seo":null,"breadcrumb_settings":null,"limit_modified_date":false,"ai":null,"created":"2021-08-13 20:31:29","updated":"2025-10-04 04:06:08","focus_keyword":null,"additional_keywords":null,"truseo_locale":null,"seo_analyzer_scan_date":null},"aioseo_breadcrumb":"<div class=\"aioseo-breadcrumbs\"><span class=\"aioseo-breadcrumb\">\n\t\t\t<a href=\"https:\/\/www.encontrapiracicaba.com.br\/sobre\" title=\"In\u00edcio\">In\u00edcio<\/a>\n\t\t<\/span><span class=\"aioseo-breadcrumb-separator\">&raquo;<\/span><span class=\"aioseo-breadcrumb\">\n\t\t\t<a href=\"https:\/\/www.encontrapiracicaba.com.br\/sobre\/noticias-em-piracicaba\/\" title=\"Not\u00edcias Piracicaba\">Not\u00edcias Piracicaba<\/a>\n\t\t<\/span><span class=\"aioseo-breadcrumb-separator\">&raquo;<\/span><span class=\"aioseo-breadcrumb\">\n\t\t\tCrian\u00e7as e adolescentes participam do Projeto F\u00e9rias 2014 em Piracicaba\n\t\t<\/span><\/div>","aioseo_breadcrumb_json":[{"label":"In\u00edcio","link":"https:\/\/www.encontrapiracicaba.com.br\/sobre"},{"label":"Not\u00edcias Piracicaba","link":"https:\/\/www.encontrapiracicaba.com.br\/sobre\/noticias-em-piracicaba\/"},{"label":"Crian\u00e7as e adolescentes participam do Projeto F\u00e9rias 2014 em Piracicaba","link":"https:\/\/www.encontrapiracicaba.com.br\/sobre\/criancas-e-adolescentes-participam-do-projeto-ferias-2014-em-piracicaba\/"}],"_links":{"self":[{"href":"https:\/\/www.encontrapiracicaba.com.br\/sobre\/wp-json\/wp\/v2\/posts\/2642","targetHints":{"allow":["GET"]}}],"collection":[{"href":"https:\/\/www.encontrapiracicaba.com.br\/sobre\/wp-json\/wp\/v2\/posts"}],"about":[{"href":"https:\/\/www.encontrapiracicaba.com.br\/sobre\/wp-json\/wp\/v2\/types\/post"}],"author":[{"embeddable":true,"href":"https:\/\/www.encontrapiracicaba.com.br\/sobre\/wp-json\/wp\/v2\/users\/1"}],"replies":[{"embeddable":true,"href":"https:\/\/www.encontrapiracicaba.com.br\/sobre\/wp-json\/wp\/v2\/comments?post=2642"}],"version-history":[{"count":1,"href":"https:\/\/www.encontrapiracicaba.com.br\/sobre\/wp-json\/wp\/v2\/posts\/2642\/revisions"}],"predecessor-version":[{"id":2643,"href":"https:\/\/www.encontrapiracicaba.com.br\/sobre\/wp-json\/wp\/v2\/posts\/2642\/revisions\/2643"}],"wp:attachment":[{"href":"https:\/\/www.encontrapiracicaba.com.br\/sobre\/wp-json\/wp\/v2\/media?parent=2642"}],"wp:term":[{"taxonomy":"category","embeddable":true,"href":"https:\/\/www.encontrapiracicaba.com.br\/sobre\/wp-json\/wp\/v2\/categories?post=2642"},{"taxonomy":"post_tag","embeddable":true,"href":"https:\/\/www.encontrapiracicaba.com.br\/sobre\/wp-json\/wp\/v2\/tags?post=2642"}],"curies":[{"name":"wp","href":"https:\/\/api.w.org\/{rel}","templated":true}]}}