{"id":320,"date":"2011-06-13T11:42:32","date_gmt":"2011-06-13T14:42:32","guid":{"rendered":"http:\/\/www.encontrapiracicaba.com.br\/noticias\/?p=320"},"modified":"2019-04-12T16:07:52","modified_gmt":"2019-04-12T19:07:52","slug":"dia-do-padroeiro-de-piracicaba-movimenta-a-catedral","status":"publish","type":"post","link":"https:\/\/www.encontrapiracicaba.com.br\/sobre\/dia-do-padroeiro-de-piracicaba-movimenta-a-catedral\/","title":{"rendered":"Dia do padroeiro de Piracicaba movimenta a Catedral"},"content":{"rendered":"<div class=\"85df007ed5c0c4d4b453fd13a37855e8\" data-index=\"1\" style=\"float: none; margin:0px;\">\n<!-- Anuncio display - global -->\r\n<ins class=\"adsbygoogle\"\r\n     style=\"display:block\"\r\n     data-ad-client=\"ca-pub-8585364105181520\"\r\n     data-ad-slot=\"8789329856\"\r\n     data-ad-format=\"auto\"\r\n     data-full-width-responsive=\"true\"><\/ins>\r\n<script>\r\n     (adsbygoogle = window.adsbygoogle || []).push({});\r\n<\/script>\n<\/div>\n<p>A movimenta\u00e7\u00e3o\u00a0estava grande\u00a0para comprar e retirar o famoso bolo de  Santo Ant\u00f4nio na manh\u00e3 desta segunda-feira (13), na Catedral da cidade de  Piracicaba. Conhecido por providenciar os encontros amorosos e auxiliar  na busca de objetos perdidos, o santo atrai fi\u00e9is novos e antigos.<\/p>\n<p>Kelly Fernanda Campos, de 28 anos, foi comprar o bolo pela primeira  para comer junto com o namorado. \u201cEu vim em busca de um empurr\u00e3ozinho  para casar, n\u00e9\u201d, ri a mo\u00e7a que namora h\u00e1 dois anos.<\/p>\n<p>H\u00e1 tamb\u00e9m que compre o bolo por tradi\u00e7\u00e3o. Jos\u00e9 Alberio de Lima, que  levou quatro peda\u00e7os do bolo, \u00e9 um deles. \u201cEu sempre compro dois bolos  para dar de presente, levo um para minha sobrinha e outro para minha  casa, isso j\u00e1 h\u00e1 15 anos\u201d, conta.<\/p>\n<p>O motivo? \u201cAl\u00e9m de ser um bolo gostoso, eu compro para ajudar a  comunidade; \u00e9 um compromisso, nesse dia eu nem vou \u00e0 ch\u00e1cara para vir  aqui\u201d, ressalta Lima.<\/p>\n<p>O bolo que mede 180 metros quadrados e pesa quatro toneladas ser\u00e1  vendido at\u00e9 \u00e0s 12h da segunda-feira (13), a R$ 13 reais o peda\u00e7o de um  quilo.<\/p>\n<p><strong>Volunt\u00e1rio<\/strong><br \/>\nEste \u00e9 o s\u00e9timo ano que o estudante Luiz Antonio Andia, de 17 anos,  ajuda no corte e distribui\u00e7\u00e3o do bolo de Santo Ant\u00f4nio, ao lado da  fam\u00edlia. Depois de trabalhar at\u00e9 \u00e0s 4h da madrugada desta segunda-feira  (13), o jovem dormiu duas horas e l\u00e1 estava ele com a mesma disposi\u00e7\u00e3o.  \u201cEu venho pelo prazer de ajudar\u201d, conta apressado.<\/p>\n<p>A m\u00e3e, orgulhosa, conta que a fam\u00edlia sempre participa das atividades  da igreja. \u201cDepois que a gente come\u00e7a a ajudar, n\u00e3o consegue mais  largar\u201d, relata Ros\u00e2ngela Zandon\u00e1 Andia. E o cansa\u00e7o? \u201cN\u00e3o sei explicar o  que acontece, mas parece que ele some, estamos em p\u00e9 aqui, firmes e  fortes\u201d, garante.<\/p>\n<p>Sueli Viscovo Carnio corta o bolo de Santo Ant\u00f4nio h\u00e1 18 anos. Esposa  do respons\u00e1vel por toda a produ\u00e7\u00e3o, Valter Jos\u00e9 Carnio, estava de p\u00e9  desde \u00e0s 4h. \u201cA gente j\u00e1 recebeu tantas gra\u00e7as que esse trabalho \u00e9 at\u00e9  pequeno para agradecer\u201d, afirma.<\/p>\n<p><strong>Pesquisa<\/strong><br \/>\nPela primeira vez em 22 anos de tradi\u00e7\u00e3o, o bolo de Santo Ant\u00f4nio vai  passar por um controle de qualidade. A volunt\u00e1ria Maria Concei\u00e7\u00e3o  Bortoleto vai fazer uma pesquisa para saber o que os compradores est\u00e3o  achando.<\/p>\n<p>\u201cEu estou pegando o contato de muitos deles, de v\u00e1rias classes  sociais, e depois vamos ligar para ouvi-los. A inten\u00e7\u00e3o \u00e9 saber como  podemos melhorar o bolo\u201d, revela. A solicita\u00e7\u00e3o foi feita pelo organizador, Valter Jos\u00e9 Carnio, que  ser\u00e1 o respons\u00e1vel tanto pelo resultado, quanto pelas mudan\u00e7as  necess\u00e1rias.<\/p>\n<p><em>Fonte: Eptv.com<\/em><\/p>\n\n<div style=\"font-size: 0px; height: 0px; line-height: 0px; margin: 0; padding: 0; clear: both;\"><\/div>","protected":false},"excerpt":{"rendered":"<p>A movimenta\u00e7\u00e3o\u00a0estava grande\u00a0para comprar e retirar o famoso bolo de Santo Ant\u00f4nio na manh\u00e3 desta segunda-feira (13), na Catedral da cidade de Piracicaba. Conhecido por providenciar os encontros amorosos e auxiliar na busca de objetos perdidos, o santo atrai fi\u00e9is novos e antigos. Kelly Fernanda Campos, de 28 anos, foi comprar o bolo pela primeira para comer junto com o namorado. \u201cEu vim em busca de um empurr\u00e3ozinho para casar, n\u00e9\u201d, ri a mo\u00e7a que namora h\u00e1 dois anos. H\u00e1 tamb\u00e9m que compre o bolo por tradi\u00e7\u00e3o. Jos\u00e9 Alberio de Lima, que levou quatro peda\u00e7os do bolo, \u00e9 um deles. <\/p>\n","protected":false},"author":1,"featured_media":0,"comment_status":"open","ping_status":"closed","sticky":false,"template":"","format":"standard","meta":{"footnotes":""},"categories":[6],"tags":[],"class_list":["post-320","post","type-post","status-publish","format-standard","hentry","category-noticias-em-piracicaba"],"aioseo_notices":[],"aioseo_head":"\n\t\t<!-- All in One SEO 5.0.0.1 - aioseo.com -->\n\t<meta name=\"robots\" content=\"max-image-preview:large\" \/>\n\t<meta name=\"author\" content=\"Encontra Piracicaba\"\/>\n\t<link rel=\"canonical\" href=\"https:\/\/www.encontrapiracicaba.com.br\/sobre\/dia-do-padroeiro-de-piracicaba-movimenta-a-catedral\/\" \/>\n\t<meta name=\"generator\" content=\"All in One SEO (AIOSEO) 5.0.0.1\" \/>\n\t\t<meta property=\"og:locale\" content=\"pt_BR\" \/>\n\t\t<meta property=\"og:site_name\" content=\"Encontra Piracicaba | Not\u00edcias, eventos, informa\u00e7\u00f5es e dicas na cidade de Piracicaba e regi\u00e3o\" \/>\n\t\t<meta property=\"og:type\" content=\"article\" \/>\n\t\t<meta property=\"og:title\" content=\"Dia do padroeiro de Piracicaba movimenta a Catedral | Encontra Piracicaba\" \/>\n\t\t<meta property=\"og:url\" content=\"https:\/\/www.encontrapiracicaba.com.br\/sobre\/dia-do-padroeiro-de-piracicaba-movimenta-a-catedral\/\" \/>\n\t\t<meta property=\"article:published_time\" content=\"2011-06-13T14:42:32+00:00\" \/>\n\t\t<meta property=\"article:modified_time\" content=\"2019-04-12T19:07:52+00:00\" \/>\n\t\t<meta name=\"twitter:card\" content=\"summary\" \/>\n\t\t<meta name=\"twitter:title\" content=\"Dia do padroeiro de Piracicaba movimenta a Catedral | Encontra Piracicaba\" \/>\n\t\t<script type=\"application\/ld+json\" class=\"aioseo-schema\">\n\t\t\t{\"@context\":\"https:\\\/\\\/schema.org\",\"@graph\":[{\"@type\":\"Article\",\"@id\":\"https:\\\/\\\/www.encontrapiracicaba.com.br\\\/sobre\\\/dia-do-padroeiro-de-piracicaba-movimenta-a-catedral\\\/#article\",\"name\":\"Dia do padroeiro de Piracicaba movimenta a Catedral | Encontra Piracicaba\",\"headline\":\"Dia do padroeiro de Piracicaba movimenta a Catedral\",\"author\":{\"@id\":\"https:\\\/\\\/www.encontrapiracicaba.com.br\\\/sobre\\\/author\\\/epiracicaba\\\/#author\"},\"publisher\":{\"@id\":\"https:\\\/\\\/www.encontrapiracicaba.com.br\\\/sobre\\\/#organization\"},\"datePublished\":\"2011-06-13T11:42:32-03:00\",\"dateModified\":\"2019-04-12T16:07:52-03:00\",\"inLanguage\":\"pt-BR\",\"mainEntityOfPage\":{\"@id\":\"https:\\\/\\\/www.encontrapiracicaba.com.br\\\/sobre\\\/dia-do-padroeiro-de-piracicaba-movimenta-a-catedral\\\/#webpage\"},\"isPartOf\":{\"@id\":\"https:\\\/\\\/www.encontrapiracicaba.com.br\\\/sobre\\\/dia-do-padroeiro-de-piracicaba-movimenta-a-catedral\\\/#webpage\"},\"articleSection\":\"Not\\u00edcias Piracicaba\"},{\"@type\":\"BreadcrumbList\",\"@id\":\"https:\\\/\\\/www.encontrapiracicaba.com.br\\\/sobre\\\/dia-do-padroeiro-de-piracicaba-movimenta-a-catedral\\\/#breadcrumblist\",\"itemListElement\":[{\"@type\":\"ListItem\",\"@id\":\"https:\\\/\\\/www.encontrapiracicaba.com.br\\\/sobre#listItem\",\"position\":1,\"name\":\"In\\u00edcio\",\"item\":\"https:\\\/\\\/www.encontrapiracicaba.com.br\\\/sobre\",\"nextItem\":{\"@type\":\"ListItem\",\"@id\":\"https:\\\/\\\/www.encontrapiracicaba.com.br\\\/sobre\\\/noticias-em-piracicaba\\\/#listItem\",\"name\":\"Not\\u00edcias Piracicaba\"}},{\"@type\":\"ListItem\",\"@id\":\"https:\\\/\\\/www.encontrapiracicaba.com.br\\\/sobre\\\/noticias-em-piracicaba\\\/#listItem\",\"position\":2,\"name\":\"Not\\u00edcias Piracicaba\",\"item\":\"https:\\\/\\\/www.encontrapiracicaba.com.br\\\/sobre\\\/noticias-em-piracicaba\\\/\",\"nextItem\":{\"@type\":\"ListItem\",\"@id\":\"https:\\\/\\\/www.encontrapiracicaba.com.br\\\/sobre\\\/dia-do-padroeiro-de-piracicaba-movimenta-a-catedral\\\/#listItem\",\"name\":\"Dia do padroeiro de Piracicaba movimenta a Catedral\"},\"previousItem\":{\"@type\":\"ListItem\",\"@id\":\"https:\\\/\\\/www.encontrapiracicaba.com.br\\\/sobre#listItem\",\"name\":\"In\\u00edcio\"}},{\"@type\":\"ListItem\",\"@id\":\"https:\\\/\\\/www.encontrapiracicaba.com.br\\\/sobre\\\/dia-do-padroeiro-de-piracicaba-movimenta-a-catedral\\\/#listItem\",\"position\":3,\"name\":\"Dia do padroeiro de Piracicaba movimenta a Catedral\",\"previousItem\":{\"@type\":\"ListItem\",\"@id\":\"https:\\\/\\\/www.encontrapiracicaba.com.br\\\/sobre\\\/noticias-em-piracicaba\\\/#listItem\",\"name\":\"Not\\u00edcias Piracicaba\"}}]},{\"@type\":\"Organization\",\"@id\":\"https:\\\/\\\/www.encontrapiracicaba.com.br\\\/sobre\\\/#organization\",\"name\":\"Encontra Piracicaba\",\"description\":\"Not\\u00edcias, eventos, informa\\u00e7\\u00f5es e dicas na cidade de Piracicaba e regi\\u00e3o\",\"url\":\"https:\\\/\\\/www.encontrapiracicaba.com.br\\\/sobre\\\/\"},{\"@type\":\"Person\",\"@id\":\"https:\\\/\\\/www.encontrapiracicaba.com.br\\\/sobre\\\/author\\\/epiracicaba\\\/#author\",\"url\":\"https:\\\/\\\/www.encontrapiracicaba.com.br\\\/sobre\\\/author\\\/epiracicaba\\\/\",\"name\":\"Encontra Piracicaba\",\"image\":{\"@type\":\"ImageObject\",\"@id\":\"https:\\\/\\\/www.encontrapiracicaba.com.br\\\/sobre\\\/dia-do-padroeiro-de-piracicaba-movimenta-a-catedral\\\/#authorImage\",\"url\":\"https:\\\/\\\/secure.gravatar.com\\\/avatar\\\/507340682b8270222e1f208e23198b6ae7e2c6a1033ae84e99bc6bce4f82a387?s=96&d=mm&r=g\",\"width\":96,\"height\":96,\"caption\":\"Encontra Piracicaba\"}},{\"@type\":\"WebPage\",\"@id\":\"https:\\\/\\\/www.encontrapiracicaba.com.br\\\/sobre\\\/dia-do-padroeiro-de-piracicaba-movimenta-a-catedral\\\/#webpage\",\"url\":\"https:\\\/\\\/www.encontrapiracicaba.com.br\\\/sobre\\\/dia-do-padroeiro-de-piracicaba-movimenta-a-catedral\\\/\",\"name\":\"Dia do padroeiro de Piracicaba movimenta a Catedral | Encontra Piracicaba\",\"inLanguage\":\"pt-BR\",\"isPartOf\":{\"@id\":\"https:\\\/\\\/www.encontrapiracicaba.com.br\\\/sobre\\\/#website\"},\"breadcrumb\":{\"@id\":\"https:\\\/\\\/www.encontrapiracicaba.com.br\\\/sobre\\\/dia-do-padroeiro-de-piracicaba-movimenta-a-catedral\\\/#breadcrumblist\"},\"author\":{\"@id\":\"https:\\\/\\\/www.encontrapiracicaba.com.br\\\/sobre\\\/author\\\/epiracicaba\\\/#author\"},\"creator\":{\"@id\":\"https:\\\/\\\/www.encontrapiracicaba.com.br\\\/sobre\\\/author\\\/epiracicaba\\\/#author\"},\"datePublished\":\"2011-06-13T11:42:32-03:00\",\"dateModified\":\"2019-04-12T16:07:52-03:00\"},{\"@type\":\"WebSite\",\"@id\":\"https:\\\/\\\/www.encontrapiracicaba.com.br\\\/sobre\\\/#website\",\"url\":\"https:\\\/\\\/www.encontrapiracicaba.com.br\\\/sobre\\\/\",\"name\":\"Encontra Piracicaba\",\"description\":\"Not\\u00edcias, eventos, informa\\u00e7\\u00f5es e dicas na cidade de Piracicaba e regi\\u00e3o\",\"inLanguage\":\"pt-BR\",\"publisher\":{\"@id\":\"https:\\\/\\\/www.encontrapiracicaba.com.br\\\/sobre\\\/#organization\"}}]}\n\t\t<\/script>\n\t\t<!-- All in One SEO -->\n\n","aioseo_head_json":{"title":"Dia do padroeiro de Piracicaba movimenta a Catedral | Encontra Piracicaba","description":"","canonical_url":"https:\/\/www.encontrapiracicaba.com.br\/sobre\/dia-do-padroeiro-de-piracicaba-movimenta-a-catedral\/","robots":"max-image-preview:large","keywords":"","webmasterTools":{"miscellaneous":""},"schema":{"@context":"https:\/\/schema.org","@graph":[{"@type":"Article","@id":"https:\/\/www.encontrapiracicaba.com.br\/sobre\/dia-do-padroeiro-de-piracicaba-movimenta-a-catedral\/#article","name":"Dia do padroeiro de Piracicaba movimenta a Catedral | Encontra Piracicaba","headline":"Dia do padroeiro de Piracicaba movimenta a Catedral","author":{"@id":"https:\/\/www.encontrapiracicaba.com.br\/sobre\/author\/epiracicaba\/#author"},"publisher":{"@id":"https:\/\/www.encontrapiracicaba.com.br\/sobre\/#organization"},"datePublished":"2011-06-13T11:42:32-03:00","dateModified":"2019-04-12T16:07:52-03:00","inLanguage":"pt-BR","mainEntityOfPage":{"@id":"https:\/\/www.encontrapiracicaba.com.br\/sobre\/dia-do-padroeiro-de-piracicaba-movimenta-a-catedral\/#webpage"},"isPartOf":{"@id":"https:\/\/www.encontrapiracicaba.com.br\/sobre\/dia-do-padroeiro-de-piracicaba-movimenta-a-catedral\/#webpage"},"articleSection":"Not\u00edcias Piracicaba"},{"@type":"BreadcrumbList","@id":"https:\/\/www.encontrapiracicaba.com.br\/sobre\/dia-do-padroeiro-de-piracicaba-movimenta-a-catedral\/#breadcrumblist","itemListElement":[{"@type":"ListItem","@id":"https:\/\/www.encontrapiracicaba.com.br\/sobre#listItem","position":1,"name":"In\u00edcio","item":"https:\/\/www.encontrapiracicaba.com.br\/sobre","nextItem":{"@type":"ListItem","@id":"https:\/\/www.encontrapiracicaba.com.br\/sobre\/noticias-em-piracicaba\/#listItem","name":"Not\u00edcias Piracicaba"}},{"@type":"ListItem","@id":"https:\/\/www.encontrapiracicaba.com.br\/sobre\/noticias-em-piracicaba\/#listItem","position":2,"name":"Not\u00edcias Piracicaba","item":"https:\/\/www.encontrapiracicaba.com.br\/sobre\/noticias-em-piracicaba\/","nextItem":{"@type":"ListItem","@id":"https:\/\/www.encontrapiracicaba.com.br\/sobre\/dia-do-padroeiro-de-piracicaba-movimenta-a-catedral\/#listItem","name":"Dia do padroeiro de Piracicaba movimenta a Catedral"},"previousItem":{"@type":"ListItem","@id":"https:\/\/www.encontrapiracicaba.com.br\/sobre#listItem","name":"In\u00edcio"}},{"@type":"ListItem","@id":"https:\/\/www.encontrapiracicaba.com.br\/sobre\/dia-do-padroeiro-de-piracicaba-movimenta-a-catedral\/#listItem","position":3,"name":"Dia do padroeiro de Piracicaba movimenta a Catedral","previousItem":{"@type":"ListItem","@id":"https:\/\/www.encontrapiracicaba.com.br\/sobre\/noticias-em-piracicaba\/#listItem","name":"Not\u00edcias Piracicaba"}}]},{"@type":"Organization","@id":"https:\/\/www.encontrapiracicaba.com.br\/sobre\/#organization","name":"Encontra Piracicaba","description":"Not\u00edcias, eventos, informa\u00e7\u00f5es e dicas na cidade de Piracicaba e regi\u00e3o","url":"https:\/\/www.encontrapiracicaba.com.br\/sobre\/"},{"@type":"Person","@id":"https:\/\/www.encontrapiracicaba.com.br\/sobre\/author\/epiracicaba\/#author","url":"https:\/\/www.encontrapiracicaba.com.br\/sobre\/author\/epiracicaba\/","name":"Encontra Piracicaba","image":{"@type":"ImageObject","@id":"https:\/\/www.encontrapiracicaba.com.br\/sobre\/dia-do-padroeiro-de-piracicaba-movimenta-a-catedral\/#authorImage","url":"https:\/\/secure.gravatar.com\/avatar\/507340682b8270222e1f208e23198b6ae7e2c6a1033ae84e99bc6bce4f82a387?s=96&d=mm&r=g","width":96,"height":96,"caption":"Encontra Piracicaba"}},{"@type":"WebPage","@id":"https:\/\/www.encontrapiracicaba.com.br\/sobre\/dia-do-padroeiro-de-piracicaba-movimenta-a-catedral\/#webpage","url":"https:\/\/www.encontrapiracicaba.com.br\/sobre\/dia-do-padroeiro-de-piracicaba-movimenta-a-catedral\/","name":"Dia do padroeiro de Piracicaba movimenta a Catedral | Encontra Piracicaba","inLanguage":"pt-BR","isPartOf":{"@id":"https:\/\/www.encontrapiracicaba.com.br\/sobre\/#website"},"breadcrumb":{"@id":"https:\/\/www.encontrapiracicaba.com.br\/sobre\/dia-do-padroeiro-de-piracicaba-movimenta-a-catedral\/#breadcrumblist"},"author":{"@id":"https:\/\/www.encontrapiracicaba.com.br\/sobre\/author\/epiracicaba\/#author"},"creator":{"@id":"https:\/\/www.encontrapiracicaba.com.br\/sobre\/author\/epiracicaba\/#author"},"datePublished":"2011-06-13T11:42:32-03:00","dateModified":"2019-04-12T16:07:52-03:00"},{"@type":"WebSite","@id":"https:\/\/www.encontrapiracicaba.com.br\/sobre\/#website","url":"https:\/\/www.encontrapiracicaba.com.br\/sobre\/","name":"Encontra Piracicaba","description":"Not\u00edcias, eventos, informa\u00e7\u00f5es e dicas na cidade de Piracicaba e regi\u00e3o","inLanguage":"pt-BR","publisher":{"@id":"https:\/\/www.encontrapiracicaba.com.br\/sobre\/#organization"}}]},"og:locale":"pt_BR","og:site_name":"Encontra Piracicaba | Not\u00edcias, eventos, informa\u00e7\u00f5es e dicas na cidade de Piracicaba e regi\u00e3o","og:type":"article","og:title":"Dia do padroeiro de Piracicaba movimenta a Catedral | Encontra Piracicaba","og:url":"https:\/\/www.encontrapiracicaba.com.br\/sobre\/dia-do-padroeiro-de-piracicaba-movimenta-a-catedral\/","article:published_time":"2011-06-13T14:42:32+00:00","article:modified_time":"2019-04-12T19:07:52+00:00","twitter:card":"summary","twitter:title":"Dia do padroeiro de Piracicaba movimenta a Catedral | Encontra Piracicaba"},"aioseo_meta_data":{"post_id":"320","title":null,"description":null,"keywords":null,"keyphrases":null,"primary_term":null,"canonical_url":null,"og_title":null,"og_description":null,"og_object_type":"default","og_image_type":"default","og_image_url":null,"og_image_width":null,"og_image_height":null,"og_image_custom_url":null,"og_image_custom_fields":null,"og_video":null,"og_custom_url":null,"og_article_section":null,"og_article_tags":null,"twitter_use_og":false,"twitter_card":"default","twitter_image_type":"default","twitter_image_url":null,"twitter_image_custom_url":null,"twitter_image_custom_fields":null,"twitter_title":null,"twitter_description":null,"schema":{"blockGraphs":[],"customGraphs":[],"default":{"data":{"Article":[],"Course":[],"Dataset":[],"FAQPage":[],"Movie":[],"Person":[],"Product":[],"ProductReview":[],"Car":[],"Recipe":[],"Service":[],"SoftwareApplication":[],"WebPage":[]},"graphName":"Article","isEnabled":true},"graphs":[]},"schema_type":null,"schema_type_options":null,"pillar_content":false,"robots_default":true,"robots_noindex":false,"robots_noarchive":false,"robots_nosnippet":false,"robots_nofollow":false,"robots_noimageindex":false,"robots_noodp":false,"robots_notranslate":false,"robots_max_snippet":null,"robots_max_videopreview":null,"robots_max_imagepreview":"large","priority":null,"frequency":null,"local_seo":null,"breadcrumb_settings":null,"limit_modified_date":false,"ai":null,"created":"2021-08-13 20:43:00","updated":"2025-10-03 21:41:46","focus_keyword":null,"additional_keywords":null,"truseo_locale":null,"seo_analyzer_scan_date":null},"aioseo_breadcrumb":"<div class=\"aioseo-breadcrumbs\"><span class=\"aioseo-breadcrumb\">\n\t\t\t<a href=\"https:\/\/www.encontrapiracicaba.com.br\/sobre\" title=\"In\u00edcio\">In\u00edcio<\/a>\n\t\t<\/span><span class=\"aioseo-breadcrumb-separator\">&raquo;<\/span><span class=\"aioseo-breadcrumb\">\n\t\t\t<a href=\"https:\/\/www.encontrapiracicaba.com.br\/sobre\/noticias-em-piracicaba\/\" title=\"Not\u00edcias Piracicaba\">Not\u00edcias Piracicaba<\/a>\n\t\t<\/span><span class=\"aioseo-breadcrumb-separator\">&raquo;<\/span><span class=\"aioseo-breadcrumb\">\n\t\t\tDia do padroeiro de Piracicaba movimenta a Catedral\n\t\t<\/span><\/div>","aioseo_breadcrumb_json":[{"label":"In\u00edcio","link":"https:\/\/www.encontrapiracicaba.com.br\/sobre"},{"label":"Not\u00edcias Piracicaba","link":"https:\/\/www.encontrapiracicaba.com.br\/sobre\/noticias-em-piracicaba\/"},{"label":"Dia do padroeiro de Piracicaba movimenta a Catedral","link":"https:\/\/www.encontrapiracicaba.com.br\/sobre\/dia-do-padroeiro-de-piracicaba-movimenta-a-catedral\/"}],"_links":{"self":[{"href":"https:\/\/www.encontrapiracicaba.com.br\/sobre\/wp-json\/wp\/v2\/posts\/320","targetHints":{"allow":["GET"]}}],"collection":[{"href":"https:\/\/www.encontrapiracicaba.com.br\/sobre\/wp-json\/wp\/v2\/posts"}],"about":[{"href":"https:\/\/www.encontrapiracicaba.com.br\/sobre\/wp-json\/wp\/v2\/types\/post"}],"author":[{"embeddable":true,"href":"https:\/\/www.encontrapiracicaba.com.br\/sobre\/wp-json\/wp\/v2\/users\/1"}],"replies":[{"embeddable":true,"href":"https:\/\/www.encontrapiracicaba.com.br\/sobre\/wp-json\/wp\/v2\/comments?post=320"}],"version-history":[{"count":2,"href":"https:\/\/www.encontrapiracicaba.com.br\/sobre\/wp-json\/wp\/v2\/posts\/320\/revisions"}],"predecessor-version":[{"id":1648,"href":"https:\/\/www.encontrapiracicaba.com.br\/sobre\/wp-json\/wp\/v2\/posts\/320\/revisions\/1648"}],"wp:attachment":[{"href":"https:\/\/www.encontrapiracicaba.com.br\/sobre\/wp-json\/wp\/v2\/media?parent=320"}],"wp:term":[{"taxonomy":"category","embeddable":true,"href":"https:\/\/www.encontrapiracicaba.com.br\/sobre\/wp-json\/wp\/v2\/categories?post=320"},{"taxonomy":"post_tag","embeddable":true,"href":"https:\/\/www.encontrapiracicaba.com.br\/sobre\/wp-json\/wp\/v2\/tags?post=320"}],"curies":[{"name":"wp","href":"https:\/\/api.w.org\/{rel}","templated":true}]}}