{"id":324,"date":"2011-06-15T17:15:46","date_gmt":"2011-06-15T20:15:46","guid":{"rendered":"http:\/\/www.encontrapiracicaba.com.br\/noticias\/?p=324"},"modified":"2019-04-12T16:07:52","modified_gmt":"2019-04-12T19:07:52","slug":"sesc-piracicaba-apresenta-agnaldo-araujo-e-banda-nesta-quinta-feira","status":"publish","type":"post","link":"https:\/\/www.encontrapiracicaba.com.br\/sobre\/sesc-piracicaba-apresenta-agnaldo-araujo-e-banda-nesta-quinta-feira\/","title":{"rendered":"Sesc Piracicaba apresenta Agnaldo Ara\u00fajo e Banda nesta quinta-feira"},"content":{"rendered":"<div class=\"85df007ed5c0c4d4b453fd13a37855e8\" data-index=\"1\" style=\"float: none; margin:0px;\">\n<!-- Anuncio display - global -->\r\n<ins class=\"adsbygoogle\"\r\n     style=\"display:block\"\r\n     data-ad-client=\"ca-pub-8585364105181520\"\r\n     data-ad-slot=\"8789329856\"\r\n     data-ad-format=\"auto\"\r\n     data-full-width-responsive=\"true\"><\/ins>\r\n<script>\r\n     (adsbygoogle = window.adsbygoogle || []).push({});\r\n<\/script>\n<\/div>\n<p>O m\u00fasico Agnaldo Ara\u00fajo apresenta o show \u201cDigital\u201d com sua banda  nesta quinta-feira (16), \u00e0s 20h, no Sesc em guia da cidade Piracicaba.\u00a0 No repert\u00f3rio est\u00e3o algumas  composi\u00e7\u00f5es pr\u00f3prias, al\u00e9m de nomes consagrados como Zeca Baleiro,  Lenine, Raul Seixas, Z\u00e9 Ramalho, Caetano Veloso, Secos e Molhados,  Djavan, entre outros.<\/p>\n<p>As m\u00fasicas de autoria de Ara\u00fajo fazem parte de seus dois CDs  intitulados \u201cOutros Ares\u201d e \u201cSob o Sol\u201d. Na apresenta\u00e7\u00e3o o m\u00fasico leva  para o palco viol\u00e3o de nylon, guitarra, viola caipira e o charango\u00a0  (instrumento latino) junto com bateria e contrabaixo.<\/p>\n<p><strong>Carreira<\/strong><\/p>\n<p>Paranaense, Agnaldo Ara\u00fajo iniciou sua carreira musical no in\u00edcio dos  anos 90, em Campinas, tocando em bandas de rock e MPB. Quase dez anos  depois come\u00e7ou sua carreira solo e em 2001 lan\u00e7ou o primeiro CD,  intitulado \u2018Outros ares\u2019.<\/p>\n<p>Participou de v\u00e1rios festivais de m\u00fasica, atuou e fez dire\u00e7\u00e3o musical  em quatro pe\u00e7as teatrais e desenvolveu v\u00e1rios projetos no circuito Sesc  do interior paulista apresentando o seu trabalho autoral e montagens de  shows musicais.<\/p>\n<p>Em 2007 lan\u00e7ou seu segundo disco \u2018Sob o sol\u2019, que tem a participa\u00e7\u00e3o  especial, do m\u00fasico Oscar Segovia do grupo Ra\u00edces de Am\u00e9rica. Em  dezembro de 2010 lan\u00e7ou o CD \u201cColet\u00e2nea Digital\u201d, uma compila\u00e7\u00e3o de 18  m\u00fasicas dos trabalhos anteriores.<\/p>\n<p><em>Fonte: EpPiracicaba<\/em><\/p>\n\n<div style=\"font-size: 0px; height: 0px; line-height: 0px; margin: 0; padding: 0; clear: both;\"><\/div>","protected":false},"excerpt":{"rendered":"<p>O m\u00fasico Agnaldo Ara\u00fajo apresenta o show \u201cDigital\u201d com sua banda nesta quinta-feira (16), \u00e0s 20h, no Sesc em guia da cidade Piracicaba.\u00a0 No repert\u00f3rio est\u00e3o algumas composi\u00e7\u00f5es pr\u00f3prias, al\u00e9m de nomes consagrados como Zeca Baleiro, Lenine, Raul Seixas, Z\u00e9 Ramalho, Caetano Veloso, Secos e Molhados, Djavan, entre outros. As m\u00fasicas de autoria de Ara\u00fajo fazem parte de seus dois CDs intitulados \u201cOutros Ares\u201d e \u201cSob o Sol\u201d. Na apresenta\u00e7\u00e3o o m\u00fasico leva para o palco viol\u00e3o de nylon, guitarra, viola caipira e o charango\u00a0 (instrumento latino) junto com bateria e contrabaixo. Carreira Paranaense, Agnaldo Ara\u00fajo iniciou sua carreira musical <\/p>\n","protected":false},"author":1,"featured_media":0,"comment_status":"open","ping_status":"closed","sticky":false,"template":"","format":"standard","meta":{"footnotes":""},"categories":[6],"tags":[],"class_list":["post-324","post","type-post","status-publish","format-standard","hentry","category-noticias-em-piracicaba"],"aioseo_notices":[],"aioseo_head":"\n\t\t<!-- All in One SEO 5.0.0.1 - aioseo.com -->\n\t<meta name=\"robots\" content=\"max-image-preview:large\" \/>\n\t<meta name=\"author\" content=\"Encontra Piracicaba\"\/>\n\t<link rel=\"canonical\" href=\"https:\/\/www.encontrapiracicaba.com.br\/sobre\/sesc-piracicaba-apresenta-agnaldo-araujo-e-banda-nesta-quinta-feira\/\" \/>\n\t<meta name=\"generator\" content=\"All in One SEO (AIOSEO) 5.0.0.1\" \/>\n\t\t<meta property=\"og:locale\" content=\"pt_BR\" \/>\n\t\t<meta property=\"og:site_name\" content=\"Encontra Piracicaba | Not\u00edcias, eventos, informa\u00e7\u00f5es e dicas na cidade de Piracicaba e regi\u00e3o\" \/>\n\t\t<meta property=\"og:type\" content=\"article\" \/>\n\t\t<meta property=\"og:title\" content=\"Sesc Piracicaba apresenta Agnaldo Ara\u00fajo e Banda nesta quinta-feira | Encontra Piracicaba\" \/>\n\t\t<meta property=\"og:url\" content=\"https:\/\/www.encontrapiracicaba.com.br\/sobre\/sesc-piracicaba-apresenta-agnaldo-araujo-e-banda-nesta-quinta-feira\/\" \/>\n\t\t<meta property=\"article:published_time\" content=\"2011-06-15T20:15:46+00:00\" \/>\n\t\t<meta property=\"article:modified_time\" content=\"2019-04-12T19:07:52+00:00\" \/>\n\t\t<meta name=\"twitter:card\" content=\"summary\" \/>\n\t\t<meta name=\"twitter:title\" content=\"Sesc Piracicaba apresenta Agnaldo Ara\u00fajo e Banda nesta quinta-feira | Encontra Piracicaba\" \/>\n\t\t<script type=\"application\/ld+json\" class=\"aioseo-schema\">\n\t\t\t{\"@context\":\"https:\\\/\\\/schema.org\",\"@graph\":[{\"@type\":\"Article\",\"@id\":\"https:\\\/\\\/www.encontrapiracicaba.com.br\\\/sobre\\\/sesc-piracicaba-apresenta-agnaldo-araujo-e-banda-nesta-quinta-feira\\\/#article\",\"name\":\"Sesc Piracicaba apresenta Agnaldo Ara\\u00fajo e Banda nesta quinta-feira | Encontra Piracicaba\",\"headline\":\"Sesc Piracicaba apresenta Agnaldo Ara\\u00fajo e Banda nesta quinta-feira\",\"author\":{\"@id\":\"https:\\\/\\\/www.encontrapiracicaba.com.br\\\/sobre\\\/author\\\/epiracicaba\\\/#author\"},\"publisher\":{\"@id\":\"https:\\\/\\\/www.encontrapiracicaba.com.br\\\/sobre\\\/#organization\"},\"datePublished\":\"2011-06-15T17:15:46-03:00\",\"dateModified\":\"2019-04-12T16:07:52-03:00\",\"inLanguage\":\"pt-BR\",\"mainEntityOfPage\":{\"@id\":\"https:\\\/\\\/www.encontrapiracicaba.com.br\\\/sobre\\\/sesc-piracicaba-apresenta-agnaldo-araujo-e-banda-nesta-quinta-feira\\\/#webpage\"},\"isPartOf\":{\"@id\":\"https:\\\/\\\/www.encontrapiracicaba.com.br\\\/sobre\\\/sesc-piracicaba-apresenta-agnaldo-araujo-e-banda-nesta-quinta-feira\\\/#webpage\"},\"articleSection\":\"Not\\u00edcias Piracicaba\"},{\"@type\":\"BreadcrumbList\",\"@id\":\"https:\\\/\\\/www.encontrapiracicaba.com.br\\\/sobre\\\/sesc-piracicaba-apresenta-agnaldo-araujo-e-banda-nesta-quinta-feira\\\/#breadcrumblist\",\"itemListElement\":[{\"@type\":\"ListItem\",\"@id\":\"https:\\\/\\\/www.encontrapiracicaba.com.br\\\/sobre#listItem\",\"position\":1,\"name\":\"In\\u00edcio\",\"item\":\"https:\\\/\\\/www.encontrapiracicaba.com.br\\\/sobre\",\"nextItem\":{\"@type\":\"ListItem\",\"@id\":\"https:\\\/\\\/www.encontrapiracicaba.com.br\\\/sobre\\\/noticias-em-piracicaba\\\/#listItem\",\"name\":\"Not\\u00edcias Piracicaba\"}},{\"@type\":\"ListItem\",\"@id\":\"https:\\\/\\\/www.encontrapiracicaba.com.br\\\/sobre\\\/noticias-em-piracicaba\\\/#listItem\",\"position\":2,\"name\":\"Not\\u00edcias Piracicaba\",\"item\":\"https:\\\/\\\/www.encontrapiracicaba.com.br\\\/sobre\\\/noticias-em-piracicaba\\\/\",\"nextItem\":{\"@type\":\"ListItem\",\"@id\":\"https:\\\/\\\/www.encontrapiracicaba.com.br\\\/sobre\\\/sesc-piracicaba-apresenta-agnaldo-araujo-e-banda-nesta-quinta-feira\\\/#listItem\",\"name\":\"Sesc Piracicaba apresenta Agnaldo Ara\\u00fajo e Banda nesta quinta-feira\"},\"previousItem\":{\"@type\":\"ListItem\",\"@id\":\"https:\\\/\\\/www.encontrapiracicaba.com.br\\\/sobre#listItem\",\"name\":\"In\\u00edcio\"}},{\"@type\":\"ListItem\",\"@id\":\"https:\\\/\\\/www.encontrapiracicaba.com.br\\\/sobre\\\/sesc-piracicaba-apresenta-agnaldo-araujo-e-banda-nesta-quinta-feira\\\/#listItem\",\"position\":3,\"name\":\"Sesc Piracicaba apresenta Agnaldo Ara\\u00fajo e Banda nesta quinta-feira\",\"previousItem\":{\"@type\":\"ListItem\",\"@id\":\"https:\\\/\\\/www.encontrapiracicaba.com.br\\\/sobre\\\/noticias-em-piracicaba\\\/#listItem\",\"name\":\"Not\\u00edcias Piracicaba\"}}]},{\"@type\":\"Organization\",\"@id\":\"https:\\\/\\\/www.encontrapiracicaba.com.br\\\/sobre\\\/#organization\",\"name\":\"Encontra Piracicaba\",\"description\":\"Not\\u00edcias, eventos, informa\\u00e7\\u00f5es e dicas na cidade de Piracicaba e regi\\u00e3o\",\"url\":\"https:\\\/\\\/www.encontrapiracicaba.com.br\\\/sobre\\\/\"},{\"@type\":\"Person\",\"@id\":\"https:\\\/\\\/www.encontrapiracicaba.com.br\\\/sobre\\\/author\\\/epiracicaba\\\/#author\",\"url\":\"https:\\\/\\\/www.encontrapiracicaba.com.br\\\/sobre\\\/author\\\/epiracicaba\\\/\",\"name\":\"Encontra Piracicaba\",\"image\":{\"@type\":\"ImageObject\",\"@id\":\"https:\\\/\\\/www.encontrapiracicaba.com.br\\\/sobre\\\/sesc-piracicaba-apresenta-agnaldo-araujo-e-banda-nesta-quinta-feira\\\/#authorImage\",\"url\":\"https:\\\/\\\/secure.gravatar.com\\\/avatar\\\/507340682b8270222e1f208e23198b6ae7e2c6a1033ae84e99bc6bce4f82a387?s=96&d=mm&r=g\",\"width\":96,\"height\":96,\"caption\":\"Encontra Piracicaba\"}},{\"@type\":\"WebPage\",\"@id\":\"https:\\\/\\\/www.encontrapiracicaba.com.br\\\/sobre\\\/sesc-piracicaba-apresenta-agnaldo-araujo-e-banda-nesta-quinta-feira\\\/#webpage\",\"url\":\"https:\\\/\\\/www.encontrapiracicaba.com.br\\\/sobre\\\/sesc-piracicaba-apresenta-agnaldo-araujo-e-banda-nesta-quinta-feira\\\/\",\"name\":\"Sesc Piracicaba apresenta Agnaldo Ara\\u00fajo e Banda nesta quinta-feira | Encontra Piracicaba\",\"inLanguage\":\"pt-BR\",\"isPartOf\":{\"@id\":\"https:\\\/\\\/www.encontrapiracicaba.com.br\\\/sobre\\\/#website\"},\"breadcrumb\":{\"@id\":\"https:\\\/\\\/www.encontrapiracicaba.com.br\\\/sobre\\\/sesc-piracicaba-apresenta-agnaldo-araujo-e-banda-nesta-quinta-feira\\\/#breadcrumblist\"},\"author\":{\"@id\":\"https:\\\/\\\/www.encontrapiracicaba.com.br\\\/sobre\\\/author\\\/epiracicaba\\\/#author\"},\"creator\":{\"@id\":\"https:\\\/\\\/www.encontrapiracicaba.com.br\\\/sobre\\\/author\\\/epiracicaba\\\/#author\"},\"datePublished\":\"2011-06-15T17:15:46-03:00\",\"dateModified\":\"2019-04-12T16:07:52-03:00\"},{\"@type\":\"WebSite\",\"@id\":\"https:\\\/\\\/www.encontrapiracicaba.com.br\\\/sobre\\\/#website\",\"url\":\"https:\\\/\\\/www.encontrapiracicaba.com.br\\\/sobre\\\/\",\"name\":\"Encontra Piracicaba\",\"description\":\"Not\\u00edcias, eventos, informa\\u00e7\\u00f5es e dicas na cidade de Piracicaba e regi\\u00e3o\",\"inLanguage\":\"pt-BR\",\"publisher\":{\"@id\":\"https:\\\/\\\/www.encontrapiracicaba.com.br\\\/sobre\\\/#organization\"}}]}\n\t\t<\/script>\n\t\t<!-- All in One SEO -->\n\n","aioseo_head_json":{"title":"Sesc Piracicaba apresenta Agnaldo Ara\u00fajo e Banda nesta quinta-feira | Encontra Piracicaba","description":"","canonical_url":"https:\/\/www.encontrapiracicaba.com.br\/sobre\/sesc-piracicaba-apresenta-agnaldo-araujo-e-banda-nesta-quinta-feira\/","robots":"max-image-preview:large","keywords":"","webmasterTools":{"miscellaneous":""},"schema":{"@context":"https:\/\/schema.org","@graph":[{"@type":"Article","@id":"https:\/\/www.encontrapiracicaba.com.br\/sobre\/sesc-piracicaba-apresenta-agnaldo-araujo-e-banda-nesta-quinta-feira\/#article","name":"Sesc Piracicaba apresenta Agnaldo Ara\u00fajo e Banda nesta quinta-feira | Encontra Piracicaba","headline":"Sesc Piracicaba apresenta Agnaldo Ara\u00fajo e Banda nesta quinta-feira","author":{"@id":"https:\/\/www.encontrapiracicaba.com.br\/sobre\/author\/epiracicaba\/#author"},"publisher":{"@id":"https:\/\/www.encontrapiracicaba.com.br\/sobre\/#organization"},"datePublished":"2011-06-15T17:15:46-03:00","dateModified":"2019-04-12T16:07:52-03:00","inLanguage":"pt-BR","mainEntityOfPage":{"@id":"https:\/\/www.encontrapiracicaba.com.br\/sobre\/sesc-piracicaba-apresenta-agnaldo-araujo-e-banda-nesta-quinta-feira\/#webpage"},"isPartOf":{"@id":"https:\/\/www.encontrapiracicaba.com.br\/sobre\/sesc-piracicaba-apresenta-agnaldo-araujo-e-banda-nesta-quinta-feira\/#webpage"},"articleSection":"Not\u00edcias Piracicaba"},{"@type":"BreadcrumbList","@id":"https:\/\/www.encontrapiracicaba.com.br\/sobre\/sesc-piracicaba-apresenta-agnaldo-araujo-e-banda-nesta-quinta-feira\/#breadcrumblist","itemListElement":[{"@type":"ListItem","@id":"https:\/\/www.encontrapiracicaba.com.br\/sobre#listItem","position":1,"name":"In\u00edcio","item":"https:\/\/www.encontrapiracicaba.com.br\/sobre","nextItem":{"@type":"ListItem","@id":"https:\/\/www.encontrapiracicaba.com.br\/sobre\/noticias-em-piracicaba\/#listItem","name":"Not\u00edcias Piracicaba"}},{"@type":"ListItem","@id":"https:\/\/www.encontrapiracicaba.com.br\/sobre\/noticias-em-piracicaba\/#listItem","position":2,"name":"Not\u00edcias Piracicaba","item":"https:\/\/www.encontrapiracicaba.com.br\/sobre\/noticias-em-piracicaba\/","nextItem":{"@type":"ListItem","@id":"https:\/\/www.encontrapiracicaba.com.br\/sobre\/sesc-piracicaba-apresenta-agnaldo-araujo-e-banda-nesta-quinta-feira\/#listItem","name":"Sesc Piracicaba apresenta Agnaldo Ara\u00fajo e Banda nesta quinta-feira"},"previousItem":{"@type":"ListItem","@id":"https:\/\/www.encontrapiracicaba.com.br\/sobre#listItem","name":"In\u00edcio"}},{"@type":"ListItem","@id":"https:\/\/www.encontrapiracicaba.com.br\/sobre\/sesc-piracicaba-apresenta-agnaldo-araujo-e-banda-nesta-quinta-feira\/#listItem","position":3,"name":"Sesc Piracicaba apresenta Agnaldo Ara\u00fajo e Banda nesta quinta-feira","previousItem":{"@type":"ListItem","@id":"https:\/\/www.encontrapiracicaba.com.br\/sobre\/noticias-em-piracicaba\/#listItem","name":"Not\u00edcias Piracicaba"}}]},{"@type":"Organization","@id":"https:\/\/www.encontrapiracicaba.com.br\/sobre\/#organization","name":"Encontra Piracicaba","description":"Not\u00edcias, eventos, informa\u00e7\u00f5es e dicas na cidade de Piracicaba e regi\u00e3o","url":"https:\/\/www.encontrapiracicaba.com.br\/sobre\/"},{"@type":"Person","@id":"https:\/\/www.encontrapiracicaba.com.br\/sobre\/author\/epiracicaba\/#author","url":"https:\/\/www.encontrapiracicaba.com.br\/sobre\/author\/epiracicaba\/","name":"Encontra Piracicaba","image":{"@type":"ImageObject","@id":"https:\/\/www.encontrapiracicaba.com.br\/sobre\/sesc-piracicaba-apresenta-agnaldo-araujo-e-banda-nesta-quinta-feira\/#authorImage","url":"https:\/\/secure.gravatar.com\/avatar\/507340682b8270222e1f208e23198b6ae7e2c6a1033ae84e99bc6bce4f82a387?s=96&d=mm&r=g","width":96,"height":96,"caption":"Encontra Piracicaba"}},{"@type":"WebPage","@id":"https:\/\/www.encontrapiracicaba.com.br\/sobre\/sesc-piracicaba-apresenta-agnaldo-araujo-e-banda-nesta-quinta-feira\/#webpage","url":"https:\/\/www.encontrapiracicaba.com.br\/sobre\/sesc-piracicaba-apresenta-agnaldo-araujo-e-banda-nesta-quinta-feira\/","name":"Sesc Piracicaba apresenta Agnaldo Ara\u00fajo e Banda nesta quinta-feira | Encontra Piracicaba","inLanguage":"pt-BR","isPartOf":{"@id":"https:\/\/www.encontrapiracicaba.com.br\/sobre\/#website"},"breadcrumb":{"@id":"https:\/\/www.encontrapiracicaba.com.br\/sobre\/sesc-piracicaba-apresenta-agnaldo-araujo-e-banda-nesta-quinta-feira\/#breadcrumblist"},"author":{"@id":"https:\/\/www.encontrapiracicaba.com.br\/sobre\/author\/epiracicaba\/#author"},"creator":{"@id":"https:\/\/www.encontrapiracicaba.com.br\/sobre\/author\/epiracicaba\/#author"},"datePublished":"2011-06-15T17:15:46-03:00","dateModified":"2019-04-12T16:07:52-03:00"},{"@type":"WebSite","@id":"https:\/\/www.encontrapiracicaba.com.br\/sobre\/#website","url":"https:\/\/www.encontrapiracicaba.com.br\/sobre\/","name":"Encontra Piracicaba","description":"Not\u00edcias, eventos, informa\u00e7\u00f5es e dicas na cidade de Piracicaba e regi\u00e3o","inLanguage":"pt-BR","publisher":{"@id":"https:\/\/www.encontrapiracicaba.com.br\/sobre\/#organization"}}]},"og:locale":"pt_BR","og:site_name":"Encontra Piracicaba | Not\u00edcias, eventos, informa\u00e7\u00f5es e dicas na cidade de Piracicaba e regi\u00e3o","og:type":"article","og:title":"Sesc Piracicaba apresenta Agnaldo Ara\u00fajo e Banda nesta quinta-feira | Encontra Piracicaba","og:url":"https:\/\/www.encontrapiracicaba.com.br\/sobre\/sesc-piracicaba-apresenta-agnaldo-araujo-e-banda-nesta-quinta-feira\/","article:published_time":"2011-06-15T20:15:46+00:00","article:modified_time":"2019-04-12T19:07:52+00:00","twitter:card":"summary","twitter:title":"Sesc Piracicaba apresenta Agnaldo Ara\u00fajo e Banda nesta quinta-feira | Encontra Piracicaba"},"aioseo_meta_data":{"post_id":"324","title":null,"description":null,"keywords":null,"keyphrases":null,"primary_term":null,"canonical_url":null,"og_title":null,"og_description":null,"og_object_type":"default","og_image_type":"default","og_image_url":null,"og_image_width":null,"og_image_height":null,"og_image_custom_url":null,"og_image_custom_fields":null,"og_video":null,"og_custom_url":null,"og_article_section":null,"og_article_tags":null,"twitter_use_og":false,"twitter_card":"default","twitter_image_type":"default","twitter_image_url":null,"twitter_image_custom_url":null,"twitter_image_custom_fields":null,"twitter_title":null,"twitter_description":null,"schema":{"blockGraphs":[],"customGraphs":[],"default":{"data":{"Article":[],"Course":[],"Dataset":[],"FAQPage":[],"Movie":[],"Person":[],"Product":[],"ProductReview":[],"Car":[],"Recipe":[],"Service":[],"SoftwareApplication":[],"WebPage":[]},"graphName":"Article","isEnabled":true},"graphs":[]},"schema_type":null,"schema_type_options":null,"pillar_content":false,"robots_default":true,"robots_noindex":false,"robots_noarchive":false,"robots_nosnippet":false,"robots_nofollow":false,"robots_noimageindex":false,"robots_noodp":false,"robots_notranslate":false,"robots_max_snippet":null,"robots_max_videopreview":null,"robots_max_imagepreview":"large","priority":null,"frequency":null,"local_seo":null,"breadcrumb_settings":null,"limit_modified_date":false,"ai":null,"created":"2021-08-13 20:43:00","updated":"2025-10-03 21:41:46","focus_keyword":null,"additional_keywords":null,"truseo_locale":null,"seo_analyzer_scan_date":null},"aioseo_breadcrumb":"<div class=\"aioseo-breadcrumbs\"><span class=\"aioseo-breadcrumb\">\n\t\t\t<a href=\"https:\/\/www.encontrapiracicaba.com.br\/sobre\" title=\"In\u00edcio\">In\u00edcio<\/a>\n\t\t<\/span><span class=\"aioseo-breadcrumb-separator\">&raquo;<\/span><span class=\"aioseo-breadcrumb\">\n\t\t\t<a href=\"https:\/\/www.encontrapiracicaba.com.br\/sobre\/noticias-em-piracicaba\/\" title=\"Not\u00edcias Piracicaba\">Not\u00edcias Piracicaba<\/a>\n\t\t<\/span><span class=\"aioseo-breadcrumb-separator\">&raquo;<\/span><span class=\"aioseo-breadcrumb\">\n\t\t\tSesc Piracicaba apresenta Agnaldo Ara\u00fajo e Banda nesta quinta-feira\n\t\t<\/span><\/div>","aioseo_breadcrumb_json":[{"label":"In\u00edcio","link":"https:\/\/www.encontrapiracicaba.com.br\/sobre"},{"label":"Not\u00edcias Piracicaba","link":"https:\/\/www.encontrapiracicaba.com.br\/sobre\/noticias-em-piracicaba\/"},{"label":"Sesc Piracicaba apresenta Agnaldo Ara\u00fajo e Banda nesta quinta-feira","link":"https:\/\/www.encontrapiracicaba.com.br\/sobre\/sesc-piracicaba-apresenta-agnaldo-araujo-e-banda-nesta-quinta-feira\/"}],"_links":{"self":[{"href":"https:\/\/www.encontrapiracicaba.com.br\/sobre\/wp-json\/wp\/v2\/posts\/324","targetHints":{"allow":["GET"]}}],"collection":[{"href":"https:\/\/www.encontrapiracicaba.com.br\/sobre\/wp-json\/wp\/v2\/posts"}],"about":[{"href":"https:\/\/www.encontrapiracicaba.com.br\/sobre\/wp-json\/wp\/v2\/types\/post"}],"author":[{"embeddable":true,"href":"https:\/\/www.encontrapiracicaba.com.br\/sobre\/wp-json\/wp\/v2\/users\/1"}],"replies":[{"embeddable":true,"href":"https:\/\/www.encontrapiracicaba.com.br\/sobre\/wp-json\/wp\/v2\/comments?post=324"}],"version-history":[{"count":2,"href":"https:\/\/www.encontrapiracicaba.com.br\/sobre\/wp-json\/wp\/v2\/posts\/324\/revisions"}],"predecessor-version":[{"id":1650,"href":"https:\/\/www.encontrapiracicaba.com.br\/sobre\/wp-json\/wp\/v2\/posts\/324\/revisions\/1650"}],"wp:attachment":[{"href":"https:\/\/www.encontrapiracicaba.com.br\/sobre\/wp-json\/wp\/v2\/media?parent=324"}],"wp:term":[{"taxonomy":"category","embeddable":true,"href":"https:\/\/www.encontrapiracicaba.com.br\/sobre\/wp-json\/wp\/v2\/categories?post=324"},{"taxonomy":"post_tag","embeddable":true,"href":"https:\/\/www.encontrapiracicaba.com.br\/sobre\/wp-json\/wp\/v2\/tags?post=324"}],"curies":[{"name":"wp","href":"https:\/\/api.w.org\/{rel}","templated":true}]}}