{"id":365,"date":"2011-06-30T19:01:11","date_gmt":"2011-06-30T22:01:11","guid":{"rendered":"http:\/\/www.encontrapiracicaba.com.br\/noticias\/?p=365"},"modified":"2019-04-12T16:07:51","modified_gmt":"2019-04-12T19:07:51","slug":"mais-dois-homens-sao-presos-em-flagrante-acusados-de-estelionato-em-piracicaba","status":"publish","type":"post","link":"https:\/\/www.encontrapiracicaba.com.br\/sobre\/mais-dois-homens-sao-presos-em-flagrante-acusados-de-estelionato-em-piracicaba\/","title":{"rendered":"Mais dois homens s\u00e3o presos em flagrante acusados de estelionato em Piracicaba"},"content":{"rendered":"<div class=\"85df007ed5c0c4d4b453fd13a37855e8\" data-index=\"1\" style=\"float: none; margin:0px;\">\n<!-- Anuncio display - global -->\r\n<ins class=\"adsbygoogle\"\r\n     style=\"display:block\"\r\n     data-ad-client=\"ca-pub-8585364105181520\"\r\n     data-ad-slot=\"8789329856\"\r\n     data-ad-format=\"auto\"\r\n     data-full-width-responsive=\"true\"><\/ins>\r\n<script>\r\n     (adsbygoogle = window.adsbygoogle || []).push({});\r\n<\/script>\n<\/div>\n<p>Dois homens\u00a0foram presos em flagrante acusados de estelionato ao usar  documentos falsos na compra de\u00a0um televisor LG de 47 polegadas, no  hipermercado Walmart, no valor de R$ 2.998, na noite de quarta-feira  (29) em guia Piracicaba.<\/p>\n<p>O entregador Leandro Donizette Domingues, de 26 anos, e o montador Jos\u00e9  Florentino de Sousa, de 33 anos,\u00a0foram surpreendidos pela Guarda Civil,  acionada pelo fiscal da loja que desconfiou da autenticidade dos  documentos apresentados no ato da compra.<\/p>\n<p>Com Sousa foram apreendidos quatro celulares, R$ 50 e um  carro.\u00a0Com\u00a0Domingues, tamb\u00e9m conhecido como Lendia, estavam\u00a0RG,\u00a0cart\u00e3o  de cr\u00e9dito e\u00a0CPF que pertenciam\u00a0\u00e0\u00a0outra pessoa. No plant\u00e3o policial  apurou-se que no RG haviam v\u00e1rias diverg\u00eancias: continha a foto de  Domingues, mas trazia o mesmo nome que estava no cart\u00e3o de cr\u00e9dito; o  documento consta como sendo expedido no estado de S\u00e3o Paulo, mas com o  bras\u00e3o do Estado de Minas Gerais; e pesquisando seu n\u00famero verificou-se  que o mesmo pertencia a uma quarta pessoa &#8211; um morador da cidade de  Limeira (SP).<\/p>\n<p>Os indiciados foram encaminhados para o CDP (Centro de Deten\u00e7\u00e3o Provis\u00f3ria)\u00a0de Piracicaba.<\/p>\n<p><em>Fonte: EpPiracicaba<\/em><\/p>\n\n<div style=\"font-size: 0px; height: 0px; line-height: 0px; margin: 0; padding: 0; clear: both;\"><\/div>","protected":false},"excerpt":{"rendered":"<p>Dois homens\u00a0foram presos em flagrante acusados de estelionato ao usar documentos falsos na compra de\u00a0um televisor LG de 47 polegadas, no hipermercado Walmart, no valor de R$ 2.998, na noite de quarta-feira (29) em guia Piracicaba. O entregador Leandro Donizette Domingues, de 26 anos, e o montador Jos\u00e9 Florentino de Sousa, de 33 anos,\u00a0foram surpreendidos pela Guarda Civil, acionada pelo fiscal da loja que desconfiou da autenticidade dos documentos apresentados no ato da compra. Com Sousa foram apreendidos quatro celulares, R$ 50 e um carro.\u00a0Com\u00a0Domingues, tamb\u00e9m conhecido como Lendia, estavam\u00a0RG,\u00a0cart\u00e3o de cr\u00e9dito e\u00a0CPF que pertenciam\u00a0\u00e0\u00a0outra pessoa. No plant\u00e3o policial apurou-se <\/p>\n","protected":false},"author":1,"featured_media":0,"comment_status":"open","ping_status":"closed","sticky":false,"template":"","format":"standard","meta":{"footnotes":""},"categories":[6],"tags":[],"class_list":["post-365","post","type-post","status-publish","format-standard","hentry","category-noticias-em-piracicaba"],"aioseo_notices":[],"aioseo_head":"\n\t\t<!-- All in One SEO 5.0.0.1 - aioseo.com -->\n\t<meta name=\"robots\" content=\"max-image-preview:large\" \/>\n\t<meta name=\"author\" content=\"Encontra Piracicaba\"\/>\n\t<link rel=\"canonical\" href=\"https:\/\/www.encontrapiracicaba.com.br\/sobre\/mais-dois-homens-sao-presos-em-flagrante-acusados-de-estelionato-em-piracicaba\/\" \/>\n\t<meta name=\"generator\" content=\"All in One SEO (AIOSEO) 5.0.0.1\" \/>\n\t\t<meta property=\"og:locale\" content=\"pt_BR\" \/>\n\t\t<meta property=\"og:site_name\" content=\"Encontra Piracicaba | Not\u00edcias, eventos, informa\u00e7\u00f5es e dicas na cidade de Piracicaba e regi\u00e3o\" \/>\n\t\t<meta property=\"og:type\" content=\"article\" \/>\n\t\t<meta property=\"og:title\" content=\"Mais dois homens s\u00e3o presos em flagrante acusados de estelionato em Piracicaba | Encontra Piracicaba\" \/>\n\t\t<meta property=\"og:url\" content=\"https:\/\/www.encontrapiracicaba.com.br\/sobre\/mais-dois-homens-sao-presos-em-flagrante-acusados-de-estelionato-em-piracicaba\/\" \/>\n\t\t<meta property=\"article:published_time\" content=\"2011-06-30T22:01:11+00:00\" \/>\n\t\t<meta property=\"article:modified_time\" content=\"2019-04-12T19:07:51+00:00\" \/>\n\t\t<meta name=\"twitter:card\" content=\"summary\" \/>\n\t\t<meta name=\"twitter:title\" content=\"Mais dois homens s\u00e3o presos em flagrante acusados de estelionato em Piracicaba | Encontra Piracicaba\" \/>\n\t\t<script type=\"application\/ld+json\" class=\"aioseo-schema\">\n\t\t\t{\"@context\":\"https:\\\/\\\/schema.org\",\"@graph\":[{\"@type\":\"Article\",\"@id\":\"https:\\\/\\\/www.encontrapiracicaba.com.br\\\/sobre\\\/mais-dois-homens-sao-presos-em-flagrante-acusados-de-estelionato-em-piracicaba\\\/#article\",\"name\":\"Mais dois homens s\\u00e3o presos em flagrante acusados de estelionato em Piracicaba | Encontra Piracicaba\",\"headline\":\"Mais dois homens s\\u00e3o presos em flagrante acusados de estelionato em Piracicaba\",\"author\":{\"@id\":\"https:\\\/\\\/www.encontrapiracicaba.com.br\\\/sobre\\\/author\\\/epiracicaba\\\/#author\"},\"publisher\":{\"@id\":\"https:\\\/\\\/www.encontrapiracicaba.com.br\\\/sobre\\\/#organization\"},\"datePublished\":\"2011-06-30T19:01:11-03:00\",\"dateModified\":\"2019-04-12T16:07:51-03:00\",\"inLanguage\":\"pt-BR\",\"mainEntityOfPage\":{\"@id\":\"https:\\\/\\\/www.encontrapiracicaba.com.br\\\/sobre\\\/mais-dois-homens-sao-presos-em-flagrante-acusados-de-estelionato-em-piracicaba\\\/#webpage\"},\"isPartOf\":{\"@id\":\"https:\\\/\\\/www.encontrapiracicaba.com.br\\\/sobre\\\/mais-dois-homens-sao-presos-em-flagrante-acusados-de-estelionato-em-piracicaba\\\/#webpage\"},\"articleSection\":\"Not\\u00edcias Piracicaba\"},{\"@type\":\"BreadcrumbList\",\"@id\":\"https:\\\/\\\/www.encontrapiracicaba.com.br\\\/sobre\\\/mais-dois-homens-sao-presos-em-flagrante-acusados-de-estelionato-em-piracicaba\\\/#breadcrumblist\",\"itemListElement\":[{\"@type\":\"ListItem\",\"@id\":\"https:\\\/\\\/www.encontrapiracicaba.com.br\\\/sobre#listItem\",\"position\":1,\"name\":\"In\\u00edcio\",\"item\":\"https:\\\/\\\/www.encontrapiracicaba.com.br\\\/sobre\",\"nextItem\":{\"@type\":\"ListItem\",\"@id\":\"https:\\\/\\\/www.encontrapiracicaba.com.br\\\/sobre\\\/noticias-em-piracicaba\\\/#listItem\",\"name\":\"Not\\u00edcias Piracicaba\"}},{\"@type\":\"ListItem\",\"@id\":\"https:\\\/\\\/www.encontrapiracicaba.com.br\\\/sobre\\\/noticias-em-piracicaba\\\/#listItem\",\"position\":2,\"name\":\"Not\\u00edcias Piracicaba\",\"item\":\"https:\\\/\\\/www.encontrapiracicaba.com.br\\\/sobre\\\/noticias-em-piracicaba\\\/\",\"nextItem\":{\"@type\":\"ListItem\",\"@id\":\"https:\\\/\\\/www.encontrapiracicaba.com.br\\\/sobre\\\/mais-dois-homens-sao-presos-em-flagrante-acusados-de-estelionato-em-piracicaba\\\/#listItem\",\"name\":\"Mais dois homens s\\u00e3o presos em flagrante acusados de estelionato em Piracicaba\"},\"previousItem\":{\"@type\":\"ListItem\",\"@id\":\"https:\\\/\\\/www.encontrapiracicaba.com.br\\\/sobre#listItem\",\"name\":\"In\\u00edcio\"}},{\"@type\":\"ListItem\",\"@id\":\"https:\\\/\\\/www.encontrapiracicaba.com.br\\\/sobre\\\/mais-dois-homens-sao-presos-em-flagrante-acusados-de-estelionato-em-piracicaba\\\/#listItem\",\"position\":3,\"name\":\"Mais dois homens s\\u00e3o presos em flagrante acusados de estelionato em Piracicaba\",\"previousItem\":{\"@type\":\"ListItem\",\"@id\":\"https:\\\/\\\/www.encontrapiracicaba.com.br\\\/sobre\\\/noticias-em-piracicaba\\\/#listItem\",\"name\":\"Not\\u00edcias Piracicaba\"}}]},{\"@type\":\"Organization\",\"@id\":\"https:\\\/\\\/www.encontrapiracicaba.com.br\\\/sobre\\\/#organization\",\"name\":\"Encontra Piracicaba\",\"description\":\"Not\\u00edcias, eventos, informa\\u00e7\\u00f5es e dicas na cidade de Piracicaba e regi\\u00e3o\",\"url\":\"https:\\\/\\\/www.encontrapiracicaba.com.br\\\/sobre\\\/\"},{\"@type\":\"Person\",\"@id\":\"https:\\\/\\\/www.encontrapiracicaba.com.br\\\/sobre\\\/author\\\/epiracicaba\\\/#author\",\"url\":\"https:\\\/\\\/www.encontrapiracicaba.com.br\\\/sobre\\\/author\\\/epiracicaba\\\/\",\"name\":\"Encontra Piracicaba\",\"image\":{\"@type\":\"ImageObject\",\"@id\":\"https:\\\/\\\/www.encontrapiracicaba.com.br\\\/sobre\\\/mais-dois-homens-sao-presos-em-flagrante-acusados-de-estelionato-em-piracicaba\\\/#authorImage\",\"url\":\"https:\\\/\\\/secure.gravatar.com\\\/avatar\\\/507340682b8270222e1f208e23198b6ae7e2c6a1033ae84e99bc6bce4f82a387?s=96&d=mm&r=g\",\"width\":96,\"height\":96,\"caption\":\"Encontra Piracicaba\"}},{\"@type\":\"WebPage\",\"@id\":\"https:\\\/\\\/www.encontrapiracicaba.com.br\\\/sobre\\\/mais-dois-homens-sao-presos-em-flagrante-acusados-de-estelionato-em-piracicaba\\\/#webpage\",\"url\":\"https:\\\/\\\/www.encontrapiracicaba.com.br\\\/sobre\\\/mais-dois-homens-sao-presos-em-flagrante-acusados-de-estelionato-em-piracicaba\\\/\",\"name\":\"Mais dois homens s\\u00e3o presos em flagrante acusados de estelionato em Piracicaba | Encontra Piracicaba\",\"inLanguage\":\"pt-BR\",\"isPartOf\":{\"@id\":\"https:\\\/\\\/www.encontrapiracicaba.com.br\\\/sobre\\\/#website\"},\"breadcrumb\":{\"@id\":\"https:\\\/\\\/www.encontrapiracicaba.com.br\\\/sobre\\\/mais-dois-homens-sao-presos-em-flagrante-acusados-de-estelionato-em-piracicaba\\\/#breadcrumblist\"},\"author\":{\"@id\":\"https:\\\/\\\/www.encontrapiracicaba.com.br\\\/sobre\\\/author\\\/epiracicaba\\\/#author\"},\"creator\":{\"@id\":\"https:\\\/\\\/www.encontrapiracicaba.com.br\\\/sobre\\\/author\\\/epiracicaba\\\/#author\"},\"datePublished\":\"2011-06-30T19:01:11-03:00\",\"dateModified\":\"2019-04-12T16:07:51-03:00\"},{\"@type\":\"WebSite\",\"@id\":\"https:\\\/\\\/www.encontrapiracicaba.com.br\\\/sobre\\\/#website\",\"url\":\"https:\\\/\\\/www.encontrapiracicaba.com.br\\\/sobre\\\/\",\"name\":\"Encontra Piracicaba\",\"description\":\"Not\\u00edcias, eventos, informa\\u00e7\\u00f5es e dicas na cidade de Piracicaba e regi\\u00e3o\",\"inLanguage\":\"pt-BR\",\"publisher\":{\"@id\":\"https:\\\/\\\/www.encontrapiracicaba.com.br\\\/sobre\\\/#organization\"}}]}\n\t\t<\/script>\n\t\t<!-- All in One SEO -->\n\n","aioseo_head_json":{"title":"Mais dois homens s\u00e3o presos em flagrante acusados de estelionato em Piracicaba | Encontra Piracicaba","description":"","canonical_url":"https:\/\/www.encontrapiracicaba.com.br\/sobre\/mais-dois-homens-sao-presos-em-flagrante-acusados-de-estelionato-em-piracicaba\/","robots":"max-image-preview:large","keywords":"","webmasterTools":{"miscellaneous":""},"schema":{"@context":"https:\/\/schema.org","@graph":[{"@type":"Article","@id":"https:\/\/www.encontrapiracicaba.com.br\/sobre\/mais-dois-homens-sao-presos-em-flagrante-acusados-de-estelionato-em-piracicaba\/#article","name":"Mais dois homens s\u00e3o presos em flagrante acusados de estelionato em Piracicaba | Encontra Piracicaba","headline":"Mais dois homens s\u00e3o presos em flagrante acusados de estelionato em Piracicaba","author":{"@id":"https:\/\/www.encontrapiracicaba.com.br\/sobre\/author\/epiracicaba\/#author"},"publisher":{"@id":"https:\/\/www.encontrapiracicaba.com.br\/sobre\/#organization"},"datePublished":"2011-06-30T19:01:11-03:00","dateModified":"2019-04-12T16:07:51-03:00","inLanguage":"pt-BR","mainEntityOfPage":{"@id":"https:\/\/www.encontrapiracicaba.com.br\/sobre\/mais-dois-homens-sao-presos-em-flagrante-acusados-de-estelionato-em-piracicaba\/#webpage"},"isPartOf":{"@id":"https:\/\/www.encontrapiracicaba.com.br\/sobre\/mais-dois-homens-sao-presos-em-flagrante-acusados-de-estelionato-em-piracicaba\/#webpage"},"articleSection":"Not\u00edcias Piracicaba"},{"@type":"BreadcrumbList","@id":"https:\/\/www.encontrapiracicaba.com.br\/sobre\/mais-dois-homens-sao-presos-em-flagrante-acusados-de-estelionato-em-piracicaba\/#breadcrumblist","itemListElement":[{"@type":"ListItem","@id":"https:\/\/www.encontrapiracicaba.com.br\/sobre#listItem","position":1,"name":"In\u00edcio","item":"https:\/\/www.encontrapiracicaba.com.br\/sobre","nextItem":{"@type":"ListItem","@id":"https:\/\/www.encontrapiracicaba.com.br\/sobre\/noticias-em-piracicaba\/#listItem","name":"Not\u00edcias Piracicaba"}},{"@type":"ListItem","@id":"https:\/\/www.encontrapiracicaba.com.br\/sobre\/noticias-em-piracicaba\/#listItem","position":2,"name":"Not\u00edcias Piracicaba","item":"https:\/\/www.encontrapiracicaba.com.br\/sobre\/noticias-em-piracicaba\/","nextItem":{"@type":"ListItem","@id":"https:\/\/www.encontrapiracicaba.com.br\/sobre\/mais-dois-homens-sao-presos-em-flagrante-acusados-de-estelionato-em-piracicaba\/#listItem","name":"Mais dois homens s\u00e3o presos em flagrante acusados de estelionato em Piracicaba"},"previousItem":{"@type":"ListItem","@id":"https:\/\/www.encontrapiracicaba.com.br\/sobre#listItem","name":"In\u00edcio"}},{"@type":"ListItem","@id":"https:\/\/www.encontrapiracicaba.com.br\/sobre\/mais-dois-homens-sao-presos-em-flagrante-acusados-de-estelionato-em-piracicaba\/#listItem","position":3,"name":"Mais dois homens s\u00e3o presos em flagrante acusados de estelionato em Piracicaba","previousItem":{"@type":"ListItem","@id":"https:\/\/www.encontrapiracicaba.com.br\/sobre\/noticias-em-piracicaba\/#listItem","name":"Not\u00edcias Piracicaba"}}]},{"@type":"Organization","@id":"https:\/\/www.encontrapiracicaba.com.br\/sobre\/#organization","name":"Encontra Piracicaba","description":"Not\u00edcias, eventos, informa\u00e7\u00f5es e dicas na cidade de Piracicaba e regi\u00e3o","url":"https:\/\/www.encontrapiracicaba.com.br\/sobre\/"},{"@type":"Person","@id":"https:\/\/www.encontrapiracicaba.com.br\/sobre\/author\/epiracicaba\/#author","url":"https:\/\/www.encontrapiracicaba.com.br\/sobre\/author\/epiracicaba\/","name":"Encontra Piracicaba","image":{"@type":"ImageObject","@id":"https:\/\/www.encontrapiracicaba.com.br\/sobre\/mais-dois-homens-sao-presos-em-flagrante-acusados-de-estelionato-em-piracicaba\/#authorImage","url":"https:\/\/secure.gravatar.com\/avatar\/507340682b8270222e1f208e23198b6ae7e2c6a1033ae84e99bc6bce4f82a387?s=96&d=mm&r=g","width":96,"height":96,"caption":"Encontra Piracicaba"}},{"@type":"WebPage","@id":"https:\/\/www.encontrapiracicaba.com.br\/sobre\/mais-dois-homens-sao-presos-em-flagrante-acusados-de-estelionato-em-piracicaba\/#webpage","url":"https:\/\/www.encontrapiracicaba.com.br\/sobre\/mais-dois-homens-sao-presos-em-flagrante-acusados-de-estelionato-em-piracicaba\/","name":"Mais dois homens s\u00e3o presos em flagrante acusados de estelionato em Piracicaba | Encontra Piracicaba","inLanguage":"pt-BR","isPartOf":{"@id":"https:\/\/www.encontrapiracicaba.com.br\/sobre\/#website"},"breadcrumb":{"@id":"https:\/\/www.encontrapiracicaba.com.br\/sobre\/mais-dois-homens-sao-presos-em-flagrante-acusados-de-estelionato-em-piracicaba\/#breadcrumblist"},"author":{"@id":"https:\/\/www.encontrapiracicaba.com.br\/sobre\/author\/epiracicaba\/#author"},"creator":{"@id":"https:\/\/www.encontrapiracicaba.com.br\/sobre\/author\/epiracicaba\/#author"},"datePublished":"2011-06-30T19:01:11-03:00","dateModified":"2019-04-12T16:07:51-03:00"},{"@type":"WebSite","@id":"https:\/\/www.encontrapiracicaba.com.br\/sobre\/#website","url":"https:\/\/www.encontrapiracicaba.com.br\/sobre\/","name":"Encontra Piracicaba","description":"Not\u00edcias, eventos, informa\u00e7\u00f5es e dicas na cidade de Piracicaba e regi\u00e3o","inLanguage":"pt-BR","publisher":{"@id":"https:\/\/www.encontrapiracicaba.com.br\/sobre\/#organization"}}]},"og:locale":"pt_BR","og:site_name":"Encontra Piracicaba | Not\u00edcias, eventos, informa\u00e7\u00f5es e dicas na cidade de Piracicaba e regi\u00e3o","og:type":"article","og:title":"Mais dois homens s\u00e3o presos em flagrante acusados de estelionato em Piracicaba | Encontra Piracicaba","og:url":"https:\/\/www.encontrapiracicaba.com.br\/sobre\/mais-dois-homens-sao-presos-em-flagrante-acusados-de-estelionato-em-piracicaba\/","article:published_time":"2011-06-30T22:01:11+00:00","article:modified_time":"2019-04-12T19:07:51+00:00","twitter:card":"summary","twitter:title":"Mais dois homens s\u00e3o presos em flagrante acusados de estelionato em Piracicaba | Encontra Piracicaba"},"aioseo_meta_data":{"post_id":"365","title":null,"description":null,"keywords":null,"keyphrases":null,"primary_term":null,"canonical_url":null,"og_title":null,"og_description":null,"og_object_type":"default","og_image_type":"default","og_image_url":null,"og_image_width":null,"og_image_height":null,"og_image_custom_url":null,"og_image_custom_fields":null,"og_video":null,"og_custom_url":null,"og_article_section":null,"og_article_tags":null,"twitter_use_og":false,"twitter_card":"default","twitter_image_type":"default","twitter_image_url":null,"twitter_image_custom_url":null,"twitter_image_custom_fields":null,"twitter_title":null,"twitter_description":null,"schema":{"blockGraphs":[],"customGraphs":[],"default":{"data":{"Article":[],"Course":[],"Dataset":[],"FAQPage":[],"Movie":[],"Person":[],"Product":[],"ProductReview":[],"Car":[],"Recipe":[],"Service":[],"SoftwareApplication":[],"WebPage":[]},"graphName":"Article","isEnabled":true},"graphs":[]},"schema_type":null,"schema_type_options":null,"pillar_content":false,"robots_default":true,"robots_noindex":false,"robots_noarchive":false,"robots_nosnippet":false,"robots_nofollow":false,"robots_noimageindex":false,"robots_noodp":false,"robots_notranslate":false,"robots_max_snippet":null,"robots_max_videopreview":null,"robots_max_imagepreview":"large","priority":null,"frequency":null,"local_seo":null,"breadcrumb_settings":null,"limit_modified_date":false,"ai":null,"created":"2021-08-13 20:57:44","updated":"2025-10-03 21:46:07","focus_keyword":null,"additional_keywords":null,"truseo_locale":null,"seo_analyzer_scan_date":null},"aioseo_breadcrumb":"<div class=\"aioseo-breadcrumbs\"><span class=\"aioseo-breadcrumb\">\n\t\t\t<a href=\"https:\/\/www.encontrapiracicaba.com.br\/sobre\" title=\"In\u00edcio\">In\u00edcio<\/a>\n\t\t<\/span><span class=\"aioseo-breadcrumb-separator\">&raquo;<\/span><span class=\"aioseo-breadcrumb\">\n\t\t\t<a href=\"https:\/\/www.encontrapiracicaba.com.br\/sobre\/noticias-em-piracicaba\/\" title=\"Not\u00edcias Piracicaba\">Not\u00edcias Piracicaba<\/a>\n\t\t<\/span><span class=\"aioseo-breadcrumb-separator\">&raquo;<\/span><span class=\"aioseo-breadcrumb\">\n\t\t\tMais dois homens s\u00e3o presos em flagrante acusados de estelionato em Piracicaba\n\t\t<\/span><\/div>","aioseo_breadcrumb_json":[{"label":"In\u00edcio","link":"https:\/\/www.encontrapiracicaba.com.br\/sobre"},{"label":"Not\u00edcias Piracicaba","link":"https:\/\/www.encontrapiracicaba.com.br\/sobre\/noticias-em-piracicaba\/"},{"label":"Mais dois homens s\u00e3o presos em flagrante acusados de estelionato em Piracicaba","link":"https:\/\/www.encontrapiracicaba.com.br\/sobre\/mais-dois-homens-sao-presos-em-flagrante-acusados-de-estelionato-em-piracicaba\/"}],"_links":{"self":[{"href":"https:\/\/www.encontrapiracicaba.com.br\/sobre\/wp-json\/wp\/v2\/posts\/365","targetHints":{"allow":["GET"]}}],"collection":[{"href":"https:\/\/www.encontrapiracicaba.com.br\/sobre\/wp-json\/wp\/v2\/posts"}],"about":[{"href":"https:\/\/www.encontrapiracicaba.com.br\/sobre\/wp-json\/wp\/v2\/types\/post"}],"author":[{"embeddable":true,"href":"https:\/\/www.encontrapiracicaba.com.br\/sobre\/wp-json\/wp\/v2\/users\/1"}],"replies":[{"embeddable":true,"href":"https:\/\/www.encontrapiracicaba.com.br\/sobre\/wp-json\/wp\/v2\/comments?post=365"}],"version-history":[{"count":2,"href":"https:\/\/www.encontrapiracicaba.com.br\/sobre\/wp-json\/wp\/v2\/posts\/365\/revisions"}],"predecessor-version":[{"id":1666,"href":"https:\/\/www.encontrapiracicaba.com.br\/sobre\/wp-json\/wp\/v2\/posts\/365\/revisions\/1666"}],"wp:attachment":[{"href":"https:\/\/www.encontrapiracicaba.com.br\/sobre\/wp-json\/wp\/v2\/media?parent=365"}],"wp:term":[{"taxonomy":"category","embeddable":true,"href":"https:\/\/www.encontrapiracicaba.com.br\/sobre\/wp-json\/wp\/v2\/categories?post=365"},{"taxonomy":"post_tag","embeddable":true,"href":"https:\/\/www.encontrapiracicaba.com.br\/sobre\/wp-json\/wp\/v2\/tags?post=365"}],"curies":[{"name":"wp","href":"https:\/\/api.w.org\/{rel}","templated":true}]}}