{"id":3749,"date":"2025-11-10T10:30:00","date_gmt":"2025-11-10T13:30:00","guid":{"rendered":"https:\/\/www.encontrapiracicaba.com.br\/sobre\/vereador-busca-parceria-entre-escola-do-legislativo-de-piracicaba-e-ilp\/"},"modified":"2025-11-10T10:30:00","modified_gmt":"2025-11-10T13:30:00","slug":"vereador-busca-parceria-entre-escola-do-legislativo-de-piracicaba-e-ilp","status":"publish","type":"post","link":"https:\/\/www.encontrapiracicaba.com.br\/sobre\/vereador-busca-parceria-entre-escola-do-legislativo-de-piracicaba-e-ilp\/","title":{"rendered":"Vereador busca parceria entre Escola do Legislativo de Piracicaba e ILP"},"content":{"rendered":"<div class=\"85df007ed5c0c4d4b453fd13a37855e8\" data-index=\"1\" style=\"float: none; margin:0px;\">\n<!-- Anuncio display - global -->\r\n<ins class=\"adsbygoogle\"\r\n     style=\"display:block\"\r\n     data-ad-client=\"ca-pub-8585364105181520\"\r\n     data-ad-slot=\"8789329856\"\r\n     data-ad-format=\"auto\"\r\n     data-full-width-responsive=\"true\"><\/ins>\r\n<script>\r\n     (adsbygoogle = window.adsbygoogle || []).push({});\r\n<\/script>\n<\/div>\n<h2>Vereador Pedro Kawai e sua Visita ao ILP<\/h2>\n<p>O <strong>Vereador Pedro Kawai<\/strong> recentemente visitou o <strong>Instituto Luiz Pasquini (ILP)<\/strong> em Piracicaba. Essa visita foi um passo importante na constru\u00e7\u00e3o de uma parceria entre a <strong>Escola do Legislativo de Piracicaba<\/strong> e o ILP. O objetivo principal foi estreitar la\u00e7os e discutir como a colabora\u00e7\u00e3o pode fortalecer a educa\u00e7\u00e3o e a cidadania na cidade.<\/p>\n<p>Durante a visita, Kawai destacou a import\u00e2ncia do ILP na promo\u00e7\u00e3o da educa\u00e7\u00e3o e forma\u00e7\u00e3o cidad\u00e3. Ele foi recebido por representantes do instituto, que apresentaram os projetos desenvolvidos e as oportunidades que est\u00e3o dispon\u00edveis para a comunidade.<\/p>\n<h2>Objetivos da Parceria entre Escola do Legislativo e ILP<\/h2>\n<p>A parceria entre a <strong>Escola do Legislativo de Piracicaba<\/strong> e o <strong>ILP<\/strong> tem como principal objetivo a promo\u00e7\u00e3o de cursos e capacita\u00e7\u00f5es que ajudem a formar cidad\u00e3os mais conscientes e engajados. Entre os objetivos espec\u00edficos, destacam-se:<\/p>\n<ul>\n<li><strong>Fortalecimento da educa\u00e7\u00e3o c\u00edvica:<\/strong> Ensinar aos cidad\u00e3os sobre os direitos e deveres na sociedade.<\/li>\n<li><strong>Capacita\u00e7\u00e3o de lideran\u00e7as:<\/strong> Preparar pessoas para assumirem pap\u00e9is ativos na pol\u00edtica e na comunidade.<\/li>\n<li><strong>Promo\u00e7\u00e3o de eventos educativos:<\/strong> Realizar semin\u00e1rios, oficinas e palestras com temas relevantes.<\/li>\n<\/ul>\n<h2>Como o ILP Promove a Educa\u00e7\u00e3o Cidad\u00e3<\/h2>\n<p>O <strong>ILP<\/strong> se dedica a promover a educa\u00e7\u00e3o cidad\u00e3 atrav\u00e9s de diversos projetos. A institui\u00e7\u00e3o oferece cursos que abordam temas como:<\/p>\n<ul>\n<li><strong>Direitos humanos:<\/strong> Focando na import\u00e2ncia dos direitos fundamentais e como reivindic\u00e1-los.<\/li>\n<li><strong>Participa\u00e7\u00e3o pol\u00edtica:<\/strong> Ensinar cidad\u00e3os a se envolverem ativamente no processo pol\u00edtico.<\/li>\n<li><strong>Gest\u00e3o p\u00fablica:<\/strong> Capacitar cidad\u00e3os para melhor compreenderem a administra\u00e7\u00e3o p\u00fablica e suas fun\u00e7\u00f5es.<\/li>\n<\/ul>\n<p>Atrav\u00e9s dessas iniciativas, o ILP se prop\u00f5e a criar um ambiente onde os cidad\u00e3os possam aprender e desenvolver habilidades necess\u00e1rias para se tornarem agentes de transforma\u00e7\u00e3o social.<\/p>\n<h2>O Papel da Escola do Legislativo em Piracicaba<\/h2>\n<p>A <strong>Escola do Legislativo de Piracicaba<\/strong> tem um papel crucial na forma\u00e7\u00e3o e capacita\u00e7\u00e3o de cidad\u00e3os. Seu foco \u00e9:<\/p>\n<ul>\n<li><strong>Oferecer forma\u00e7\u00e3o continuada:<\/strong> Proporcionar cursos, workshops e treinamentos para a comunidade.<\/li>\n<li><strong>Promover a cidadania:<\/strong> Incentivar a participa\u00e7\u00e3o dos cidad\u00e3os nos processos democr\u00e1ticos.<\/li>\n<li><strong>Fomentar a transpar\u00eancia e o controle social:<\/strong> Educar sobre a import\u00e2ncia da fiscaliza\u00e7\u00e3o das a\u00e7\u00f5es governamentais.<\/li>\n<\/ul>\n<p>Essas a\u00e7\u00f5es visam empoderar os cidad\u00e3os para que possam atuar de forma cr\u00edtica e participativa nas decis\u00f5es que afetam suas vidas e a vida da comunidade.<\/p>\n<h2>Cursos e Capacita\u00e7\u00f5es Oferecidos pelo ILP<\/h2>\n<p>O ILP oferece uma variedade de cursos e capacita\u00e7\u00f5es voltados para a forma\u00e7\u00e3o de cidad\u00e3os e l\u00edderes. Alguns dos cursos dispon\u00edveis incluem:<\/p>\n<ul>\n<li><strong>Curso de Comunica\u00e7\u00e3o e Orat\u00f3ria:<\/strong> Ensina t\u00e9cnicas de comunica\u00e7\u00e3o eficaz, fundamentais para qualquer l\u00edder.<\/li>\n<li><strong>Workshop sobre Pol\u00edticas P\u00fablicas:<\/strong> Aborda como elas s\u00e3o formuladas e implementadas.<\/li>\n<li><strong>Forma\u00e7\u00e3o em Empreendedorismo Social:<\/strong> Capacita cidad\u00e3os a desenvolverem projetos que beneficiem a comunidade.<\/li>\n<\/ul>\n<p>Esses cursos t\u00eam como meta capacitar os participantes para que eles possam aplicar o conhecimento adquirido em a\u00e7\u00f5es concretas na comunidade.<\/p>\n<h2>Fortalecimento da Cidadania e Forma\u00e7\u00e3o de Lideran\u00e7as<\/h2>\n<p>A parceria entre a <strong>Escola do Legislativo de Piracicaba<\/strong> e o <strong>ILP<\/strong> visa tamb\u00e9m o fortalecimento da cidadania e a forma\u00e7\u00e3o de novas lideran\u00e7as. O desenvolvimento de habilidades e a conscientiza\u00e7\u00e3o dos cidad\u00e3os sobre suas responsabilidades sociais s\u00e3o essenciais para o fortalecimento da democracia local.<\/p>\n<p>Por meio de iniciativas conjuntas, os dois \u00f3rg\u00e3os est\u00e3o criando um ambiente prop\u00edcio para o surgimento de l\u00edderes que poder\u00e3o atuar em diversos segmentos da sociedade, promovendo mudan\u00e7as positivas e representativas.<\/p>\n<h2>Import\u00e2ncia da Participa\u00e7\u00e3o Cidad\u00e3 na Pol\u00edtica<\/h2>\n<p>A participa\u00e7\u00e3o cidad\u00e3 \u00e9 fundamental para a democracia. Quanto mais os cidad\u00e3os se engajam no processo pol\u00edtico, mais representativa e eficaz a pol\u00edtica se torna. A parceria entre a Escola do Legislativo e o ILP tem como meta:<\/p>\n<ul>\n<li><strong>Incentivar o voto consciente:<\/strong> Ensinar os cidad\u00e3os a escolherem seus representantes de forma informada.<\/li>\n<li><strong>Promover a discuss\u00e3o sobre temas pol\u00edticos relevantes:<\/strong> Criar um espa\u00e7o para que a popula\u00e7\u00e3o debata e expresse suas opini\u00f5es.<\/li>\n<li><strong>Estabelecer canais diretos de comunica\u00e7\u00e3o entre a popula\u00e7\u00e3o e os legisladores:<\/strong> Facilitar o di\u00e1logo sobre as demandas e necessidades da comunidade.<\/li>\n<\/ul>\n<p>Esses fatores s\u00e3o vitais para construir uma sociedade mais justa e participativa.<\/p>\n<h2>Expectativas para o Futuro da Escola do Legislativo<\/h2>\n<p>As expectativas para o <strong>futuro da Escola do Legislativo de Piracicaba<\/strong> s\u00e3o promissoras. Com o fortalecimento da parceria com o ILP, espera-se um aumento significativo na oferta de cursos e capacita\u00e7\u00f5es. Al\u00e9m disso, a comunidade poder\u00e1 desfrutar de:<\/p>\n<ul>\n<li><strong>Mais eventos educativos:<\/strong> Com a realiza\u00e7\u00e3o de palestras e semin\u00e1rios sobre temas atuais.<\/li>\n<li><strong>Amplia\u00e7\u00e3o do alcance das a\u00e7\u00f5es:<\/strong> Buscar atender um maior n\u00famero de pessoas e comunidades.<\/li>\n<li><strong>Maior engajamento da popula\u00e7\u00e3o:<\/strong> Incentivar mais pessoas a se tornarem ativas na pol\u00edtica e na sociedade.<\/li>\n<\/ul>\n<p>Essas a\u00e7\u00f5es visam criar uma sociedade mais informada e participativa.<\/p>\n<h2>Declara\u00e7\u00f5es do Vereador sobre a Iniciativa<\/h2>\n<p>O <strong>Vereador Pedro Kawai<\/strong> fez declara\u00e7\u00f5es entusi\u00e1sticas sobre a parceria entre a Escola do Legislativo e o ILP. Ele ressaltou que:<\/p>\n<ul>\n<li><strong>A educa\u00e7\u00e3o \u00e9 a base para uma democracia saud\u00e1vel:<\/strong> Sem cidad\u00e3os bem informados, n\u00e3o h\u00e1 democracia verdadeira.<\/li>\n<li><strong>Essa parceria \u00e9 uma oportunidade \u00fanica:<\/strong> Para engajar a popula\u00e7\u00e3o e capacit\u00e1-la para os desafios pol\u00edticos.<\/li>\n<li><strong>O fortalecimento da cidadania deve ser uma prioridade:<\/strong> Todos devem ter acesso \u00e0 educa\u00e7\u00e3o que os prepare para o exerc\u00edcio pleno da cidadania.<\/li>\n<\/ul>\n<p>Essas falas refletem o compromisso do vereador com a educa\u00e7\u00e3o e a cidadania na cidade.<\/p>\n<h2>Impacto da Parceria na Comunidade Piracicabana<\/h2>\n<p>A parceria entre a Escola do Legislativo e o ILP promete ter um impacto significativo na comunidade piracicabana. Espera-se que:<\/p>\n<ul>\n<li><strong>Aumente a conscientiza\u00e7\u00e3o pol\u00edtica:<\/strong> Dos cidad\u00e3os sobre seus direitos e deveres.<\/li>\n<li><strong>Fomente o desenvolvimento de lideran\u00e7as locais:<\/strong> Que atuar\u00e3o em benef\u00edcio da comunidade.<\/li>\n<li><strong>Melhore a participa\u00e7\u00e3o da sociedade:<\/strong> Nos processos pol\u00edticos e de decis\u00e3o.<\/li>\n<\/ul>\n<p>Com isso, a comunidade ter\u00e1 mais protagonistas em sua hist\u00f3ria, o que \u00e9 fundamental para o fortalecimento da democracia local.<\/p>\n\n<div style=\"font-size: 0px; height: 0px; line-height: 0px; margin: 0; padding: 0; clear: both;\"><\/div>","protected":false},"excerpt":{"rendered":"<p>Vereador Kawai amplia oportunidades na Escola do Legislativo de Piracicaba.<\/p>\n","protected":false},"author":1,"featured_media":3748,"comment_status":"closed","ping_status":"closed","sticky":false,"template":"","format":"standard","meta":{"footnotes":""},"categories":[6],"tags":[],"class_list":["post-3749","post","type-post","status-publish","format-standard","has-post-thumbnail","hentry","category-noticias-em-piracicaba","has_thumb"],"aioseo_notices":[],"aioseo_head":"\n\t\t<!-- All in One SEO 5.0.0.1 - aioseo.com -->\n\t<meta name=\"robots\" content=\"max-image-preview:large\" \/>\n\t<meta name=\"author\" content=\"Encontra Piracicaba\"\/>\n\t<link rel=\"canonical\" href=\"https:\/\/www.encontrapiracicaba.com.br\/sobre\/vereador-busca-parceria-entre-escola-do-legislativo-de-piracicaba-e-ilp\/\" \/>\n\t<meta name=\"generator\" content=\"All in One SEO (AIOSEO) 5.0.0.1\" \/>\n\t\t<meta property=\"og:locale\" content=\"pt_BR\" \/>\n\t\t<meta property=\"og:site_name\" content=\"Encontra Piracicaba | Not\u00edcias, eventos, informa\u00e7\u00f5es e dicas na cidade de Piracicaba e regi\u00e3o\" \/>\n\t\t<meta property=\"og:type\" content=\"article\" \/>\n\t\t<meta property=\"og:title\" content=\"Vereador busca parceria entre Escola do Legislativo de Piracicaba e ILP | Encontra Piracicaba\" \/>\n\t\t<meta property=\"og:url\" content=\"https:\/\/www.encontrapiracicaba.com.br\/sobre\/vereador-busca-parceria-entre-escola-do-legislativo-de-piracicaba-e-ilp\/\" \/>\n\t\t<meta property=\"article:published_time\" content=\"2025-11-10T13:30:00+00:00\" \/>\n\t\t<meta property=\"article:modified_time\" content=\"2025-11-10T13:30:00+00:00\" \/>\n\t\t<meta name=\"twitter:card\" content=\"summary\" \/>\n\t\t<meta name=\"twitter:title\" content=\"Vereador busca parceria entre Escola do Legislativo de Piracicaba e ILP | Encontra Piracicaba\" \/>\n\t\t<script type=\"application\/ld+json\" class=\"aioseo-schema\">\n\t\t\t{\"@context\":\"https:\\\/\\\/schema.org\",\"@graph\":[{\"@type\":\"Article\",\"@id\":\"https:\\\/\\\/www.encontrapiracicaba.com.br\\\/sobre\\\/vereador-busca-parceria-entre-escola-do-legislativo-de-piracicaba-e-ilp\\\/#article\",\"name\":\"Vereador busca parceria entre Escola do Legislativo de Piracicaba e ILP | Encontra Piracicaba\",\"headline\":\"Vereador busca parceria entre Escola do Legislativo de Piracicaba e ILP\",\"author\":{\"@id\":\"https:\\\/\\\/www.encontrapiracicaba.com.br\\\/sobre\\\/author\\\/epiracicaba\\\/#author\"},\"publisher\":{\"@id\":\"https:\\\/\\\/www.encontrapiracicaba.com.br\\\/sobre\\\/#organization\"},\"image\":{\"@type\":\"ImageObject\",\"url\":\"https:\\\/\\\/www.encontrapiracicaba.com.br\\\/sobre\\\/wp-content\\\/uploads\\\/vereador-busca-parceria-entre-escola-do-legislativo-de-piracicaba-e-ilp.webp\",\"width\":320,\"height\":280,\"caption\":\"parceria entre Escola do Legislativo de Piracicaba e ILP\"},\"datePublished\":\"2025-11-10T10:30:00-03:00\",\"dateModified\":\"2025-11-10T10:30:00-03:00\",\"inLanguage\":\"pt-BR\",\"mainEntityOfPage\":{\"@id\":\"https:\\\/\\\/www.encontrapiracicaba.com.br\\\/sobre\\\/vereador-busca-parceria-entre-escola-do-legislativo-de-piracicaba-e-ilp\\\/#webpage\"},\"isPartOf\":{\"@id\":\"https:\\\/\\\/www.encontrapiracicaba.com.br\\\/sobre\\\/vereador-busca-parceria-entre-escola-do-legislativo-de-piracicaba-e-ilp\\\/#webpage\"},\"articleSection\":\"Not\\u00edcias Piracicaba\"},{\"@type\":\"BreadcrumbList\",\"@id\":\"https:\\\/\\\/www.encontrapiracicaba.com.br\\\/sobre\\\/vereador-busca-parceria-entre-escola-do-legislativo-de-piracicaba-e-ilp\\\/#breadcrumblist\",\"itemListElement\":[{\"@type\":\"ListItem\",\"@id\":\"https:\\\/\\\/www.encontrapiracicaba.com.br\\\/sobre#listItem\",\"position\":1,\"name\":\"In\\u00edcio\",\"item\":\"https:\\\/\\\/www.encontrapiracicaba.com.br\\\/sobre\",\"nextItem\":{\"@type\":\"ListItem\",\"@id\":\"https:\\\/\\\/www.encontrapiracicaba.com.br\\\/sobre\\\/noticias-em-piracicaba\\\/#listItem\",\"name\":\"Not\\u00edcias Piracicaba\"}},{\"@type\":\"ListItem\",\"@id\":\"https:\\\/\\\/www.encontrapiracicaba.com.br\\\/sobre\\\/noticias-em-piracicaba\\\/#listItem\",\"position\":2,\"name\":\"Not\\u00edcias Piracicaba\",\"item\":\"https:\\\/\\\/www.encontrapiracicaba.com.br\\\/sobre\\\/noticias-em-piracicaba\\\/\",\"nextItem\":{\"@type\":\"ListItem\",\"@id\":\"https:\\\/\\\/www.encontrapiracicaba.com.br\\\/sobre\\\/vereador-busca-parceria-entre-escola-do-legislativo-de-piracicaba-e-ilp\\\/#listItem\",\"name\":\"Vereador busca parceria entre Escola do Legislativo de Piracicaba e ILP\"},\"previousItem\":{\"@type\":\"ListItem\",\"@id\":\"https:\\\/\\\/www.encontrapiracicaba.com.br\\\/sobre#listItem\",\"name\":\"In\\u00edcio\"}},{\"@type\":\"ListItem\",\"@id\":\"https:\\\/\\\/www.encontrapiracicaba.com.br\\\/sobre\\\/vereador-busca-parceria-entre-escola-do-legislativo-de-piracicaba-e-ilp\\\/#listItem\",\"position\":3,\"name\":\"Vereador busca parceria entre Escola do Legislativo de Piracicaba e ILP\",\"previousItem\":{\"@type\":\"ListItem\",\"@id\":\"https:\\\/\\\/www.encontrapiracicaba.com.br\\\/sobre\\\/noticias-em-piracicaba\\\/#listItem\",\"name\":\"Not\\u00edcias Piracicaba\"}}]},{\"@type\":\"Organization\",\"@id\":\"https:\\\/\\\/www.encontrapiracicaba.com.br\\\/sobre\\\/#organization\",\"name\":\"Encontra Piracicaba\",\"description\":\"Not\\u00edcias, eventos, informa\\u00e7\\u00f5es e dicas na cidade de Piracicaba e regi\\u00e3o\",\"url\":\"https:\\\/\\\/www.encontrapiracicaba.com.br\\\/sobre\\\/\"},{\"@type\":\"Person\",\"@id\":\"https:\\\/\\\/www.encontrapiracicaba.com.br\\\/sobre\\\/author\\\/epiracicaba\\\/#author\",\"url\":\"https:\\\/\\\/www.encontrapiracicaba.com.br\\\/sobre\\\/author\\\/epiracicaba\\\/\",\"name\":\"Encontra Piracicaba\",\"image\":{\"@type\":\"ImageObject\",\"@id\":\"https:\\\/\\\/www.encontrapiracicaba.com.br\\\/sobre\\\/vereador-busca-parceria-entre-escola-do-legislativo-de-piracicaba-e-ilp\\\/#authorImage\",\"url\":\"https:\\\/\\\/secure.gravatar.com\\\/avatar\\\/507340682b8270222e1f208e23198b6ae7e2c6a1033ae84e99bc6bce4f82a387?s=96&d=mm&r=g\",\"width\":96,\"height\":96,\"caption\":\"Encontra Piracicaba\"}},{\"@type\":\"WebPage\",\"@id\":\"https:\\\/\\\/www.encontrapiracicaba.com.br\\\/sobre\\\/vereador-busca-parceria-entre-escola-do-legislativo-de-piracicaba-e-ilp\\\/#webpage\",\"url\":\"https:\\\/\\\/www.encontrapiracicaba.com.br\\\/sobre\\\/vereador-busca-parceria-entre-escola-do-legislativo-de-piracicaba-e-ilp\\\/\",\"name\":\"Vereador busca parceria entre Escola do Legislativo de Piracicaba e ILP | Encontra Piracicaba\",\"inLanguage\":\"pt-BR\",\"isPartOf\":{\"@id\":\"https:\\\/\\\/www.encontrapiracicaba.com.br\\\/sobre\\\/#website\"},\"breadcrumb\":{\"@id\":\"https:\\\/\\\/www.encontrapiracicaba.com.br\\\/sobre\\\/vereador-busca-parceria-entre-escola-do-legislativo-de-piracicaba-e-ilp\\\/#breadcrumblist\"},\"author\":{\"@id\":\"https:\\\/\\\/www.encontrapiracicaba.com.br\\\/sobre\\\/author\\\/epiracicaba\\\/#author\"},\"creator\":{\"@id\":\"https:\\\/\\\/www.encontrapiracicaba.com.br\\\/sobre\\\/author\\\/epiracicaba\\\/#author\"},\"image\":{\"@type\":\"ImageObject\",\"url\":\"https:\\\/\\\/www.encontrapiracicaba.com.br\\\/sobre\\\/wp-content\\\/uploads\\\/vereador-busca-parceria-entre-escola-do-legislativo-de-piracicaba-e-ilp.webp\",\"@id\":\"https:\\\/\\\/www.encontrapiracicaba.com.br\\\/sobre\\\/vereador-busca-parceria-entre-escola-do-legislativo-de-piracicaba-e-ilp\\\/#mainImage\",\"width\":320,\"height\":280,\"caption\":\"parceria entre Escola do Legislativo de Piracicaba e ILP\"},\"primaryImageOfPage\":{\"@id\":\"https:\\\/\\\/www.encontrapiracicaba.com.br\\\/sobre\\\/vereador-busca-parceria-entre-escola-do-legislativo-de-piracicaba-e-ilp\\\/#mainImage\"},\"datePublished\":\"2025-11-10T10:30:00-03:00\",\"dateModified\":\"2025-11-10T10:30:00-03:00\"},{\"@type\":\"WebSite\",\"@id\":\"https:\\\/\\\/www.encontrapiracicaba.com.br\\\/sobre\\\/#website\",\"url\":\"https:\\\/\\\/www.encontrapiracicaba.com.br\\\/sobre\\\/\",\"name\":\"Encontra Piracicaba\",\"description\":\"Not\\u00edcias, eventos, informa\\u00e7\\u00f5es e dicas na cidade de Piracicaba e regi\\u00e3o\",\"inLanguage\":\"pt-BR\",\"publisher\":{\"@id\":\"https:\\\/\\\/www.encontrapiracicaba.com.br\\\/sobre\\\/#organization\"}}]}\n\t\t<\/script>\n\t\t<!-- All in One SEO -->\n\n","aioseo_head_json":{"title":"Vereador busca parceria entre Escola do Legislativo de Piracicaba e ILP | Encontra Piracicaba","description":"","canonical_url":"https:\/\/www.encontrapiracicaba.com.br\/sobre\/vereador-busca-parceria-entre-escola-do-legislativo-de-piracicaba-e-ilp\/","robots":"max-image-preview:large","keywords":"","webmasterTools":{"miscellaneous":""},"schema":{"@context":"https:\/\/schema.org","@graph":[{"@type":"Article","@id":"https:\/\/www.encontrapiracicaba.com.br\/sobre\/vereador-busca-parceria-entre-escola-do-legislativo-de-piracicaba-e-ilp\/#article","name":"Vereador busca parceria entre Escola do Legislativo de Piracicaba e ILP | Encontra Piracicaba","headline":"Vereador busca parceria entre Escola do Legislativo de Piracicaba e ILP","author":{"@id":"https:\/\/www.encontrapiracicaba.com.br\/sobre\/author\/epiracicaba\/#author"},"publisher":{"@id":"https:\/\/www.encontrapiracicaba.com.br\/sobre\/#organization"},"image":{"@type":"ImageObject","url":"https:\/\/www.encontrapiracicaba.com.br\/sobre\/wp-content\/uploads\/vereador-busca-parceria-entre-escola-do-legislativo-de-piracicaba-e-ilp.webp","width":320,"height":280,"caption":"parceria entre Escola do Legislativo de Piracicaba e ILP"},"datePublished":"2025-11-10T10:30:00-03:00","dateModified":"2025-11-10T10:30:00-03:00","inLanguage":"pt-BR","mainEntityOfPage":{"@id":"https:\/\/www.encontrapiracicaba.com.br\/sobre\/vereador-busca-parceria-entre-escola-do-legislativo-de-piracicaba-e-ilp\/#webpage"},"isPartOf":{"@id":"https:\/\/www.encontrapiracicaba.com.br\/sobre\/vereador-busca-parceria-entre-escola-do-legislativo-de-piracicaba-e-ilp\/#webpage"},"articleSection":"Not\u00edcias Piracicaba"},{"@type":"BreadcrumbList","@id":"https:\/\/www.encontrapiracicaba.com.br\/sobre\/vereador-busca-parceria-entre-escola-do-legislativo-de-piracicaba-e-ilp\/#breadcrumblist","itemListElement":[{"@type":"ListItem","@id":"https:\/\/www.encontrapiracicaba.com.br\/sobre#listItem","position":1,"name":"In\u00edcio","item":"https:\/\/www.encontrapiracicaba.com.br\/sobre","nextItem":{"@type":"ListItem","@id":"https:\/\/www.encontrapiracicaba.com.br\/sobre\/noticias-em-piracicaba\/#listItem","name":"Not\u00edcias Piracicaba"}},{"@type":"ListItem","@id":"https:\/\/www.encontrapiracicaba.com.br\/sobre\/noticias-em-piracicaba\/#listItem","position":2,"name":"Not\u00edcias Piracicaba","item":"https:\/\/www.encontrapiracicaba.com.br\/sobre\/noticias-em-piracicaba\/","nextItem":{"@type":"ListItem","@id":"https:\/\/www.encontrapiracicaba.com.br\/sobre\/vereador-busca-parceria-entre-escola-do-legislativo-de-piracicaba-e-ilp\/#listItem","name":"Vereador busca parceria entre Escola do Legislativo de Piracicaba e ILP"},"previousItem":{"@type":"ListItem","@id":"https:\/\/www.encontrapiracicaba.com.br\/sobre#listItem","name":"In\u00edcio"}},{"@type":"ListItem","@id":"https:\/\/www.encontrapiracicaba.com.br\/sobre\/vereador-busca-parceria-entre-escola-do-legislativo-de-piracicaba-e-ilp\/#listItem","position":3,"name":"Vereador busca parceria entre Escola do Legislativo de Piracicaba e ILP","previousItem":{"@type":"ListItem","@id":"https:\/\/www.encontrapiracicaba.com.br\/sobre\/noticias-em-piracicaba\/#listItem","name":"Not\u00edcias Piracicaba"}}]},{"@type":"Organization","@id":"https:\/\/www.encontrapiracicaba.com.br\/sobre\/#organization","name":"Encontra Piracicaba","description":"Not\u00edcias, eventos, informa\u00e7\u00f5es e dicas na cidade de Piracicaba e regi\u00e3o","url":"https:\/\/www.encontrapiracicaba.com.br\/sobre\/"},{"@type":"Person","@id":"https:\/\/www.encontrapiracicaba.com.br\/sobre\/author\/epiracicaba\/#author","url":"https:\/\/www.encontrapiracicaba.com.br\/sobre\/author\/epiracicaba\/","name":"Encontra Piracicaba","image":{"@type":"ImageObject","@id":"https:\/\/www.encontrapiracicaba.com.br\/sobre\/vereador-busca-parceria-entre-escola-do-legislativo-de-piracicaba-e-ilp\/#authorImage","url":"https:\/\/secure.gravatar.com\/avatar\/507340682b8270222e1f208e23198b6ae7e2c6a1033ae84e99bc6bce4f82a387?s=96&d=mm&r=g","width":96,"height":96,"caption":"Encontra Piracicaba"}},{"@type":"WebPage","@id":"https:\/\/www.encontrapiracicaba.com.br\/sobre\/vereador-busca-parceria-entre-escola-do-legislativo-de-piracicaba-e-ilp\/#webpage","url":"https:\/\/www.encontrapiracicaba.com.br\/sobre\/vereador-busca-parceria-entre-escola-do-legislativo-de-piracicaba-e-ilp\/","name":"Vereador busca parceria entre Escola do Legislativo de Piracicaba e ILP | Encontra Piracicaba","inLanguage":"pt-BR","isPartOf":{"@id":"https:\/\/www.encontrapiracicaba.com.br\/sobre\/#website"},"breadcrumb":{"@id":"https:\/\/www.encontrapiracicaba.com.br\/sobre\/vereador-busca-parceria-entre-escola-do-legislativo-de-piracicaba-e-ilp\/#breadcrumblist"},"author":{"@id":"https:\/\/www.encontrapiracicaba.com.br\/sobre\/author\/epiracicaba\/#author"},"creator":{"@id":"https:\/\/www.encontrapiracicaba.com.br\/sobre\/author\/epiracicaba\/#author"},"image":{"@type":"ImageObject","url":"https:\/\/www.encontrapiracicaba.com.br\/sobre\/wp-content\/uploads\/vereador-busca-parceria-entre-escola-do-legislativo-de-piracicaba-e-ilp.webp","@id":"https:\/\/www.encontrapiracicaba.com.br\/sobre\/vereador-busca-parceria-entre-escola-do-legislativo-de-piracicaba-e-ilp\/#mainImage","width":320,"height":280,"caption":"parceria entre Escola do Legislativo de Piracicaba e ILP"},"primaryImageOfPage":{"@id":"https:\/\/www.encontrapiracicaba.com.br\/sobre\/vereador-busca-parceria-entre-escola-do-legislativo-de-piracicaba-e-ilp\/#mainImage"},"datePublished":"2025-11-10T10:30:00-03:00","dateModified":"2025-11-10T10:30:00-03:00"},{"@type":"WebSite","@id":"https:\/\/www.encontrapiracicaba.com.br\/sobre\/#website","url":"https:\/\/www.encontrapiracicaba.com.br\/sobre\/","name":"Encontra Piracicaba","description":"Not\u00edcias, eventos, informa\u00e7\u00f5es e dicas na cidade de Piracicaba e regi\u00e3o","inLanguage":"pt-BR","publisher":{"@id":"https:\/\/www.encontrapiracicaba.com.br\/sobre\/#organization"}}]},"og:locale":"pt_BR","og:site_name":"Encontra Piracicaba | Not\u00edcias, eventos, informa\u00e7\u00f5es e dicas na cidade de Piracicaba e regi\u00e3o","og:type":"article","og:title":"Vereador busca parceria entre Escola do Legislativo de Piracicaba e ILP | Encontra Piracicaba","og:url":"https:\/\/www.encontrapiracicaba.com.br\/sobre\/vereador-busca-parceria-entre-escola-do-legislativo-de-piracicaba-e-ilp\/","article:published_time":"2025-11-10T13:30:00+00:00","article:modified_time":"2025-11-10T13:30:00+00:00","twitter:card":"summary","twitter:title":"Vereador busca parceria entre Escola do Legislativo de Piracicaba e ILP | Encontra Piracicaba"},"aioseo_meta_data":{"post_id":"3749","title":null,"description":null,"keywords":null,"keyphrases":null,"primary_term":null,"canonical_url":null,"og_title":null,"og_description":null,"og_object_type":"default","og_image_type":"default","og_image_url":null,"og_image_width":null,"og_image_height":null,"og_image_custom_url":null,"og_image_custom_fields":null,"og_video":null,"og_custom_url":null,"og_article_section":null,"og_article_tags":null,"twitter_use_og":false,"twitter_card":"default","twitter_image_type":"default","twitter_image_url":null,"twitter_image_custom_url":null,"twitter_image_custom_fields":null,"twitter_title":null,"twitter_description":null,"schema":{"blockGraphs":[],"customGraphs":[],"default":{"data":{"Article":[],"Course":[],"Dataset":[],"FAQPage":[],"Movie":[],"Person":[],"Product":[],"ProductReview":[],"Car":[],"Recipe":[],"Service":[],"SoftwareApplication":[],"WebPage":[]},"graphName":"Article","isEnabled":true},"graphs":[]},"schema_type":"default","schema_type_options":null,"pillar_content":false,"robots_default":true,"robots_noindex":false,"robots_noarchive":false,"robots_nosnippet":false,"robots_nofollow":false,"robots_noimageindex":false,"robots_noodp":false,"robots_notranslate":false,"robots_max_snippet":null,"robots_max_videopreview":null,"robots_max_imagepreview":"large","priority":null,"frequency":null,"local_seo":null,"breadcrumb_settings":null,"limit_modified_date":false,"ai":null,"created":"2025-11-10 18:55:07","updated":"2025-11-10 18:59:09","focus_keyword":null,"additional_keywords":null,"truseo_locale":null,"seo_analyzer_scan_date":null},"aioseo_breadcrumb":"<div class=\"aioseo-breadcrumbs\"><span class=\"aioseo-breadcrumb\">\n\t\t\t<a href=\"https:\/\/www.encontrapiracicaba.com.br\/sobre\" title=\"In\u00edcio\">In\u00edcio<\/a>\n\t\t<\/span><span class=\"aioseo-breadcrumb-separator\">&raquo;<\/span><span class=\"aioseo-breadcrumb\">\n\t\t\t<a href=\"https:\/\/www.encontrapiracicaba.com.br\/sobre\/noticias-em-piracicaba\/\" title=\"Not\u00edcias Piracicaba\">Not\u00edcias Piracicaba<\/a>\n\t\t<\/span><span class=\"aioseo-breadcrumb-separator\">&raquo;<\/span><span class=\"aioseo-breadcrumb\">\n\t\t\tVereador busca parceria entre Escola do Legislativo de Piracicaba e ILP\n\t\t<\/span><\/div>","aioseo_breadcrumb_json":[{"label":"In\u00edcio","link":"https:\/\/www.encontrapiracicaba.com.br\/sobre"},{"label":"Not\u00edcias Piracicaba","link":"https:\/\/www.encontrapiracicaba.com.br\/sobre\/noticias-em-piracicaba\/"},{"label":"Vereador busca parceria entre Escola do Legislativo de Piracicaba e ILP","link":"https:\/\/www.encontrapiracicaba.com.br\/sobre\/vereador-busca-parceria-entre-escola-do-legislativo-de-piracicaba-e-ilp\/"}],"_links":{"self":[{"href":"https:\/\/www.encontrapiracicaba.com.br\/sobre\/wp-json\/wp\/v2\/posts\/3749","targetHints":{"allow":["GET"]}}],"collection":[{"href":"https:\/\/www.encontrapiracicaba.com.br\/sobre\/wp-json\/wp\/v2\/posts"}],"about":[{"href":"https:\/\/www.encontrapiracicaba.com.br\/sobre\/wp-json\/wp\/v2\/types\/post"}],"author":[{"embeddable":true,"href":"https:\/\/www.encontrapiracicaba.com.br\/sobre\/wp-json\/wp\/v2\/users\/1"}],"replies":[{"embeddable":true,"href":"https:\/\/www.encontrapiracicaba.com.br\/sobre\/wp-json\/wp\/v2\/comments?post=3749"}],"version-history":[{"count":0,"href":"https:\/\/www.encontrapiracicaba.com.br\/sobre\/wp-json\/wp\/v2\/posts\/3749\/revisions"}],"wp:featuredmedia":[{"embeddable":true,"href":"https:\/\/www.encontrapiracicaba.com.br\/sobre\/wp-json\/wp\/v2\/media\/3748"}],"wp:attachment":[{"href":"https:\/\/www.encontrapiracicaba.com.br\/sobre\/wp-json\/wp\/v2\/media?parent=3749"}],"wp:term":[{"taxonomy":"category","embeddable":true,"href":"https:\/\/www.encontrapiracicaba.com.br\/sobre\/wp-json\/wp\/v2\/categories?post=3749"},{"taxonomy":"post_tag","embeddable":true,"href":"https:\/\/www.encontrapiracicaba.com.br\/sobre\/wp-json\/wp\/v2\/tags?post=3749"}],"curies":[{"name":"wp","href":"https:\/\/api.w.org\/{rel}","templated":true}]}}