{"id":3876,"date":"2025-12-08T12:10:00","date_gmt":"2025-12-08T15:10:00","guid":{"rendered":"https:\/\/www.encontrapiracicaba.com.br\/sobre\/tempestade-regiao-de-piracicaba-tem-alerta-laranja-para-chuvasventos-de-ate-100-km-h-e-granizo\/"},"modified":"2025-12-08T12:10:00","modified_gmt":"2025-12-08T15:10:00","slug":"tempestade-regiao-de-piracicaba-tem-alerta-laranja-para-chuvasventos-de-ate-100-km-h-e-granizo","status":"publish","type":"post","link":"https:\/\/www.encontrapiracicaba.com.br\/sobre\/tempestade-regiao-de-piracicaba-tem-alerta-laranja-para-chuvasventos-de-ate-100-km-h-e-granizo\/","title":{"rendered":"Tempestade: regi\u00e3o de Piracicaba tem alerta laranja para chuvas,ventos de at\u00e9 100 km\/h e granizo"},"content":{"rendered":"<div class=\"85df007ed5c0c4d4b453fd13a37855e8\" data-index=\"1\" style=\"float: none; margin:0px;\">\n<!-- Anuncio display - global -->\r\n<ins class=\"adsbygoogle\"\r\n     style=\"display:block\"\r\n     data-ad-client=\"ca-pub-8585364105181520\"\r\n     data-ad-slot=\"8789329856\"\r\n     data-ad-format=\"auto\"\r\n     data-full-width-responsive=\"true\"><\/ins>\r\n<script>\r\n     (adsbygoogle = window.adsbygoogle || []).push({});\r\n<\/script>\n<\/div>\n<h2>O que \u00e9 o alerta laranja?<\/h2>\n<p>O alerta laranja \u00e9 uma classifica\u00e7\u00e3o emitida pelo <strong>Instituto Nacional de Meteorologia (Inmet)<\/strong> que indica condi\u00e7\u00f5es meteorol\u00f3gicas adversas, potencialmente perigosas. Este alerta \u00e9 utilizado para informar a popula\u00e7\u00e3o sobre a possibilidade de eventos clim\u00e1ticos severos, como tempestades, chuvas intensas, ventos fortes e granizo. Em Piracicaba, esse tipo de alerta acende um sinal de aten\u00e7\u00e3o, pedindo que os moradores tomem precau\u00e7\u00f5es para garantir seguran\u00e7a e minimizar danos.<\/p>\n<p>O alerta laranja, especificamente, se coloca como o segundo n\u00edvel mais grave em uma escala que vai de amarelo (perigo potencial), a laranja (perigo) e vermelho (grande perigo). Quando acionado, espera-se que as autoridades competentes e a popula\u00e7\u00e3o se mobilizem para se preparar para poss\u00edveis situa\u00e7\u00f5es cr\u00edticas que podem surgir.<\/p>\n<h2>Quais s\u00e3o os principais riscos?<\/h2>\n<p>Quando um alerta laranja \u00e9 emitido, diversos riscos podem amea\u00e7ar a seguran\u00e7a da popula\u00e7\u00e3o e a infraestrutura da regi\u00e3o. Entre os principais riscos est\u00e3o:<\/p>\n<p><img decoding=\"async\" src=\"https:\/\/www.encontrapiracicaba.com.br\/sobre\/wp-content\/uploads\/tempestade-regiao-de-piracicaba-tem-alerta-laranja-para-chuvas-ventos-de-ate-100-km-h-e-granizo.webp\" alt=\"tempestade em Piracicaba\" loading=\"lazy\" \/><\/p>\n<ul>\n<li><strong>Ventania intensa:<\/strong> Os ventos podem atingir velocidades entre 60 a 100 km\/h, capazes de derrubar \u00e1rvores, telhados e causar quedas de energia el\u00e9trica.<\/li>\n<li><strong>Chuvas fortes:<\/strong> As precipita\u00e7\u00f5es podem variar entre 30 a 60 mm por hora, provocando alagamentos em \u00e1reas urbanas e riscos de deslizamentos de terra em regi\u00f5es montanhosas.<\/li>\n<li><strong>Granizo:<\/strong> A possibilidade de queda de granizo pode causar danos a ve\u00edculos, planta\u00e7\u00f5es e at\u00e9 mesmo ferimentos em pessoas.<\/li>\n<li><strong>Interrup\u00e7\u00f5es nos servi\u00e7os p\u00fablicos:<\/strong> Os alagamentos e quedas de \u00e1rvores podem interromper o fornecimento de energia e dificultar o tr\u00e1fego nas ruas.<\/li>\n<li><strong>Impacto na sa\u00fade p\u00fablica:<\/strong> Ap\u00f3s temporais, podem surgir problemas de sa\u00fade devido a inunda\u00e7\u00f5es, como a prolifera\u00e7\u00e3o do mosquito Aedes aegypti, transmissor de doen\u00e7as como dengue e chikungunya.<\/li>\n<\/ul>\n<h2>Como se proteger durante a tempestade?<\/h2>\n<p>Durante um alerta laranja, a prote\u00e7\u00e3o pessoal \u00e9 fundamental. Algumas a\u00e7\u00f5es podem minimizar os riscos e garantir a seguran\u00e7a:<\/p>\n<ul>\n<li><strong>Acompanhar as previs\u00f5es:<\/strong> Fique atento \u00e0s atualiza\u00e7\u00f5es das autoridades sobre a situa\u00e7\u00e3o clim\u00e1tica atrav\u00e9s de sites confi\u00e1veis e da Defesa Civil.<\/li>\n<li><strong>Evitar sair de casa:<\/strong> Se poss\u00edvel, permane\u00e7a em casa durante a tempestade, evitando deslocamentos desnecess\u00e1rios que podem ser perigosos.<\/li>\n<li><strong>Refugiar-se em local seguro:<\/strong> Se voc\u00ea residir em \u00e1reas de risco, como moradias pr\u00f3ximas a encostas ou lagos, busque abrigo em locais elevados e seguros.<\/li>\n<li><strong>Desconectar eletr\u00f4nicos:<\/strong> Desconecte dispositivos el\u00e9tricos para evitar danos em caso de quedas de energia ou raios.<\/li>\n<li><strong>Preparar um kit de emerg\u00eancia:<\/strong> Assemble um kit que contenha \u00e1gua, comida n\u00e3o perec\u00edvel, lanternas, pilhas e um r\u00e1dio para emerg\u00eancias.<\/li>\n<\/ul>\n<h2>Dicas para evitar danos materiais<\/h2>\n<p>A prepara\u00e7\u00e3o \u00e9 essencial para minimizar os danos materiais durante uma tempestade. Aqui est\u00e3o algumas dicas pr\u00e1ticas:<\/p>\n<ul>\n<li><strong>Verificar calhas e ralos:<\/strong> Mantenha calhas limpas e desobstru\u00eddas para evitar inunda\u00e7\u00f5es.<\/li>\n<li><strong>Refor\u00e7ar janelas e portas:<\/strong> Utilize fitas adesivas nas janelas para impedir que o vidro estale devido ao vento forte.<\/li>\n<li><strong>Retiradas de objetos do jardim:<\/strong> Tranque ou guarde objetos que possam ser arrastados pelo vento ou que possam se tornar proj\u00e9teis.<\/li>\n<li><strong>Consulta de seguros:<\/strong> Verifique se as ap\u00f3lices de seguro cobrem danos causados por eventos clim\u00e1ticos e mantenha as informa\u00e7\u00f5es atualizadas.<\/li>\n<\/ul>\n<h2>Expectativa de chuvas e ventos na regi\u00e3o<\/h2>\n<p>A previs\u00e3o para a regi\u00e3o de Piracicaba, conforme informa\u00e7\u00f5es do Inmet, sugere que os volumes de chuvas devem ser significativos, podendo ultrapassar a quantidade prevista durante o m\u00eas de novembro, que geralmente \u00e9 um per\u00edodo chuvoso na regi\u00e3o. Com reportagens de eventos clim\u00e1ticos passados, observou-se que a \u00e1rea pode enfrentar temporais, portanto, todos os residentes devem estar preparados para a possibilidade de mudan\u00e7as bruscas nas condi\u00e7\u00f5es meteorol\u00f3gicas.<\/p>\n<h2>Hist\u00f3rico de tempestades em Piracicaba<\/h2>\n<p>Piracicaba, ao longo dos anos, tem sofrido com diversas tempestades. A cidade \u00e9 conhecida por apresentar chuvas torrenciais, especialmente durante os meses de primavera. Em registros de anos anteriores, eventos meteorol\u00f3gicos severos resultaram em grandes alagamentos, quedas de \u00e1rvores e danos \u00e0 infraestrutura. Um hist\u00f3rico robusto de temporais leva a cidade a ser sempre atenta e sitiada para garantir que a popula\u00e7\u00e3o esteja informada e segura diante desses fen\u00f4menos.<\/p>\n<h2>O papel do Inmet nas previs\u00f5es clim\u00e1ticas<\/h2>\n<p>O <strong>Instituto Nacional de Meteorologia (Inmet)<\/strong> \u00e9 respons\u00e1vel por fornecer previs\u00f5es clim\u00e1ticas, avisos e alertas sobre as condi\u00e7\u00f5es meteorol\u00f3gicas em todo o Brasil. Com suas ferramentas avan\u00e7adas, como modelos de previs\u00e3o por radar e sat\u00e9lites meteorol\u00f3gicos, o Inmet pode emitir alertas em tempo real, permitindo que a popula\u00e7\u00e3o tome medidas de seguran\u00e7a adequadas. Al\u00e9m disso, o instituto atua em conjunto com a Defesa Civil, fortalecendo a comunica\u00e7\u00e3o entre \u00f3rg\u00e3os e a sociedade para reduzir os riscos em situa\u00e7\u00f5es adversas.<\/p>\n<h2>Como a comunidade pode se preparar?<\/h2>\n<p>A prepara\u00e7\u00e3o da comunidade para enfrentar tempestades deve ser um esfor\u00e7o coletivo. Diversas a\u00e7\u00f5es podem ser tomadas, como:<\/p>\n<ul>\n<li><strong>Campanhas de conscientiza\u00e7\u00e3o:<\/strong> Informar a popula\u00e7\u00e3o sobre os riscos e a import\u00e2ncia da preven\u00e7\u00e3o \u00e9 fundamental.<\/li>\n<li><strong>Treinamentos e simula\u00e7\u00f5es:<\/strong> Realizar simula\u00e7\u00f5es de evacua\u00e7\u00e3o e treinamentos em primeiros socorros pode salvar vidas.<\/li>\n<li><strong>Grupos de WhatsApp e redes sociais:<\/strong> Criar canais de comunica\u00e7\u00e3o para compartilhar informa\u00e7\u00f5es rapidamente com os moradores sobre alertas e recomenda\u00e7\u00f5es.<\/li>\n<\/ul>\n<h2>Quando buscar ajuda da Defesa Civil?<\/h2>\n<p>A Defesa Civil deve ser contatada quando h\u00e1 risco de vida devido a fen\u00f4menos naturais, como:<\/p>\n<ul>\n<li><strong>Alagamentos:<\/strong> Quando as ruas est\u00e3o intransit\u00e1veis e a situa\u00e7\u00e3o \u00e9 cr\u00edtica para a seguran\u00e7a das pessoas.<\/li>\n<li><strong>Deslizamentos de terra:<\/strong> Se voc\u00ea notar movimentos em \u00e1reas montanhosas, entre em contato imediatamente.<\/li>\n<li><strong>Quedas de \u00e1rvores:<\/strong> Casos em que as \u00e1rvores comprometam o tr\u00e1fego ou a seguran\u00e7a nas vias p\u00fablicas.<\/li>\n<li><strong>Emerg\u00eancias de sa\u00fade:<\/strong> Qualquer situa\u00e7\u00e3o que envolva a sa\u00fade p\u00fablica causada pela chuva deve ser relatada.<\/li>\n<\/ul>\n<h2>Impactos da chuva intensa em Piracicaba<\/h2>\n<p>A chuva intensa em Piracicaba provoca uma s\u00e9rie de impactos que afetam n\u00e3o apenas a infraestrutura da cidade, mas tamb\u00e9m a sa\u00fade da popula\u00e7\u00e3o e a economia local. Em per\u00edodos de chuva, frequentemente observam-se alagamentos nas ruas, dificultando o transporte e causando danos a ve\u00edculos e estabelecimentos comerciais.<\/p>\n<p>Al\u00e9m disso, a eros\u00e3o do solo pode levar a problemas agr\u00edcolas, afetando a produtividade das planta\u00e7\u00f5es locais, cen\u00e1rios clim\u00e1ticos que podem impactar a renda dos agricultores e o fornecimento de produtos aos mercados. Outro impacto significativo \u00e9 o bem-estar psicol\u00f3gico da popula\u00e7\u00e3o, que pode experimentar ansiedade e medo durante tempestades, especialmente se houver traumas pr\u00e9vios relacionados a eventos clim\u00e1ticos.<\/p>\n<p>Por isso, \u00e9 fundamental que a popula\u00e7\u00e3o permane\u00e7a informada e siga as orienta\u00e7\u00f5es das autoridades competentes, garantindo assim uma melhor conviv\u00eancia com esses fen\u00f4menos naturais.<\/p>\n\n<div style=\"font-size: 0px; height: 0px; line-height: 0px; margin: 0; padding: 0; clear: both;\"><\/div>","protected":false},"excerpt":{"rendered":"<p>Tempestade em Piracicaba: saiba tudo sobre o alerta laranja e os riscos associados.<\/p>\n","protected":false},"author":1,"featured_media":3875,"comment_status":"closed","ping_status":"closed","sticky":false,"template":"","format":"standard","meta":{"footnotes":""},"categories":[6],"tags":[],"class_list":["post-3876","post","type-post","status-publish","format-standard","has-post-thumbnail","hentry","category-noticias-em-piracicaba","has_thumb"],"aioseo_notices":[],"aioseo_head":"\n\t\t<!-- All in One SEO 5.0.0.1 - aioseo.com -->\n\t<meta name=\"robots\" content=\"max-image-preview:large\" \/>\n\t<meta name=\"author\" content=\"Encontra Piracicaba\"\/>\n\t<link rel=\"canonical\" href=\"https:\/\/www.encontrapiracicaba.com.br\/sobre\/tempestade-regiao-de-piracicaba-tem-alerta-laranja-para-chuvasventos-de-ate-100-km-h-e-granizo\/\" \/>\n\t<meta name=\"generator\" content=\"All in One SEO (AIOSEO) 5.0.0.1\" \/>\n\t\t<meta property=\"og:locale\" content=\"pt_BR\" \/>\n\t\t<meta property=\"og:site_name\" content=\"Encontra Piracicaba | Not\u00edcias, eventos, informa\u00e7\u00f5es e dicas na cidade de Piracicaba e regi\u00e3o\" \/>\n\t\t<meta property=\"og:type\" content=\"article\" \/>\n\t\t<meta property=\"og:title\" content=\"Tempestade: regi\u00e3o de Piracicaba tem alerta laranja para chuvas,ventos de at\u00e9 100 km\/h e granizo | Encontra Piracicaba\" \/>\n\t\t<meta property=\"og:url\" content=\"https:\/\/www.encontrapiracicaba.com.br\/sobre\/tempestade-regiao-de-piracicaba-tem-alerta-laranja-para-chuvasventos-de-ate-100-km-h-e-granizo\/\" \/>\n\t\t<meta property=\"article:published_time\" content=\"2025-12-08T15:10:00+00:00\" \/>\n\t\t<meta property=\"article:modified_time\" content=\"2025-12-08T15:10:00+00:00\" \/>\n\t\t<meta name=\"twitter:card\" content=\"summary\" \/>\n\t\t<meta name=\"twitter:title\" content=\"Tempestade: regi\u00e3o de Piracicaba tem alerta laranja para chuvas,ventos de at\u00e9 100 km\/h e granizo | Encontra Piracicaba\" \/>\n\t\t<script type=\"application\/ld+json\" class=\"aioseo-schema\">\n\t\t\t{\"@context\":\"https:\\\/\\\/schema.org\",\"@graph\":[{\"@type\":\"Article\",\"@id\":\"https:\\\/\\\/www.encontrapiracicaba.com.br\\\/sobre\\\/tempestade-regiao-de-piracicaba-tem-alerta-laranja-para-chuvasventos-de-ate-100-km-h-e-granizo\\\/#article\",\"name\":\"Tempestade: regi\\u00e3o de Piracicaba tem alerta laranja para chuvas,ventos de at\\u00e9 100 km\\\/h e granizo | Encontra Piracicaba\",\"headline\":\"Tempestade: regi\\u00e3o de Piracicaba tem alerta laranja para chuvas,ventos de at\\u00e9 100 km\\\/h e granizo\",\"author\":{\"@id\":\"https:\\\/\\\/www.encontrapiracicaba.com.br\\\/sobre\\\/author\\\/epiracicaba\\\/#author\"},\"publisher\":{\"@id\":\"https:\\\/\\\/www.encontrapiracicaba.com.br\\\/sobre\\\/#organization\"},\"image\":{\"@type\":\"ImageObject\",\"url\":\"https:\\\/\\\/www.encontrapiracicaba.com.br\\\/sobre\\\/wp-content\\\/uploads\\\/tempestade-regiao-de-piracicaba-tem-alerta-laranja-para-chuvas-ventos-de-ate-100-km-h-e-granizo.webp\",\"width\":320,\"height\":280,\"caption\":\"tempestade em Piracicaba\"},\"datePublished\":\"2025-12-08T12:10:00-03:00\",\"dateModified\":\"2025-12-08T12:10:00-03:00\",\"inLanguage\":\"pt-BR\",\"mainEntityOfPage\":{\"@id\":\"https:\\\/\\\/www.encontrapiracicaba.com.br\\\/sobre\\\/tempestade-regiao-de-piracicaba-tem-alerta-laranja-para-chuvasventos-de-ate-100-km-h-e-granizo\\\/#webpage\"},\"isPartOf\":{\"@id\":\"https:\\\/\\\/www.encontrapiracicaba.com.br\\\/sobre\\\/tempestade-regiao-de-piracicaba-tem-alerta-laranja-para-chuvasventos-de-ate-100-km-h-e-granizo\\\/#webpage\"},\"articleSection\":\"Not\\u00edcias Piracicaba\"},{\"@type\":\"BreadcrumbList\",\"@id\":\"https:\\\/\\\/www.encontrapiracicaba.com.br\\\/sobre\\\/tempestade-regiao-de-piracicaba-tem-alerta-laranja-para-chuvasventos-de-ate-100-km-h-e-granizo\\\/#breadcrumblist\",\"itemListElement\":[{\"@type\":\"ListItem\",\"@id\":\"https:\\\/\\\/www.encontrapiracicaba.com.br\\\/sobre#listItem\",\"position\":1,\"name\":\"In\\u00edcio\",\"item\":\"https:\\\/\\\/www.encontrapiracicaba.com.br\\\/sobre\",\"nextItem\":{\"@type\":\"ListItem\",\"@id\":\"https:\\\/\\\/www.encontrapiracicaba.com.br\\\/sobre\\\/noticias-em-piracicaba\\\/#listItem\",\"name\":\"Not\\u00edcias Piracicaba\"}},{\"@type\":\"ListItem\",\"@id\":\"https:\\\/\\\/www.encontrapiracicaba.com.br\\\/sobre\\\/noticias-em-piracicaba\\\/#listItem\",\"position\":2,\"name\":\"Not\\u00edcias Piracicaba\",\"item\":\"https:\\\/\\\/www.encontrapiracicaba.com.br\\\/sobre\\\/noticias-em-piracicaba\\\/\",\"nextItem\":{\"@type\":\"ListItem\",\"@id\":\"https:\\\/\\\/www.encontrapiracicaba.com.br\\\/sobre\\\/tempestade-regiao-de-piracicaba-tem-alerta-laranja-para-chuvasventos-de-ate-100-km-h-e-granizo\\\/#listItem\",\"name\":\"Tempestade: regi\\u00e3o de Piracicaba tem alerta laranja para chuvas,ventos de at\\u00e9 100 km\\\/h e granizo\"},\"previousItem\":{\"@type\":\"ListItem\",\"@id\":\"https:\\\/\\\/www.encontrapiracicaba.com.br\\\/sobre#listItem\",\"name\":\"In\\u00edcio\"}},{\"@type\":\"ListItem\",\"@id\":\"https:\\\/\\\/www.encontrapiracicaba.com.br\\\/sobre\\\/tempestade-regiao-de-piracicaba-tem-alerta-laranja-para-chuvasventos-de-ate-100-km-h-e-granizo\\\/#listItem\",\"position\":3,\"name\":\"Tempestade: regi\\u00e3o de Piracicaba tem alerta laranja para chuvas,ventos de at\\u00e9 100 km\\\/h e granizo\",\"previousItem\":{\"@type\":\"ListItem\",\"@id\":\"https:\\\/\\\/www.encontrapiracicaba.com.br\\\/sobre\\\/noticias-em-piracicaba\\\/#listItem\",\"name\":\"Not\\u00edcias Piracicaba\"}}]},{\"@type\":\"Organization\",\"@id\":\"https:\\\/\\\/www.encontrapiracicaba.com.br\\\/sobre\\\/#organization\",\"name\":\"Encontra Piracicaba\",\"description\":\"Not\\u00edcias, eventos, informa\\u00e7\\u00f5es e dicas na cidade de Piracicaba e regi\\u00e3o\",\"url\":\"https:\\\/\\\/www.encontrapiracicaba.com.br\\\/sobre\\\/\"},{\"@type\":\"Person\",\"@id\":\"https:\\\/\\\/www.encontrapiracicaba.com.br\\\/sobre\\\/author\\\/epiracicaba\\\/#author\",\"url\":\"https:\\\/\\\/www.encontrapiracicaba.com.br\\\/sobre\\\/author\\\/epiracicaba\\\/\",\"name\":\"Encontra Piracicaba\",\"image\":{\"@type\":\"ImageObject\",\"@id\":\"https:\\\/\\\/www.encontrapiracicaba.com.br\\\/sobre\\\/tempestade-regiao-de-piracicaba-tem-alerta-laranja-para-chuvasventos-de-ate-100-km-h-e-granizo\\\/#authorImage\",\"url\":\"https:\\\/\\\/secure.gravatar.com\\\/avatar\\\/507340682b8270222e1f208e23198b6ae7e2c6a1033ae84e99bc6bce4f82a387?s=96&d=mm&r=g\",\"width\":96,\"height\":96,\"caption\":\"Encontra Piracicaba\"}},{\"@type\":\"WebPage\",\"@id\":\"https:\\\/\\\/www.encontrapiracicaba.com.br\\\/sobre\\\/tempestade-regiao-de-piracicaba-tem-alerta-laranja-para-chuvasventos-de-ate-100-km-h-e-granizo\\\/#webpage\",\"url\":\"https:\\\/\\\/www.encontrapiracicaba.com.br\\\/sobre\\\/tempestade-regiao-de-piracicaba-tem-alerta-laranja-para-chuvasventos-de-ate-100-km-h-e-granizo\\\/\",\"name\":\"Tempestade: regi\\u00e3o de Piracicaba tem alerta laranja para chuvas,ventos de at\\u00e9 100 km\\\/h e granizo | Encontra Piracicaba\",\"inLanguage\":\"pt-BR\",\"isPartOf\":{\"@id\":\"https:\\\/\\\/www.encontrapiracicaba.com.br\\\/sobre\\\/#website\"},\"breadcrumb\":{\"@id\":\"https:\\\/\\\/www.encontrapiracicaba.com.br\\\/sobre\\\/tempestade-regiao-de-piracicaba-tem-alerta-laranja-para-chuvasventos-de-ate-100-km-h-e-granizo\\\/#breadcrumblist\"},\"author\":{\"@id\":\"https:\\\/\\\/www.encontrapiracicaba.com.br\\\/sobre\\\/author\\\/epiracicaba\\\/#author\"},\"creator\":{\"@id\":\"https:\\\/\\\/www.encontrapiracicaba.com.br\\\/sobre\\\/author\\\/epiracicaba\\\/#author\"},\"image\":{\"@type\":\"ImageObject\",\"url\":\"https:\\\/\\\/www.encontrapiracicaba.com.br\\\/sobre\\\/wp-content\\\/uploads\\\/tempestade-regiao-de-piracicaba-tem-alerta-laranja-para-chuvas-ventos-de-ate-100-km-h-e-granizo.webp\",\"@id\":\"https:\\\/\\\/www.encontrapiracicaba.com.br\\\/sobre\\\/tempestade-regiao-de-piracicaba-tem-alerta-laranja-para-chuvasventos-de-ate-100-km-h-e-granizo\\\/#mainImage\",\"width\":320,\"height\":280,\"caption\":\"tempestade em Piracicaba\"},\"primaryImageOfPage\":{\"@id\":\"https:\\\/\\\/www.encontrapiracicaba.com.br\\\/sobre\\\/tempestade-regiao-de-piracicaba-tem-alerta-laranja-para-chuvasventos-de-ate-100-km-h-e-granizo\\\/#mainImage\"},\"datePublished\":\"2025-12-08T12:10:00-03:00\",\"dateModified\":\"2025-12-08T12:10:00-03:00\"},{\"@type\":\"WebSite\",\"@id\":\"https:\\\/\\\/www.encontrapiracicaba.com.br\\\/sobre\\\/#website\",\"url\":\"https:\\\/\\\/www.encontrapiracicaba.com.br\\\/sobre\\\/\",\"name\":\"Encontra Piracicaba\",\"description\":\"Not\\u00edcias, eventos, informa\\u00e7\\u00f5es e dicas na cidade de Piracicaba e regi\\u00e3o\",\"inLanguage\":\"pt-BR\",\"publisher\":{\"@id\":\"https:\\\/\\\/www.encontrapiracicaba.com.br\\\/sobre\\\/#organization\"}}]}\n\t\t<\/script>\n\t\t<!-- All in One SEO -->\n\n","aioseo_head_json":{"title":"Tempestade: regi\u00e3o de Piracicaba tem alerta laranja para chuvas,ventos de at\u00e9 100 km\/h e granizo | Encontra Piracicaba","description":"","canonical_url":"https:\/\/www.encontrapiracicaba.com.br\/sobre\/tempestade-regiao-de-piracicaba-tem-alerta-laranja-para-chuvasventos-de-ate-100-km-h-e-granizo\/","robots":"max-image-preview:large","keywords":"","webmasterTools":{"miscellaneous":""},"schema":{"@context":"https:\/\/schema.org","@graph":[{"@type":"Article","@id":"https:\/\/www.encontrapiracicaba.com.br\/sobre\/tempestade-regiao-de-piracicaba-tem-alerta-laranja-para-chuvasventos-de-ate-100-km-h-e-granizo\/#article","name":"Tempestade: regi\u00e3o de Piracicaba tem alerta laranja para chuvas,ventos de at\u00e9 100 km\/h e granizo | Encontra Piracicaba","headline":"Tempestade: regi\u00e3o de Piracicaba tem alerta laranja para chuvas,ventos de at\u00e9 100 km\/h e granizo","author":{"@id":"https:\/\/www.encontrapiracicaba.com.br\/sobre\/author\/epiracicaba\/#author"},"publisher":{"@id":"https:\/\/www.encontrapiracicaba.com.br\/sobre\/#organization"},"image":{"@type":"ImageObject","url":"https:\/\/www.encontrapiracicaba.com.br\/sobre\/wp-content\/uploads\/tempestade-regiao-de-piracicaba-tem-alerta-laranja-para-chuvas-ventos-de-ate-100-km-h-e-granizo.webp","width":320,"height":280,"caption":"tempestade em Piracicaba"},"datePublished":"2025-12-08T12:10:00-03:00","dateModified":"2025-12-08T12:10:00-03:00","inLanguage":"pt-BR","mainEntityOfPage":{"@id":"https:\/\/www.encontrapiracicaba.com.br\/sobre\/tempestade-regiao-de-piracicaba-tem-alerta-laranja-para-chuvasventos-de-ate-100-km-h-e-granizo\/#webpage"},"isPartOf":{"@id":"https:\/\/www.encontrapiracicaba.com.br\/sobre\/tempestade-regiao-de-piracicaba-tem-alerta-laranja-para-chuvasventos-de-ate-100-km-h-e-granizo\/#webpage"},"articleSection":"Not\u00edcias Piracicaba"},{"@type":"BreadcrumbList","@id":"https:\/\/www.encontrapiracicaba.com.br\/sobre\/tempestade-regiao-de-piracicaba-tem-alerta-laranja-para-chuvasventos-de-ate-100-km-h-e-granizo\/#breadcrumblist","itemListElement":[{"@type":"ListItem","@id":"https:\/\/www.encontrapiracicaba.com.br\/sobre#listItem","position":1,"name":"In\u00edcio","item":"https:\/\/www.encontrapiracicaba.com.br\/sobre","nextItem":{"@type":"ListItem","@id":"https:\/\/www.encontrapiracicaba.com.br\/sobre\/noticias-em-piracicaba\/#listItem","name":"Not\u00edcias Piracicaba"}},{"@type":"ListItem","@id":"https:\/\/www.encontrapiracicaba.com.br\/sobre\/noticias-em-piracicaba\/#listItem","position":2,"name":"Not\u00edcias Piracicaba","item":"https:\/\/www.encontrapiracicaba.com.br\/sobre\/noticias-em-piracicaba\/","nextItem":{"@type":"ListItem","@id":"https:\/\/www.encontrapiracicaba.com.br\/sobre\/tempestade-regiao-de-piracicaba-tem-alerta-laranja-para-chuvasventos-de-ate-100-km-h-e-granizo\/#listItem","name":"Tempestade: regi\u00e3o de Piracicaba tem alerta laranja para chuvas,ventos de at\u00e9 100 km\/h e granizo"},"previousItem":{"@type":"ListItem","@id":"https:\/\/www.encontrapiracicaba.com.br\/sobre#listItem","name":"In\u00edcio"}},{"@type":"ListItem","@id":"https:\/\/www.encontrapiracicaba.com.br\/sobre\/tempestade-regiao-de-piracicaba-tem-alerta-laranja-para-chuvasventos-de-ate-100-km-h-e-granizo\/#listItem","position":3,"name":"Tempestade: regi\u00e3o de Piracicaba tem alerta laranja para chuvas,ventos de at\u00e9 100 km\/h e granizo","previousItem":{"@type":"ListItem","@id":"https:\/\/www.encontrapiracicaba.com.br\/sobre\/noticias-em-piracicaba\/#listItem","name":"Not\u00edcias Piracicaba"}}]},{"@type":"Organization","@id":"https:\/\/www.encontrapiracicaba.com.br\/sobre\/#organization","name":"Encontra Piracicaba","description":"Not\u00edcias, eventos, informa\u00e7\u00f5es e dicas na cidade de Piracicaba e regi\u00e3o","url":"https:\/\/www.encontrapiracicaba.com.br\/sobre\/"},{"@type":"Person","@id":"https:\/\/www.encontrapiracicaba.com.br\/sobre\/author\/epiracicaba\/#author","url":"https:\/\/www.encontrapiracicaba.com.br\/sobre\/author\/epiracicaba\/","name":"Encontra Piracicaba","image":{"@type":"ImageObject","@id":"https:\/\/www.encontrapiracicaba.com.br\/sobre\/tempestade-regiao-de-piracicaba-tem-alerta-laranja-para-chuvasventos-de-ate-100-km-h-e-granizo\/#authorImage","url":"https:\/\/secure.gravatar.com\/avatar\/507340682b8270222e1f208e23198b6ae7e2c6a1033ae84e99bc6bce4f82a387?s=96&d=mm&r=g","width":96,"height":96,"caption":"Encontra Piracicaba"}},{"@type":"WebPage","@id":"https:\/\/www.encontrapiracicaba.com.br\/sobre\/tempestade-regiao-de-piracicaba-tem-alerta-laranja-para-chuvasventos-de-ate-100-km-h-e-granizo\/#webpage","url":"https:\/\/www.encontrapiracicaba.com.br\/sobre\/tempestade-regiao-de-piracicaba-tem-alerta-laranja-para-chuvasventos-de-ate-100-km-h-e-granizo\/","name":"Tempestade: regi\u00e3o de Piracicaba tem alerta laranja para chuvas,ventos de at\u00e9 100 km\/h e granizo | Encontra Piracicaba","inLanguage":"pt-BR","isPartOf":{"@id":"https:\/\/www.encontrapiracicaba.com.br\/sobre\/#website"},"breadcrumb":{"@id":"https:\/\/www.encontrapiracicaba.com.br\/sobre\/tempestade-regiao-de-piracicaba-tem-alerta-laranja-para-chuvasventos-de-ate-100-km-h-e-granizo\/#breadcrumblist"},"author":{"@id":"https:\/\/www.encontrapiracicaba.com.br\/sobre\/author\/epiracicaba\/#author"},"creator":{"@id":"https:\/\/www.encontrapiracicaba.com.br\/sobre\/author\/epiracicaba\/#author"},"image":{"@type":"ImageObject","url":"https:\/\/www.encontrapiracicaba.com.br\/sobre\/wp-content\/uploads\/tempestade-regiao-de-piracicaba-tem-alerta-laranja-para-chuvas-ventos-de-ate-100-km-h-e-granizo.webp","@id":"https:\/\/www.encontrapiracicaba.com.br\/sobre\/tempestade-regiao-de-piracicaba-tem-alerta-laranja-para-chuvasventos-de-ate-100-km-h-e-granizo\/#mainImage","width":320,"height":280,"caption":"tempestade em Piracicaba"},"primaryImageOfPage":{"@id":"https:\/\/www.encontrapiracicaba.com.br\/sobre\/tempestade-regiao-de-piracicaba-tem-alerta-laranja-para-chuvasventos-de-ate-100-km-h-e-granizo\/#mainImage"},"datePublished":"2025-12-08T12:10:00-03:00","dateModified":"2025-12-08T12:10:00-03:00"},{"@type":"WebSite","@id":"https:\/\/www.encontrapiracicaba.com.br\/sobre\/#website","url":"https:\/\/www.encontrapiracicaba.com.br\/sobre\/","name":"Encontra Piracicaba","description":"Not\u00edcias, eventos, informa\u00e7\u00f5es e dicas na cidade de Piracicaba e regi\u00e3o","inLanguage":"pt-BR","publisher":{"@id":"https:\/\/www.encontrapiracicaba.com.br\/sobre\/#organization"}}]},"og:locale":"pt_BR","og:site_name":"Encontra Piracicaba | Not\u00edcias, eventos, informa\u00e7\u00f5es e dicas na cidade de Piracicaba e regi\u00e3o","og:type":"article","og:title":"Tempestade: regi\u00e3o de Piracicaba tem alerta laranja para chuvas,ventos de at\u00e9 100 km\/h e granizo | Encontra Piracicaba","og:url":"https:\/\/www.encontrapiracicaba.com.br\/sobre\/tempestade-regiao-de-piracicaba-tem-alerta-laranja-para-chuvasventos-de-ate-100-km-h-e-granizo\/","article:published_time":"2025-12-08T15:10:00+00:00","article:modified_time":"2025-12-08T15:10:00+00:00","twitter:card":"summary","twitter:title":"Tempestade: regi\u00e3o de Piracicaba tem alerta laranja para chuvas,ventos de at\u00e9 100 km\/h e granizo | Encontra Piracicaba"},"aioseo_meta_data":{"post_id":"3876","title":null,"description":null,"keywords":null,"keyphrases":null,"primary_term":null,"canonical_url":null,"og_title":null,"og_description":null,"og_object_type":"default","og_image_type":"default","og_image_url":null,"og_image_width":null,"og_image_height":null,"og_image_custom_url":null,"og_image_custom_fields":null,"og_video":null,"og_custom_url":null,"og_article_section":null,"og_article_tags":null,"twitter_use_og":false,"twitter_card":"default","twitter_image_type":"default","twitter_image_url":null,"twitter_image_custom_url":null,"twitter_image_custom_fields":null,"twitter_title":null,"twitter_description":null,"schema":{"blockGraphs":[],"customGraphs":[],"default":{"data":{"Article":[],"Course":[],"Dataset":[],"FAQPage":[],"Movie":[],"Person":[],"Product":[],"ProductReview":[],"Car":[],"Recipe":[],"Service":[],"SoftwareApplication":[],"WebPage":[]},"graphName":"Article","isEnabled":true},"graphs":[]},"schema_type":"default","schema_type_options":null,"pillar_content":false,"robots_default":true,"robots_noindex":false,"robots_noarchive":false,"robots_nosnippet":false,"robots_nofollow":false,"robots_noimageindex":false,"robots_noodp":false,"robots_notranslate":false,"robots_max_snippet":null,"robots_max_videopreview":null,"robots_max_imagepreview":"large","priority":null,"frequency":null,"local_seo":null,"breadcrumb_settings":null,"limit_modified_date":false,"ai":null,"created":"2025-12-19 16:27:13","updated":"2025-12-19 16:28:42","focus_keyword":null,"additional_keywords":null,"truseo_locale":null,"seo_analyzer_scan_date":null},"aioseo_breadcrumb":"<div class=\"aioseo-breadcrumbs\"><span class=\"aioseo-breadcrumb\">\n\t\t\t<a href=\"https:\/\/www.encontrapiracicaba.com.br\/sobre\" title=\"In\u00edcio\">In\u00edcio<\/a>\n\t\t<\/span><span class=\"aioseo-breadcrumb-separator\">&raquo;<\/span><span class=\"aioseo-breadcrumb\">\n\t\t\t<a href=\"https:\/\/www.encontrapiracicaba.com.br\/sobre\/noticias-em-piracicaba\/\" title=\"Not\u00edcias Piracicaba\">Not\u00edcias Piracicaba<\/a>\n\t\t<\/span><span class=\"aioseo-breadcrumb-separator\">&raquo;<\/span><span class=\"aioseo-breadcrumb\">\n\t\t\tTempestade: regi\u00e3o de Piracicaba tem alerta laranja para chuvas,ventos de at\u00e9 100 km\/h e granizo\n\t\t<\/span><\/div>","aioseo_breadcrumb_json":[{"label":"In\u00edcio","link":"https:\/\/www.encontrapiracicaba.com.br\/sobre"},{"label":"Not\u00edcias Piracicaba","link":"https:\/\/www.encontrapiracicaba.com.br\/sobre\/noticias-em-piracicaba\/"},{"label":"Tempestade: regi\u00e3o de Piracicaba tem alerta laranja para chuvas,ventos de at\u00e9 100 km\/h e granizo","link":"https:\/\/www.encontrapiracicaba.com.br\/sobre\/tempestade-regiao-de-piracicaba-tem-alerta-laranja-para-chuvasventos-de-ate-100-km-h-e-granizo\/"}],"_links":{"self":[{"href":"https:\/\/www.encontrapiracicaba.com.br\/sobre\/wp-json\/wp\/v2\/posts\/3876","targetHints":{"allow":["GET"]}}],"collection":[{"href":"https:\/\/www.encontrapiracicaba.com.br\/sobre\/wp-json\/wp\/v2\/posts"}],"about":[{"href":"https:\/\/www.encontrapiracicaba.com.br\/sobre\/wp-json\/wp\/v2\/types\/post"}],"author":[{"embeddable":true,"href":"https:\/\/www.encontrapiracicaba.com.br\/sobre\/wp-json\/wp\/v2\/users\/1"}],"replies":[{"embeddable":true,"href":"https:\/\/www.encontrapiracicaba.com.br\/sobre\/wp-json\/wp\/v2\/comments?post=3876"}],"version-history":[{"count":0,"href":"https:\/\/www.encontrapiracicaba.com.br\/sobre\/wp-json\/wp\/v2\/posts\/3876\/revisions"}],"wp:featuredmedia":[{"embeddable":true,"href":"https:\/\/www.encontrapiracicaba.com.br\/sobre\/wp-json\/wp\/v2\/media\/3875"}],"wp:attachment":[{"href":"https:\/\/www.encontrapiracicaba.com.br\/sobre\/wp-json\/wp\/v2\/media?parent=3876"}],"wp:term":[{"taxonomy":"category","embeddable":true,"href":"https:\/\/www.encontrapiracicaba.com.br\/sobre\/wp-json\/wp\/v2\/categories?post=3876"},{"taxonomy":"post_tag","embeddable":true,"href":"https:\/\/www.encontrapiracicaba.com.br\/sobre\/wp-json\/wp\/v2\/tags?post=3876"}],"curies":[{"name":"wp","href":"https:\/\/api.w.org\/{rel}","templated":true}]}}