{"id":3892,"date":"2025-12-11T12:31:00","date_gmt":"2025-12-11T15:31:00","guid":{"rendered":"https:\/\/www.encontrapiracicaba.com.br\/sobre\/projeto-superacao-e-detalhado-na-smads-com-acoes-para-acolhimento-social\/"},"modified":"2025-12-11T12:31:00","modified_gmt":"2025-12-11T15:31:00","slug":"projeto-superacao-e-detalhado-na-smads-com-acoes-para-acolhimento-social","status":"publish","type":"post","link":"https:\/\/www.encontrapiracicaba.com.br\/sobre\/projeto-superacao-e-detalhado-na-smads-com-acoes-para-acolhimento-social\/","title":{"rendered":"Projeto \u201cSupera\u00e7\u00e3o\u201d \u00e9 detalhado na SMADS com a\u00e7\u00f5es para acolhimento social"},"content":{"rendered":"<div class=\"85df007ed5c0c4d4b453fd13a37855e8\" data-index=\"1\" style=\"float: none; margin:0px;\">\n<!-- Anuncio display - global -->\r\n<ins class=\"adsbygoogle\"\r\n     style=\"display:block\"\r\n     data-ad-client=\"ca-pub-8585364105181520\"\r\n     data-ad-slot=\"8789329856\"\r\n     data-ad-format=\"auto\"\r\n     data-full-width-responsive=\"true\"><\/ins>\r\n<script>\r\n     (adsbygoogle = window.adsbygoogle || []).push({});\r\n<\/script>\n<\/div>\n<h2>Vis\u00e3o Geral do Projeto &#8216;Supera\u00e7\u00e3o&#8217;<\/h2>\n<p>O projeto &#8220;Supera\u00e7\u00e3o&#8221; \u00e9 uma iniciativa inovadora da Secretaria Municipal de Assist\u00eancia e Desenvolvimento Social (SMADS) de Piracicaba, projetada para acolher e apoiar pessoas em situa\u00e7\u00e3o de rua. Lan\u00e7ado na Pra\u00e7a Jos\u00e9 Bonif\u00e1cio, o projeto surge como uma resposta \u00e0s crescentes necessidades de assist\u00eancia social na regi\u00e3o, buscando integrar e reabilitar cidad\u00e3os vulner\u00e1veis na sociedade.<\/p>\n<p>A ideia central desse projeto \u00e9 proporcionar um suporte efetivo a indiv\u00edduos que enfrentam dificuldades extremas, como a falta de moradia, alimenta\u00e7\u00e3o e suporte psicol\u00f3gico. Ao reunir esfor\u00e7os da administra\u00e7\u00e3o p\u00fablica, sociedade civil e organismos de caridade, o &#8220;Supera\u00e7\u00e3o&#8221; visa n\u00e3o apenas oferecer abrigo tempor\u00e1rio, mas tamb\u00e9m unir diversos servi\u00e7os essenciais, como sa\u00fade, assist\u00eancia social e encaminhamentos para reintegra\u00e7\u00e3o social.<\/p>\n<p>Participaram do evento de lan\u00e7amento v\u00e1rias autoridades municipais, incluindo o prefeito Helinho Zanatta e o secret\u00e1rio de Assist\u00eancia, Desenvolvimento Social e Fam\u00edlia, Edvaldo Brito. Este projeto \u00e9 uma prova de que a gest\u00e3o p\u00fablica est\u00e1 atenta \u00e0s necessidades da popula\u00e7\u00e3o e trabalha arduamente por um futuro mais inclusivo e digno para todos.<\/p>\n<p><img decoding=\"async\" src=\"https:\/\/www.encontrapiracicaba.com.br\/sobre\/wp-content\/uploads\/projeto-superacao-e-detalhado-na-smads-com-acoes-para-acolhimento-social.webp\" alt=\"acolhimento social\" loading=\"lazy\" \/><\/p>\n<h2>Objetivos da Iniciativa de Acolhimento<\/h2>\n<p>Os objetivos do projeto &#8220;Supera\u00e7\u00e3o&#8221; s\u00e3o amplos e ambiciosos, refletindo a necessidade de uma abordagem holisticamente integrada \u00e0s quest\u00f5es sociais enfrentadas por pessoas em situa\u00e7\u00e3o de rua. Abaixo, apresentamos alguns dos principais objetivos:<\/p>\n<ul>\n<li><strong>Acolhimento Humanizado:<\/strong> Proporcionar um espa\u00e7o seguro e acolhedor para as pessoas em situa\u00e7\u00e3o de vulnerabilidade, garantindo acesso a um atendimento humanizado, onde elas possam sentir-se respeitadas e valorizadas.<\/li>\n<li><strong>Integra\u00e7\u00e3o de Servi\u00e7os:<\/strong> Criar uma rede de apoio que inclua servi\u00e7os de sa\u00fade, assist\u00eancia social, cursos de capacita\u00e7\u00e3o e oportunidades de emprego, buscando a reintegra\u00e7\u00e3o das pessoas \u00e0 sociedade.<\/li>\n<li><strong>Empoderamento Social:<\/strong> Promover a autonomia das pessoas atendidas, oferecendo n\u00e3o apenas abrigo, mas tamb\u00e9m ferramentas necess\u00e1rias para que possam resgatar sua dignidade e independ\u00eancia.<\/li>\n<li><strong>Conscientiza\u00e7\u00e3o da Comunidade:<\/strong> Incentivar a popula\u00e7\u00e3o a participar da solu\u00e7\u00e3o desse problema social, promovendo a empatia e a solidariedade em rela\u00e7\u00e3o \u00e0s pessoas que vivem nas ruas.<\/li>\n<\/ul>\n<p>Esses objetivos s\u00e3o essenciais para garantir um impacto positivo a longo prazo, transformando n\u00e3o apenas a vida dos benefici\u00e1rios, mas tamb\u00e9m a percep\u00e7\u00e3o da sociedade acerca das pessoas em situa\u00e7\u00e3o de rua.<\/p>\n<h2>Como Funciona o Projeto na Pra\u00e7a Jos\u00e9 Bonif\u00e1cio<\/h2>\n<p>O funcionamento do projeto &#8220;Supera\u00e7\u00e3o&#8221; na Pra\u00e7a Jos\u00e9 Bonif\u00e1cio \u00e9 estruturado em v\u00e1rias etapas, todas desenvolvidas para atender as necessidades espec\u00edficas da popula\u00e7\u00e3o em situa\u00e7\u00e3o de rua. Na fase inicial, a pra\u00e7a foi escolhida devido \u00e0 sua alta concentra\u00e7\u00e3o de pessoas que necessitam de assist\u00eancia. O atendimento se dar\u00e1 em um ambiente preparado para acolher e auxiliar esses indiv\u00edduos.<\/p>\n<p>Durante as primeiras semanas, o projeto oferece:<\/p>\n<ul>\n<li><strong>Acolhimento Inicial:<\/strong> Uma equipe multidisciplinar composta por assistentes sociais, psic\u00f3logos e volunt\u00e1rios estar\u00e1 presente para realizar acolhimentos e triagens dos indiv\u00edduos que se aproximarem.<\/li>\n<li><strong>Oferecimento de Alimentos e B\u00e1sicos:<\/strong> Ser\u00e3o distribu\u00eddos alimentos, roupas e itens de higiene pessoal para atender necessidades imediatas.<\/li>\n<li><strong>Encaminhamento a Servi\u00e7os de Sa\u00fade:<\/strong> Os profissionais de sa\u00fade capacitados estar\u00e3o dispon\u00edveis para realizar atendimentos m\u00e9dicos e psicol\u00f3gicos, visando a sa\u00fade f\u00edsica e mental dos assistidos.<\/li>\n<li><strong>Programa\u00e7\u00e3o de Oficinas:<\/strong> O projeto tamb\u00e9m oferecer\u00e1 oficinas de capacita\u00e7\u00e3o e gera\u00e7\u00e3o de renda, introduzindo habilidades que podem ajudar na reintegra\u00e7\u00e3o ao mercado de trabalho.<\/li>\n<\/ul>\n<p>O planejamento da expans\u00e3o do projeto para mais pontos da cidade, como a Pra\u00e7a Takaki, demonstra um compromisso em alcan\u00e7ar um maior n\u00famero de pessoas e Focar na diversidade dos servi\u00e7os oferecidos, promovendo um modelo de aten\u00e7\u00e3o integral que pode mudar vidas.<\/p>\n<h2>Participa\u00e7\u00e3o da Comunidade no Acolhimento Social<\/h2>\n<p>A participa\u00e7\u00e3o da comunidade \u00e9 uma pe\u00e7a fundamental na engrenagem do projeto &#8220;Supera\u00e7\u00e3o&#8221;. O plano enfatiza que a transforma\u00e7\u00e3o social n\u00e3o deve ser uma responsabilidade apenas do governo, mas sim um esfor\u00e7o coletivo que envolve todos os cidad\u00e3os. Para isso, algumas estrat\u00e9gias foram desenvolvidas:<\/p>\n<ul>\n<li><strong>Voluntariado:<\/strong> O projeto ir\u00e1 mobilizar cidad\u00e3os interessados em contribuir, seja doando tempo, alimentos, roupas ou mesmo atuando em atividades no acolhimento.<\/li>\n<li><strong>Campanhas de Conscientiza\u00e7\u00e3o:<\/strong> Ser\u00e3o realizadas campanhas para informar a popula\u00e7\u00e3o sobre a realidade das pessoas em situa\u00e7\u00e3o de rua, desmistificando preconceitos e promovendo a empatia e o respeito.<\/li>\n<li><strong>Forma\u00e7\u00e3o de Grupos de Apoio:<\/strong> Incentivar a forma\u00e7\u00e3o de grupos que possam apoiar os acolhidos, seja atrav\u00e9s de doa\u00e7\u00f5es cont\u00ednuas ou atrav\u00e9s da oferta de servi\u00e7os como cursos e oficinas.<\/li>\n<li><strong>Parcerias com Empresas Locais:<\/strong> O projeto buscar\u00e1 estabelecer parcerias com empresas para patroc\u00ednios, doa\u00e7\u00f5es e, mais importante, oportunidades de trabalho para os benefici\u00e1rios que se capacitarem.<\/li>\n<\/ul>\n<p>A colabora\u00e7\u00e3o da comunidade n\u00e3o apenas melhora o alcance e efic\u00e1cia da iniciativa, mas tamb\u00e9m fortalece o sentimento de pertencimento e solidariedade, essenciais para uma sociedade mais justa e coesa.<\/p>\n<h2>A Import\u00e2ncia das Autoridades no Lan\u00e7amento<\/h2>\n<p>A presen\u00e7a de autoridades no lan\u00e7amento do projeto &#8220;Supera\u00e7\u00e3o&#8221; \u00e9 not\u00e1vel por v\u00e1rios motivos. Primeiro, demonstra o comprometimento do poder p\u00fablico com a causa e a disposi\u00e7\u00e3o em enfrentar as quest\u00f5es sociais de forma ativa. A fala do prefeito Helinho Zanatta, enfatizando o aspecto humano do projeto, reflete a responsabilidade da lideran\u00e7a pol\u00edtica frente aos desafios sociais.<\/p>\n<p>As autoridades, como o secret\u00e1rio Edvaldo Brito e outros vereadores presentes, s\u00e3o fundamentais para:<\/p>\n<ul>\n<li><strong>Garantir Recursos: <\/strong>A presen\u00e7a deles sinaliza que haver\u00e1 apoio financeiro e log\u00edstico para a execu\u00e7\u00e3o do projeto. <\/li>\n<li><strong>Estabelecer Pol\u00edticas P\u00fablicas: <\/strong>A participa\u00e7\u00e3o deles permite implementar pol\u00edticas p\u00fablicas que possam garantir a continuidade do acolhimento e prote\u00e7\u00e3o das pessoas em situa\u00e7\u00e3o de rua.<\/li>\n<li><strong>Monitora\u00e7\u00e3o e Avalia\u00e7\u00e3o: <\/strong>Suas fun\u00e7\u00f5es incluem o monitoramento do progresso do projeto e a realiza\u00e7\u00e3o de ajustes onde forem necess\u00e1rios, garantindo assim a efic\u00e1cia das a\u00e7\u00f5es desenvolvidas.<\/li>\n<li><strong>Humanizar a Gest\u00e3o P\u00fablica: <\/strong>A presen\u00e7a das autoridades aproxima o governo da popula\u00e7\u00e3o, promovendo uma gest\u00e3o mais transparente e acess\u00edvel.<\/li>\n<\/ul>\n<p>Este apoio institucional \u00e9 n\u00e3o apenas uma valida\u00e7\u00e3o do projeto, mas tamb\u00e9m uma esperan\u00e7a renovada para aqueles que est\u00e3o em situa\u00e7\u00f5es extremas de vulnerabilidade.<\/p>\n<h2>Pr\u00f3ximos Passos para a Expans\u00e3o do Projeto<\/h2>\n<p>O projeto &#8220;Supera\u00e7\u00e3o&#8221; est\u00e1 programado para expandir suas opera\u00e7\u00f5es em diferentes locais de Piracicaba, com o objetivo de alcan\u00e7ar ainda mais pessoas que necessitam de apoio. Os pr\u00f3ximos passos incluem:<\/p>\n<ul>\n<li><strong>Estudo de Viabilidade: <\/strong>Realizar pesquisas e estudos para identificar os locais que possuem maior concentra\u00e7\u00e3o de popula\u00e7\u00e3o em situa\u00e7\u00e3o de rua e desenvolver um planejamento operacional para a implementa\u00e7\u00e3o do projeto.<\/li>\n<li><strong>Capacita\u00e7\u00e3o da Equipe:<\/strong> Preparar a equipe de profissionais e volunt\u00e1rios para os novos desafios, assegurando que todos estejam alinhados com os valores e objetivos do projeto.<\/li>\n<li><strong>Parcerias Estrat\u00e9gicas:<\/strong> Ampliar a rede de parcerias com ONGs, empresas e universidades, buscando recursos e apoio t\u00e9cnico essenciais para a expans\u00e3o do projeto.<\/li>\n<li><strong>Revis\u00e3o e Melhoria Cont\u00ednua: <\/strong>Estabelecer um sistema de feedback para entender melhor as necessidades da popula\u00e7\u00e3o atendida e adaptar as estrat\u00e9gias do projeto sempre que necess\u00e1rio.<\/li>\n<\/ul>\n<p>A expans\u00e3o n\u00e3o se trata apenas de aumentar a cobertura territorial, mas tamb\u00e9m de aprimorar os servi\u00e7os e as oportunidades disponibilizadas, promovendo uma experi\u00eancia que seja verdadeiramente transformadora.<\/p>\n<h2>Resultados Esperados para a Popula\u00e7\u00e3o<\/h2>\n<p>O projeto &#8220;Supera\u00e7\u00e3o&#8221; \u00e9 uma promessa de transforma\u00e7\u00e3o para muitas vidas e espera-se que os resultados sejam significativos e duradouros. Alguns dos resultados esperados incluem:<\/p>\n<ul>\n<li><strong>Redu\u00e7\u00e3o da Popula\u00e7\u00e3o em Situa\u00e7\u00e3o de Rua:<\/strong> Por meio do acolhimento e da reintegra\u00e7\u00e3o social, espera-se que muitos indiv\u00edduos deixem essa condi\u00e7\u00e3o de vulnerabilidade.<\/li>\n<li><strong>Melhoria na Sa\u00fade Mental e F\u00edsica:<\/strong> Com o acesso a servi\u00e7os de sa\u00fade mental e cuidados m\u00e9dicos, a expectativa \u00e9 que a sa\u00fade dos acolhidos melhore substancialmente.<\/li>\n<li><strong>Aumento da Autonomia e Emprego:<\/strong> Atrav\u00e9s das oficinas e capacita\u00e7\u00f5es oferecidas, muitos poder\u00e3o conquistar emprego e restaurar sua independ\u00eancia financeira.<\/li>\n<li><strong>Mudan\u00e7a de Percep\u00e7\u00e3o Social:<\/strong> Espera-se que a popula\u00e7\u00e3o em geral torne-se mais emp\u00e1tica e solid\u00e1ria em rela\u00e7\u00e3o \u00e0s dificuldades enfrentadas pelos vulner\u00e1veis.<\/li>\n<\/ul>\n<p>A longa prazo, esses resultados n\u00e3o s\u00f3 impactar\u00e3o diretamente a vida dos indiv\u00edduos atendidos, mas tamb\u00e9m contribuir\u00e3o para uma sociedade mais coesa e justa.<\/p>\n<h2>Testemunhos de Benefici\u00e1rios do Acolhimento<\/h2>\n<p>Um dos aspectos mais humanos e poderosos do projeto &#8220;Supera\u00e7\u00e3o&#8221; s\u00e3o os testemunhos das pessoas que tiveram suas vidas transformadas atrav\u00e9s do acolhimento. Relatos de ex-moradores de rua j\u00e1 mostraram o impacto positivo que o projeto pode ter:<\/p>\n<p>Maria, uma das benefici\u00e1rias, compartilha: &#8220;Quando cheguei \u00e0 Pra\u00e7a Jos\u00e9 Bonif\u00e1cio, estava perdida e sem esperan\u00e7a. O acolhimento que encontrei aqui me deu um novo prop\u00f3sito. Recebi apoio emocional e, agora, trabalho novamente, podendo proporcionar uma vida melhor para meus filhos&#8221;.<\/p>\n<p>Outro relato impactante \u00e9 de Jo\u00e3o, que disse: &#8220;Eu n\u00e3o acreditava que poderia voltar a sonhar. Com as oficinas de capacita\u00e7\u00e3o, consegui aprender uma nova profiss\u00e3o e j\u00e1 tenho um emprego. O projeto n\u00e3o apenas me acolheu; ele me deu a chance de recome\u00e7ar&#8221;.<\/p>\n<p>Esses testemunhos ressaltam a import\u00e2ncia do projeto e reafirmam seu papel central na transforma\u00e7\u00e3o de vidas, devolvendo dignidade e esperan\u00e7a a aqueles que mais precisam.<\/p>\n<h2>Desafios Enfrentados na Implanta\u00e7\u00e3o<\/h2>\n<p>Embora o projeto &#8220;Supera\u00e7\u00e3o&#8221; represente uma luz de esperan\u00e7a, v\u00e1rios desafios foram enfrentados durante sua implanta\u00e7\u00e3o. Aqui est\u00e3o alguns dos obst\u00e1culos que a iniciativa teve de superar:<\/p>\n<ul>\n<li><strong>Financiamento e Apoio Log\u00edstico:<\/strong> Mobilizar os recursos financeiros e log\u00edsticos necess\u00e1rios para o funcionamento da iniciativa foi um dos principais desafios. O suporte cont\u00ednuo de parceiros e do governo \u00e9 essencial para garantir a melhoria cont\u00ednua.<\/li>\n<li><strong>Envolvimento da Comunidade:<\/strong> \u00c9 essencial que a comunidade entenda e apoie o projeto, e isso nem sempre \u00e9 simples. A conscientiza\u00e7\u00e3o e a educa\u00e7\u00e3o sobre a quest\u00e3o da popula\u00e7\u00e3o de rua s\u00e3o fundamentais para a aceita\u00e7\u00e3o e apoio social.<\/li>\n<li><strong>Capacita\u00e7\u00e3o da Equipe:<\/strong> A forma\u00e7\u00e3o de uma equipe dedicada e bem treinada \u00e9 um desafio significativo. Para que o projeto funcione adequadamente, \u00e9 necess\u00e1rio recrutar profissionais qualificados e proporcionar treinamento adequado.<\/li>\n<li><strong>Abordagens Humanas e Personalizadas:<\/strong> Cada indiv\u00edduo em situa\u00e7\u00e3o de rua possui uma hist\u00f3ria e necessidades \u00fanicas. Oferecer um atendimento que considere essa singularidade \u00e9 desafiador, mas essencial para os resultados esperados.<\/li>\n<\/ul>\n<p>Superar esses desafios requer resili\u00eancia, trabalho em equipe e um compromisso genu\u00edno de todos os envolvidos no projeto.<\/p>\n<h2>Como Contribuir com o Projeto &#8216;Supera\u00e7\u00e3o&#8217;<\/h2>\n<p>Para aqueles que desejam participar do projeto &#8220;Supera\u00e7\u00e3o&#8221;, existem diversas formas de contribuir e fazer a diferen\u00e7a na vida de pessoas em situa\u00e7\u00e3o de rua:<\/p>\n<ul>\n<li><strong>Voluntariado:<\/strong> Ofere\u00e7a seu tempo e habilidades para ajudar nas a\u00e7\u00f5es de acolhimento e assist\u00eancia. Cada pequena ajuda conta!<\/li>\n<li><strong>Doa\u00e7\u00f5es:<\/strong> Contribua com itens essenciais, como alimentos, roupas, produtos de higiene pessoal e materiais para as oficinas.<\/li>\n<li><strong>Compartilhe a Mensagem:<\/strong> Ajude a levantar a consci\u00eancia sobre a quest\u00e3o da popula\u00e7\u00e3o de rua compartilhando informa\u00e7\u00f5es sobre o projeto em suas redes sociais e entre amigos.<\/li>\n<li><strong>Forme Grupos de Apoio:<\/strong> Incentive sua comunidade a se mobilizar em torno da causa, criando grupos de apoio e arrecada\u00e7\u00e3o que possam contribuir com o projeto de v\u00e1rias maneiras.<\/li>\n<\/ul>\n<p>A uni\u00e3o de esfor\u00e7os \u00e9 o que permitir\u00e1 que o projeto &#8220;Supera\u00e7\u00e3o&#8221; alcance seus objetivos e efetivamente transforme vidas.<\/p>\n\n<div style=\"font-size: 0px; height: 0px; line-height: 0px; margin: 0; padding: 0; clear: both;\"><\/div>","protected":false},"excerpt":{"rendered":"<p>Projeto &#8216;Supera\u00e7\u00e3o&#8217; busca fortalecer o acolhimento social em Piracicaba com a\u00e7\u00f5es inovadoras.<\/p>\n","protected":false},"author":1,"featured_media":3891,"comment_status":"closed","ping_status":"closed","sticky":false,"template":"","format":"standard","meta":{"footnotes":""},"categories":[6],"tags":[],"class_list":["post-3892","post","type-post","status-publish","format-standard","has-post-thumbnail","hentry","category-noticias-em-piracicaba","has_thumb"],"aioseo_notices":[],"aioseo_head":"\n\t\t<!-- All in One SEO 5.0.0.1 - aioseo.com -->\n\t<meta name=\"robots\" content=\"max-image-preview:large\" \/>\n\t<meta name=\"author\" content=\"Encontra Piracicaba\"\/>\n\t<link rel=\"canonical\" href=\"https:\/\/www.encontrapiracicaba.com.br\/sobre\/projeto-superacao-e-detalhado-na-smads-com-acoes-para-acolhimento-social\/\" \/>\n\t<meta name=\"generator\" content=\"All in One SEO (AIOSEO) 5.0.0.1\" \/>\n\t\t<meta property=\"og:locale\" content=\"pt_BR\" \/>\n\t\t<meta property=\"og:site_name\" content=\"Encontra Piracicaba | Not\u00edcias, eventos, informa\u00e7\u00f5es e dicas na cidade de Piracicaba e regi\u00e3o\" \/>\n\t\t<meta property=\"og:type\" content=\"article\" \/>\n\t\t<meta property=\"og:title\" content=\"Projeto \u201cSupera\u00e7\u00e3o\u201d \u00e9 detalhado na SMADS com a\u00e7\u00f5es para acolhimento social | Encontra Piracicaba\" \/>\n\t\t<meta property=\"og:url\" content=\"https:\/\/www.encontrapiracicaba.com.br\/sobre\/projeto-superacao-e-detalhado-na-smads-com-acoes-para-acolhimento-social\/\" \/>\n\t\t<meta property=\"article:published_time\" content=\"2025-12-11T15:31:00+00:00\" \/>\n\t\t<meta property=\"article:modified_time\" content=\"2025-12-11T15:31:00+00:00\" \/>\n\t\t<meta name=\"twitter:card\" content=\"summary\" \/>\n\t\t<meta name=\"twitter:title\" content=\"Projeto \u201cSupera\u00e7\u00e3o\u201d \u00e9 detalhado na SMADS com a\u00e7\u00f5es para acolhimento social | Encontra Piracicaba\" \/>\n\t\t<script type=\"application\/ld+json\" class=\"aioseo-schema\">\n\t\t\t{\"@context\":\"https:\\\/\\\/schema.org\",\"@graph\":[{\"@type\":\"Article\",\"@id\":\"https:\\\/\\\/www.encontrapiracicaba.com.br\\\/sobre\\\/projeto-superacao-e-detalhado-na-smads-com-acoes-para-acolhimento-social\\\/#article\",\"name\":\"Projeto \\u201cSupera\\u00e7\\u00e3o\\u201d \\u00e9 detalhado na SMADS com a\\u00e7\\u00f5es para acolhimento social | Encontra Piracicaba\",\"headline\":\"Projeto \\u201cSupera\\u00e7\\u00e3o\\u201d \\u00e9 detalhado na SMADS com a\\u00e7\\u00f5es para acolhimento social\",\"author\":{\"@id\":\"https:\\\/\\\/www.encontrapiracicaba.com.br\\\/sobre\\\/author\\\/epiracicaba\\\/#author\"},\"publisher\":{\"@id\":\"https:\\\/\\\/www.encontrapiracicaba.com.br\\\/sobre\\\/#organization\"},\"image\":{\"@type\":\"ImageObject\",\"url\":\"https:\\\/\\\/www.encontrapiracicaba.com.br\\\/sobre\\\/wp-content\\\/uploads\\\/projeto-superacao-e-detalhado-na-smads-com-acoes-para-acolhimento-social.webp\",\"width\":320,\"height\":280,\"caption\":\"acolhimento social\"},\"datePublished\":\"2025-12-11T12:31:00-03:00\",\"dateModified\":\"2025-12-11T12:31:00-03:00\",\"inLanguage\":\"pt-BR\",\"mainEntityOfPage\":{\"@id\":\"https:\\\/\\\/www.encontrapiracicaba.com.br\\\/sobre\\\/projeto-superacao-e-detalhado-na-smads-com-acoes-para-acolhimento-social\\\/#webpage\"},\"isPartOf\":{\"@id\":\"https:\\\/\\\/www.encontrapiracicaba.com.br\\\/sobre\\\/projeto-superacao-e-detalhado-na-smads-com-acoes-para-acolhimento-social\\\/#webpage\"},\"articleSection\":\"Not\\u00edcias Piracicaba\"},{\"@type\":\"BreadcrumbList\",\"@id\":\"https:\\\/\\\/www.encontrapiracicaba.com.br\\\/sobre\\\/projeto-superacao-e-detalhado-na-smads-com-acoes-para-acolhimento-social\\\/#breadcrumblist\",\"itemListElement\":[{\"@type\":\"ListItem\",\"@id\":\"https:\\\/\\\/www.encontrapiracicaba.com.br\\\/sobre#listItem\",\"position\":1,\"name\":\"In\\u00edcio\",\"item\":\"https:\\\/\\\/www.encontrapiracicaba.com.br\\\/sobre\",\"nextItem\":{\"@type\":\"ListItem\",\"@id\":\"https:\\\/\\\/www.encontrapiracicaba.com.br\\\/sobre\\\/noticias-em-piracicaba\\\/#listItem\",\"name\":\"Not\\u00edcias Piracicaba\"}},{\"@type\":\"ListItem\",\"@id\":\"https:\\\/\\\/www.encontrapiracicaba.com.br\\\/sobre\\\/noticias-em-piracicaba\\\/#listItem\",\"position\":2,\"name\":\"Not\\u00edcias Piracicaba\",\"item\":\"https:\\\/\\\/www.encontrapiracicaba.com.br\\\/sobre\\\/noticias-em-piracicaba\\\/\",\"nextItem\":{\"@type\":\"ListItem\",\"@id\":\"https:\\\/\\\/www.encontrapiracicaba.com.br\\\/sobre\\\/projeto-superacao-e-detalhado-na-smads-com-acoes-para-acolhimento-social\\\/#listItem\",\"name\":\"Projeto \\u201cSupera\\u00e7\\u00e3o\\u201d \\u00e9 detalhado na SMADS com a\\u00e7\\u00f5es para acolhimento social\"},\"previousItem\":{\"@type\":\"ListItem\",\"@id\":\"https:\\\/\\\/www.encontrapiracicaba.com.br\\\/sobre#listItem\",\"name\":\"In\\u00edcio\"}},{\"@type\":\"ListItem\",\"@id\":\"https:\\\/\\\/www.encontrapiracicaba.com.br\\\/sobre\\\/projeto-superacao-e-detalhado-na-smads-com-acoes-para-acolhimento-social\\\/#listItem\",\"position\":3,\"name\":\"Projeto \\u201cSupera\\u00e7\\u00e3o\\u201d \\u00e9 detalhado na SMADS com a\\u00e7\\u00f5es para acolhimento social\",\"previousItem\":{\"@type\":\"ListItem\",\"@id\":\"https:\\\/\\\/www.encontrapiracicaba.com.br\\\/sobre\\\/noticias-em-piracicaba\\\/#listItem\",\"name\":\"Not\\u00edcias Piracicaba\"}}]},{\"@type\":\"Organization\",\"@id\":\"https:\\\/\\\/www.encontrapiracicaba.com.br\\\/sobre\\\/#organization\",\"name\":\"Encontra Piracicaba\",\"description\":\"Not\\u00edcias, eventos, informa\\u00e7\\u00f5es e dicas na cidade de Piracicaba e regi\\u00e3o\",\"url\":\"https:\\\/\\\/www.encontrapiracicaba.com.br\\\/sobre\\\/\"},{\"@type\":\"Person\",\"@id\":\"https:\\\/\\\/www.encontrapiracicaba.com.br\\\/sobre\\\/author\\\/epiracicaba\\\/#author\",\"url\":\"https:\\\/\\\/www.encontrapiracicaba.com.br\\\/sobre\\\/author\\\/epiracicaba\\\/\",\"name\":\"Encontra Piracicaba\",\"image\":{\"@type\":\"ImageObject\",\"@id\":\"https:\\\/\\\/www.encontrapiracicaba.com.br\\\/sobre\\\/projeto-superacao-e-detalhado-na-smads-com-acoes-para-acolhimento-social\\\/#authorImage\",\"url\":\"https:\\\/\\\/secure.gravatar.com\\\/avatar\\\/507340682b8270222e1f208e23198b6ae7e2c6a1033ae84e99bc6bce4f82a387?s=96&d=mm&r=g\",\"width\":96,\"height\":96,\"caption\":\"Encontra Piracicaba\"}},{\"@type\":\"WebPage\",\"@id\":\"https:\\\/\\\/www.encontrapiracicaba.com.br\\\/sobre\\\/projeto-superacao-e-detalhado-na-smads-com-acoes-para-acolhimento-social\\\/#webpage\",\"url\":\"https:\\\/\\\/www.encontrapiracicaba.com.br\\\/sobre\\\/projeto-superacao-e-detalhado-na-smads-com-acoes-para-acolhimento-social\\\/\",\"name\":\"Projeto \\u201cSupera\\u00e7\\u00e3o\\u201d \\u00e9 detalhado na SMADS com a\\u00e7\\u00f5es para acolhimento social | Encontra Piracicaba\",\"inLanguage\":\"pt-BR\",\"isPartOf\":{\"@id\":\"https:\\\/\\\/www.encontrapiracicaba.com.br\\\/sobre\\\/#website\"},\"breadcrumb\":{\"@id\":\"https:\\\/\\\/www.encontrapiracicaba.com.br\\\/sobre\\\/projeto-superacao-e-detalhado-na-smads-com-acoes-para-acolhimento-social\\\/#breadcrumblist\"},\"author\":{\"@id\":\"https:\\\/\\\/www.encontrapiracicaba.com.br\\\/sobre\\\/author\\\/epiracicaba\\\/#author\"},\"creator\":{\"@id\":\"https:\\\/\\\/www.encontrapiracicaba.com.br\\\/sobre\\\/author\\\/epiracicaba\\\/#author\"},\"image\":{\"@type\":\"ImageObject\",\"url\":\"https:\\\/\\\/www.encontrapiracicaba.com.br\\\/sobre\\\/wp-content\\\/uploads\\\/projeto-superacao-e-detalhado-na-smads-com-acoes-para-acolhimento-social.webp\",\"@id\":\"https:\\\/\\\/www.encontrapiracicaba.com.br\\\/sobre\\\/projeto-superacao-e-detalhado-na-smads-com-acoes-para-acolhimento-social\\\/#mainImage\",\"width\":320,\"height\":280,\"caption\":\"acolhimento social\"},\"primaryImageOfPage\":{\"@id\":\"https:\\\/\\\/www.encontrapiracicaba.com.br\\\/sobre\\\/projeto-superacao-e-detalhado-na-smads-com-acoes-para-acolhimento-social\\\/#mainImage\"},\"datePublished\":\"2025-12-11T12:31:00-03:00\",\"dateModified\":\"2025-12-11T12:31:00-03:00\"},{\"@type\":\"WebSite\",\"@id\":\"https:\\\/\\\/www.encontrapiracicaba.com.br\\\/sobre\\\/#website\",\"url\":\"https:\\\/\\\/www.encontrapiracicaba.com.br\\\/sobre\\\/\",\"name\":\"Encontra Piracicaba\",\"description\":\"Not\\u00edcias, eventos, informa\\u00e7\\u00f5es e dicas na cidade de Piracicaba e regi\\u00e3o\",\"inLanguage\":\"pt-BR\",\"publisher\":{\"@id\":\"https:\\\/\\\/www.encontrapiracicaba.com.br\\\/sobre\\\/#organization\"}}]}\n\t\t<\/script>\n\t\t<!-- All in One SEO -->\n\n","aioseo_head_json":{"title":"Projeto \u201cSupera\u00e7\u00e3o\u201d \u00e9 detalhado na SMADS com a\u00e7\u00f5es para acolhimento social | Encontra Piracicaba","description":"","canonical_url":"https:\/\/www.encontrapiracicaba.com.br\/sobre\/projeto-superacao-e-detalhado-na-smads-com-acoes-para-acolhimento-social\/","robots":"max-image-preview:large","keywords":"","webmasterTools":{"miscellaneous":""},"schema":{"@context":"https:\/\/schema.org","@graph":[{"@type":"Article","@id":"https:\/\/www.encontrapiracicaba.com.br\/sobre\/projeto-superacao-e-detalhado-na-smads-com-acoes-para-acolhimento-social\/#article","name":"Projeto \u201cSupera\u00e7\u00e3o\u201d \u00e9 detalhado na SMADS com a\u00e7\u00f5es para acolhimento social | Encontra Piracicaba","headline":"Projeto \u201cSupera\u00e7\u00e3o\u201d \u00e9 detalhado na SMADS com a\u00e7\u00f5es para acolhimento social","author":{"@id":"https:\/\/www.encontrapiracicaba.com.br\/sobre\/author\/epiracicaba\/#author"},"publisher":{"@id":"https:\/\/www.encontrapiracicaba.com.br\/sobre\/#organization"},"image":{"@type":"ImageObject","url":"https:\/\/www.encontrapiracicaba.com.br\/sobre\/wp-content\/uploads\/projeto-superacao-e-detalhado-na-smads-com-acoes-para-acolhimento-social.webp","width":320,"height":280,"caption":"acolhimento social"},"datePublished":"2025-12-11T12:31:00-03:00","dateModified":"2025-12-11T12:31:00-03:00","inLanguage":"pt-BR","mainEntityOfPage":{"@id":"https:\/\/www.encontrapiracicaba.com.br\/sobre\/projeto-superacao-e-detalhado-na-smads-com-acoes-para-acolhimento-social\/#webpage"},"isPartOf":{"@id":"https:\/\/www.encontrapiracicaba.com.br\/sobre\/projeto-superacao-e-detalhado-na-smads-com-acoes-para-acolhimento-social\/#webpage"},"articleSection":"Not\u00edcias Piracicaba"},{"@type":"BreadcrumbList","@id":"https:\/\/www.encontrapiracicaba.com.br\/sobre\/projeto-superacao-e-detalhado-na-smads-com-acoes-para-acolhimento-social\/#breadcrumblist","itemListElement":[{"@type":"ListItem","@id":"https:\/\/www.encontrapiracicaba.com.br\/sobre#listItem","position":1,"name":"In\u00edcio","item":"https:\/\/www.encontrapiracicaba.com.br\/sobre","nextItem":{"@type":"ListItem","@id":"https:\/\/www.encontrapiracicaba.com.br\/sobre\/noticias-em-piracicaba\/#listItem","name":"Not\u00edcias Piracicaba"}},{"@type":"ListItem","@id":"https:\/\/www.encontrapiracicaba.com.br\/sobre\/noticias-em-piracicaba\/#listItem","position":2,"name":"Not\u00edcias Piracicaba","item":"https:\/\/www.encontrapiracicaba.com.br\/sobre\/noticias-em-piracicaba\/","nextItem":{"@type":"ListItem","@id":"https:\/\/www.encontrapiracicaba.com.br\/sobre\/projeto-superacao-e-detalhado-na-smads-com-acoes-para-acolhimento-social\/#listItem","name":"Projeto \u201cSupera\u00e7\u00e3o\u201d \u00e9 detalhado na SMADS com a\u00e7\u00f5es para acolhimento social"},"previousItem":{"@type":"ListItem","@id":"https:\/\/www.encontrapiracicaba.com.br\/sobre#listItem","name":"In\u00edcio"}},{"@type":"ListItem","@id":"https:\/\/www.encontrapiracicaba.com.br\/sobre\/projeto-superacao-e-detalhado-na-smads-com-acoes-para-acolhimento-social\/#listItem","position":3,"name":"Projeto \u201cSupera\u00e7\u00e3o\u201d \u00e9 detalhado na SMADS com a\u00e7\u00f5es para acolhimento social","previousItem":{"@type":"ListItem","@id":"https:\/\/www.encontrapiracicaba.com.br\/sobre\/noticias-em-piracicaba\/#listItem","name":"Not\u00edcias Piracicaba"}}]},{"@type":"Organization","@id":"https:\/\/www.encontrapiracicaba.com.br\/sobre\/#organization","name":"Encontra Piracicaba","description":"Not\u00edcias, eventos, informa\u00e7\u00f5es e dicas na cidade de Piracicaba e regi\u00e3o","url":"https:\/\/www.encontrapiracicaba.com.br\/sobre\/"},{"@type":"Person","@id":"https:\/\/www.encontrapiracicaba.com.br\/sobre\/author\/epiracicaba\/#author","url":"https:\/\/www.encontrapiracicaba.com.br\/sobre\/author\/epiracicaba\/","name":"Encontra Piracicaba","image":{"@type":"ImageObject","@id":"https:\/\/www.encontrapiracicaba.com.br\/sobre\/projeto-superacao-e-detalhado-na-smads-com-acoes-para-acolhimento-social\/#authorImage","url":"https:\/\/secure.gravatar.com\/avatar\/507340682b8270222e1f208e23198b6ae7e2c6a1033ae84e99bc6bce4f82a387?s=96&d=mm&r=g","width":96,"height":96,"caption":"Encontra Piracicaba"}},{"@type":"WebPage","@id":"https:\/\/www.encontrapiracicaba.com.br\/sobre\/projeto-superacao-e-detalhado-na-smads-com-acoes-para-acolhimento-social\/#webpage","url":"https:\/\/www.encontrapiracicaba.com.br\/sobre\/projeto-superacao-e-detalhado-na-smads-com-acoes-para-acolhimento-social\/","name":"Projeto \u201cSupera\u00e7\u00e3o\u201d \u00e9 detalhado na SMADS com a\u00e7\u00f5es para acolhimento social | Encontra Piracicaba","inLanguage":"pt-BR","isPartOf":{"@id":"https:\/\/www.encontrapiracicaba.com.br\/sobre\/#website"},"breadcrumb":{"@id":"https:\/\/www.encontrapiracicaba.com.br\/sobre\/projeto-superacao-e-detalhado-na-smads-com-acoes-para-acolhimento-social\/#breadcrumblist"},"author":{"@id":"https:\/\/www.encontrapiracicaba.com.br\/sobre\/author\/epiracicaba\/#author"},"creator":{"@id":"https:\/\/www.encontrapiracicaba.com.br\/sobre\/author\/epiracicaba\/#author"},"image":{"@type":"ImageObject","url":"https:\/\/www.encontrapiracicaba.com.br\/sobre\/wp-content\/uploads\/projeto-superacao-e-detalhado-na-smads-com-acoes-para-acolhimento-social.webp","@id":"https:\/\/www.encontrapiracicaba.com.br\/sobre\/projeto-superacao-e-detalhado-na-smads-com-acoes-para-acolhimento-social\/#mainImage","width":320,"height":280,"caption":"acolhimento social"},"primaryImageOfPage":{"@id":"https:\/\/www.encontrapiracicaba.com.br\/sobre\/projeto-superacao-e-detalhado-na-smads-com-acoes-para-acolhimento-social\/#mainImage"},"datePublished":"2025-12-11T12:31:00-03:00","dateModified":"2025-12-11T12:31:00-03:00"},{"@type":"WebSite","@id":"https:\/\/www.encontrapiracicaba.com.br\/sobre\/#website","url":"https:\/\/www.encontrapiracicaba.com.br\/sobre\/","name":"Encontra Piracicaba","description":"Not\u00edcias, eventos, informa\u00e7\u00f5es e dicas na cidade de Piracicaba e regi\u00e3o","inLanguage":"pt-BR","publisher":{"@id":"https:\/\/www.encontrapiracicaba.com.br\/sobre\/#organization"}}]},"og:locale":"pt_BR","og:site_name":"Encontra Piracicaba | Not\u00edcias, eventos, informa\u00e7\u00f5es e dicas na cidade de Piracicaba e regi\u00e3o","og:type":"article","og:title":"Projeto \u201cSupera\u00e7\u00e3o\u201d \u00e9 detalhado na SMADS com a\u00e7\u00f5es para acolhimento social | Encontra Piracicaba","og:url":"https:\/\/www.encontrapiracicaba.com.br\/sobre\/projeto-superacao-e-detalhado-na-smads-com-acoes-para-acolhimento-social\/","article:published_time":"2025-12-11T15:31:00+00:00","article:modified_time":"2025-12-11T15:31:00+00:00","twitter:card":"summary","twitter:title":"Projeto \u201cSupera\u00e7\u00e3o\u201d \u00e9 detalhado na SMADS com a\u00e7\u00f5es para acolhimento social | Encontra Piracicaba"},"aioseo_meta_data":{"post_id":"3892","title":null,"description":null,"keywords":null,"keyphrases":null,"primary_term":null,"canonical_url":null,"og_title":null,"og_description":null,"og_object_type":"default","og_image_type":"default","og_image_url":null,"og_image_width":null,"og_image_height":null,"og_image_custom_url":null,"og_image_custom_fields":null,"og_video":null,"og_custom_url":null,"og_article_section":null,"og_article_tags":null,"twitter_use_og":false,"twitter_card":"default","twitter_image_type":"default","twitter_image_url":null,"twitter_image_custom_url":null,"twitter_image_custom_fields":null,"twitter_title":null,"twitter_description":null,"schema":{"blockGraphs":[],"customGraphs":[],"default":{"data":{"Article":[],"Course":[],"Dataset":[],"FAQPage":[],"Movie":[],"Person":[],"Product":[],"ProductReview":[],"Car":[],"Recipe":[],"Service":[],"SoftwareApplication":[],"WebPage":[]},"graphName":"Article","isEnabled":true},"graphs":[]},"schema_type":"default","schema_type_options":null,"pillar_content":false,"robots_default":true,"robots_noindex":false,"robots_noarchive":false,"robots_nosnippet":false,"robots_nofollow":false,"robots_noimageindex":false,"robots_noodp":false,"robots_notranslate":false,"robots_max_snippet":null,"robots_max_videopreview":null,"robots_max_imagepreview":"large","priority":null,"frequency":null,"local_seo":null,"breadcrumb_settings":null,"limit_modified_date":false,"ai":null,"created":"2025-12-19 16:43:51","updated":"2025-12-19 16:47:35","focus_keyword":null,"additional_keywords":null,"truseo_locale":null,"seo_analyzer_scan_date":null},"aioseo_breadcrumb":"<div class=\"aioseo-breadcrumbs\"><span class=\"aioseo-breadcrumb\">\n\t\t\t<a href=\"https:\/\/www.encontrapiracicaba.com.br\/sobre\" title=\"In\u00edcio\">In\u00edcio<\/a>\n\t\t<\/span><span class=\"aioseo-breadcrumb-separator\">&raquo;<\/span><span class=\"aioseo-breadcrumb\">\n\t\t\t<a href=\"https:\/\/www.encontrapiracicaba.com.br\/sobre\/noticias-em-piracicaba\/\" title=\"Not\u00edcias Piracicaba\">Not\u00edcias Piracicaba<\/a>\n\t\t<\/span><span class=\"aioseo-breadcrumb-separator\">&raquo;<\/span><span class=\"aioseo-breadcrumb\">\n\t\t\tProjeto \u201cSupera\u00e7\u00e3o\u201d \u00e9 detalhado na SMADS com a\u00e7\u00f5es para acolhimento social\n\t\t<\/span><\/div>","aioseo_breadcrumb_json":[{"label":"In\u00edcio","link":"https:\/\/www.encontrapiracicaba.com.br\/sobre"},{"label":"Not\u00edcias Piracicaba","link":"https:\/\/www.encontrapiracicaba.com.br\/sobre\/noticias-em-piracicaba\/"},{"label":"Projeto \u201cSupera\u00e7\u00e3o\u201d \u00e9 detalhado na SMADS com a\u00e7\u00f5es para acolhimento social","link":"https:\/\/www.encontrapiracicaba.com.br\/sobre\/projeto-superacao-e-detalhado-na-smads-com-acoes-para-acolhimento-social\/"}],"_links":{"self":[{"href":"https:\/\/www.encontrapiracicaba.com.br\/sobre\/wp-json\/wp\/v2\/posts\/3892","targetHints":{"allow":["GET"]}}],"collection":[{"href":"https:\/\/www.encontrapiracicaba.com.br\/sobre\/wp-json\/wp\/v2\/posts"}],"about":[{"href":"https:\/\/www.encontrapiracicaba.com.br\/sobre\/wp-json\/wp\/v2\/types\/post"}],"author":[{"embeddable":true,"href":"https:\/\/www.encontrapiracicaba.com.br\/sobre\/wp-json\/wp\/v2\/users\/1"}],"replies":[{"embeddable":true,"href":"https:\/\/www.encontrapiracicaba.com.br\/sobre\/wp-json\/wp\/v2\/comments?post=3892"}],"version-history":[{"count":0,"href":"https:\/\/www.encontrapiracicaba.com.br\/sobre\/wp-json\/wp\/v2\/posts\/3892\/revisions"}],"wp:featuredmedia":[{"embeddable":true,"href":"https:\/\/www.encontrapiracicaba.com.br\/sobre\/wp-json\/wp\/v2\/media\/3891"}],"wp:attachment":[{"href":"https:\/\/www.encontrapiracicaba.com.br\/sobre\/wp-json\/wp\/v2\/media?parent=3892"}],"wp:term":[{"taxonomy":"category","embeddable":true,"href":"https:\/\/www.encontrapiracicaba.com.br\/sobre\/wp-json\/wp\/v2\/categories?post=3892"},{"taxonomy":"post_tag","embeddable":true,"href":"https:\/\/www.encontrapiracicaba.com.br\/sobre\/wp-json\/wp\/v2\/tags?post=3892"}],"curies":[{"name":"wp","href":"https:\/\/api.w.org\/{rel}","templated":true}]}}