{"id":3930,"date":"2025-12-27T08:43:00","date_gmt":"2025-12-27T11:43:00","guid":{"rendered":"https:\/\/www.encontrapiracicaba.com.br\/sobre\/forum-permanente-faz-balanco-anual-e-lanca-carta-manifesto-da-cidade-inteligente\/"},"modified":"2025-12-27T08:43:00","modified_gmt":"2025-12-27T11:43:00","slug":"forum-permanente-faz-balanco-anual-e-lanca-carta-manifesto-da-cidade-inteligente","status":"publish","type":"post","link":"https:\/\/www.encontrapiracicaba.com.br\/sobre\/forum-permanente-faz-balanco-anual-e-lanca-carta-manifesto-da-cidade-inteligente\/","title":{"rendered":"F\u00f3rum Permanente faz balan\u00e7o anual e lan\u00e7a carta manifesto da cidade inteligente"},"content":{"rendered":"<div class=\"85df007ed5c0c4d4b453fd13a37855e8\" data-index=\"1\" style=\"float: none; margin:0px;\">\n<!-- Anuncio display - global -->\r\n<ins class=\"adsbygoogle\"\r\n     style=\"display:block\"\r\n     data-ad-client=\"ca-pub-8585364105181520\"\r\n     data-ad-slot=\"8789329856\"\r\n     data-ad-format=\"auto\"\r\n     data-full-width-responsive=\"true\"><\/ins>\r\n<script>\r\n     (adsbygoogle = window.adsbygoogle || []).push({});\r\n<\/script>\n<\/div>\n<h2>A Reuni\u00e3o do F\u00f3rum Permanente<\/h2>\n<p>O F\u00f3rum Permanente sobre Inova\u00e7\u00e3o, Ci\u00eancia e Tecnologia, realizado na C\u00e2mara Municipal de Piracicaba, \u00e9 um espa\u00e7o vital para o debate sobre o desenvolvimento da cidade como um centro inteligente. Na reuni\u00e3o ocorrida em 28 de novembro de 2025, foram discutidos avan\u00e7os significativos no que se refere \u00e0 implementa\u00e7\u00e3o de pr\u00e1ticas que promovem a sustentabilidade e a inova\u00e7\u00e3o. Sob a lideran\u00e7a da vereadora Rai de Almeida, o encontro marcou o fechamento de mais um ano de atividades, levando em considera\u00e7\u00e3o tanto os sucessos quanto os desafios enfrentados ao longo do per\u00edodo.<\/p>\n<p>Participaram da reuni\u00e3o diversas figuras importantes do cen\u00e1rio pol\u00edtico e acad\u00eamico, como Fabricio de Campos, do ATEPI, e Vitor Pires Vencovsky, que refor\u00e7aram a import\u00e2ncia da transforma\u00e7\u00e3o digital para a melhoria da qualidade de vida em Piracicaba. A troca de ideias entre os diversos representantes de institui\u00e7\u00f5es locais evidenciou um comprometimento coletivo que busca colocar a cidade no caminho do progresso e da inclus\u00e3o.<\/p>\n<h2>Import\u00e2ncia do Balan\u00e7o Anual<\/h2>\n<p>O balan\u00e7o anual realizado pelo F\u00f3rum Permanente \u00e9 fundamental para avaliar as iniciativas implementadas e planejar a\u00e7\u00f5es futuras. Esse processo permite que cada um dos participantes entenda onde a cidade se encontra em rela\u00e7\u00e3o ao seu objetivo de se tornar uma cidade inteligente. Durante a reuni\u00e3o, foram discutidos diversos par\u00e2metros que refletem o estado atual da cidade em termos de inova\u00e7\u00e3o, mobilidade e impacto ambiental.<\/p>\n<p>Os parlamentares e especialistas presentes \u00e0 reuni\u00e3o analisaram dados que demonstram tanto as conquistas de Piracicaba quanto os desafios ainda a serem superados. Entre esses desafios, destacam-se a necessidade de ampliar a conectividade digital, melhorar a qualidade do transporte p\u00fablico e desenvolver pol\u00edticas que promovam a inclus\u00e3o social. O balan\u00e7o oferece uma vis\u00e3o clara das estrat\u00e9gias que funcionaram, assim como das \u00e1reas que demandam mais aten\u00e7\u00e3o e recursos.<\/p>\n<h2>Detalhes da Carta Manifesto<\/h2>\n<p>Um dos pontos altos da reuni\u00e3o foi o lan\u00e7amento da Carta Manifesto da Cidade Inteligente, um documento que sintetiza as principais diretrizes e objetivos em prol do desenvolvimento sustent\u00e1vel de Piracicaba. A carta enfatiza a import\u00e2ncia da integra\u00e7\u00e3o entre sociedade civil, governo e empresas, visando a cria\u00e7\u00e3o de um ambiente prop\u00edcio \u00e0 inova\u00e7\u00e3o.<\/p>\n<p>A carta manifesto n\u00e3o \u00e9 apenas uma declara\u00e7\u00e3o de inten\u00e7\u00f5es, mas um compromisso formal que busca transformar as aspira\u00e7\u00f5es da cidade em a\u00e7\u00f5es concretas. Entre as diretrizes abordadas, destacam-se a valoriza\u00e7\u00e3o da tecnologia como ferramenta para melhorar a gest\u00e3o urbana, a promo\u00e7\u00e3o da sustentabilidade e a melhoria na qualidade de vida dos cidad\u00e3os. Essa iniciativa demonstra um entendimento ampliado sobre o papel que as cidades inteligentes devem desempenhar na era contempor\u00e2nea, onde a tecnologia \u00e9 vista como aliada no enfrentamento de desafios sociais e ambientais.<\/p>\n<h2>Objetivos para 2026<\/h2>\n<p>Os objetivos tra\u00e7ados para o ano de 2026, conforme discutido no f\u00f3rum, s\u00e3o ambiciosos, mas poss\u00edveis. Os integrantes definiram metas que incluem o fortalecimento da infraestrutura tecnol\u00f3gica, a implementa\u00e7\u00e3o de solu\u00e7\u00f5es para a mobilidade urbana e a cria\u00e7\u00e3o de programas para incentivar a educa\u00e7\u00e3o e a capacita\u00e7\u00e3o da popula\u00e7\u00e3o local. Essas iniciativas n\u00e3o s\u00f3 visam melhorar a efici\u00eancia dos servi\u00e7os p\u00fablicos, mas tamb\u00e9m promover uma maior inclus\u00e3o social.<\/p>\n<p>Al\u00e9m disso, com a cria\u00e7\u00e3o de um Banco Municipal de Ideias, pretende-se estimular o engajamento da popula\u00e7\u00e3o nas discuss\u00f5es sobre o futuro da cidade. A participa\u00e7\u00e3o ativa dos cidad\u00e3os \u00e9 vista como fundamental para o sucesso das a\u00e7\u00f5es que ser\u00e3o implementadas, reconhecendo-os como agentes de transforma\u00e7\u00e3o. O objetivo \u00e9 garantir que as vozes de diferentes segmentos da sociedade sejam ouvidas, contribuindo assim para um planejamento urbano mais inclusivo e acess\u00edvel.<\/p>\n<h2>Desafios das Cidades Inteligentes<\/h2>\n<p>A transforma\u00e7\u00e3o de Piracicaba em uma cidade inteligente n\u00e3o est\u00e1 isenta de desafios. Os principais obst\u00e1culos incluem a necessidade de recursos financeiros, a falta de articula\u00e7\u00e3o entre diferentes \u00e1reas de governo e a resist\u00eancia cultural \u00e0 ado\u00e7\u00e3o de novas tecnologias por parte da popula\u00e7\u00e3o. A implementa\u00e7\u00e3o de novas solu\u00e7\u00f5es exige uma compreens\u00e3o clara dos benef\u00edcios que elas podem trazer e uma estrat\u00e9gia eficaz de comunica\u00e7\u00e3o para envolver todos os stakeholders.<\/p>\n<p>Outro desafio importante \u00e9 a quest\u00e3o da desigualdade social que ainda permeia a cidade. A inclus\u00e3o digital \u00e9 um passo essencial para garantir que todos tenham acesso \u00e0s tecnologias que podem melhorar suas vidas. A cidade precisa trabalhar para garantir que as solu\u00e7\u00f5es desenvolvidas atendam de maneira equitativa a toda a popula\u00e7\u00e3o, especialmente os grupos mais vulner\u00e1veis. Enfrentar esses desafios requer uma abordagem integrada, onde educa\u00e7\u00e3o, tecnologia e pol\u00edticas sociais convergem para promover um ambiente urbano mais justo e eficiente.<\/p>\n<h2>Tecnologia e Sustentabilidade<\/h2>\n<p>A rela\u00e7\u00e3o entre tecnologia e sustentabilidade \u00e9 um dos pilares fundamentais para a constru\u00e7\u00e3o de cidades inteligentes. Em Piracicaba, h\u00e1 uma clara inten\u00e7\u00e3o de utilizar a tecnologia como ferramenta para otimizar o uso dos recursos naturais, melhorar a efici\u00eancia dos servi\u00e7os p\u00fablicos e reduzir a pegada de carbono da cidade. Isso inclui a ado\u00e7\u00e3o de pr\u00e1ticas como o uso de energia renov\u00e1vel, a recupera\u00e7\u00e3o de \u00e1reas degradadas e a implementa\u00e7\u00e3o de sistemas de transporte menos poluentes.<\/p>\n<p>Desde a implementa\u00e7\u00e3o de pain\u00e9is solares em pr\u00e9dios p\u00fablicos at\u00e9 a cria\u00e7\u00e3o de um sistema de ilumina\u00e7\u00e3o p\u00fablica eficiente, cada passo caminha na dire\u00e7\u00e3o de um futuro mais sustent\u00e1vel. O uso de sensores e tecnologias de monitoramento ajuda a organiza\u00e7\u00e3o da coleta de res\u00edduos, por exemplo, permitindo uma gest\u00e3o mais eficaz dos recursos p\u00fablicos. Esses avan\u00e7os s\u00e3o essenciais, n\u00e3o apenas para a melhoria da qualidade de vida, mas tamb\u00e9m para a competitividade de Piracicaba no contexto das cidades inteligentes.<\/p>\n<h2>Impacto na Comunidade Local<\/h2>\n<p>As mudan\u00e7as propostas pelo F\u00f3rum Permanente n\u00e3o t\u00eam apenas um impacto direto em Piracicaba, mas tamb\u00e9m reverberam na comunidade local. Quando mudan\u00e7as significativas s\u00e3o implementadas, como a melhoria das condi\u00e7\u00f5es de transporte ou a introdu\u00e7\u00e3o de novas tecnologias, isso contribui para o aumento da qualidade de vida e, consequentemente, para a valoriza\u00e7\u00e3o da cidade como um todo.<\/p>\n<p>Al\u00e9m disso, o fomento ao empreendedorismo local e a capacita\u00e7\u00e3o da m\u00e3o-de-obra local s\u00e3o fundamentais para garantir que os benef\u00edcios dessas inova\u00e7\u00f5es sejam sentidos por todos. O desenvolvimento de parcerias com universidades e centros de pesquisa promove uma cultura de inova\u00e7\u00e3o e aprendizado que pode transformar Piracicaba em um polo de conhecimento e tecnologia. Isso gera novos empregos e oportunidades, especialmente para os jovens que est\u00e3o ingressando no mercado de trabalho.<\/p>\n<h2>Participa\u00e7\u00e3o da Sociedade Civil<\/h2>\n<p>A sociedade civil desempenha um papel crucial no processo de transforma\u00e7\u00e3o de Piracicaba em uma cidade inteligente. A participa\u00e7\u00e3o ativa dos cidad\u00e3os \u00e9 vital para a cria\u00e7\u00e3o de solu\u00e7\u00f5es que realmente atendam \u00e0s necessidades da popula\u00e7\u00e3o. Atrav\u00e9s de consultas p\u00fablicas, debates e a promo\u00e7\u00e3o de espa\u00e7os de di\u00e1logo, \u00e9 poss\u00edvel ouvir as demandas e sugest\u00f5es dos moradores, tornando-os protagonistas na constru\u00e7\u00e3o do futuro da cidade.<\/p>\n<p>Programas de incentivo \u00e0 participa\u00e7\u00e3o, como o Banco Municipal de Ideias, t\u00eam o potencial de unir sugest\u00f5es valiosas que podem ser incorporadas no planejamento urbano. Este engajamento n\u00e3o s\u00f3 fortalece a democracia participativa, mas tamb\u00e9m ajuda a construir um senso de pertencimento e coletividade entre os cidad\u00e3os. Quando as pessoas se sentem parte do processo, h\u00e1 um aumento significativo na aceita\u00e7\u00e3o das medidas implementadas, o que \u00e9 essencial para o sucesso das pol\u00edticas p\u00fablicas.<\/p>\n<h2>Engajamento de Empresas e Institui\u00e7\u00f5es<\/h2>\n<p>O engajamento do setor privado e de institui\u00e7\u00f5es de ensino \u00e9 fundamental para o desenvolvimento sustent\u00e1vel de Piracicaba. O apoio de empresas pode ser decisivo na implementa\u00e7\u00e3o de projetos inovadores e na promo\u00e7\u00e3o de investimentos voltados para tecnologia e infraestrutura. Programas de colabora\u00e7\u00e3o entre o setor p\u00fablico e privado incentivam a troca de conhecimento e recursos, criando um ambiente ideal para o desenvolvimento de solu\u00e7\u00f5es criativas e eficazes.<\/p>\n<p>Al\u00e9m disso, institui\u00e7\u00f5es de ensino superior, como a Unicamp e a Esalq, t\u00eam um papel essencial na forma\u00e7\u00e3o de talentos e no desenvolvimento de pesquisa aplicada que atende \u00e0s demandas da cidade. A conex\u00e3o entre academia e mercado \u00e9 uma estrat\u00e9gia que pode gerar resultados significativos para o futuro de Piracicaba, n\u00e3o apenas em termos de inova\u00e7\u00e3o, mas tamb\u00e9m em rela\u00e7\u00e3o ao fortalecimento da economia local.<\/p>\n<h2>Pr\u00f3ximos Passos para Piracicaba<\/h2>\n<p>Os pr\u00f3ximos passos para Piracicaba durante 2026 envolver\u00e3o a concretiza\u00e7\u00e3o das metas delineadas durante o f\u00f3rum. Uma das prioridades ser\u00e1 a elabora\u00e7\u00e3o de um plano de a\u00e7\u00e3o que articule as diferentes dimens\u00f5es da cidade inteligente, abrangendo recursos como educa\u00e7\u00e3o, sustentabilidade, tecnologia e inclus\u00e3o social. Este plano deve ser um guia para a implementa\u00e7\u00e3o de a\u00e7\u00f5es que fortale\u00e7am o compromisso da cidade com um futuro inteligente e sustent\u00e1vel.<\/p>\n<p>Al\u00e9m disso, ser\u00e1 fundamental estabelecer parcerias com outras cidades e institui\u00e7\u00f5es que j\u00e1 tenham avan\u00e7ado no conceito de cidades inteligentes. Aprender com as experi\u00eancias de outros lugares pode proporcionar insights valiosos e evitar erros comuns no processo de transforma\u00e7\u00e3o.<\/p>\n<p>A transpar\u00eancia na comunica\u00e7\u00e3o com a popula\u00e7\u00e3o ser\u00e1 vital para o sucesso dessas a\u00e7\u00f5es. O envolvimento cont\u00ednuo dos cidad\u00e3os nas discuss\u00f5es sobre o futuro da cidade garantir\u00e1 uma constru\u00e7\u00e3o coletiva mais rica e eficiente. A vis\u00e3o compartilhada de um futuro melhor para Piracicaba, onde a tecnologia e a sustentabilidade caminham lado a lado, \u00e9 o que guiar\u00e1 os esfor\u00e7os de todos os envolvidos.<\/p>\n\n<div style=\"font-size: 0px; height: 0px; line-height: 0px; margin: 0; padding: 0; clear: both;\"><\/div>","protected":false},"excerpt":{"rendered":"<p>O F\u00f3rum Permanente apresenta balan\u00e7o e lan\u00e7a manifesto pela cidade inteligente.<\/p>\n","protected":false},"author":1,"featured_media":0,"comment_status":"closed","ping_status":"closed","sticky":false,"template":"","format":"standard","meta":{"footnotes":""},"categories":[6],"tags":[],"class_list":["post-3930","post","type-post","status-publish","format-standard","hentry","category-noticias-em-piracicaba"],"aioseo_notices":[],"aioseo_head":"\n\t\t<!-- All in One SEO 5.0.0.1 - aioseo.com -->\n\t<meta name=\"robots\" content=\"max-image-preview:large\" \/>\n\t<meta name=\"author\" content=\"Encontra Piracicaba\"\/>\n\t<link rel=\"canonical\" href=\"https:\/\/www.encontrapiracicaba.com.br\/sobre\/forum-permanente-faz-balanco-anual-e-lanca-carta-manifesto-da-cidade-inteligente\/\" \/>\n\t<meta name=\"generator\" content=\"All in One SEO (AIOSEO) 5.0.0.1\" \/>\n\t\t<meta property=\"og:locale\" content=\"pt_BR\" \/>\n\t\t<meta property=\"og:site_name\" content=\"Encontra Piracicaba | Not\u00edcias, eventos, informa\u00e7\u00f5es e dicas na cidade de Piracicaba e regi\u00e3o\" \/>\n\t\t<meta property=\"og:type\" content=\"article\" \/>\n\t\t<meta property=\"og:title\" content=\"F\u00f3rum Permanente faz balan\u00e7o anual e lan\u00e7a carta manifesto da cidade inteligente | Encontra Piracicaba\" \/>\n\t\t<meta property=\"og:url\" content=\"https:\/\/www.encontrapiracicaba.com.br\/sobre\/forum-permanente-faz-balanco-anual-e-lanca-carta-manifesto-da-cidade-inteligente\/\" \/>\n\t\t<meta property=\"article:published_time\" content=\"2025-12-27T11:43:00+00:00\" \/>\n\t\t<meta property=\"article:modified_time\" content=\"2025-12-27T11:43:00+00:00\" \/>\n\t\t<meta name=\"twitter:card\" content=\"summary\" \/>\n\t\t<meta name=\"twitter:title\" content=\"F\u00f3rum Permanente faz balan\u00e7o anual e lan\u00e7a carta manifesto da cidade inteligente | Encontra Piracicaba\" \/>\n\t\t<script type=\"application\/ld+json\" class=\"aioseo-schema\">\n\t\t\t{\"@context\":\"https:\\\/\\\/schema.org\",\"@graph\":[{\"@type\":\"Article\",\"@id\":\"https:\\\/\\\/www.encontrapiracicaba.com.br\\\/sobre\\\/forum-permanente-faz-balanco-anual-e-lanca-carta-manifesto-da-cidade-inteligente\\\/#article\",\"name\":\"F\\u00f3rum Permanente faz balan\\u00e7o anual e lan\\u00e7a carta manifesto da cidade inteligente | Encontra Piracicaba\",\"headline\":\"F\\u00f3rum Permanente faz balan\\u00e7o anual e lan\\u00e7a carta manifesto da cidade inteligente\",\"author\":{\"@id\":\"https:\\\/\\\/www.encontrapiracicaba.com.br\\\/sobre\\\/author\\\/epiracicaba\\\/#author\"},\"publisher\":{\"@id\":\"https:\\\/\\\/www.encontrapiracicaba.com.br\\\/sobre\\\/#organization\"},\"datePublished\":\"2025-12-27T08:43:00-03:00\",\"dateModified\":\"2025-12-27T08:43:00-03:00\",\"inLanguage\":\"pt-BR\",\"mainEntityOfPage\":{\"@id\":\"https:\\\/\\\/www.encontrapiracicaba.com.br\\\/sobre\\\/forum-permanente-faz-balanco-anual-e-lanca-carta-manifesto-da-cidade-inteligente\\\/#webpage\"},\"isPartOf\":{\"@id\":\"https:\\\/\\\/www.encontrapiracicaba.com.br\\\/sobre\\\/forum-permanente-faz-balanco-anual-e-lanca-carta-manifesto-da-cidade-inteligente\\\/#webpage\"},\"articleSection\":\"Not\\u00edcias Piracicaba\"},{\"@type\":\"BreadcrumbList\",\"@id\":\"https:\\\/\\\/www.encontrapiracicaba.com.br\\\/sobre\\\/forum-permanente-faz-balanco-anual-e-lanca-carta-manifesto-da-cidade-inteligente\\\/#breadcrumblist\",\"itemListElement\":[{\"@type\":\"ListItem\",\"@id\":\"https:\\\/\\\/www.encontrapiracicaba.com.br\\\/sobre#listItem\",\"position\":1,\"name\":\"In\\u00edcio\",\"item\":\"https:\\\/\\\/www.encontrapiracicaba.com.br\\\/sobre\",\"nextItem\":{\"@type\":\"ListItem\",\"@id\":\"https:\\\/\\\/www.encontrapiracicaba.com.br\\\/sobre\\\/noticias-em-piracicaba\\\/#listItem\",\"name\":\"Not\\u00edcias Piracicaba\"}},{\"@type\":\"ListItem\",\"@id\":\"https:\\\/\\\/www.encontrapiracicaba.com.br\\\/sobre\\\/noticias-em-piracicaba\\\/#listItem\",\"position\":2,\"name\":\"Not\\u00edcias Piracicaba\",\"item\":\"https:\\\/\\\/www.encontrapiracicaba.com.br\\\/sobre\\\/noticias-em-piracicaba\\\/\",\"nextItem\":{\"@type\":\"ListItem\",\"@id\":\"https:\\\/\\\/www.encontrapiracicaba.com.br\\\/sobre\\\/forum-permanente-faz-balanco-anual-e-lanca-carta-manifesto-da-cidade-inteligente\\\/#listItem\",\"name\":\"F\\u00f3rum Permanente faz balan\\u00e7o anual e lan\\u00e7a carta manifesto da cidade inteligente\"},\"previousItem\":{\"@type\":\"ListItem\",\"@id\":\"https:\\\/\\\/www.encontrapiracicaba.com.br\\\/sobre#listItem\",\"name\":\"In\\u00edcio\"}},{\"@type\":\"ListItem\",\"@id\":\"https:\\\/\\\/www.encontrapiracicaba.com.br\\\/sobre\\\/forum-permanente-faz-balanco-anual-e-lanca-carta-manifesto-da-cidade-inteligente\\\/#listItem\",\"position\":3,\"name\":\"F\\u00f3rum Permanente faz balan\\u00e7o anual e lan\\u00e7a carta manifesto da cidade inteligente\",\"previousItem\":{\"@type\":\"ListItem\",\"@id\":\"https:\\\/\\\/www.encontrapiracicaba.com.br\\\/sobre\\\/noticias-em-piracicaba\\\/#listItem\",\"name\":\"Not\\u00edcias Piracicaba\"}}]},{\"@type\":\"Organization\",\"@id\":\"https:\\\/\\\/www.encontrapiracicaba.com.br\\\/sobre\\\/#organization\",\"name\":\"Encontra Piracicaba\",\"description\":\"Not\\u00edcias, eventos, informa\\u00e7\\u00f5es e dicas na cidade de Piracicaba e regi\\u00e3o\",\"url\":\"https:\\\/\\\/www.encontrapiracicaba.com.br\\\/sobre\\\/\"},{\"@type\":\"Person\",\"@id\":\"https:\\\/\\\/www.encontrapiracicaba.com.br\\\/sobre\\\/author\\\/epiracicaba\\\/#author\",\"url\":\"https:\\\/\\\/www.encontrapiracicaba.com.br\\\/sobre\\\/author\\\/epiracicaba\\\/\",\"name\":\"Encontra Piracicaba\",\"image\":{\"@type\":\"ImageObject\",\"@id\":\"https:\\\/\\\/www.encontrapiracicaba.com.br\\\/sobre\\\/forum-permanente-faz-balanco-anual-e-lanca-carta-manifesto-da-cidade-inteligente\\\/#authorImage\",\"url\":\"https:\\\/\\\/secure.gravatar.com\\\/avatar\\\/507340682b8270222e1f208e23198b6ae7e2c6a1033ae84e99bc6bce4f82a387?s=96&d=mm&r=g\",\"width\":96,\"height\":96,\"caption\":\"Encontra Piracicaba\"}},{\"@type\":\"WebPage\",\"@id\":\"https:\\\/\\\/www.encontrapiracicaba.com.br\\\/sobre\\\/forum-permanente-faz-balanco-anual-e-lanca-carta-manifesto-da-cidade-inteligente\\\/#webpage\",\"url\":\"https:\\\/\\\/www.encontrapiracicaba.com.br\\\/sobre\\\/forum-permanente-faz-balanco-anual-e-lanca-carta-manifesto-da-cidade-inteligente\\\/\",\"name\":\"F\\u00f3rum Permanente faz balan\\u00e7o anual e lan\\u00e7a carta manifesto da cidade inteligente | Encontra Piracicaba\",\"inLanguage\":\"pt-BR\",\"isPartOf\":{\"@id\":\"https:\\\/\\\/www.encontrapiracicaba.com.br\\\/sobre\\\/#website\"},\"breadcrumb\":{\"@id\":\"https:\\\/\\\/www.encontrapiracicaba.com.br\\\/sobre\\\/forum-permanente-faz-balanco-anual-e-lanca-carta-manifesto-da-cidade-inteligente\\\/#breadcrumblist\"},\"author\":{\"@id\":\"https:\\\/\\\/www.encontrapiracicaba.com.br\\\/sobre\\\/author\\\/epiracicaba\\\/#author\"},\"creator\":{\"@id\":\"https:\\\/\\\/www.encontrapiracicaba.com.br\\\/sobre\\\/author\\\/epiracicaba\\\/#author\"},\"datePublished\":\"2025-12-27T08:43:00-03:00\",\"dateModified\":\"2025-12-27T08:43:00-03:00\"},{\"@type\":\"WebSite\",\"@id\":\"https:\\\/\\\/www.encontrapiracicaba.com.br\\\/sobre\\\/#website\",\"url\":\"https:\\\/\\\/www.encontrapiracicaba.com.br\\\/sobre\\\/\",\"name\":\"Encontra Piracicaba\",\"description\":\"Not\\u00edcias, eventos, informa\\u00e7\\u00f5es e dicas na cidade de Piracicaba e regi\\u00e3o\",\"inLanguage\":\"pt-BR\",\"publisher\":{\"@id\":\"https:\\\/\\\/www.encontrapiracicaba.com.br\\\/sobre\\\/#organization\"}}]}\n\t\t<\/script>\n\t\t<!-- All in One SEO -->\n\n","aioseo_head_json":{"title":"F\u00f3rum Permanente faz balan\u00e7o anual e lan\u00e7a carta manifesto da cidade inteligente | Encontra Piracicaba","description":"","canonical_url":"https:\/\/www.encontrapiracicaba.com.br\/sobre\/forum-permanente-faz-balanco-anual-e-lanca-carta-manifesto-da-cidade-inteligente\/","robots":"max-image-preview:large","keywords":"","webmasterTools":{"miscellaneous":""},"schema":{"@context":"https:\/\/schema.org","@graph":[{"@type":"Article","@id":"https:\/\/www.encontrapiracicaba.com.br\/sobre\/forum-permanente-faz-balanco-anual-e-lanca-carta-manifesto-da-cidade-inteligente\/#article","name":"F\u00f3rum Permanente faz balan\u00e7o anual e lan\u00e7a carta manifesto da cidade inteligente | Encontra Piracicaba","headline":"F\u00f3rum Permanente faz balan\u00e7o anual e lan\u00e7a carta manifesto da cidade inteligente","author":{"@id":"https:\/\/www.encontrapiracicaba.com.br\/sobre\/author\/epiracicaba\/#author"},"publisher":{"@id":"https:\/\/www.encontrapiracicaba.com.br\/sobre\/#organization"},"datePublished":"2025-12-27T08:43:00-03:00","dateModified":"2025-12-27T08:43:00-03:00","inLanguage":"pt-BR","mainEntityOfPage":{"@id":"https:\/\/www.encontrapiracicaba.com.br\/sobre\/forum-permanente-faz-balanco-anual-e-lanca-carta-manifesto-da-cidade-inteligente\/#webpage"},"isPartOf":{"@id":"https:\/\/www.encontrapiracicaba.com.br\/sobre\/forum-permanente-faz-balanco-anual-e-lanca-carta-manifesto-da-cidade-inteligente\/#webpage"},"articleSection":"Not\u00edcias Piracicaba"},{"@type":"BreadcrumbList","@id":"https:\/\/www.encontrapiracicaba.com.br\/sobre\/forum-permanente-faz-balanco-anual-e-lanca-carta-manifesto-da-cidade-inteligente\/#breadcrumblist","itemListElement":[{"@type":"ListItem","@id":"https:\/\/www.encontrapiracicaba.com.br\/sobre#listItem","position":1,"name":"In\u00edcio","item":"https:\/\/www.encontrapiracicaba.com.br\/sobre","nextItem":{"@type":"ListItem","@id":"https:\/\/www.encontrapiracicaba.com.br\/sobre\/noticias-em-piracicaba\/#listItem","name":"Not\u00edcias Piracicaba"}},{"@type":"ListItem","@id":"https:\/\/www.encontrapiracicaba.com.br\/sobre\/noticias-em-piracicaba\/#listItem","position":2,"name":"Not\u00edcias Piracicaba","item":"https:\/\/www.encontrapiracicaba.com.br\/sobre\/noticias-em-piracicaba\/","nextItem":{"@type":"ListItem","@id":"https:\/\/www.encontrapiracicaba.com.br\/sobre\/forum-permanente-faz-balanco-anual-e-lanca-carta-manifesto-da-cidade-inteligente\/#listItem","name":"F\u00f3rum Permanente faz balan\u00e7o anual e lan\u00e7a carta manifesto da cidade inteligente"},"previousItem":{"@type":"ListItem","@id":"https:\/\/www.encontrapiracicaba.com.br\/sobre#listItem","name":"In\u00edcio"}},{"@type":"ListItem","@id":"https:\/\/www.encontrapiracicaba.com.br\/sobre\/forum-permanente-faz-balanco-anual-e-lanca-carta-manifesto-da-cidade-inteligente\/#listItem","position":3,"name":"F\u00f3rum Permanente faz balan\u00e7o anual e lan\u00e7a carta manifesto da cidade inteligente","previousItem":{"@type":"ListItem","@id":"https:\/\/www.encontrapiracicaba.com.br\/sobre\/noticias-em-piracicaba\/#listItem","name":"Not\u00edcias Piracicaba"}}]},{"@type":"Organization","@id":"https:\/\/www.encontrapiracicaba.com.br\/sobre\/#organization","name":"Encontra Piracicaba","description":"Not\u00edcias, eventos, informa\u00e7\u00f5es e dicas na cidade de Piracicaba e regi\u00e3o","url":"https:\/\/www.encontrapiracicaba.com.br\/sobre\/"},{"@type":"Person","@id":"https:\/\/www.encontrapiracicaba.com.br\/sobre\/author\/epiracicaba\/#author","url":"https:\/\/www.encontrapiracicaba.com.br\/sobre\/author\/epiracicaba\/","name":"Encontra Piracicaba","image":{"@type":"ImageObject","@id":"https:\/\/www.encontrapiracicaba.com.br\/sobre\/forum-permanente-faz-balanco-anual-e-lanca-carta-manifesto-da-cidade-inteligente\/#authorImage","url":"https:\/\/secure.gravatar.com\/avatar\/507340682b8270222e1f208e23198b6ae7e2c6a1033ae84e99bc6bce4f82a387?s=96&d=mm&r=g","width":96,"height":96,"caption":"Encontra Piracicaba"}},{"@type":"WebPage","@id":"https:\/\/www.encontrapiracicaba.com.br\/sobre\/forum-permanente-faz-balanco-anual-e-lanca-carta-manifesto-da-cidade-inteligente\/#webpage","url":"https:\/\/www.encontrapiracicaba.com.br\/sobre\/forum-permanente-faz-balanco-anual-e-lanca-carta-manifesto-da-cidade-inteligente\/","name":"F\u00f3rum Permanente faz balan\u00e7o anual e lan\u00e7a carta manifesto da cidade inteligente | Encontra Piracicaba","inLanguage":"pt-BR","isPartOf":{"@id":"https:\/\/www.encontrapiracicaba.com.br\/sobre\/#website"},"breadcrumb":{"@id":"https:\/\/www.encontrapiracicaba.com.br\/sobre\/forum-permanente-faz-balanco-anual-e-lanca-carta-manifesto-da-cidade-inteligente\/#breadcrumblist"},"author":{"@id":"https:\/\/www.encontrapiracicaba.com.br\/sobre\/author\/epiracicaba\/#author"},"creator":{"@id":"https:\/\/www.encontrapiracicaba.com.br\/sobre\/author\/epiracicaba\/#author"},"datePublished":"2025-12-27T08:43:00-03:00","dateModified":"2025-12-27T08:43:00-03:00"},{"@type":"WebSite","@id":"https:\/\/www.encontrapiracicaba.com.br\/sobre\/#website","url":"https:\/\/www.encontrapiracicaba.com.br\/sobre\/","name":"Encontra Piracicaba","description":"Not\u00edcias, eventos, informa\u00e7\u00f5es e dicas na cidade de Piracicaba e regi\u00e3o","inLanguage":"pt-BR","publisher":{"@id":"https:\/\/www.encontrapiracicaba.com.br\/sobre\/#organization"}}]},"og:locale":"pt_BR","og:site_name":"Encontra Piracicaba | Not\u00edcias, eventos, informa\u00e7\u00f5es e dicas na cidade de Piracicaba e regi\u00e3o","og:type":"article","og:title":"F\u00f3rum Permanente faz balan\u00e7o anual e lan\u00e7a carta manifesto da cidade inteligente | Encontra Piracicaba","og:url":"https:\/\/www.encontrapiracicaba.com.br\/sobre\/forum-permanente-faz-balanco-anual-e-lanca-carta-manifesto-da-cidade-inteligente\/","article:published_time":"2025-12-27T11:43:00+00:00","article:modified_time":"2025-12-27T11:43:00+00:00","twitter:card":"summary","twitter:title":"F\u00f3rum Permanente faz balan\u00e7o anual e lan\u00e7a carta manifesto da cidade inteligente | Encontra Piracicaba"},"aioseo_meta_data":{"post_id":"3930","title":null,"description":null,"keywords":null,"keyphrases":null,"primary_term":null,"canonical_url":null,"og_title":null,"og_description":null,"og_object_type":"default","og_image_type":"default","og_image_url":null,"og_image_width":null,"og_image_height":null,"og_image_custom_url":null,"og_image_custom_fields":null,"og_video":null,"og_custom_url":null,"og_article_section":null,"og_article_tags":null,"twitter_use_og":false,"twitter_card":"default","twitter_image_type":"default","twitter_image_url":null,"twitter_image_custom_url":null,"twitter_image_custom_fields":null,"twitter_title":null,"twitter_description":null,"schema":{"blockGraphs":[],"customGraphs":[],"default":{"data":{"Article":[],"Course":[],"Dataset":[],"FAQPage":[],"Movie":[],"Person":[],"Product":[],"ProductReview":[],"Car":[],"Recipe":[],"Service":[],"SoftwareApplication":[],"WebPage":[]},"graphName":"Article","isEnabled":true},"graphs":[]},"schema_type":"default","schema_type_options":null,"pillar_content":false,"robots_default":true,"robots_noindex":false,"robots_noarchive":false,"robots_nosnippet":false,"robots_nofollow":false,"robots_noimageindex":false,"robots_noodp":false,"robots_notranslate":false,"robots_max_snippet":null,"robots_max_videopreview":null,"robots_max_imagepreview":"large","priority":null,"frequency":null,"local_seo":null,"breadcrumb_settings":null,"limit_modified_date":false,"ai":null,"created":"2025-12-27 21:42:14","updated":"2025-12-27 21:55:18","focus_keyword":null,"additional_keywords":null,"truseo_locale":null,"seo_analyzer_scan_date":null},"aioseo_breadcrumb":"<div class=\"aioseo-breadcrumbs\"><span class=\"aioseo-breadcrumb\">\n\t\t\t<a href=\"https:\/\/www.encontrapiracicaba.com.br\/sobre\" title=\"In\u00edcio\">In\u00edcio<\/a>\n\t\t<\/span><span class=\"aioseo-breadcrumb-separator\">&raquo;<\/span><span class=\"aioseo-breadcrumb\">\n\t\t\t<a href=\"https:\/\/www.encontrapiracicaba.com.br\/sobre\/noticias-em-piracicaba\/\" title=\"Not\u00edcias Piracicaba\">Not\u00edcias Piracicaba<\/a>\n\t\t<\/span><span class=\"aioseo-breadcrumb-separator\">&raquo;<\/span><span class=\"aioseo-breadcrumb\">\n\t\t\tF\u00f3rum Permanente faz balan\u00e7o anual e lan\u00e7a carta manifesto da cidade inteligente\n\t\t<\/span><\/div>","aioseo_breadcrumb_json":[{"label":"In\u00edcio","link":"https:\/\/www.encontrapiracicaba.com.br\/sobre"},{"label":"Not\u00edcias Piracicaba","link":"https:\/\/www.encontrapiracicaba.com.br\/sobre\/noticias-em-piracicaba\/"},{"label":"F\u00f3rum Permanente faz balan\u00e7o anual e lan\u00e7a carta manifesto da cidade inteligente","link":"https:\/\/www.encontrapiracicaba.com.br\/sobre\/forum-permanente-faz-balanco-anual-e-lanca-carta-manifesto-da-cidade-inteligente\/"}],"_links":{"self":[{"href":"https:\/\/www.encontrapiracicaba.com.br\/sobre\/wp-json\/wp\/v2\/posts\/3930","targetHints":{"allow":["GET"]}}],"collection":[{"href":"https:\/\/www.encontrapiracicaba.com.br\/sobre\/wp-json\/wp\/v2\/posts"}],"about":[{"href":"https:\/\/www.encontrapiracicaba.com.br\/sobre\/wp-json\/wp\/v2\/types\/post"}],"author":[{"embeddable":true,"href":"https:\/\/www.encontrapiracicaba.com.br\/sobre\/wp-json\/wp\/v2\/users\/1"}],"replies":[{"embeddable":true,"href":"https:\/\/www.encontrapiracicaba.com.br\/sobre\/wp-json\/wp\/v2\/comments?post=3930"}],"version-history":[{"count":0,"href":"https:\/\/www.encontrapiracicaba.com.br\/sobre\/wp-json\/wp\/v2\/posts\/3930\/revisions"}],"wp:attachment":[{"href":"https:\/\/www.encontrapiracicaba.com.br\/sobre\/wp-json\/wp\/v2\/media?parent=3930"}],"wp:term":[{"taxonomy":"category","embeddable":true,"href":"https:\/\/www.encontrapiracicaba.com.br\/sobre\/wp-json\/wp\/v2\/categories?post=3930"},{"taxonomy":"post_tag","embeddable":true,"href":"https:\/\/www.encontrapiracicaba.com.br\/sobre\/wp-json\/wp\/v2\/tags?post=3930"}],"curies":[{"name":"wp","href":"https:\/\/api.w.org\/{rel}","templated":true}]}}