{"id":4052,"date":"2026-01-26T11:56:28","date_gmt":"2026-01-26T14:56:28","guid":{"rendered":"https:\/\/www.encontrapiracicaba.com.br\/sobre\/idealizadora-da-fios-do-bem-voltada-a-criancas-com-cancer-recebe-homenagem\/"},"modified":"2026-01-26T11:56:28","modified_gmt":"2026-01-26T14:56:28","slug":"idealizadora-da-fios-do-bem-voltada-a-criancas-com-cancer-recebe-homenagem","status":"publish","type":"post","link":"https:\/\/www.encontrapiracicaba.com.br\/sobre\/idealizadora-da-fios-do-bem-voltada-a-criancas-com-cancer-recebe-homenagem\/","title":{"rendered":"Idealizadora da Fios do Bem, voltada a crian\u00e7as com c\u00e2ncer, recebe homenagem"},"content":{"rendered":"<div class=\"85df007ed5c0c4d4b453fd13a37855e8\" data-index=\"1\" style=\"float: none; margin:0px;\">\n<!-- Anuncio display - global -->\r\n<ins class=\"adsbygoogle\"\r\n     style=\"display:block\"\r\n     data-ad-client=\"ca-pub-8585364105181520\"\r\n     data-ad-slot=\"8789329856\"\r\n     data-ad-format=\"auto\"\r\n     data-full-width-responsive=\"true\"><\/ins>\r\n<script>\r\n     (adsbygoogle = window.adsbygoogle || []).push({});\r\n<\/script>\n<\/div>\n<h2>A Cerim\u00f4nia de Homenagem a Rosani Oliveira<\/h2>\n<p>No dia 14 de janeiro de 2026, uma cerim\u00f4nia solene foi realizada no plen\u00e1rio &#8220;Francisco Ant\u00f4nio Coelho&#8221; da C\u00e2mara Municipal de Piracicaba para reconhecer e homenagear a atua\u00e7\u00e3o de Rosani Fidelis Oliveira, idealizadora da Fios do Bem. A entrega do <strong>T\u00edtulo de Cidad\u00e3 Piracicabana<\/strong> foi promovida pelo vereador Felipe Gema (Solidariedade), que fez quest\u00e3o de ressaltar a import\u00e2ncia do seu trabalho em prol das crian\u00e7as com c\u00e2ncer.<\/p>\n<p>Rosani, acompanhada de seu marido, Marcelo Barbosa Oliveira, recebeu a honraria de forma emocionada. A mesa de honra contou com a presen\u00e7a do vereador Pedro Kawai (PSDB) e do gerente de marketing da Unimed, Maur\u00edcio Cardinali Petrocelli, que representou o presidente da institui\u00e7\u00e3o, Carlos Youssef.<\/p>\n<h2>O Papel da Fios do Bem na Comunidade<\/h2>\n<p>A Fios do Bem, fundada por Rosani em 2018, tem se destacado por confeccionar toucas e perucas tem\u00e1ticas especialmente para crian\u00e7as em tratamento oncol\u00f3gico. Al\u00e9m de oferecer este servi\u00e7o, a organiza\u00e7\u00e3o estende apoio material, psicol\u00f3gico e social \u00e0s fam\u00edlias afetadas pela doen\u00e7a. A atua\u00e7\u00e3o da OSC (Organiza\u00e7\u00e3o da Sociedade Civil) no munic\u00edpio tem sido crucial para proporcionar conforto e ajuda \u00e0s fam\u00edlias que enfrentam o c\u00e2ncer.<\/p>\n<p><img decoding=\"async\" src=\"https:\/\/www.encontrapiracicaba.com.br\/sobre\/wp-content\/uploads\/idealizadora-da-fios-do-bem-voltada-a-criancas-com-cancer-recebe-homenagem.webp\" alt=\"Rosani Oliveira homenageada\" loading=\"lazy\" \/><\/p>\n<h2>Reconhecimento e Gratid\u00e3o dos Familiares<\/h2>\n<p>A cerim\u00f4nia n\u00e3o apenas celebrou Rosani, mas tamb\u00e9m deu voz \u00e0s fam\u00edlias que receberam apoio da Fios do Bem. Muitas expressaram sua gratid\u00e3o, destacando como o trabalho de Rosani trouxe luz e esperan\u00e7a em momentos dif\u00edceis. A presen\u00e7a das crian\u00e7as, que receberam atendimento da organiza\u00e7\u00e3o, refor\u00e7ou a import\u00e2ncia do reconhecimento ao trabalho desenvolvido por Rosani e sua equipe.<\/p>\n<h2>Impacto de Rosani no Cuidado a Crian\u00e7as<\/h2>\n<p>A hist\u00f3ria de vida de Rosani \u00e9 marcada por um profundo compromisso com o bem-estar das crian\u00e7as que passam por tratamentos dif\u00edceis. Seu trabalho na Fios do Bem impacta significativamente a autoestima das crian\u00e7as, permitindo que elas enfrentem suas batalhas com mais dignidade. A entrega de perucas e toucas n\u00e3o se limita apenas ao cuidado est\u00e9tico; \u00e9 um ato de amor que ajuda a recuperar a autoconfian\u00e7a e a alegria dos pequenos.<\/p>\n<h2>Iniciativas e Projetos de Rosani Oliveira<\/h2>\n<p>Al\u00e9m de confeccionar acess\u00f3rios para crian\u00e7as, Rosani tamb\u00e9m desenvolve o projeto \u201cRealizando Sonhos\u201d, que promove festas de anivers\u00e1rio para crian\u00e7as em tratamento de sa\u00fade ou em situa\u00e7\u00e3o de vulnerabilidade social. Esses eventos s\u00e3o momentos de celebra\u00e7\u00e3o e alegria, proporcionando a essas crian\u00e7as experi\u00eancias \u00fanicas, essenciais para o seu desenvolvimento emocional.<\/p>\n<h2>Depoimento do Vereador Felipe Gema<\/h2>\n<p>O vereador Felipe Gema, ao fazer seu pronunciamento, recordou o primeiro contato com Rosani, que ocorreu em 2018. Ele destacou a emo\u00e7\u00e3o que Rosani transmite n\u00e3o apenas \u00e0s crian\u00e7as sob sua responsabilidade, mas tamb\u00e9m a todas as fam\u00edlias que se beneficiam do trabalho da Fios do Bem. Gema enfatizou que a homenagem \u00e9 uma forma de reconhecer o amor e a dedica\u00e7\u00e3o de Rosani \u00e0 sua cidade e \u00e0s suas crian\u00e7as.<\/p>\n<h2>Como a Comunidade Pode Apoiar a Fios do Bem<\/h2>\n<p>A participa\u00e7\u00e3o da comunidade \u00e9 fundamental para a continuidade do trabalho desenvolvido pela Fios do Bem. A popula\u00e7\u00e3o pode ajudar de diversas maneiras:<\/p>\n<ul>\n<li><strong>Doa\u00e7\u00f5es:<\/strong> Materiais como l\u00e3 e outros insumos s\u00e3o sempre bem-vindos para a confec\u00e7\u00e3o das toucas e perucas.<\/li>\n<li><strong>Voluntariado:<\/strong> Ajudar nas atividades da OSC \u00e9 uma \u00f3tima forma de apoiar a causa.<\/li>\n<li><strong>Divulga\u00e7\u00e3o:<\/strong> Compartilhar informa\u00e7\u00f5es sobre o trabalho da Fios do Bem contribui para atrair mais apoio e visibilidade.<\/li>\n<\/ul>\n<h2>Hist\u00f3ria de Vida Inspiradora de Rosani<\/h2>\n<p>Rosani nasceu em S\u00e3o Paulo em 2 de mar\u00e7o de 1972. Desde sua inf\u00e2ncia, ela foi moldada por valores de amor e assist\u00eancia ao pr\u00f3ximo, caracter\u00edsticas que a levaram a se envolver com o voluntariado em sua adolesc\u00eancia. Sua trajet\u00f3ria \u00e9 um exemplo de como a dedica\u00e7\u00e3o e o amor ao pr\u00f3ximo podem transformar vidas e comunidades.<\/p>\n<h2>A Import\u00e2ncia do Voluntariado para a Sociedade<\/h2>\n<p>O voluntariado desempenha um papel essencial na constru\u00e7\u00e3o de uma sociedade mais justa e solid\u00e1ria. Atrav\u00e9s do servi\u00e7o volunt\u00e1rio, pessoas como Rosani conseguem atender necessidades sociais e proporcionar ajuda a quem mais precisa. A dedica\u00e7\u00e3o de indiv\u00edduos a causas sociais gera um impacto positivo, promovendo mudan\u00e7as significativas.<\/p>\n<h2>Valor do Trabalho de Organiza\u00e7\u00f5es Civis<\/h2>\n<p>As organiza\u00e7\u00f5es civis, como a Fios do Bem, s\u00e3o fundamentais para o fortalecimento da sociedade civil. Elas atuam em \u00e1reas onde o poder p\u00fablico muitas vezes n\u00e3o consegue chegar, suprindo lacunas de atendimento e solidariedade. O trabalho de Rosani e sua equipe exemplificam como iniciativas de pequenas OSCs podem resultar em grandes mudan\u00e7as na vida de pessoas, especialmente em situa\u00e7\u00f5es de vulnerabilidade.<\/p>\n<p>A entrega do T\u00edtulo de Cidad\u00e3 Piracicabana a Rosani Fidelis Oliveira simboliza mais do que uma honraria; \u00e9 um reconhecimento importante ao trabalho e \u00e0 trajet\u00f3ria de vida de algu\u00e9m que dedicou seu tempo e esfor\u00e7o a tornar a vida de outros melhor. \u00c9 um exemplo a ser seguido por todos aqueles que desejam fazer a diferen\u00e7a em suas comunidades.<\/p>\n\n<div style=\"font-size: 0px; height: 0px; line-height: 0px; margin: 0; padding: 0; clear: both;\"><\/div>","protected":false},"excerpt":{"rendered":"<p>Rosani Oliveira recebe homenagem em Piracicaba por sua dedica\u00e7\u00e3o \u00e0s crian\u00e7as com c\u00e2ncer.<\/p>\n","protected":false},"author":1,"featured_media":4051,"comment_status":"closed","ping_status":"closed","sticky":false,"template":"","format":"standard","meta":{"footnotes":""},"categories":[6],"tags":[],"class_list":["post-4052","post","type-post","status-publish","format-standard","has-post-thumbnail","hentry","category-noticias-em-piracicaba","has_thumb"],"aioseo_notices":[],"aioseo_head":"\n\t\t<!-- All in One SEO 5.0.0.1 - aioseo.com -->\n\t<meta name=\"robots\" content=\"max-image-preview:large\" \/>\n\t<meta name=\"author\" content=\"Encontra Piracicaba\"\/>\n\t<link rel=\"canonical\" href=\"https:\/\/www.encontrapiracicaba.com.br\/sobre\/idealizadora-da-fios-do-bem-voltada-a-criancas-com-cancer-recebe-homenagem\/\" \/>\n\t<meta name=\"generator\" content=\"All in One SEO (AIOSEO) 5.0.0.1\" \/>\n\t\t<meta property=\"og:locale\" content=\"pt_BR\" \/>\n\t\t<meta property=\"og:site_name\" content=\"Encontra Piracicaba | Not\u00edcias, eventos, informa\u00e7\u00f5es e dicas na cidade de Piracicaba e regi\u00e3o\" \/>\n\t\t<meta property=\"og:type\" content=\"article\" \/>\n\t\t<meta property=\"og:title\" content=\"Idealizadora da Fios do Bem, voltada a crian\u00e7as com c\u00e2ncer, recebe homenagem | Encontra Piracicaba\" \/>\n\t\t<meta property=\"og:url\" content=\"https:\/\/www.encontrapiracicaba.com.br\/sobre\/idealizadora-da-fios-do-bem-voltada-a-criancas-com-cancer-recebe-homenagem\/\" \/>\n\t\t<meta property=\"article:published_time\" content=\"2026-01-26T14:56:28+00:00\" \/>\n\t\t<meta property=\"article:modified_time\" content=\"2026-01-26T14:56:28+00:00\" \/>\n\t\t<meta name=\"twitter:card\" content=\"summary\" \/>\n\t\t<meta name=\"twitter:title\" content=\"Idealizadora da Fios do Bem, voltada a crian\u00e7as com c\u00e2ncer, recebe homenagem | Encontra Piracicaba\" \/>\n\t\t<script type=\"application\/ld+json\" class=\"aioseo-schema\">\n\t\t\t{\"@context\":\"https:\\\/\\\/schema.org\",\"@graph\":[{\"@type\":\"Article\",\"@id\":\"https:\\\/\\\/www.encontrapiracicaba.com.br\\\/sobre\\\/idealizadora-da-fios-do-bem-voltada-a-criancas-com-cancer-recebe-homenagem\\\/#article\",\"name\":\"Idealizadora da Fios do Bem, voltada a crian\\u00e7as com c\\u00e2ncer, recebe homenagem | Encontra Piracicaba\",\"headline\":\"Idealizadora da Fios do Bem, voltada a crian\\u00e7as com c\\u00e2ncer, recebe homenagem\",\"author\":{\"@id\":\"https:\\\/\\\/www.encontrapiracicaba.com.br\\\/sobre\\\/author\\\/epiracicaba\\\/#author\"},\"publisher\":{\"@id\":\"https:\\\/\\\/www.encontrapiracicaba.com.br\\\/sobre\\\/#organization\"},\"image\":{\"@type\":\"ImageObject\",\"url\":\"https:\\\/\\\/www.encontrapiracicaba.com.br\\\/sobre\\\/wp-content\\\/uploads\\\/idealizadora-da-fios-do-bem-voltada-a-criancas-com-cancer-recebe-homenagem.webp\",\"width\":280,\"height\":280,\"caption\":\"Rosani Oliveira homenageada\"},\"datePublished\":\"2026-01-26T11:56:28-03:00\",\"dateModified\":\"2026-01-26T11:56:28-03:00\",\"inLanguage\":\"pt-BR\",\"mainEntityOfPage\":{\"@id\":\"https:\\\/\\\/www.encontrapiracicaba.com.br\\\/sobre\\\/idealizadora-da-fios-do-bem-voltada-a-criancas-com-cancer-recebe-homenagem\\\/#webpage\"},\"isPartOf\":{\"@id\":\"https:\\\/\\\/www.encontrapiracicaba.com.br\\\/sobre\\\/idealizadora-da-fios-do-bem-voltada-a-criancas-com-cancer-recebe-homenagem\\\/#webpage\"},\"articleSection\":\"Not\\u00edcias Piracicaba\"},{\"@type\":\"BreadcrumbList\",\"@id\":\"https:\\\/\\\/www.encontrapiracicaba.com.br\\\/sobre\\\/idealizadora-da-fios-do-bem-voltada-a-criancas-com-cancer-recebe-homenagem\\\/#breadcrumblist\",\"itemListElement\":[{\"@type\":\"ListItem\",\"@id\":\"https:\\\/\\\/www.encontrapiracicaba.com.br\\\/sobre#listItem\",\"position\":1,\"name\":\"In\\u00edcio\",\"item\":\"https:\\\/\\\/www.encontrapiracicaba.com.br\\\/sobre\",\"nextItem\":{\"@type\":\"ListItem\",\"@id\":\"https:\\\/\\\/www.encontrapiracicaba.com.br\\\/sobre\\\/noticias-em-piracicaba\\\/#listItem\",\"name\":\"Not\\u00edcias Piracicaba\"}},{\"@type\":\"ListItem\",\"@id\":\"https:\\\/\\\/www.encontrapiracicaba.com.br\\\/sobre\\\/noticias-em-piracicaba\\\/#listItem\",\"position\":2,\"name\":\"Not\\u00edcias Piracicaba\",\"item\":\"https:\\\/\\\/www.encontrapiracicaba.com.br\\\/sobre\\\/noticias-em-piracicaba\\\/\",\"nextItem\":{\"@type\":\"ListItem\",\"@id\":\"https:\\\/\\\/www.encontrapiracicaba.com.br\\\/sobre\\\/idealizadora-da-fios-do-bem-voltada-a-criancas-com-cancer-recebe-homenagem\\\/#listItem\",\"name\":\"Idealizadora da Fios do Bem, voltada a crian\\u00e7as com c\\u00e2ncer, recebe homenagem\"},\"previousItem\":{\"@type\":\"ListItem\",\"@id\":\"https:\\\/\\\/www.encontrapiracicaba.com.br\\\/sobre#listItem\",\"name\":\"In\\u00edcio\"}},{\"@type\":\"ListItem\",\"@id\":\"https:\\\/\\\/www.encontrapiracicaba.com.br\\\/sobre\\\/idealizadora-da-fios-do-bem-voltada-a-criancas-com-cancer-recebe-homenagem\\\/#listItem\",\"position\":3,\"name\":\"Idealizadora da Fios do Bem, voltada a crian\\u00e7as com c\\u00e2ncer, recebe homenagem\",\"previousItem\":{\"@type\":\"ListItem\",\"@id\":\"https:\\\/\\\/www.encontrapiracicaba.com.br\\\/sobre\\\/noticias-em-piracicaba\\\/#listItem\",\"name\":\"Not\\u00edcias Piracicaba\"}}]},{\"@type\":\"Organization\",\"@id\":\"https:\\\/\\\/www.encontrapiracicaba.com.br\\\/sobre\\\/#organization\",\"name\":\"Encontra Piracicaba\",\"description\":\"Not\\u00edcias, eventos, informa\\u00e7\\u00f5es e dicas na cidade de Piracicaba e regi\\u00e3o\",\"url\":\"https:\\\/\\\/www.encontrapiracicaba.com.br\\\/sobre\\\/\"},{\"@type\":\"Person\",\"@id\":\"https:\\\/\\\/www.encontrapiracicaba.com.br\\\/sobre\\\/author\\\/epiracicaba\\\/#author\",\"url\":\"https:\\\/\\\/www.encontrapiracicaba.com.br\\\/sobre\\\/author\\\/epiracicaba\\\/\",\"name\":\"Encontra Piracicaba\",\"image\":{\"@type\":\"ImageObject\",\"@id\":\"https:\\\/\\\/www.encontrapiracicaba.com.br\\\/sobre\\\/idealizadora-da-fios-do-bem-voltada-a-criancas-com-cancer-recebe-homenagem\\\/#authorImage\",\"url\":\"https:\\\/\\\/secure.gravatar.com\\\/avatar\\\/507340682b8270222e1f208e23198b6ae7e2c6a1033ae84e99bc6bce4f82a387?s=96&d=mm&r=g\",\"width\":96,\"height\":96,\"caption\":\"Encontra Piracicaba\"}},{\"@type\":\"WebPage\",\"@id\":\"https:\\\/\\\/www.encontrapiracicaba.com.br\\\/sobre\\\/idealizadora-da-fios-do-bem-voltada-a-criancas-com-cancer-recebe-homenagem\\\/#webpage\",\"url\":\"https:\\\/\\\/www.encontrapiracicaba.com.br\\\/sobre\\\/idealizadora-da-fios-do-bem-voltada-a-criancas-com-cancer-recebe-homenagem\\\/\",\"name\":\"Idealizadora da Fios do Bem, voltada a crian\\u00e7as com c\\u00e2ncer, recebe homenagem | Encontra Piracicaba\",\"inLanguage\":\"pt-BR\",\"isPartOf\":{\"@id\":\"https:\\\/\\\/www.encontrapiracicaba.com.br\\\/sobre\\\/#website\"},\"breadcrumb\":{\"@id\":\"https:\\\/\\\/www.encontrapiracicaba.com.br\\\/sobre\\\/idealizadora-da-fios-do-bem-voltada-a-criancas-com-cancer-recebe-homenagem\\\/#breadcrumblist\"},\"author\":{\"@id\":\"https:\\\/\\\/www.encontrapiracicaba.com.br\\\/sobre\\\/author\\\/epiracicaba\\\/#author\"},\"creator\":{\"@id\":\"https:\\\/\\\/www.encontrapiracicaba.com.br\\\/sobre\\\/author\\\/epiracicaba\\\/#author\"},\"image\":{\"@type\":\"ImageObject\",\"url\":\"https:\\\/\\\/www.encontrapiracicaba.com.br\\\/sobre\\\/wp-content\\\/uploads\\\/idealizadora-da-fios-do-bem-voltada-a-criancas-com-cancer-recebe-homenagem.webp\",\"@id\":\"https:\\\/\\\/www.encontrapiracicaba.com.br\\\/sobre\\\/idealizadora-da-fios-do-bem-voltada-a-criancas-com-cancer-recebe-homenagem\\\/#mainImage\",\"width\":280,\"height\":280,\"caption\":\"Rosani Oliveira homenageada\"},\"primaryImageOfPage\":{\"@id\":\"https:\\\/\\\/www.encontrapiracicaba.com.br\\\/sobre\\\/idealizadora-da-fios-do-bem-voltada-a-criancas-com-cancer-recebe-homenagem\\\/#mainImage\"},\"datePublished\":\"2026-01-26T11:56:28-03:00\",\"dateModified\":\"2026-01-26T11:56:28-03:00\"},{\"@type\":\"WebSite\",\"@id\":\"https:\\\/\\\/www.encontrapiracicaba.com.br\\\/sobre\\\/#website\",\"url\":\"https:\\\/\\\/www.encontrapiracicaba.com.br\\\/sobre\\\/\",\"name\":\"Encontra Piracicaba\",\"description\":\"Not\\u00edcias, eventos, informa\\u00e7\\u00f5es e dicas na cidade de Piracicaba e regi\\u00e3o\",\"inLanguage\":\"pt-BR\",\"publisher\":{\"@id\":\"https:\\\/\\\/www.encontrapiracicaba.com.br\\\/sobre\\\/#organization\"}}]}\n\t\t<\/script>\n\t\t<!-- All in One SEO -->\n\n","aioseo_head_json":{"title":"Idealizadora da Fios do Bem, voltada a crian\u00e7as com c\u00e2ncer, recebe homenagem | Encontra Piracicaba","description":"","canonical_url":"https:\/\/www.encontrapiracicaba.com.br\/sobre\/idealizadora-da-fios-do-bem-voltada-a-criancas-com-cancer-recebe-homenagem\/","robots":"max-image-preview:large","keywords":"","webmasterTools":{"miscellaneous":""},"schema":{"@context":"https:\/\/schema.org","@graph":[{"@type":"Article","@id":"https:\/\/www.encontrapiracicaba.com.br\/sobre\/idealizadora-da-fios-do-bem-voltada-a-criancas-com-cancer-recebe-homenagem\/#article","name":"Idealizadora da Fios do Bem, voltada a crian\u00e7as com c\u00e2ncer, recebe homenagem | Encontra Piracicaba","headline":"Idealizadora da Fios do Bem, voltada a crian\u00e7as com c\u00e2ncer, recebe homenagem","author":{"@id":"https:\/\/www.encontrapiracicaba.com.br\/sobre\/author\/epiracicaba\/#author"},"publisher":{"@id":"https:\/\/www.encontrapiracicaba.com.br\/sobre\/#organization"},"image":{"@type":"ImageObject","url":"https:\/\/www.encontrapiracicaba.com.br\/sobre\/wp-content\/uploads\/idealizadora-da-fios-do-bem-voltada-a-criancas-com-cancer-recebe-homenagem.webp","width":280,"height":280,"caption":"Rosani Oliveira homenageada"},"datePublished":"2026-01-26T11:56:28-03:00","dateModified":"2026-01-26T11:56:28-03:00","inLanguage":"pt-BR","mainEntityOfPage":{"@id":"https:\/\/www.encontrapiracicaba.com.br\/sobre\/idealizadora-da-fios-do-bem-voltada-a-criancas-com-cancer-recebe-homenagem\/#webpage"},"isPartOf":{"@id":"https:\/\/www.encontrapiracicaba.com.br\/sobre\/idealizadora-da-fios-do-bem-voltada-a-criancas-com-cancer-recebe-homenagem\/#webpage"},"articleSection":"Not\u00edcias Piracicaba"},{"@type":"BreadcrumbList","@id":"https:\/\/www.encontrapiracicaba.com.br\/sobre\/idealizadora-da-fios-do-bem-voltada-a-criancas-com-cancer-recebe-homenagem\/#breadcrumblist","itemListElement":[{"@type":"ListItem","@id":"https:\/\/www.encontrapiracicaba.com.br\/sobre#listItem","position":1,"name":"In\u00edcio","item":"https:\/\/www.encontrapiracicaba.com.br\/sobre","nextItem":{"@type":"ListItem","@id":"https:\/\/www.encontrapiracicaba.com.br\/sobre\/noticias-em-piracicaba\/#listItem","name":"Not\u00edcias Piracicaba"}},{"@type":"ListItem","@id":"https:\/\/www.encontrapiracicaba.com.br\/sobre\/noticias-em-piracicaba\/#listItem","position":2,"name":"Not\u00edcias Piracicaba","item":"https:\/\/www.encontrapiracicaba.com.br\/sobre\/noticias-em-piracicaba\/","nextItem":{"@type":"ListItem","@id":"https:\/\/www.encontrapiracicaba.com.br\/sobre\/idealizadora-da-fios-do-bem-voltada-a-criancas-com-cancer-recebe-homenagem\/#listItem","name":"Idealizadora da Fios do Bem, voltada a crian\u00e7as com c\u00e2ncer, recebe homenagem"},"previousItem":{"@type":"ListItem","@id":"https:\/\/www.encontrapiracicaba.com.br\/sobre#listItem","name":"In\u00edcio"}},{"@type":"ListItem","@id":"https:\/\/www.encontrapiracicaba.com.br\/sobre\/idealizadora-da-fios-do-bem-voltada-a-criancas-com-cancer-recebe-homenagem\/#listItem","position":3,"name":"Idealizadora da Fios do Bem, voltada a crian\u00e7as com c\u00e2ncer, recebe homenagem","previousItem":{"@type":"ListItem","@id":"https:\/\/www.encontrapiracicaba.com.br\/sobre\/noticias-em-piracicaba\/#listItem","name":"Not\u00edcias Piracicaba"}}]},{"@type":"Organization","@id":"https:\/\/www.encontrapiracicaba.com.br\/sobre\/#organization","name":"Encontra Piracicaba","description":"Not\u00edcias, eventos, informa\u00e7\u00f5es e dicas na cidade de Piracicaba e regi\u00e3o","url":"https:\/\/www.encontrapiracicaba.com.br\/sobre\/"},{"@type":"Person","@id":"https:\/\/www.encontrapiracicaba.com.br\/sobre\/author\/epiracicaba\/#author","url":"https:\/\/www.encontrapiracicaba.com.br\/sobre\/author\/epiracicaba\/","name":"Encontra Piracicaba","image":{"@type":"ImageObject","@id":"https:\/\/www.encontrapiracicaba.com.br\/sobre\/idealizadora-da-fios-do-bem-voltada-a-criancas-com-cancer-recebe-homenagem\/#authorImage","url":"https:\/\/secure.gravatar.com\/avatar\/507340682b8270222e1f208e23198b6ae7e2c6a1033ae84e99bc6bce4f82a387?s=96&d=mm&r=g","width":96,"height":96,"caption":"Encontra Piracicaba"}},{"@type":"WebPage","@id":"https:\/\/www.encontrapiracicaba.com.br\/sobre\/idealizadora-da-fios-do-bem-voltada-a-criancas-com-cancer-recebe-homenagem\/#webpage","url":"https:\/\/www.encontrapiracicaba.com.br\/sobre\/idealizadora-da-fios-do-bem-voltada-a-criancas-com-cancer-recebe-homenagem\/","name":"Idealizadora da Fios do Bem, voltada a crian\u00e7as com c\u00e2ncer, recebe homenagem | Encontra Piracicaba","inLanguage":"pt-BR","isPartOf":{"@id":"https:\/\/www.encontrapiracicaba.com.br\/sobre\/#website"},"breadcrumb":{"@id":"https:\/\/www.encontrapiracicaba.com.br\/sobre\/idealizadora-da-fios-do-bem-voltada-a-criancas-com-cancer-recebe-homenagem\/#breadcrumblist"},"author":{"@id":"https:\/\/www.encontrapiracicaba.com.br\/sobre\/author\/epiracicaba\/#author"},"creator":{"@id":"https:\/\/www.encontrapiracicaba.com.br\/sobre\/author\/epiracicaba\/#author"},"image":{"@type":"ImageObject","url":"https:\/\/www.encontrapiracicaba.com.br\/sobre\/wp-content\/uploads\/idealizadora-da-fios-do-bem-voltada-a-criancas-com-cancer-recebe-homenagem.webp","@id":"https:\/\/www.encontrapiracicaba.com.br\/sobre\/idealizadora-da-fios-do-bem-voltada-a-criancas-com-cancer-recebe-homenagem\/#mainImage","width":280,"height":280,"caption":"Rosani Oliveira homenageada"},"primaryImageOfPage":{"@id":"https:\/\/www.encontrapiracicaba.com.br\/sobre\/idealizadora-da-fios-do-bem-voltada-a-criancas-com-cancer-recebe-homenagem\/#mainImage"},"datePublished":"2026-01-26T11:56:28-03:00","dateModified":"2026-01-26T11:56:28-03:00"},{"@type":"WebSite","@id":"https:\/\/www.encontrapiracicaba.com.br\/sobre\/#website","url":"https:\/\/www.encontrapiracicaba.com.br\/sobre\/","name":"Encontra Piracicaba","description":"Not\u00edcias, eventos, informa\u00e7\u00f5es e dicas na cidade de Piracicaba e regi\u00e3o","inLanguage":"pt-BR","publisher":{"@id":"https:\/\/www.encontrapiracicaba.com.br\/sobre\/#organization"}}]},"og:locale":"pt_BR","og:site_name":"Encontra Piracicaba | Not\u00edcias, eventos, informa\u00e7\u00f5es e dicas na cidade de Piracicaba e regi\u00e3o","og:type":"article","og:title":"Idealizadora da Fios do Bem, voltada a crian\u00e7as com c\u00e2ncer, recebe homenagem | Encontra Piracicaba","og:url":"https:\/\/www.encontrapiracicaba.com.br\/sobre\/idealizadora-da-fios-do-bem-voltada-a-criancas-com-cancer-recebe-homenagem\/","article:published_time":"2026-01-26T14:56:28+00:00","article:modified_time":"2026-01-26T14:56:28+00:00","twitter:card":"summary","twitter:title":"Idealizadora da Fios do Bem, voltada a crian\u00e7as com c\u00e2ncer, recebe homenagem | Encontra Piracicaba"},"aioseo_meta_data":{"post_id":"4052","title":null,"description":null,"keywords":null,"keyphrases":null,"primary_term":null,"canonical_url":null,"og_title":null,"og_description":null,"og_object_type":"default","og_image_type":"default","og_image_url":null,"og_image_width":null,"og_image_height":null,"og_image_custom_url":null,"og_image_custom_fields":null,"og_video":null,"og_custom_url":null,"og_article_section":null,"og_article_tags":null,"twitter_use_og":false,"twitter_card":"default","twitter_image_type":"default","twitter_image_url":null,"twitter_image_custom_url":null,"twitter_image_custom_fields":null,"twitter_title":null,"twitter_description":null,"schema":{"blockGraphs":[],"customGraphs":[],"default":{"data":{"Article":[],"Course":[],"Dataset":[],"FAQPage":[],"Movie":[],"Person":[],"Product":[],"ProductReview":[],"Car":[],"Recipe":[],"Service":[],"SoftwareApplication":[],"WebPage":[]},"graphName":"Article","isEnabled":true},"graphs":[]},"schema_type":"default","schema_type_options":null,"pillar_content":false,"robots_default":true,"robots_noindex":false,"robots_noarchive":false,"robots_nosnippet":false,"robots_nofollow":false,"robots_noimageindex":false,"robots_noodp":false,"robots_notranslate":false,"robots_max_snippet":null,"robots_max_videopreview":null,"robots_max_imagepreview":"large","priority":null,"frequency":null,"local_seo":null,"breadcrumb_settings":null,"limit_modified_date":false,"ai":null,"created":"2026-01-26 14:56:35","updated":"2026-01-26 15:11:37","focus_keyword":null,"additional_keywords":null,"truseo_locale":null,"seo_analyzer_scan_date":null},"aioseo_breadcrumb":"<div class=\"aioseo-breadcrumbs\"><span class=\"aioseo-breadcrumb\">\n\t\t\t<a href=\"https:\/\/www.encontrapiracicaba.com.br\/sobre\" title=\"In\u00edcio\">In\u00edcio<\/a>\n\t\t<\/span><span class=\"aioseo-breadcrumb-separator\">&raquo;<\/span><span class=\"aioseo-breadcrumb\">\n\t\t\t<a href=\"https:\/\/www.encontrapiracicaba.com.br\/sobre\/noticias-em-piracicaba\/\" title=\"Not\u00edcias Piracicaba\">Not\u00edcias Piracicaba<\/a>\n\t\t<\/span><span class=\"aioseo-breadcrumb-separator\">&raquo;<\/span><span class=\"aioseo-breadcrumb\">\n\t\t\tIdealizadora da Fios do Bem, voltada a crian\u00e7as com c\u00e2ncer, recebe homenagem\n\t\t<\/span><\/div>","aioseo_breadcrumb_json":[{"label":"In\u00edcio","link":"https:\/\/www.encontrapiracicaba.com.br\/sobre"},{"label":"Not\u00edcias Piracicaba","link":"https:\/\/www.encontrapiracicaba.com.br\/sobre\/noticias-em-piracicaba\/"},{"label":"Idealizadora da Fios do Bem, voltada a crian\u00e7as com c\u00e2ncer, recebe homenagem","link":"https:\/\/www.encontrapiracicaba.com.br\/sobre\/idealizadora-da-fios-do-bem-voltada-a-criancas-com-cancer-recebe-homenagem\/"}],"_links":{"self":[{"href":"https:\/\/www.encontrapiracicaba.com.br\/sobre\/wp-json\/wp\/v2\/posts\/4052","targetHints":{"allow":["GET"]}}],"collection":[{"href":"https:\/\/www.encontrapiracicaba.com.br\/sobre\/wp-json\/wp\/v2\/posts"}],"about":[{"href":"https:\/\/www.encontrapiracicaba.com.br\/sobre\/wp-json\/wp\/v2\/types\/post"}],"author":[{"embeddable":true,"href":"https:\/\/www.encontrapiracicaba.com.br\/sobre\/wp-json\/wp\/v2\/users\/1"}],"replies":[{"embeddable":true,"href":"https:\/\/www.encontrapiracicaba.com.br\/sobre\/wp-json\/wp\/v2\/comments?post=4052"}],"version-history":[{"count":0,"href":"https:\/\/www.encontrapiracicaba.com.br\/sobre\/wp-json\/wp\/v2\/posts\/4052\/revisions"}],"wp:featuredmedia":[{"embeddable":true,"href":"https:\/\/www.encontrapiracicaba.com.br\/sobre\/wp-json\/wp\/v2\/media\/4051"}],"wp:attachment":[{"href":"https:\/\/www.encontrapiracicaba.com.br\/sobre\/wp-json\/wp\/v2\/media?parent=4052"}],"wp:term":[{"taxonomy":"category","embeddable":true,"href":"https:\/\/www.encontrapiracicaba.com.br\/sobre\/wp-json\/wp\/v2\/categories?post=4052"},{"taxonomy":"post_tag","embeddable":true,"href":"https:\/\/www.encontrapiracicaba.com.br\/sobre\/wp-json\/wp\/v2\/tags?post=4052"}],"curies":[{"name":"wp","href":"https:\/\/api.w.org\/{rel}","templated":true}]}}