{"id":4058,"date":"2026-01-27T11:56:23","date_gmt":"2026-01-27T14:56:23","guid":{"rendered":"https:\/\/www.encontrapiracicaba.com.br\/sobre\/vereador-representa-camara-na-posse-da-nova-diretoria-do-simespi\/"},"modified":"2026-01-27T11:56:23","modified_gmt":"2026-01-27T14:56:23","slug":"vereador-representa-camara-na-posse-da-nova-diretoria-do-simespi","status":"publish","type":"post","link":"https:\/\/www.encontrapiracicaba.com.br\/sobre\/vereador-representa-camara-na-posse-da-nova-diretoria-do-simespi\/","title":{"rendered":"Vereador representa C\u00e2mara na posse da nova diretoria do Simespi"},"content":{"rendered":"<div class=\"85df007ed5c0c4d4b453fd13a37855e8\" data-index=\"1\" style=\"float: none; margin:0px;\">\n<!-- Anuncio display - global -->\r\n<ins class=\"adsbygoogle\"\r\n     style=\"display:block\"\r\n     data-ad-client=\"ca-pub-8585364105181520\"\r\n     data-ad-slot=\"8789329856\"\r\n     data-ad-format=\"auto\"\r\n     data-full-width-responsive=\"true\"><\/ins>\r\n<script>\r\n     (adsbygoogle = window.adsbygoogle || []).push({});\r\n<\/script>\n<\/div>\n<h2>O Papel do Vereador na Comunidade<\/h2>\n<p>O vereador \u00e9 uma figura essencial na estrutura pol\u00edtica municipal, sendo o representante dos interesses da popula\u00e7\u00e3o e atuando na elabora\u00e7\u00e3o de leis e na fiscaliza\u00e7\u00e3o do executivo. No contexto local, os vereadores s\u00e3o fundamentais para articular melhorias na qualidade de vida dos cidad\u00e3os e garantirem que as demandas sociais sejam ouvidas e atendidas. A presen\u00e7a dos vereadores em eventos de destaque como a posse de diretorias de sindicatos \u00e9 uma demonstra\u00e7\u00e3o do compromisso deles com o fortalecimento das institui\u00e7\u00f5es e do setor comercial.<\/p>\n<h2>Import\u00e2ncia do Simespi para Piracicaba<\/h2>\n<p>O Simespi, que \u00e9 o Sindicato das Ind\u00fastrias Metal\u00fargicas, Mec\u00e2nicas, de Material El\u00e9trico, Eletr\u00f4nico, Sider\u00fargicas e de Fundi\u00e7\u00f5es de Piracicaba, Saltinho e Rio das Pedras, desempenha um papel crucial na defesa e promo\u00e7\u00e3o dos interesses do setor industrial. Fundado com o prop\u00f3sito de representar e apoiar as empresas da \u00e1rea, o Simespi \u00e9 um pilar na luta por melhores condi\u00e7\u00f5es de trabalho e desenvolvimento sustent\u00e1vel. O seu impacto se reflete diretamente na economia local e na cria\u00e7\u00e3o de empregos, solidificando a cidade como um importante polo industrial no Brasil.<\/p>\n<h2>Cerim\u00f4nia de Posse e Seus Destaques<\/h2>\n<p>A cerim\u00f4nia de posse da nova diretoria do Simespi, realizada em 22 de janeiro de 2026, contou com a presen\u00e7a do vereador Gustavo Pompeo, que representou a C\u00e2mara Municipal de Piracicaba. O evento marcou a transi\u00e7\u00e3o para uma nova gest\u00e3o focada na continuidade do desenvolvimento do setor industrial na regi\u00e3o. A solenidade foi repleta de significados, com a posse de Paulo Estevam Camargo como presidente, que traz consigo uma vasta experi\u00eancia e comprometimento com o avan\u00e7o industrial.<\/p>\n<p><img decoding=\"async\" src=\"https:\/\/www.encontrapiracicaba.com.br\/sobre\/wp-content\/uploads\/vereador-representa-camara-na-posse-da-nova-diretoria-do-simespi.webp\" alt=\"Vereador representa C\u00e2mara na posse da nova diretoria do Simespi\" loading=\"lazy\" \/><\/p>\n<h2>Gustavo Pompeo: Um Vereador Engajado<\/h2>\n<p>O vereador Gustavo Pompeo tem se mostrado uma voz ativa em prol do setor industrial, utilizando sua plataforma para destacar a relev\u00e2ncia de organiza\u00e7\u00f5es como o Simespi. Durante a cerim\u00f4nia de posse, ele enfatizou a import\u00e2ncia hist\u00f3rica do sindicato e seu papel no desenvolvimento de Piracicaba. Seu discurso n\u00e3o apenas reverberou gratid\u00e3o, mas tamb\u00e9m expressou uma vis\u00e3o otimista sobre o futuro que a nova diretoria pode construir.<\/p>\n<h2>A Nova Diretoria e Seus Desafios<\/h2>\n<p>A nova diretoria liderada por Paulo Estevam Camargo assumiu o desafio de navegar um cen\u00e1rio industrial constantemente em evolu\u00e7\u00e3o. Camargo tem a responsabilidade de enfrentar quest\u00f5es contempor\u00e2neas que exigem inova\u00e7\u00e3o e adaptabilidade. Sob sua lideran\u00e7a, espera-se uma abordagem equilibrada e focada no fortalecimento das ind\u00fastrias associadas, ajudando os empres\u00e1rios a superarem os desafios do mercado.<\/p>\n<h2>Hist\u00f3ria do Simespi e Sua Relev\u00e2ncia<\/h2>\n<p>O Simespi \u00e9 considerada a primeira entidade sindical do setor metalmec\u00e2nico do Brasil, uma conquista que serve como marco para o fortalecimento dos direitos dos trabalhadores e o desenvolvimento da ind\u00fastria. Com uma trajet\u00f3ria rica e significativa, o Simespi tem sido uma voz ativa, promovendo melhorias nas condi\u00e7\u00f5es de trabalho e incentivando a forma\u00e7\u00e3o e atualiza\u00e7\u00e3o profissional dos trabalhadores da regi\u00e3o.<\/p>\n<h2>Perspectivas para o Tri\u00eanio 2026\/2028<\/h2>\n<p>O tri\u00eanio 2026\/2028 se apresenta como um per\u00edodo repleto de oportunidades e desafios para a nova diretoria do Simespi. Com a necessidade de adapta\u00e7\u00e3o \u00e0s novas tecnologias e processos produtivos, o sindicato precisa focar em estrat\u00e9gias que promovam a competitividade das ind\u00fastrias. O compromisso de apoiar a inova\u00e7\u00e3o e o progresso tecnol\u00f3gico ser\u00e1 fundamental para garantir que os membros do Simespi estejam preparados para os desafios futuros.<\/p>\n<h2>Setor Industrial e Desenvolvimento Local<\/h2>\n<p>O desenvolvimento do setor industrial local n\u00e3o \u00e9 apenas uma quest\u00e3o de crescimento econ\u00f4mico, mas tamb\u00e9m de responsabilidade social e ambiental. O Simespi tem o potencial de liderar iniciativas que promovam pr\u00e1ticas sustent\u00e1veis e que beneficiem n\u00e3o s\u00f3 as ind\u00fastrias, mas toda a comunidade. A colabora\u00e7\u00e3o entre empresas e o poder p\u00fablico pode gerar pol\u00edticas p\u00fablicas que favore\u00e7am a cria\u00e7\u00e3o de um ambiente de neg\u00f3cios favor\u00e1vel e respons\u00e1vel.<\/p>\n<h2>Contribui\u00e7\u00f5es do Simespi para a Ind\u00fastria<\/h2>\n<p>O Simespi n\u00e3o apenas representa os interesses dos empres\u00e1rios, mas tamb\u00e9m promove a forma\u00e7\u00e3o e capacita\u00e7\u00e3o cont\u00ednua dos trabalhadores. Ao oferecer cursos e treinamentos, o sindicato contribui para o aprimoramento da m\u00e3o de obra local, elevando a qualidade dos profissionais e, consequentemente, a competitividade das ind\u00fastrias da regi\u00e3o.<\/p>\n<h2>Reconhecimento do Trabalho Sindical<\/h2>\n<p>O trabalho realizado pelo Simespi \u00e9 um exemplo de como a uni\u00e3o de esfor\u00e7os pode resultar em avan\u00e7os significativos. O reconhecimento da import\u00e2ncia das organiza\u00e7\u00f5es sindicais \u00e9 essencial para a constru\u00e7\u00e3o de um di\u00e1logo saud\u00e1vel entre empres\u00e1rios e trabalhadores, assegurando que todos os envolvidos possam contribuir para o crescimento m\u00fatuo e sustent\u00e1vel do setor industrial.<\/p>\n\n<div style=\"font-size: 0px; height: 0px; line-height: 0px; margin: 0; padding: 0; clear: both;\"><\/div>","protected":false},"excerpt":{"rendered":"<p>Vereador Gustavo Pompeo \u00e9 a voz da C\u00e2mara na posse da nova diretoria do Simespi.<\/p>\n","protected":false},"author":1,"featured_media":4057,"comment_status":"closed","ping_status":"closed","sticky":false,"template":"","format":"standard","meta":{"footnotes":""},"categories":[6],"tags":[],"class_list":["post-4058","post","type-post","status-publish","format-standard","has-post-thumbnail","hentry","category-noticias-em-piracicaba","has_thumb"],"aioseo_notices":[],"aioseo_head":"\n\t\t<!-- All in One SEO 5.0.0.1 - aioseo.com -->\n\t<meta name=\"robots\" content=\"max-image-preview:large\" \/>\n\t<meta name=\"author\" content=\"Encontra Piracicaba\"\/>\n\t<link rel=\"canonical\" href=\"https:\/\/www.encontrapiracicaba.com.br\/sobre\/vereador-representa-camara-na-posse-da-nova-diretoria-do-simespi\/\" \/>\n\t<meta name=\"generator\" content=\"All in One SEO (AIOSEO) 5.0.0.1\" \/>\n\t\t<meta property=\"og:locale\" content=\"pt_BR\" \/>\n\t\t<meta property=\"og:site_name\" content=\"Encontra Piracicaba | Not\u00edcias, eventos, informa\u00e7\u00f5es e dicas na cidade de Piracicaba e regi\u00e3o\" \/>\n\t\t<meta property=\"og:type\" content=\"article\" \/>\n\t\t<meta property=\"og:title\" content=\"Vereador representa C\u00e2mara na posse da nova diretoria do Simespi | Encontra Piracicaba\" \/>\n\t\t<meta property=\"og:url\" content=\"https:\/\/www.encontrapiracicaba.com.br\/sobre\/vereador-representa-camara-na-posse-da-nova-diretoria-do-simespi\/\" \/>\n\t\t<meta property=\"article:published_time\" content=\"2026-01-27T14:56:23+00:00\" \/>\n\t\t<meta property=\"article:modified_time\" content=\"2026-01-27T14:56:23+00:00\" \/>\n\t\t<meta name=\"twitter:card\" content=\"summary\" \/>\n\t\t<meta name=\"twitter:title\" content=\"Vereador representa C\u00e2mara na posse da nova diretoria do Simespi | Encontra Piracicaba\" \/>\n\t\t<script type=\"application\/ld+json\" class=\"aioseo-schema\">\n\t\t\t{\"@context\":\"https:\\\/\\\/schema.org\",\"@graph\":[{\"@type\":\"Article\",\"@id\":\"https:\\\/\\\/www.encontrapiracicaba.com.br\\\/sobre\\\/vereador-representa-camara-na-posse-da-nova-diretoria-do-simespi\\\/#article\",\"name\":\"Vereador representa C\\u00e2mara na posse da nova diretoria do Simespi | Encontra Piracicaba\",\"headline\":\"Vereador representa C\\u00e2mara na posse da nova diretoria do Simespi\",\"author\":{\"@id\":\"https:\\\/\\\/www.encontrapiracicaba.com.br\\\/sobre\\\/author\\\/epiracicaba\\\/#author\"},\"publisher\":{\"@id\":\"https:\\\/\\\/www.encontrapiracicaba.com.br\\\/sobre\\\/#organization\"},\"image\":{\"@type\":\"ImageObject\",\"url\":\"https:\\\/\\\/www.encontrapiracicaba.com.br\\\/sobre\\\/wp-content\\\/uploads\\\/vereador-representa-camara-na-posse-da-nova-diretoria-do-simespi.webp\",\"width\":280,\"height\":280,\"caption\":\"Vereador representa C\\u00e2mara na posse da nova diretoria do Simespi\"},\"datePublished\":\"2026-01-27T11:56:23-03:00\",\"dateModified\":\"2026-01-27T11:56:23-03:00\",\"inLanguage\":\"pt-BR\",\"mainEntityOfPage\":{\"@id\":\"https:\\\/\\\/www.encontrapiracicaba.com.br\\\/sobre\\\/vereador-representa-camara-na-posse-da-nova-diretoria-do-simespi\\\/#webpage\"},\"isPartOf\":{\"@id\":\"https:\\\/\\\/www.encontrapiracicaba.com.br\\\/sobre\\\/vereador-representa-camara-na-posse-da-nova-diretoria-do-simespi\\\/#webpage\"},\"articleSection\":\"Not\\u00edcias Piracicaba\"},{\"@type\":\"BreadcrumbList\",\"@id\":\"https:\\\/\\\/www.encontrapiracicaba.com.br\\\/sobre\\\/vereador-representa-camara-na-posse-da-nova-diretoria-do-simespi\\\/#breadcrumblist\",\"itemListElement\":[{\"@type\":\"ListItem\",\"@id\":\"https:\\\/\\\/www.encontrapiracicaba.com.br\\\/sobre#listItem\",\"position\":1,\"name\":\"In\\u00edcio\",\"item\":\"https:\\\/\\\/www.encontrapiracicaba.com.br\\\/sobre\",\"nextItem\":{\"@type\":\"ListItem\",\"@id\":\"https:\\\/\\\/www.encontrapiracicaba.com.br\\\/sobre\\\/noticias-em-piracicaba\\\/#listItem\",\"name\":\"Not\\u00edcias Piracicaba\"}},{\"@type\":\"ListItem\",\"@id\":\"https:\\\/\\\/www.encontrapiracicaba.com.br\\\/sobre\\\/noticias-em-piracicaba\\\/#listItem\",\"position\":2,\"name\":\"Not\\u00edcias Piracicaba\",\"item\":\"https:\\\/\\\/www.encontrapiracicaba.com.br\\\/sobre\\\/noticias-em-piracicaba\\\/\",\"nextItem\":{\"@type\":\"ListItem\",\"@id\":\"https:\\\/\\\/www.encontrapiracicaba.com.br\\\/sobre\\\/vereador-representa-camara-na-posse-da-nova-diretoria-do-simespi\\\/#listItem\",\"name\":\"Vereador representa C\\u00e2mara na posse da nova diretoria do Simespi\"},\"previousItem\":{\"@type\":\"ListItem\",\"@id\":\"https:\\\/\\\/www.encontrapiracicaba.com.br\\\/sobre#listItem\",\"name\":\"In\\u00edcio\"}},{\"@type\":\"ListItem\",\"@id\":\"https:\\\/\\\/www.encontrapiracicaba.com.br\\\/sobre\\\/vereador-representa-camara-na-posse-da-nova-diretoria-do-simespi\\\/#listItem\",\"position\":3,\"name\":\"Vereador representa C\\u00e2mara na posse da nova diretoria do Simespi\",\"previousItem\":{\"@type\":\"ListItem\",\"@id\":\"https:\\\/\\\/www.encontrapiracicaba.com.br\\\/sobre\\\/noticias-em-piracicaba\\\/#listItem\",\"name\":\"Not\\u00edcias Piracicaba\"}}]},{\"@type\":\"Organization\",\"@id\":\"https:\\\/\\\/www.encontrapiracicaba.com.br\\\/sobre\\\/#organization\",\"name\":\"Encontra Piracicaba\",\"description\":\"Not\\u00edcias, eventos, informa\\u00e7\\u00f5es e dicas na cidade de Piracicaba e regi\\u00e3o\",\"url\":\"https:\\\/\\\/www.encontrapiracicaba.com.br\\\/sobre\\\/\"},{\"@type\":\"Person\",\"@id\":\"https:\\\/\\\/www.encontrapiracicaba.com.br\\\/sobre\\\/author\\\/epiracicaba\\\/#author\",\"url\":\"https:\\\/\\\/www.encontrapiracicaba.com.br\\\/sobre\\\/author\\\/epiracicaba\\\/\",\"name\":\"Encontra Piracicaba\",\"image\":{\"@type\":\"ImageObject\",\"@id\":\"https:\\\/\\\/www.encontrapiracicaba.com.br\\\/sobre\\\/vereador-representa-camara-na-posse-da-nova-diretoria-do-simespi\\\/#authorImage\",\"url\":\"https:\\\/\\\/secure.gravatar.com\\\/avatar\\\/507340682b8270222e1f208e23198b6ae7e2c6a1033ae84e99bc6bce4f82a387?s=96&d=mm&r=g\",\"width\":96,\"height\":96,\"caption\":\"Encontra Piracicaba\"}},{\"@type\":\"WebPage\",\"@id\":\"https:\\\/\\\/www.encontrapiracicaba.com.br\\\/sobre\\\/vereador-representa-camara-na-posse-da-nova-diretoria-do-simespi\\\/#webpage\",\"url\":\"https:\\\/\\\/www.encontrapiracicaba.com.br\\\/sobre\\\/vereador-representa-camara-na-posse-da-nova-diretoria-do-simespi\\\/\",\"name\":\"Vereador representa C\\u00e2mara na posse da nova diretoria do Simespi | Encontra Piracicaba\",\"inLanguage\":\"pt-BR\",\"isPartOf\":{\"@id\":\"https:\\\/\\\/www.encontrapiracicaba.com.br\\\/sobre\\\/#website\"},\"breadcrumb\":{\"@id\":\"https:\\\/\\\/www.encontrapiracicaba.com.br\\\/sobre\\\/vereador-representa-camara-na-posse-da-nova-diretoria-do-simespi\\\/#breadcrumblist\"},\"author\":{\"@id\":\"https:\\\/\\\/www.encontrapiracicaba.com.br\\\/sobre\\\/author\\\/epiracicaba\\\/#author\"},\"creator\":{\"@id\":\"https:\\\/\\\/www.encontrapiracicaba.com.br\\\/sobre\\\/author\\\/epiracicaba\\\/#author\"},\"image\":{\"@type\":\"ImageObject\",\"url\":\"https:\\\/\\\/www.encontrapiracicaba.com.br\\\/sobre\\\/wp-content\\\/uploads\\\/vereador-representa-camara-na-posse-da-nova-diretoria-do-simespi.webp\",\"@id\":\"https:\\\/\\\/www.encontrapiracicaba.com.br\\\/sobre\\\/vereador-representa-camara-na-posse-da-nova-diretoria-do-simespi\\\/#mainImage\",\"width\":280,\"height\":280,\"caption\":\"Vereador representa C\\u00e2mara na posse da nova diretoria do Simespi\"},\"primaryImageOfPage\":{\"@id\":\"https:\\\/\\\/www.encontrapiracicaba.com.br\\\/sobre\\\/vereador-representa-camara-na-posse-da-nova-diretoria-do-simespi\\\/#mainImage\"},\"datePublished\":\"2026-01-27T11:56:23-03:00\",\"dateModified\":\"2026-01-27T11:56:23-03:00\"},{\"@type\":\"WebSite\",\"@id\":\"https:\\\/\\\/www.encontrapiracicaba.com.br\\\/sobre\\\/#website\",\"url\":\"https:\\\/\\\/www.encontrapiracicaba.com.br\\\/sobre\\\/\",\"name\":\"Encontra Piracicaba\",\"description\":\"Not\\u00edcias, eventos, informa\\u00e7\\u00f5es e dicas na cidade de Piracicaba e regi\\u00e3o\",\"inLanguage\":\"pt-BR\",\"publisher\":{\"@id\":\"https:\\\/\\\/www.encontrapiracicaba.com.br\\\/sobre\\\/#organization\"}}]}\n\t\t<\/script>\n\t\t<!-- All in One SEO -->\n\n","aioseo_head_json":{"title":"Vereador representa C\u00e2mara na posse da nova diretoria do Simespi | Encontra Piracicaba","description":"","canonical_url":"https:\/\/www.encontrapiracicaba.com.br\/sobre\/vereador-representa-camara-na-posse-da-nova-diretoria-do-simespi\/","robots":"max-image-preview:large","keywords":"","webmasterTools":{"miscellaneous":""},"schema":{"@context":"https:\/\/schema.org","@graph":[{"@type":"Article","@id":"https:\/\/www.encontrapiracicaba.com.br\/sobre\/vereador-representa-camara-na-posse-da-nova-diretoria-do-simespi\/#article","name":"Vereador representa C\u00e2mara na posse da nova diretoria do Simespi | Encontra Piracicaba","headline":"Vereador representa C\u00e2mara na posse da nova diretoria do Simespi","author":{"@id":"https:\/\/www.encontrapiracicaba.com.br\/sobre\/author\/epiracicaba\/#author"},"publisher":{"@id":"https:\/\/www.encontrapiracicaba.com.br\/sobre\/#organization"},"image":{"@type":"ImageObject","url":"https:\/\/www.encontrapiracicaba.com.br\/sobre\/wp-content\/uploads\/vereador-representa-camara-na-posse-da-nova-diretoria-do-simespi.webp","width":280,"height":280,"caption":"Vereador representa C\u00e2mara na posse da nova diretoria do Simespi"},"datePublished":"2026-01-27T11:56:23-03:00","dateModified":"2026-01-27T11:56:23-03:00","inLanguage":"pt-BR","mainEntityOfPage":{"@id":"https:\/\/www.encontrapiracicaba.com.br\/sobre\/vereador-representa-camara-na-posse-da-nova-diretoria-do-simespi\/#webpage"},"isPartOf":{"@id":"https:\/\/www.encontrapiracicaba.com.br\/sobre\/vereador-representa-camara-na-posse-da-nova-diretoria-do-simespi\/#webpage"},"articleSection":"Not\u00edcias Piracicaba"},{"@type":"BreadcrumbList","@id":"https:\/\/www.encontrapiracicaba.com.br\/sobre\/vereador-representa-camara-na-posse-da-nova-diretoria-do-simespi\/#breadcrumblist","itemListElement":[{"@type":"ListItem","@id":"https:\/\/www.encontrapiracicaba.com.br\/sobre#listItem","position":1,"name":"In\u00edcio","item":"https:\/\/www.encontrapiracicaba.com.br\/sobre","nextItem":{"@type":"ListItem","@id":"https:\/\/www.encontrapiracicaba.com.br\/sobre\/noticias-em-piracicaba\/#listItem","name":"Not\u00edcias Piracicaba"}},{"@type":"ListItem","@id":"https:\/\/www.encontrapiracicaba.com.br\/sobre\/noticias-em-piracicaba\/#listItem","position":2,"name":"Not\u00edcias Piracicaba","item":"https:\/\/www.encontrapiracicaba.com.br\/sobre\/noticias-em-piracicaba\/","nextItem":{"@type":"ListItem","@id":"https:\/\/www.encontrapiracicaba.com.br\/sobre\/vereador-representa-camara-na-posse-da-nova-diretoria-do-simespi\/#listItem","name":"Vereador representa C\u00e2mara na posse da nova diretoria do Simespi"},"previousItem":{"@type":"ListItem","@id":"https:\/\/www.encontrapiracicaba.com.br\/sobre#listItem","name":"In\u00edcio"}},{"@type":"ListItem","@id":"https:\/\/www.encontrapiracicaba.com.br\/sobre\/vereador-representa-camara-na-posse-da-nova-diretoria-do-simespi\/#listItem","position":3,"name":"Vereador representa C\u00e2mara na posse da nova diretoria do Simespi","previousItem":{"@type":"ListItem","@id":"https:\/\/www.encontrapiracicaba.com.br\/sobre\/noticias-em-piracicaba\/#listItem","name":"Not\u00edcias Piracicaba"}}]},{"@type":"Organization","@id":"https:\/\/www.encontrapiracicaba.com.br\/sobre\/#organization","name":"Encontra Piracicaba","description":"Not\u00edcias, eventos, informa\u00e7\u00f5es e dicas na cidade de Piracicaba e regi\u00e3o","url":"https:\/\/www.encontrapiracicaba.com.br\/sobre\/"},{"@type":"Person","@id":"https:\/\/www.encontrapiracicaba.com.br\/sobre\/author\/epiracicaba\/#author","url":"https:\/\/www.encontrapiracicaba.com.br\/sobre\/author\/epiracicaba\/","name":"Encontra Piracicaba","image":{"@type":"ImageObject","@id":"https:\/\/www.encontrapiracicaba.com.br\/sobre\/vereador-representa-camara-na-posse-da-nova-diretoria-do-simespi\/#authorImage","url":"https:\/\/secure.gravatar.com\/avatar\/507340682b8270222e1f208e23198b6ae7e2c6a1033ae84e99bc6bce4f82a387?s=96&d=mm&r=g","width":96,"height":96,"caption":"Encontra Piracicaba"}},{"@type":"WebPage","@id":"https:\/\/www.encontrapiracicaba.com.br\/sobre\/vereador-representa-camara-na-posse-da-nova-diretoria-do-simespi\/#webpage","url":"https:\/\/www.encontrapiracicaba.com.br\/sobre\/vereador-representa-camara-na-posse-da-nova-diretoria-do-simespi\/","name":"Vereador representa C\u00e2mara na posse da nova diretoria do Simespi | Encontra Piracicaba","inLanguage":"pt-BR","isPartOf":{"@id":"https:\/\/www.encontrapiracicaba.com.br\/sobre\/#website"},"breadcrumb":{"@id":"https:\/\/www.encontrapiracicaba.com.br\/sobre\/vereador-representa-camara-na-posse-da-nova-diretoria-do-simespi\/#breadcrumblist"},"author":{"@id":"https:\/\/www.encontrapiracicaba.com.br\/sobre\/author\/epiracicaba\/#author"},"creator":{"@id":"https:\/\/www.encontrapiracicaba.com.br\/sobre\/author\/epiracicaba\/#author"},"image":{"@type":"ImageObject","url":"https:\/\/www.encontrapiracicaba.com.br\/sobre\/wp-content\/uploads\/vereador-representa-camara-na-posse-da-nova-diretoria-do-simespi.webp","@id":"https:\/\/www.encontrapiracicaba.com.br\/sobre\/vereador-representa-camara-na-posse-da-nova-diretoria-do-simespi\/#mainImage","width":280,"height":280,"caption":"Vereador representa C\u00e2mara na posse da nova diretoria do Simespi"},"primaryImageOfPage":{"@id":"https:\/\/www.encontrapiracicaba.com.br\/sobre\/vereador-representa-camara-na-posse-da-nova-diretoria-do-simespi\/#mainImage"},"datePublished":"2026-01-27T11:56:23-03:00","dateModified":"2026-01-27T11:56:23-03:00"},{"@type":"WebSite","@id":"https:\/\/www.encontrapiracicaba.com.br\/sobre\/#website","url":"https:\/\/www.encontrapiracicaba.com.br\/sobre\/","name":"Encontra Piracicaba","description":"Not\u00edcias, eventos, informa\u00e7\u00f5es e dicas na cidade de Piracicaba e regi\u00e3o","inLanguage":"pt-BR","publisher":{"@id":"https:\/\/www.encontrapiracicaba.com.br\/sobre\/#organization"}}]},"og:locale":"pt_BR","og:site_name":"Encontra Piracicaba | Not\u00edcias, eventos, informa\u00e7\u00f5es e dicas na cidade de Piracicaba e regi\u00e3o","og:type":"article","og:title":"Vereador representa C\u00e2mara na posse da nova diretoria do Simespi | Encontra Piracicaba","og:url":"https:\/\/www.encontrapiracicaba.com.br\/sobre\/vereador-representa-camara-na-posse-da-nova-diretoria-do-simespi\/","article:published_time":"2026-01-27T14:56:23+00:00","article:modified_time":"2026-01-27T14:56:23+00:00","twitter:card":"summary","twitter:title":"Vereador representa C\u00e2mara na posse da nova diretoria do Simespi | Encontra Piracicaba"},"aioseo_meta_data":{"post_id":"4058","title":null,"description":null,"keywords":null,"keyphrases":null,"primary_term":null,"canonical_url":null,"og_title":null,"og_description":null,"og_object_type":"default","og_image_type":"default","og_image_url":null,"og_image_width":null,"og_image_height":null,"og_image_custom_url":null,"og_image_custom_fields":null,"og_video":null,"og_custom_url":null,"og_article_section":null,"og_article_tags":null,"twitter_use_og":false,"twitter_card":"default","twitter_image_type":"default","twitter_image_url":null,"twitter_image_custom_url":null,"twitter_image_custom_fields":null,"twitter_title":null,"twitter_description":null,"schema":{"blockGraphs":[],"customGraphs":[],"default":{"data":{"Article":[],"Course":[],"Dataset":[],"FAQPage":[],"Movie":[],"Person":[],"Product":[],"ProductReview":[],"Car":[],"Recipe":[],"Service":[],"SoftwareApplication":[],"WebPage":[]},"graphName":"Article","isEnabled":true},"graphs":[]},"schema_type":"default","schema_type_options":null,"pillar_content":false,"robots_default":true,"robots_noindex":false,"robots_noarchive":false,"robots_nosnippet":false,"robots_nofollow":false,"robots_noimageindex":false,"robots_noodp":false,"robots_notranslate":false,"robots_max_snippet":null,"robots_max_videopreview":null,"robots_max_imagepreview":"large","priority":null,"frequency":null,"local_seo":null,"breadcrumb_settings":null,"limit_modified_date":false,"ai":null,"created":"2026-01-27 14:56:27","updated":"2026-01-27 15:03:16","focus_keyword":null,"additional_keywords":null,"truseo_locale":null,"seo_analyzer_scan_date":null},"aioseo_breadcrumb":"<div class=\"aioseo-breadcrumbs\"><span class=\"aioseo-breadcrumb\">\n\t\t\t<a href=\"https:\/\/www.encontrapiracicaba.com.br\/sobre\" title=\"In\u00edcio\">In\u00edcio<\/a>\n\t\t<\/span><span class=\"aioseo-breadcrumb-separator\">&raquo;<\/span><span class=\"aioseo-breadcrumb\">\n\t\t\t<a href=\"https:\/\/www.encontrapiracicaba.com.br\/sobre\/noticias-em-piracicaba\/\" title=\"Not\u00edcias Piracicaba\">Not\u00edcias Piracicaba<\/a>\n\t\t<\/span><span class=\"aioseo-breadcrumb-separator\">&raquo;<\/span><span class=\"aioseo-breadcrumb\">\n\t\t\tVereador representa C\u00e2mara na posse da nova diretoria do Simespi\n\t\t<\/span><\/div>","aioseo_breadcrumb_json":[{"label":"In\u00edcio","link":"https:\/\/www.encontrapiracicaba.com.br\/sobre"},{"label":"Not\u00edcias Piracicaba","link":"https:\/\/www.encontrapiracicaba.com.br\/sobre\/noticias-em-piracicaba\/"},{"label":"Vereador representa C\u00e2mara na posse da nova diretoria do Simespi","link":"https:\/\/www.encontrapiracicaba.com.br\/sobre\/vereador-representa-camara-na-posse-da-nova-diretoria-do-simespi\/"}],"_links":{"self":[{"href":"https:\/\/www.encontrapiracicaba.com.br\/sobre\/wp-json\/wp\/v2\/posts\/4058","targetHints":{"allow":["GET"]}}],"collection":[{"href":"https:\/\/www.encontrapiracicaba.com.br\/sobre\/wp-json\/wp\/v2\/posts"}],"about":[{"href":"https:\/\/www.encontrapiracicaba.com.br\/sobre\/wp-json\/wp\/v2\/types\/post"}],"author":[{"embeddable":true,"href":"https:\/\/www.encontrapiracicaba.com.br\/sobre\/wp-json\/wp\/v2\/users\/1"}],"replies":[{"embeddable":true,"href":"https:\/\/www.encontrapiracicaba.com.br\/sobre\/wp-json\/wp\/v2\/comments?post=4058"}],"version-history":[{"count":0,"href":"https:\/\/www.encontrapiracicaba.com.br\/sobre\/wp-json\/wp\/v2\/posts\/4058\/revisions"}],"wp:featuredmedia":[{"embeddable":true,"href":"https:\/\/www.encontrapiracicaba.com.br\/sobre\/wp-json\/wp\/v2\/media\/4057"}],"wp:attachment":[{"href":"https:\/\/www.encontrapiracicaba.com.br\/sobre\/wp-json\/wp\/v2\/media?parent=4058"}],"wp:term":[{"taxonomy":"category","embeddable":true,"href":"https:\/\/www.encontrapiracicaba.com.br\/sobre\/wp-json\/wp\/v2\/categories?post=4058"},{"taxonomy":"post_tag","embeddable":true,"href":"https:\/\/www.encontrapiracicaba.com.br\/sobre\/wp-json\/wp\/v2\/tags?post=4058"}],"curies":[{"name":"wp","href":"https:\/\/api.w.org\/{rel}","templated":true}]}}