{"id":4076,"date":"2026-01-30T11:55:59","date_gmt":"2026-01-30T14:55:59","guid":{"rendered":"https:\/\/www.encontrapiracicaba.com.br\/sobre\/ciclone-no-oceano-atlantico-pode-provocar-temporais-com-queda-de-granizo-em-piracicaba-diz-inmet\/"},"modified":"2026-01-30T11:55:59","modified_gmt":"2026-01-30T14:55:59","slug":"ciclone-no-oceano-atlantico-pode-provocar-temporais-com-queda-de-granizo-em-piracicaba-diz-inmet","status":"publish","type":"post","link":"https:\/\/www.encontrapiracicaba.com.br\/sobre\/ciclone-no-oceano-atlantico-pode-provocar-temporais-com-queda-de-granizo-em-piracicaba-diz-inmet\/","title":{"rendered":"Ciclone no Oceano Atl\u00e2ntico pode provocar temporais com queda de granizo em Piracicaba, diz Inmet"},"content":{"rendered":"<div class=\"85df007ed5c0c4d4b453fd13a37855e8\" data-index=\"1\" style=\"float: none; margin:0px;\">\n<!-- Anuncio display - global -->\r\n<ins class=\"adsbygoogle\"\r\n     style=\"display:block\"\r\n     data-ad-client=\"ca-pub-8585364105181520\"\r\n     data-ad-slot=\"8789329856\"\r\n     data-ad-format=\"auto\"\r\n     data-full-width-responsive=\"true\"><\/ins>\r\n<script>\r\n     (adsbygoogle = window.adsbygoogle || []).push({});\r\n<\/script>\n<\/div>\n<h2>O que \u00e9 um Ciclone e Como Ele Afeta Piracicaba<\/h2>\n<p>Um ciclone \u00e9 uma grande \u00e1rea de baixa press\u00e3o atmosf\u00e9rica que pode causar tempestades severas e instabilidade clim\u00e1tica. Essa forma\u00e7\u00e3o meteorol\u00f3gica \u00e9 caracterizada por ventos fortes e chuvas intensas. No caso de Piracicaba, as consequ\u00eancias de um ciclone no Oceano Atl\u00e2ntico podem incluir chuvas torrenciais, vento forte e at\u00e9 granizo, afetando diretamente a popula\u00e7\u00e3o e a infraestrutura local.<\/p>\n<h2>Previs\u00e3o do Tempo para Piracicaba nesta Sexta-feira<\/h2>\n<p>Para a pr\u00f3xima sexta-feira, espera-se que Piracicaba receba um volume significativo de chuva. Segundo o Instituto Nacional de Meteorologia (Inmet), a previs\u00e3o indica que os acumulados possam ser expressivos ao longo do dia, especialmente nas \u00e1reas do interior e do litoral de S\u00e3o Paulo. A popula\u00e7\u00e3o deve se preparar para pancadas intensas e ventos fortes.<\/p>\n<h2>Riscos Associados ao Ciclone em Piracicaba<\/h2>\n<p>A presen\u00e7a de um ciclone na regi\u00e3o traz v\u00e1rios riscos, que incluem:<\/p>\n<p><img decoding=\"async\" src=\"https:\/\/www.encontrapiracicaba.com.br\/sobre\/wp-content\/uploads\/ciclone-no-oceano-atlantico-pode-provocar-temporais-com-queda-de-granizo-em-piracicaba-diz-inmet.webp\" alt=\"Ciclone em Piracicaba\" loading=\"lazy\" \/><\/p>\n<ul>\n<li><strong>Alagamentos:<\/strong> Chuvas intensas podem levar ao transbordamento de rios e c\u00f3rregos, causando inunda\u00e7\u00f5es em \u00e1reas urbanas.<\/li>\n<li><strong>Deslizamentos de terra:<\/strong> Em \u00e1reas montanhosas ou com solo inst\u00e1vel, a combina\u00e7\u00e3o de chuvas intensas e ventos fortes pode provocar deslizamentos.<\/li>\n<li><strong>Danos \u00e0 infraestrutura:<\/strong> Quedas de \u00e1rvores e danos em constru\u00e7\u00f5es podem ocorrer devido aos ventos fortes e \u00e0 quantidade excessiva de \u00e1gua.<\/li>\n<li><strong>Risco el\u00e9trico:<\/strong> Descargas atmosf\u00e9ricas podem aumentar com o badal\u00e3o das tempestades, representando risco para a rede el\u00e9trica e, consequentemente, para os moradores.<\/li>\n<\/ul>\n<h2>Quais Medidas de Seguran\u00e7a Adotar Durante Temporais<\/h2>\n<p>Durante tempestades associadas a ciclones, \u00e9 fundamental que a popula\u00e7\u00e3o tome precau\u00e7\u00f5es. Aqui est\u00e3o algumas medidas de seguran\u00e7a recomendadas:<\/p>\n<ul>\n<li><strong>Ficar em casa:<\/strong> Evitar sair durante a tempestade, a n\u00e3o ser que seja absolutamente necess\u00e1rio.<\/li>\n<li><strong>Desligar aparelhos eletr\u00f4nicos:<\/strong> Para evitar danos causados por oscila\u00e7\u00f5es de energia, \u00e9 aconselh\u00e1vel desligar e desconectar equipamentos.<\/li>\n<li><strong>Permanecer longe de janelas:<\/strong> As cortinas ou persianas podem ajudar a proteger contra vidros quebrados em caso de rajadas fortes de vento.<\/li>\n<li><strong>Sinalizar de forma alusiva:<\/strong> Se necess\u00e1rio, utilizar lanternas e n\u00e3o velas, a fim de evitar inc\u00eandios.<\/li>\n<\/ul>\n<h2>Impacto do Granizo nas Propriedades e Infraestrutura<\/h2>\n<p>O granizo pode causar s\u00e9rios danos a propriedades e \u00e0 infraestrutura local. Os danos podem incluir:<\/p>\n<ul>\n<li><strong>Quebra de janelas:<\/strong> Granizo de grandes dimens\u00f5es pode se chocar contra a vidra\u00e7a, comprometendo a seguran\u00e7a residenciais e comerciais.<\/li>\n<li><strong>Danos a ve\u00edculos:<\/strong> Carros estacionados podem ter a lataria amassada e os vidros quebrados, gerando preju\u00edzos para os propriet\u00e1rios.<\/li>\n<li><strong>Destrui\u00e7\u00e3o de planta\u00e7\u00f5es:<\/strong> Em \u00e1reas rurais, o granizo pode arruinar colheitas e causar perdas significativas para agricultores.<\/li>\n<\/ul>\n<h2>Hist\u00f3rico de Ciclones em Piracicaba e Seus Efeitos<\/h2>\n<p>A hist\u00f3ria clim\u00e1tica de Piracicaba inclui registros de ciclones e suas consequ\u00eancias. Embora n\u00e3o sejam comuns, a ocorr\u00eancia de tais fen\u00f4menos meteorol\u00f3gicos j\u00e1 impactou a regi\u00e3o em diversas ocasi\u00f5es:<\/p>\n<ul>\n<li><strong>Inunda\u00e7\u00f5es:<\/strong> Registros de inunda\u00e7\u00f5es significativas ap\u00f3s a passagem de ciclones, resultando em evacua\u00e7\u00f5es e danos a casas e estradas.<\/li>\n<li><strong>Danos \u00e0 agricultura:<\/strong> Granizo e chuvas intensas afetaram colheitas e pastagens, causando impacto econ\u00f4mico.<\/li>\n<li><strong>Preju\u00edzos \u00e0 estrutura urbana:<\/strong> Ruas alagadas e queda de \u00e1rvores foram comuns, exigindo esfor\u00e7os de socorro e recupera\u00e7\u00e3o.<\/li>\n<\/ul>\n<h2>O Papel do Inmet em Alertas Meteorol\u00f3gicos<\/h2>\n<p>O Instituto Nacional de Meteorologia (Inmet) \u00e9 respons\u00e1vel por monitorar e emitir alertas sobre as condi\u00e7\u00f5es meteorol\u00f3gicas em todo o Brasil, incluindo Piracicaba. Seus principais pap\u00e9is incluem:<\/p>\n<ul>\n<li><strong>Previs\u00e3o do tempo:<\/strong> Fornecer informa\u00e7\u00f5es sobre as pr\u00f3ximas condi\u00e7\u00f5es clim\u00e1ticas, ajudando a popula\u00e7\u00e3o a se preparar para eventos extremos.<\/li>\n<li><strong>Emiss\u00e3o de alertas:<\/strong> Informar sobre riscos de tempestades, granizo e outros eventos, permitindo que as autoridades tomem medidas preventivas.<\/li>\n<\/ul>\n<h2>Dicas para Proteger Sua Casa Durante Tempestades<\/h2>\n<p>Para proteger sua resid\u00eancia durante as tempestades, \u00e9 importante seguir algumas dicas:<\/p>\n<ul>\n<li><strong>Verificar telhados e calhas:<\/strong> Manter o telhado em bom estado evita infiltra\u00e7\u00f5es e vazamentos.<\/li>\n<li><strong>Limpar calhas:<\/strong> Calhas desobstru\u00eddas facilitam o escoamento da \u00e1gua da chuva, reduzindo o risco de alagamento.<\/li>\n<li><strong>Refor\u00e7ar janelas:<\/strong> Instalar prote\u00e7\u00f5es ou fechar janelas adequadamente para evitar que o vento as quebre.<\/li>\n<\/ul>\n<h2>Altera\u00e7\u00f5es Clim\u00e1ticas e o Aumento de Fen\u00f4menos Extremes<\/h2>\n<p>As mudan\u00e7as clim\u00e1ticas t\u00eam levado ao aumento da frequ\u00eancia e intensidade de fen\u00f4menos meteorol\u00f3gicos extremos, incluindo ciclones. Este fen\u00f4meno \u00e9 atribu\u00eddo a v\u00e1rios fatores:<\/p>\n<ul>\n<li><strong>Temperatura do oceano:<\/strong> O aquecimento dos oceanos contribui para a forma\u00e7\u00e3o de ciclones mais intensos.<\/li>\n<li><strong>Mudan\u00e7as na atmosfera:<\/strong> A altera\u00e7\u00e3o das correntes atmosf\u00e9ricas pode impactar os padr\u00f5es clim\u00e1ticos e aumentar a irregularidade das tempestades.<\/li>\n<\/ul>\n<h2>Como Acompanhar as Atualiza\u00e7\u00f5es Meteorol\u00f3gicas em Tempo Real<\/h2>\n<p>Para se manter informado sobre as condi\u00e7\u00f5es meteorol\u00f3gicas em tempo real, \u00e9 essencial:<\/p>\n<ul>\n<li><strong>Utilizar aplicativos de clima:<\/strong> Plataformas e aplicativos que fornecem atualiza\u00e7\u00f5es em tempo real sobre as condi\u00e7\u00f5es meteorol\u00f3gicas locais.<\/li>\n<li><strong>Seguir redes sociais de meteorologia:<\/strong> Muitas institui\u00e7\u00f5es meteorol\u00f3gicas compartilham alertas e previs\u00f5es via redes sociais.<\/li>\n<li><strong>Inscrever-se em alertas:<\/strong> Muitos sites, como o do Inmet, oferecem servi\u00e7os de notifica\u00e7\u00e3o por e-mail ou SMS para alertas de condi\u00e7\u00f5es severas.<\/li>\n<\/ul>\n\n<div style=\"font-size: 0px; height: 0px; line-height: 0px; margin: 0; padding: 0; clear: both;\"><\/div>","protected":false},"excerpt":{"rendered":"<p>Ciclone em Piracicaba traz riscos severos de tempestades e granizo nesta sexta-feira.<\/p>\n","protected":false},"author":1,"featured_media":4075,"comment_status":"closed","ping_status":"closed","sticky":false,"template":"","format":"standard","meta":{"footnotes":""},"categories":[6],"tags":[],"class_list":["post-4076","post","type-post","status-publish","format-standard","has-post-thumbnail","hentry","category-noticias-em-piracicaba","has_thumb"],"aioseo_notices":[],"aioseo_head":"\n\t\t<!-- All in One SEO 5.0.0.1 - aioseo.com -->\n\t<meta name=\"robots\" content=\"max-image-preview:large\" \/>\n\t<meta name=\"author\" content=\"Encontra Piracicaba\"\/>\n\t<link rel=\"canonical\" href=\"https:\/\/www.encontrapiracicaba.com.br\/sobre\/ciclone-no-oceano-atlantico-pode-provocar-temporais-com-queda-de-granizo-em-piracicaba-diz-inmet\/\" \/>\n\t<meta name=\"generator\" content=\"All in One SEO (AIOSEO) 5.0.0.1\" \/>\n\t\t<meta property=\"og:locale\" content=\"pt_BR\" \/>\n\t\t<meta property=\"og:site_name\" content=\"Encontra Piracicaba | Not\u00edcias, eventos, informa\u00e7\u00f5es e dicas na cidade de Piracicaba e regi\u00e3o\" \/>\n\t\t<meta property=\"og:type\" content=\"article\" \/>\n\t\t<meta property=\"og:title\" content=\"Ciclone no Oceano Atl\u00e2ntico pode provocar temporais com queda de granizo em Piracicaba, diz Inmet | Encontra Piracicaba\" \/>\n\t\t<meta property=\"og:url\" content=\"https:\/\/www.encontrapiracicaba.com.br\/sobre\/ciclone-no-oceano-atlantico-pode-provocar-temporais-com-queda-de-granizo-em-piracicaba-diz-inmet\/\" \/>\n\t\t<meta property=\"article:published_time\" content=\"2026-01-30T14:55:59+00:00\" \/>\n\t\t<meta property=\"article:modified_time\" content=\"2026-01-30T14:55:59+00:00\" \/>\n\t\t<meta name=\"twitter:card\" content=\"summary\" \/>\n\t\t<meta name=\"twitter:title\" content=\"Ciclone no Oceano Atl\u00e2ntico pode provocar temporais com queda de granizo em Piracicaba, diz Inmet | Encontra Piracicaba\" \/>\n\t\t<script type=\"application\/ld+json\" class=\"aioseo-schema\">\n\t\t\t{\"@context\":\"https:\\\/\\\/schema.org\",\"@graph\":[{\"@type\":\"Article\",\"@id\":\"https:\\\/\\\/www.encontrapiracicaba.com.br\\\/sobre\\\/ciclone-no-oceano-atlantico-pode-provocar-temporais-com-queda-de-granizo-em-piracicaba-diz-inmet\\\/#article\",\"name\":\"Ciclone no Oceano Atl\\u00e2ntico pode provocar temporais com queda de granizo em Piracicaba, diz Inmet | Encontra Piracicaba\",\"headline\":\"Ciclone no Oceano Atl\\u00e2ntico pode provocar temporais com queda de granizo em Piracicaba, diz Inmet\",\"author\":{\"@id\":\"https:\\\/\\\/www.encontrapiracicaba.com.br\\\/sobre\\\/author\\\/epiracicaba\\\/#author\"},\"publisher\":{\"@id\":\"https:\\\/\\\/www.encontrapiracicaba.com.br\\\/sobre\\\/#organization\"},\"image\":{\"@type\":\"ImageObject\",\"url\":\"https:\\\/\\\/www.encontrapiracicaba.com.br\\\/sobre\\\/wp-content\\\/uploads\\\/ciclone-no-oceano-atlantico-pode-provocar-temporais-com-queda-de-granizo-em-piracicaba-diz-inmet.webp\",\"width\":280,\"height\":280,\"caption\":\"Ciclone em Piracicaba\"},\"datePublished\":\"2026-01-30T11:55:59-03:00\",\"dateModified\":\"2026-01-30T11:55:59-03:00\",\"inLanguage\":\"pt-BR\",\"mainEntityOfPage\":{\"@id\":\"https:\\\/\\\/www.encontrapiracicaba.com.br\\\/sobre\\\/ciclone-no-oceano-atlantico-pode-provocar-temporais-com-queda-de-granizo-em-piracicaba-diz-inmet\\\/#webpage\"},\"isPartOf\":{\"@id\":\"https:\\\/\\\/www.encontrapiracicaba.com.br\\\/sobre\\\/ciclone-no-oceano-atlantico-pode-provocar-temporais-com-queda-de-granizo-em-piracicaba-diz-inmet\\\/#webpage\"},\"articleSection\":\"Not\\u00edcias Piracicaba\"},{\"@type\":\"BreadcrumbList\",\"@id\":\"https:\\\/\\\/www.encontrapiracicaba.com.br\\\/sobre\\\/ciclone-no-oceano-atlantico-pode-provocar-temporais-com-queda-de-granizo-em-piracicaba-diz-inmet\\\/#breadcrumblist\",\"itemListElement\":[{\"@type\":\"ListItem\",\"@id\":\"https:\\\/\\\/www.encontrapiracicaba.com.br\\\/sobre#listItem\",\"position\":1,\"name\":\"In\\u00edcio\",\"item\":\"https:\\\/\\\/www.encontrapiracicaba.com.br\\\/sobre\",\"nextItem\":{\"@type\":\"ListItem\",\"@id\":\"https:\\\/\\\/www.encontrapiracicaba.com.br\\\/sobre\\\/noticias-em-piracicaba\\\/#listItem\",\"name\":\"Not\\u00edcias Piracicaba\"}},{\"@type\":\"ListItem\",\"@id\":\"https:\\\/\\\/www.encontrapiracicaba.com.br\\\/sobre\\\/noticias-em-piracicaba\\\/#listItem\",\"position\":2,\"name\":\"Not\\u00edcias Piracicaba\",\"item\":\"https:\\\/\\\/www.encontrapiracicaba.com.br\\\/sobre\\\/noticias-em-piracicaba\\\/\",\"nextItem\":{\"@type\":\"ListItem\",\"@id\":\"https:\\\/\\\/www.encontrapiracicaba.com.br\\\/sobre\\\/ciclone-no-oceano-atlantico-pode-provocar-temporais-com-queda-de-granizo-em-piracicaba-diz-inmet\\\/#listItem\",\"name\":\"Ciclone no Oceano Atl\\u00e2ntico pode provocar temporais com queda de granizo em Piracicaba, diz Inmet\"},\"previousItem\":{\"@type\":\"ListItem\",\"@id\":\"https:\\\/\\\/www.encontrapiracicaba.com.br\\\/sobre#listItem\",\"name\":\"In\\u00edcio\"}},{\"@type\":\"ListItem\",\"@id\":\"https:\\\/\\\/www.encontrapiracicaba.com.br\\\/sobre\\\/ciclone-no-oceano-atlantico-pode-provocar-temporais-com-queda-de-granizo-em-piracicaba-diz-inmet\\\/#listItem\",\"position\":3,\"name\":\"Ciclone no Oceano Atl\\u00e2ntico pode provocar temporais com queda de granizo em Piracicaba, diz Inmet\",\"previousItem\":{\"@type\":\"ListItem\",\"@id\":\"https:\\\/\\\/www.encontrapiracicaba.com.br\\\/sobre\\\/noticias-em-piracicaba\\\/#listItem\",\"name\":\"Not\\u00edcias Piracicaba\"}}]},{\"@type\":\"Organization\",\"@id\":\"https:\\\/\\\/www.encontrapiracicaba.com.br\\\/sobre\\\/#organization\",\"name\":\"Encontra Piracicaba\",\"description\":\"Not\\u00edcias, eventos, informa\\u00e7\\u00f5es e dicas na cidade de Piracicaba e regi\\u00e3o\",\"url\":\"https:\\\/\\\/www.encontrapiracicaba.com.br\\\/sobre\\\/\"},{\"@type\":\"Person\",\"@id\":\"https:\\\/\\\/www.encontrapiracicaba.com.br\\\/sobre\\\/author\\\/epiracicaba\\\/#author\",\"url\":\"https:\\\/\\\/www.encontrapiracicaba.com.br\\\/sobre\\\/author\\\/epiracicaba\\\/\",\"name\":\"Encontra Piracicaba\",\"image\":{\"@type\":\"ImageObject\",\"@id\":\"https:\\\/\\\/www.encontrapiracicaba.com.br\\\/sobre\\\/ciclone-no-oceano-atlantico-pode-provocar-temporais-com-queda-de-granizo-em-piracicaba-diz-inmet\\\/#authorImage\",\"url\":\"https:\\\/\\\/secure.gravatar.com\\\/avatar\\\/507340682b8270222e1f208e23198b6ae7e2c6a1033ae84e99bc6bce4f82a387?s=96&d=mm&r=g\",\"width\":96,\"height\":96,\"caption\":\"Encontra Piracicaba\"}},{\"@type\":\"WebPage\",\"@id\":\"https:\\\/\\\/www.encontrapiracicaba.com.br\\\/sobre\\\/ciclone-no-oceano-atlantico-pode-provocar-temporais-com-queda-de-granizo-em-piracicaba-diz-inmet\\\/#webpage\",\"url\":\"https:\\\/\\\/www.encontrapiracicaba.com.br\\\/sobre\\\/ciclone-no-oceano-atlantico-pode-provocar-temporais-com-queda-de-granizo-em-piracicaba-diz-inmet\\\/\",\"name\":\"Ciclone no Oceano Atl\\u00e2ntico pode provocar temporais com queda de granizo em Piracicaba, diz Inmet | Encontra Piracicaba\",\"inLanguage\":\"pt-BR\",\"isPartOf\":{\"@id\":\"https:\\\/\\\/www.encontrapiracicaba.com.br\\\/sobre\\\/#website\"},\"breadcrumb\":{\"@id\":\"https:\\\/\\\/www.encontrapiracicaba.com.br\\\/sobre\\\/ciclone-no-oceano-atlantico-pode-provocar-temporais-com-queda-de-granizo-em-piracicaba-diz-inmet\\\/#breadcrumblist\"},\"author\":{\"@id\":\"https:\\\/\\\/www.encontrapiracicaba.com.br\\\/sobre\\\/author\\\/epiracicaba\\\/#author\"},\"creator\":{\"@id\":\"https:\\\/\\\/www.encontrapiracicaba.com.br\\\/sobre\\\/author\\\/epiracicaba\\\/#author\"},\"image\":{\"@type\":\"ImageObject\",\"url\":\"https:\\\/\\\/www.encontrapiracicaba.com.br\\\/sobre\\\/wp-content\\\/uploads\\\/ciclone-no-oceano-atlantico-pode-provocar-temporais-com-queda-de-granizo-em-piracicaba-diz-inmet.webp\",\"@id\":\"https:\\\/\\\/www.encontrapiracicaba.com.br\\\/sobre\\\/ciclone-no-oceano-atlantico-pode-provocar-temporais-com-queda-de-granizo-em-piracicaba-diz-inmet\\\/#mainImage\",\"width\":280,\"height\":280,\"caption\":\"Ciclone em Piracicaba\"},\"primaryImageOfPage\":{\"@id\":\"https:\\\/\\\/www.encontrapiracicaba.com.br\\\/sobre\\\/ciclone-no-oceano-atlantico-pode-provocar-temporais-com-queda-de-granizo-em-piracicaba-diz-inmet\\\/#mainImage\"},\"datePublished\":\"2026-01-30T11:55:59-03:00\",\"dateModified\":\"2026-01-30T11:55:59-03:00\"},{\"@type\":\"WebSite\",\"@id\":\"https:\\\/\\\/www.encontrapiracicaba.com.br\\\/sobre\\\/#website\",\"url\":\"https:\\\/\\\/www.encontrapiracicaba.com.br\\\/sobre\\\/\",\"name\":\"Encontra Piracicaba\",\"description\":\"Not\\u00edcias, eventos, informa\\u00e7\\u00f5es e dicas na cidade de Piracicaba e regi\\u00e3o\",\"inLanguage\":\"pt-BR\",\"publisher\":{\"@id\":\"https:\\\/\\\/www.encontrapiracicaba.com.br\\\/sobre\\\/#organization\"}}]}\n\t\t<\/script>\n\t\t<!-- All in One SEO -->\n\n","aioseo_head_json":{"title":"Ciclone no Oceano Atl\u00e2ntico pode provocar temporais com queda de granizo em Piracicaba, diz Inmet | Encontra Piracicaba","description":"","canonical_url":"https:\/\/www.encontrapiracicaba.com.br\/sobre\/ciclone-no-oceano-atlantico-pode-provocar-temporais-com-queda-de-granizo-em-piracicaba-diz-inmet\/","robots":"max-image-preview:large","keywords":"","webmasterTools":{"miscellaneous":""},"schema":{"@context":"https:\/\/schema.org","@graph":[{"@type":"Article","@id":"https:\/\/www.encontrapiracicaba.com.br\/sobre\/ciclone-no-oceano-atlantico-pode-provocar-temporais-com-queda-de-granizo-em-piracicaba-diz-inmet\/#article","name":"Ciclone no Oceano Atl\u00e2ntico pode provocar temporais com queda de granizo em Piracicaba, diz Inmet | Encontra Piracicaba","headline":"Ciclone no Oceano Atl\u00e2ntico pode provocar temporais com queda de granizo em Piracicaba, diz Inmet","author":{"@id":"https:\/\/www.encontrapiracicaba.com.br\/sobre\/author\/epiracicaba\/#author"},"publisher":{"@id":"https:\/\/www.encontrapiracicaba.com.br\/sobre\/#organization"},"image":{"@type":"ImageObject","url":"https:\/\/www.encontrapiracicaba.com.br\/sobre\/wp-content\/uploads\/ciclone-no-oceano-atlantico-pode-provocar-temporais-com-queda-de-granizo-em-piracicaba-diz-inmet.webp","width":280,"height":280,"caption":"Ciclone em Piracicaba"},"datePublished":"2026-01-30T11:55:59-03:00","dateModified":"2026-01-30T11:55:59-03:00","inLanguage":"pt-BR","mainEntityOfPage":{"@id":"https:\/\/www.encontrapiracicaba.com.br\/sobre\/ciclone-no-oceano-atlantico-pode-provocar-temporais-com-queda-de-granizo-em-piracicaba-diz-inmet\/#webpage"},"isPartOf":{"@id":"https:\/\/www.encontrapiracicaba.com.br\/sobre\/ciclone-no-oceano-atlantico-pode-provocar-temporais-com-queda-de-granizo-em-piracicaba-diz-inmet\/#webpage"},"articleSection":"Not\u00edcias Piracicaba"},{"@type":"BreadcrumbList","@id":"https:\/\/www.encontrapiracicaba.com.br\/sobre\/ciclone-no-oceano-atlantico-pode-provocar-temporais-com-queda-de-granizo-em-piracicaba-diz-inmet\/#breadcrumblist","itemListElement":[{"@type":"ListItem","@id":"https:\/\/www.encontrapiracicaba.com.br\/sobre#listItem","position":1,"name":"In\u00edcio","item":"https:\/\/www.encontrapiracicaba.com.br\/sobre","nextItem":{"@type":"ListItem","@id":"https:\/\/www.encontrapiracicaba.com.br\/sobre\/noticias-em-piracicaba\/#listItem","name":"Not\u00edcias Piracicaba"}},{"@type":"ListItem","@id":"https:\/\/www.encontrapiracicaba.com.br\/sobre\/noticias-em-piracicaba\/#listItem","position":2,"name":"Not\u00edcias Piracicaba","item":"https:\/\/www.encontrapiracicaba.com.br\/sobre\/noticias-em-piracicaba\/","nextItem":{"@type":"ListItem","@id":"https:\/\/www.encontrapiracicaba.com.br\/sobre\/ciclone-no-oceano-atlantico-pode-provocar-temporais-com-queda-de-granizo-em-piracicaba-diz-inmet\/#listItem","name":"Ciclone no Oceano Atl\u00e2ntico pode provocar temporais com queda de granizo em Piracicaba, diz Inmet"},"previousItem":{"@type":"ListItem","@id":"https:\/\/www.encontrapiracicaba.com.br\/sobre#listItem","name":"In\u00edcio"}},{"@type":"ListItem","@id":"https:\/\/www.encontrapiracicaba.com.br\/sobre\/ciclone-no-oceano-atlantico-pode-provocar-temporais-com-queda-de-granizo-em-piracicaba-diz-inmet\/#listItem","position":3,"name":"Ciclone no Oceano Atl\u00e2ntico pode provocar temporais com queda de granizo em Piracicaba, diz Inmet","previousItem":{"@type":"ListItem","@id":"https:\/\/www.encontrapiracicaba.com.br\/sobre\/noticias-em-piracicaba\/#listItem","name":"Not\u00edcias Piracicaba"}}]},{"@type":"Organization","@id":"https:\/\/www.encontrapiracicaba.com.br\/sobre\/#organization","name":"Encontra Piracicaba","description":"Not\u00edcias, eventos, informa\u00e7\u00f5es e dicas na cidade de Piracicaba e regi\u00e3o","url":"https:\/\/www.encontrapiracicaba.com.br\/sobre\/"},{"@type":"Person","@id":"https:\/\/www.encontrapiracicaba.com.br\/sobre\/author\/epiracicaba\/#author","url":"https:\/\/www.encontrapiracicaba.com.br\/sobre\/author\/epiracicaba\/","name":"Encontra Piracicaba","image":{"@type":"ImageObject","@id":"https:\/\/www.encontrapiracicaba.com.br\/sobre\/ciclone-no-oceano-atlantico-pode-provocar-temporais-com-queda-de-granizo-em-piracicaba-diz-inmet\/#authorImage","url":"https:\/\/secure.gravatar.com\/avatar\/507340682b8270222e1f208e23198b6ae7e2c6a1033ae84e99bc6bce4f82a387?s=96&d=mm&r=g","width":96,"height":96,"caption":"Encontra Piracicaba"}},{"@type":"WebPage","@id":"https:\/\/www.encontrapiracicaba.com.br\/sobre\/ciclone-no-oceano-atlantico-pode-provocar-temporais-com-queda-de-granizo-em-piracicaba-diz-inmet\/#webpage","url":"https:\/\/www.encontrapiracicaba.com.br\/sobre\/ciclone-no-oceano-atlantico-pode-provocar-temporais-com-queda-de-granizo-em-piracicaba-diz-inmet\/","name":"Ciclone no Oceano Atl\u00e2ntico pode provocar temporais com queda de granizo em Piracicaba, diz Inmet | Encontra Piracicaba","inLanguage":"pt-BR","isPartOf":{"@id":"https:\/\/www.encontrapiracicaba.com.br\/sobre\/#website"},"breadcrumb":{"@id":"https:\/\/www.encontrapiracicaba.com.br\/sobre\/ciclone-no-oceano-atlantico-pode-provocar-temporais-com-queda-de-granizo-em-piracicaba-diz-inmet\/#breadcrumblist"},"author":{"@id":"https:\/\/www.encontrapiracicaba.com.br\/sobre\/author\/epiracicaba\/#author"},"creator":{"@id":"https:\/\/www.encontrapiracicaba.com.br\/sobre\/author\/epiracicaba\/#author"},"image":{"@type":"ImageObject","url":"https:\/\/www.encontrapiracicaba.com.br\/sobre\/wp-content\/uploads\/ciclone-no-oceano-atlantico-pode-provocar-temporais-com-queda-de-granizo-em-piracicaba-diz-inmet.webp","@id":"https:\/\/www.encontrapiracicaba.com.br\/sobre\/ciclone-no-oceano-atlantico-pode-provocar-temporais-com-queda-de-granizo-em-piracicaba-diz-inmet\/#mainImage","width":280,"height":280,"caption":"Ciclone em Piracicaba"},"primaryImageOfPage":{"@id":"https:\/\/www.encontrapiracicaba.com.br\/sobre\/ciclone-no-oceano-atlantico-pode-provocar-temporais-com-queda-de-granizo-em-piracicaba-diz-inmet\/#mainImage"},"datePublished":"2026-01-30T11:55:59-03:00","dateModified":"2026-01-30T11:55:59-03:00"},{"@type":"WebSite","@id":"https:\/\/www.encontrapiracicaba.com.br\/sobre\/#website","url":"https:\/\/www.encontrapiracicaba.com.br\/sobre\/","name":"Encontra Piracicaba","description":"Not\u00edcias, eventos, informa\u00e7\u00f5es e dicas na cidade de Piracicaba e regi\u00e3o","inLanguage":"pt-BR","publisher":{"@id":"https:\/\/www.encontrapiracicaba.com.br\/sobre\/#organization"}}]},"og:locale":"pt_BR","og:site_name":"Encontra Piracicaba | Not\u00edcias, eventos, informa\u00e7\u00f5es e dicas na cidade de Piracicaba e regi\u00e3o","og:type":"article","og:title":"Ciclone no Oceano Atl\u00e2ntico pode provocar temporais com queda de granizo em Piracicaba, diz Inmet | Encontra Piracicaba","og:url":"https:\/\/www.encontrapiracicaba.com.br\/sobre\/ciclone-no-oceano-atlantico-pode-provocar-temporais-com-queda-de-granizo-em-piracicaba-diz-inmet\/","article:published_time":"2026-01-30T14:55:59+00:00","article:modified_time":"2026-01-30T14:55:59+00:00","twitter:card":"summary","twitter:title":"Ciclone no Oceano Atl\u00e2ntico pode provocar temporais com queda de granizo em Piracicaba, diz Inmet | Encontra Piracicaba"},"aioseo_meta_data":{"post_id":"4076","title":null,"description":null,"keywords":null,"keyphrases":null,"primary_term":null,"canonical_url":null,"og_title":null,"og_description":null,"og_object_type":"default","og_image_type":"default","og_image_url":null,"og_image_width":null,"og_image_height":null,"og_image_custom_url":null,"og_image_custom_fields":null,"og_video":null,"og_custom_url":null,"og_article_section":null,"og_article_tags":null,"twitter_use_og":false,"twitter_card":"default","twitter_image_type":"default","twitter_image_url":null,"twitter_image_custom_url":null,"twitter_image_custom_fields":null,"twitter_title":null,"twitter_description":null,"schema":{"blockGraphs":[],"customGraphs":[],"default":{"data":{"Article":[],"Course":[],"Dataset":[],"FAQPage":[],"Movie":[],"Person":[],"Product":[],"ProductReview":[],"Car":[],"Recipe":[],"Service":[],"SoftwareApplication":[],"WebPage":[]},"graphName":"Article","isEnabled":true},"graphs":[]},"schema_type":"default","schema_type_options":null,"pillar_content":false,"robots_default":true,"robots_noindex":false,"robots_noarchive":false,"robots_nosnippet":false,"robots_nofollow":false,"robots_noimageindex":false,"robots_noodp":false,"robots_notranslate":false,"robots_max_snippet":null,"robots_max_videopreview":null,"robots_max_imagepreview":"large","priority":null,"frequency":null,"local_seo":null,"breadcrumb_settings":null,"limit_modified_date":false,"ai":null,"created":"2026-01-30 14:56:06","updated":"2026-01-30 14:57:35","focus_keyword":null,"additional_keywords":null,"truseo_locale":null,"seo_analyzer_scan_date":null},"aioseo_breadcrumb":"<div class=\"aioseo-breadcrumbs\"><span class=\"aioseo-breadcrumb\">\n\t\t\t<a href=\"https:\/\/www.encontrapiracicaba.com.br\/sobre\" title=\"In\u00edcio\">In\u00edcio<\/a>\n\t\t<\/span><span class=\"aioseo-breadcrumb-separator\">&raquo;<\/span><span class=\"aioseo-breadcrumb\">\n\t\t\t<a href=\"https:\/\/www.encontrapiracicaba.com.br\/sobre\/noticias-em-piracicaba\/\" title=\"Not\u00edcias Piracicaba\">Not\u00edcias Piracicaba<\/a>\n\t\t<\/span><span class=\"aioseo-breadcrumb-separator\">&raquo;<\/span><span class=\"aioseo-breadcrumb\">\n\t\t\tCiclone no Oceano Atl\u00e2ntico pode provocar temporais com queda de granizo em Piracicaba, diz Inmet\n\t\t<\/span><\/div>","aioseo_breadcrumb_json":[{"label":"In\u00edcio","link":"https:\/\/www.encontrapiracicaba.com.br\/sobre"},{"label":"Not\u00edcias Piracicaba","link":"https:\/\/www.encontrapiracicaba.com.br\/sobre\/noticias-em-piracicaba\/"},{"label":"Ciclone no Oceano Atl\u00e2ntico pode provocar temporais com queda de granizo em Piracicaba, diz Inmet","link":"https:\/\/www.encontrapiracicaba.com.br\/sobre\/ciclone-no-oceano-atlantico-pode-provocar-temporais-com-queda-de-granizo-em-piracicaba-diz-inmet\/"}],"_links":{"self":[{"href":"https:\/\/www.encontrapiracicaba.com.br\/sobre\/wp-json\/wp\/v2\/posts\/4076","targetHints":{"allow":["GET"]}}],"collection":[{"href":"https:\/\/www.encontrapiracicaba.com.br\/sobre\/wp-json\/wp\/v2\/posts"}],"about":[{"href":"https:\/\/www.encontrapiracicaba.com.br\/sobre\/wp-json\/wp\/v2\/types\/post"}],"author":[{"embeddable":true,"href":"https:\/\/www.encontrapiracicaba.com.br\/sobre\/wp-json\/wp\/v2\/users\/1"}],"replies":[{"embeddable":true,"href":"https:\/\/www.encontrapiracicaba.com.br\/sobre\/wp-json\/wp\/v2\/comments?post=4076"}],"version-history":[{"count":0,"href":"https:\/\/www.encontrapiracicaba.com.br\/sobre\/wp-json\/wp\/v2\/posts\/4076\/revisions"}],"wp:featuredmedia":[{"embeddable":true,"href":"https:\/\/www.encontrapiracicaba.com.br\/sobre\/wp-json\/wp\/v2\/media\/4075"}],"wp:attachment":[{"href":"https:\/\/www.encontrapiracicaba.com.br\/sobre\/wp-json\/wp\/v2\/media?parent=4076"}],"wp:term":[{"taxonomy":"category","embeddable":true,"href":"https:\/\/www.encontrapiracicaba.com.br\/sobre\/wp-json\/wp\/v2\/categories?post=4076"},{"taxonomy":"post_tag","embeddable":true,"href":"https:\/\/www.encontrapiracicaba.com.br\/sobre\/wp-json\/wp\/v2\/tags?post=4076"}],"curies":[{"name":"wp","href":"https:\/\/api.w.org\/{rel}","templated":true}]}}