{"id":4078,"date":"2026-01-30T11:57:40","date_gmt":"2026-01-30T14:57:40","guid":{"rendered":"https:\/\/www.encontrapiracicaba.com.br\/sobre\/vereador-constata-abandono-no-complexo-aquatico-municipal\/"},"modified":"2026-01-30T11:57:40","modified_gmt":"2026-01-30T14:57:40","slug":"vereador-constata-abandono-no-complexo-aquatico-municipal","status":"publish","type":"post","link":"https:\/\/www.encontrapiracicaba.com.br\/sobre\/vereador-constata-abandono-no-complexo-aquatico-municipal\/","title":{"rendered":"Vereador constata abandono no Complexo Aqu\u00e1tico Municipal"},"content":{"rendered":"<div class=\"85df007ed5c0c4d4b453fd13a37855e8\" data-index=\"1\" style=\"float: none; margin:0px;\">\n<!-- Anuncio display - global -->\r\n<ins class=\"adsbygoogle\"\r\n     style=\"display:block\"\r\n     data-ad-client=\"ca-pub-8585364105181520\"\r\n     data-ad-slot=\"8789329856\"\r\n     data-ad-format=\"auto\"\r\n     data-full-width-responsive=\"true\"><\/ins>\r\n<script>\r\n     (adsbygoogle = window.adsbygoogle || []).push({});\r\n<\/script>\n<\/div>\n<h2>O Estado Cr\u00edtico do Complexo Aqu\u00e1tico<\/h2>\n<p>No dia 14 de janeiro de 2026, o vereador La\u00e9rcio Trevisan Jr. (PL) fez uma visita t\u00e9cnica ao Complexo Aqu\u00e1tico Municipal &#8220;Dr. Samuel de Castro Neves&#8221;, situado na rua Silva Jardim, 687, no Bairro Alto de Piracicaba. Sua avalia\u00e7\u00e3o revelou um quadro preocupante, caracterizado por um evidente estado de abandono e deteriora\u00e7\u00e3o. Este local, anteriormente visto como um importante equipamento esportivo, enfrenta agora s\u00e9iras dificuldades, impossibilitando seu uso e comprometendo o acesso da popula\u00e7\u00e3o.<\/p>\n<h2>Deteriora\u00e7\u00e3o das Instala\u00e7\u00f5es Esportivas<\/h2>\n<p>Durante a visita, Trevisan Jr. encontrou as piscinas completamente vazias e impossibilitadas de serem utilizadas. Al\u00e9m disso, lodo se acumulava nos arredores, com sistemas de filtragem e tubula\u00e7\u00f5es expostas, que podem representar riscos para os usu\u00e1rios. Os revestimentos dos pisos estavam frouxos, aumentando ainda mais as chances de acidentes. A estrutura, que deveria ser um espa\u00e7o de lazer e atividade f\u00edsica, encontra-se totalmente inoperante.<\/p>\n<h2>Impacto da Falta de Acessibilidade<\/h2>\n<p>Outra quest\u00e3o importante levantada pelo vereador foi a quest\u00e3o da acessibilidade. O complexo deveria ser um ambiente seguro e inclusivo, destinado a pessoas com defici\u00eancia, idosos e crian\u00e7as. No entanto, as condi\u00e7\u00f5es atuais n\u00e3o permitem que todos os cidad\u00e3os, especialmente aqueles com mobilidade reduzida, usufruam de seus benef\u00edcios. \u201cO complexo deveria funcionar como um polo de desenvolvimento esportivo e de promo\u00e7\u00e3o \u00e0 sa\u00fade, mas hoje se encontra incapaz de cumprir esse papel\u201d, foi a declara\u00e7\u00e3o de Trevisan.<\/p>\n<p><img decoding=\"async\" src=\"https:\/\/www.encontrapiracicaba.com.br\/sobre\/wp-content\/uploads\/vereador-constata-abandono-no-complexo-aquatico-municipal.webp\" alt=\"abandono no Complexo Aqu\u00e1tico Municipal\" loading=\"lazy\" \/><\/p>\n<h2>Consequ\u00eancias para a Comunidade<\/h2>\n<p>A falta de manuten\u00e7\u00e3o e investimento no Complexo Aqu\u00e1tico Municipal n\u00e3o afeta apenas a estrutura f\u00edsica, mas tamb\u00e9m a sa\u00fade e o bem-estar da comunidade. Espa\u00e7os como este s\u00e3o essenciais para a pr\u00e1tica de esportes, lazer e promo\u00e7\u00e3o de um estilo de vida saud\u00e1vel. A inatividade deste local impacta negativamente as oportunidades de socializa\u00e7\u00e3o e a promo\u00e7\u00e3o de atividades saud\u00e1veis na popula\u00e7\u00e3o, especialmente entre os jovens.<\/p>\n<h2>Solicita\u00e7\u00f5es de Interven\u00e7\u00e3o do Vereador<\/h2>\n<p>Frente \u00e0 situa\u00e7\u00e3o alarmante observada, o vereador protocolou o requerimento 6\/2026, exigindo do Executivo municipal que tome a\u00e7\u00f5es imediatas em rela\u00e7\u00e3o \u00e0 limpeza, reparos nas instala\u00e7\u00f5es, recupera\u00e7\u00e3o do sistema aqu\u00e1tico e melhoria das condi\u00e7\u00f5es de acessibilidade. Com essa solicita\u00e7\u00e3o, Trevisan Jr. busca n\u00e3o apenas a revitaliza\u00e7\u00e3o do espa\u00e7o, mas tamb\u00e9m a garantia de que todos os cidad\u00e3os tenham acesso a este importante equipamento p\u00fablico.<\/p>\n<h2>A Import\u00e2ncia do Complexo para a Sa\u00fade P\u00fablica<\/h2>\n<p>O Complexo Aqu\u00e1tico Municipal n\u00e3o \u00e9 apenas uma instala\u00e7\u00e3o esportiva; ele \u00e9 um patrim\u00f4nio que deve ser valorizado pelo impacto direto que possui na sa\u00fade p\u00fablica. O acesso a instala\u00e7\u00f5es de lazer e esportivas \u00e9 vital para a promo\u00e7\u00e3o de h\u00e1bitos saud\u00e1veis entre a popula\u00e7\u00e3o, contribuindo para a preven\u00e7\u00e3o de doen\u00e7as e a melhoria da qualidade de vida dos cidad\u00e3os. A sua degrada\u00e7\u00e3o n\u00e3o apenas limita as atividades esportivas, mas tamb\u00e9m compromete a sa\u00fade f\u00edsica e mental da comunidade.<\/p>\n<h2>Cr\u00edtica ao Governo Municipal<\/h2>\n<p>Trevisan Jr. expressou sua indigna\u00e7\u00e3o com a situa\u00e7\u00e3o, afirmando que \u00e9 inaceit\u00e1vel que a popula\u00e7\u00e3o enfrente aumentos de tributos, como o reajuste do IPTU e a imposi\u00e7\u00e3o de taxas adicionais, enquanto as instala\u00e7\u00f5es essenciais para o bem-estar da comunidade permanecem nesse estado lament\u00e1vel. \u201cOs cidad\u00e3os pagam impostos e merecem servi\u00e7os de qualidade e manuten\u00e7\u00e3o adequada\u201d, afirmou o vereador.<\/p>\n<h2>Visita T\u00e9cnica: O Que foi Encontrado?<\/h2>\n<p>A inspe\u00e7\u00e3o realizada pelo vereador revela um cen\u00e1rio alarmante. A aus\u00eancia de \u00e1gua nas piscinas, o ac\u00famulo de sujeira e as condi\u00e7\u00f5es inseguras das instala\u00e7\u00f5es tornam-se mais graves diante da falta de uma gest\u00e3o eficiente. Esta realidade contrasta fortemente com a expectativa da comunidade, que v\u00ea o espa\u00e7o como um s\u00edmbolo de atividades fundamentais para o desenvolvimento social e saud\u00e1vel.<\/p>\n<h2>Medidas Necess\u00e1rias para Recupera\u00e7\u00e3o<\/h2>\n<p>Para recuperar o Complexo Aqu\u00e1tico Municipal e restabelecer seu funcionamento, \u00e9 crucial implementar uma s\u00e9rie de medidas operacionais, incluindo: <\/p>\n<ul>\n<li><strong>Limpeza profunda das instala\u00e7\u00f5es:<\/strong> Remover lodo e sujeira acumulados ser\u00e1 o primeiro passo para garantir um ambiente saud\u00e1vel e seguro.<\/li>\n<li><strong>Reparos estruturais:<\/strong> Interven\u00e7\u00f5es para consertar tubula\u00e7\u00f5es expostas e revestimentos soltos s\u00e3o necess\u00e1rias para garantir a seguran\u00e7a dos usu\u00e1rios.<\/li>\n<li><strong>Restabelecimento da \u00e1gua nas piscinas:<\/strong> Retornar a atividade aqu\u00e1tica e recreativa a esse espa\u00e7o \u00e9 essencial.<\/li>\n<li><strong>Melhorias na acessibilidade:<\/strong> Adaptar o complexo para que todos possam utiliz\u00e1-lo, incluindo pessoas com defici\u00eancia, deve ser uma prioridade.<\/li>\n<\/ul>\n<h2>A Press\u00e3o da Popula\u00e7\u00e3o por Melhoria<\/h2>\n<p>A comunidade de Piracicaba n\u00e3o pode se conformar com a situa\u00e7\u00e3o atual do Complexo Aqu\u00e1tico. A press\u00e3o por melhorias e uma gest\u00e3o eficiente \u00e9 fundamental para transformar este espa\u00e7o em um verdadeiro patrim\u00f4nio de sa\u00fade e bem-estar, que atenda \u00e0s necessidades da popula\u00e7\u00e3o. O vereador La\u00e9rcio Trevisan Jr. reafirma seu compromisso em cobrar por a\u00e7\u00f5es concretas que garantam que o Complexo Aqu\u00e1tico Municipal volte a ser um orgulho para a cidade. \u201cPiracicaba n\u00e3o pode permitir que um patrim\u00f4nio p\u00fablico t\u00e3o representativo permane\u00e7a negligenciado\u201d, conclui o vereador.<\/p>\n\n<div style=\"font-size: 0px; height: 0px; line-height: 0px; margin: 0; padding: 0; clear: both;\"><\/div>","protected":false},"excerpt":{"rendered":"<p>Complexo Aqu\u00e1tico Municipal em estado de abandono revela falta de gest\u00e3o p\u00fablica.<\/p>\n","protected":false},"author":1,"featured_media":4077,"comment_status":"closed","ping_status":"closed","sticky":false,"template":"","format":"standard","meta":{"footnotes":""},"categories":[6],"tags":[],"class_list":["post-4078","post","type-post","status-publish","format-standard","has-post-thumbnail","hentry","category-noticias-em-piracicaba","has_thumb"],"aioseo_notices":[],"aioseo_head":"\n\t\t<!-- All in One SEO 5.0.0.1 - aioseo.com -->\n\t<meta name=\"robots\" content=\"max-image-preview:large\" \/>\n\t<meta name=\"author\" content=\"Encontra Piracicaba\"\/>\n\t<link rel=\"canonical\" href=\"https:\/\/www.encontrapiracicaba.com.br\/sobre\/vereador-constata-abandono-no-complexo-aquatico-municipal\/\" \/>\n\t<meta name=\"generator\" content=\"All in One SEO (AIOSEO) 5.0.0.1\" \/>\n\t\t<meta property=\"og:locale\" content=\"pt_BR\" \/>\n\t\t<meta property=\"og:site_name\" content=\"Encontra Piracicaba | Not\u00edcias, eventos, informa\u00e7\u00f5es e dicas na cidade de Piracicaba e regi\u00e3o\" \/>\n\t\t<meta property=\"og:type\" content=\"article\" \/>\n\t\t<meta property=\"og:title\" content=\"Vereador constata abandono no Complexo Aqu\u00e1tico Municipal | Encontra Piracicaba\" \/>\n\t\t<meta property=\"og:url\" content=\"https:\/\/www.encontrapiracicaba.com.br\/sobre\/vereador-constata-abandono-no-complexo-aquatico-municipal\/\" \/>\n\t\t<meta property=\"article:published_time\" content=\"2026-01-30T14:57:40+00:00\" \/>\n\t\t<meta property=\"article:modified_time\" content=\"2026-01-30T14:57:40+00:00\" \/>\n\t\t<meta name=\"twitter:card\" content=\"summary\" \/>\n\t\t<meta name=\"twitter:title\" content=\"Vereador constata abandono no Complexo Aqu\u00e1tico Municipal | Encontra Piracicaba\" \/>\n\t\t<script type=\"application\/ld+json\" class=\"aioseo-schema\">\n\t\t\t{\"@context\":\"https:\\\/\\\/schema.org\",\"@graph\":[{\"@type\":\"Article\",\"@id\":\"https:\\\/\\\/www.encontrapiracicaba.com.br\\\/sobre\\\/vereador-constata-abandono-no-complexo-aquatico-municipal\\\/#article\",\"name\":\"Vereador constata abandono no Complexo Aqu\\u00e1tico Municipal | Encontra Piracicaba\",\"headline\":\"Vereador constata abandono no Complexo Aqu\\u00e1tico Municipal\",\"author\":{\"@id\":\"https:\\\/\\\/www.encontrapiracicaba.com.br\\\/sobre\\\/author\\\/epiracicaba\\\/#author\"},\"publisher\":{\"@id\":\"https:\\\/\\\/www.encontrapiracicaba.com.br\\\/sobre\\\/#organization\"},\"image\":{\"@type\":\"ImageObject\",\"url\":\"https:\\\/\\\/www.encontrapiracicaba.com.br\\\/sobre\\\/wp-content\\\/uploads\\\/vereador-constata-abandono-no-complexo-aquatico-municipal.webp\",\"width\":280,\"height\":280,\"caption\":\"abandono no Complexo Aqu\\u00e1tico Municipal\"},\"datePublished\":\"2026-01-30T11:57:40-03:00\",\"dateModified\":\"2026-01-30T11:57:40-03:00\",\"inLanguage\":\"pt-BR\",\"mainEntityOfPage\":{\"@id\":\"https:\\\/\\\/www.encontrapiracicaba.com.br\\\/sobre\\\/vereador-constata-abandono-no-complexo-aquatico-municipal\\\/#webpage\"},\"isPartOf\":{\"@id\":\"https:\\\/\\\/www.encontrapiracicaba.com.br\\\/sobre\\\/vereador-constata-abandono-no-complexo-aquatico-municipal\\\/#webpage\"},\"articleSection\":\"Not\\u00edcias Piracicaba\"},{\"@type\":\"BreadcrumbList\",\"@id\":\"https:\\\/\\\/www.encontrapiracicaba.com.br\\\/sobre\\\/vereador-constata-abandono-no-complexo-aquatico-municipal\\\/#breadcrumblist\",\"itemListElement\":[{\"@type\":\"ListItem\",\"@id\":\"https:\\\/\\\/www.encontrapiracicaba.com.br\\\/sobre#listItem\",\"position\":1,\"name\":\"In\\u00edcio\",\"item\":\"https:\\\/\\\/www.encontrapiracicaba.com.br\\\/sobre\",\"nextItem\":{\"@type\":\"ListItem\",\"@id\":\"https:\\\/\\\/www.encontrapiracicaba.com.br\\\/sobre\\\/noticias-em-piracicaba\\\/#listItem\",\"name\":\"Not\\u00edcias Piracicaba\"}},{\"@type\":\"ListItem\",\"@id\":\"https:\\\/\\\/www.encontrapiracicaba.com.br\\\/sobre\\\/noticias-em-piracicaba\\\/#listItem\",\"position\":2,\"name\":\"Not\\u00edcias Piracicaba\",\"item\":\"https:\\\/\\\/www.encontrapiracicaba.com.br\\\/sobre\\\/noticias-em-piracicaba\\\/\",\"nextItem\":{\"@type\":\"ListItem\",\"@id\":\"https:\\\/\\\/www.encontrapiracicaba.com.br\\\/sobre\\\/vereador-constata-abandono-no-complexo-aquatico-municipal\\\/#listItem\",\"name\":\"Vereador constata abandono no Complexo Aqu\\u00e1tico Municipal\"},\"previousItem\":{\"@type\":\"ListItem\",\"@id\":\"https:\\\/\\\/www.encontrapiracicaba.com.br\\\/sobre#listItem\",\"name\":\"In\\u00edcio\"}},{\"@type\":\"ListItem\",\"@id\":\"https:\\\/\\\/www.encontrapiracicaba.com.br\\\/sobre\\\/vereador-constata-abandono-no-complexo-aquatico-municipal\\\/#listItem\",\"position\":3,\"name\":\"Vereador constata abandono no Complexo Aqu\\u00e1tico Municipal\",\"previousItem\":{\"@type\":\"ListItem\",\"@id\":\"https:\\\/\\\/www.encontrapiracicaba.com.br\\\/sobre\\\/noticias-em-piracicaba\\\/#listItem\",\"name\":\"Not\\u00edcias Piracicaba\"}}]},{\"@type\":\"Organization\",\"@id\":\"https:\\\/\\\/www.encontrapiracicaba.com.br\\\/sobre\\\/#organization\",\"name\":\"Encontra Piracicaba\",\"description\":\"Not\\u00edcias, eventos, informa\\u00e7\\u00f5es e dicas na cidade de Piracicaba e regi\\u00e3o\",\"url\":\"https:\\\/\\\/www.encontrapiracicaba.com.br\\\/sobre\\\/\"},{\"@type\":\"Person\",\"@id\":\"https:\\\/\\\/www.encontrapiracicaba.com.br\\\/sobre\\\/author\\\/epiracicaba\\\/#author\",\"url\":\"https:\\\/\\\/www.encontrapiracicaba.com.br\\\/sobre\\\/author\\\/epiracicaba\\\/\",\"name\":\"Encontra Piracicaba\",\"image\":{\"@type\":\"ImageObject\",\"@id\":\"https:\\\/\\\/www.encontrapiracicaba.com.br\\\/sobre\\\/vereador-constata-abandono-no-complexo-aquatico-municipal\\\/#authorImage\",\"url\":\"https:\\\/\\\/secure.gravatar.com\\\/avatar\\\/507340682b8270222e1f208e23198b6ae7e2c6a1033ae84e99bc6bce4f82a387?s=96&d=mm&r=g\",\"width\":96,\"height\":96,\"caption\":\"Encontra Piracicaba\"}},{\"@type\":\"WebPage\",\"@id\":\"https:\\\/\\\/www.encontrapiracicaba.com.br\\\/sobre\\\/vereador-constata-abandono-no-complexo-aquatico-municipal\\\/#webpage\",\"url\":\"https:\\\/\\\/www.encontrapiracicaba.com.br\\\/sobre\\\/vereador-constata-abandono-no-complexo-aquatico-municipal\\\/\",\"name\":\"Vereador constata abandono no Complexo Aqu\\u00e1tico Municipal | Encontra Piracicaba\",\"inLanguage\":\"pt-BR\",\"isPartOf\":{\"@id\":\"https:\\\/\\\/www.encontrapiracicaba.com.br\\\/sobre\\\/#website\"},\"breadcrumb\":{\"@id\":\"https:\\\/\\\/www.encontrapiracicaba.com.br\\\/sobre\\\/vereador-constata-abandono-no-complexo-aquatico-municipal\\\/#breadcrumblist\"},\"author\":{\"@id\":\"https:\\\/\\\/www.encontrapiracicaba.com.br\\\/sobre\\\/author\\\/epiracicaba\\\/#author\"},\"creator\":{\"@id\":\"https:\\\/\\\/www.encontrapiracicaba.com.br\\\/sobre\\\/author\\\/epiracicaba\\\/#author\"},\"image\":{\"@type\":\"ImageObject\",\"url\":\"https:\\\/\\\/www.encontrapiracicaba.com.br\\\/sobre\\\/wp-content\\\/uploads\\\/vereador-constata-abandono-no-complexo-aquatico-municipal.webp\",\"@id\":\"https:\\\/\\\/www.encontrapiracicaba.com.br\\\/sobre\\\/vereador-constata-abandono-no-complexo-aquatico-municipal\\\/#mainImage\",\"width\":280,\"height\":280,\"caption\":\"abandono no Complexo Aqu\\u00e1tico Municipal\"},\"primaryImageOfPage\":{\"@id\":\"https:\\\/\\\/www.encontrapiracicaba.com.br\\\/sobre\\\/vereador-constata-abandono-no-complexo-aquatico-municipal\\\/#mainImage\"},\"datePublished\":\"2026-01-30T11:57:40-03:00\",\"dateModified\":\"2026-01-30T11:57:40-03:00\"},{\"@type\":\"WebSite\",\"@id\":\"https:\\\/\\\/www.encontrapiracicaba.com.br\\\/sobre\\\/#website\",\"url\":\"https:\\\/\\\/www.encontrapiracicaba.com.br\\\/sobre\\\/\",\"name\":\"Encontra Piracicaba\",\"description\":\"Not\\u00edcias, eventos, informa\\u00e7\\u00f5es e dicas na cidade de Piracicaba e regi\\u00e3o\",\"inLanguage\":\"pt-BR\",\"publisher\":{\"@id\":\"https:\\\/\\\/www.encontrapiracicaba.com.br\\\/sobre\\\/#organization\"}}]}\n\t\t<\/script>\n\t\t<!-- All in One SEO -->\n\n","aioseo_head_json":{"title":"Vereador constata abandono no Complexo Aqu\u00e1tico Municipal | Encontra Piracicaba","description":"","canonical_url":"https:\/\/www.encontrapiracicaba.com.br\/sobre\/vereador-constata-abandono-no-complexo-aquatico-municipal\/","robots":"max-image-preview:large","keywords":"","webmasterTools":{"miscellaneous":""},"schema":{"@context":"https:\/\/schema.org","@graph":[{"@type":"Article","@id":"https:\/\/www.encontrapiracicaba.com.br\/sobre\/vereador-constata-abandono-no-complexo-aquatico-municipal\/#article","name":"Vereador constata abandono no Complexo Aqu\u00e1tico Municipal | Encontra Piracicaba","headline":"Vereador constata abandono no Complexo Aqu\u00e1tico Municipal","author":{"@id":"https:\/\/www.encontrapiracicaba.com.br\/sobre\/author\/epiracicaba\/#author"},"publisher":{"@id":"https:\/\/www.encontrapiracicaba.com.br\/sobre\/#organization"},"image":{"@type":"ImageObject","url":"https:\/\/www.encontrapiracicaba.com.br\/sobre\/wp-content\/uploads\/vereador-constata-abandono-no-complexo-aquatico-municipal.webp","width":280,"height":280,"caption":"abandono no Complexo Aqu\u00e1tico Municipal"},"datePublished":"2026-01-30T11:57:40-03:00","dateModified":"2026-01-30T11:57:40-03:00","inLanguage":"pt-BR","mainEntityOfPage":{"@id":"https:\/\/www.encontrapiracicaba.com.br\/sobre\/vereador-constata-abandono-no-complexo-aquatico-municipal\/#webpage"},"isPartOf":{"@id":"https:\/\/www.encontrapiracicaba.com.br\/sobre\/vereador-constata-abandono-no-complexo-aquatico-municipal\/#webpage"},"articleSection":"Not\u00edcias Piracicaba"},{"@type":"BreadcrumbList","@id":"https:\/\/www.encontrapiracicaba.com.br\/sobre\/vereador-constata-abandono-no-complexo-aquatico-municipal\/#breadcrumblist","itemListElement":[{"@type":"ListItem","@id":"https:\/\/www.encontrapiracicaba.com.br\/sobre#listItem","position":1,"name":"In\u00edcio","item":"https:\/\/www.encontrapiracicaba.com.br\/sobre","nextItem":{"@type":"ListItem","@id":"https:\/\/www.encontrapiracicaba.com.br\/sobre\/noticias-em-piracicaba\/#listItem","name":"Not\u00edcias Piracicaba"}},{"@type":"ListItem","@id":"https:\/\/www.encontrapiracicaba.com.br\/sobre\/noticias-em-piracicaba\/#listItem","position":2,"name":"Not\u00edcias Piracicaba","item":"https:\/\/www.encontrapiracicaba.com.br\/sobre\/noticias-em-piracicaba\/","nextItem":{"@type":"ListItem","@id":"https:\/\/www.encontrapiracicaba.com.br\/sobre\/vereador-constata-abandono-no-complexo-aquatico-municipal\/#listItem","name":"Vereador constata abandono no Complexo Aqu\u00e1tico Municipal"},"previousItem":{"@type":"ListItem","@id":"https:\/\/www.encontrapiracicaba.com.br\/sobre#listItem","name":"In\u00edcio"}},{"@type":"ListItem","@id":"https:\/\/www.encontrapiracicaba.com.br\/sobre\/vereador-constata-abandono-no-complexo-aquatico-municipal\/#listItem","position":3,"name":"Vereador constata abandono no Complexo Aqu\u00e1tico Municipal","previousItem":{"@type":"ListItem","@id":"https:\/\/www.encontrapiracicaba.com.br\/sobre\/noticias-em-piracicaba\/#listItem","name":"Not\u00edcias Piracicaba"}}]},{"@type":"Organization","@id":"https:\/\/www.encontrapiracicaba.com.br\/sobre\/#organization","name":"Encontra Piracicaba","description":"Not\u00edcias, eventos, informa\u00e7\u00f5es e dicas na cidade de Piracicaba e regi\u00e3o","url":"https:\/\/www.encontrapiracicaba.com.br\/sobre\/"},{"@type":"Person","@id":"https:\/\/www.encontrapiracicaba.com.br\/sobre\/author\/epiracicaba\/#author","url":"https:\/\/www.encontrapiracicaba.com.br\/sobre\/author\/epiracicaba\/","name":"Encontra Piracicaba","image":{"@type":"ImageObject","@id":"https:\/\/www.encontrapiracicaba.com.br\/sobre\/vereador-constata-abandono-no-complexo-aquatico-municipal\/#authorImage","url":"https:\/\/secure.gravatar.com\/avatar\/507340682b8270222e1f208e23198b6ae7e2c6a1033ae84e99bc6bce4f82a387?s=96&d=mm&r=g","width":96,"height":96,"caption":"Encontra Piracicaba"}},{"@type":"WebPage","@id":"https:\/\/www.encontrapiracicaba.com.br\/sobre\/vereador-constata-abandono-no-complexo-aquatico-municipal\/#webpage","url":"https:\/\/www.encontrapiracicaba.com.br\/sobre\/vereador-constata-abandono-no-complexo-aquatico-municipal\/","name":"Vereador constata abandono no Complexo Aqu\u00e1tico Municipal | Encontra Piracicaba","inLanguage":"pt-BR","isPartOf":{"@id":"https:\/\/www.encontrapiracicaba.com.br\/sobre\/#website"},"breadcrumb":{"@id":"https:\/\/www.encontrapiracicaba.com.br\/sobre\/vereador-constata-abandono-no-complexo-aquatico-municipal\/#breadcrumblist"},"author":{"@id":"https:\/\/www.encontrapiracicaba.com.br\/sobre\/author\/epiracicaba\/#author"},"creator":{"@id":"https:\/\/www.encontrapiracicaba.com.br\/sobre\/author\/epiracicaba\/#author"},"image":{"@type":"ImageObject","url":"https:\/\/www.encontrapiracicaba.com.br\/sobre\/wp-content\/uploads\/vereador-constata-abandono-no-complexo-aquatico-municipal.webp","@id":"https:\/\/www.encontrapiracicaba.com.br\/sobre\/vereador-constata-abandono-no-complexo-aquatico-municipal\/#mainImage","width":280,"height":280,"caption":"abandono no Complexo Aqu\u00e1tico Municipal"},"primaryImageOfPage":{"@id":"https:\/\/www.encontrapiracicaba.com.br\/sobre\/vereador-constata-abandono-no-complexo-aquatico-municipal\/#mainImage"},"datePublished":"2026-01-30T11:57:40-03:00","dateModified":"2026-01-30T11:57:40-03:00"},{"@type":"WebSite","@id":"https:\/\/www.encontrapiracicaba.com.br\/sobre\/#website","url":"https:\/\/www.encontrapiracicaba.com.br\/sobre\/","name":"Encontra Piracicaba","description":"Not\u00edcias, eventos, informa\u00e7\u00f5es e dicas na cidade de Piracicaba e regi\u00e3o","inLanguage":"pt-BR","publisher":{"@id":"https:\/\/www.encontrapiracicaba.com.br\/sobre\/#organization"}}]},"og:locale":"pt_BR","og:site_name":"Encontra Piracicaba | Not\u00edcias, eventos, informa\u00e7\u00f5es e dicas na cidade de Piracicaba e regi\u00e3o","og:type":"article","og:title":"Vereador constata abandono no Complexo Aqu\u00e1tico Municipal | Encontra Piracicaba","og:url":"https:\/\/www.encontrapiracicaba.com.br\/sobre\/vereador-constata-abandono-no-complexo-aquatico-municipal\/","article:published_time":"2026-01-30T14:57:40+00:00","article:modified_time":"2026-01-30T14:57:40+00:00","twitter:card":"summary","twitter:title":"Vereador constata abandono no Complexo Aqu\u00e1tico Municipal | Encontra Piracicaba"},"aioseo_meta_data":{"post_id":"4078","title":null,"description":null,"keywords":null,"keyphrases":null,"primary_term":null,"canonical_url":null,"og_title":null,"og_description":null,"og_object_type":"default","og_image_type":"default","og_image_url":null,"og_image_width":null,"og_image_height":null,"og_image_custom_url":null,"og_image_custom_fields":null,"og_video":null,"og_custom_url":null,"og_article_section":null,"og_article_tags":null,"twitter_use_og":false,"twitter_card":"default","twitter_image_type":"default","twitter_image_url":null,"twitter_image_custom_url":null,"twitter_image_custom_fields":null,"twitter_title":null,"twitter_description":null,"schema":{"blockGraphs":[],"customGraphs":[],"default":{"data":{"Article":[],"Course":[],"Dataset":[],"FAQPage":[],"Movie":[],"Person":[],"Product":[],"ProductReview":[],"Car":[],"Recipe":[],"Service":[],"SoftwareApplication":[],"WebPage":[]},"graphName":"Article","isEnabled":true},"graphs":[]},"schema_type":"default","schema_type_options":null,"pillar_content":false,"robots_default":true,"robots_noindex":false,"robots_noarchive":false,"robots_nosnippet":false,"robots_nofollow":false,"robots_noimageindex":false,"robots_noodp":false,"robots_notranslate":false,"robots_max_snippet":null,"robots_max_videopreview":null,"robots_max_imagepreview":"large","priority":null,"frequency":null,"local_seo":null,"breadcrumb_settings":null,"limit_modified_date":false,"ai":null,"created":"2026-01-30 14:57:46","updated":"2026-01-30 14:59:19","focus_keyword":null,"additional_keywords":null,"truseo_locale":null,"seo_analyzer_scan_date":null},"aioseo_breadcrumb":"<div class=\"aioseo-breadcrumbs\"><span class=\"aioseo-breadcrumb\">\n\t\t\t<a href=\"https:\/\/www.encontrapiracicaba.com.br\/sobre\" title=\"In\u00edcio\">In\u00edcio<\/a>\n\t\t<\/span><span class=\"aioseo-breadcrumb-separator\">&raquo;<\/span><span class=\"aioseo-breadcrumb\">\n\t\t\t<a href=\"https:\/\/www.encontrapiracicaba.com.br\/sobre\/noticias-em-piracicaba\/\" title=\"Not\u00edcias Piracicaba\">Not\u00edcias Piracicaba<\/a>\n\t\t<\/span><span class=\"aioseo-breadcrumb-separator\">&raquo;<\/span><span class=\"aioseo-breadcrumb\">\n\t\t\tVereador constata abandono no Complexo Aqu\u00e1tico Municipal\n\t\t<\/span><\/div>","aioseo_breadcrumb_json":[{"label":"In\u00edcio","link":"https:\/\/www.encontrapiracicaba.com.br\/sobre"},{"label":"Not\u00edcias Piracicaba","link":"https:\/\/www.encontrapiracicaba.com.br\/sobre\/noticias-em-piracicaba\/"},{"label":"Vereador constata abandono no Complexo Aqu\u00e1tico Municipal","link":"https:\/\/www.encontrapiracicaba.com.br\/sobre\/vereador-constata-abandono-no-complexo-aquatico-municipal\/"}],"_links":{"self":[{"href":"https:\/\/www.encontrapiracicaba.com.br\/sobre\/wp-json\/wp\/v2\/posts\/4078","targetHints":{"allow":["GET"]}}],"collection":[{"href":"https:\/\/www.encontrapiracicaba.com.br\/sobre\/wp-json\/wp\/v2\/posts"}],"about":[{"href":"https:\/\/www.encontrapiracicaba.com.br\/sobre\/wp-json\/wp\/v2\/types\/post"}],"author":[{"embeddable":true,"href":"https:\/\/www.encontrapiracicaba.com.br\/sobre\/wp-json\/wp\/v2\/users\/1"}],"replies":[{"embeddable":true,"href":"https:\/\/www.encontrapiracicaba.com.br\/sobre\/wp-json\/wp\/v2\/comments?post=4078"}],"version-history":[{"count":0,"href":"https:\/\/www.encontrapiracicaba.com.br\/sobre\/wp-json\/wp\/v2\/posts\/4078\/revisions"}],"wp:featuredmedia":[{"embeddable":true,"href":"https:\/\/www.encontrapiracicaba.com.br\/sobre\/wp-json\/wp\/v2\/media\/4077"}],"wp:attachment":[{"href":"https:\/\/www.encontrapiracicaba.com.br\/sobre\/wp-json\/wp\/v2\/media?parent=4078"}],"wp:term":[{"taxonomy":"category","embeddable":true,"href":"https:\/\/www.encontrapiracicaba.com.br\/sobre\/wp-json\/wp\/v2\/categories?post=4078"},{"taxonomy":"post_tag","embeddable":true,"href":"https:\/\/www.encontrapiracicaba.com.br\/sobre\/wp-json\/wp\/v2\/tags?post=4078"}],"curies":[{"name":"wp","href":"https:\/\/api.w.org\/{rel}","templated":true}]}}