{"id":4092,"date":"2026-02-02T12:00:15","date_gmt":"2026-02-02T15:00:15","guid":{"rendered":"https:\/\/www.encontrapiracicaba.com.br\/sobre\/educacao-convoca-novos-profissionais-para-a-rede-municipal\/"},"modified":"2026-02-02T12:00:15","modified_gmt":"2026-02-02T15:00:15","slug":"educacao-convoca-novos-profissionais-para-a-rede-municipal","status":"publish","type":"post","link":"https:\/\/www.encontrapiracicaba.com.br\/sobre\/educacao-convoca-novos-profissionais-para-a-rede-municipal\/","title":{"rendered":"Educa\u00e7\u00e3o convoca novos profissionais para a rede municipal"},"content":{"rendered":"<div class=\"85df007ed5c0c4d4b453fd13a37855e8\" data-index=\"1\" style=\"float: none; margin:0px;\">\n<!-- Anuncio display - global -->\r\n<ins class=\"adsbygoogle\"\r\n     style=\"display:block\"\r\n     data-ad-client=\"ca-pub-8585364105181520\"\r\n     data-ad-slot=\"8789329856\"\r\n     data-ad-format=\"auto\"\r\n     data-full-width-responsive=\"true\"><\/ins>\r\n<script>\r\n     (adsbygoogle = window.adsbygoogle || []).push({});\r\n<\/script>\n<\/div>\n<h2>Detalhes da Convoca\u00e7\u00e3o<\/h2>\n<p>A Secretaria Municipal de Educa\u00e7\u00e3o de Piracicaba anunciou a convoca\u00e7\u00e3o de 29 novos profissionais, todos aprovados nos concursos p\u00fablicos realizados anteriormente, especificamente os editais n\u00ba 02\/2022 e n\u00ba 02\/2024. A convoca\u00e7\u00e3o foi oficialmente registrada no Di\u00e1rio Oficial do Munic\u00edpio no dia 28 de janeiro de 2026, permitindo que os interessados acessem todas as informa\u00e7\u00f5es necess\u00e1rias por meio do link disponibilizado.<\/p>\n<h2>Quem S\u00e3o os Profissionais Convocados?<\/h2>\n<p>Os profissionais chamados nesta convoca\u00e7\u00e3o s\u00e3o de diversas \u00e1reas da educa\u00e7\u00e3o. Dentre os convocados pelo concurso n\u00ba 02\/2022, est\u00e3o:<\/p>\n<ul>\n<li>10 Auxiliares de A\u00e7\u00e3o Educativa<\/li>\n<li>3 Orientadores de Alunos<\/li>\n<li>1 Professor de Educa\u00e7\u00e3o F\u00edsica<\/li>\n<\/ul>\n<p>J\u00e1 pelo concurso n\u00ba 02\/2024, foram convocados 15 Professores de Ensino Fundamental. A diversidade de fun\u00e7\u00f5es reflete a necessidade de fortalecer a rede municipal de ensino, atendendo a diferentes demandas educativas da comunidade.<\/p>\n<p><img decoding=\"async\" src=\"https:\/\/www.encontrapiracicaba.com.br\/sobre\/wp-content\/uploads\/educacao-convoca-novos-profissionais-para-a-rede-municipal.webp\" alt=\"Educa\u00e7\u00e3o convoca novos profissionais para a rede municipal\" loading=\"lazy\" \/><\/p>\n<h2>Datas Importantes para os Aprovados<\/h2>\n<p>Os convocados devem estar cientes de algumas datas e locais importantes:<\/p>\n<ul>\n<li><strong>Data da Apresenta\u00e7\u00e3o:<\/strong> 6 de fevereiro, \u00e0s 14h.<\/li>\n<li><strong>Local:<\/strong> Audit\u00f3rio do IPASP, situado na Avenida Dr. Paulo de Moraes, 266, no bairro Castelinho.<\/li>\n<\/ul>\n<p>Neste evento, \u00e9 essencial que cada profissional apresente uma caneta e a documenta\u00e7\u00e3o exigida pela Secretaria, conforme descrito nas orienta\u00e7\u00f5es oficiais que acompanharam a convoca\u00e7\u00e3o.<\/p>\n<h2>O Impacto na Educa\u00e7\u00e3o Municipal<\/h2>\n<p>A chegada desses novos profissionais representa um passo significativo para aprimorar a qualidade do ensino na rede municipal de Piracicaba. A inclus\u00e3o de novos professores e auxiliares possibilita uma maior aten\u00e7\u00e3o individualizada aos alunos e, consequentemente, um ambiente escolar mais favor\u00e1vel ao aprendizado. As novas contrata\u00e7\u00f5es atendem a uma demanda crescente por profissionais qualificados que ajudem a elevar os padr\u00f5es educacionais.<\/p>\n<h2>Preparativos para a Assun\u00e7\u00e3o dos Cargos<\/h2>\n<p>Para que a transi\u00e7\u00e3o dos novos profissionais ocorra de maneira eficaz, a Secretaria Municipal de Educa\u00e7\u00e3o est\u00e1 organizando uma s\u00e9rie de orienta\u00e7\u00f5es e treinamentos. Isso garantir\u00e1 que todos os convocados estejam prontos para iniciar suas atividades com o m\u00e1ximo de qualidade. Al\u00e9m disso, as expectativas em rela\u00e7\u00e3o a essa nova etapa na educa\u00e7\u00e3o de Piracicaba s\u00e3o altas, j\u00e1 que as escolas est\u00e3o se preparando para receber continuamente os novos docentes e suas metodologias de ensino.<\/p>\n<h2>Expectativas da Secretaria de Educa\u00e7\u00e3o<\/h2>\n<p>A Secretaria Municipal de Educa\u00e7\u00e3o expressou otimismo em rela\u00e7\u00e3o \u00e0 integra\u00e7\u00e3o dos novos funcion\u00e1rios \u00e0s suas fun\u00e7\u00f5es. Os gestores esperam que a soma dessas novas for\u00e7as traga inova\u00e7\u00e3o e dinamismo ao ambiente escolar, promovendo abordagens pedag\u00f3gicas que atendam melhor \u00e0s necessidades dos alunos.<\/p>\n<h2>Como a Convoca\u00e7\u00e3o Afeta os Estudantes?<\/h2>\n<p>Essa convoca\u00e7\u00e3o tem um impacto direto na aprendizagem dos estudantes. Com a amplia\u00e7\u00e3o do n\u00famero de profissionais, as turmas poder\u00e3o receber uma aten\u00e7\u00e3o mais cuidadosa, reduzindo a rela\u00e7\u00e3o aluno\/professor. Com um suporte mais pr\u00f3ximo, os educandos poder\u00e3o se desenvolver de maneira mais harmoniosa e com o acompanhamento necess\u00e1rio.<\/p>\n<h2>O Papel dos Novos Profissionais na Rede<\/h2>\n<p>Os rec\u00e9m-contratados desempenhar\u00e3o diversos pap\u00e9is essenciais na comunidade escolar. Os auxiliares de a\u00e7\u00e3o educativa, por exemplo, ajudar\u00e3o a facilitar o aprendizado e dar suporte aos professores e alunos. J\u00e1 os orientadores de alunos ter\u00e3o a miss\u00e3o de acompanhar o desenvolvimento emocional e social dos estudantes. Por sua vez, os professores de ensino fundamental ser\u00e3o respons\u00e1veis pela entrega do curr\u00edculo e pela constru\u00e7\u00e3o de um ambiente de aprendizado seguro e estimulante.<\/p>\n<h2>Convoca\u00e7\u00e3o e o Di\u00e1rio Oficial<\/h2>\n<p>A publica\u00e7\u00e3o da convoca\u00e7\u00e3o no Di\u00e1rio Oficial do Munic\u00edpio \u00e9 um passo importante para a transpar\u00eancia no processo de contrata\u00e7\u00e3o. Isso garante que todos os interessados na educa\u00e7\u00e3o municipal tenham acesso \u00e0s informa\u00e7\u00f5es e possam acompanhar as etapas de sele\u00e7\u00e3o e convoca\u00e7\u00e3o.<\/p>\n<h2>Pr\u00f3ximos Passos ap\u00f3s a Convoca\u00e7\u00e3o<\/h2>\n<p>Ap\u00f3s a convoca\u00e7\u00e3o, o pr\u00f3ximo passo para os profissionais \u00e9 sua apresenta\u00e7\u00e3o no dia estipulado. Em seguida, iniciar\u00e3o as atividades oficialmente no dia 2 de mar\u00e7o, ap\u00f3s completarem os requisitos de documenta\u00e7\u00e3o e outros tr\u00e2mites administrativos. Com a data se aproximando, todos os convocados devem se preparar para essa nova etapa em suas carreiras, que n\u00e3o apenas mudar\u00e1 suas vidas, mas tamb\u00e9m impactar\u00e1 positivamente a comunidade escolar de Piracicaba.<\/p>\n\n<div style=\"font-size: 0px; height: 0px; line-height: 0px; margin: 0; padding: 0; clear: both;\"><\/div>","protected":false},"excerpt":{"rendered":"<p>Educa\u00e7\u00e3o recebe 29 novos profissionais convocados pela Prefeitura. Veja os detalhes.<\/p>\n","protected":false},"author":1,"featured_media":4091,"comment_status":"closed","ping_status":"closed","sticky":false,"template":"","format":"standard","meta":{"footnotes":""},"categories":[6],"tags":[],"class_list":["post-4092","post","type-post","status-publish","format-standard","has-post-thumbnail","hentry","category-noticias-em-piracicaba","has_thumb"],"aioseo_notices":[],"aioseo_head":"\n\t\t<!-- All in One SEO 5.0.0.1 - aioseo.com -->\n\t<meta name=\"robots\" content=\"max-image-preview:large\" \/>\n\t<meta name=\"author\" content=\"Encontra Piracicaba\"\/>\n\t<link rel=\"canonical\" href=\"https:\/\/www.encontrapiracicaba.com.br\/sobre\/educacao-convoca-novos-profissionais-para-a-rede-municipal\/\" \/>\n\t<meta name=\"generator\" content=\"All in One SEO (AIOSEO) 5.0.0.1\" \/>\n\t\t<meta property=\"og:locale\" content=\"pt_BR\" \/>\n\t\t<meta property=\"og:site_name\" content=\"Encontra Piracicaba | Not\u00edcias, eventos, informa\u00e7\u00f5es e dicas na cidade de Piracicaba e regi\u00e3o\" \/>\n\t\t<meta property=\"og:type\" content=\"article\" \/>\n\t\t<meta property=\"og:title\" content=\"Educa\u00e7\u00e3o convoca novos profissionais para a rede municipal | Encontra Piracicaba\" \/>\n\t\t<meta property=\"og:url\" content=\"https:\/\/www.encontrapiracicaba.com.br\/sobre\/educacao-convoca-novos-profissionais-para-a-rede-municipal\/\" \/>\n\t\t<meta property=\"article:published_time\" content=\"2026-02-02T15:00:15+00:00\" \/>\n\t\t<meta property=\"article:modified_time\" content=\"2026-02-02T15:00:15+00:00\" \/>\n\t\t<meta name=\"twitter:card\" content=\"summary\" \/>\n\t\t<meta name=\"twitter:title\" content=\"Educa\u00e7\u00e3o convoca novos profissionais para a rede municipal | Encontra Piracicaba\" \/>\n\t\t<script type=\"application\/ld+json\" class=\"aioseo-schema\">\n\t\t\t{\"@context\":\"https:\\\/\\\/schema.org\",\"@graph\":[{\"@type\":\"Article\",\"@id\":\"https:\\\/\\\/www.encontrapiracicaba.com.br\\\/sobre\\\/educacao-convoca-novos-profissionais-para-a-rede-municipal\\\/#article\",\"name\":\"Educa\\u00e7\\u00e3o convoca novos profissionais para a rede municipal | Encontra Piracicaba\",\"headline\":\"Educa\\u00e7\\u00e3o convoca novos profissionais para a rede municipal\",\"author\":{\"@id\":\"https:\\\/\\\/www.encontrapiracicaba.com.br\\\/sobre\\\/author\\\/epiracicaba\\\/#author\"},\"publisher\":{\"@id\":\"https:\\\/\\\/www.encontrapiracicaba.com.br\\\/sobre\\\/#organization\"},\"image\":{\"@type\":\"ImageObject\",\"url\":\"https:\\\/\\\/www.encontrapiracicaba.com.br\\\/sobre\\\/wp-content\\\/uploads\\\/educacao-convoca-novos-profissionais-para-a-rede-municipal.webp\",\"width\":280,\"height\":280,\"caption\":\"Educa\\u00e7\\u00e3o convoca novos profissionais para a rede municipal\"},\"datePublished\":\"2026-02-02T12:00:15-03:00\",\"dateModified\":\"2026-02-02T12:00:15-03:00\",\"inLanguage\":\"pt-BR\",\"mainEntityOfPage\":{\"@id\":\"https:\\\/\\\/www.encontrapiracicaba.com.br\\\/sobre\\\/educacao-convoca-novos-profissionais-para-a-rede-municipal\\\/#webpage\"},\"isPartOf\":{\"@id\":\"https:\\\/\\\/www.encontrapiracicaba.com.br\\\/sobre\\\/educacao-convoca-novos-profissionais-para-a-rede-municipal\\\/#webpage\"},\"articleSection\":\"Not\\u00edcias Piracicaba\"},{\"@type\":\"BreadcrumbList\",\"@id\":\"https:\\\/\\\/www.encontrapiracicaba.com.br\\\/sobre\\\/educacao-convoca-novos-profissionais-para-a-rede-municipal\\\/#breadcrumblist\",\"itemListElement\":[{\"@type\":\"ListItem\",\"@id\":\"https:\\\/\\\/www.encontrapiracicaba.com.br\\\/sobre#listItem\",\"position\":1,\"name\":\"In\\u00edcio\",\"item\":\"https:\\\/\\\/www.encontrapiracicaba.com.br\\\/sobre\",\"nextItem\":{\"@type\":\"ListItem\",\"@id\":\"https:\\\/\\\/www.encontrapiracicaba.com.br\\\/sobre\\\/noticias-em-piracicaba\\\/#listItem\",\"name\":\"Not\\u00edcias Piracicaba\"}},{\"@type\":\"ListItem\",\"@id\":\"https:\\\/\\\/www.encontrapiracicaba.com.br\\\/sobre\\\/noticias-em-piracicaba\\\/#listItem\",\"position\":2,\"name\":\"Not\\u00edcias Piracicaba\",\"item\":\"https:\\\/\\\/www.encontrapiracicaba.com.br\\\/sobre\\\/noticias-em-piracicaba\\\/\",\"nextItem\":{\"@type\":\"ListItem\",\"@id\":\"https:\\\/\\\/www.encontrapiracicaba.com.br\\\/sobre\\\/educacao-convoca-novos-profissionais-para-a-rede-municipal\\\/#listItem\",\"name\":\"Educa\\u00e7\\u00e3o convoca novos profissionais para a rede municipal\"},\"previousItem\":{\"@type\":\"ListItem\",\"@id\":\"https:\\\/\\\/www.encontrapiracicaba.com.br\\\/sobre#listItem\",\"name\":\"In\\u00edcio\"}},{\"@type\":\"ListItem\",\"@id\":\"https:\\\/\\\/www.encontrapiracicaba.com.br\\\/sobre\\\/educacao-convoca-novos-profissionais-para-a-rede-municipal\\\/#listItem\",\"position\":3,\"name\":\"Educa\\u00e7\\u00e3o convoca novos profissionais para a rede municipal\",\"previousItem\":{\"@type\":\"ListItem\",\"@id\":\"https:\\\/\\\/www.encontrapiracicaba.com.br\\\/sobre\\\/noticias-em-piracicaba\\\/#listItem\",\"name\":\"Not\\u00edcias Piracicaba\"}}]},{\"@type\":\"Organization\",\"@id\":\"https:\\\/\\\/www.encontrapiracicaba.com.br\\\/sobre\\\/#organization\",\"name\":\"Encontra Piracicaba\",\"description\":\"Not\\u00edcias, eventos, informa\\u00e7\\u00f5es e dicas na cidade de Piracicaba e regi\\u00e3o\",\"url\":\"https:\\\/\\\/www.encontrapiracicaba.com.br\\\/sobre\\\/\"},{\"@type\":\"Person\",\"@id\":\"https:\\\/\\\/www.encontrapiracicaba.com.br\\\/sobre\\\/author\\\/epiracicaba\\\/#author\",\"url\":\"https:\\\/\\\/www.encontrapiracicaba.com.br\\\/sobre\\\/author\\\/epiracicaba\\\/\",\"name\":\"Encontra Piracicaba\",\"image\":{\"@type\":\"ImageObject\",\"@id\":\"https:\\\/\\\/www.encontrapiracicaba.com.br\\\/sobre\\\/educacao-convoca-novos-profissionais-para-a-rede-municipal\\\/#authorImage\",\"url\":\"https:\\\/\\\/secure.gravatar.com\\\/avatar\\\/507340682b8270222e1f208e23198b6ae7e2c6a1033ae84e99bc6bce4f82a387?s=96&d=mm&r=g\",\"width\":96,\"height\":96,\"caption\":\"Encontra Piracicaba\"}},{\"@type\":\"WebPage\",\"@id\":\"https:\\\/\\\/www.encontrapiracicaba.com.br\\\/sobre\\\/educacao-convoca-novos-profissionais-para-a-rede-municipal\\\/#webpage\",\"url\":\"https:\\\/\\\/www.encontrapiracicaba.com.br\\\/sobre\\\/educacao-convoca-novos-profissionais-para-a-rede-municipal\\\/\",\"name\":\"Educa\\u00e7\\u00e3o convoca novos profissionais para a rede municipal | Encontra Piracicaba\",\"inLanguage\":\"pt-BR\",\"isPartOf\":{\"@id\":\"https:\\\/\\\/www.encontrapiracicaba.com.br\\\/sobre\\\/#website\"},\"breadcrumb\":{\"@id\":\"https:\\\/\\\/www.encontrapiracicaba.com.br\\\/sobre\\\/educacao-convoca-novos-profissionais-para-a-rede-municipal\\\/#breadcrumblist\"},\"author\":{\"@id\":\"https:\\\/\\\/www.encontrapiracicaba.com.br\\\/sobre\\\/author\\\/epiracicaba\\\/#author\"},\"creator\":{\"@id\":\"https:\\\/\\\/www.encontrapiracicaba.com.br\\\/sobre\\\/author\\\/epiracicaba\\\/#author\"},\"image\":{\"@type\":\"ImageObject\",\"url\":\"https:\\\/\\\/www.encontrapiracicaba.com.br\\\/sobre\\\/wp-content\\\/uploads\\\/educacao-convoca-novos-profissionais-para-a-rede-municipal.webp\",\"@id\":\"https:\\\/\\\/www.encontrapiracicaba.com.br\\\/sobre\\\/educacao-convoca-novos-profissionais-para-a-rede-municipal\\\/#mainImage\",\"width\":280,\"height\":280,\"caption\":\"Educa\\u00e7\\u00e3o convoca novos profissionais para a rede municipal\"},\"primaryImageOfPage\":{\"@id\":\"https:\\\/\\\/www.encontrapiracicaba.com.br\\\/sobre\\\/educacao-convoca-novos-profissionais-para-a-rede-municipal\\\/#mainImage\"},\"datePublished\":\"2026-02-02T12:00:15-03:00\",\"dateModified\":\"2026-02-02T12:00:15-03:00\"},{\"@type\":\"WebSite\",\"@id\":\"https:\\\/\\\/www.encontrapiracicaba.com.br\\\/sobre\\\/#website\",\"url\":\"https:\\\/\\\/www.encontrapiracicaba.com.br\\\/sobre\\\/\",\"name\":\"Encontra Piracicaba\",\"description\":\"Not\\u00edcias, eventos, informa\\u00e7\\u00f5es e dicas na cidade de Piracicaba e regi\\u00e3o\",\"inLanguage\":\"pt-BR\",\"publisher\":{\"@id\":\"https:\\\/\\\/www.encontrapiracicaba.com.br\\\/sobre\\\/#organization\"}}]}\n\t\t<\/script>\n\t\t<!-- All in One SEO -->\n\n","aioseo_head_json":{"title":"Educa\u00e7\u00e3o convoca novos profissionais para a rede municipal | Encontra Piracicaba","description":"","canonical_url":"https:\/\/www.encontrapiracicaba.com.br\/sobre\/educacao-convoca-novos-profissionais-para-a-rede-municipal\/","robots":"max-image-preview:large","keywords":"","webmasterTools":{"miscellaneous":""},"schema":{"@context":"https:\/\/schema.org","@graph":[{"@type":"Article","@id":"https:\/\/www.encontrapiracicaba.com.br\/sobre\/educacao-convoca-novos-profissionais-para-a-rede-municipal\/#article","name":"Educa\u00e7\u00e3o convoca novos profissionais para a rede municipal | Encontra Piracicaba","headline":"Educa\u00e7\u00e3o convoca novos profissionais para a rede municipal","author":{"@id":"https:\/\/www.encontrapiracicaba.com.br\/sobre\/author\/epiracicaba\/#author"},"publisher":{"@id":"https:\/\/www.encontrapiracicaba.com.br\/sobre\/#organization"},"image":{"@type":"ImageObject","url":"https:\/\/www.encontrapiracicaba.com.br\/sobre\/wp-content\/uploads\/educacao-convoca-novos-profissionais-para-a-rede-municipal.webp","width":280,"height":280,"caption":"Educa\u00e7\u00e3o convoca novos profissionais para a rede municipal"},"datePublished":"2026-02-02T12:00:15-03:00","dateModified":"2026-02-02T12:00:15-03:00","inLanguage":"pt-BR","mainEntityOfPage":{"@id":"https:\/\/www.encontrapiracicaba.com.br\/sobre\/educacao-convoca-novos-profissionais-para-a-rede-municipal\/#webpage"},"isPartOf":{"@id":"https:\/\/www.encontrapiracicaba.com.br\/sobre\/educacao-convoca-novos-profissionais-para-a-rede-municipal\/#webpage"},"articleSection":"Not\u00edcias Piracicaba"},{"@type":"BreadcrumbList","@id":"https:\/\/www.encontrapiracicaba.com.br\/sobre\/educacao-convoca-novos-profissionais-para-a-rede-municipal\/#breadcrumblist","itemListElement":[{"@type":"ListItem","@id":"https:\/\/www.encontrapiracicaba.com.br\/sobre#listItem","position":1,"name":"In\u00edcio","item":"https:\/\/www.encontrapiracicaba.com.br\/sobre","nextItem":{"@type":"ListItem","@id":"https:\/\/www.encontrapiracicaba.com.br\/sobre\/noticias-em-piracicaba\/#listItem","name":"Not\u00edcias Piracicaba"}},{"@type":"ListItem","@id":"https:\/\/www.encontrapiracicaba.com.br\/sobre\/noticias-em-piracicaba\/#listItem","position":2,"name":"Not\u00edcias Piracicaba","item":"https:\/\/www.encontrapiracicaba.com.br\/sobre\/noticias-em-piracicaba\/","nextItem":{"@type":"ListItem","@id":"https:\/\/www.encontrapiracicaba.com.br\/sobre\/educacao-convoca-novos-profissionais-para-a-rede-municipal\/#listItem","name":"Educa\u00e7\u00e3o convoca novos profissionais para a rede municipal"},"previousItem":{"@type":"ListItem","@id":"https:\/\/www.encontrapiracicaba.com.br\/sobre#listItem","name":"In\u00edcio"}},{"@type":"ListItem","@id":"https:\/\/www.encontrapiracicaba.com.br\/sobre\/educacao-convoca-novos-profissionais-para-a-rede-municipal\/#listItem","position":3,"name":"Educa\u00e7\u00e3o convoca novos profissionais para a rede municipal","previousItem":{"@type":"ListItem","@id":"https:\/\/www.encontrapiracicaba.com.br\/sobre\/noticias-em-piracicaba\/#listItem","name":"Not\u00edcias Piracicaba"}}]},{"@type":"Organization","@id":"https:\/\/www.encontrapiracicaba.com.br\/sobre\/#organization","name":"Encontra Piracicaba","description":"Not\u00edcias, eventos, informa\u00e7\u00f5es e dicas na cidade de Piracicaba e regi\u00e3o","url":"https:\/\/www.encontrapiracicaba.com.br\/sobre\/"},{"@type":"Person","@id":"https:\/\/www.encontrapiracicaba.com.br\/sobre\/author\/epiracicaba\/#author","url":"https:\/\/www.encontrapiracicaba.com.br\/sobre\/author\/epiracicaba\/","name":"Encontra Piracicaba","image":{"@type":"ImageObject","@id":"https:\/\/www.encontrapiracicaba.com.br\/sobre\/educacao-convoca-novos-profissionais-para-a-rede-municipal\/#authorImage","url":"https:\/\/secure.gravatar.com\/avatar\/507340682b8270222e1f208e23198b6ae7e2c6a1033ae84e99bc6bce4f82a387?s=96&d=mm&r=g","width":96,"height":96,"caption":"Encontra Piracicaba"}},{"@type":"WebPage","@id":"https:\/\/www.encontrapiracicaba.com.br\/sobre\/educacao-convoca-novos-profissionais-para-a-rede-municipal\/#webpage","url":"https:\/\/www.encontrapiracicaba.com.br\/sobre\/educacao-convoca-novos-profissionais-para-a-rede-municipal\/","name":"Educa\u00e7\u00e3o convoca novos profissionais para a rede municipal | Encontra Piracicaba","inLanguage":"pt-BR","isPartOf":{"@id":"https:\/\/www.encontrapiracicaba.com.br\/sobre\/#website"},"breadcrumb":{"@id":"https:\/\/www.encontrapiracicaba.com.br\/sobre\/educacao-convoca-novos-profissionais-para-a-rede-municipal\/#breadcrumblist"},"author":{"@id":"https:\/\/www.encontrapiracicaba.com.br\/sobre\/author\/epiracicaba\/#author"},"creator":{"@id":"https:\/\/www.encontrapiracicaba.com.br\/sobre\/author\/epiracicaba\/#author"},"image":{"@type":"ImageObject","url":"https:\/\/www.encontrapiracicaba.com.br\/sobre\/wp-content\/uploads\/educacao-convoca-novos-profissionais-para-a-rede-municipal.webp","@id":"https:\/\/www.encontrapiracicaba.com.br\/sobre\/educacao-convoca-novos-profissionais-para-a-rede-municipal\/#mainImage","width":280,"height":280,"caption":"Educa\u00e7\u00e3o convoca novos profissionais para a rede municipal"},"primaryImageOfPage":{"@id":"https:\/\/www.encontrapiracicaba.com.br\/sobre\/educacao-convoca-novos-profissionais-para-a-rede-municipal\/#mainImage"},"datePublished":"2026-02-02T12:00:15-03:00","dateModified":"2026-02-02T12:00:15-03:00"},{"@type":"WebSite","@id":"https:\/\/www.encontrapiracicaba.com.br\/sobre\/#website","url":"https:\/\/www.encontrapiracicaba.com.br\/sobre\/","name":"Encontra Piracicaba","description":"Not\u00edcias, eventos, informa\u00e7\u00f5es e dicas na cidade de Piracicaba e regi\u00e3o","inLanguage":"pt-BR","publisher":{"@id":"https:\/\/www.encontrapiracicaba.com.br\/sobre\/#organization"}}]},"og:locale":"pt_BR","og:site_name":"Encontra Piracicaba | Not\u00edcias, eventos, informa\u00e7\u00f5es e dicas na cidade de Piracicaba e regi\u00e3o","og:type":"article","og:title":"Educa\u00e7\u00e3o convoca novos profissionais para a rede municipal | Encontra Piracicaba","og:url":"https:\/\/www.encontrapiracicaba.com.br\/sobre\/educacao-convoca-novos-profissionais-para-a-rede-municipal\/","article:published_time":"2026-02-02T15:00:15+00:00","article:modified_time":"2026-02-02T15:00:15+00:00","twitter:card":"summary","twitter:title":"Educa\u00e7\u00e3o convoca novos profissionais para a rede municipal | Encontra Piracicaba"},"aioseo_meta_data":{"post_id":"4092","title":null,"description":null,"keywords":null,"keyphrases":null,"primary_term":null,"canonical_url":null,"og_title":null,"og_description":null,"og_object_type":"default","og_image_type":"default","og_image_url":null,"og_image_width":null,"og_image_height":null,"og_image_custom_url":null,"og_image_custom_fields":null,"og_video":null,"og_custom_url":null,"og_article_section":null,"og_article_tags":null,"twitter_use_og":false,"twitter_card":"default","twitter_image_type":"default","twitter_image_url":null,"twitter_image_custom_url":null,"twitter_image_custom_fields":null,"twitter_title":null,"twitter_description":null,"schema":{"blockGraphs":[],"customGraphs":[],"default":{"data":{"Article":[],"Course":[],"Dataset":[],"FAQPage":[],"Movie":[],"Person":[],"Product":[],"ProductReview":[],"Car":[],"Recipe":[],"Service":[],"SoftwareApplication":[],"WebPage":[]},"graphName":"Article","isEnabled":true},"graphs":[]},"schema_type":"default","schema_type_options":null,"pillar_content":false,"robots_default":true,"robots_noindex":false,"robots_noarchive":false,"robots_nosnippet":false,"robots_nofollow":false,"robots_noimageindex":false,"robots_noodp":false,"robots_notranslate":false,"robots_max_snippet":null,"robots_max_videopreview":null,"robots_max_imagepreview":"large","priority":null,"frequency":null,"local_seo":null,"breadcrumb_settings":null,"limit_modified_date":false,"ai":null,"created":"2026-02-02 15:00:20","updated":"2026-02-02 15:05:54","focus_keyword":null,"additional_keywords":null,"truseo_locale":null,"seo_analyzer_scan_date":null},"aioseo_breadcrumb":"<div class=\"aioseo-breadcrumbs\"><span class=\"aioseo-breadcrumb\">\n\t\t\t<a href=\"https:\/\/www.encontrapiracicaba.com.br\/sobre\" title=\"In\u00edcio\">In\u00edcio<\/a>\n\t\t<\/span><span class=\"aioseo-breadcrumb-separator\">&raquo;<\/span><span class=\"aioseo-breadcrumb\">\n\t\t\t<a href=\"https:\/\/www.encontrapiracicaba.com.br\/sobre\/noticias-em-piracicaba\/\" title=\"Not\u00edcias Piracicaba\">Not\u00edcias Piracicaba<\/a>\n\t\t<\/span><span class=\"aioseo-breadcrumb-separator\">&raquo;<\/span><span class=\"aioseo-breadcrumb\">\n\t\t\tEduca\u00e7\u00e3o convoca novos profissionais para a rede municipal\n\t\t<\/span><\/div>","aioseo_breadcrumb_json":[{"label":"In\u00edcio","link":"https:\/\/www.encontrapiracicaba.com.br\/sobre"},{"label":"Not\u00edcias Piracicaba","link":"https:\/\/www.encontrapiracicaba.com.br\/sobre\/noticias-em-piracicaba\/"},{"label":"Educa\u00e7\u00e3o convoca novos profissionais para a rede municipal","link":"https:\/\/www.encontrapiracicaba.com.br\/sobre\/educacao-convoca-novos-profissionais-para-a-rede-municipal\/"}],"_links":{"self":[{"href":"https:\/\/www.encontrapiracicaba.com.br\/sobre\/wp-json\/wp\/v2\/posts\/4092","targetHints":{"allow":["GET"]}}],"collection":[{"href":"https:\/\/www.encontrapiracicaba.com.br\/sobre\/wp-json\/wp\/v2\/posts"}],"about":[{"href":"https:\/\/www.encontrapiracicaba.com.br\/sobre\/wp-json\/wp\/v2\/types\/post"}],"author":[{"embeddable":true,"href":"https:\/\/www.encontrapiracicaba.com.br\/sobre\/wp-json\/wp\/v2\/users\/1"}],"replies":[{"embeddable":true,"href":"https:\/\/www.encontrapiracicaba.com.br\/sobre\/wp-json\/wp\/v2\/comments?post=4092"}],"version-history":[{"count":0,"href":"https:\/\/www.encontrapiracicaba.com.br\/sobre\/wp-json\/wp\/v2\/posts\/4092\/revisions"}],"wp:featuredmedia":[{"embeddable":true,"href":"https:\/\/www.encontrapiracicaba.com.br\/sobre\/wp-json\/wp\/v2\/media\/4091"}],"wp:attachment":[{"href":"https:\/\/www.encontrapiracicaba.com.br\/sobre\/wp-json\/wp\/v2\/media?parent=4092"}],"wp:term":[{"taxonomy":"category","embeddable":true,"href":"https:\/\/www.encontrapiracicaba.com.br\/sobre\/wp-json\/wp\/v2\/categories?post=4092"},{"taxonomy":"post_tag","embeddable":true,"href":"https:\/\/www.encontrapiracicaba.com.br\/sobre\/wp-json\/wp\/v2\/tags?post=4092"}],"curies":[{"name":"wp","href":"https:\/\/api.w.org\/{rel}","templated":true}]}}