{"id":4116,"date":"2026-02-06T11:42:11","date_gmt":"2026-02-06T14:42:11","guid":{"rendered":"https:\/\/www.encontrapiracicaba.com.br\/sobre\/feira-de-touros-pro\/"},"modified":"2026-02-06T11:42:11","modified_gmt":"2026-02-06T14:42:11","slug":"feira-de-touros-pro","status":"publish","type":"post","link":"https:\/\/www.encontrapiracicaba.com.br\/sobre\/feira-de-touros-pro\/","title":{"rendered":"FEIRA DE TOUROS PR\u00d3"},"content":{"rendered":"<div class=\"85df007ed5c0c4d4b453fd13a37855e8\" data-index=\"1\" style=\"float: none; margin:0px;\">\n<!-- Anuncio display - global -->\r\n<ins class=\"adsbygoogle\"\r\n     style=\"display:block\"\r\n     data-ad-client=\"ca-pub-8585364105181520\"\r\n     data-ad-slot=\"8789329856\"\r\n     data-ad-format=\"auto\"\r\n     data-full-width-responsive=\"true\"><\/ins>\r\n<script>\r\n     (adsbygoogle = window.adsbygoogle || []).push({});\r\n<\/script>\n<\/div>\n<h2>Data e Local da Feira<\/h2>\n<p>A Feira de Touros Pr\u00f3-Gen\u00e9tica ocorrer\u00e1 de <strong>23 a 27 de fevereiro de 2026<\/strong>, com in\u00edcio \u00e0s <strong>8h00<\/strong>. O evento ser\u00e1 realizado no <strong>Coplacampo<\/strong>, localizado na <strong>Rod. do A\u00e7\u00facar SP 308, Km 157 &#8211; Taquaral\/SP<\/strong>, na cidade de Piracicaba, Estado de S\u00e3o Paulo.<\/p>\n<h2>Inscri\u00e7\u00f5es dos Touros<\/h2>\n<p>As inscri\u00e7\u00f5es para os touros devem ser realizadas junto \u00e0 <strong>ABCZ<\/strong> at\u00e9 <strong>72 horas antes<\/strong> do come\u00e7o da feira, para possibilitar a elabora\u00e7\u00e3o do cat\u00e1logo de touros. O prazo para conclus\u00e3o das inscri\u00e7\u00f5es ser\u00e1 at\u00e9 o dia <strong>20 de fevereiro de 2026, \u00e0s 8:00h<\/strong>.<\/p>\n<h2>Tipologia do Evento<\/h2>\n<p>Essa feira \u00e9 promovida como uma <strong>Feira Pr\u00f3-Gen\u00e9tica<\/strong> e ser\u00e1 realizada de forma <strong>presencial<\/strong>, tendo a chancela exclusiva do projeto Pr\u00f3-Gen\u00e9tica. Este tipo de evento visa a promo\u00e7\u00e3o e valoriza\u00e7\u00e3o da gen\u00e9tica bovina, alinhando-se com as melhores pr\u00e1ticas do setor.<\/p>\n<p><img decoding=\"async\" src=\"https:\/\/www.encontrapiracicaba.com.br\/sobre\/wp-content\/uploads\/feira-de-touros-pro.webp\" alt=\"Feira de Touros Pr\u00f3-Genetica\" loading=\"lazy\" \/><\/p>\n<h2>Requisitos para Participa\u00e7\u00e3o<\/h2>\n<p>Os touros que desejam participar da feira devem seguir uma s\u00e9rie de requisitos:<\/p>\n<ul>\n<li>Ser classificados como <strong>PO (Puro de Origem)<\/strong>;<\/li>\n<li>Ter <strong>Registro Geneal\u00f3gico Definitivo (RGD)<\/strong>, inspecionado pela ABCZ;<\/li>\n<li>Portar um <strong>exame androl\u00f3gico positivo<\/strong>;<\/li>\n<li>Ter uma idade m\u00e1xima de <strong>42 meses<\/strong>;<\/li>\n<li>Apresentar teste negativo para <strong>brucelose<\/strong> e <strong>tuberculose<\/strong>.<\/li>\n<\/ul>\n<h2>Parcerias e Apoio<\/h2>\n<p>O evento conta com a realiza\u00e7\u00e3o da <strong>ABCZ<\/strong>, <strong>Coplacana<\/strong> e <strong>CATI<\/strong>, al\u00e9m de parcerias com institui\u00e7\u00f5es governamentais como a <strong>Defesa Agropecu\u00e1ria<\/strong>, vinculada \u00e0 <strong>Secretaria de Agricultura, Abastecimento e Meio Ambiente de Piracicaba<\/strong>.<\/p>\n<h2>Benef\u00edcios da Participa\u00e7\u00e3o<\/h2>\n<p>A participa\u00e7\u00e3o na Feira de Touros Pr\u00f3-Gen\u00e9tica oferece diversas vantagens para criadores e produtores:<\/p>\n<ul>\n<li><strong>Oportunidade de Networking:<\/strong> Conectar-se com outros criadores, t\u00e9cnicos e profissionais da pecu\u00e1ria.<\/li>\n<li><strong>Acesso a Conhecimento:<\/strong> Participa\u00e7\u00e3o em eventos educativos e orienta\u00e7\u00e3o t\u00e9cnica.<\/li>\n<li><strong>Promo\u00e7\u00e3o da Gen\u00e9tica:<\/strong> Difus\u00e3o de informa\u00e7\u00f5es sobre novas t\u00e9cnicas e tend\u00eancias em melhoramento gen\u00e9tico.<\/li>\n<li><strong>Valoriza\u00e7\u00e3o do Produto:<\/strong> Aumento do visibilidade para os touros de gen\u00e9tica superior.<\/li>\n<li><strong>Possibilidade de Vendas:<\/strong> Incentivo ao com\u00e9rcio direto durante a feira.<\/li>\n<\/ul>\n<h2>Informa\u00e7\u00f5es de Contato<\/h2>\n<p>Para mais esclarecimentos sobre a Feira, os interessados podem entrar em contato:<\/p>\n<ul>\n<li><strong>Nome:<\/strong> Mauro Bueno da Fonseca<\/li>\n<li><strong>Telefone:<\/strong> (34) 9 9824-0475<\/li>\n<li><strong>Email:<\/strong> <a href=\"mailto:mauro.fonseca@abcz.org.br\">mauro.fonseca@abcz.org.br<\/a><\/li>\n<\/ul>\n<h2>Agenda do Evento<\/h2>\n<p>O evento ter\u00e1 in\u00edcio diariamente \u00e0s <strong>8h<\/strong>, contando com diversas atividades programadas, incluindo leil\u00f5es, palestras e demonstra\u00e7\u00f5es pr\u00e1ticas. \u00c9 aconselh\u00e1vel que todos os participantes estejam cientes da agenda completa, a qual ser\u00e1 divulgada no per\u00edodo que antecede a feira.<\/p>\n<h2>Import\u00e2ncia da Gen\u00e9tica<\/h2>\n<p>A valoriza\u00e7\u00e3o da gen\u00e9tica bovina \u00e9 fundamental para o progresso do setor pecu\u00e1rio no Brasil. Investir em gen\u00e9tica de qualidade resulta em rebanhos mais produtivos e saud\u00e1veis. Al\u00e9m disso, a gen\u00e9tica influenciamento direto nas caracter\u00edsticas de crescimento, adapta\u00e7\u00e3o ao clima e resist\u00eancia a doen\u00e7as, impactando assim a rentabilidade das propriedades. Essa feira \u00e9 uma excelente oportunidade para os criadores aumentarem seu conhecimento e acessarem novas variedades gen\u00e9ticas.<\/p>\n<h2>Expectativas para o Setor Pecu\u00e1rio<\/h2>\n<p>Com a realiza\u00e7\u00e3o da Feira de Touros Pr\u00f3-Gen\u00e9tica, espera-se um avan\u00e7o significativo nas pr\u00e1ticas de melhoramento gen\u00e9tico dentro do setor. A feira \u00e9 uma vitrine para as inova\u00e7\u00f5es tecnol\u00f3gicas e as melhores pr\u00e1ticas que podem ser aplicadas nas propriedades rurais, contribuindo para o fortalecimento da pecu\u00e1ria de qualidade no Brasil e potencializando a competitividade dos produtores.<\/p>\n\n<div style=\"font-size: 0px; height: 0px; line-height: 0px; margin: 0; padding: 0; clear: both;\"><\/div>","protected":false},"excerpt":{"rendered":"<p>Feira de touros Pr\u00f3-Genetica em Piracicaba\/SP traz tudo que voc\u00ea precisa saber sobre inscri\u00e7\u00f5es e eventos.<\/p>\n","protected":false},"author":1,"featured_media":4115,"comment_status":"closed","ping_status":"closed","sticky":false,"template":"","format":"standard","meta":{"footnotes":""},"categories":[6],"tags":[],"class_list":["post-4116","post","type-post","status-publish","format-standard","has-post-thumbnail","hentry","category-noticias-em-piracicaba","has_thumb"],"aioseo_notices":[],"aioseo_head":"\n\t\t<!-- All in One SEO 5.0.0.1 - aioseo.com -->\n\t<meta name=\"robots\" content=\"max-image-preview:large\" \/>\n\t<meta name=\"author\" content=\"Encontra Piracicaba\"\/>\n\t<link rel=\"canonical\" href=\"https:\/\/www.encontrapiracicaba.com.br\/sobre\/feira-de-touros-pro\/\" \/>\n\t<meta name=\"generator\" content=\"All in One SEO (AIOSEO) 5.0.0.1\" \/>\n\t\t<meta property=\"og:locale\" content=\"pt_BR\" \/>\n\t\t<meta property=\"og:site_name\" content=\"Encontra Piracicaba | Not\u00edcias, eventos, informa\u00e7\u00f5es e dicas na cidade de Piracicaba e regi\u00e3o\" \/>\n\t\t<meta property=\"og:type\" content=\"article\" \/>\n\t\t<meta property=\"og:title\" content=\"FEIRA DE TOUROS PR\u00d3 | Encontra Piracicaba\" \/>\n\t\t<meta property=\"og:url\" content=\"https:\/\/www.encontrapiracicaba.com.br\/sobre\/feira-de-touros-pro\/\" \/>\n\t\t<meta property=\"article:published_time\" content=\"2026-02-06T14:42:11+00:00\" \/>\n\t\t<meta property=\"article:modified_time\" content=\"2026-02-06T14:42:11+00:00\" \/>\n\t\t<meta name=\"twitter:card\" content=\"summary\" \/>\n\t\t<meta name=\"twitter:title\" content=\"FEIRA DE TOUROS PR\u00d3 | Encontra Piracicaba\" \/>\n\t\t<script type=\"application\/ld+json\" class=\"aioseo-schema\">\n\t\t\t{\"@context\":\"https:\\\/\\\/schema.org\",\"@graph\":[{\"@type\":\"Article\",\"@id\":\"https:\\\/\\\/www.encontrapiracicaba.com.br\\\/sobre\\\/feira-de-touros-pro\\\/#article\",\"name\":\"FEIRA DE TOUROS PR\\u00d3 | Encontra Piracicaba\",\"headline\":\"FEIRA DE TOUROS PR\\u00d3\",\"author\":{\"@id\":\"https:\\\/\\\/www.encontrapiracicaba.com.br\\\/sobre\\\/author\\\/epiracicaba\\\/#author\"},\"publisher\":{\"@id\":\"https:\\\/\\\/www.encontrapiracicaba.com.br\\\/sobre\\\/#organization\"},\"image\":{\"@type\":\"ImageObject\",\"url\":\"https:\\\/\\\/www.encontrapiracicaba.com.br\\\/sobre\\\/wp-content\\\/uploads\\\/feira-de-touros-pro.webp\",\"width\":280,\"height\":280,\"caption\":\"Feira de Touros Pr\\u00f3-Genetica\"},\"datePublished\":\"2026-02-06T11:42:11-03:00\",\"dateModified\":\"2026-02-06T11:42:11-03:00\",\"inLanguage\":\"pt-BR\",\"mainEntityOfPage\":{\"@id\":\"https:\\\/\\\/www.encontrapiracicaba.com.br\\\/sobre\\\/feira-de-touros-pro\\\/#webpage\"},\"isPartOf\":{\"@id\":\"https:\\\/\\\/www.encontrapiracicaba.com.br\\\/sobre\\\/feira-de-touros-pro\\\/#webpage\"},\"articleSection\":\"Not\\u00edcias Piracicaba\"},{\"@type\":\"BreadcrumbList\",\"@id\":\"https:\\\/\\\/www.encontrapiracicaba.com.br\\\/sobre\\\/feira-de-touros-pro\\\/#breadcrumblist\",\"itemListElement\":[{\"@type\":\"ListItem\",\"@id\":\"https:\\\/\\\/www.encontrapiracicaba.com.br\\\/sobre#listItem\",\"position\":1,\"name\":\"In\\u00edcio\",\"item\":\"https:\\\/\\\/www.encontrapiracicaba.com.br\\\/sobre\",\"nextItem\":{\"@type\":\"ListItem\",\"@id\":\"https:\\\/\\\/www.encontrapiracicaba.com.br\\\/sobre\\\/noticias-em-piracicaba\\\/#listItem\",\"name\":\"Not\\u00edcias Piracicaba\"}},{\"@type\":\"ListItem\",\"@id\":\"https:\\\/\\\/www.encontrapiracicaba.com.br\\\/sobre\\\/noticias-em-piracicaba\\\/#listItem\",\"position\":2,\"name\":\"Not\\u00edcias Piracicaba\",\"item\":\"https:\\\/\\\/www.encontrapiracicaba.com.br\\\/sobre\\\/noticias-em-piracicaba\\\/\",\"nextItem\":{\"@type\":\"ListItem\",\"@id\":\"https:\\\/\\\/www.encontrapiracicaba.com.br\\\/sobre\\\/feira-de-touros-pro\\\/#listItem\",\"name\":\"FEIRA DE TOUROS PR\\u00d3\"},\"previousItem\":{\"@type\":\"ListItem\",\"@id\":\"https:\\\/\\\/www.encontrapiracicaba.com.br\\\/sobre#listItem\",\"name\":\"In\\u00edcio\"}},{\"@type\":\"ListItem\",\"@id\":\"https:\\\/\\\/www.encontrapiracicaba.com.br\\\/sobre\\\/feira-de-touros-pro\\\/#listItem\",\"position\":3,\"name\":\"FEIRA DE TOUROS PR\\u00d3\",\"previousItem\":{\"@type\":\"ListItem\",\"@id\":\"https:\\\/\\\/www.encontrapiracicaba.com.br\\\/sobre\\\/noticias-em-piracicaba\\\/#listItem\",\"name\":\"Not\\u00edcias Piracicaba\"}}]},{\"@type\":\"Organization\",\"@id\":\"https:\\\/\\\/www.encontrapiracicaba.com.br\\\/sobre\\\/#organization\",\"name\":\"Encontra Piracicaba\",\"description\":\"Not\\u00edcias, eventos, informa\\u00e7\\u00f5es e dicas na cidade de Piracicaba e regi\\u00e3o\",\"url\":\"https:\\\/\\\/www.encontrapiracicaba.com.br\\\/sobre\\\/\"},{\"@type\":\"Person\",\"@id\":\"https:\\\/\\\/www.encontrapiracicaba.com.br\\\/sobre\\\/author\\\/epiracicaba\\\/#author\",\"url\":\"https:\\\/\\\/www.encontrapiracicaba.com.br\\\/sobre\\\/author\\\/epiracicaba\\\/\",\"name\":\"Encontra Piracicaba\",\"image\":{\"@type\":\"ImageObject\",\"@id\":\"https:\\\/\\\/www.encontrapiracicaba.com.br\\\/sobre\\\/feira-de-touros-pro\\\/#authorImage\",\"url\":\"https:\\\/\\\/secure.gravatar.com\\\/avatar\\\/507340682b8270222e1f208e23198b6ae7e2c6a1033ae84e99bc6bce4f82a387?s=96&d=mm&r=g\",\"width\":96,\"height\":96,\"caption\":\"Encontra Piracicaba\"}},{\"@type\":\"WebPage\",\"@id\":\"https:\\\/\\\/www.encontrapiracicaba.com.br\\\/sobre\\\/feira-de-touros-pro\\\/#webpage\",\"url\":\"https:\\\/\\\/www.encontrapiracicaba.com.br\\\/sobre\\\/feira-de-touros-pro\\\/\",\"name\":\"FEIRA DE TOUROS PR\\u00d3 | Encontra Piracicaba\",\"inLanguage\":\"pt-BR\",\"isPartOf\":{\"@id\":\"https:\\\/\\\/www.encontrapiracicaba.com.br\\\/sobre\\\/#website\"},\"breadcrumb\":{\"@id\":\"https:\\\/\\\/www.encontrapiracicaba.com.br\\\/sobre\\\/feira-de-touros-pro\\\/#breadcrumblist\"},\"author\":{\"@id\":\"https:\\\/\\\/www.encontrapiracicaba.com.br\\\/sobre\\\/author\\\/epiracicaba\\\/#author\"},\"creator\":{\"@id\":\"https:\\\/\\\/www.encontrapiracicaba.com.br\\\/sobre\\\/author\\\/epiracicaba\\\/#author\"},\"image\":{\"@type\":\"ImageObject\",\"url\":\"https:\\\/\\\/www.encontrapiracicaba.com.br\\\/sobre\\\/wp-content\\\/uploads\\\/feira-de-touros-pro.webp\",\"@id\":\"https:\\\/\\\/www.encontrapiracicaba.com.br\\\/sobre\\\/feira-de-touros-pro\\\/#mainImage\",\"width\":280,\"height\":280,\"caption\":\"Feira de Touros Pr\\u00f3-Genetica\"},\"primaryImageOfPage\":{\"@id\":\"https:\\\/\\\/www.encontrapiracicaba.com.br\\\/sobre\\\/feira-de-touros-pro\\\/#mainImage\"},\"datePublished\":\"2026-02-06T11:42:11-03:00\",\"dateModified\":\"2026-02-06T11:42:11-03:00\"},{\"@type\":\"WebSite\",\"@id\":\"https:\\\/\\\/www.encontrapiracicaba.com.br\\\/sobre\\\/#website\",\"url\":\"https:\\\/\\\/www.encontrapiracicaba.com.br\\\/sobre\\\/\",\"name\":\"Encontra Piracicaba\",\"description\":\"Not\\u00edcias, eventos, informa\\u00e7\\u00f5es e dicas na cidade de Piracicaba e regi\\u00e3o\",\"inLanguage\":\"pt-BR\",\"publisher\":{\"@id\":\"https:\\\/\\\/www.encontrapiracicaba.com.br\\\/sobre\\\/#organization\"}}]}\n\t\t<\/script>\n\t\t<!-- All in One SEO -->\n\n","aioseo_head_json":{"title":"FEIRA DE TOUROS PR\u00d3 | Encontra Piracicaba","description":"","canonical_url":"https:\/\/www.encontrapiracicaba.com.br\/sobre\/feira-de-touros-pro\/","robots":"max-image-preview:large","keywords":"","webmasterTools":{"miscellaneous":""},"schema":{"@context":"https:\/\/schema.org","@graph":[{"@type":"Article","@id":"https:\/\/www.encontrapiracicaba.com.br\/sobre\/feira-de-touros-pro\/#article","name":"FEIRA DE TOUROS PR\u00d3 | Encontra Piracicaba","headline":"FEIRA DE TOUROS PR\u00d3","author":{"@id":"https:\/\/www.encontrapiracicaba.com.br\/sobre\/author\/epiracicaba\/#author"},"publisher":{"@id":"https:\/\/www.encontrapiracicaba.com.br\/sobre\/#organization"},"image":{"@type":"ImageObject","url":"https:\/\/www.encontrapiracicaba.com.br\/sobre\/wp-content\/uploads\/feira-de-touros-pro.webp","width":280,"height":280,"caption":"Feira de Touros Pr\u00f3-Genetica"},"datePublished":"2026-02-06T11:42:11-03:00","dateModified":"2026-02-06T11:42:11-03:00","inLanguage":"pt-BR","mainEntityOfPage":{"@id":"https:\/\/www.encontrapiracicaba.com.br\/sobre\/feira-de-touros-pro\/#webpage"},"isPartOf":{"@id":"https:\/\/www.encontrapiracicaba.com.br\/sobre\/feira-de-touros-pro\/#webpage"},"articleSection":"Not\u00edcias Piracicaba"},{"@type":"BreadcrumbList","@id":"https:\/\/www.encontrapiracicaba.com.br\/sobre\/feira-de-touros-pro\/#breadcrumblist","itemListElement":[{"@type":"ListItem","@id":"https:\/\/www.encontrapiracicaba.com.br\/sobre#listItem","position":1,"name":"In\u00edcio","item":"https:\/\/www.encontrapiracicaba.com.br\/sobre","nextItem":{"@type":"ListItem","@id":"https:\/\/www.encontrapiracicaba.com.br\/sobre\/noticias-em-piracicaba\/#listItem","name":"Not\u00edcias Piracicaba"}},{"@type":"ListItem","@id":"https:\/\/www.encontrapiracicaba.com.br\/sobre\/noticias-em-piracicaba\/#listItem","position":2,"name":"Not\u00edcias Piracicaba","item":"https:\/\/www.encontrapiracicaba.com.br\/sobre\/noticias-em-piracicaba\/","nextItem":{"@type":"ListItem","@id":"https:\/\/www.encontrapiracicaba.com.br\/sobre\/feira-de-touros-pro\/#listItem","name":"FEIRA DE TOUROS PR\u00d3"},"previousItem":{"@type":"ListItem","@id":"https:\/\/www.encontrapiracicaba.com.br\/sobre#listItem","name":"In\u00edcio"}},{"@type":"ListItem","@id":"https:\/\/www.encontrapiracicaba.com.br\/sobre\/feira-de-touros-pro\/#listItem","position":3,"name":"FEIRA DE TOUROS PR\u00d3","previousItem":{"@type":"ListItem","@id":"https:\/\/www.encontrapiracicaba.com.br\/sobre\/noticias-em-piracicaba\/#listItem","name":"Not\u00edcias Piracicaba"}}]},{"@type":"Organization","@id":"https:\/\/www.encontrapiracicaba.com.br\/sobre\/#organization","name":"Encontra Piracicaba","description":"Not\u00edcias, eventos, informa\u00e7\u00f5es e dicas na cidade de Piracicaba e regi\u00e3o","url":"https:\/\/www.encontrapiracicaba.com.br\/sobre\/"},{"@type":"Person","@id":"https:\/\/www.encontrapiracicaba.com.br\/sobre\/author\/epiracicaba\/#author","url":"https:\/\/www.encontrapiracicaba.com.br\/sobre\/author\/epiracicaba\/","name":"Encontra Piracicaba","image":{"@type":"ImageObject","@id":"https:\/\/www.encontrapiracicaba.com.br\/sobre\/feira-de-touros-pro\/#authorImage","url":"https:\/\/secure.gravatar.com\/avatar\/507340682b8270222e1f208e23198b6ae7e2c6a1033ae84e99bc6bce4f82a387?s=96&d=mm&r=g","width":96,"height":96,"caption":"Encontra Piracicaba"}},{"@type":"WebPage","@id":"https:\/\/www.encontrapiracicaba.com.br\/sobre\/feira-de-touros-pro\/#webpage","url":"https:\/\/www.encontrapiracicaba.com.br\/sobre\/feira-de-touros-pro\/","name":"FEIRA DE TOUROS PR\u00d3 | Encontra Piracicaba","inLanguage":"pt-BR","isPartOf":{"@id":"https:\/\/www.encontrapiracicaba.com.br\/sobre\/#website"},"breadcrumb":{"@id":"https:\/\/www.encontrapiracicaba.com.br\/sobre\/feira-de-touros-pro\/#breadcrumblist"},"author":{"@id":"https:\/\/www.encontrapiracicaba.com.br\/sobre\/author\/epiracicaba\/#author"},"creator":{"@id":"https:\/\/www.encontrapiracicaba.com.br\/sobre\/author\/epiracicaba\/#author"},"image":{"@type":"ImageObject","url":"https:\/\/www.encontrapiracicaba.com.br\/sobre\/wp-content\/uploads\/feira-de-touros-pro.webp","@id":"https:\/\/www.encontrapiracicaba.com.br\/sobre\/feira-de-touros-pro\/#mainImage","width":280,"height":280,"caption":"Feira de Touros Pr\u00f3-Genetica"},"primaryImageOfPage":{"@id":"https:\/\/www.encontrapiracicaba.com.br\/sobre\/feira-de-touros-pro\/#mainImage"},"datePublished":"2026-02-06T11:42:11-03:00","dateModified":"2026-02-06T11:42:11-03:00"},{"@type":"WebSite","@id":"https:\/\/www.encontrapiracicaba.com.br\/sobre\/#website","url":"https:\/\/www.encontrapiracicaba.com.br\/sobre\/","name":"Encontra Piracicaba","description":"Not\u00edcias, eventos, informa\u00e7\u00f5es e dicas na cidade de Piracicaba e regi\u00e3o","inLanguage":"pt-BR","publisher":{"@id":"https:\/\/www.encontrapiracicaba.com.br\/sobre\/#organization"}}]},"og:locale":"pt_BR","og:site_name":"Encontra Piracicaba | Not\u00edcias, eventos, informa\u00e7\u00f5es e dicas na cidade de Piracicaba e regi\u00e3o","og:type":"article","og:title":"FEIRA DE TOUROS PR\u00d3 | Encontra Piracicaba","og:url":"https:\/\/www.encontrapiracicaba.com.br\/sobre\/feira-de-touros-pro\/","article:published_time":"2026-02-06T14:42:11+00:00","article:modified_time":"2026-02-06T14:42:11+00:00","twitter:card":"summary","twitter:title":"FEIRA DE TOUROS PR\u00d3 | Encontra Piracicaba"},"aioseo_meta_data":{"post_id":"4116","title":null,"description":null,"keywords":null,"keyphrases":null,"primary_term":null,"canonical_url":null,"og_title":null,"og_description":null,"og_object_type":"default","og_image_type":"default","og_image_url":null,"og_image_width":null,"og_image_height":null,"og_image_custom_url":null,"og_image_custom_fields":null,"og_video":null,"og_custom_url":null,"og_article_section":null,"og_article_tags":null,"twitter_use_og":false,"twitter_card":"default","twitter_image_type":"default","twitter_image_url":null,"twitter_image_custom_url":null,"twitter_image_custom_fields":null,"twitter_title":null,"twitter_description":null,"schema":{"blockGraphs":[],"customGraphs":[],"default":{"data":{"Article":[],"Course":[],"Dataset":[],"FAQPage":[],"Movie":[],"Person":[],"Product":[],"ProductReview":[],"Car":[],"Recipe":[],"Service":[],"SoftwareApplication":[],"WebPage":[]},"graphName":"Article","isEnabled":true},"graphs":[]},"schema_type":"default","schema_type_options":null,"pillar_content":false,"robots_default":true,"robots_noindex":false,"robots_noarchive":false,"robots_nosnippet":false,"robots_nofollow":false,"robots_noimageindex":false,"robots_noodp":false,"robots_notranslate":false,"robots_max_snippet":null,"robots_max_videopreview":null,"robots_max_imagepreview":"large","priority":null,"frequency":null,"local_seo":null,"breadcrumb_settings":null,"limit_modified_date":false,"ai":null,"created":"2026-02-06 14:42:17","updated":"2026-02-06 14:45:57","focus_keyword":null,"additional_keywords":null,"truseo_locale":null,"seo_analyzer_scan_date":null},"aioseo_breadcrumb":"<div class=\"aioseo-breadcrumbs\"><span class=\"aioseo-breadcrumb\">\n\t\t\t<a href=\"https:\/\/www.encontrapiracicaba.com.br\/sobre\" title=\"In\u00edcio\">In\u00edcio<\/a>\n\t\t<\/span><span class=\"aioseo-breadcrumb-separator\">&raquo;<\/span><span class=\"aioseo-breadcrumb\">\n\t\t\t<a href=\"https:\/\/www.encontrapiracicaba.com.br\/sobre\/noticias-em-piracicaba\/\" title=\"Not\u00edcias Piracicaba\">Not\u00edcias Piracicaba<\/a>\n\t\t<\/span><span class=\"aioseo-breadcrumb-separator\">&raquo;<\/span><span class=\"aioseo-breadcrumb\">\n\t\t\tFEIRA DE TOUROS PR\u00d3\n\t\t<\/span><\/div>","aioseo_breadcrumb_json":[{"label":"In\u00edcio","link":"https:\/\/www.encontrapiracicaba.com.br\/sobre"},{"label":"Not\u00edcias Piracicaba","link":"https:\/\/www.encontrapiracicaba.com.br\/sobre\/noticias-em-piracicaba\/"},{"label":"FEIRA DE TOUROS PR\u00d3","link":"https:\/\/www.encontrapiracicaba.com.br\/sobre\/feira-de-touros-pro\/"}],"_links":{"self":[{"href":"https:\/\/www.encontrapiracicaba.com.br\/sobre\/wp-json\/wp\/v2\/posts\/4116","targetHints":{"allow":["GET"]}}],"collection":[{"href":"https:\/\/www.encontrapiracicaba.com.br\/sobre\/wp-json\/wp\/v2\/posts"}],"about":[{"href":"https:\/\/www.encontrapiracicaba.com.br\/sobre\/wp-json\/wp\/v2\/types\/post"}],"author":[{"embeddable":true,"href":"https:\/\/www.encontrapiracicaba.com.br\/sobre\/wp-json\/wp\/v2\/users\/1"}],"replies":[{"embeddable":true,"href":"https:\/\/www.encontrapiracicaba.com.br\/sobre\/wp-json\/wp\/v2\/comments?post=4116"}],"version-history":[{"count":0,"href":"https:\/\/www.encontrapiracicaba.com.br\/sobre\/wp-json\/wp\/v2\/posts\/4116\/revisions"}],"wp:featuredmedia":[{"embeddable":true,"href":"https:\/\/www.encontrapiracicaba.com.br\/sobre\/wp-json\/wp\/v2\/media\/4115"}],"wp:attachment":[{"href":"https:\/\/www.encontrapiracicaba.com.br\/sobre\/wp-json\/wp\/v2\/media?parent=4116"}],"wp:term":[{"taxonomy":"category","embeddable":true,"href":"https:\/\/www.encontrapiracicaba.com.br\/sobre\/wp-json\/wp\/v2\/categories?post=4116"},{"taxonomy":"post_tag","embeddable":true,"href":"https:\/\/www.encontrapiracicaba.com.br\/sobre\/wp-json\/wp\/v2\/tags?post=4116"}],"curies":[{"name":"wp","href":"https:\/\/api.w.org\/{rel}","templated":true}]}}