{"id":4126,"date":"2026-02-08T11:58:14","date_gmt":"2026-02-08T14:58:14","guid":{"rendered":"https:\/\/www.encontrapiracicaba.com.br\/sobre\/vereador-reune\/"},"modified":"2026-02-08T11:58:14","modified_gmt":"2026-02-08T14:58:14","slug":"vereador-reune","status":"publish","type":"post","link":"https:\/\/www.encontrapiracicaba.com.br\/sobre\/vereador-reune\/","title":{"rendered":"Vereador re\u00fane"},"content":{"rendered":"<div class=\"85df007ed5c0c4d4b453fd13a37855e8\" data-index=\"1\" style=\"float: none; margin:0px;\">\n<!-- Anuncio display - global -->\r\n<ins class=\"adsbygoogle\"\r\n     style=\"display:block\"\r\n     data-ad-client=\"ca-pub-8585364105181520\"\r\n     data-ad-slot=\"8789329856\"\r\n     data-ad-format=\"auto\"\r\n     data-full-width-responsive=\"true\"><\/ins>\r\n<script>\r\n     (adsbygoogle = window.adsbygoogle || []).push({});\r\n<\/script>\n<\/div>\n<h2>Objetivos do Encontro<\/h2>\n<p>No dia 19 de janeiro de 2026, o vereador Gustavo Pompeo (Avante) visitou a Secretaria Municipal de Meio Ambiente, onde se encontrou com o novo secret\u00e1rio-executivo, Gustavo Bortoleto Martins. O principal objetivo da reuni\u00e3o foi discutir as prioridades e projetos que necessitam de aten\u00e7\u00e3o na \u00e1rea ambiental, al\u00e9m de estabelecer um canal de comunica\u00e7\u00e3o efetivo entre o Legislativo e a Secretaria.<\/p>\n<h2>Perfil do Novo Secret\u00e1rio-executivo<\/h2>\n<p>Gustavo Bortoleto Martins, rec\u00e9m-nomeado para a posi\u00e7\u00e3o, traz consigo uma experi\u00eancia significativa em quest\u00f5es ambientais e j\u00e1 \u00e9 conhecido por seu envolvimento em v\u00e1rias iniciativas voltadas \u00e0 prote\u00e7\u00e3o e valoriza\u00e7\u00e3o do meio ambiente. Sua abordagem pragm\u00e1tica e seu conhecimento t\u00e9cnico na \u00e1rea s\u00e3o considerados fundamentais para avan\u00e7ar nas pol\u00edticas ambientais do munic\u00edpio.<\/p>\n<h2>Projetos em Andamento na Secretaria<\/h2>\n<p>Durante a reuni\u00e3o, Pompeo teve a oportunidade de apresentar diversos projetos que est\u00e3o em andamento na Secretaria. Esses projetos visam n\u00e3o apenas a conserva\u00e7\u00e3o ambiental, mas tamb\u00e9m a promo\u00e7\u00e3o de um desenvolvimento urbano sustent\u00e1vel, que respeite as necessidades da popula\u00e7\u00e3o atual e futuramente. O vereador enfatizou a import\u00e2ncia de articular estrat\u00e9gias que beneficiem tanto o meio ambiente quanto a qualidade de vida do cidad\u00e3o.<\/p>\n<p><img decoding=\"async\" src=\"https:\/\/www.encontrapiracicaba.com.br\/sobre\/wp-content\/uploads\/vereador-reune.webp\" alt=\"Vereador re\u00fane-se com novo secret\u00e1rio-executivo de Meio Ambiente\" loading=\"lazy\" \/><\/p>\n<h2>Demandas da Regi\u00e3o Norte<\/h2>\n<p>Uma parte importante do encontro foi a discuss\u00e3o das demandas espec\u00edficas da regi\u00e3o norte da cidade. O vereador apresentou quest\u00f5es locais que requerem aten\u00e7\u00e3o, como a coleta de lixo, o tratamento de res\u00edduos e a revitaliza\u00e7\u00e3o de \u00e1reas verdes. Essas demandas s\u00e3o cruciais para melhorar a infraestrutura e a est\u00e9tica urbana, al\u00e9m de oferecer um ambiente mais saud\u00e1vel aos moradores.<\/p>\n<h2>Iniciativas Planejadas<\/h2>\n<p>O novo secret\u00e1rio-executivo compartilhou algumas das iniciativas que est\u00e3o sendo planejadas para os pr\u00f3ximos meses. Entre elas, destacou programas de educa\u00e7\u00e3o ambiental e campanhas de sensibiliza\u00e7\u00e3o sobre a import\u00e2ncia do cuidado com o meio ambiente. O intuito \u00e9 engajar a popula\u00e7\u00e3o em a\u00e7\u00f5es que promovam a preserva\u00e7\u00e3o e o uso consciente dos recursos naturais.<\/p>\n<h2>Colabora\u00e7\u00e3o Legislativa<\/h2>\n<p>A reuni\u00e3o tamb\u00e9m foi uma oportunidade para explorar formas de colabora\u00e7\u00e3o entre a C\u00e2mara Municipal e a Secretaria de Meio Ambiente. Gustavo Pompeo mencionou a import\u00e2ncia de criar um alinhamento entre os projetos do Legislativo e as diretrizes da Secretaria, para que ambos os poderes possam trabalhar juntos em prol de um crescimento urbano mais organizado e sustent\u00e1vel.<\/p>\n<h2>Compromisso com a Sustentabilidade<\/h2>\n<p>Pompeo reafirmou seu compromisso em buscar solu\u00e7\u00f5es conjuntas que atendam \u00e0s necessidades ambientais, com foco na sustentabilidade. As discuss\u00f5es abordaram a implementa\u00e7\u00e3o de pr\u00e1ticas que promovem a harmonia entre o desenvolvimento urbano e a natureza, incluindo a import\u00e2ncia de preservar as \u00e1reas verdes da cidade.<\/p>\n<h2>Qualidade de Vida na Cidade<\/h2>\n<p>A qualidade de vida da popula\u00e7\u00e3o est\u00e1 diretamente ligada a uma gest\u00e3o ambiental efetiva. Durante o encontro, foi ressaltado que as a\u00e7\u00f5es da Secretaria de Meio Ambiente n\u00e3o devem apenas se restringir \u00e0 conserva\u00e7\u00e3o, mas tamb\u00e9m devem considerar a promo\u00e7\u00e3o de espa\u00e7os p\u00fablicos agrad\u00e1veis e saud\u00e1veis para todos. Pol\u00edticas que incentivem atividades ao ar livre e a intera\u00e7\u00e3o com a natureza s\u00e3o essenciais nesse contexto.<\/p>\n<h2>Impacto das Decis\u00f5es Ambientais<\/h2>\n<p>As decis\u00f5es que envolvem o meio ambiente v\u00e3o al\u00e9m da esfera local, impactando diretamente a sa\u00fade e bem-estar da popula\u00e7\u00e3o. O vereador destacou a import\u00e2ncia de levar em conta as evid\u00eancias cient\u00edficas na formula\u00e7\u00e3o de pol\u00edticas p\u00fablicas, enfatizando o papel da educa\u00e7\u00e3o e sensibiliza\u00e7\u00e3o da popula\u00e7\u00e3o para que mudan\u00e7as positivas possam ser efetivadas de maneira sustent\u00e1vel.<\/p>\n<h2>Perspectivas Futuras para Meio Ambiente<\/h2>\n<p>O encontro entre o vereador e o novo secret\u00e1rio-executivo \u00e9 vista como um passo positivo em dire\u00e7\u00e3o \u00e0 implementa\u00e7\u00e3o de a\u00e7\u00f5es eficazes para o bem do meio ambiente em Piracicaba. As perspectivas futuras incluem a continuidade da colabora\u00e7\u00e3o entre a C\u00e2mara e a Secretaria, visando sempre a realiza\u00e7\u00e3o de um trabalho que priorize a sustentabilidade, o cuidado com as \u00e1reas verdes e a educa\u00e7\u00e3o ambiental, essenciais para o pleno desenvolvimento do munic\u00edpio.<\/p>\n\n<div style=\"font-size: 0px; height: 0px; line-height: 0px; margin: 0; padding: 0; clear: both;\"><\/div>","protected":false},"excerpt":{"rendered":"<p>Vereador se re\u00fane com novo secret\u00e1rio de Meio Ambiente e discute projetos.<\/p>\n","protected":false},"author":1,"featured_media":4125,"comment_status":"closed","ping_status":"closed","sticky":false,"template":"","format":"standard","meta":{"footnotes":""},"categories":[6],"tags":[],"class_list":["post-4126","post","type-post","status-publish","format-standard","has-post-thumbnail","hentry","category-noticias-em-piracicaba","has_thumb"],"aioseo_notices":[],"aioseo_head":"\n\t\t<!-- All in One SEO 5.0.0.1 - aioseo.com -->\n\t<meta name=\"robots\" content=\"max-image-preview:large\" \/>\n\t<meta name=\"author\" content=\"Encontra Piracicaba\"\/>\n\t<link rel=\"canonical\" href=\"https:\/\/www.encontrapiracicaba.com.br\/sobre\/vereador-reune\/\" \/>\n\t<meta name=\"generator\" content=\"All in One SEO (AIOSEO) 5.0.0.1\" \/>\n\t\t<meta property=\"og:locale\" content=\"pt_BR\" \/>\n\t\t<meta property=\"og:site_name\" content=\"Encontra Piracicaba | Not\u00edcias, eventos, informa\u00e7\u00f5es e dicas na cidade de Piracicaba e regi\u00e3o\" \/>\n\t\t<meta property=\"og:type\" content=\"article\" \/>\n\t\t<meta property=\"og:title\" content=\"Vereador re\u00fane | Encontra Piracicaba\" \/>\n\t\t<meta property=\"og:url\" content=\"https:\/\/www.encontrapiracicaba.com.br\/sobre\/vereador-reune\/\" \/>\n\t\t<meta property=\"article:published_time\" content=\"2026-02-08T14:58:14+00:00\" \/>\n\t\t<meta property=\"article:modified_time\" content=\"2026-02-08T14:58:14+00:00\" \/>\n\t\t<meta name=\"twitter:card\" content=\"summary\" \/>\n\t\t<meta name=\"twitter:title\" content=\"Vereador re\u00fane | Encontra Piracicaba\" \/>\n\t\t<script type=\"application\/ld+json\" class=\"aioseo-schema\">\n\t\t\t{\"@context\":\"https:\\\/\\\/schema.org\",\"@graph\":[{\"@type\":\"Article\",\"@id\":\"https:\\\/\\\/www.encontrapiracicaba.com.br\\\/sobre\\\/vereador-reune\\\/#article\",\"name\":\"Vereador re\\u00fane | Encontra Piracicaba\",\"headline\":\"Vereador re\\u00fane\",\"author\":{\"@id\":\"https:\\\/\\\/www.encontrapiracicaba.com.br\\\/sobre\\\/author\\\/epiracicaba\\\/#author\"},\"publisher\":{\"@id\":\"https:\\\/\\\/www.encontrapiracicaba.com.br\\\/sobre\\\/#organization\"},\"image\":{\"@type\":\"ImageObject\",\"url\":\"https:\\\/\\\/www.encontrapiracicaba.com.br\\\/sobre\\\/wp-content\\\/uploads\\\/vereador-reune.webp\",\"width\":280,\"height\":280,\"caption\":\"Vereador re\\u00fane-se com novo secret\\u00e1rio-executivo de Meio Ambiente\"},\"datePublished\":\"2026-02-08T11:58:14-03:00\",\"dateModified\":\"2026-02-08T11:58:14-03:00\",\"inLanguage\":\"pt-BR\",\"mainEntityOfPage\":{\"@id\":\"https:\\\/\\\/www.encontrapiracicaba.com.br\\\/sobre\\\/vereador-reune\\\/#webpage\"},\"isPartOf\":{\"@id\":\"https:\\\/\\\/www.encontrapiracicaba.com.br\\\/sobre\\\/vereador-reune\\\/#webpage\"},\"articleSection\":\"Not\\u00edcias Piracicaba\"},{\"@type\":\"BreadcrumbList\",\"@id\":\"https:\\\/\\\/www.encontrapiracicaba.com.br\\\/sobre\\\/vereador-reune\\\/#breadcrumblist\",\"itemListElement\":[{\"@type\":\"ListItem\",\"@id\":\"https:\\\/\\\/www.encontrapiracicaba.com.br\\\/sobre#listItem\",\"position\":1,\"name\":\"In\\u00edcio\",\"item\":\"https:\\\/\\\/www.encontrapiracicaba.com.br\\\/sobre\",\"nextItem\":{\"@type\":\"ListItem\",\"@id\":\"https:\\\/\\\/www.encontrapiracicaba.com.br\\\/sobre\\\/noticias-em-piracicaba\\\/#listItem\",\"name\":\"Not\\u00edcias Piracicaba\"}},{\"@type\":\"ListItem\",\"@id\":\"https:\\\/\\\/www.encontrapiracicaba.com.br\\\/sobre\\\/noticias-em-piracicaba\\\/#listItem\",\"position\":2,\"name\":\"Not\\u00edcias Piracicaba\",\"item\":\"https:\\\/\\\/www.encontrapiracicaba.com.br\\\/sobre\\\/noticias-em-piracicaba\\\/\",\"nextItem\":{\"@type\":\"ListItem\",\"@id\":\"https:\\\/\\\/www.encontrapiracicaba.com.br\\\/sobre\\\/vereador-reune\\\/#listItem\",\"name\":\"Vereador re\\u00fane\"},\"previousItem\":{\"@type\":\"ListItem\",\"@id\":\"https:\\\/\\\/www.encontrapiracicaba.com.br\\\/sobre#listItem\",\"name\":\"In\\u00edcio\"}},{\"@type\":\"ListItem\",\"@id\":\"https:\\\/\\\/www.encontrapiracicaba.com.br\\\/sobre\\\/vereador-reune\\\/#listItem\",\"position\":3,\"name\":\"Vereador re\\u00fane\",\"previousItem\":{\"@type\":\"ListItem\",\"@id\":\"https:\\\/\\\/www.encontrapiracicaba.com.br\\\/sobre\\\/noticias-em-piracicaba\\\/#listItem\",\"name\":\"Not\\u00edcias Piracicaba\"}}]},{\"@type\":\"Organization\",\"@id\":\"https:\\\/\\\/www.encontrapiracicaba.com.br\\\/sobre\\\/#organization\",\"name\":\"Encontra Piracicaba\",\"description\":\"Not\\u00edcias, eventos, informa\\u00e7\\u00f5es e dicas na cidade de Piracicaba e regi\\u00e3o\",\"url\":\"https:\\\/\\\/www.encontrapiracicaba.com.br\\\/sobre\\\/\"},{\"@type\":\"Person\",\"@id\":\"https:\\\/\\\/www.encontrapiracicaba.com.br\\\/sobre\\\/author\\\/epiracicaba\\\/#author\",\"url\":\"https:\\\/\\\/www.encontrapiracicaba.com.br\\\/sobre\\\/author\\\/epiracicaba\\\/\",\"name\":\"Encontra Piracicaba\",\"image\":{\"@type\":\"ImageObject\",\"@id\":\"https:\\\/\\\/www.encontrapiracicaba.com.br\\\/sobre\\\/vereador-reune\\\/#authorImage\",\"url\":\"https:\\\/\\\/secure.gravatar.com\\\/avatar\\\/507340682b8270222e1f208e23198b6ae7e2c6a1033ae84e99bc6bce4f82a387?s=96&d=mm&r=g\",\"width\":96,\"height\":96,\"caption\":\"Encontra Piracicaba\"}},{\"@type\":\"WebPage\",\"@id\":\"https:\\\/\\\/www.encontrapiracicaba.com.br\\\/sobre\\\/vereador-reune\\\/#webpage\",\"url\":\"https:\\\/\\\/www.encontrapiracicaba.com.br\\\/sobre\\\/vereador-reune\\\/\",\"name\":\"Vereador re\\u00fane | Encontra Piracicaba\",\"inLanguage\":\"pt-BR\",\"isPartOf\":{\"@id\":\"https:\\\/\\\/www.encontrapiracicaba.com.br\\\/sobre\\\/#website\"},\"breadcrumb\":{\"@id\":\"https:\\\/\\\/www.encontrapiracicaba.com.br\\\/sobre\\\/vereador-reune\\\/#breadcrumblist\"},\"author\":{\"@id\":\"https:\\\/\\\/www.encontrapiracicaba.com.br\\\/sobre\\\/author\\\/epiracicaba\\\/#author\"},\"creator\":{\"@id\":\"https:\\\/\\\/www.encontrapiracicaba.com.br\\\/sobre\\\/author\\\/epiracicaba\\\/#author\"},\"image\":{\"@type\":\"ImageObject\",\"url\":\"https:\\\/\\\/www.encontrapiracicaba.com.br\\\/sobre\\\/wp-content\\\/uploads\\\/vereador-reune.webp\",\"@id\":\"https:\\\/\\\/www.encontrapiracicaba.com.br\\\/sobre\\\/vereador-reune\\\/#mainImage\",\"width\":280,\"height\":280,\"caption\":\"Vereador re\\u00fane-se com novo secret\\u00e1rio-executivo de Meio Ambiente\"},\"primaryImageOfPage\":{\"@id\":\"https:\\\/\\\/www.encontrapiracicaba.com.br\\\/sobre\\\/vereador-reune\\\/#mainImage\"},\"datePublished\":\"2026-02-08T11:58:14-03:00\",\"dateModified\":\"2026-02-08T11:58:14-03:00\"},{\"@type\":\"WebSite\",\"@id\":\"https:\\\/\\\/www.encontrapiracicaba.com.br\\\/sobre\\\/#website\",\"url\":\"https:\\\/\\\/www.encontrapiracicaba.com.br\\\/sobre\\\/\",\"name\":\"Encontra Piracicaba\",\"description\":\"Not\\u00edcias, eventos, informa\\u00e7\\u00f5es e dicas na cidade de Piracicaba e regi\\u00e3o\",\"inLanguage\":\"pt-BR\",\"publisher\":{\"@id\":\"https:\\\/\\\/www.encontrapiracicaba.com.br\\\/sobre\\\/#organization\"}}]}\n\t\t<\/script>\n\t\t<!-- All in One SEO -->\n\n","aioseo_head_json":{"title":"Vereador re\u00fane | Encontra Piracicaba","description":"","canonical_url":"https:\/\/www.encontrapiracicaba.com.br\/sobre\/vereador-reune\/","robots":"max-image-preview:large","keywords":"","webmasterTools":{"miscellaneous":""},"schema":{"@context":"https:\/\/schema.org","@graph":[{"@type":"Article","@id":"https:\/\/www.encontrapiracicaba.com.br\/sobre\/vereador-reune\/#article","name":"Vereador re\u00fane | Encontra Piracicaba","headline":"Vereador re\u00fane","author":{"@id":"https:\/\/www.encontrapiracicaba.com.br\/sobre\/author\/epiracicaba\/#author"},"publisher":{"@id":"https:\/\/www.encontrapiracicaba.com.br\/sobre\/#organization"},"image":{"@type":"ImageObject","url":"https:\/\/www.encontrapiracicaba.com.br\/sobre\/wp-content\/uploads\/vereador-reune.webp","width":280,"height":280,"caption":"Vereador re\u00fane-se com novo secret\u00e1rio-executivo de Meio Ambiente"},"datePublished":"2026-02-08T11:58:14-03:00","dateModified":"2026-02-08T11:58:14-03:00","inLanguage":"pt-BR","mainEntityOfPage":{"@id":"https:\/\/www.encontrapiracicaba.com.br\/sobre\/vereador-reune\/#webpage"},"isPartOf":{"@id":"https:\/\/www.encontrapiracicaba.com.br\/sobre\/vereador-reune\/#webpage"},"articleSection":"Not\u00edcias Piracicaba"},{"@type":"BreadcrumbList","@id":"https:\/\/www.encontrapiracicaba.com.br\/sobre\/vereador-reune\/#breadcrumblist","itemListElement":[{"@type":"ListItem","@id":"https:\/\/www.encontrapiracicaba.com.br\/sobre#listItem","position":1,"name":"In\u00edcio","item":"https:\/\/www.encontrapiracicaba.com.br\/sobre","nextItem":{"@type":"ListItem","@id":"https:\/\/www.encontrapiracicaba.com.br\/sobre\/noticias-em-piracicaba\/#listItem","name":"Not\u00edcias Piracicaba"}},{"@type":"ListItem","@id":"https:\/\/www.encontrapiracicaba.com.br\/sobre\/noticias-em-piracicaba\/#listItem","position":2,"name":"Not\u00edcias Piracicaba","item":"https:\/\/www.encontrapiracicaba.com.br\/sobre\/noticias-em-piracicaba\/","nextItem":{"@type":"ListItem","@id":"https:\/\/www.encontrapiracicaba.com.br\/sobre\/vereador-reune\/#listItem","name":"Vereador re\u00fane"},"previousItem":{"@type":"ListItem","@id":"https:\/\/www.encontrapiracicaba.com.br\/sobre#listItem","name":"In\u00edcio"}},{"@type":"ListItem","@id":"https:\/\/www.encontrapiracicaba.com.br\/sobre\/vereador-reune\/#listItem","position":3,"name":"Vereador re\u00fane","previousItem":{"@type":"ListItem","@id":"https:\/\/www.encontrapiracicaba.com.br\/sobre\/noticias-em-piracicaba\/#listItem","name":"Not\u00edcias Piracicaba"}}]},{"@type":"Organization","@id":"https:\/\/www.encontrapiracicaba.com.br\/sobre\/#organization","name":"Encontra Piracicaba","description":"Not\u00edcias, eventos, informa\u00e7\u00f5es e dicas na cidade de Piracicaba e regi\u00e3o","url":"https:\/\/www.encontrapiracicaba.com.br\/sobre\/"},{"@type":"Person","@id":"https:\/\/www.encontrapiracicaba.com.br\/sobre\/author\/epiracicaba\/#author","url":"https:\/\/www.encontrapiracicaba.com.br\/sobre\/author\/epiracicaba\/","name":"Encontra Piracicaba","image":{"@type":"ImageObject","@id":"https:\/\/www.encontrapiracicaba.com.br\/sobre\/vereador-reune\/#authorImage","url":"https:\/\/secure.gravatar.com\/avatar\/507340682b8270222e1f208e23198b6ae7e2c6a1033ae84e99bc6bce4f82a387?s=96&d=mm&r=g","width":96,"height":96,"caption":"Encontra Piracicaba"}},{"@type":"WebPage","@id":"https:\/\/www.encontrapiracicaba.com.br\/sobre\/vereador-reune\/#webpage","url":"https:\/\/www.encontrapiracicaba.com.br\/sobre\/vereador-reune\/","name":"Vereador re\u00fane | Encontra Piracicaba","inLanguage":"pt-BR","isPartOf":{"@id":"https:\/\/www.encontrapiracicaba.com.br\/sobre\/#website"},"breadcrumb":{"@id":"https:\/\/www.encontrapiracicaba.com.br\/sobre\/vereador-reune\/#breadcrumblist"},"author":{"@id":"https:\/\/www.encontrapiracicaba.com.br\/sobre\/author\/epiracicaba\/#author"},"creator":{"@id":"https:\/\/www.encontrapiracicaba.com.br\/sobre\/author\/epiracicaba\/#author"},"image":{"@type":"ImageObject","url":"https:\/\/www.encontrapiracicaba.com.br\/sobre\/wp-content\/uploads\/vereador-reune.webp","@id":"https:\/\/www.encontrapiracicaba.com.br\/sobre\/vereador-reune\/#mainImage","width":280,"height":280,"caption":"Vereador re\u00fane-se com novo secret\u00e1rio-executivo de Meio Ambiente"},"primaryImageOfPage":{"@id":"https:\/\/www.encontrapiracicaba.com.br\/sobre\/vereador-reune\/#mainImage"},"datePublished":"2026-02-08T11:58:14-03:00","dateModified":"2026-02-08T11:58:14-03:00"},{"@type":"WebSite","@id":"https:\/\/www.encontrapiracicaba.com.br\/sobre\/#website","url":"https:\/\/www.encontrapiracicaba.com.br\/sobre\/","name":"Encontra Piracicaba","description":"Not\u00edcias, eventos, informa\u00e7\u00f5es e dicas na cidade de Piracicaba e regi\u00e3o","inLanguage":"pt-BR","publisher":{"@id":"https:\/\/www.encontrapiracicaba.com.br\/sobre\/#organization"}}]},"og:locale":"pt_BR","og:site_name":"Encontra Piracicaba | Not\u00edcias, eventos, informa\u00e7\u00f5es e dicas na cidade de Piracicaba e regi\u00e3o","og:type":"article","og:title":"Vereador re\u00fane | Encontra Piracicaba","og:url":"https:\/\/www.encontrapiracicaba.com.br\/sobre\/vereador-reune\/","article:published_time":"2026-02-08T14:58:14+00:00","article:modified_time":"2026-02-08T14:58:14+00:00","twitter:card":"summary","twitter:title":"Vereador re\u00fane | Encontra Piracicaba"},"aioseo_meta_data":{"post_id":"4126","title":null,"description":null,"keywords":null,"keyphrases":null,"primary_term":null,"canonical_url":null,"og_title":null,"og_description":null,"og_object_type":"default","og_image_type":"default","og_image_url":null,"og_image_width":null,"og_image_height":null,"og_image_custom_url":null,"og_image_custom_fields":null,"og_video":null,"og_custom_url":null,"og_article_section":null,"og_article_tags":null,"twitter_use_og":false,"twitter_card":"default","twitter_image_type":"default","twitter_image_url":null,"twitter_image_custom_url":null,"twitter_image_custom_fields":null,"twitter_title":null,"twitter_description":null,"schema":{"blockGraphs":[],"customGraphs":[],"default":{"data":{"Article":[],"Course":[],"Dataset":[],"FAQPage":[],"Movie":[],"Person":[],"Product":[],"ProductReview":[],"Car":[],"Recipe":[],"Service":[],"SoftwareApplication":[],"WebPage":[]},"graphName":"Article","isEnabled":true},"graphs":[]},"schema_type":"default","schema_type_options":null,"pillar_content":false,"robots_default":true,"robots_noindex":false,"robots_noarchive":false,"robots_nosnippet":false,"robots_nofollow":false,"robots_noimageindex":false,"robots_noodp":false,"robots_notranslate":false,"robots_max_snippet":null,"robots_max_videopreview":null,"robots_max_imagepreview":"large","priority":null,"frequency":null,"local_seo":null,"breadcrumb_settings":null,"limit_modified_date":false,"ai":null,"created":"2026-02-08 14:58:20","updated":"2026-02-08 14:59:34","focus_keyword":null,"additional_keywords":null,"truseo_locale":null,"seo_analyzer_scan_date":null},"aioseo_breadcrumb":"<div class=\"aioseo-breadcrumbs\"><span class=\"aioseo-breadcrumb\">\n\t\t\t<a href=\"https:\/\/www.encontrapiracicaba.com.br\/sobre\" title=\"In\u00edcio\">In\u00edcio<\/a>\n\t\t<\/span><span class=\"aioseo-breadcrumb-separator\">&raquo;<\/span><span class=\"aioseo-breadcrumb\">\n\t\t\t<a href=\"https:\/\/www.encontrapiracicaba.com.br\/sobre\/noticias-em-piracicaba\/\" title=\"Not\u00edcias Piracicaba\">Not\u00edcias Piracicaba<\/a>\n\t\t<\/span><span class=\"aioseo-breadcrumb-separator\">&raquo;<\/span><span class=\"aioseo-breadcrumb\">\n\t\t\tVereador re\u00fane\n\t\t<\/span><\/div>","aioseo_breadcrumb_json":[{"label":"In\u00edcio","link":"https:\/\/www.encontrapiracicaba.com.br\/sobre"},{"label":"Not\u00edcias Piracicaba","link":"https:\/\/www.encontrapiracicaba.com.br\/sobre\/noticias-em-piracicaba\/"},{"label":"Vereador re\u00fane","link":"https:\/\/www.encontrapiracicaba.com.br\/sobre\/vereador-reune\/"}],"_links":{"self":[{"href":"https:\/\/www.encontrapiracicaba.com.br\/sobre\/wp-json\/wp\/v2\/posts\/4126","targetHints":{"allow":["GET"]}}],"collection":[{"href":"https:\/\/www.encontrapiracicaba.com.br\/sobre\/wp-json\/wp\/v2\/posts"}],"about":[{"href":"https:\/\/www.encontrapiracicaba.com.br\/sobre\/wp-json\/wp\/v2\/types\/post"}],"author":[{"embeddable":true,"href":"https:\/\/www.encontrapiracicaba.com.br\/sobre\/wp-json\/wp\/v2\/users\/1"}],"replies":[{"embeddable":true,"href":"https:\/\/www.encontrapiracicaba.com.br\/sobre\/wp-json\/wp\/v2\/comments?post=4126"}],"version-history":[{"count":0,"href":"https:\/\/www.encontrapiracicaba.com.br\/sobre\/wp-json\/wp\/v2\/posts\/4126\/revisions"}],"wp:featuredmedia":[{"embeddable":true,"href":"https:\/\/www.encontrapiracicaba.com.br\/sobre\/wp-json\/wp\/v2\/media\/4125"}],"wp:attachment":[{"href":"https:\/\/www.encontrapiracicaba.com.br\/sobre\/wp-json\/wp\/v2\/media?parent=4126"}],"wp:term":[{"taxonomy":"category","embeddable":true,"href":"https:\/\/www.encontrapiracicaba.com.br\/sobre\/wp-json\/wp\/v2\/categories?post=4126"},{"taxonomy":"post_tag","embeddable":true,"href":"https:\/\/www.encontrapiracicaba.com.br\/sobre\/wp-json\/wp\/v2\/tags?post=4126"}],"curies":[{"name":"wp","href":"https:\/\/api.w.org\/{rel}","templated":true}]}}