{"id":4130,"date":"2026-02-09T11:57:14","date_gmt":"2026-02-09T14:57:14","guid":{"rendered":"https:\/\/www.encontrapiracicaba.com.br\/sobre\/vereador-pede-esclarecimentos-sobre-falta-de-iluminacao-em-espacos-publicos\/"},"modified":"2026-02-09T11:57:14","modified_gmt":"2026-02-09T14:57:14","slug":"vereador-pede-esclarecimentos-sobre-falta-de-iluminacao-em-espacos-publicos","status":"publish","type":"post","link":"https:\/\/www.encontrapiracicaba.com.br\/sobre\/vereador-pede-esclarecimentos-sobre-falta-de-iluminacao-em-espacos-publicos\/","title":{"rendered":"Vereador pede esclarecimentos sobre falta de ilumina\u00e7\u00e3o em espa\u00e7os p\u00fablicos"},"content":{"rendered":"<div class=\"85df007ed5c0c4d4b453fd13a37855e8\" data-index=\"1\" style=\"float: none; margin:0px;\">\n<!-- Anuncio display - global -->\r\n<ins class=\"adsbygoogle\"\r\n     style=\"display:block\"\r\n     data-ad-client=\"ca-pub-8585364105181520\"\r\n     data-ad-slot=\"8789329856\"\r\n     data-ad-format=\"auto\"\r\n     data-full-width-responsive=\"true\"><\/ins>\r\n<script>\r\n     (adsbygoogle = window.adsbygoogle || []).push({});\r\n<\/script>\n<\/div>\n<h2>A Falta de Seguran\u00e7a nas Pra\u00e7as<\/h2>\n<p>A aus\u00eancia de ilumina\u00e7\u00e3o adequada em pra\u00e7as e espa\u00e7os p\u00fablicos t\u00eam causado um aumento na sensa\u00e7\u00e3o de inseguran\u00e7a entre os moradores. A escurid\u00e3o em \u00e1reas como parques e cal\u00e7adas n\u00e3o apenas compromete a seguran\u00e7a, mas tamb\u00e9m desencoraja as pessoas a utilizarem esses locais, especialmente durante a noite. Sem um sistema de ilumina\u00e7\u00e3o eficiente, a vulnerabilidade a crimes se torna uma preocupa\u00e7\u00e3o para a comunidade.<\/p>\n<h2>O Impacto na Qualidade de Vida<\/h2>\n<p>A falta de ilumina\u00e7\u00e3o impacta diretamente a qualidade de vida dos cidad\u00e3os. Pra\u00e7as pouco iluminadas podem dificultar atividades noturnas, como caminhadas, corridas e encontros sociais, que s\u00e3o essenciais para o bem-estar e intera\u00e7\u00e3o social. Os cidad\u00e3os se sentem presos em suas casas, o que pode levar ao aumento do estresse e isolamento social. Al\u00e9m disso, a escurid\u00e3o pode impactar negativamente os neg\u00f3cios locais que dependem de clientes ap\u00f3s o hor\u00e1rio comercial.<\/p>\n<h2>Raz\u00f5es para a Falta de Ilumina\u00e7\u00e3o<\/h2>\n<p>V\u00e1rios fatores podem contribuir para a falta de ilumina\u00e7\u00e3o nas pra\u00e7as p\u00fablicas e vias. Dentre eles, destacam-se:<\/p>\n<p><img decoding=\"async\" src=\"https:\/\/www.encontrapiracicaba.com.br\/sobre\/wp-content\/uploads\/vereador-pede-esclarecimentos-sobre-falta-de-iluminacao-em-espacos-publicos.webp\" alt=\"ilumina\u00e7\u00e3o em pra\u00e7as p\u00fablicas\" loading=\"lazy\" \/><\/p>\n<ul>\n<li><strong>Manuten\u00e7\u00e3o Insuficiente:<\/strong> A aus\u00eancia de uma manuten\u00e7\u00e3o regular pode levar ao ac\u00famulo de l\u00e2mpadas queimadas e equipamentos danificados.<\/li>\n<li><strong>Falta de Recursos:<\/strong> A car\u00eancia de fundos pode resultar em atraso nos procedimentos de reparo e no investimento em novas instala\u00e7\u00f5es de ilumina\u00e7\u00e3o.<\/li>\n<li><strong>Impedimentos T\u00e9cnicos:<\/strong> Quest\u00f5es t\u00e9cnicas, como a complexidade no acesso a lugares espec\u00edficos ou o tipo de ilumina\u00e7\u00e3o utilizada, podem dificultar as a\u00e7\u00f5es de manuten\u00e7\u00e3o.<\/li>\n<\/ul>\n<h2>Quest\u00f5es Or\u00e7ament\u00e1rias e T\u00e9cnicas<\/h2>\n<p>As limita\u00e7\u00f5es or\u00e7ament\u00e1rias enfrentadas pelas administra\u00e7\u00f5es municipais muitas vezes impossibilitam a implementa\u00e7\u00e3o de um cronograma efetivo de manuten\u00e7\u00e3o. Muitas vezes, as prioridades s\u00e3o definidas com base em emerg\u00eancias ou necessidades imediatas, deixando a ilumina\u00e7\u00e3o p\u00fablica em segundo plano. Al\u00e9m disso, a falta de planejamento t\u00e9cnico adequado pode resultar em falhas na execu\u00e7\u00e3o dos servi\u00e7os de manuten\u00e7\u00e3o.<\/p>\n<h2>Reclama\u00e7\u00f5es dos Moradores<\/h2>\n<p>Os moradores t\u00eam manifestado sua insatisfa\u00e7\u00e3o em rela\u00e7\u00e3o \u00e0 ilumina\u00e7\u00e3o das pra\u00e7as, com muitos expressando preocupa\u00e7\u00f5es em rela\u00e7\u00e3o \u00e0 inseguran\u00e7a. Segundo relatos, muitas l\u00e2mpadas est\u00e3o queimadas h\u00e1 longos per\u00edodos, aumentando a sensa\u00e7\u00e3o de desamparo. As queixas incluem tamb\u00e9m a falta de aten\u00e7\u00e3o dos \u00f3rg\u00e3os respons\u00e1veis, que prometem melhorias, mas pouco fazem para atender \u00e0s demandas da popula\u00e7\u00e3o.<\/p>\n<h2>A Import\u00e2ncia da Ilumina\u00e7\u00e3o P\u00fablica<\/h2>\n<p>A ilumina\u00e7\u00e3o p\u00fablica desempenha um papel crucial na seguran\u00e7a e na qualidade de vida das comunidades. Um espa\u00e7o bem iluminado n\u00e3o apenas proporciona seguran\u00e7a, mas tamb\u00e9m promove um ambiente acolhedor e convidativo. Al\u00e9m disso, a boa ilumina\u00e7\u00e3o pode contribuir para a redu\u00e7\u00e3o da criminalidade, incentivando mais pessoas a usufru\u00edrem dos espa\u00e7os p\u00fablicos mesmo ap\u00f3s o p\u00f4r do sol.<\/p>\n<h2>Propostas do Vereador Rafael Boer<\/h2>\n<p>Recentemente, o vereador Rafael Boer apresentou um requerimento ao Executivo, visando esclarecer a situa\u00e7\u00e3o da ilumina\u00e7\u00e3o p\u00fablica em Piracicaba. Ele questiona a falta de manuten\u00e7\u00e3o, solicita informa\u00e7\u00f5es sobre a exist\u00eancia de um cronograma de reparos e quer entender quais a\u00e7\u00f5es est\u00e3o sendo tomadas para reverter a situa\u00e7\u00e3o atual. O objetivo \u00e9 garantir que a ilumina\u00e7\u00e3o seja restabelecida e que as pra\u00e7as e vias se tornem mais seguras e acess\u00edveis ao p\u00fablico.<\/p>\n<h2>O Papel do Executivo<\/h2>\n<p>\u00c9 fundamental que o Executivo atenda \u00e0s solicita\u00e7\u00f5es dos vereadores e da popula\u00e7\u00e3o. A cria\u00e7\u00e3o de um cronograma de manuten\u00e7\u00e3o regular que inclua inspe\u00e7\u00f5es frequentes e reparos imediatos \u00e9 essencial. \u00c9 importante que as autoridades se comprometam a avaliar e investir em infraestrutura de ilumina\u00e7\u00e3o, garantindo que as l\u00e2mpadas e sistemas de energia funcionem adequadamente, trazendo seguran\u00e7a e bem-estar aos moradores.<\/p>\n<h2>Cronograma de Manuten\u00e7\u00e3o Iluminativa<\/h2>\n<p>A elabora\u00e7\u00e3o de um cronograma eficiente para a manuten\u00e7\u00e3o da ilumina\u00e7\u00e3o p\u00fablica \u00e9 um passo vital. Isso inclui a defini\u00e7\u00e3o clara de responsabilidades e a programa\u00e7\u00e3o de atividades de verifica\u00e7\u00e3o e substitui\u00e7\u00e3o de l\u00e2mpadas. Tamb\u00e9m deve ser considerado o uso de tecnologias modernas que permitam um monitoramento mais eficaz do estado das instala\u00e7\u00f5es de ilumina\u00e7\u00e3o p\u00fablica.<\/p>\n<h2>Medidas Para Melhorar a Situa\u00e7\u00e3o<\/h2>\n<p>Dentre as medidas que podem ser implementadas para melhorar a situa\u00e7\u00e3o da ilumina\u00e7\u00e3o nas pra\u00e7as de Piracicaba, est\u00e3o:<\/p>\n<ul>\n<li><strong>Parcerias com a Comunidade:<\/strong> Engajar os moradores em a\u00e7\u00f5es de vigil\u00e2ncia e manuten\u00e7\u00e3o da ilumina\u00e7\u00e3o, promovendo uma atitude colaborativa.<\/li>\n<li><strong>Projetos de Ilumina\u00e7\u00e3o Sustent\u00e1vel:<\/strong> Investir em solu\u00e7\u00f5es ecol\u00f3gicas, como l\u00e2mpadas de LED, que s\u00e3o mais duradouras e eficientes em termos de energia.<\/li>\n<li><strong>Campanhas de Conscientiza\u00e7\u00e3o:<\/strong> Informar a popula\u00e7\u00e3o sobre a import\u00e2ncia da ilumina\u00e7\u00e3o p\u00fablica e incentivar a comunica\u00e7\u00e3o de problemas \u00e0 administra\u00e7\u00e3o local.<\/li>\n<\/ul>\n<p>Medidas como estas podem ajudar a transformar as pra\u00e7as em espa\u00e7os mais seguros e acolhedores, melhorando, assim, a qualidade de vida da popula\u00e7\u00e3o e refor\u00e7ando a sensa\u00e7\u00e3o de seguran\u00e7a nos diferentes bairros da cidade.<\/p>\n\n<div style=\"font-size: 0px; height: 0px; line-height: 0px; margin: 0; padding: 0; clear: both;\"><\/div>","protected":false},"excerpt":{"rendered":"<p>Falta de ilumina\u00e7\u00e3o em pra\u00e7as p\u00fablicas gera preocupa\u00e7\u00e3o e inseguran\u00e7a para moradores.<\/p>\n","protected":false},"author":1,"featured_media":4129,"comment_status":"closed","ping_status":"closed","sticky":false,"template":"","format":"standard","meta":{"footnotes":""},"categories":[6],"tags":[],"class_list":["post-4130","post","type-post","status-publish","format-standard","has-post-thumbnail","hentry","category-noticias-em-piracicaba","has_thumb"],"aioseo_notices":[],"aioseo_head":"\n\t\t<!-- All in One SEO 5.0.0.1 - aioseo.com -->\n\t<meta name=\"robots\" content=\"max-image-preview:large\" \/>\n\t<meta name=\"author\" content=\"Encontra Piracicaba\"\/>\n\t<link rel=\"canonical\" href=\"https:\/\/www.encontrapiracicaba.com.br\/sobre\/vereador-pede-esclarecimentos-sobre-falta-de-iluminacao-em-espacos-publicos\/\" \/>\n\t<meta name=\"generator\" content=\"All in One SEO (AIOSEO) 5.0.0.1\" \/>\n\t\t<meta property=\"og:locale\" content=\"pt_BR\" \/>\n\t\t<meta property=\"og:site_name\" content=\"Encontra Piracicaba | Not\u00edcias, eventos, informa\u00e7\u00f5es e dicas na cidade de Piracicaba e regi\u00e3o\" \/>\n\t\t<meta property=\"og:type\" content=\"article\" \/>\n\t\t<meta property=\"og:title\" content=\"Vereador pede esclarecimentos sobre falta de ilumina\u00e7\u00e3o em espa\u00e7os p\u00fablicos | Encontra Piracicaba\" \/>\n\t\t<meta property=\"og:url\" content=\"https:\/\/www.encontrapiracicaba.com.br\/sobre\/vereador-pede-esclarecimentos-sobre-falta-de-iluminacao-em-espacos-publicos\/\" \/>\n\t\t<meta property=\"article:published_time\" content=\"2026-02-09T14:57:14+00:00\" \/>\n\t\t<meta property=\"article:modified_time\" content=\"2026-02-09T14:57:14+00:00\" \/>\n\t\t<meta name=\"twitter:card\" content=\"summary\" \/>\n\t\t<meta name=\"twitter:title\" content=\"Vereador pede esclarecimentos sobre falta de ilumina\u00e7\u00e3o em espa\u00e7os p\u00fablicos | Encontra Piracicaba\" \/>\n\t\t<script type=\"application\/ld+json\" class=\"aioseo-schema\">\n\t\t\t{\"@context\":\"https:\\\/\\\/schema.org\",\"@graph\":[{\"@type\":\"Article\",\"@id\":\"https:\\\/\\\/www.encontrapiracicaba.com.br\\\/sobre\\\/vereador-pede-esclarecimentos-sobre-falta-de-iluminacao-em-espacos-publicos\\\/#article\",\"name\":\"Vereador pede esclarecimentos sobre falta de ilumina\\u00e7\\u00e3o em espa\\u00e7os p\\u00fablicos | Encontra Piracicaba\",\"headline\":\"Vereador pede esclarecimentos sobre falta de ilumina\\u00e7\\u00e3o em espa\\u00e7os p\\u00fablicos\",\"author\":{\"@id\":\"https:\\\/\\\/www.encontrapiracicaba.com.br\\\/sobre\\\/author\\\/epiracicaba\\\/#author\"},\"publisher\":{\"@id\":\"https:\\\/\\\/www.encontrapiracicaba.com.br\\\/sobre\\\/#organization\"},\"image\":{\"@type\":\"ImageObject\",\"url\":\"https:\\\/\\\/www.encontrapiracicaba.com.br\\\/sobre\\\/wp-content\\\/uploads\\\/vereador-pede-esclarecimentos-sobre-falta-de-iluminacao-em-espacos-publicos.webp\",\"width\":280,\"height\":280,\"caption\":\"ilumina\\u00e7\\u00e3o em pra\\u00e7as p\\u00fablicas\"},\"datePublished\":\"2026-02-09T11:57:14-03:00\",\"dateModified\":\"2026-02-09T11:57:14-03:00\",\"inLanguage\":\"pt-BR\",\"mainEntityOfPage\":{\"@id\":\"https:\\\/\\\/www.encontrapiracicaba.com.br\\\/sobre\\\/vereador-pede-esclarecimentos-sobre-falta-de-iluminacao-em-espacos-publicos\\\/#webpage\"},\"isPartOf\":{\"@id\":\"https:\\\/\\\/www.encontrapiracicaba.com.br\\\/sobre\\\/vereador-pede-esclarecimentos-sobre-falta-de-iluminacao-em-espacos-publicos\\\/#webpage\"},\"articleSection\":\"Not\\u00edcias Piracicaba\"},{\"@type\":\"BreadcrumbList\",\"@id\":\"https:\\\/\\\/www.encontrapiracicaba.com.br\\\/sobre\\\/vereador-pede-esclarecimentos-sobre-falta-de-iluminacao-em-espacos-publicos\\\/#breadcrumblist\",\"itemListElement\":[{\"@type\":\"ListItem\",\"@id\":\"https:\\\/\\\/www.encontrapiracicaba.com.br\\\/sobre#listItem\",\"position\":1,\"name\":\"In\\u00edcio\",\"item\":\"https:\\\/\\\/www.encontrapiracicaba.com.br\\\/sobre\",\"nextItem\":{\"@type\":\"ListItem\",\"@id\":\"https:\\\/\\\/www.encontrapiracicaba.com.br\\\/sobre\\\/noticias-em-piracicaba\\\/#listItem\",\"name\":\"Not\\u00edcias Piracicaba\"}},{\"@type\":\"ListItem\",\"@id\":\"https:\\\/\\\/www.encontrapiracicaba.com.br\\\/sobre\\\/noticias-em-piracicaba\\\/#listItem\",\"position\":2,\"name\":\"Not\\u00edcias Piracicaba\",\"item\":\"https:\\\/\\\/www.encontrapiracicaba.com.br\\\/sobre\\\/noticias-em-piracicaba\\\/\",\"nextItem\":{\"@type\":\"ListItem\",\"@id\":\"https:\\\/\\\/www.encontrapiracicaba.com.br\\\/sobre\\\/vereador-pede-esclarecimentos-sobre-falta-de-iluminacao-em-espacos-publicos\\\/#listItem\",\"name\":\"Vereador pede esclarecimentos sobre falta de ilumina\\u00e7\\u00e3o em espa\\u00e7os p\\u00fablicos\"},\"previousItem\":{\"@type\":\"ListItem\",\"@id\":\"https:\\\/\\\/www.encontrapiracicaba.com.br\\\/sobre#listItem\",\"name\":\"In\\u00edcio\"}},{\"@type\":\"ListItem\",\"@id\":\"https:\\\/\\\/www.encontrapiracicaba.com.br\\\/sobre\\\/vereador-pede-esclarecimentos-sobre-falta-de-iluminacao-em-espacos-publicos\\\/#listItem\",\"position\":3,\"name\":\"Vereador pede esclarecimentos sobre falta de ilumina\\u00e7\\u00e3o em espa\\u00e7os p\\u00fablicos\",\"previousItem\":{\"@type\":\"ListItem\",\"@id\":\"https:\\\/\\\/www.encontrapiracicaba.com.br\\\/sobre\\\/noticias-em-piracicaba\\\/#listItem\",\"name\":\"Not\\u00edcias Piracicaba\"}}]},{\"@type\":\"Organization\",\"@id\":\"https:\\\/\\\/www.encontrapiracicaba.com.br\\\/sobre\\\/#organization\",\"name\":\"Encontra Piracicaba\",\"description\":\"Not\\u00edcias, eventos, informa\\u00e7\\u00f5es e dicas na cidade de Piracicaba e regi\\u00e3o\",\"url\":\"https:\\\/\\\/www.encontrapiracicaba.com.br\\\/sobre\\\/\"},{\"@type\":\"Person\",\"@id\":\"https:\\\/\\\/www.encontrapiracicaba.com.br\\\/sobre\\\/author\\\/epiracicaba\\\/#author\",\"url\":\"https:\\\/\\\/www.encontrapiracicaba.com.br\\\/sobre\\\/author\\\/epiracicaba\\\/\",\"name\":\"Encontra Piracicaba\",\"image\":{\"@type\":\"ImageObject\",\"@id\":\"https:\\\/\\\/www.encontrapiracicaba.com.br\\\/sobre\\\/vereador-pede-esclarecimentos-sobre-falta-de-iluminacao-em-espacos-publicos\\\/#authorImage\",\"url\":\"https:\\\/\\\/secure.gravatar.com\\\/avatar\\\/507340682b8270222e1f208e23198b6ae7e2c6a1033ae84e99bc6bce4f82a387?s=96&d=mm&r=g\",\"width\":96,\"height\":96,\"caption\":\"Encontra Piracicaba\"}},{\"@type\":\"WebPage\",\"@id\":\"https:\\\/\\\/www.encontrapiracicaba.com.br\\\/sobre\\\/vereador-pede-esclarecimentos-sobre-falta-de-iluminacao-em-espacos-publicos\\\/#webpage\",\"url\":\"https:\\\/\\\/www.encontrapiracicaba.com.br\\\/sobre\\\/vereador-pede-esclarecimentos-sobre-falta-de-iluminacao-em-espacos-publicos\\\/\",\"name\":\"Vereador pede esclarecimentos sobre falta de ilumina\\u00e7\\u00e3o em espa\\u00e7os p\\u00fablicos | Encontra Piracicaba\",\"inLanguage\":\"pt-BR\",\"isPartOf\":{\"@id\":\"https:\\\/\\\/www.encontrapiracicaba.com.br\\\/sobre\\\/#website\"},\"breadcrumb\":{\"@id\":\"https:\\\/\\\/www.encontrapiracicaba.com.br\\\/sobre\\\/vereador-pede-esclarecimentos-sobre-falta-de-iluminacao-em-espacos-publicos\\\/#breadcrumblist\"},\"author\":{\"@id\":\"https:\\\/\\\/www.encontrapiracicaba.com.br\\\/sobre\\\/author\\\/epiracicaba\\\/#author\"},\"creator\":{\"@id\":\"https:\\\/\\\/www.encontrapiracicaba.com.br\\\/sobre\\\/author\\\/epiracicaba\\\/#author\"},\"image\":{\"@type\":\"ImageObject\",\"url\":\"https:\\\/\\\/www.encontrapiracicaba.com.br\\\/sobre\\\/wp-content\\\/uploads\\\/vereador-pede-esclarecimentos-sobre-falta-de-iluminacao-em-espacos-publicos.webp\",\"@id\":\"https:\\\/\\\/www.encontrapiracicaba.com.br\\\/sobre\\\/vereador-pede-esclarecimentos-sobre-falta-de-iluminacao-em-espacos-publicos\\\/#mainImage\",\"width\":280,\"height\":280,\"caption\":\"ilumina\\u00e7\\u00e3o em pra\\u00e7as p\\u00fablicas\"},\"primaryImageOfPage\":{\"@id\":\"https:\\\/\\\/www.encontrapiracicaba.com.br\\\/sobre\\\/vereador-pede-esclarecimentos-sobre-falta-de-iluminacao-em-espacos-publicos\\\/#mainImage\"},\"datePublished\":\"2026-02-09T11:57:14-03:00\",\"dateModified\":\"2026-02-09T11:57:14-03:00\"},{\"@type\":\"WebSite\",\"@id\":\"https:\\\/\\\/www.encontrapiracicaba.com.br\\\/sobre\\\/#website\",\"url\":\"https:\\\/\\\/www.encontrapiracicaba.com.br\\\/sobre\\\/\",\"name\":\"Encontra Piracicaba\",\"description\":\"Not\\u00edcias, eventos, informa\\u00e7\\u00f5es e dicas na cidade de Piracicaba e regi\\u00e3o\",\"inLanguage\":\"pt-BR\",\"publisher\":{\"@id\":\"https:\\\/\\\/www.encontrapiracicaba.com.br\\\/sobre\\\/#organization\"}}]}\n\t\t<\/script>\n\t\t<!-- All in One SEO -->\n\n","aioseo_head_json":{"title":"Vereador pede esclarecimentos sobre falta de ilumina\u00e7\u00e3o em espa\u00e7os p\u00fablicos | Encontra Piracicaba","description":"","canonical_url":"https:\/\/www.encontrapiracicaba.com.br\/sobre\/vereador-pede-esclarecimentos-sobre-falta-de-iluminacao-em-espacos-publicos\/","robots":"max-image-preview:large","keywords":"","webmasterTools":{"miscellaneous":""},"schema":{"@context":"https:\/\/schema.org","@graph":[{"@type":"Article","@id":"https:\/\/www.encontrapiracicaba.com.br\/sobre\/vereador-pede-esclarecimentos-sobre-falta-de-iluminacao-em-espacos-publicos\/#article","name":"Vereador pede esclarecimentos sobre falta de ilumina\u00e7\u00e3o em espa\u00e7os p\u00fablicos | Encontra Piracicaba","headline":"Vereador pede esclarecimentos sobre falta de ilumina\u00e7\u00e3o em espa\u00e7os p\u00fablicos","author":{"@id":"https:\/\/www.encontrapiracicaba.com.br\/sobre\/author\/epiracicaba\/#author"},"publisher":{"@id":"https:\/\/www.encontrapiracicaba.com.br\/sobre\/#organization"},"image":{"@type":"ImageObject","url":"https:\/\/www.encontrapiracicaba.com.br\/sobre\/wp-content\/uploads\/vereador-pede-esclarecimentos-sobre-falta-de-iluminacao-em-espacos-publicos.webp","width":280,"height":280,"caption":"ilumina\u00e7\u00e3o em pra\u00e7as p\u00fablicas"},"datePublished":"2026-02-09T11:57:14-03:00","dateModified":"2026-02-09T11:57:14-03:00","inLanguage":"pt-BR","mainEntityOfPage":{"@id":"https:\/\/www.encontrapiracicaba.com.br\/sobre\/vereador-pede-esclarecimentos-sobre-falta-de-iluminacao-em-espacos-publicos\/#webpage"},"isPartOf":{"@id":"https:\/\/www.encontrapiracicaba.com.br\/sobre\/vereador-pede-esclarecimentos-sobre-falta-de-iluminacao-em-espacos-publicos\/#webpage"},"articleSection":"Not\u00edcias Piracicaba"},{"@type":"BreadcrumbList","@id":"https:\/\/www.encontrapiracicaba.com.br\/sobre\/vereador-pede-esclarecimentos-sobre-falta-de-iluminacao-em-espacos-publicos\/#breadcrumblist","itemListElement":[{"@type":"ListItem","@id":"https:\/\/www.encontrapiracicaba.com.br\/sobre#listItem","position":1,"name":"In\u00edcio","item":"https:\/\/www.encontrapiracicaba.com.br\/sobre","nextItem":{"@type":"ListItem","@id":"https:\/\/www.encontrapiracicaba.com.br\/sobre\/noticias-em-piracicaba\/#listItem","name":"Not\u00edcias Piracicaba"}},{"@type":"ListItem","@id":"https:\/\/www.encontrapiracicaba.com.br\/sobre\/noticias-em-piracicaba\/#listItem","position":2,"name":"Not\u00edcias Piracicaba","item":"https:\/\/www.encontrapiracicaba.com.br\/sobre\/noticias-em-piracicaba\/","nextItem":{"@type":"ListItem","@id":"https:\/\/www.encontrapiracicaba.com.br\/sobre\/vereador-pede-esclarecimentos-sobre-falta-de-iluminacao-em-espacos-publicos\/#listItem","name":"Vereador pede esclarecimentos sobre falta de ilumina\u00e7\u00e3o em espa\u00e7os p\u00fablicos"},"previousItem":{"@type":"ListItem","@id":"https:\/\/www.encontrapiracicaba.com.br\/sobre#listItem","name":"In\u00edcio"}},{"@type":"ListItem","@id":"https:\/\/www.encontrapiracicaba.com.br\/sobre\/vereador-pede-esclarecimentos-sobre-falta-de-iluminacao-em-espacos-publicos\/#listItem","position":3,"name":"Vereador pede esclarecimentos sobre falta de ilumina\u00e7\u00e3o em espa\u00e7os p\u00fablicos","previousItem":{"@type":"ListItem","@id":"https:\/\/www.encontrapiracicaba.com.br\/sobre\/noticias-em-piracicaba\/#listItem","name":"Not\u00edcias Piracicaba"}}]},{"@type":"Organization","@id":"https:\/\/www.encontrapiracicaba.com.br\/sobre\/#organization","name":"Encontra Piracicaba","description":"Not\u00edcias, eventos, informa\u00e7\u00f5es e dicas na cidade de Piracicaba e regi\u00e3o","url":"https:\/\/www.encontrapiracicaba.com.br\/sobre\/"},{"@type":"Person","@id":"https:\/\/www.encontrapiracicaba.com.br\/sobre\/author\/epiracicaba\/#author","url":"https:\/\/www.encontrapiracicaba.com.br\/sobre\/author\/epiracicaba\/","name":"Encontra Piracicaba","image":{"@type":"ImageObject","@id":"https:\/\/www.encontrapiracicaba.com.br\/sobre\/vereador-pede-esclarecimentos-sobre-falta-de-iluminacao-em-espacos-publicos\/#authorImage","url":"https:\/\/secure.gravatar.com\/avatar\/507340682b8270222e1f208e23198b6ae7e2c6a1033ae84e99bc6bce4f82a387?s=96&d=mm&r=g","width":96,"height":96,"caption":"Encontra Piracicaba"}},{"@type":"WebPage","@id":"https:\/\/www.encontrapiracicaba.com.br\/sobre\/vereador-pede-esclarecimentos-sobre-falta-de-iluminacao-em-espacos-publicos\/#webpage","url":"https:\/\/www.encontrapiracicaba.com.br\/sobre\/vereador-pede-esclarecimentos-sobre-falta-de-iluminacao-em-espacos-publicos\/","name":"Vereador pede esclarecimentos sobre falta de ilumina\u00e7\u00e3o em espa\u00e7os p\u00fablicos | Encontra Piracicaba","inLanguage":"pt-BR","isPartOf":{"@id":"https:\/\/www.encontrapiracicaba.com.br\/sobre\/#website"},"breadcrumb":{"@id":"https:\/\/www.encontrapiracicaba.com.br\/sobre\/vereador-pede-esclarecimentos-sobre-falta-de-iluminacao-em-espacos-publicos\/#breadcrumblist"},"author":{"@id":"https:\/\/www.encontrapiracicaba.com.br\/sobre\/author\/epiracicaba\/#author"},"creator":{"@id":"https:\/\/www.encontrapiracicaba.com.br\/sobre\/author\/epiracicaba\/#author"},"image":{"@type":"ImageObject","url":"https:\/\/www.encontrapiracicaba.com.br\/sobre\/wp-content\/uploads\/vereador-pede-esclarecimentos-sobre-falta-de-iluminacao-em-espacos-publicos.webp","@id":"https:\/\/www.encontrapiracicaba.com.br\/sobre\/vereador-pede-esclarecimentos-sobre-falta-de-iluminacao-em-espacos-publicos\/#mainImage","width":280,"height":280,"caption":"ilumina\u00e7\u00e3o em pra\u00e7as p\u00fablicas"},"primaryImageOfPage":{"@id":"https:\/\/www.encontrapiracicaba.com.br\/sobre\/vereador-pede-esclarecimentos-sobre-falta-de-iluminacao-em-espacos-publicos\/#mainImage"},"datePublished":"2026-02-09T11:57:14-03:00","dateModified":"2026-02-09T11:57:14-03:00"},{"@type":"WebSite","@id":"https:\/\/www.encontrapiracicaba.com.br\/sobre\/#website","url":"https:\/\/www.encontrapiracicaba.com.br\/sobre\/","name":"Encontra Piracicaba","description":"Not\u00edcias, eventos, informa\u00e7\u00f5es e dicas na cidade de Piracicaba e regi\u00e3o","inLanguage":"pt-BR","publisher":{"@id":"https:\/\/www.encontrapiracicaba.com.br\/sobre\/#organization"}}]},"og:locale":"pt_BR","og:site_name":"Encontra Piracicaba | Not\u00edcias, eventos, informa\u00e7\u00f5es e dicas na cidade de Piracicaba e regi\u00e3o","og:type":"article","og:title":"Vereador pede esclarecimentos sobre falta de ilumina\u00e7\u00e3o em espa\u00e7os p\u00fablicos | Encontra Piracicaba","og:url":"https:\/\/www.encontrapiracicaba.com.br\/sobre\/vereador-pede-esclarecimentos-sobre-falta-de-iluminacao-em-espacos-publicos\/","article:published_time":"2026-02-09T14:57:14+00:00","article:modified_time":"2026-02-09T14:57:14+00:00","twitter:card":"summary","twitter:title":"Vereador pede esclarecimentos sobre falta de ilumina\u00e7\u00e3o em espa\u00e7os p\u00fablicos | Encontra Piracicaba"},"aioseo_meta_data":{"post_id":"4130","title":null,"description":null,"keywords":null,"keyphrases":null,"primary_term":null,"canonical_url":null,"og_title":null,"og_description":null,"og_object_type":"default","og_image_type":"default","og_image_url":null,"og_image_width":null,"og_image_height":null,"og_image_custom_url":null,"og_image_custom_fields":null,"og_video":null,"og_custom_url":null,"og_article_section":null,"og_article_tags":null,"twitter_use_og":false,"twitter_card":"default","twitter_image_type":"default","twitter_image_url":null,"twitter_image_custom_url":null,"twitter_image_custom_fields":null,"twitter_title":null,"twitter_description":null,"schema":{"blockGraphs":[],"customGraphs":[],"default":{"data":{"Article":[],"Course":[],"Dataset":[],"FAQPage":[],"Movie":[],"Person":[],"Product":[],"ProductReview":[],"Car":[],"Recipe":[],"Service":[],"SoftwareApplication":[],"WebPage":[]},"graphName":"Article","isEnabled":true},"graphs":[]},"schema_type":"default","schema_type_options":null,"pillar_content":false,"robots_default":true,"robots_noindex":false,"robots_noarchive":false,"robots_nosnippet":false,"robots_nofollow":false,"robots_noimageindex":false,"robots_noodp":false,"robots_notranslate":false,"robots_max_snippet":null,"robots_max_videopreview":null,"robots_max_imagepreview":"large","priority":null,"frequency":null,"local_seo":null,"breadcrumb_settings":null,"limit_modified_date":false,"ai":null,"created":"2026-02-09 14:57:20","updated":"2026-02-09 15:12:36","focus_keyword":null,"additional_keywords":null,"truseo_locale":null,"seo_analyzer_scan_date":null},"aioseo_breadcrumb":"<div class=\"aioseo-breadcrumbs\"><span class=\"aioseo-breadcrumb\">\n\t\t\t<a href=\"https:\/\/www.encontrapiracicaba.com.br\/sobre\" title=\"In\u00edcio\">In\u00edcio<\/a>\n\t\t<\/span><span class=\"aioseo-breadcrumb-separator\">&raquo;<\/span><span class=\"aioseo-breadcrumb\">\n\t\t\t<a href=\"https:\/\/www.encontrapiracicaba.com.br\/sobre\/noticias-em-piracicaba\/\" title=\"Not\u00edcias Piracicaba\">Not\u00edcias Piracicaba<\/a>\n\t\t<\/span><span class=\"aioseo-breadcrumb-separator\">&raquo;<\/span><span class=\"aioseo-breadcrumb\">\n\t\t\tVereador pede esclarecimentos sobre falta de ilumina\u00e7\u00e3o em espa\u00e7os p\u00fablicos\n\t\t<\/span><\/div>","aioseo_breadcrumb_json":[{"label":"In\u00edcio","link":"https:\/\/www.encontrapiracicaba.com.br\/sobre"},{"label":"Not\u00edcias Piracicaba","link":"https:\/\/www.encontrapiracicaba.com.br\/sobre\/noticias-em-piracicaba\/"},{"label":"Vereador pede esclarecimentos sobre falta de ilumina\u00e7\u00e3o em espa\u00e7os p\u00fablicos","link":"https:\/\/www.encontrapiracicaba.com.br\/sobre\/vereador-pede-esclarecimentos-sobre-falta-de-iluminacao-em-espacos-publicos\/"}],"_links":{"self":[{"href":"https:\/\/www.encontrapiracicaba.com.br\/sobre\/wp-json\/wp\/v2\/posts\/4130","targetHints":{"allow":["GET"]}}],"collection":[{"href":"https:\/\/www.encontrapiracicaba.com.br\/sobre\/wp-json\/wp\/v2\/posts"}],"about":[{"href":"https:\/\/www.encontrapiracicaba.com.br\/sobre\/wp-json\/wp\/v2\/types\/post"}],"author":[{"embeddable":true,"href":"https:\/\/www.encontrapiracicaba.com.br\/sobre\/wp-json\/wp\/v2\/users\/1"}],"replies":[{"embeddable":true,"href":"https:\/\/www.encontrapiracicaba.com.br\/sobre\/wp-json\/wp\/v2\/comments?post=4130"}],"version-history":[{"count":0,"href":"https:\/\/www.encontrapiracicaba.com.br\/sobre\/wp-json\/wp\/v2\/posts\/4130\/revisions"}],"wp:featuredmedia":[{"embeddable":true,"href":"https:\/\/www.encontrapiracicaba.com.br\/sobre\/wp-json\/wp\/v2\/media\/4129"}],"wp:attachment":[{"href":"https:\/\/www.encontrapiracicaba.com.br\/sobre\/wp-json\/wp\/v2\/media?parent=4130"}],"wp:term":[{"taxonomy":"category","embeddable":true,"href":"https:\/\/www.encontrapiracicaba.com.br\/sobre\/wp-json\/wp\/v2\/categories?post=4130"},{"taxonomy":"post_tag","embeddable":true,"href":"https:\/\/www.encontrapiracicaba.com.br\/sobre\/wp-json\/wp\/v2\/tags?post=4130"}],"curies":[{"name":"wp","href":"https:\/\/api.w.org\/{rel}","templated":true}]}}