{"id":4132,"date":"2026-02-09T11:59:05","date_gmt":"2026-02-09T14:59:05","guid":{"rendered":"https:\/\/www.encontrapiracicaba.com.br\/sobre\/vereador-destaca-limpeza-de-predio-historico-no-engenho-central\/"},"modified":"2026-02-09T11:59:05","modified_gmt":"2026-02-09T14:59:05","slug":"vereador-destaca-limpeza-de-predio-historico-no-engenho-central","status":"publish","type":"post","link":"https:\/\/www.encontrapiracicaba.com.br\/sobre\/vereador-destaca-limpeza-de-predio-historico-no-engenho-central\/","title":{"rendered":"Vereador destaca limpeza de pr\u00e9dio hist\u00f3rico no Engenho Central"},"content":{"rendered":"<div class=\"85df007ed5c0c4d4b453fd13a37855e8\" data-index=\"1\" style=\"float: none; margin:0px;\">\n<!-- Anuncio display - global -->\r\n<ins class=\"adsbygoogle\"\r\n     style=\"display:block\"\r\n     data-ad-client=\"ca-pub-8585364105181520\"\r\n     data-ad-slot=\"8789329856\"\r\n     data-ad-format=\"auto\"\r\n     data-full-width-responsive=\"true\"><\/ins>\r\n<script>\r\n     (adsbygoogle = window.adsbygoogle || []).push({});\r\n<\/script>\n<\/div>\n<h2>O Que Representa o Pr\u00e9dio Hist\u00f3rico?<\/h2>\n<p>O pr\u00e9dio hist\u00f3rico conhecido como \u201cEsterqueira\u201d, situado no complexo do Engenho Central, \u00e9 uma constru\u00e7\u00e3o que carrega consigo uma rica bagagem cultural e simb\u00f3lica. Este espa\u00e7o n\u00e3o apenas representa um marco arquitet\u00f4nico, mas tamb\u00e9m uma conex\u00e3o hist\u00f3rica com o passado da cidade. A arquitetura desse edif\u00edcio reflete a \u00e9poca em que foi constru\u00eddo, revelando detalhes \u00fanicos que falam sobre as t\u00e9cnicas de constru\u00e7\u00e3o e a vida nos per\u00edodos passados.<\/p>\n<p>Por longos anos, o complexo esteve relegado ao abandono, mas o seu significado para a comunidade e para a identidade cultural da regi\u00e3o nunca foi esquecido. O pr\u00e9dio simboliza a luta pela preserva\u00e7\u00e3o da hist\u00f3ria local e pela valoriza\u00e7\u00e3o do patrim\u00f4nio. \u00c9 um lembrete da import\u00e2ncia de entender e respeitar nossas ra\u00edzes, servindo tamb\u00e9m como um atrativo para visitantes que buscam explorar a hist\u00f3ria de Piracicaba.<\/p>\n<h2>A A\u00e7\u00e3o do Vereador Ary Pedroso Jr.<\/h2>\n<p>Recentemente, o vereador Ary Pedroso Jr. (PL) desempenhou um papel fundamental na revitaliza\u00e7\u00e3o do pr\u00e9dio 18 do Engenho Central. Por meio de sua iniciativa, foi proposta a realiza\u00e7\u00e3o de servi\u00e7os de limpeza e adequa\u00e7\u00e3o do espa\u00e7o, com o intuito de resgatar a import\u00e2ncia hist\u00f3rica do local. A indica\u00e7\u00e3o 1980\/25 e o requerimento 1032\/25 foram os documentos que embasaram sua solicita\u00e7\u00e3o junto \u00e0 Prefeitura, demonstrando seu empenho em atender \u00e0s demandas da popula\u00e7\u00e3o local.<\/p>\n<p><img decoding=\"async\" src=\"https:\/\/www.encontrapiracicaba.com.br\/sobre\/wp-content\/uploads\/vereador-destaca-limpeza-de-predio-historico-no-engenho-central.webp\" alt=\"limpeza do pr\u00e9dio hist\u00f3rico\" loading=\"lazy\" \/><\/p>\n<p>Essa a\u00e7\u00e3o n\u00e3o apenas visa a higiene do local, mas tamb\u00e9m reflete a necessidade de promover melhorias que protejam a estrutura e a seguran\u00e7a do patrim\u00f4nio. A vis\u00e3o do vereador quanto \u00e0 preserva\u00e7\u00e3o desses espa\u00e7os \u00e9 crucial para que futuras gera\u00e7\u00f5es possam apreciar e aprender sobre a hist\u00f3ria local.<\/p>\n<h2>Processo de Limpeza e Revitaliza\u00e7\u00e3o<\/h2>\n<p>No dia 6 de fevereiro de 2026, a limpeza do pr\u00e9dio 18 foi executada pela Secretaria de Obras. O processo incluiu uma lavagem completa da estrutura com caminh\u00e3o-pipa, remo\u00e7\u00e3o de detritos e lixo que haviam se acumulado ao longo dos anos. Tamb\u00e9m foi instalada uma nova entrada, um port\u00e3o que ir\u00e1 dificultar poss\u00edveis invas\u00f5es, assegurando a integridade do patrim\u00f4nio.<\/p>\n<p>As interven\u00e7\u00f5es realizadas s\u00e3o passos importantes n\u00e3o apenas para sanar a quest\u00e3o da sujeira, mas tamb\u00e9m para restaurar o aspecto visual do espa\u00e7o, tornando-o mais atraente e seguro para a comunidade. Tais melhorias s\u00e3o vistas como um investimento na valoriza\u00e7\u00e3o do patrim\u00f4nio cultural, vital para o desenvolvimento social e tur\u00edstico da cidade.<\/p>\n<h2>Benef\u00edcios da Limpeza do Pr\u00e9dio<\/h2>\n<p>A limpeza do pr\u00e9dio 18 trouxe uma s\u00e9rie de benef\u00edcios evidentes para a regi\u00e3o ao redor e para os moradores do bairro Terras do Engenho. Entre os principais benef\u00edcios, podemos listar:<\/p>\n<ul>\n<li><strong>Seguran\u00e7a Aumentada:<\/strong> Com a instala\u00e7\u00e3o de um novo port\u00e3o e a limpeza do espa\u00e7o, a seguran\u00e7a do pr\u00e9dio e da vizinhan\u00e7a teve uma grande melhoria, reduzindo incidentes de vandalismo.<\/li>\n<li><strong>Valoriza\u00e7\u00e3o do Patrim\u00f4nio:<\/strong> A revitaliza\u00e7\u00e3o est\u00e9tica do pr\u00e9dio refor\u00e7a a import\u00e2ncia da preserva\u00e7\u00e3o cultural, incentivando mais a\u00e7\u00f5es de resgate de outros patrim\u00f4nios da cidade.<\/li>\n<li><strong>Melhoria da Qualidade de Vida:<\/strong> Um ambiente mais limpo e seguro tem impacto direto no bem-estar da comunidade, trazendo um senso de orgulho e pertencimento entre os moradores.<\/li>\n<li><strong>Impulso ao Turismo:<\/strong> A revitaliza\u00e7\u00e3o pode atrair turistas interessados na hist\u00f3ria local, colaborando para o fortalecimento da economia local atrav\u00e9s do turismo.<\/li>\n<\/ul>\n<h2>Como a Comunidade Reagiu \u00e0 Melhoria<\/h2>\n<p>A resposta da comunidade em rela\u00e7\u00e3o \u00e0 iniciativa do vereador e \u00e0 realiza\u00e7\u00e3o da limpeza foi amplamente positiva. Moradores expressaram sua satisfa\u00e7\u00e3o pelas melhorias, enfatizando que este tipo de a\u00e7\u00e3o \u00e9 crucial para engajar a popula\u00e7\u00e3o na preserva\u00e7\u00e3o de seu patrim\u00f4nio.<\/p>\n<p>A intera\u00e7\u00e3o com os cidad\u00e3os evidencia a import\u00e2ncia de ouvir e atender \u00e0s demandas da popula\u00e7\u00e3o, a qual muitas vezes est\u00e1 ansiosa por melhorias em seu entorno. Esse sentimento \u00e9 refor\u00e7ado por um desejo comum de ver sua hist\u00f3ria e cultura valorizadas, o que, no caso do Engenho Central, torna-se uma realidade palp\u00e1vel.<\/p>\n<h2>Import\u00e2ncia da Preserva\u00e7\u00e3o do Patrim\u00f4nio<\/h2>\n<p>A preserva\u00e7\u00e3o do patrim\u00f4nio cultural e hist\u00f3rico, como o pr\u00e9dio 18 do Engenho Central, \u00e9 fundamental para a identidade de uma comunidade. Espa\u00e7os assim carregam hist\u00f3rias que moldaram a cultura local e servem como instrumentos de educa\u00e7\u00e3o e conscientiza\u00e7\u00e3o sobre a import\u00e2ncia do passado.<\/p>\n<p>Al\u00e9m disso, o cuidado com o patrim\u00f4nio hist\u00f3rico estimula o turismo, que se torna uma fonte valiosa de receitas para a cidade. Assim, o investimento na manuten\u00e7\u00e3o desses locais promove n\u00e3o somente a valoriza\u00e7\u00e3o da hist\u00f3ria, mas tamb\u00e9m um retorno econ\u00f4mico, beneficiando todos os cidad\u00e3os.<\/p>\n<h2>Hist\u00f3rias do Engenho Central<\/h2>\n<p>O Engenho Central tem uma trajet\u00f3ria rica e repleta de acontecimentos significativos que moldaram n\u00e3o apenas a cidade de Piracicaba, mas tamb\u00e9m o estado de S\u00e3o Paulo. Ao longo dos anos, esse local foi testemunha de importantes transforma\u00e7\u00f5es sociais e econ\u00f4micas.<\/p>\n<p>Estabelecido como um centro de produ\u00e7\u00e3o, seu funcionamento esteve diretamente ligado \u00e0 economia da cana-de-a\u00e7\u00facar, refletindo a hist\u00f3ria do desenvolvimento da regi\u00e3o. Os relatos de trabalho, conviv\u00eancia e luta nesse espa\u00e7o ainda ecoam entre os moradores, tornando-o um s\u00edmbolo de resist\u00eancia e for\u00e7a comunit\u00e1ria.<\/p>\n<h2>A Fun\u00e7\u00e3o do Pr\u00e9dio no Passado<\/h2>\n<p>No seu auge, a \u201cEsterqueira\u201d cumpria um papel crucial nas opera\u00e7\u00f5es do Engenho Central, contribuindo para a produ\u00e7\u00e3o de a\u00e7\u00facar e, consequentemente, influenciando a economia local. Os processos realizados ali foram essenciais para a forma\u00e7\u00e3o do que hoje conhecemos como Piracicaba.<\/p>\n<p>A fun\u00e7\u00e3o pr\u00e1tica e industrial do pr\u00e9dio ao longo dos anos n\u00e3o deve ser subestimada. Cada parede, cada estrutura conta uma parte da narrativa do funcionamento desta importante ind\u00fastria, que foi vital para o desenvolvimento socioecon\u00f4mico da comunidade.<\/p>\n<h2>Pr\u00f3ximos Passos para a Revitaliza\u00e7\u00e3o<\/h2>\n<p>Com a limpeza do pr\u00e9dio realizada, o pr\u00f3ximo passo \u00e9 assegurar que estas melhorias sejam mantidas e que outras a\u00e7\u00f5es de revitaliza\u00e7\u00e3o possam ser implementadas. Isso pode incluir atividades como:<\/p>\n<ul>\n<li><strong>Cria\u00e7\u00e3o de Programas Culturais:<\/strong> Incentivar eventos e atividades que envolvam a comunidade, promovendo o uso do espa\u00e7o.<\/li>\n<li><strong>Parcerias com Institui\u00e7\u00f5es:<\/strong> Colaborar com universidades e organiza\u00e7\u00f5es culturais para promover pesquisas e exposi\u00e7\u00f5es que valorizem a hist\u00f3ria do local.<\/li>\n<li><strong>Desenvolvimento de projetos de restaura\u00e7\u00e3o:<\/strong> Avaliar a possibilidade de restaura\u00e7\u00e3o de outras partes do complexo para que se possa revitalizar ainda mais a \u00e1rea.<\/li>\n<\/ul>\n<h2>O Futuro do Engenho Central<\/h2>\n<p>O futuro do Engenho Central e do pr\u00e9dio 18 podem ser promissores, se bem planejados e executados. A implementa\u00e7\u00e3o de a\u00e7\u00f5es de preserva\u00e7\u00e3o e revitaliza\u00e7\u00e3o de espa\u00e7os hist\u00f3ricos deve sempre estar alinhada com a participa\u00e7\u00e3o ativa da comunidade e do poder p\u00fablico.<\/p>\n<p>Portanto, ao olhar para frente, \u00e9 essencial que a popula\u00e7\u00e3o continue engajada e que novas iniciativas surjam, garantindo que o legado cultural continue a ser parte da vida dos cidad\u00e3os e que esses importantes marcos hist\u00f3ricos sejam cuidadas com o devido respeito e valoriza\u00e7\u00e3o. Com o suporte e a colabora\u00e7\u00e3o de todos, o Engenho Central pode se tornar n\u00e3o apenas um ponto de mem\u00f3ria, mas tamb\u00e9m um espa\u00e7o de encontro e celebra\u00e7\u00e3o da rica hist\u00f3ria de Piracicaba.<\/p>\n\n<div style=\"font-size: 0px; height: 0px; line-height: 0px; margin: 0; padding: 0; clear: both;\"><\/div>","protected":false},"excerpt":{"rendered":"<p>A limpeza do pr\u00e9dio hist\u00f3rico no Engenho Central \u00e9 um marco na preserva\u00e7\u00e3o do patrim\u00f4nio de Piracicaba.<\/p>\n","protected":false},"author":1,"featured_media":4131,"comment_status":"closed","ping_status":"closed","sticky":false,"template":"","format":"standard","meta":{"footnotes":""},"categories":[6],"tags":[],"class_list":["post-4132","post","type-post","status-publish","format-standard","has-post-thumbnail","hentry","category-noticias-em-piracicaba","has_thumb"],"aioseo_notices":[],"aioseo_head":"\n\t\t<!-- All in One SEO 5.0.0.1 - aioseo.com -->\n\t<meta name=\"robots\" content=\"max-image-preview:large\" \/>\n\t<meta name=\"author\" content=\"Encontra Piracicaba\"\/>\n\t<link rel=\"canonical\" href=\"https:\/\/www.encontrapiracicaba.com.br\/sobre\/vereador-destaca-limpeza-de-predio-historico-no-engenho-central\/\" \/>\n\t<meta name=\"generator\" content=\"All in One SEO (AIOSEO) 5.0.0.1\" \/>\n\t\t<meta property=\"og:locale\" content=\"pt_BR\" \/>\n\t\t<meta property=\"og:site_name\" content=\"Encontra Piracicaba | Not\u00edcias, eventos, informa\u00e7\u00f5es e dicas na cidade de Piracicaba e regi\u00e3o\" \/>\n\t\t<meta property=\"og:type\" content=\"article\" \/>\n\t\t<meta property=\"og:title\" content=\"Vereador destaca limpeza de pr\u00e9dio hist\u00f3rico no Engenho Central | Encontra Piracicaba\" \/>\n\t\t<meta property=\"og:url\" content=\"https:\/\/www.encontrapiracicaba.com.br\/sobre\/vereador-destaca-limpeza-de-predio-historico-no-engenho-central\/\" \/>\n\t\t<meta property=\"article:published_time\" content=\"2026-02-09T14:59:05+00:00\" \/>\n\t\t<meta property=\"article:modified_time\" content=\"2026-02-09T14:59:05+00:00\" \/>\n\t\t<meta name=\"twitter:card\" content=\"summary\" \/>\n\t\t<meta name=\"twitter:title\" content=\"Vereador destaca limpeza de pr\u00e9dio hist\u00f3rico no Engenho Central | Encontra Piracicaba\" \/>\n\t\t<script type=\"application\/ld+json\" class=\"aioseo-schema\">\n\t\t\t{\"@context\":\"https:\\\/\\\/schema.org\",\"@graph\":[{\"@type\":\"Article\",\"@id\":\"https:\\\/\\\/www.encontrapiracicaba.com.br\\\/sobre\\\/vereador-destaca-limpeza-de-predio-historico-no-engenho-central\\\/#article\",\"name\":\"Vereador destaca limpeza de pr\\u00e9dio hist\\u00f3rico no Engenho Central | Encontra Piracicaba\",\"headline\":\"Vereador destaca limpeza de pr\\u00e9dio hist\\u00f3rico no Engenho Central\",\"author\":{\"@id\":\"https:\\\/\\\/www.encontrapiracicaba.com.br\\\/sobre\\\/author\\\/epiracicaba\\\/#author\"},\"publisher\":{\"@id\":\"https:\\\/\\\/www.encontrapiracicaba.com.br\\\/sobre\\\/#organization\"},\"image\":{\"@type\":\"ImageObject\",\"url\":\"https:\\\/\\\/www.encontrapiracicaba.com.br\\\/sobre\\\/wp-content\\\/uploads\\\/vereador-destaca-limpeza-de-predio-historico-no-engenho-central.webp\",\"width\":280,\"height\":280,\"caption\":\"limpeza do pr\\u00e9dio hist\\u00f3rico\"},\"datePublished\":\"2026-02-09T11:59:05-03:00\",\"dateModified\":\"2026-02-09T11:59:05-03:00\",\"inLanguage\":\"pt-BR\",\"mainEntityOfPage\":{\"@id\":\"https:\\\/\\\/www.encontrapiracicaba.com.br\\\/sobre\\\/vereador-destaca-limpeza-de-predio-historico-no-engenho-central\\\/#webpage\"},\"isPartOf\":{\"@id\":\"https:\\\/\\\/www.encontrapiracicaba.com.br\\\/sobre\\\/vereador-destaca-limpeza-de-predio-historico-no-engenho-central\\\/#webpage\"},\"articleSection\":\"Not\\u00edcias Piracicaba\"},{\"@type\":\"BreadcrumbList\",\"@id\":\"https:\\\/\\\/www.encontrapiracicaba.com.br\\\/sobre\\\/vereador-destaca-limpeza-de-predio-historico-no-engenho-central\\\/#breadcrumblist\",\"itemListElement\":[{\"@type\":\"ListItem\",\"@id\":\"https:\\\/\\\/www.encontrapiracicaba.com.br\\\/sobre#listItem\",\"position\":1,\"name\":\"In\\u00edcio\",\"item\":\"https:\\\/\\\/www.encontrapiracicaba.com.br\\\/sobre\",\"nextItem\":{\"@type\":\"ListItem\",\"@id\":\"https:\\\/\\\/www.encontrapiracicaba.com.br\\\/sobre\\\/noticias-em-piracicaba\\\/#listItem\",\"name\":\"Not\\u00edcias Piracicaba\"}},{\"@type\":\"ListItem\",\"@id\":\"https:\\\/\\\/www.encontrapiracicaba.com.br\\\/sobre\\\/noticias-em-piracicaba\\\/#listItem\",\"position\":2,\"name\":\"Not\\u00edcias Piracicaba\",\"item\":\"https:\\\/\\\/www.encontrapiracicaba.com.br\\\/sobre\\\/noticias-em-piracicaba\\\/\",\"nextItem\":{\"@type\":\"ListItem\",\"@id\":\"https:\\\/\\\/www.encontrapiracicaba.com.br\\\/sobre\\\/vereador-destaca-limpeza-de-predio-historico-no-engenho-central\\\/#listItem\",\"name\":\"Vereador destaca limpeza de pr\\u00e9dio hist\\u00f3rico no Engenho Central\"},\"previousItem\":{\"@type\":\"ListItem\",\"@id\":\"https:\\\/\\\/www.encontrapiracicaba.com.br\\\/sobre#listItem\",\"name\":\"In\\u00edcio\"}},{\"@type\":\"ListItem\",\"@id\":\"https:\\\/\\\/www.encontrapiracicaba.com.br\\\/sobre\\\/vereador-destaca-limpeza-de-predio-historico-no-engenho-central\\\/#listItem\",\"position\":3,\"name\":\"Vereador destaca limpeza de pr\\u00e9dio hist\\u00f3rico no Engenho Central\",\"previousItem\":{\"@type\":\"ListItem\",\"@id\":\"https:\\\/\\\/www.encontrapiracicaba.com.br\\\/sobre\\\/noticias-em-piracicaba\\\/#listItem\",\"name\":\"Not\\u00edcias Piracicaba\"}}]},{\"@type\":\"Organization\",\"@id\":\"https:\\\/\\\/www.encontrapiracicaba.com.br\\\/sobre\\\/#organization\",\"name\":\"Encontra Piracicaba\",\"description\":\"Not\\u00edcias, eventos, informa\\u00e7\\u00f5es e dicas na cidade de Piracicaba e regi\\u00e3o\",\"url\":\"https:\\\/\\\/www.encontrapiracicaba.com.br\\\/sobre\\\/\"},{\"@type\":\"Person\",\"@id\":\"https:\\\/\\\/www.encontrapiracicaba.com.br\\\/sobre\\\/author\\\/epiracicaba\\\/#author\",\"url\":\"https:\\\/\\\/www.encontrapiracicaba.com.br\\\/sobre\\\/author\\\/epiracicaba\\\/\",\"name\":\"Encontra Piracicaba\",\"image\":{\"@type\":\"ImageObject\",\"@id\":\"https:\\\/\\\/www.encontrapiracicaba.com.br\\\/sobre\\\/vereador-destaca-limpeza-de-predio-historico-no-engenho-central\\\/#authorImage\",\"url\":\"https:\\\/\\\/secure.gravatar.com\\\/avatar\\\/507340682b8270222e1f208e23198b6ae7e2c6a1033ae84e99bc6bce4f82a387?s=96&d=mm&r=g\",\"width\":96,\"height\":96,\"caption\":\"Encontra Piracicaba\"}},{\"@type\":\"WebPage\",\"@id\":\"https:\\\/\\\/www.encontrapiracicaba.com.br\\\/sobre\\\/vereador-destaca-limpeza-de-predio-historico-no-engenho-central\\\/#webpage\",\"url\":\"https:\\\/\\\/www.encontrapiracicaba.com.br\\\/sobre\\\/vereador-destaca-limpeza-de-predio-historico-no-engenho-central\\\/\",\"name\":\"Vereador destaca limpeza de pr\\u00e9dio hist\\u00f3rico no Engenho Central | Encontra Piracicaba\",\"inLanguage\":\"pt-BR\",\"isPartOf\":{\"@id\":\"https:\\\/\\\/www.encontrapiracicaba.com.br\\\/sobre\\\/#website\"},\"breadcrumb\":{\"@id\":\"https:\\\/\\\/www.encontrapiracicaba.com.br\\\/sobre\\\/vereador-destaca-limpeza-de-predio-historico-no-engenho-central\\\/#breadcrumblist\"},\"author\":{\"@id\":\"https:\\\/\\\/www.encontrapiracicaba.com.br\\\/sobre\\\/author\\\/epiracicaba\\\/#author\"},\"creator\":{\"@id\":\"https:\\\/\\\/www.encontrapiracicaba.com.br\\\/sobre\\\/author\\\/epiracicaba\\\/#author\"},\"image\":{\"@type\":\"ImageObject\",\"url\":\"https:\\\/\\\/www.encontrapiracicaba.com.br\\\/sobre\\\/wp-content\\\/uploads\\\/vereador-destaca-limpeza-de-predio-historico-no-engenho-central.webp\",\"@id\":\"https:\\\/\\\/www.encontrapiracicaba.com.br\\\/sobre\\\/vereador-destaca-limpeza-de-predio-historico-no-engenho-central\\\/#mainImage\",\"width\":280,\"height\":280,\"caption\":\"limpeza do pr\\u00e9dio hist\\u00f3rico\"},\"primaryImageOfPage\":{\"@id\":\"https:\\\/\\\/www.encontrapiracicaba.com.br\\\/sobre\\\/vereador-destaca-limpeza-de-predio-historico-no-engenho-central\\\/#mainImage\"},\"datePublished\":\"2026-02-09T11:59:05-03:00\",\"dateModified\":\"2026-02-09T11:59:05-03:00\"},{\"@type\":\"WebSite\",\"@id\":\"https:\\\/\\\/www.encontrapiracicaba.com.br\\\/sobre\\\/#website\",\"url\":\"https:\\\/\\\/www.encontrapiracicaba.com.br\\\/sobre\\\/\",\"name\":\"Encontra Piracicaba\",\"description\":\"Not\\u00edcias, eventos, informa\\u00e7\\u00f5es e dicas na cidade de Piracicaba e regi\\u00e3o\",\"inLanguage\":\"pt-BR\",\"publisher\":{\"@id\":\"https:\\\/\\\/www.encontrapiracicaba.com.br\\\/sobre\\\/#organization\"}}]}\n\t\t<\/script>\n\t\t<!-- All in One SEO -->\n\n","aioseo_head_json":{"title":"Vereador destaca limpeza de pr\u00e9dio hist\u00f3rico no Engenho Central | Encontra Piracicaba","description":"","canonical_url":"https:\/\/www.encontrapiracicaba.com.br\/sobre\/vereador-destaca-limpeza-de-predio-historico-no-engenho-central\/","robots":"max-image-preview:large","keywords":"","webmasterTools":{"miscellaneous":""},"schema":{"@context":"https:\/\/schema.org","@graph":[{"@type":"Article","@id":"https:\/\/www.encontrapiracicaba.com.br\/sobre\/vereador-destaca-limpeza-de-predio-historico-no-engenho-central\/#article","name":"Vereador destaca limpeza de pr\u00e9dio hist\u00f3rico no Engenho Central | Encontra Piracicaba","headline":"Vereador destaca limpeza de pr\u00e9dio hist\u00f3rico no Engenho Central","author":{"@id":"https:\/\/www.encontrapiracicaba.com.br\/sobre\/author\/epiracicaba\/#author"},"publisher":{"@id":"https:\/\/www.encontrapiracicaba.com.br\/sobre\/#organization"},"image":{"@type":"ImageObject","url":"https:\/\/www.encontrapiracicaba.com.br\/sobre\/wp-content\/uploads\/vereador-destaca-limpeza-de-predio-historico-no-engenho-central.webp","width":280,"height":280,"caption":"limpeza do pr\u00e9dio hist\u00f3rico"},"datePublished":"2026-02-09T11:59:05-03:00","dateModified":"2026-02-09T11:59:05-03:00","inLanguage":"pt-BR","mainEntityOfPage":{"@id":"https:\/\/www.encontrapiracicaba.com.br\/sobre\/vereador-destaca-limpeza-de-predio-historico-no-engenho-central\/#webpage"},"isPartOf":{"@id":"https:\/\/www.encontrapiracicaba.com.br\/sobre\/vereador-destaca-limpeza-de-predio-historico-no-engenho-central\/#webpage"},"articleSection":"Not\u00edcias Piracicaba"},{"@type":"BreadcrumbList","@id":"https:\/\/www.encontrapiracicaba.com.br\/sobre\/vereador-destaca-limpeza-de-predio-historico-no-engenho-central\/#breadcrumblist","itemListElement":[{"@type":"ListItem","@id":"https:\/\/www.encontrapiracicaba.com.br\/sobre#listItem","position":1,"name":"In\u00edcio","item":"https:\/\/www.encontrapiracicaba.com.br\/sobre","nextItem":{"@type":"ListItem","@id":"https:\/\/www.encontrapiracicaba.com.br\/sobre\/noticias-em-piracicaba\/#listItem","name":"Not\u00edcias Piracicaba"}},{"@type":"ListItem","@id":"https:\/\/www.encontrapiracicaba.com.br\/sobre\/noticias-em-piracicaba\/#listItem","position":2,"name":"Not\u00edcias Piracicaba","item":"https:\/\/www.encontrapiracicaba.com.br\/sobre\/noticias-em-piracicaba\/","nextItem":{"@type":"ListItem","@id":"https:\/\/www.encontrapiracicaba.com.br\/sobre\/vereador-destaca-limpeza-de-predio-historico-no-engenho-central\/#listItem","name":"Vereador destaca limpeza de pr\u00e9dio hist\u00f3rico no Engenho Central"},"previousItem":{"@type":"ListItem","@id":"https:\/\/www.encontrapiracicaba.com.br\/sobre#listItem","name":"In\u00edcio"}},{"@type":"ListItem","@id":"https:\/\/www.encontrapiracicaba.com.br\/sobre\/vereador-destaca-limpeza-de-predio-historico-no-engenho-central\/#listItem","position":3,"name":"Vereador destaca limpeza de pr\u00e9dio hist\u00f3rico no Engenho Central","previousItem":{"@type":"ListItem","@id":"https:\/\/www.encontrapiracicaba.com.br\/sobre\/noticias-em-piracicaba\/#listItem","name":"Not\u00edcias Piracicaba"}}]},{"@type":"Organization","@id":"https:\/\/www.encontrapiracicaba.com.br\/sobre\/#organization","name":"Encontra Piracicaba","description":"Not\u00edcias, eventos, informa\u00e7\u00f5es e dicas na cidade de Piracicaba e regi\u00e3o","url":"https:\/\/www.encontrapiracicaba.com.br\/sobre\/"},{"@type":"Person","@id":"https:\/\/www.encontrapiracicaba.com.br\/sobre\/author\/epiracicaba\/#author","url":"https:\/\/www.encontrapiracicaba.com.br\/sobre\/author\/epiracicaba\/","name":"Encontra Piracicaba","image":{"@type":"ImageObject","@id":"https:\/\/www.encontrapiracicaba.com.br\/sobre\/vereador-destaca-limpeza-de-predio-historico-no-engenho-central\/#authorImage","url":"https:\/\/secure.gravatar.com\/avatar\/507340682b8270222e1f208e23198b6ae7e2c6a1033ae84e99bc6bce4f82a387?s=96&d=mm&r=g","width":96,"height":96,"caption":"Encontra Piracicaba"}},{"@type":"WebPage","@id":"https:\/\/www.encontrapiracicaba.com.br\/sobre\/vereador-destaca-limpeza-de-predio-historico-no-engenho-central\/#webpage","url":"https:\/\/www.encontrapiracicaba.com.br\/sobre\/vereador-destaca-limpeza-de-predio-historico-no-engenho-central\/","name":"Vereador destaca limpeza de pr\u00e9dio hist\u00f3rico no Engenho Central | Encontra Piracicaba","inLanguage":"pt-BR","isPartOf":{"@id":"https:\/\/www.encontrapiracicaba.com.br\/sobre\/#website"},"breadcrumb":{"@id":"https:\/\/www.encontrapiracicaba.com.br\/sobre\/vereador-destaca-limpeza-de-predio-historico-no-engenho-central\/#breadcrumblist"},"author":{"@id":"https:\/\/www.encontrapiracicaba.com.br\/sobre\/author\/epiracicaba\/#author"},"creator":{"@id":"https:\/\/www.encontrapiracicaba.com.br\/sobre\/author\/epiracicaba\/#author"},"image":{"@type":"ImageObject","url":"https:\/\/www.encontrapiracicaba.com.br\/sobre\/wp-content\/uploads\/vereador-destaca-limpeza-de-predio-historico-no-engenho-central.webp","@id":"https:\/\/www.encontrapiracicaba.com.br\/sobre\/vereador-destaca-limpeza-de-predio-historico-no-engenho-central\/#mainImage","width":280,"height":280,"caption":"limpeza do pr\u00e9dio hist\u00f3rico"},"primaryImageOfPage":{"@id":"https:\/\/www.encontrapiracicaba.com.br\/sobre\/vereador-destaca-limpeza-de-predio-historico-no-engenho-central\/#mainImage"},"datePublished":"2026-02-09T11:59:05-03:00","dateModified":"2026-02-09T11:59:05-03:00"},{"@type":"WebSite","@id":"https:\/\/www.encontrapiracicaba.com.br\/sobre\/#website","url":"https:\/\/www.encontrapiracicaba.com.br\/sobre\/","name":"Encontra Piracicaba","description":"Not\u00edcias, eventos, informa\u00e7\u00f5es e dicas na cidade de Piracicaba e regi\u00e3o","inLanguage":"pt-BR","publisher":{"@id":"https:\/\/www.encontrapiracicaba.com.br\/sobre\/#organization"}}]},"og:locale":"pt_BR","og:site_name":"Encontra Piracicaba | Not\u00edcias, eventos, informa\u00e7\u00f5es e dicas na cidade de Piracicaba e regi\u00e3o","og:type":"article","og:title":"Vereador destaca limpeza de pr\u00e9dio hist\u00f3rico no Engenho Central | Encontra Piracicaba","og:url":"https:\/\/www.encontrapiracicaba.com.br\/sobre\/vereador-destaca-limpeza-de-predio-historico-no-engenho-central\/","article:published_time":"2026-02-09T14:59:05+00:00","article:modified_time":"2026-02-09T14:59:05+00:00","twitter:card":"summary","twitter:title":"Vereador destaca limpeza de pr\u00e9dio hist\u00f3rico no Engenho Central | Encontra Piracicaba"},"aioseo_meta_data":{"post_id":"4132","title":null,"description":null,"keywords":null,"keyphrases":null,"primary_term":null,"canonical_url":null,"og_title":null,"og_description":null,"og_object_type":"default","og_image_type":"default","og_image_url":null,"og_image_width":null,"og_image_height":null,"og_image_custom_url":null,"og_image_custom_fields":null,"og_video":null,"og_custom_url":null,"og_article_section":null,"og_article_tags":null,"twitter_use_og":false,"twitter_card":"default","twitter_image_type":"default","twitter_image_url":null,"twitter_image_custom_url":null,"twitter_image_custom_fields":null,"twitter_title":null,"twitter_description":null,"schema":{"blockGraphs":[],"customGraphs":[],"default":{"data":{"Article":[],"Course":[],"Dataset":[],"FAQPage":[],"Movie":[],"Person":[],"Product":[],"ProductReview":[],"Car":[],"Recipe":[],"Service":[],"SoftwareApplication":[],"WebPage":[]},"graphName":"Article","isEnabled":true},"graphs":[]},"schema_type":"default","schema_type_options":null,"pillar_content":false,"robots_default":true,"robots_noindex":false,"robots_noarchive":false,"robots_nosnippet":false,"robots_nofollow":false,"robots_noimageindex":false,"robots_noodp":false,"robots_notranslate":false,"robots_max_snippet":null,"robots_max_videopreview":null,"robots_max_imagepreview":"large","priority":null,"frequency":null,"local_seo":null,"breadcrumb_settings":null,"limit_modified_date":false,"ai":null,"created":"2026-02-09 14:59:11","updated":"2026-02-09 15:12:36","focus_keyword":null,"additional_keywords":null,"truseo_locale":null,"seo_analyzer_scan_date":null},"aioseo_breadcrumb":"<div class=\"aioseo-breadcrumbs\"><span class=\"aioseo-breadcrumb\">\n\t\t\t<a href=\"https:\/\/www.encontrapiracicaba.com.br\/sobre\" title=\"In\u00edcio\">In\u00edcio<\/a>\n\t\t<\/span><span class=\"aioseo-breadcrumb-separator\">&raquo;<\/span><span class=\"aioseo-breadcrumb\">\n\t\t\t<a href=\"https:\/\/www.encontrapiracicaba.com.br\/sobre\/noticias-em-piracicaba\/\" title=\"Not\u00edcias Piracicaba\">Not\u00edcias Piracicaba<\/a>\n\t\t<\/span><span class=\"aioseo-breadcrumb-separator\">&raquo;<\/span><span class=\"aioseo-breadcrumb\">\n\t\t\tVereador destaca limpeza de pr\u00e9dio hist\u00f3rico no Engenho Central\n\t\t<\/span><\/div>","aioseo_breadcrumb_json":[{"label":"In\u00edcio","link":"https:\/\/www.encontrapiracicaba.com.br\/sobre"},{"label":"Not\u00edcias Piracicaba","link":"https:\/\/www.encontrapiracicaba.com.br\/sobre\/noticias-em-piracicaba\/"},{"label":"Vereador destaca limpeza de pr\u00e9dio hist\u00f3rico no Engenho Central","link":"https:\/\/www.encontrapiracicaba.com.br\/sobre\/vereador-destaca-limpeza-de-predio-historico-no-engenho-central\/"}],"_links":{"self":[{"href":"https:\/\/www.encontrapiracicaba.com.br\/sobre\/wp-json\/wp\/v2\/posts\/4132","targetHints":{"allow":["GET"]}}],"collection":[{"href":"https:\/\/www.encontrapiracicaba.com.br\/sobre\/wp-json\/wp\/v2\/posts"}],"about":[{"href":"https:\/\/www.encontrapiracicaba.com.br\/sobre\/wp-json\/wp\/v2\/types\/post"}],"author":[{"embeddable":true,"href":"https:\/\/www.encontrapiracicaba.com.br\/sobre\/wp-json\/wp\/v2\/users\/1"}],"replies":[{"embeddable":true,"href":"https:\/\/www.encontrapiracicaba.com.br\/sobre\/wp-json\/wp\/v2\/comments?post=4132"}],"version-history":[{"count":0,"href":"https:\/\/www.encontrapiracicaba.com.br\/sobre\/wp-json\/wp\/v2\/posts\/4132\/revisions"}],"wp:featuredmedia":[{"embeddable":true,"href":"https:\/\/www.encontrapiracicaba.com.br\/sobre\/wp-json\/wp\/v2\/media\/4131"}],"wp:attachment":[{"href":"https:\/\/www.encontrapiracicaba.com.br\/sobre\/wp-json\/wp\/v2\/media?parent=4132"}],"wp:term":[{"taxonomy":"category","embeddable":true,"href":"https:\/\/www.encontrapiracicaba.com.br\/sobre\/wp-json\/wp\/v2\/categories?post=4132"},{"taxonomy":"post_tag","embeddable":true,"href":"https:\/\/www.encontrapiracicaba.com.br\/sobre\/wp-json\/wp\/v2\/tags?post=4132"}],"curies":[{"name":"wp","href":"https:\/\/api.w.org\/{rel}","templated":true}]}}