{"id":4142,"date":"2026-02-11T11:59:56","date_gmt":"2026-02-11T14:59:56","guid":{"rendered":"https:\/\/www.encontrapiracicaba.com.br\/sobre\/mocao-de-aplausos-enaltece-os-40-anos-da-apae-piracicaba\/"},"modified":"2026-02-11T11:59:56","modified_gmt":"2026-02-11T14:59:56","slug":"mocao-de-aplausos-enaltece-os-40-anos-da-apae-piracicaba","status":"publish","type":"post","link":"https:\/\/www.encontrapiracicaba.com.br\/sobre\/mocao-de-aplausos-enaltece-os-40-anos-da-apae-piracicaba\/","title":{"rendered":"Mo\u00e7\u00e3o de aplausos enaltece os 40 anos da Apae Piracicaba"},"content":{"rendered":"<div class=\"85df007ed5c0c4d4b453fd13a37855e8\" data-index=\"1\" style=\"float: none; margin:0px;\">\n<!-- Anuncio display - global -->\r\n<ins class=\"adsbygoogle\"\r\n     style=\"display:block\"\r\n     data-ad-client=\"ca-pub-8585364105181520\"\r\n     data-ad-slot=\"8789329856\"\r\n     data-ad-format=\"auto\"\r\n     data-full-width-responsive=\"true\"><\/ins>\r\n<script>\r\n     (adsbygoogle = window.adsbygoogle || []).push({});\r\n<\/script>\n<\/div>\n<h2>O que \u00e9 a Apae Piracicaba?<\/h2>\n<p>A Apae (Associa\u00e7\u00e3o de Pais e Amigos dos Excepcionais) Piracicaba \u00e9 uma organiza\u00e7\u00e3o que se dedica a promover o bem-estar e a inclus\u00e3o das pessoas com defici\u00eancias. Com o objetivo de oferecer suporte e atendimento personalizado, a entidade se tornou uma refer\u00eancia em sua \u00e1rea, proporcionando diversos servi\u00e7os e programas voltados para a educa\u00e7\u00e3o e desenvolvimento de seus usu\u00e1rios.<\/p>\n<h2>Hist\u00f3ria da Apae ao longo das d\u00e9cadas<\/h2>\n<p>A Apae Piracicaba foi fundada em 29 de janeiro de 1986, atrav\u00e9s da iniciativa de pais e amigos que buscavam garantir um atendimento digno e especializado para seus filhos com defici\u00eancia. Inspirando-se no modelo do movimento Apae Brasil, que come\u00e7ou no Rio de Janeiro em 1954, a entidade rapidamente expandiu seus servi\u00e7os, atendendo n\u00e3o apenas Piracicaba, mas tamb\u00e9m cidades vizinhas como Charqueada, Saltinho e Rio das Pedras. Ao longo de 40 anos, a organiza\u00e7\u00e3o tem se dedicado a promover a inclus\u00e3o social e garantir os direitos das pessoas com defici\u00eancia.<\/p>\n<h2>A import\u00e2ncia da inclus\u00e3o social<\/h2>\n<p>A inclus\u00e3o social de pessoas com defici\u00eancias \u00e9 fundamental para uma sociedade mais justa e igualit\u00e1ria. A Apae Piracicaba tem se esfor\u00e7ado para romper barreiras e preconceitos, promovendo a\u00e7\u00f5es que ajudam a integrar pessoas com defici\u00eancias no ambiente escolar e na comunidade. Essa inclus\u00e3o n\u00e3o apenas beneficia os indiv\u00edduos atendidos, mas tamb\u00e9m enriquece a sociedade como um todo, que se torna mais diversificada e acolhedora.<\/p>\n<p><img decoding=\"async\" src=\"https:\/\/www.encontrapiracicaba.com.br\/sobre\/wp-content\/uploads\/mocao-de-aplausos-enaltece-os-40-anos-da-apae-piracicaba.webp\" alt=\"Mo\u00e7\u00e3o de aplausos Apae Piracicaba\" loading=\"lazy\" \/><\/p>\n<h2>Impacto da Apae na comunidade local<\/h2>\n<p>Desde sua funda\u00e7\u00e3o, a Apae Piracicaba tem causado um impacto significativo na comunidade. Entre suas realiza\u00e7\u00f5es, a entidade formou um n\u00famero consider\u00e1vel de cidad\u00e3os aut\u00f4nomos e bem-sucedidos, contribuindo para a redu\u00e7\u00e3o do estigma relacionado \u00e0s defici\u00eancias. Atrav\u00e9s de programas educacionais e oficinas, muitos alunos desenvolveram habilidades que lhes permitem uma maior inclus\u00e3o e qualidade de vida.<\/p>\n<h2>Desafios enfrentados pela Apae Piracicaba<\/h2>\n<p>Apesar de suas conquistas, a Apae Piracicaba enfrenta constantes desafios, especialmente em quest\u00f5es financeiras. A manuten\u00e7\u00e3o da qualidade dos servi\u00e7os oferecidos \u00e9 uma preocupa\u00e7\u00e3o constante, j\u00e1 que a maioria das atividades \u00e9 realizada gratuitamente, necessitando de recursos para cobrir custos operacionais. Essas dificuldades ressaltam a import\u00e2ncia do apoio da comunidade e de iniciativas de arrecada\u00e7\u00e3o.<\/p>\n<h2>Programas e servi\u00e7os oferecidos<\/h2>\n<p>A Apae Piracicaba oferece uma variedade de programas e servi\u00e7os que atendem \u00e0s necessidades das pessoas com defici\u00eancia. Entre eles, destacam-se:<\/p>\n<ul>\n<li><strong>Educa\u00e7\u00e3o Infantil e Ensino Fundamental:<\/strong> Programas educacionais que visam o desenvolvimento integral das crian\u00e7as e jovens.<\/li>\n<li><strong>Educa\u00e7\u00e3o de Jovens e Adultos (EJA):<\/strong> Um programa dedicado a proporcionar educa\u00e7\u00e3o para aqueles que n\u00e3o tiveram a oportunidade no passado.<\/li>\n<li><strong>Oficinas Pedag\u00f3gicas:<\/strong> Workshops que focam em habilidades pr\u00e1ticas e autonomia.<\/li>\n<li><strong>Atendimento Multidisciplinar:<\/strong> Servi\u00e7os especializados com uma equipe composta por pedagogos, terapeutas e educadores f\u00edsicos.<\/li>\n<\/ul>\n<h2>Testemunhos sobre a Apae<\/h2>\n<p>Os relatos de pessoas que passaram pela Apae Piracicaba ilustram a import\u00e2ncia do trabalho realizado. Muitos ex-alunos e familiares destacam como a entidade transformou suas vidas, proporcionando n\u00e3o somente educa\u00e7\u00e3o, mas uma rede de apoio fundamental. Os testemunhos refletem a gratid\u00e3o e o reconhecimento pelos servi\u00e7os oferecidos.<\/p>\n<h2>O papel do vereador Pedro Kawai<\/h2>\n<p>O vereador Pedro Kawai foi um dos respons\u00e1veis pela recente mo\u00e7\u00e3o de aplausos em reconhecimento aos 40 anos da Apae Piracicaba. Em sua fala, Kawai enfatizou a import\u00e2ncia da inclus\u00e3o e do trabalho de defesa dos direitos das pessoas com defici\u00eancia, destacando a luta cont\u00ednua por melhores condi\u00e7\u00f5es e apoio para a entidade.<\/p>\n<h2>Celebra\u00e7\u00f5es dos 40 anos<\/h2>\n<p>As comemora\u00e7\u00f5es pelos 40 anos da Apae Piracicaba foram repletas de homenagens e eventos que celebraram a trajet\u00f3ria de conquistas e desafios superados. A festa n\u00e3o apenas reconheceu o passado, mas tamb\u00e9m refor\u00e7ou o compromisso com o futuro, incentivando a continuidade da luta por inclus\u00e3o e igualdade.<\/p>\n<h2>Como apoiar a Apae Piracicaba<\/h2>\n<p>O apoio \u00e0 Apae Piracicaba pode se dar de diversas formas. A comunidade pode contribuir atrav\u00e9s de doa\u00e7\u00f5es financeiras, que s\u00e3o essenciais para a manuten\u00e7\u00e3o dos servi\u00e7os, ou por meio de voluntariado em atividades e eventos da institui\u00e7\u00e3o. Al\u00e9m disso, a promo\u00e7\u00e3o de campanhas de conscientiza\u00e7\u00e3o sobre a import\u00e2ncia da inclus\u00e3o social tamb\u00e9m \u00e9 uma forma valiosa de apoio.<\/p>\n<p>Com a participa\u00e7\u00e3o da comunidade e a continuidade do trabalho da Apae, \u00e9 poss\u00edvel almejar um futuro onde as barreiras da inclus\u00e3o sejam permanentemente superadas, garantindo que todas as pessoas, independentemente de suas necessidades, tenham a mesma oportunidade de desenvolver seu potencial e viver dignamente.<\/p>\n\n<div style=\"font-size: 0px; height: 0px; line-height: 0px; margin: 0; padding: 0; clear: both;\"><\/div>","protected":false},"excerpt":{"rendered":"<p>Mo\u00e7\u00e3o de aplausos destaca os 40 anos da Apae Piracicaba e sua import\u00e2ncia social.<\/p>\n","protected":false},"author":1,"featured_media":4141,"comment_status":"closed","ping_status":"closed","sticky":false,"template":"","format":"standard","meta":{"footnotes":""},"categories":[6],"tags":[],"class_list":["post-4142","post","type-post","status-publish","format-standard","has-post-thumbnail","hentry","category-noticias-em-piracicaba","has_thumb"],"aioseo_notices":[],"aioseo_head":"\n\t\t<!-- All in One SEO 5.0.0.1 - aioseo.com -->\n\t<meta name=\"robots\" content=\"max-image-preview:large\" \/>\n\t<meta name=\"author\" content=\"Encontra Piracicaba\"\/>\n\t<link rel=\"canonical\" href=\"https:\/\/www.encontrapiracicaba.com.br\/sobre\/mocao-de-aplausos-enaltece-os-40-anos-da-apae-piracicaba\/\" \/>\n\t<meta name=\"generator\" content=\"All in One SEO (AIOSEO) 5.0.0.1\" \/>\n\t\t<meta property=\"og:locale\" content=\"pt_BR\" \/>\n\t\t<meta property=\"og:site_name\" content=\"Encontra Piracicaba | Not\u00edcias, eventos, informa\u00e7\u00f5es e dicas na cidade de Piracicaba e regi\u00e3o\" \/>\n\t\t<meta property=\"og:type\" content=\"article\" \/>\n\t\t<meta property=\"og:title\" content=\"Mo\u00e7\u00e3o de aplausos enaltece os 40 anos da Apae Piracicaba | Encontra Piracicaba\" \/>\n\t\t<meta property=\"og:url\" content=\"https:\/\/www.encontrapiracicaba.com.br\/sobre\/mocao-de-aplausos-enaltece-os-40-anos-da-apae-piracicaba\/\" \/>\n\t\t<meta property=\"article:published_time\" content=\"2026-02-11T14:59:56+00:00\" \/>\n\t\t<meta property=\"article:modified_time\" content=\"2026-02-11T14:59:56+00:00\" \/>\n\t\t<meta name=\"twitter:card\" content=\"summary\" \/>\n\t\t<meta name=\"twitter:title\" content=\"Mo\u00e7\u00e3o de aplausos enaltece os 40 anos da Apae Piracicaba | Encontra Piracicaba\" \/>\n\t\t<script type=\"application\/ld+json\" class=\"aioseo-schema\">\n\t\t\t{\"@context\":\"https:\\\/\\\/schema.org\",\"@graph\":[{\"@type\":\"Article\",\"@id\":\"https:\\\/\\\/www.encontrapiracicaba.com.br\\\/sobre\\\/mocao-de-aplausos-enaltece-os-40-anos-da-apae-piracicaba\\\/#article\",\"name\":\"Mo\\u00e7\\u00e3o de aplausos enaltece os 40 anos da Apae Piracicaba | Encontra Piracicaba\",\"headline\":\"Mo\\u00e7\\u00e3o de aplausos enaltece os 40 anos da Apae Piracicaba\",\"author\":{\"@id\":\"https:\\\/\\\/www.encontrapiracicaba.com.br\\\/sobre\\\/author\\\/epiracicaba\\\/#author\"},\"publisher\":{\"@id\":\"https:\\\/\\\/www.encontrapiracicaba.com.br\\\/sobre\\\/#organization\"},\"image\":{\"@type\":\"ImageObject\",\"url\":\"https:\\\/\\\/www.encontrapiracicaba.com.br\\\/sobre\\\/wp-content\\\/uploads\\\/mocao-de-aplausos-enaltece-os-40-anos-da-apae-piracicaba.webp\",\"width\":280,\"height\":280,\"caption\":\"Mo\\u00e7\\u00e3o de aplausos Apae Piracicaba\"},\"datePublished\":\"2026-02-11T11:59:56-03:00\",\"dateModified\":\"2026-02-11T11:59:56-03:00\",\"inLanguage\":\"pt-BR\",\"mainEntityOfPage\":{\"@id\":\"https:\\\/\\\/www.encontrapiracicaba.com.br\\\/sobre\\\/mocao-de-aplausos-enaltece-os-40-anos-da-apae-piracicaba\\\/#webpage\"},\"isPartOf\":{\"@id\":\"https:\\\/\\\/www.encontrapiracicaba.com.br\\\/sobre\\\/mocao-de-aplausos-enaltece-os-40-anos-da-apae-piracicaba\\\/#webpage\"},\"articleSection\":\"Not\\u00edcias Piracicaba\"},{\"@type\":\"BreadcrumbList\",\"@id\":\"https:\\\/\\\/www.encontrapiracicaba.com.br\\\/sobre\\\/mocao-de-aplausos-enaltece-os-40-anos-da-apae-piracicaba\\\/#breadcrumblist\",\"itemListElement\":[{\"@type\":\"ListItem\",\"@id\":\"https:\\\/\\\/www.encontrapiracicaba.com.br\\\/sobre#listItem\",\"position\":1,\"name\":\"In\\u00edcio\",\"item\":\"https:\\\/\\\/www.encontrapiracicaba.com.br\\\/sobre\",\"nextItem\":{\"@type\":\"ListItem\",\"@id\":\"https:\\\/\\\/www.encontrapiracicaba.com.br\\\/sobre\\\/noticias-em-piracicaba\\\/#listItem\",\"name\":\"Not\\u00edcias Piracicaba\"}},{\"@type\":\"ListItem\",\"@id\":\"https:\\\/\\\/www.encontrapiracicaba.com.br\\\/sobre\\\/noticias-em-piracicaba\\\/#listItem\",\"position\":2,\"name\":\"Not\\u00edcias Piracicaba\",\"item\":\"https:\\\/\\\/www.encontrapiracicaba.com.br\\\/sobre\\\/noticias-em-piracicaba\\\/\",\"nextItem\":{\"@type\":\"ListItem\",\"@id\":\"https:\\\/\\\/www.encontrapiracicaba.com.br\\\/sobre\\\/mocao-de-aplausos-enaltece-os-40-anos-da-apae-piracicaba\\\/#listItem\",\"name\":\"Mo\\u00e7\\u00e3o de aplausos enaltece os 40 anos da Apae Piracicaba\"},\"previousItem\":{\"@type\":\"ListItem\",\"@id\":\"https:\\\/\\\/www.encontrapiracicaba.com.br\\\/sobre#listItem\",\"name\":\"In\\u00edcio\"}},{\"@type\":\"ListItem\",\"@id\":\"https:\\\/\\\/www.encontrapiracicaba.com.br\\\/sobre\\\/mocao-de-aplausos-enaltece-os-40-anos-da-apae-piracicaba\\\/#listItem\",\"position\":3,\"name\":\"Mo\\u00e7\\u00e3o de aplausos enaltece os 40 anos da Apae Piracicaba\",\"previousItem\":{\"@type\":\"ListItem\",\"@id\":\"https:\\\/\\\/www.encontrapiracicaba.com.br\\\/sobre\\\/noticias-em-piracicaba\\\/#listItem\",\"name\":\"Not\\u00edcias Piracicaba\"}}]},{\"@type\":\"Organization\",\"@id\":\"https:\\\/\\\/www.encontrapiracicaba.com.br\\\/sobre\\\/#organization\",\"name\":\"Encontra Piracicaba\",\"description\":\"Not\\u00edcias, eventos, informa\\u00e7\\u00f5es e dicas na cidade de Piracicaba e regi\\u00e3o\",\"url\":\"https:\\\/\\\/www.encontrapiracicaba.com.br\\\/sobre\\\/\"},{\"@type\":\"Person\",\"@id\":\"https:\\\/\\\/www.encontrapiracicaba.com.br\\\/sobre\\\/author\\\/epiracicaba\\\/#author\",\"url\":\"https:\\\/\\\/www.encontrapiracicaba.com.br\\\/sobre\\\/author\\\/epiracicaba\\\/\",\"name\":\"Encontra Piracicaba\",\"image\":{\"@type\":\"ImageObject\",\"@id\":\"https:\\\/\\\/www.encontrapiracicaba.com.br\\\/sobre\\\/mocao-de-aplausos-enaltece-os-40-anos-da-apae-piracicaba\\\/#authorImage\",\"url\":\"https:\\\/\\\/secure.gravatar.com\\\/avatar\\\/507340682b8270222e1f208e23198b6ae7e2c6a1033ae84e99bc6bce4f82a387?s=96&d=mm&r=g\",\"width\":96,\"height\":96,\"caption\":\"Encontra Piracicaba\"}},{\"@type\":\"WebPage\",\"@id\":\"https:\\\/\\\/www.encontrapiracicaba.com.br\\\/sobre\\\/mocao-de-aplausos-enaltece-os-40-anos-da-apae-piracicaba\\\/#webpage\",\"url\":\"https:\\\/\\\/www.encontrapiracicaba.com.br\\\/sobre\\\/mocao-de-aplausos-enaltece-os-40-anos-da-apae-piracicaba\\\/\",\"name\":\"Mo\\u00e7\\u00e3o de aplausos enaltece os 40 anos da Apae Piracicaba | Encontra Piracicaba\",\"inLanguage\":\"pt-BR\",\"isPartOf\":{\"@id\":\"https:\\\/\\\/www.encontrapiracicaba.com.br\\\/sobre\\\/#website\"},\"breadcrumb\":{\"@id\":\"https:\\\/\\\/www.encontrapiracicaba.com.br\\\/sobre\\\/mocao-de-aplausos-enaltece-os-40-anos-da-apae-piracicaba\\\/#breadcrumblist\"},\"author\":{\"@id\":\"https:\\\/\\\/www.encontrapiracicaba.com.br\\\/sobre\\\/author\\\/epiracicaba\\\/#author\"},\"creator\":{\"@id\":\"https:\\\/\\\/www.encontrapiracicaba.com.br\\\/sobre\\\/author\\\/epiracicaba\\\/#author\"},\"image\":{\"@type\":\"ImageObject\",\"url\":\"https:\\\/\\\/www.encontrapiracicaba.com.br\\\/sobre\\\/wp-content\\\/uploads\\\/mocao-de-aplausos-enaltece-os-40-anos-da-apae-piracicaba.webp\",\"@id\":\"https:\\\/\\\/www.encontrapiracicaba.com.br\\\/sobre\\\/mocao-de-aplausos-enaltece-os-40-anos-da-apae-piracicaba\\\/#mainImage\",\"width\":280,\"height\":280,\"caption\":\"Mo\\u00e7\\u00e3o de aplausos Apae Piracicaba\"},\"primaryImageOfPage\":{\"@id\":\"https:\\\/\\\/www.encontrapiracicaba.com.br\\\/sobre\\\/mocao-de-aplausos-enaltece-os-40-anos-da-apae-piracicaba\\\/#mainImage\"},\"datePublished\":\"2026-02-11T11:59:56-03:00\",\"dateModified\":\"2026-02-11T11:59:56-03:00\"},{\"@type\":\"WebSite\",\"@id\":\"https:\\\/\\\/www.encontrapiracicaba.com.br\\\/sobre\\\/#website\",\"url\":\"https:\\\/\\\/www.encontrapiracicaba.com.br\\\/sobre\\\/\",\"name\":\"Encontra Piracicaba\",\"description\":\"Not\\u00edcias, eventos, informa\\u00e7\\u00f5es e dicas na cidade de Piracicaba e regi\\u00e3o\",\"inLanguage\":\"pt-BR\",\"publisher\":{\"@id\":\"https:\\\/\\\/www.encontrapiracicaba.com.br\\\/sobre\\\/#organization\"}}]}\n\t\t<\/script>\n\t\t<!-- All in One SEO -->\n\n","aioseo_head_json":{"title":"Mo\u00e7\u00e3o de aplausos enaltece os 40 anos da Apae Piracicaba | Encontra Piracicaba","description":"","canonical_url":"https:\/\/www.encontrapiracicaba.com.br\/sobre\/mocao-de-aplausos-enaltece-os-40-anos-da-apae-piracicaba\/","robots":"max-image-preview:large","keywords":"","webmasterTools":{"miscellaneous":""},"schema":{"@context":"https:\/\/schema.org","@graph":[{"@type":"Article","@id":"https:\/\/www.encontrapiracicaba.com.br\/sobre\/mocao-de-aplausos-enaltece-os-40-anos-da-apae-piracicaba\/#article","name":"Mo\u00e7\u00e3o de aplausos enaltece os 40 anos da Apae Piracicaba | Encontra Piracicaba","headline":"Mo\u00e7\u00e3o de aplausos enaltece os 40 anos da Apae Piracicaba","author":{"@id":"https:\/\/www.encontrapiracicaba.com.br\/sobre\/author\/epiracicaba\/#author"},"publisher":{"@id":"https:\/\/www.encontrapiracicaba.com.br\/sobre\/#organization"},"image":{"@type":"ImageObject","url":"https:\/\/www.encontrapiracicaba.com.br\/sobre\/wp-content\/uploads\/mocao-de-aplausos-enaltece-os-40-anos-da-apae-piracicaba.webp","width":280,"height":280,"caption":"Mo\u00e7\u00e3o de aplausos Apae Piracicaba"},"datePublished":"2026-02-11T11:59:56-03:00","dateModified":"2026-02-11T11:59:56-03:00","inLanguage":"pt-BR","mainEntityOfPage":{"@id":"https:\/\/www.encontrapiracicaba.com.br\/sobre\/mocao-de-aplausos-enaltece-os-40-anos-da-apae-piracicaba\/#webpage"},"isPartOf":{"@id":"https:\/\/www.encontrapiracicaba.com.br\/sobre\/mocao-de-aplausos-enaltece-os-40-anos-da-apae-piracicaba\/#webpage"},"articleSection":"Not\u00edcias Piracicaba"},{"@type":"BreadcrumbList","@id":"https:\/\/www.encontrapiracicaba.com.br\/sobre\/mocao-de-aplausos-enaltece-os-40-anos-da-apae-piracicaba\/#breadcrumblist","itemListElement":[{"@type":"ListItem","@id":"https:\/\/www.encontrapiracicaba.com.br\/sobre#listItem","position":1,"name":"In\u00edcio","item":"https:\/\/www.encontrapiracicaba.com.br\/sobre","nextItem":{"@type":"ListItem","@id":"https:\/\/www.encontrapiracicaba.com.br\/sobre\/noticias-em-piracicaba\/#listItem","name":"Not\u00edcias Piracicaba"}},{"@type":"ListItem","@id":"https:\/\/www.encontrapiracicaba.com.br\/sobre\/noticias-em-piracicaba\/#listItem","position":2,"name":"Not\u00edcias Piracicaba","item":"https:\/\/www.encontrapiracicaba.com.br\/sobre\/noticias-em-piracicaba\/","nextItem":{"@type":"ListItem","@id":"https:\/\/www.encontrapiracicaba.com.br\/sobre\/mocao-de-aplausos-enaltece-os-40-anos-da-apae-piracicaba\/#listItem","name":"Mo\u00e7\u00e3o de aplausos enaltece os 40 anos da Apae Piracicaba"},"previousItem":{"@type":"ListItem","@id":"https:\/\/www.encontrapiracicaba.com.br\/sobre#listItem","name":"In\u00edcio"}},{"@type":"ListItem","@id":"https:\/\/www.encontrapiracicaba.com.br\/sobre\/mocao-de-aplausos-enaltece-os-40-anos-da-apae-piracicaba\/#listItem","position":3,"name":"Mo\u00e7\u00e3o de aplausos enaltece os 40 anos da Apae Piracicaba","previousItem":{"@type":"ListItem","@id":"https:\/\/www.encontrapiracicaba.com.br\/sobre\/noticias-em-piracicaba\/#listItem","name":"Not\u00edcias Piracicaba"}}]},{"@type":"Organization","@id":"https:\/\/www.encontrapiracicaba.com.br\/sobre\/#organization","name":"Encontra Piracicaba","description":"Not\u00edcias, eventos, informa\u00e7\u00f5es e dicas na cidade de Piracicaba e regi\u00e3o","url":"https:\/\/www.encontrapiracicaba.com.br\/sobre\/"},{"@type":"Person","@id":"https:\/\/www.encontrapiracicaba.com.br\/sobre\/author\/epiracicaba\/#author","url":"https:\/\/www.encontrapiracicaba.com.br\/sobre\/author\/epiracicaba\/","name":"Encontra Piracicaba","image":{"@type":"ImageObject","@id":"https:\/\/www.encontrapiracicaba.com.br\/sobre\/mocao-de-aplausos-enaltece-os-40-anos-da-apae-piracicaba\/#authorImage","url":"https:\/\/secure.gravatar.com\/avatar\/507340682b8270222e1f208e23198b6ae7e2c6a1033ae84e99bc6bce4f82a387?s=96&d=mm&r=g","width":96,"height":96,"caption":"Encontra Piracicaba"}},{"@type":"WebPage","@id":"https:\/\/www.encontrapiracicaba.com.br\/sobre\/mocao-de-aplausos-enaltece-os-40-anos-da-apae-piracicaba\/#webpage","url":"https:\/\/www.encontrapiracicaba.com.br\/sobre\/mocao-de-aplausos-enaltece-os-40-anos-da-apae-piracicaba\/","name":"Mo\u00e7\u00e3o de aplausos enaltece os 40 anos da Apae Piracicaba | Encontra Piracicaba","inLanguage":"pt-BR","isPartOf":{"@id":"https:\/\/www.encontrapiracicaba.com.br\/sobre\/#website"},"breadcrumb":{"@id":"https:\/\/www.encontrapiracicaba.com.br\/sobre\/mocao-de-aplausos-enaltece-os-40-anos-da-apae-piracicaba\/#breadcrumblist"},"author":{"@id":"https:\/\/www.encontrapiracicaba.com.br\/sobre\/author\/epiracicaba\/#author"},"creator":{"@id":"https:\/\/www.encontrapiracicaba.com.br\/sobre\/author\/epiracicaba\/#author"},"image":{"@type":"ImageObject","url":"https:\/\/www.encontrapiracicaba.com.br\/sobre\/wp-content\/uploads\/mocao-de-aplausos-enaltece-os-40-anos-da-apae-piracicaba.webp","@id":"https:\/\/www.encontrapiracicaba.com.br\/sobre\/mocao-de-aplausos-enaltece-os-40-anos-da-apae-piracicaba\/#mainImage","width":280,"height":280,"caption":"Mo\u00e7\u00e3o de aplausos Apae Piracicaba"},"primaryImageOfPage":{"@id":"https:\/\/www.encontrapiracicaba.com.br\/sobre\/mocao-de-aplausos-enaltece-os-40-anos-da-apae-piracicaba\/#mainImage"},"datePublished":"2026-02-11T11:59:56-03:00","dateModified":"2026-02-11T11:59:56-03:00"},{"@type":"WebSite","@id":"https:\/\/www.encontrapiracicaba.com.br\/sobre\/#website","url":"https:\/\/www.encontrapiracicaba.com.br\/sobre\/","name":"Encontra Piracicaba","description":"Not\u00edcias, eventos, informa\u00e7\u00f5es e dicas na cidade de Piracicaba e regi\u00e3o","inLanguage":"pt-BR","publisher":{"@id":"https:\/\/www.encontrapiracicaba.com.br\/sobre\/#organization"}}]},"og:locale":"pt_BR","og:site_name":"Encontra Piracicaba | Not\u00edcias, eventos, informa\u00e7\u00f5es e dicas na cidade de Piracicaba e regi\u00e3o","og:type":"article","og:title":"Mo\u00e7\u00e3o de aplausos enaltece os 40 anos da Apae Piracicaba | Encontra Piracicaba","og:url":"https:\/\/www.encontrapiracicaba.com.br\/sobre\/mocao-de-aplausos-enaltece-os-40-anos-da-apae-piracicaba\/","article:published_time":"2026-02-11T14:59:56+00:00","article:modified_time":"2026-02-11T14:59:56+00:00","twitter:card":"summary","twitter:title":"Mo\u00e7\u00e3o de aplausos enaltece os 40 anos da Apae Piracicaba | Encontra Piracicaba"},"aioseo_meta_data":{"post_id":"4142","title":null,"description":null,"keywords":null,"keyphrases":null,"primary_term":null,"canonical_url":null,"og_title":null,"og_description":null,"og_object_type":"default","og_image_type":"default","og_image_url":null,"og_image_width":null,"og_image_height":null,"og_image_custom_url":null,"og_image_custom_fields":null,"og_video":null,"og_custom_url":null,"og_article_section":null,"og_article_tags":null,"twitter_use_og":false,"twitter_card":"default","twitter_image_type":"default","twitter_image_url":null,"twitter_image_custom_url":null,"twitter_image_custom_fields":null,"twitter_title":null,"twitter_description":null,"schema":{"blockGraphs":[],"customGraphs":[],"default":{"data":{"Article":[],"Course":[],"Dataset":[],"FAQPage":[],"Movie":[],"Person":[],"Product":[],"ProductReview":[],"Car":[],"Recipe":[],"Service":[],"SoftwareApplication":[],"WebPage":[]},"graphName":"Article","isEnabled":true},"graphs":[]},"schema_type":"default","schema_type_options":null,"pillar_content":false,"robots_default":true,"robots_noindex":false,"robots_noarchive":false,"robots_nosnippet":false,"robots_nofollow":false,"robots_noimageindex":false,"robots_noodp":false,"robots_notranslate":false,"robots_max_snippet":null,"robots_max_videopreview":null,"robots_max_imagepreview":"large","priority":null,"frequency":null,"local_seo":null,"breadcrumb_settings":null,"limit_modified_date":false,"ai":null,"created":"2026-02-11 15:00:01","updated":"2026-02-11 15:09:03","focus_keyword":null,"additional_keywords":null,"truseo_locale":null,"seo_analyzer_scan_date":null},"aioseo_breadcrumb":"<div class=\"aioseo-breadcrumbs\"><span class=\"aioseo-breadcrumb\">\n\t\t\t<a href=\"https:\/\/www.encontrapiracicaba.com.br\/sobre\" title=\"In\u00edcio\">In\u00edcio<\/a>\n\t\t<\/span><span class=\"aioseo-breadcrumb-separator\">&raquo;<\/span><span class=\"aioseo-breadcrumb\">\n\t\t\t<a href=\"https:\/\/www.encontrapiracicaba.com.br\/sobre\/noticias-em-piracicaba\/\" title=\"Not\u00edcias Piracicaba\">Not\u00edcias Piracicaba<\/a>\n\t\t<\/span><span class=\"aioseo-breadcrumb-separator\">&raquo;<\/span><span class=\"aioseo-breadcrumb\">\n\t\t\tMo\u00e7\u00e3o de aplausos enaltece os 40 anos da Apae Piracicaba\n\t\t<\/span><\/div>","aioseo_breadcrumb_json":[{"label":"In\u00edcio","link":"https:\/\/www.encontrapiracicaba.com.br\/sobre"},{"label":"Not\u00edcias Piracicaba","link":"https:\/\/www.encontrapiracicaba.com.br\/sobre\/noticias-em-piracicaba\/"},{"label":"Mo\u00e7\u00e3o de aplausos enaltece os 40 anos da Apae Piracicaba","link":"https:\/\/www.encontrapiracicaba.com.br\/sobre\/mocao-de-aplausos-enaltece-os-40-anos-da-apae-piracicaba\/"}],"_links":{"self":[{"href":"https:\/\/www.encontrapiracicaba.com.br\/sobre\/wp-json\/wp\/v2\/posts\/4142","targetHints":{"allow":["GET"]}}],"collection":[{"href":"https:\/\/www.encontrapiracicaba.com.br\/sobre\/wp-json\/wp\/v2\/posts"}],"about":[{"href":"https:\/\/www.encontrapiracicaba.com.br\/sobre\/wp-json\/wp\/v2\/types\/post"}],"author":[{"embeddable":true,"href":"https:\/\/www.encontrapiracicaba.com.br\/sobre\/wp-json\/wp\/v2\/users\/1"}],"replies":[{"embeddable":true,"href":"https:\/\/www.encontrapiracicaba.com.br\/sobre\/wp-json\/wp\/v2\/comments?post=4142"}],"version-history":[{"count":0,"href":"https:\/\/www.encontrapiracicaba.com.br\/sobre\/wp-json\/wp\/v2\/posts\/4142\/revisions"}],"wp:featuredmedia":[{"embeddable":true,"href":"https:\/\/www.encontrapiracicaba.com.br\/sobre\/wp-json\/wp\/v2\/media\/4141"}],"wp:attachment":[{"href":"https:\/\/www.encontrapiracicaba.com.br\/sobre\/wp-json\/wp\/v2\/media?parent=4142"}],"wp:term":[{"taxonomy":"category","embeddable":true,"href":"https:\/\/www.encontrapiracicaba.com.br\/sobre\/wp-json\/wp\/v2\/categories?post=4142"},{"taxonomy":"post_tag","embeddable":true,"href":"https:\/\/www.encontrapiracicaba.com.br\/sobre\/wp-json\/wp\/v2\/tags?post=4142"}],"curies":[{"name":"wp","href":"https:\/\/api.w.org\/{rel}","templated":true}]}}