{"id":416,"date":"2011-07-21T08:13:43","date_gmt":"2011-07-21T11:13:43","guid":{"rendered":"http:\/\/www.encontrapiracicaba.com.br\/noticias\/?p=416"},"modified":"2019-04-12T16:07:49","modified_gmt":"2019-04-12T19:07:49","slug":"piracicaba-cai-pelo-2%c2%ba-mes-consecutivo-no-ranking-de-geracao-de-emprego","status":"publish","type":"post","link":"https:\/\/www.encontrapiracicaba.com.br\/sobre\/piracicaba-cai-pelo-2%c2%ba-mes-consecutivo-no-ranking-de-geracao-de-emprego\/","title":{"rendered":"Piracicaba cai pelo 2\u00ba m\u00eas consecutivo no ranking de gera\u00e7\u00e3o de emprego"},"content":{"rendered":"<div class=\"85df007ed5c0c4d4b453fd13a37855e8\" data-index=\"1\" style=\"float: none; margin:0px;\">\n<!-- Anuncio display - global -->\r\n<ins class=\"adsbygoogle\"\r\n     style=\"display:block\"\r\n     data-ad-client=\"ca-pub-8585364105181520\"\r\n     data-ad-slot=\"8789329856\"\r\n     data-ad-format=\"auto\"\r\n     data-full-width-responsive=\"true\"><\/ins>\r\n<script>\r\n     (adsbygoogle = window.adsbygoogle || []).push({});\r\n<\/script>\n<\/div>\n<p>Piracicaba caiu pelo segundo m\u00eas consecutivo no ranking das cidades do  Estado de S\u00e3o Paulo que mais geram emprego. Segundo o Cadastro Geral de  Empregados e Desempregados (Caged), divulgado nesta ter\u00e7a (19) pelo  Minist\u00e9rio do Trabalho e Emprego, a cidade ocupa a 21\u00aa coloca\u00e7\u00e3o no  balan\u00e7o de junho. No m\u00eas de maio, o munic\u00edpio era o 9\u00ba e, em abril, o  4\u00ba.<\/p>\n<p>Apesar de perder lugar no ranking para outros munic\u00edpio, Piracicaba  continua contratando mais do que demitindo. De acordo com o  levantamento, no \u00faltimo m\u00eas, foram 5.769 contrata\u00e7\u00f5es e 5.234 demiss\u00f5es.  O saldo positivo \u00e9 de 534.<\/p>\n<p>No m\u00eas de abril, a cidade apresentou uma guinada com rela\u00e7\u00e3o ao m\u00eas  anterior e conquistou a 4\u00aa posi\u00e7\u00e3o no ranking, com um saldo positivo de  vagas de 2.076. Em maio, a primeira queda no per\u00edodo e Piracicaba foi  para a 9\u00aa coloca\u00e7\u00e3o, com saldo de empregos de 1260.<\/p>\n<p>No Caged de junho, aparecem na frente de Piracicaba cidades como:  Bebedeouro, Araraquara, Mat\u00e3o, Itapevi, Catanduva e Jaguari\u00fana. Al\u00e9m de  S\u00e3o Paulo, Campinas, Ribeir\u00e3o Preto, S\u00e3o Jos\u00e9 do Rio Preto e Santos.<\/p>\n<p><em>Fonte: EpCampinas<\/em><\/p>\n\n<div style=\"font-size: 0px; height: 0px; line-height: 0px; margin: 0; padding: 0; clear: both;\"><\/div>","protected":false},"excerpt":{"rendered":"<p>Piracicaba caiu pelo segundo m\u00eas consecutivo no ranking das cidades do Estado de S\u00e3o Paulo que mais geram emprego. Segundo o Cadastro Geral de Empregados e Desempregados (Caged), divulgado nesta ter\u00e7a (19) pelo Minist\u00e9rio do Trabalho e Emprego, a cidade ocupa a 21\u00aa coloca\u00e7\u00e3o no balan\u00e7o de junho. No m\u00eas de maio, o munic\u00edpio era o 9\u00ba e, em abril, o 4\u00ba. Apesar de perder lugar no ranking para outros munic\u00edpio, Piracicaba continua contratando mais do que demitindo. De acordo com o levantamento, no \u00faltimo m\u00eas, foram 5.769 contrata\u00e7\u00f5es e 5.234 demiss\u00f5es. O saldo positivo \u00e9 de 534. No m\u00eas <\/p>\n","protected":false},"author":1,"featured_media":0,"comment_status":"open","ping_status":"closed","sticky":false,"template":"","format":"standard","meta":{"footnotes":""},"categories":[6],"tags":[],"class_list":["post-416","post","type-post","status-publish","format-standard","hentry","category-noticias-em-piracicaba"],"aioseo_notices":[],"aioseo_head":"\n\t\t<!-- All in One SEO 5.0.0.1 - aioseo.com -->\n\t<meta name=\"robots\" content=\"max-image-preview:large\" \/>\n\t<meta name=\"author\" content=\"Encontra Piracicaba\"\/>\n\t<link rel=\"canonical\" href=\"https:\/\/www.encontrapiracicaba.com.br\/sobre\/piracicaba-cai-pelo-2%c2%ba-mes-consecutivo-no-ranking-de-geracao-de-emprego\/\" \/>\n\t<meta name=\"generator\" content=\"All in One SEO (AIOSEO) 5.0.0.1\" \/>\n\t\t<meta property=\"og:locale\" content=\"pt_BR\" \/>\n\t\t<meta property=\"og:site_name\" content=\"Encontra Piracicaba | Not\u00edcias, eventos, informa\u00e7\u00f5es e dicas na cidade de Piracicaba e regi\u00e3o\" \/>\n\t\t<meta property=\"og:type\" content=\"article\" \/>\n\t\t<meta property=\"og:title\" content=\"Piracicaba cai pelo 2\u00ba m\u00eas consecutivo no ranking de gera\u00e7\u00e3o de emprego | Encontra Piracicaba\" \/>\n\t\t<meta property=\"og:url\" content=\"https:\/\/www.encontrapiracicaba.com.br\/sobre\/piracicaba-cai-pelo-2%c2%ba-mes-consecutivo-no-ranking-de-geracao-de-emprego\/\" \/>\n\t\t<meta property=\"article:published_time\" content=\"2011-07-21T11:13:43+00:00\" \/>\n\t\t<meta property=\"article:modified_time\" content=\"2019-04-12T19:07:49+00:00\" \/>\n\t\t<meta name=\"twitter:card\" content=\"summary\" \/>\n\t\t<meta name=\"twitter:title\" content=\"Piracicaba cai pelo 2\u00ba m\u00eas consecutivo no ranking de gera\u00e7\u00e3o de emprego | Encontra Piracicaba\" \/>\n\t\t<script type=\"application\/ld+json\" class=\"aioseo-schema\">\n\t\t\t{\"@context\":\"https:\\\/\\\/schema.org\",\"@graph\":[{\"@type\":\"Article\",\"@id\":\"https:\\\/\\\/www.encontrapiracicaba.com.br\\\/sobre\\\/piracicaba-cai-pelo-2%c2%ba-mes-consecutivo-no-ranking-de-geracao-de-emprego\\\/#article\",\"name\":\"Piracicaba cai pelo 2\\u00ba m\\u00eas consecutivo no ranking de gera\\u00e7\\u00e3o de emprego | Encontra Piracicaba\",\"headline\":\"Piracicaba cai pelo 2\\u00ba m\\u00eas consecutivo no ranking de gera\\u00e7\\u00e3o de emprego\",\"author\":{\"@id\":\"https:\\\/\\\/www.encontrapiracicaba.com.br\\\/sobre\\\/author\\\/epiracicaba\\\/#author\"},\"publisher\":{\"@id\":\"https:\\\/\\\/www.encontrapiracicaba.com.br\\\/sobre\\\/#organization\"},\"datePublished\":\"2011-07-21T08:13:43-03:00\",\"dateModified\":\"2019-04-12T16:07:49-03:00\",\"inLanguage\":\"pt-BR\",\"mainEntityOfPage\":{\"@id\":\"https:\\\/\\\/www.encontrapiracicaba.com.br\\\/sobre\\\/piracicaba-cai-pelo-2%c2%ba-mes-consecutivo-no-ranking-de-geracao-de-emprego\\\/#webpage\"},\"isPartOf\":{\"@id\":\"https:\\\/\\\/www.encontrapiracicaba.com.br\\\/sobre\\\/piracicaba-cai-pelo-2%c2%ba-mes-consecutivo-no-ranking-de-geracao-de-emprego\\\/#webpage\"},\"articleSection\":\"Not\\u00edcias Piracicaba\"},{\"@type\":\"BreadcrumbList\",\"@id\":\"https:\\\/\\\/www.encontrapiracicaba.com.br\\\/sobre\\\/piracicaba-cai-pelo-2%c2%ba-mes-consecutivo-no-ranking-de-geracao-de-emprego\\\/#breadcrumblist\",\"itemListElement\":[{\"@type\":\"ListItem\",\"@id\":\"https:\\\/\\\/www.encontrapiracicaba.com.br\\\/sobre#listItem\",\"position\":1,\"name\":\"In\\u00edcio\",\"item\":\"https:\\\/\\\/www.encontrapiracicaba.com.br\\\/sobre\",\"nextItem\":{\"@type\":\"ListItem\",\"@id\":\"https:\\\/\\\/www.encontrapiracicaba.com.br\\\/sobre\\\/noticias-em-piracicaba\\\/#listItem\",\"name\":\"Not\\u00edcias Piracicaba\"}},{\"@type\":\"ListItem\",\"@id\":\"https:\\\/\\\/www.encontrapiracicaba.com.br\\\/sobre\\\/noticias-em-piracicaba\\\/#listItem\",\"position\":2,\"name\":\"Not\\u00edcias Piracicaba\",\"item\":\"https:\\\/\\\/www.encontrapiracicaba.com.br\\\/sobre\\\/noticias-em-piracicaba\\\/\",\"nextItem\":{\"@type\":\"ListItem\",\"@id\":\"https:\\\/\\\/www.encontrapiracicaba.com.br\\\/sobre\\\/piracicaba-cai-pelo-2%c2%ba-mes-consecutivo-no-ranking-de-geracao-de-emprego\\\/#listItem\",\"name\":\"Piracicaba cai pelo 2\\u00ba m\\u00eas consecutivo no ranking de gera\\u00e7\\u00e3o de emprego\"},\"previousItem\":{\"@type\":\"ListItem\",\"@id\":\"https:\\\/\\\/www.encontrapiracicaba.com.br\\\/sobre#listItem\",\"name\":\"In\\u00edcio\"}},{\"@type\":\"ListItem\",\"@id\":\"https:\\\/\\\/www.encontrapiracicaba.com.br\\\/sobre\\\/piracicaba-cai-pelo-2%c2%ba-mes-consecutivo-no-ranking-de-geracao-de-emprego\\\/#listItem\",\"position\":3,\"name\":\"Piracicaba cai pelo 2\\u00ba m\\u00eas consecutivo no ranking de gera\\u00e7\\u00e3o de emprego\",\"previousItem\":{\"@type\":\"ListItem\",\"@id\":\"https:\\\/\\\/www.encontrapiracicaba.com.br\\\/sobre\\\/noticias-em-piracicaba\\\/#listItem\",\"name\":\"Not\\u00edcias Piracicaba\"}}]},{\"@type\":\"Organization\",\"@id\":\"https:\\\/\\\/www.encontrapiracicaba.com.br\\\/sobre\\\/#organization\",\"name\":\"Encontra Piracicaba\",\"description\":\"Not\\u00edcias, eventos, informa\\u00e7\\u00f5es e dicas na cidade de Piracicaba e regi\\u00e3o\",\"url\":\"https:\\\/\\\/www.encontrapiracicaba.com.br\\\/sobre\\\/\"},{\"@type\":\"Person\",\"@id\":\"https:\\\/\\\/www.encontrapiracicaba.com.br\\\/sobre\\\/author\\\/epiracicaba\\\/#author\",\"url\":\"https:\\\/\\\/www.encontrapiracicaba.com.br\\\/sobre\\\/author\\\/epiracicaba\\\/\",\"name\":\"Encontra Piracicaba\",\"image\":{\"@type\":\"ImageObject\",\"@id\":\"https:\\\/\\\/www.encontrapiracicaba.com.br\\\/sobre\\\/piracicaba-cai-pelo-2%c2%ba-mes-consecutivo-no-ranking-de-geracao-de-emprego\\\/#authorImage\",\"url\":\"https:\\\/\\\/secure.gravatar.com\\\/avatar\\\/507340682b8270222e1f208e23198b6ae7e2c6a1033ae84e99bc6bce4f82a387?s=96&d=mm&r=g\",\"width\":96,\"height\":96,\"caption\":\"Encontra Piracicaba\"}},{\"@type\":\"WebPage\",\"@id\":\"https:\\\/\\\/www.encontrapiracicaba.com.br\\\/sobre\\\/piracicaba-cai-pelo-2%c2%ba-mes-consecutivo-no-ranking-de-geracao-de-emprego\\\/#webpage\",\"url\":\"https:\\\/\\\/www.encontrapiracicaba.com.br\\\/sobre\\\/piracicaba-cai-pelo-2%c2%ba-mes-consecutivo-no-ranking-de-geracao-de-emprego\\\/\",\"name\":\"Piracicaba cai pelo 2\\u00ba m\\u00eas consecutivo no ranking de gera\\u00e7\\u00e3o de emprego | Encontra Piracicaba\",\"inLanguage\":\"pt-BR\",\"isPartOf\":{\"@id\":\"https:\\\/\\\/www.encontrapiracicaba.com.br\\\/sobre\\\/#website\"},\"breadcrumb\":{\"@id\":\"https:\\\/\\\/www.encontrapiracicaba.com.br\\\/sobre\\\/piracicaba-cai-pelo-2%c2%ba-mes-consecutivo-no-ranking-de-geracao-de-emprego\\\/#breadcrumblist\"},\"author\":{\"@id\":\"https:\\\/\\\/www.encontrapiracicaba.com.br\\\/sobre\\\/author\\\/epiracicaba\\\/#author\"},\"creator\":{\"@id\":\"https:\\\/\\\/www.encontrapiracicaba.com.br\\\/sobre\\\/author\\\/epiracicaba\\\/#author\"},\"datePublished\":\"2011-07-21T08:13:43-03:00\",\"dateModified\":\"2019-04-12T16:07:49-03:00\"},{\"@type\":\"WebSite\",\"@id\":\"https:\\\/\\\/www.encontrapiracicaba.com.br\\\/sobre\\\/#website\",\"url\":\"https:\\\/\\\/www.encontrapiracicaba.com.br\\\/sobre\\\/\",\"name\":\"Encontra Piracicaba\",\"description\":\"Not\\u00edcias, eventos, informa\\u00e7\\u00f5es e dicas na cidade de Piracicaba e regi\\u00e3o\",\"inLanguage\":\"pt-BR\",\"publisher\":{\"@id\":\"https:\\\/\\\/www.encontrapiracicaba.com.br\\\/sobre\\\/#organization\"}}]}\n\t\t<\/script>\n\t\t<!-- All in One SEO -->\n\n","aioseo_head_json":{"title":"Piracicaba cai pelo 2\u00ba m\u00eas consecutivo no ranking de gera\u00e7\u00e3o de emprego | Encontra Piracicaba","description":"","canonical_url":"https:\/\/www.encontrapiracicaba.com.br\/sobre\/piracicaba-cai-pelo-2%c2%ba-mes-consecutivo-no-ranking-de-geracao-de-emprego\/","robots":"max-image-preview:large","keywords":"","webmasterTools":{"miscellaneous":""},"schema":{"@context":"https:\/\/schema.org","@graph":[{"@type":"Article","@id":"https:\/\/www.encontrapiracicaba.com.br\/sobre\/piracicaba-cai-pelo-2%c2%ba-mes-consecutivo-no-ranking-de-geracao-de-emprego\/#article","name":"Piracicaba cai pelo 2\u00ba m\u00eas consecutivo no ranking de gera\u00e7\u00e3o de emprego | Encontra Piracicaba","headline":"Piracicaba cai pelo 2\u00ba m\u00eas consecutivo no ranking de gera\u00e7\u00e3o de emprego","author":{"@id":"https:\/\/www.encontrapiracicaba.com.br\/sobre\/author\/epiracicaba\/#author"},"publisher":{"@id":"https:\/\/www.encontrapiracicaba.com.br\/sobre\/#organization"},"datePublished":"2011-07-21T08:13:43-03:00","dateModified":"2019-04-12T16:07:49-03:00","inLanguage":"pt-BR","mainEntityOfPage":{"@id":"https:\/\/www.encontrapiracicaba.com.br\/sobre\/piracicaba-cai-pelo-2%c2%ba-mes-consecutivo-no-ranking-de-geracao-de-emprego\/#webpage"},"isPartOf":{"@id":"https:\/\/www.encontrapiracicaba.com.br\/sobre\/piracicaba-cai-pelo-2%c2%ba-mes-consecutivo-no-ranking-de-geracao-de-emprego\/#webpage"},"articleSection":"Not\u00edcias Piracicaba"},{"@type":"BreadcrumbList","@id":"https:\/\/www.encontrapiracicaba.com.br\/sobre\/piracicaba-cai-pelo-2%c2%ba-mes-consecutivo-no-ranking-de-geracao-de-emprego\/#breadcrumblist","itemListElement":[{"@type":"ListItem","@id":"https:\/\/www.encontrapiracicaba.com.br\/sobre#listItem","position":1,"name":"In\u00edcio","item":"https:\/\/www.encontrapiracicaba.com.br\/sobre","nextItem":{"@type":"ListItem","@id":"https:\/\/www.encontrapiracicaba.com.br\/sobre\/noticias-em-piracicaba\/#listItem","name":"Not\u00edcias Piracicaba"}},{"@type":"ListItem","@id":"https:\/\/www.encontrapiracicaba.com.br\/sobre\/noticias-em-piracicaba\/#listItem","position":2,"name":"Not\u00edcias Piracicaba","item":"https:\/\/www.encontrapiracicaba.com.br\/sobre\/noticias-em-piracicaba\/","nextItem":{"@type":"ListItem","@id":"https:\/\/www.encontrapiracicaba.com.br\/sobre\/piracicaba-cai-pelo-2%c2%ba-mes-consecutivo-no-ranking-de-geracao-de-emprego\/#listItem","name":"Piracicaba cai pelo 2\u00ba m\u00eas consecutivo no ranking de gera\u00e7\u00e3o de emprego"},"previousItem":{"@type":"ListItem","@id":"https:\/\/www.encontrapiracicaba.com.br\/sobre#listItem","name":"In\u00edcio"}},{"@type":"ListItem","@id":"https:\/\/www.encontrapiracicaba.com.br\/sobre\/piracicaba-cai-pelo-2%c2%ba-mes-consecutivo-no-ranking-de-geracao-de-emprego\/#listItem","position":3,"name":"Piracicaba cai pelo 2\u00ba m\u00eas consecutivo no ranking de gera\u00e7\u00e3o de emprego","previousItem":{"@type":"ListItem","@id":"https:\/\/www.encontrapiracicaba.com.br\/sobre\/noticias-em-piracicaba\/#listItem","name":"Not\u00edcias Piracicaba"}}]},{"@type":"Organization","@id":"https:\/\/www.encontrapiracicaba.com.br\/sobre\/#organization","name":"Encontra Piracicaba","description":"Not\u00edcias, eventos, informa\u00e7\u00f5es e dicas na cidade de Piracicaba e regi\u00e3o","url":"https:\/\/www.encontrapiracicaba.com.br\/sobre\/"},{"@type":"Person","@id":"https:\/\/www.encontrapiracicaba.com.br\/sobre\/author\/epiracicaba\/#author","url":"https:\/\/www.encontrapiracicaba.com.br\/sobre\/author\/epiracicaba\/","name":"Encontra Piracicaba","image":{"@type":"ImageObject","@id":"https:\/\/www.encontrapiracicaba.com.br\/sobre\/piracicaba-cai-pelo-2%c2%ba-mes-consecutivo-no-ranking-de-geracao-de-emprego\/#authorImage","url":"https:\/\/secure.gravatar.com\/avatar\/507340682b8270222e1f208e23198b6ae7e2c6a1033ae84e99bc6bce4f82a387?s=96&d=mm&r=g","width":96,"height":96,"caption":"Encontra Piracicaba"}},{"@type":"WebPage","@id":"https:\/\/www.encontrapiracicaba.com.br\/sobre\/piracicaba-cai-pelo-2%c2%ba-mes-consecutivo-no-ranking-de-geracao-de-emprego\/#webpage","url":"https:\/\/www.encontrapiracicaba.com.br\/sobre\/piracicaba-cai-pelo-2%c2%ba-mes-consecutivo-no-ranking-de-geracao-de-emprego\/","name":"Piracicaba cai pelo 2\u00ba m\u00eas consecutivo no ranking de gera\u00e7\u00e3o de emprego | Encontra Piracicaba","inLanguage":"pt-BR","isPartOf":{"@id":"https:\/\/www.encontrapiracicaba.com.br\/sobre\/#website"},"breadcrumb":{"@id":"https:\/\/www.encontrapiracicaba.com.br\/sobre\/piracicaba-cai-pelo-2%c2%ba-mes-consecutivo-no-ranking-de-geracao-de-emprego\/#breadcrumblist"},"author":{"@id":"https:\/\/www.encontrapiracicaba.com.br\/sobre\/author\/epiracicaba\/#author"},"creator":{"@id":"https:\/\/www.encontrapiracicaba.com.br\/sobre\/author\/epiracicaba\/#author"},"datePublished":"2011-07-21T08:13:43-03:00","dateModified":"2019-04-12T16:07:49-03:00"},{"@type":"WebSite","@id":"https:\/\/www.encontrapiracicaba.com.br\/sobre\/#website","url":"https:\/\/www.encontrapiracicaba.com.br\/sobre\/","name":"Encontra Piracicaba","description":"Not\u00edcias, eventos, informa\u00e7\u00f5es e dicas na cidade de Piracicaba e regi\u00e3o","inLanguage":"pt-BR","publisher":{"@id":"https:\/\/www.encontrapiracicaba.com.br\/sobre\/#organization"}}]},"og:locale":"pt_BR","og:site_name":"Encontra Piracicaba | Not\u00edcias, eventos, informa\u00e7\u00f5es e dicas na cidade de Piracicaba e regi\u00e3o","og:type":"article","og:title":"Piracicaba cai pelo 2\u00ba m\u00eas consecutivo no ranking de gera\u00e7\u00e3o de emprego | Encontra Piracicaba","og:url":"https:\/\/www.encontrapiracicaba.com.br\/sobre\/piracicaba-cai-pelo-2%c2%ba-mes-consecutivo-no-ranking-de-geracao-de-emprego\/","article:published_time":"2011-07-21T11:13:43+00:00","article:modified_time":"2019-04-12T19:07:49+00:00","twitter:card":"summary","twitter:title":"Piracicaba cai pelo 2\u00ba m\u00eas consecutivo no ranking de gera\u00e7\u00e3o de emprego | Encontra Piracicaba"},"aioseo_meta_data":{"post_id":"416","title":null,"description":null,"keywords":null,"keyphrases":null,"primary_term":null,"canonical_url":null,"og_title":null,"og_description":null,"og_object_type":"default","og_image_type":"default","og_image_url":null,"og_image_width":null,"og_image_height":null,"og_image_custom_url":null,"og_image_custom_fields":null,"og_video":null,"og_custom_url":null,"og_article_section":null,"og_article_tags":null,"twitter_use_og":false,"twitter_card":"default","twitter_image_type":"default","twitter_image_url":null,"twitter_image_custom_url":null,"twitter_image_custom_fields":null,"twitter_title":null,"twitter_description":null,"schema":{"blockGraphs":[],"customGraphs":[],"default":{"data":{"Article":[],"Course":[],"Dataset":[],"FAQPage":[],"Movie":[],"Person":[],"Product":[],"ProductReview":[],"Car":[],"Recipe":[],"Service":[],"SoftwareApplication":[],"WebPage":[]},"graphName":"Article","isEnabled":true},"graphs":[]},"schema_type":null,"schema_type_options":null,"pillar_content":false,"robots_default":true,"robots_noindex":false,"robots_noarchive":false,"robots_nosnippet":false,"robots_nofollow":false,"robots_noimageindex":false,"robots_noodp":false,"robots_notranslate":false,"robots_max_snippet":null,"robots_max_videopreview":null,"robots_max_imagepreview":"large","priority":null,"frequency":null,"local_seo":null,"breadcrumb_settings":null,"limit_modified_date":false,"ai":null,"created":"2021-08-13 21:06:56","updated":"2025-10-03 21:50:37","focus_keyword":null,"additional_keywords":null,"truseo_locale":null,"seo_analyzer_scan_date":null},"aioseo_breadcrumb":"<div class=\"aioseo-breadcrumbs\"><span class=\"aioseo-breadcrumb\">\n\t\t\t<a href=\"https:\/\/www.encontrapiracicaba.com.br\/sobre\" title=\"In\u00edcio\">In\u00edcio<\/a>\n\t\t<\/span><span class=\"aioseo-breadcrumb-separator\">&raquo;<\/span><span class=\"aioseo-breadcrumb\">\n\t\t\t<a href=\"https:\/\/www.encontrapiracicaba.com.br\/sobre\/noticias-em-piracicaba\/\" title=\"Not\u00edcias Piracicaba\">Not\u00edcias Piracicaba<\/a>\n\t\t<\/span><span class=\"aioseo-breadcrumb-separator\">&raquo;<\/span><span class=\"aioseo-breadcrumb\">\n\t\t\tPiracicaba cai pelo 2\u00ba m\u00eas consecutivo no ranking de gera\u00e7\u00e3o de emprego\n\t\t<\/span><\/div>","aioseo_breadcrumb_json":[{"label":"In\u00edcio","link":"https:\/\/www.encontrapiracicaba.com.br\/sobre"},{"label":"Not\u00edcias Piracicaba","link":"https:\/\/www.encontrapiracicaba.com.br\/sobre\/noticias-em-piracicaba\/"},{"label":"Piracicaba cai pelo 2\u00ba m\u00eas consecutivo no ranking de gera\u00e7\u00e3o de emprego","link":"https:\/\/www.encontrapiracicaba.com.br\/sobre\/piracicaba-cai-pelo-2%c2%ba-mes-consecutivo-no-ranking-de-geracao-de-emprego\/"}],"_links":{"self":[{"href":"https:\/\/www.encontrapiracicaba.com.br\/sobre\/wp-json\/wp\/v2\/posts\/416","targetHints":{"allow":["GET"]}}],"collection":[{"href":"https:\/\/www.encontrapiracicaba.com.br\/sobre\/wp-json\/wp\/v2\/posts"}],"about":[{"href":"https:\/\/www.encontrapiracicaba.com.br\/sobre\/wp-json\/wp\/v2\/types\/post"}],"author":[{"embeddable":true,"href":"https:\/\/www.encontrapiracicaba.com.br\/sobre\/wp-json\/wp\/v2\/users\/1"}],"replies":[{"embeddable":true,"href":"https:\/\/www.encontrapiracicaba.com.br\/sobre\/wp-json\/wp\/v2\/comments?post=416"}],"version-history":[{"count":2,"href":"https:\/\/www.encontrapiracicaba.com.br\/sobre\/wp-json\/wp\/v2\/posts\/416\/revisions"}],"predecessor-version":[{"id":1684,"href":"https:\/\/www.encontrapiracicaba.com.br\/sobre\/wp-json\/wp\/v2\/posts\/416\/revisions\/1684"}],"wp:attachment":[{"href":"https:\/\/www.encontrapiracicaba.com.br\/sobre\/wp-json\/wp\/v2\/media?parent=416"}],"wp:term":[{"taxonomy":"category","embeddable":true,"href":"https:\/\/www.encontrapiracicaba.com.br\/sobre\/wp-json\/wp\/v2\/categories?post=416"},{"taxonomy":"post_tag","embeddable":true,"href":"https:\/\/www.encontrapiracicaba.com.br\/sobre\/wp-json\/wp\/v2\/tags?post=416"}],"curies":[{"name":"wp","href":"https:\/\/api.w.org\/{rel}","templated":true}]}}