{"id":4166,"date":"2026-02-15T11:57:02","date_gmt":"2026-02-15T14:57:02","guid":{"rendered":"https:\/\/www.encontrapiracicaba.com.br\/sobre\/tribuna-popular-moradora-questiona-projeto-de-acolhimento-na-mansao-rubi\/"},"modified":"2026-02-15T11:57:02","modified_gmt":"2026-02-15T14:57:02","slug":"tribuna-popular-moradora-questiona-projeto-de-acolhimento-na-mansao-rubi","status":"publish","type":"post","link":"https:\/\/www.encontrapiracicaba.com.br\/sobre\/tribuna-popular-moradora-questiona-projeto-de-acolhimento-na-mansao-rubi\/","title":{"rendered":"Tribuna Popular: moradora questiona projeto de acolhimento na Mans\u00e3o Rubi"},"content":{"rendered":"<div class=\"85df007ed5c0c4d4b453fd13a37855e8\" data-index=\"1\" style=\"float: none; margin:0px;\">\n<!-- Anuncio display - global -->\r\n<ins class=\"adsbygoogle\"\r\n     style=\"display:block\"\r\n     data-ad-client=\"ca-pub-8585364105181520\"\r\n     data-ad-slot=\"8789329856\"\r\n     data-ad-format=\"auto\"\r\n     data-full-width-responsive=\"true\"><\/ins>\r\n<script>\r\n     (adsbygoogle = window.adsbygoogle || []).push({});\r\n<\/script>\n<\/div>\n<h2>O que \u00e9 a Mans\u00e3o Rubi?<\/h2>\n<p>A Mans\u00e3o Rubi se destaca como um espa\u00e7o que abriga um projeto social voltado para assist\u00eancia a pessoas em situa\u00e7\u00e3o de vulnerabilidade. Localizada em um bairro de Piracicaba, essa iniciativa busca proporcionar acolhimento e apoio a indiv\u00edduos sem-teto, oferecendo um ambiente onde possam encontrar recursos e servi\u00e7os que visam a reintegra\u00e7\u00e3o social.<\/p>\n<h2>O que diz a comunidade sobre o projeto<\/h2>\n<p>A comunidade local expressa opini\u00f5es divergentes sobre a instala\u00e7\u00e3o do projeto na Mans\u00e3o Rubi. Enquanto muitos reconhecem a import\u00e2ncia do acolhimento, outros se mostram preocupados com a falta de informa\u00e7\u00f5es claras e abrangentes sobre como o projeto \u00e9 gerido e quais resultados ele promete trazer. A aus\u00eancia de comunica\u00e7\u00e3o pr\u00e9via com os residentes nos bairros pr\u00f3ximos gerou questionamentos e um desejo de maior transpar\u00eancia.<\/p>\n<h2>Claudia Regina Coneglian e sua fala impactante<\/h2>\n<p>Na 2\u00aa Reuni\u00e3o Ordin\u00e1ria da C\u00e2mara Municipal de Piracicaba, a oradora Claudia Regina Coneglian representou vozes da comunidade que anseiam por mais clareza em rela\u00e7\u00e3o ao projeto. Com sua interven\u00e7\u00e3o, Claudia trouxe \u00e0 tona preocupa\u00e7\u00f5es relevantes, enfatizando a necessidade de um di\u00e1logo efetivo entre as autoridades do projeto e os moradores. Sua fala refletiu n\u00e3o apenas o sentimento de inseguran\u00e7a, mas tamb\u00e9m um desejo de reconcilia\u00e7\u00e3o e entendimentos que beneficiem a todos.<\/p>\n<p><img decoding=\"async\" src=\"https:\/\/www.encontrapiracicaba.com.br\/sobre\/wp-content\/uploads\/tribuna-popular-moradora-questiona-projeto-de-acolhimento-na-mansao-rubi.webp\" alt=\"Mans\u00e3o Rubi\" loading=\"lazy\" \/><\/p>\n<h2>Questionamentos sobre a fiscaliza\u00e7\u00e3o do local<\/h2>\n<p>A falta de informa\u00e7\u00f5es espec\u00edficas acerca das opera\u00e7\u00f5es da Mans\u00e3o Rubi levantou quest\u00f5es sobre a fiscaliza\u00e7\u00e3o do local. Moradores demandam saber quais s\u00e3o os mecanismos de controle e supervis\u00e3o para garantir que o espa\u00e7o funcione de maneira adequada e segura. Quest\u00f5es a respeito do CNPJ do projeto e detalhes sobre hor\u00e1rios de funcionamento tamb\u00e9m surgiram, evidenciando a import\u00e2ncia da regulamenta\u00e7\u00e3o e da responsabilidade social envolvidas.<\/p>\n<h2>A import\u00e2ncia da transpar\u00eancia em projetos sociais<\/h2>\n<p>A transpar\u00eancia \u00e9 um pilar essencial para o sucesso de projetos sociais, especialmente aqueles que lidam com quest\u00f5es sens\u00edveis, como a acolhida de pessoas em situa\u00e7\u00e3o de rua. A confian\u00e7a da comunidade \u00e9 fundamental, e uma gest\u00e3o transparente permite que todos compreendam os objetivos, recursos e impactos das iniciativas. Quando as informa\u00e7\u00f5es s\u00e3o divulgadas e discutidas abertamente, a probabilidade de apoio por parte da comunidade aumenta significativamente.<\/p>\n<h2>Rea\u00e7\u00f5es dos vereadores ao pedido de esclarecimentos<\/h2>\n<p>Durante a sess\u00e3o, os vereadores mostraram-se receptivos \u00e0s preocupa\u00e7\u00f5es apresentadas. A vereadora Rai de Almeida questionou se houve algum encontro da Secretaria Municipal de Assist\u00eancia Social com os moradores para discutir o projeto. O vereador Gustavo Pompeu trouxe \u00e0 tona seu requerimento, que propunha a convoca\u00e7\u00e3o do secret\u00e1rio respons\u00e1vel e representantes da Mans\u00e3o Rubi para um di\u00e1logo mais profundo com a popula\u00e7\u00e3o. Essa postura demonstra a disposi\u00e7\u00e3o do Legislativo em atuar como um mediador entre a comunidade e as autoridades.<\/p>\n<h2>Pr\u00f3ximos passos e audi\u00eancia p\u00fablica<\/h2>\n<p>Um dos desdobramentos mais importantes do debate \u00e9 a convoca\u00e7\u00e3o de uma audi\u00eancia p\u00fablica, marcada para o dia 24 de fevereiro. Essa audi\u00eancia visa promover um espa\u00e7o de di\u00e1logo onde as vozes dos moradores poder\u00e3o ser ouvidas diretamente. \u00c9 uma oportunidade valiosa para esclarecer d\u00favidas, apresentar propostas e estabelecer um planejamento conjunto que beneficie a todos os envolvidos. A participa\u00e7\u00e3o da comunidade nesse evento ser\u00e1 crucial para moldar futuras a\u00e7\u00f5es e assegurar que as necessidades locais sejam atendidas.<\/p>\n<h2>Como a falta de informa\u00e7\u00e3o gera inseguran\u00e7a<\/h2>\n<p>A falta de informa\u00e7\u00f5es claras acerca da Mans\u00e3o Rubi e do projeto que ali se desenvolve contribui para um ambiente de inseguran\u00e7a. Moradores expressam ansiedade ao n\u00e3o compreender como a iniciativa afetar\u00e1 suas vidas di\u00e1rias. O medo do desconhecido, aliado \u00e0 aus\u00eancia de um canal de comunica\u00e7\u00e3o aberto, pode levar a desconfian\u00e7as e conflitos. \u00c9 fundamental que gestores de projetos sociais entendam a import\u00e2ncia de manter a comunidade informada e engajada.<\/p>\n<h2>A relev\u00e2ncia do di\u00e1logo entre moradores e autoridades<\/h2>\n<p>Um di\u00e1logo construtivo \u00e9 essencial para que o projeto na Mans\u00e3o Rubi atinja seus objetivos. Quando os l\u00edderes comunit\u00e1rios e os respons\u00e1veis pelo projeto se comunicam abertamente, \u00e9 poss\u00edvel construir parcerias que levam a um ambiente mais harm\u00f4nico. A troca de informa\u00e7\u00f5es cria um espa\u00e7o onde as preocupa\u00e7\u00f5es da comunidade s\u00e3o levadas em considera\u00e7\u00e3o e, por consequ\u00eancia, resulta em melhores solu\u00e7\u00f5es para todos.<\/p>\n<h2>Contribui\u00e7\u00f5es para um acolhimento eficaz e transparente<\/h2>\n<p>Para garantir um acolhimento efetivo e transparente, algumas estrat\u00e9gias podem ser adotadas:<\/p>\n<ul>\n<li><strong>Comunica\u00e7\u00e3o Regular:<\/strong> Estabelecer uma linha de comunica\u00e7\u00e3o constante com a comunidade, por meio de reuni\u00f5es e informativos, para manter todos atualizados sobre as atividades e mudan\u00e7as no projeto.<\/li>\n<li><strong>Feedback da Comunidade:<\/strong> Criar mecanismos para que os moradores possam expressar suas opini\u00f5es e sentimentos acerca do projeto, garantindo que suas vozes sejam ouvidas.<\/li>\n<li><strong>Auditorias Frequentes:<\/strong> Implementar auditorias p\u00fablicas que possam avaliar o funcionamento da Mans\u00e3o Rubi e garantir que todos os padr\u00f5es de qualidade e seguran\u00e7a sejam cumpridos.<\/li>\n<li><strong>Workshops Educacionais:<\/strong> Promover eventos que eduquem a comunidade sobre o projeto, seus objetivos e as formas de colaborar e participar.<\/li>\n<\/ul>\n<p>Dessa forma, \u00e9 poss\u00edvel criar um ambiente de acolhimento que respeite e valorize a opini\u00e3o da popula\u00e7\u00e3o, aumentando as chances de uma integra\u00e7\u00e3o social bem-sucedida.<\/p>\n<h2>Considera\u00e7\u00f5es Finais<\/h2>\n<p>A gest\u00e3o e a opera\u00e7\u00e3o de projetos sociais, como o da Mans\u00e3o Rubi, requerem um comprometimento cont\u00ednuo com a transpar\u00eancia e a comunica\u00e7\u00e3o efetiva. A participa\u00e7\u00e3o ativa da comunidade, aliada a uma supervis\u00e3o adequada, contribui para que iniciativas destinadas a ajudar os mais vulner\u00e1veis n\u00e3o apenas sejam bem-sucedidas, mas tamb\u00e9m aceitas e apoiadas por quem reside nas proximidades. Somente atrav\u00e9s de um esfor\u00e7o coletivo ser\u00e1 poss\u00edvel construir solu\u00e7\u00f5es duradouras e positivas, garantindo que o projeto traga benef\u00edcios reais para todos os envolvidos.<\/p>\n\n<div style=\"font-size: 0px; height: 0px; line-height: 0px; margin: 0; padding: 0; clear: both;\"><\/div>","protected":false},"excerpt":{"rendered":"<p>Tribuna Popular leva \u00e0 tona debate sobre transpar\u00eancia na Mans\u00e3o Rubi.<\/p>\n","protected":false},"author":1,"featured_media":4165,"comment_status":"closed","ping_status":"closed","sticky":false,"template":"","format":"standard","meta":{"footnotes":""},"categories":[6],"tags":[],"class_list":["post-4166","post","type-post","status-publish","format-standard","has-post-thumbnail","hentry","category-noticias-em-piracicaba","has_thumb"],"aioseo_notices":[],"aioseo_head":"\n\t\t<!-- All in One SEO 5.0.0.1 - aioseo.com -->\n\t<meta name=\"robots\" content=\"max-image-preview:large\" \/>\n\t<meta name=\"author\" content=\"Encontra Piracicaba\"\/>\n\t<link rel=\"canonical\" href=\"https:\/\/www.encontrapiracicaba.com.br\/sobre\/tribuna-popular-moradora-questiona-projeto-de-acolhimento-na-mansao-rubi\/\" \/>\n\t<meta name=\"generator\" content=\"All in One SEO (AIOSEO) 5.0.0.1\" \/>\n\t\t<meta property=\"og:locale\" content=\"pt_BR\" \/>\n\t\t<meta property=\"og:site_name\" content=\"Encontra Piracicaba | Not\u00edcias, eventos, informa\u00e7\u00f5es e dicas na cidade de Piracicaba e regi\u00e3o\" \/>\n\t\t<meta property=\"og:type\" content=\"article\" \/>\n\t\t<meta property=\"og:title\" content=\"Tribuna Popular: moradora questiona projeto de acolhimento na Mans\u00e3o Rubi | Encontra Piracicaba\" \/>\n\t\t<meta property=\"og:url\" content=\"https:\/\/www.encontrapiracicaba.com.br\/sobre\/tribuna-popular-moradora-questiona-projeto-de-acolhimento-na-mansao-rubi\/\" \/>\n\t\t<meta property=\"article:published_time\" content=\"2026-02-15T14:57:02+00:00\" \/>\n\t\t<meta property=\"article:modified_time\" content=\"2026-02-15T14:57:02+00:00\" \/>\n\t\t<meta name=\"twitter:card\" content=\"summary\" \/>\n\t\t<meta name=\"twitter:title\" content=\"Tribuna Popular: moradora questiona projeto de acolhimento na Mans\u00e3o Rubi | Encontra Piracicaba\" \/>\n\t\t<script type=\"application\/ld+json\" class=\"aioseo-schema\">\n\t\t\t{\"@context\":\"https:\\\/\\\/schema.org\",\"@graph\":[{\"@type\":\"Article\",\"@id\":\"https:\\\/\\\/www.encontrapiracicaba.com.br\\\/sobre\\\/tribuna-popular-moradora-questiona-projeto-de-acolhimento-na-mansao-rubi\\\/#article\",\"name\":\"Tribuna Popular: moradora questiona projeto de acolhimento na Mans\\u00e3o Rubi | Encontra Piracicaba\",\"headline\":\"Tribuna Popular: moradora questiona projeto de acolhimento na Mans\\u00e3o Rubi\",\"author\":{\"@id\":\"https:\\\/\\\/www.encontrapiracicaba.com.br\\\/sobre\\\/author\\\/epiracicaba\\\/#author\"},\"publisher\":{\"@id\":\"https:\\\/\\\/www.encontrapiracicaba.com.br\\\/sobre\\\/#organization\"},\"image\":{\"@type\":\"ImageObject\",\"url\":\"https:\\\/\\\/www.encontrapiracicaba.com.br\\\/sobre\\\/wp-content\\\/uploads\\\/tribuna-popular-moradora-questiona-projeto-de-acolhimento-na-mansao-rubi.webp\",\"width\":280,\"height\":280,\"caption\":\"Mans\\u00e3o Rubi\"},\"datePublished\":\"2026-02-15T11:57:02-03:00\",\"dateModified\":\"2026-02-15T11:57:02-03:00\",\"inLanguage\":\"pt-BR\",\"mainEntityOfPage\":{\"@id\":\"https:\\\/\\\/www.encontrapiracicaba.com.br\\\/sobre\\\/tribuna-popular-moradora-questiona-projeto-de-acolhimento-na-mansao-rubi\\\/#webpage\"},\"isPartOf\":{\"@id\":\"https:\\\/\\\/www.encontrapiracicaba.com.br\\\/sobre\\\/tribuna-popular-moradora-questiona-projeto-de-acolhimento-na-mansao-rubi\\\/#webpage\"},\"articleSection\":\"Not\\u00edcias Piracicaba\"},{\"@type\":\"BreadcrumbList\",\"@id\":\"https:\\\/\\\/www.encontrapiracicaba.com.br\\\/sobre\\\/tribuna-popular-moradora-questiona-projeto-de-acolhimento-na-mansao-rubi\\\/#breadcrumblist\",\"itemListElement\":[{\"@type\":\"ListItem\",\"@id\":\"https:\\\/\\\/www.encontrapiracicaba.com.br\\\/sobre#listItem\",\"position\":1,\"name\":\"In\\u00edcio\",\"item\":\"https:\\\/\\\/www.encontrapiracicaba.com.br\\\/sobre\",\"nextItem\":{\"@type\":\"ListItem\",\"@id\":\"https:\\\/\\\/www.encontrapiracicaba.com.br\\\/sobre\\\/noticias-em-piracicaba\\\/#listItem\",\"name\":\"Not\\u00edcias Piracicaba\"}},{\"@type\":\"ListItem\",\"@id\":\"https:\\\/\\\/www.encontrapiracicaba.com.br\\\/sobre\\\/noticias-em-piracicaba\\\/#listItem\",\"position\":2,\"name\":\"Not\\u00edcias Piracicaba\",\"item\":\"https:\\\/\\\/www.encontrapiracicaba.com.br\\\/sobre\\\/noticias-em-piracicaba\\\/\",\"nextItem\":{\"@type\":\"ListItem\",\"@id\":\"https:\\\/\\\/www.encontrapiracicaba.com.br\\\/sobre\\\/tribuna-popular-moradora-questiona-projeto-de-acolhimento-na-mansao-rubi\\\/#listItem\",\"name\":\"Tribuna Popular: moradora questiona projeto de acolhimento na Mans\\u00e3o Rubi\"},\"previousItem\":{\"@type\":\"ListItem\",\"@id\":\"https:\\\/\\\/www.encontrapiracicaba.com.br\\\/sobre#listItem\",\"name\":\"In\\u00edcio\"}},{\"@type\":\"ListItem\",\"@id\":\"https:\\\/\\\/www.encontrapiracicaba.com.br\\\/sobre\\\/tribuna-popular-moradora-questiona-projeto-de-acolhimento-na-mansao-rubi\\\/#listItem\",\"position\":3,\"name\":\"Tribuna Popular: moradora questiona projeto de acolhimento na Mans\\u00e3o Rubi\",\"previousItem\":{\"@type\":\"ListItem\",\"@id\":\"https:\\\/\\\/www.encontrapiracicaba.com.br\\\/sobre\\\/noticias-em-piracicaba\\\/#listItem\",\"name\":\"Not\\u00edcias Piracicaba\"}}]},{\"@type\":\"Organization\",\"@id\":\"https:\\\/\\\/www.encontrapiracicaba.com.br\\\/sobre\\\/#organization\",\"name\":\"Encontra Piracicaba\",\"description\":\"Not\\u00edcias, eventos, informa\\u00e7\\u00f5es e dicas na cidade de Piracicaba e regi\\u00e3o\",\"url\":\"https:\\\/\\\/www.encontrapiracicaba.com.br\\\/sobre\\\/\"},{\"@type\":\"Person\",\"@id\":\"https:\\\/\\\/www.encontrapiracicaba.com.br\\\/sobre\\\/author\\\/epiracicaba\\\/#author\",\"url\":\"https:\\\/\\\/www.encontrapiracicaba.com.br\\\/sobre\\\/author\\\/epiracicaba\\\/\",\"name\":\"Encontra Piracicaba\",\"image\":{\"@type\":\"ImageObject\",\"@id\":\"https:\\\/\\\/www.encontrapiracicaba.com.br\\\/sobre\\\/tribuna-popular-moradora-questiona-projeto-de-acolhimento-na-mansao-rubi\\\/#authorImage\",\"url\":\"https:\\\/\\\/secure.gravatar.com\\\/avatar\\\/507340682b8270222e1f208e23198b6ae7e2c6a1033ae84e99bc6bce4f82a387?s=96&d=mm&r=g\",\"width\":96,\"height\":96,\"caption\":\"Encontra Piracicaba\"}},{\"@type\":\"WebPage\",\"@id\":\"https:\\\/\\\/www.encontrapiracicaba.com.br\\\/sobre\\\/tribuna-popular-moradora-questiona-projeto-de-acolhimento-na-mansao-rubi\\\/#webpage\",\"url\":\"https:\\\/\\\/www.encontrapiracicaba.com.br\\\/sobre\\\/tribuna-popular-moradora-questiona-projeto-de-acolhimento-na-mansao-rubi\\\/\",\"name\":\"Tribuna Popular: moradora questiona projeto de acolhimento na Mans\\u00e3o Rubi | Encontra Piracicaba\",\"inLanguage\":\"pt-BR\",\"isPartOf\":{\"@id\":\"https:\\\/\\\/www.encontrapiracicaba.com.br\\\/sobre\\\/#website\"},\"breadcrumb\":{\"@id\":\"https:\\\/\\\/www.encontrapiracicaba.com.br\\\/sobre\\\/tribuna-popular-moradora-questiona-projeto-de-acolhimento-na-mansao-rubi\\\/#breadcrumblist\"},\"author\":{\"@id\":\"https:\\\/\\\/www.encontrapiracicaba.com.br\\\/sobre\\\/author\\\/epiracicaba\\\/#author\"},\"creator\":{\"@id\":\"https:\\\/\\\/www.encontrapiracicaba.com.br\\\/sobre\\\/author\\\/epiracicaba\\\/#author\"},\"image\":{\"@type\":\"ImageObject\",\"url\":\"https:\\\/\\\/www.encontrapiracicaba.com.br\\\/sobre\\\/wp-content\\\/uploads\\\/tribuna-popular-moradora-questiona-projeto-de-acolhimento-na-mansao-rubi.webp\",\"@id\":\"https:\\\/\\\/www.encontrapiracicaba.com.br\\\/sobre\\\/tribuna-popular-moradora-questiona-projeto-de-acolhimento-na-mansao-rubi\\\/#mainImage\",\"width\":280,\"height\":280,\"caption\":\"Mans\\u00e3o Rubi\"},\"primaryImageOfPage\":{\"@id\":\"https:\\\/\\\/www.encontrapiracicaba.com.br\\\/sobre\\\/tribuna-popular-moradora-questiona-projeto-de-acolhimento-na-mansao-rubi\\\/#mainImage\"},\"datePublished\":\"2026-02-15T11:57:02-03:00\",\"dateModified\":\"2026-02-15T11:57:02-03:00\"},{\"@type\":\"WebSite\",\"@id\":\"https:\\\/\\\/www.encontrapiracicaba.com.br\\\/sobre\\\/#website\",\"url\":\"https:\\\/\\\/www.encontrapiracicaba.com.br\\\/sobre\\\/\",\"name\":\"Encontra Piracicaba\",\"description\":\"Not\\u00edcias, eventos, informa\\u00e7\\u00f5es e dicas na cidade de Piracicaba e regi\\u00e3o\",\"inLanguage\":\"pt-BR\",\"publisher\":{\"@id\":\"https:\\\/\\\/www.encontrapiracicaba.com.br\\\/sobre\\\/#organization\"}}]}\n\t\t<\/script>\n\t\t<!-- All in One SEO -->\n\n","aioseo_head_json":{"title":"Tribuna Popular: moradora questiona projeto de acolhimento na Mans\u00e3o Rubi | Encontra Piracicaba","description":"","canonical_url":"https:\/\/www.encontrapiracicaba.com.br\/sobre\/tribuna-popular-moradora-questiona-projeto-de-acolhimento-na-mansao-rubi\/","robots":"max-image-preview:large","keywords":"","webmasterTools":{"miscellaneous":""},"schema":{"@context":"https:\/\/schema.org","@graph":[{"@type":"Article","@id":"https:\/\/www.encontrapiracicaba.com.br\/sobre\/tribuna-popular-moradora-questiona-projeto-de-acolhimento-na-mansao-rubi\/#article","name":"Tribuna Popular: moradora questiona projeto de acolhimento na Mans\u00e3o Rubi | Encontra Piracicaba","headline":"Tribuna Popular: moradora questiona projeto de acolhimento na Mans\u00e3o Rubi","author":{"@id":"https:\/\/www.encontrapiracicaba.com.br\/sobre\/author\/epiracicaba\/#author"},"publisher":{"@id":"https:\/\/www.encontrapiracicaba.com.br\/sobre\/#organization"},"image":{"@type":"ImageObject","url":"https:\/\/www.encontrapiracicaba.com.br\/sobre\/wp-content\/uploads\/tribuna-popular-moradora-questiona-projeto-de-acolhimento-na-mansao-rubi.webp","width":280,"height":280,"caption":"Mans\u00e3o Rubi"},"datePublished":"2026-02-15T11:57:02-03:00","dateModified":"2026-02-15T11:57:02-03:00","inLanguage":"pt-BR","mainEntityOfPage":{"@id":"https:\/\/www.encontrapiracicaba.com.br\/sobre\/tribuna-popular-moradora-questiona-projeto-de-acolhimento-na-mansao-rubi\/#webpage"},"isPartOf":{"@id":"https:\/\/www.encontrapiracicaba.com.br\/sobre\/tribuna-popular-moradora-questiona-projeto-de-acolhimento-na-mansao-rubi\/#webpage"},"articleSection":"Not\u00edcias Piracicaba"},{"@type":"BreadcrumbList","@id":"https:\/\/www.encontrapiracicaba.com.br\/sobre\/tribuna-popular-moradora-questiona-projeto-de-acolhimento-na-mansao-rubi\/#breadcrumblist","itemListElement":[{"@type":"ListItem","@id":"https:\/\/www.encontrapiracicaba.com.br\/sobre#listItem","position":1,"name":"In\u00edcio","item":"https:\/\/www.encontrapiracicaba.com.br\/sobre","nextItem":{"@type":"ListItem","@id":"https:\/\/www.encontrapiracicaba.com.br\/sobre\/noticias-em-piracicaba\/#listItem","name":"Not\u00edcias Piracicaba"}},{"@type":"ListItem","@id":"https:\/\/www.encontrapiracicaba.com.br\/sobre\/noticias-em-piracicaba\/#listItem","position":2,"name":"Not\u00edcias Piracicaba","item":"https:\/\/www.encontrapiracicaba.com.br\/sobre\/noticias-em-piracicaba\/","nextItem":{"@type":"ListItem","@id":"https:\/\/www.encontrapiracicaba.com.br\/sobre\/tribuna-popular-moradora-questiona-projeto-de-acolhimento-na-mansao-rubi\/#listItem","name":"Tribuna Popular: moradora questiona projeto de acolhimento na Mans\u00e3o Rubi"},"previousItem":{"@type":"ListItem","@id":"https:\/\/www.encontrapiracicaba.com.br\/sobre#listItem","name":"In\u00edcio"}},{"@type":"ListItem","@id":"https:\/\/www.encontrapiracicaba.com.br\/sobre\/tribuna-popular-moradora-questiona-projeto-de-acolhimento-na-mansao-rubi\/#listItem","position":3,"name":"Tribuna Popular: moradora questiona projeto de acolhimento na Mans\u00e3o Rubi","previousItem":{"@type":"ListItem","@id":"https:\/\/www.encontrapiracicaba.com.br\/sobre\/noticias-em-piracicaba\/#listItem","name":"Not\u00edcias Piracicaba"}}]},{"@type":"Organization","@id":"https:\/\/www.encontrapiracicaba.com.br\/sobre\/#organization","name":"Encontra Piracicaba","description":"Not\u00edcias, eventos, informa\u00e7\u00f5es e dicas na cidade de Piracicaba e regi\u00e3o","url":"https:\/\/www.encontrapiracicaba.com.br\/sobre\/"},{"@type":"Person","@id":"https:\/\/www.encontrapiracicaba.com.br\/sobre\/author\/epiracicaba\/#author","url":"https:\/\/www.encontrapiracicaba.com.br\/sobre\/author\/epiracicaba\/","name":"Encontra Piracicaba","image":{"@type":"ImageObject","@id":"https:\/\/www.encontrapiracicaba.com.br\/sobre\/tribuna-popular-moradora-questiona-projeto-de-acolhimento-na-mansao-rubi\/#authorImage","url":"https:\/\/secure.gravatar.com\/avatar\/507340682b8270222e1f208e23198b6ae7e2c6a1033ae84e99bc6bce4f82a387?s=96&d=mm&r=g","width":96,"height":96,"caption":"Encontra Piracicaba"}},{"@type":"WebPage","@id":"https:\/\/www.encontrapiracicaba.com.br\/sobre\/tribuna-popular-moradora-questiona-projeto-de-acolhimento-na-mansao-rubi\/#webpage","url":"https:\/\/www.encontrapiracicaba.com.br\/sobre\/tribuna-popular-moradora-questiona-projeto-de-acolhimento-na-mansao-rubi\/","name":"Tribuna Popular: moradora questiona projeto de acolhimento na Mans\u00e3o Rubi | Encontra Piracicaba","inLanguage":"pt-BR","isPartOf":{"@id":"https:\/\/www.encontrapiracicaba.com.br\/sobre\/#website"},"breadcrumb":{"@id":"https:\/\/www.encontrapiracicaba.com.br\/sobre\/tribuna-popular-moradora-questiona-projeto-de-acolhimento-na-mansao-rubi\/#breadcrumblist"},"author":{"@id":"https:\/\/www.encontrapiracicaba.com.br\/sobre\/author\/epiracicaba\/#author"},"creator":{"@id":"https:\/\/www.encontrapiracicaba.com.br\/sobre\/author\/epiracicaba\/#author"},"image":{"@type":"ImageObject","url":"https:\/\/www.encontrapiracicaba.com.br\/sobre\/wp-content\/uploads\/tribuna-popular-moradora-questiona-projeto-de-acolhimento-na-mansao-rubi.webp","@id":"https:\/\/www.encontrapiracicaba.com.br\/sobre\/tribuna-popular-moradora-questiona-projeto-de-acolhimento-na-mansao-rubi\/#mainImage","width":280,"height":280,"caption":"Mans\u00e3o Rubi"},"primaryImageOfPage":{"@id":"https:\/\/www.encontrapiracicaba.com.br\/sobre\/tribuna-popular-moradora-questiona-projeto-de-acolhimento-na-mansao-rubi\/#mainImage"},"datePublished":"2026-02-15T11:57:02-03:00","dateModified":"2026-02-15T11:57:02-03:00"},{"@type":"WebSite","@id":"https:\/\/www.encontrapiracicaba.com.br\/sobre\/#website","url":"https:\/\/www.encontrapiracicaba.com.br\/sobre\/","name":"Encontra Piracicaba","description":"Not\u00edcias, eventos, informa\u00e7\u00f5es e dicas na cidade de Piracicaba e regi\u00e3o","inLanguage":"pt-BR","publisher":{"@id":"https:\/\/www.encontrapiracicaba.com.br\/sobre\/#organization"}}]},"og:locale":"pt_BR","og:site_name":"Encontra Piracicaba | Not\u00edcias, eventos, informa\u00e7\u00f5es e dicas na cidade de Piracicaba e regi\u00e3o","og:type":"article","og:title":"Tribuna Popular: moradora questiona projeto de acolhimento na Mans\u00e3o Rubi | Encontra Piracicaba","og:url":"https:\/\/www.encontrapiracicaba.com.br\/sobre\/tribuna-popular-moradora-questiona-projeto-de-acolhimento-na-mansao-rubi\/","article:published_time":"2026-02-15T14:57:02+00:00","article:modified_time":"2026-02-15T14:57:02+00:00","twitter:card":"summary","twitter:title":"Tribuna Popular: moradora questiona projeto de acolhimento na Mans\u00e3o Rubi | Encontra Piracicaba"},"aioseo_meta_data":{"post_id":"4166","title":null,"description":null,"keywords":null,"keyphrases":null,"primary_term":null,"canonical_url":null,"og_title":null,"og_description":null,"og_object_type":"default","og_image_type":"default","og_image_url":null,"og_image_width":null,"og_image_height":null,"og_image_custom_url":null,"og_image_custom_fields":null,"og_video":null,"og_custom_url":null,"og_article_section":null,"og_article_tags":null,"twitter_use_og":false,"twitter_card":"default","twitter_image_type":"default","twitter_image_url":null,"twitter_image_custom_url":null,"twitter_image_custom_fields":null,"twitter_title":null,"twitter_description":null,"schema":{"blockGraphs":[],"customGraphs":[],"default":{"data":{"Article":[],"Course":[],"Dataset":[],"FAQPage":[],"Movie":[],"Person":[],"Product":[],"ProductReview":[],"Car":[],"Recipe":[],"Service":[],"SoftwareApplication":[],"WebPage":[]},"graphName":"Article","isEnabled":true},"graphs":[]},"schema_type":"default","schema_type_options":null,"pillar_content":false,"robots_default":true,"robots_noindex":false,"robots_noarchive":false,"robots_nosnippet":false,"robots_nofollow":false,"robots_noimageindex":false,"robots_noodp":false,"robots_notranslate":false,"robots_max_snippet":null,"robots_max_videopreview":null,"robots_max_imagepreview":"large","priority":null,"frequency":null,"local_seo":null,"breadcrumb_settings":null,"limit_modified_date":false,"ai":null,"created":"2026-02-15 14:57:06","updated":"2026-02-15 15:02:51","focus_keyword":null,"additional_keywords":null,"truseo_locale":null,"seo_analyzer_scan_date":null},"aioseo_breadcrumb":"<div class=\"aioseo-breadcrumbs\"><span class=\"aioseo-breadcrumb\">\n\t\t\t<a href=\"https:\/\/www.encontrapiracicaba.com.br\/sobre\" title=\"In\u00edcio\">In\u00edcio<\/a>\n\t\t<\/span><span class=\"aioseo-breadcrumb-separator\">&raquo;<\/span><span class=\"aioseo-breadcrumb\">\n\t\t\t<a href=\"https:\/\/www.encontrapiracicaba.com.br\/sobre\/noticias-em-piracicaba\/\" title=\"Not\u00edcias Piracicaba\">Not\u00edcias Piracicaba<\/a>\n\t\t<\/span><span class=\"aioseo-breadcrumb-separator\">&raquo;<\/span><span class=\"aioseo-breadcrumb\">\n\t\t\tTribuna Popular: moradora questiona projeto de acolhimento na Mans\u00e3o Rubi\n\t\t<\/span><\/div>","aioseo_breadcrumb_json":[{"label":"In\u00edcio","link":"https:\/\/www.encontrapiracicaba.com.br\/sobre"},{"label":"Not\u00edcias Piracicaba","link":"https:\/\/www.encontrapiracicaba.com.br\/sobre\/noticias-em-piracicaba\/"},{"label":"Tribuna Popular: moradora questiona projeto de acolhimento na Mans\u00e3o Rubi","link":"https:\/\/www.encontrapiracicaba.com.br\/sobre\/tribuna-popular-moradora-questiona-projeto-de-acolhimento-na-mansao-rubi\/"}],"_links":{"self":[{"href":"https:\/\/www.encontrapiracicaba.com.br\/sobre\/wp-json\/wp\/v2\/posts\/4166","targetHints":{"allow":["GET"]}}],"collection":[{"href":"https:\/\/www.encontrapiracicaba.com.br\/sobre\/wp-json\/wp\/v2\/posts"}],"about":[{"href":"https:\/\/www.encontrapiracicaba.com.br\/sobre\/wp-json\/wp\/v2\/types\/post"}],"author":[{"embeddable":true,"href":"https:\/\/www.encontrapiracicaba.com.br\/sobre\/wp-json\/wp\/v2\/users\/1"}],"replies":[{"embeddable":true,"href":"https:\/\/www.encontrapiracicaba.com.br\/sobre\/wp-json\/wp\/v2\/comments?post=4166"}],"version-history":[{"count":0,"href":"https:\/\/www.encontrapiracicaba.com.br\/sobre\/wp-json\/wp\/v2\/posts\/4166\/revisions"}],"wp:featuredmedia":[{"embeddable":true,"href":"https:\/\/www.encontrapiracicaba.com.br\/sobre\/wp-json\/wp\/v2\/media\/4165"}],"wp:attachment":[{"href":"https:\/\/www.encontrapiracicaba.com.br\/sobre\/wp-json\/wp\/v2\/media?parent=4166"}],"wp:term":[{"taxonomy":"category","embeddable":true,"href":"https:\/\/www.encontrapiracicaba.com.br\/sobre\/wp-json\/wp\/v2\/categories?post=4166"},{"taxonomy":"post_tag","embeddable":true,"href":"https:\/\/www.encontrapiracicaba.com.br\/sobre\/wp-json\/wp\/v2\/tags?post=4166"}],"curies":[{"name":"wp","href":"https:\/\/api.w.org\/{rel}","templated":true}]}}